{"id":24770,"date":"2020-05-09T20:12:35","date_gmt":"2020-05-09T23:12:35","guid":{"rendered":"http:\/\/noticiasemdestaque.com\/cd\/?p=24770"},"modified":"2020-05-09T20:12:35","modified_gmt":"2020-05-09T23:12:35","slug":"prefeitura-de-amparo-inicia-processo-de-roco-nas-estradas-das-comunidades-rurais-do-municipio","status":"publish","type":"post","link":"https:\/\/noticiasemdestaque.com\/cd\/?p=24770","title":{"rendered":"Prefeitura de Amparo inicia processo de ro\u00e7o nas estradas das Comunidades Rurais do munic\u00edpio"},"content":{"rendered":"<p><a href=\"https:\/\/noticiasemdestaque.com\/cd\/wp-content\/uploads\/2020\/05\/RO\u00c7O-DAS-ESTRADAS-11.jpg\"><img fetchpriority=\"high\" decoding=\"async\" class=\"wp-image-24772 aligncenter\" src=\"https:\/\/noticiasemdestaque.com\/cd\/wp-content\/uploads\/2020\/05\/RO\u00c7O-DAS-ESTRADAS-11.jpg\" alt=\"\" width=\"510\" height=\"338\" srcset=\"https:\/\/noticiasemdestaque.com\/cd\/wp-content\/uploads\/2020\/05\/RO\u00c7O-DAS-ESTRADAS-11.jpg 640w, https:\/\/noticiasemdestaque.com\/cd\/wp-content\/uploads\/2020\/05\/RO\u00c7O-DAS-ESTRADAS-11-300x199.jpg 300w\" sizes=\"(max-width: 510px) 100vw, 510px\" \/><\/a><\/p>\n<p style=\"font-weight: 400;\">A Prefeitura de Amparo deu inicio a ro\u00e7agem das estradas vicinais que interligam as comunidades rurais entre si, e \u00e0 sede do munic\u00edpio, beneficiando toda a popula\u00e7\u00e3o que precisa se deslocar por essas estradas.<\/p>\n<p style=\"font-weight: 400;\">Na manh\u00e3 desta sexta-feira, 08, o Prefeito In\u00e1cio N\u00f3brega esteve ao lado do Vereador Duda Barnab\u00e9 acompanhando e conferindo como estava o andamento do trabalho.<\/p>\n<p style=\"font-weight: 400;\">Uma grande equipe foi montada para poder agilizar o servi\u00e7o o mais r\u00e1pido poss\u00edvel, j\u00e1 que em alguns pontos est\u00e1 quase imposs\u00edvel a locomo\u00e7\u00e3o devido a quantidade de matos \u00e0s margem das estradas.<\/p>\n<p style=\"font-weight: 400;\">Ainda segundo o prefeito Amparense, logo ap\u00f3s esse per\u00edodo chuvoso, todas as estradas ser\u00e3o recuperadas, e ap\u00f3s o ro\u00e7o, com o fim das chuvas, todas as estradas ser\u00e3o totalmente recuperadas.<\/p>\n<p><em><strong>Not\u00edcias em Destaque<\/strong><\/em><\/p>\n<p>Com Amparo Ligado<\/p>\n<p style=\"font-weight: 400;\">\n<p>&nbsp;<\/p>\n","protected":false},"excerpt":{"rendered":"<p>A Prefeitura de Amparo deu inicio a ro\u00e7agem das estradas vicinais que interligam as comunidades rurais entre si, e \u00e0 sede do munic\u00edpio, beneficiando toda a popula\u00e7\u00e3o que precisa se deslocar por essas estradas. Na manh\u00e3 desta sexta-feira, 08, o Prefeito In\u00e1cio N\u00f3brega esteve ao lado do Vereador Duda Barnab\u00e9 acompanhando e conferindo como estava o andamento do trabalho. Uma grande equipe foi montada para poder agilizar o servi\u00e7o o mais r\u00e1pido poss\u00edvel, j\u00e1 que em alguns pontos est\u00e1 quase imposs\u00edvel a locomo\u00e7\u00e3o devido a quantidade de matos \u00e0s margem das estradas. Ainda segundo o prefeito Amparense, logo ap\u00f3s esse per\u00edodo chuvoso, todas as estradas ser\u00e3o recuperadas, e ap\u00f3s o ro\u00e7o, com o fim das chuvas, todas as estradas ser\u00e3o totalmente recuperadas. Not\u00edcias em Destaque Com Amparo Ligado &nbsp;<\/p>\n","protected":false},"author":2,"featured_media":24772,"comment_status":"closed","ping_status":"open","sticky":false,"template":"","format":"standard","meta":{"_eb_attr":"","_jetpack_memberships_contains_paid_content":false,"footnotes":""},"categories":[3],"tags":[],"class_list":["post-24770","post","type-post","status-publish","format-standard","has-post-thumbnail","hentry","category-cidades"],"yoast_head":"<!-- This site is optimized with the Yoast SEO plugin v26.5 - https:\/\/yoast.com\/wordpress\/plugins\/seo\/ -->\n<title>Prefeitura de Amparo inicia processo de ro\u00e7o nas estradas das Comunidades Rurais do munic\u00edpio - Not&iacute;cias em Destaque<\/title>\n<meta name=\"robots\" content=\"index, follow, max-snippet:-1, max-image-preview:large, max-video-preview:-1\" \/>\n<link rel=\"canonical\" href=\"https:\/\/noticiasemdestaque.com\/cd\/?p=24770\" \/>\n<meta property=\"og:locale\" content=\"pt_BR\" \/>\n<meta property=\"og:type\" content=\"article\" \/>\n<meta property=\"og:title\" content=\"Prefeitura de Amparo inicia processo de ro\u00e7o nas estradas das Comunidades Rurais do munic\u00edpio - Not&iacute;cias em Destaque\" \/>\n<meta property=\"og:description\" content=\"A Prefeitura de Amparo deu inicio a ro\u00e7agem das estradas vicinais que interligam as comunidades rurais entre si, e \u00e0 sede do munic\u00edpio, beneficiando toda a popula\u00e7\u00e3o que precisa se deslocar por essas estradas. Na manh\u00e3 desta sexta-feira, 08, o Prefeito In\u00e1cio N\u00f3brega esteve ao lado do Vereador Duda Barnab\u00e9 acompanhando e conferindo como estava o andamento do trabalho. Uma grande equipe foi montada para poder agilizar o servi\u00e7o o mais r\u00e1pido poss\u00edvel, j\u00e1 que em alguns pontos est\u00e1 quase imposs\u00edvel a locomo\u00e7\u00e3o devido a quantidade de matos \u00e0s margem das estradas. Ainda segundo o prefeito Amparense, logo ap\u00f3s esse per\u00edodo chuvoso, todas as estradas ser\u00e3o recuperadas, e ap\u00f3s o ro\u00e7o, com o fim das chuvas, todas as estradas ser\u00e3o totalmente recuperadas. Not\u00edcias em Destaque Com Amparo Ligado &nbsp;\" \/>\n<meta property=\"og:url\" content=\"https:\/\/noticiasemdestaque.com\/cd\/?p=24770\" \/>\n<meta property=\"og:site_name\" content=\"Not&iacute;cias em Destaque\" \/>\n<meta property=\"article:published_time\" content=\"2020-05-09T23:12:35+00:00\" \/>\n<meta property=\"og:image\" content=\"https:\/\/noticiasemdestaque.com\/cd\/wp-content\/uploads\/2020\/05\/RO\u00c7O-DAS-ESTRADAS-11.jpg\" \/>\n\t<meta property=\"og:image:width\" content=\"640\" \/>\n\t<meta property=\"og:image:height\" content=\"424\" \/>\n\t<meta property=\"og:image:type\" content=\"image\/jpeg\" \/>\n<meta name=\"author\" content=\"Not\u00edcias em Destaque\" \/>\n<meta name=\"twitter:card\" content=\"summary_large_image\" \/>\n<meta name=\"twitter:label1\" content=\"Escrito por\" \/>\n\t<meta name=\"twitter:data1\" content=\"Not\u00edcias em Destaque\" \/>\n\t<meta name=\"twitter:label2\" content=\"Est. tempo de leitura\" \/>\n\t<meta name=\"twitter:data2\" content=\"1 minuto\" \/>\n<script type=\"application\/ld+json\" class=\"yoast-schema-graph\">{\"@context\":\"https:\/\/schema.org\",\"@graph\":[{\"@type\":\"Article\",\"@id\":\"https:\/\/noticiasemdestaque.com\/cd\/?p=24770#article\",\"isPartOf\":{\"@id\":\"https:\/\/noticiasemdestaque.com\/cd\/?p=24770\"},\"author\":{\"name\":\"Not\u00edcias em Destaque\",\"@id\":\"https:\/\/noticiasemdestaque.com\/cd\/#\/schema\/person\/21320b03a7e8bb90128938dafc9b908a\"},\"headline\":\"Prefeitura de Amparo inicia processo de ro\u00e7o nas estradas das Comunidades Rurais do munic\u00edpio\",\"datePublished\":\"2020-05-09T23:12:35+00:00\",\"mainEntityOfPage\":{\"@id\":\"https:\/\/noticiasemdestaque.com\/cd\/?p=24770\"},\"wordCount\":160,\"publisher\":{\"@id\":\"https:\/\/noticiasemdestaque.com\/cd\/#organization\"},\"image\":{\"@id\":\"https:\/\/noticiasemdestaque.com\/cd\/?p=24770#primaryimage\"},\"thumbnailUrl\":\"https:\/\/noticiasemdestaque.com\/cd\/wp-content\/uploads\/2020\/05\/RO\u00c7O-DAS-ESTRADAS-11.jpg\",\"articleSection\":[\"Cidades\"],\"inLanguage\":\"pt-BR\"},{\"@type\":\"WebPage\",\"@id\":\"https:\/\/noticiasemdestaque.com\/cd\/?p=24770\",\"url\":\"https:\/\/noticiasemdestaque.com\/cd\/?p=24770\",\"name\":\"Prefeitura de Amparo inicia processo de ro\u00e7o nas estradas das Comunidades Rurais do munic\u00edpio - Not&iacute;cias em Destaque\",\"isPartOf\":{\"@id\":\"https:\/\/noticiasemdestaque.com\/cd\/#website\"},\"primaryImageOfPage\":{\"@id\":\"https:\/\/noticiasemdestaque.com\/cd\/?p=24770#primaryimage\"},\"image\":{\"@id\":\"https:\/\/noticiasemdestaque.com\/cd\/?p=24770#primaryimage\"},\"thumbnailUrl\":\"https:\/\/noticiasemdestaque.com\/cd\/wp-content\/uploads\/2020\/05\/RO\u00c7O-DAS-ESTRADAS-11.jpg\",\"datePublished\":\"2020-05-09T23:12:35+00:00\",\"breadcrumb\":{\"@id\":\"https:\/\/noticiasemdestaque.com\/cd\/?p=24770#breadcrumb\"},\"inLanguage\":\"pt-BR\",\"potentialAction\":[{\"@type\":\"ReadAction\",\"target\":[\"https:\/\/noticiasemdestaque.com\/cd\/?p=24770\"]}]},{\"@type\":\"ImageObject\",\"inLanguage\":\"pt-BR\",\"@id\":\"https:\/\/noticiasemdestaque.com\/cd\/?p=24770#primaryimage\",\"url\":\"https:\/\/noticiasemdestaque.com\/cd\/wp-content\/uploads\/2020\/05\/RO\u00c7O-DAS-ESTRADAS-11.jpg\",\"contentUrl\":\"https:\/\/noticiasemdestaque.com\/cd\/wp-content\/uploads\/2020\/05\/RO\u00c7O-DAS-ESTRADAS-11.jpg\",\"width\":640,\"height\":424},{\"@type\":\"BreadcrumbList\",\"@id\":\"https:\/\/noticiasemdestaque.com\/cd\/?p=24770#breadcrumb\",\"itemListElement\":[{\"@type\":\"ListItem\",\"position\":1,\"name\":\"In\u00edcio\",\"item\":\"https:\/\/noticiasemdestaque.com\/cd\/\"},{\"@type\":\"ListItem\",\"position\":2,\"name\":\"Prefeitura de Amparo inicia processo de ro\u00e7o nas estradas das Comunidades Rurais do munic\u00edpio\"}]},{\"@type\":\"WebSite\",\"@id\":\"https:\/\/noticiasemdestaque.com\/cd\/#website\",\"url\":\"https:\/\/noticiasemdestaque.com\/cd\/\",\"name\":\"Not&iacute;cias em Destaque\",\"description\":\"\",\"publisher\":{\"@id\":\"https:\/\/noticiasemdestaque.com\/cd\/#organization\"},\"potentialAction\":[{\"@type\":\"SearchAction\",\"target\":{\"@type\":\"EntryPoint\",\"urlTemplate\":\"https:\/\/noticiasemdestaque.com\/cd\/?s={search_term_string}\"},\"query-input\":{\"@type\":\"PropertyValueSpecification\",\"valueRequired\":true,\"valueName\":\"search_term_string\"}}],\"inLanguage\":\"pt-BR\"},{\"@type\":\"Organization\",\"@id\":\"https:\/\/noticiasemdestaque.com\/cd\/#organization\",\"name\":\"Not\u00edcias em Destaque\",\"url\":\"https:\/\/noticiasemdestaque.com\/cd\/\",\"logo\":{\"@type\":\"ImageObject\",\"inLanguage\":\"pt-BR\",\"@id\":\"https:\/\/noticiasemdestaque.com\/cd\/#\/schema\/logo\/image\/\",\"url\":\"https:\/\/noticiasemdestaque.com\/cd\/wp-content\/uploads\/2022\/05\/imagem-base-noticiasemdestaque.png\",\"contentUrl\":\"https:\/\/noticiasemdestaque.com\/cd\/wp-content\/uploads\/2022\/05\/imagem-base-noticiasemdestaque.png\",\"width\":1200,\"height\":630,\"caption\":\"Not\u00edcias em Destaque\"},\"image\":{\"@id\":\"https:\/\/noticiasemdestaque.com\/cd\/#\/schema\/logo\/image\/\"}},{\"@type\":\"Person\",\"@id\":\"https:\/\/noticiasemdestaque.com\/cd\/#\/schema\/person\/21320b03a7e8bb90128938dafc9b908a\",\"name\":\"Not\u00edcias em Destaque\",\"url\":\"https:\/\/noticiasemdestaque.com\/cd\/?author=2\"}]}<\/script>\n<!-- \/ Yoast SEO plugin. -->","yoast_head_json":{"title":"Prefeitura de Amparo inicia processo de ro\u00e7o nas estradas das Comunidades Rurais do munic\u00edpio - Not&iacute;cias em Destaque","robots":{"index":"index","follow":"follow","max-snippet":"max-snippet:-1","max-image-preview":"max-image-preview:large","max-video-preview":"max-video-preview:-1"},"canonical":"https:\/\/noticiasemdestaque.com\/cd\/?p=24770","og_locale":"pt_BR","og_type":"article","og_title":"Prefeitura de Amparo inicia processo de ro\u00e7o nas estradas das Comunidades Rurais do munic\u00edpio - Not&iacute;cias em Destaque","og_description":"A Prefeitura de Amparo deu inicio a ro\u00e7agem das estradas vicinais que interligam as comunidades rurais entre si, e \u00e0 sede do munic\u00edpio, beneficiando toda a popula\u00e7\u00e3o que precisa se deslocar por essas estradas. Na manh\u00e3 desta sexta-feira, 08, o Prefeito In\u00e1cio N\u00f3brega esteve ao lado do Vereador Duda Barnab\u00e9 acompanhando e conferindo como estava o andamento do trabalho. Uma grande equipe foi montada para poder agilizar o servi\u00e7o o mais r\u00e1pido poss\u00edvel, j\u00e1 que em alguns pontos est\u00e1 quase imposs\u00edvel a locomo\u00e7\u00e3o devido a quantidade de matos \u00e0s margem das estradas. Ainda segundo o prefeito Amparense, logo ap\u00f3s esse per\u00edodo chuvoso, todas as estradas ser\u00e3o recuperadas, e ap\u00f3s o ro\u00e7o, com o fim das chuvas, todas as estradas ser\u00e3o totalmente recuperadas. Not\u00edcias em Destaque Com Amparo Ligado &nbsp;","og_url":"https:\/\/noticiasemdestaque.com\/cd\/?p=24770","og_site_name":"Not&iacute;cias em Destaque","article_published_time":"2020-05-09T23:12:35+00:00","og_image":[{"width":640,"height":424,"url":"https:\/\/noticiasemdestaque.com\/cd\/wp-content\/uploads\/2020\/05\/RO\u00c7O-DAS-ESTRADAS-11.jpg","type":"image\/jpeg"}],"author":"Not\u00edcias em Destaque","twitter_card":"summary_large_image","twitter_misc":{"Escrito por":"Not\u00edcias em Destaque","Est. tempo de leitura":"1 minuto"},"schema":{"@context":"https:\/\/schema.org","@graph":[{"@type":"Article","@id":"https:\/\/noticiasemdestaque.com\/cd\/?p=24770#article","isPartOf":{"@id":"https:\/\/noticiasemdestaque.com\/cd\/?p=24770"},"author":{"name":"Not\u00edcias em Destaque","@id":"https:\/\/noticiasemdestaque.com\/cd\/#\/schema\/person\/21320b03a7e8bb90128938dafc9b908a"},"headline":"Prefeitura de Amparo inicia processo de ro\u00e7o nas estradas das Comunidades Rurais do munic\u00edpio","datePublished":"2020-05-09T23:12:35+00:00","mainEntityOfPage":{"@id":"https:\/\/noticiasemdestaque.com\/cd\/?p=24770"},"wordCount":160,"publisher":{"@id":"https:\/\/noticiasemdestaque.com\/cd\/#organization"},"image":{"@id":"https:\/\/noticiasemdestaque.com\/cd\/?p=24770#primaryimage"},"thumbnailUrl":"https:\/\/noticiasemdestaque.com\/cd\/wp-content\/uploads\/2020\/05\/RO\u00c7O-DAS-ESTRADAS-11.jpg","articleSection":["Cidades"],"inLanguage":"pt-BR"},{"@type":"WebPage","@id":"https:\/\/noticiasemdestaque.com\/cd\/?p=24770","url":"https:\/\/noticiasemdestaque.com\/cd\/?p=24770","name":"Prefeitura de Amparo inicia processo de ro\u00e7o nas estradas das Comunidades Rurais do munic\u00edpio - Not&iacute;cias em Destaque","isPartOf":{"@id":"https:\/\/noticiasemdestaque.com\/cd\/#website"},"primaryImageOfPage":{"@id":"https:\/\/noticiasemdestaque.com\/cd\/?p=24770#primaryimage"},"image":{"@id":"https:\/\/noticiasemdestaque.com\/cd\/?p=24770#primaryimage"},"thumbnailUrl":"https:\/\/noticiasemdestaque.com\/cd\/wp-content\/uploads\/2020\/05\/RO\u00c7O-DAS-ESTRADAS-11.jpg","datePublished":"2020-05-09T23:12:35+00:00","breadcrumb":{"@id":"https:\/\/noticiasemdestaque.com\/cd\/?p=24770#breadcrumb"},"inLanguage":"pt-BR","potentialAction":[{"@type":"ReadAction","target":["https:\/\/noticiasemdestaque.com\/cd\/?p=24770"]}]},{"@type":"ImageObject","inLanguage":"pt-BR","@id":"https:\/\/noticiasemdestaque.com\/cd\/?p=24770#primaryimage","url":"https:\/\/noticiasemdestaque.com\/cd\/wp-content\/uploads\/2020\/05\/RO\u00c7O-DAS-ESTRADAS-11.jpg","contentUrl":"https:\/\/noticiasemdestaque.com\/cd\/wp-content\/uploads\/2020\/05\/RO\u00c7O-DAS-ESTRADAS-11.jpg","width":640,"height":424},{"@type":"BreadcrumbList","@id":"https:\/\/noticiasemdestaque.com\/cd\/?p=24770#breadcrumb","itemListElement":[{"@type":"ListItem","position":1,"name":"In\u00edcio","item":"https:\/\/noticiasemdestaque.com\/cd\/"},{"@type":"ListItem","position":2,"name":"Prefeitura de Amparo inicia processo de ro\u00e7o nas estradas das Comunidades Rurais do munic\u00edpio"}]},{"@type":"WebSite","@id":"https:\/\/noticiasemdestaque.com\/cd\/#website","url":"https:\/\/noticiasemdestaque.com\/cd\/","name":"Not&iacute;cias em Destaque","description":"","publisher":{"@id":"https:\/\/noticiasemdestaque.com\/cd\/#organization"},"potentialAction":[{"@type":"SearchAction","target":{"@type":"EntryPoint","urlTemplate":"https:\/\/noticiasemdestaque.com\/cd\/?s={search_term_string}"},"query-input":{"@type":"PropertyValueSpecification","valueRequired":true,"valueName":"search_term_string"}}],"inLanguage":"pt-BR"},{"@type":"Organization","@id":"https:\/\/noticiasemdestaque.com\/cd\/#organization","name":"Not\u00edcias em Destaque","url":"https:\/\/noticiasemdestaque.com\/cd\/","logo":{"@type":"ImageObject","inLanguage":"pt-BR","@id":"https:\/\/noticiasemdestaque.com\/cd\/#\/schema\/logo\/image\/","url":"https:\/\/noticiasemdestaque.com\/cd\/wp-content\/uploads\/2022\/05\/imagem-base-noticiasemdestaque.png","contentUrl":"https:\/\/noticiasemdestaque.com\/cd\/wp-content\/uploads\/2022\/05\/imagem-base-noticiasemdestaque.png","width":1200,"height":630,"caption":"Not\u00edcias em Destaque"},"image":{"@id":"https:\/\/noticiasemdestaque.com\/cd\/#\/schema\/logo\/image\/"}},{"@type":"Person","@id":"https:\/\/noticiasemdestaque.com\/cd\/#\/schema\/person\/21320b03a7e8bb90128938dafc9b908a","name":"Not\u00edcias em Destaque","url":"https:\/\/noticiasemdestaque.com\/cd\/?author=2"}]}},"jetpack_featured_media_url":"https:\/\/noticiasemdestaque.com\/cd\/wp-content\/uploads\/2020\/05\/RO\u00c7O-DAS-ESTRADAS-11.jpg","jetpack_sharing_enabled":true,"_links":{"self":[{"href":"https:\/\/noticiasemdestaque.com\/cd\/index.php?rest_route=\/wp\/v2\/posts\/24770","targetHints":{"allow":["GET"]}}],"collection":[{"href":"https:\/\/noticiasemdestaque.com\/cd\/index.php?rest_route=\/wp\/v2\/posts"}],"about":[{"href":"https:\/\/noticiasemdestaque.com\/cd\/index.php?rest_route=\/wp\/v2\/types\/post"}],"author":[{"embeddable":true,"href":"https:\/\/noticiasemdestaque.com\/cd\/index.php?rest_route=\/wp\/v2\/users\/2"}],"replies":[{"embeddable":true,"href":"https:\/\/noticiasemdestaque.com\/cd\/index.php?rest_route=%2Fwp%2Fv2%2Fcomments&post=24770"}],"version-history":[{"count":1,"href":"https:\/\/noticiasemdestaque.com\/cd\/index.php?rest_route=\/wp\/v2\/posts\/24770\/revisions"}],"predecessor-version":[{"id":24773,"href":"https:\/\/noticiasemdestaque.com\/cd\/index.php?rest_route=\/wp\/v2\/posts\/24770\/revisions\/24773"}],"wp:featuredmedia":[{"embeddable":true,"href":"https:\/\/noticiasemdestaque.com\/cd\/index.php?rest_route=\/wp\/v2\/media\/24772"}],"wp:attachment":[{"href":"https:\/\/noticiasemdestaque.com\/cd\/index.php?rest_route=%2Fwp%2Fv2%2Fmedia&parent=24770"}],"wp:term":[{"taxonomy":"category","embeddable":true,"href":"https:\/\/noticiasemdestaque.com\/cd\/index.php?rest_route=%2Fwp%2Fv2%2Fcategories&post=24770"},{"taxonomy":"post_tag","embeddable":true,"href":"https:\/\/noticiasemdestaque.com\/cd\/index.php?rest_route=%2Fwp%2Fv2%2Ftags&post=24770"}],"curies":[{"name":"wp","href":"https:\/\/api.w.org\/{rel}","templated":true}]}}