{"id":24762,"date":"2020-05-09T20:07:32","date_gmt":"2020-05-09T23:07:32","guid":{"rendered":"http:\/\/noticiasemdestaque.com\/cd\/?p=24762"},"modified":"2020-05-09T20:09:22","modified_gmt":"2020-05-09T23:09:22","slug":"prefeito-eden-duarte-entrega-unidade-de-saude-da-carnauba-e-anuncia-mais-investimentos-para-a-regiao","status":"publish","type":"post","link":"https:\/\/noticiasemdestaque.com\/cd\/?p=24762","title":{"rendered":"Prefeito \u00c9den Duarte entrega unidade de sa\u00fade da Carna\u00faba e anuncia mais investimentos para a regi\u00e3o"},"content":{"rendered":"<p><a href=\"https:\/\/noticiasemdestaque.com\/cd\/wp-content\/uploads\/2020\/05\/DSC_0084.jpg\"><img fetchpriority=\"high\" decoding=\"async\" class=\"wp-image-24765 aligncenter\" src=\"https:\/\/noticiasemdestaque.com\/cd\/wp-content\/uploads\/2020\/05\/DSC_0084-1024x681.jpg\" alt=\"\" width=\"545\" height=\"363\" srcset=\"https:\/\/noticiasemdestaque.com\/cd\/wp-content\/uploads\/2020\/05\/DSC_0084.jpg 1024w, https:\/\/noticiasemdestaque.com\/cd\/wp-content\/uploads\/2020\/05\/DSC_0084-300x200.jpg 300w, https:\/\/noticiasemdestaque.com\/cd\/wp-content\/uploads\/2020\/05\/DSC_0084-768x511.jpg 768w, https:\/\/noticiasemdestaque.com\/cd\/wp-content\/uploads\/2020\/05\/DSC_0084-480x320.jpg 480w\" sizes=\"(max-width: 545px) 100vw, 545px\" \/><\/a><\/p>\n<p>O prefeito \u00c9den Duarte entregou na manh\u00e3 de sexta-feira (08\/05), a conclus\u00e3o da obra da unidade de sa\u00fade do s\u00edtio Carna\u00faba, zona rural de Sum\u00e9.<\/p>\n<p>A entrega da unidade foi feita j\u00e1 com o atendimento m\u00e9dico, odontol\u00f3gico, de enfermagem e atua\u00e7\u00e3o dos agentes comunit\u00e1rios de sa\u00fade. O prefeito compareceu \u00e0 Carna\u00faba apenas com a equipe necess\u00e1ria, de modo a evitar \u00a0aglomera\u00e7\u00e3o de pessoas, devido ao coronav\u00edrus.<\/p>\n<p><a href=\"https:\/\/noticiasemdestaque.com\/cd\/wp-content\/uploads\/2020\/05\/DSC_0045.jpg\"><img decoding=\"async\" class=\"wp-image-24766 alignleft\" src=\"https:\/\/noticiasemdestaque.com\/cd\/wp-content\/uploads\/2020\/05\/DSC_0045-1024x681.jpg\" alt=\"\" width=\"318\" height=\"211\" srcset=\"https:\/\/noticiasemdestaque.com\/cd\/wp-content\/uploads\/2020\/05\/DSC_0045.jpg 1024w, https:\/\/noticiasemdestaque.com\/cd\/wp-content\/uploads\/2020\/05\/DSC_0045-300x200.jpg 300w, https:\/\/noticiasemdestaque.com\/cd\/wp-content\/uploads\/2020\/05\/DSC_0045-768x511.jpg 768w, https:\/\/noticiasemdestaque.com\/cd\/wp-content\/uploads\/2020\/05\/DSC_0045-480x320.jpg 480w\" sizes=\"(max-width: 318px) 100vw, 318px\" \/><\/a><\/p>\n<p>O prefeito \u00c9den Duarte reafirmou seu compromisso com a sa\u00fade do munic\u00edpio, e disse que em sua gest\u00e3o, o povo vem recebendo servi\u00e7os de qualidade. \u201cEntregamos uma unidade toda estruturada e equipada, com altos investimentos, que ir\u00e1 dar assist\u00eancia a todos os moradores da regi\u00e3o\u201d, declarou.<\/p>\n<p>\u00c9den destacou outros investimentos que est\u00e3o sendo realizados na localidade, a exemplo da passagem molhada entre os s\u00edtios V\u00e1rzea e Carna\u00faba e informou que nos pr\u00f3ximos dias, dar\u00e1 a ordem de servi\u00e7o para abastecimento de \u00e1gua de mais R$ 3 milh\u00f5es, oriundos de um conv\u00eanio com a Funda\u00e7\u00e3o Nacional de Sa\u00fade (Funasa).<\/p>\n<p>De acordo com a secret\u00e1ria de sa\u00fade, Alessandra Regina, mesmo com a pandemia do coronav\u00edrus, os servi\u00e7os de sa\u00fade do munic\u00edpio continuam. \u201cNossa equipe est\u00e1 tomando todos os cuidados contra o coronav\u00edrus, nosso principal objetivo \u00e9 atender \u00e0 popula\u00e7\u00e3o, levando os nossos servi\u00e7os ao maior n\u00famero de pessoas poss\u00edveis\u201d, disse.<\/p>\n<p><a href=\"https:\/\/noticiasemdestaque.com\/cd\/wp-content\/uploads\/2020\/05\/DSC_0034.jpg\"><img decoding=\"async\" class=\"wp-image-24763 alignright\" src=\"https:\/\/noticiasemdestaque.com\/cd\/wp-content\/uploads\/2020\/05\/DSC_0034-1024x681.jpg\" alt=\"\" width=\"339\" height=\"226\" srcset=\"https:\/\/noticiasemdestaque.com\/cd\/wp-content\/uploads\/2020\/05\/DSC_0034.jpg 1024w, https:\/\/noticiasemdestaque.com\/cd\/wp-content\/uploads\/2020\/05\/DSC_0034-300x200.jpg 300w, https:\/\/noticiasemdestaque.com\/cd\/wp-content\/uploads\/2020\/05\/DSC_0034-768x511.jpg 768w, https:\/\/noticiasemdestaque.com\/cd\/wp-content\/uploads\/2020\/05\/DSC_0034-480x320.jpg 480w\" sizes=\"(max-width: 339px) 100vw, 339px\" \/><\/a><\/p>\n<p>Dona Maria Helena, moradora do s\u00edtio Carna\u00faba, agradeceu ao prefeito \u00c9den por ter tornado o sonho dos moradores realidade. \u201cAntes precis\u00e1vamos deslocar-se at\u00e9 a sede do munic\u00edpio, agora tudo vai ser diferente, teremos m\u00e9dico na porta de casa, ficou maravilhosa a obra, \u00c9den est\u00e1 de parab\u00e9ns\u201d, relatou.<\/p>\n<p>O vereador Nilson Brito esteve presente representando o Poder Legislativo. \u201cAgrade\u00e7o ao prefeito por ter realizado essa obra que vai mudar a vida destes moradores, eu sempre fui defensor de que a Carna\u00faba precisava de servi\u00e7os como estes, gra\u00e7as ao prefeito \u00c9den o sonho virou realidade\u201d, declarou Nilson.<\/p>\n<p>A constru\u00e7\u00e3o da unidade da Carna\u00faba custou o valor de R$ 227.602,00, recursos da uni\u00e3o e contrapartida da Prefeitura Municipal. O pr\u00e9dio recebeu o nome de Marcolino Freitas Barros, em homenagem ao morador da regi\u00e3o.<\/p>\n<p>A unidade tamb\u00e9m j\u00e1 est\u00e1 com todo o seu equipamento adquirido, proveniente de recursos de emenda parlamentar do senador Raimundo Lira, no valor de R$ 376.560,00. Com este valor, al\u00e9m de equipar a Carna\u00faba, tamb\u00e9m foi poss\u00edvel \u00e0 gest\u00e3o municipal comprar equipamentos para as demais unidades de sa\u00fade do munic\u00edpio.<\/p>\n<p>Ascom\/PMS<\/p>\n","protected":false},"excerpt":{"rendered":"<p>O prefeito \u00c9den Duarte entregou na manh\u00e3 de sexta-feira (08\/05), a conclus\u00e3o da obra da unidade de sa\u00fade do s\u00edtio Carna\u00faba, zona rural de Sum\u00e9. A entrega da unidade foi feita j\u00e1 com o atendimento m\u00e9dico, odontol\u00f3gico, de enfermagem e atua\u00e7\u00e3o dos agentes comunit\u00e1rios de sa\u00fade. O prefeito compareceu \u00e0 Carna\u00faba apenas com a equipe necess\u00e1ria, de modo a evitar \u00a0aglomera\u00e7\u00e3o de pessoas, devido ao coronav\u00edrus. O prefeito \u00c9den Duarte reafirmou seu compromisso com a sa\u00fade do munic\u00edpio, e disse que em sua gest\u00e3o, o povo vem recebendo servi\u00e7os de qualidade. \u201cEntregamos uma unidade toda estruturada e equipada, com altos investimentos, que ir\u00e1 dar assist\u00eancia a todos os moradores da regi\u00e3o\u201d, declarou. \u00c9den destacou outros investimentos que est\u00e3o sendo realizados na localidade, a exemplo da passagem molhada entre os s\u00edtios V\u00e1rzea e Carna\u00faba e informou que nos pr\u00f3ximos dias, dar\u00e1 a ordem de servi\u00e7o para abastecimento de \u00e1gua de mais R$ 3 milh\u00f5es, oriundos de um conv\u00eanio com a Funda\u00e7\u00e3o Nacional de Sa\u00fade (Funasa). De acordo com a secret\u00e1ria de sa\u00fade, Alessandra Regina, mesmo com a pandemia do coronav\u00edrus, os servi\u00e7os de sa\u00fade do munic\u00edpio continuam. \u201cNossa equipe est\u00e1 tomando todos os cuidados contra o coronav\u00edrus, nosso principal objetivo \u00e9 atender \u00e0 popula\u00e7\u00e3o, levando os nossos servi\u00e7os ao maior n\u00famero de pessoas poss\u00edveis\u201d, disse. Dona Maria Helena, moradora do s\u00edtio Carna\u00faba, agradeceu ao prefeito \u00c9den por ter tornado o sonho dos moradores realidade. \u201cAntes precis\u00e1vamos deslocar-se at\u00e9 a sede do munic\u00edpio, agora tudo vai ser diferente, teremos m\u00e9dico na porta de casa, ficou maravilhosa a obra, \u00c9den est\u00e1 de parab\u00e9ns\u201d, relatou. O vereador Nilson Brito esteve presente representando o Poder Legislativo. \u201cAgrade\u00e7o ao prefeito por ter realizado essa obra que vai mudar a vida destes moradores, eu sempre fui defensor de que a Carna\u00faba precisava de servi\u00e7os como estes, gra\u00e7as ao prefeito \u00c9den o sonho virou realidade\u201d, declarou Nilson. A constru\u00e7\u00e3o da unidade da Carna\u00faba custou o valor de R$ 227.602,00, recursos da uni\u00e3o e contrapartida da Prefeitura Municipal. O pr\u00e9dio recebeu o nome de Marcolino Freitas Barros, em homenagem ao morador da regi\u00e3o. A unidade tamb\u00e9m j\u00e1 est\u00e1 com todo o seu equipamento adquirido, proveniente de recursos de emenda parlamentar do senador Raimundo Lira, no valor de R$ 376.560,00. Com este valor, al\u00e9m de equipar a Carna\u00faba, tamb\u00e9m foi poss\u00edvel \u00e0 gest\u00e3o municipal comprar equipamentos para as demais unidades de sa\u00fade do munic\u00edpio. Ascom\/PMS<\/p>\n","protected":false},"author":2,"featured_media":24765,"comment_status":"closed","ping_status":"open","sticky":false,"template":"","format":"standard","meta":{"_eb_attr":"","_jetpack_memberships_contains_paid_content":false,"footnotes":""},"categories":[3],"tags":[],"class_list":["post-24762","post","type-post","status-publish","format-standard","has-post-thumbnail","hentry","category-cidades"],"yoast_head":"<!-- This site is optimized with the Yoast SEO plugin v26.5 - https:\/\/yoast.com\/wordpress\/plugins\/seo\/ -->\n<title>Prefeito \u00c9den Duarte entrega unidade de sa\u00fade da Carna\u00faba e anuncia mais investimentos para a regi\u00e3o - Not&iacute;cias em Destaque<\/title>\n<meta name=\"robots\" content=\"index, follow, max-snippet:-1, max-image-preview:large, max-video-preview:-1\" \/>\n<link rel=\"canonical\" href=\"https:\/\/noticiasemdestaque.com\/cd\/?p=24762\" \/>\n<meta property=\"og:locale\" content=\"pt_BR\" \/>\n<meta property=\"og:type\" content=\"article\" \/>\n<meta property=\"og:title\" content=\"Prefeito \u00c9den Duarte entrega unidade de sa\u00fade da Carna\u00faba e anuncia mais investimentos para a regi\u00e3o - Not&iacute;cias em Destaque\" \/>\n<meta property=\"og:description\" content=\"O prefeito \u00c9den Duarte entregou na manh\u00e3 de sexta-feira (08\/05), a conclus\u00e3o da obra da unidade de sa\u00fade do s\u00edtio Carna\u00faba, zona rural de Sum\u00e9. A entrega da unidade foi feita j\u00e1 com o atendimento m\u00e9dico, odontol\u00f3gico, de enfermagem e atua\u00e7\u00e3o dos agentes comunit\u00e1rios de sa\u00fade. O prefeito compareceu \u00e0 Carna\u00faba apenas com a equipe necess\u00e1ria, de modo a evitar \u00a0aglomera\u00e7\u00e3o de pessoas, devido ao coronav\u00edrus. O prefeito \u00c9den Duarte reafirmou seu compromisso com a sa\u00fade do munic\u00edpio, e disse que em sua gest\u00e3o, o povo vem recebendo servi\u00e7os de qualidade. \u201cEntregamos uma unidade toda estruturada e equipada, com altos investimentos, que ir\u00e1 dar assist\u00eancia a todos os moradores da regi\u00e3o\u201d, declarou. \u00c9den destacou outros investimentos que est\u00e3o sendo realizados na localidade, a exemplo da passagem molhada entre os s\u00edtios V\u00e1rzea e Carna\u00faba e informou que nos pr\u00f3ximos dias, dar\u00e1 a ordem de servi\u00e7o para abastecimento de \u00e1gua de mais R$ 3 milh\u00f5es, oriundos de um conv\u00eanio com a Funda\u00e7\u00e3o Nacional de Sa\u00fade (Funasa). De acordo com a secret\u00e1ria de sa\u00fade, Alessandra Regina, mesmo com a pandemia do coronav\u00edrus, os servi\u00e7os de sa\u00fade do munic\u00edpio continuam. \u201cNossa equipe est\u00e1 tomando todos os cuidados contra o coronav\u00edrus, nosso principal objetivo \u00e9 atender \u00e0 popula\u00e7\u00e3o, levando os nossos servi\u00e7os ao maior n\u00famero de pessoas poss\u00edveis\u201d, disse. Dona Maria Helena, moradora do s\u00edtio Carna\u00faba, agradeceu ao prefeito \u00c9den por ter tornado o sonho dos moradores realidade. \u201cAntes precis\u00e1vamos deslocar-se at\u00e9 a sede do munic\u00edpio, agora tudo vai ser diferente, teremos m\u00e9dico na porta de casa, ficou maravilhosa a obra, \u00c9den est\u00e1 de parab\u00e9ns\u201d, relatou. O vereador Nilson Brito esteve presente representando o Poder Legislativo. \u201cAgrade\u00e7o ao prefeito por ter realizado essa obra que vai mudar a vida destes moradores, eu sempre fui defensor de que a Carna\u00faba precisava de servi\u00e7os como estes, gra\u00e7as ao prefeito \u00c9den o sonho virou realidade\u201d, declarou Nilson. A constru\u00e7\u00e3o da unidade da Carna\u00faba custou o valor de R$ 227.602,00, recursos da uni\u00e3o e contrapartida da Prefeitura Municipal. O pr\u00e9dio recebeu o nome de Marcolino Freitas Barros, em homenagem ao morador da regi\u00e3o. A unidade tamb\u00e9m j\u00e1 est\u00e1 com todo o seu equipamento adquirido, proveniente de recursos de emenda parlamentar do senador Raimundo Lira, no valor de R$ 376.560,00. Com este valor, al\u00e9m de equipar a Carna\u00faba, tamb\u00e9m foi poss\u00edvel \u00e0 gest\u00e3o municipal comprar equipamentos para as demais unidades de sa\u00fade do munic\u00edpio. Ascom\/PMS\" \/>\n<meta property=\"og:url\" content=\"https:\/\/noticiasemdestaque.com\/cd\/?p=24762\" \/>\n<meta property=\"og:site_name\" content=\"Not&iacute;cias em Destaque\" \/>\n<meta property=\"article:published_time\" content=\"2020-05-09T23:07:32+00:00\" \/>\n<meta property=\"article:modified_time\" content=\"2020-05-09T23:09:22+00:00\" \/>\n<meta property=\"og:image\" content=\"https:\/\/noticiasemdestaque.com\/cd\/wp-content\/uploads\/2020\/05\/DSC_0084.jpg\" \/>\n\t<meta property=\"og:image:width\" content=\"1024\" \/>\n\t<meta property=\"og:image:height\" content=\"681\" \/>\n\t<meta property=\"og:image:type\" content=\"image\/jpeg\" \/>\n<meta name=\"author\" content=\"Not\u00edcias em Destaque\" \/>\n<meta name=\"twitter:card\" content=\"summary_large_image\" \/>\n<meta name=\"twitter:label1\" content=\"Escrito por\" \/>\n\t<meta name=\"twitter:data1\" content=\"Not\u00edcias em Destaque\" \/>\n\t<meta name=\"twitter:label2\" content=\"Est. tempo de leitura\" \/>\n\t<meta name=\"twitter:data2\" content=\"2 minutos\" \/>\n<script type=\"application\/ld+json\" class=\"yoast-schema-graph\">{\"@context\":\"https:\/\/schema.org\",\"@graph\":[{\"@type\":\"Article\",\"@id\":\"https:\/\/noticiasemdestaque.com\/cd\/?p=24762#article\",\"isPartOf\":{\"@id\":\"https:\/\/noticiasemdestaque.com\/cd\/?p=24762\"},\"author\":{\"name\":\"Not\u00edcias em Destaque\",\"@id\":\"https:\/\/noticiasemdestaque.com\/cd\/#\/schema\/person\/21320b03a7e8bb90128938dafc9b908a\"},\"headline\":\"Prefeito \u00c9den Duarte entrega unidade de sa\u00fade da Carna\u00faba e anuncia mais investimentos para a regi\u00e3o\",\"datePublished\":\"2020-05-09T23:07:32+00:00\",\"dateModified\":\"2020-05-09T23:09:22+00:00\",\"mainEntityOfPage\":{\"@id\":\"https:\/\/noticiasemdestaque.com\/cd\/?p=24762\"},\"wordCount\":470,\"publisher\":{\"@id\":\"https:\/\/noticiasemdestaque.com\/cd\/#organization\"},\"image\":{\"@id\":\"https:\/\/noticiasemdestaque.com\/cd\/?p=24762#primaryimage\"},\"thumbnailUrl\":\"https:\/\/noticiasemdestaque.com\/cd\/wp-content\/uploads\/2020\/05\/DSC_0084.jpg\",\"articleSection\":[\"Cidades\"],\"inLanguage\":\"pt-BR\"},{\"@type\":\"WebPage\",\"@id\":\"https:\/\/noticiasemdestaque.com\/cd\/?p=24762\",\"url\":\"https:\/\/noticiasemdestaque.com\/cd\/?p=24762\",\"name\":\"Prefeito \u00c9den Duarte entrega unidade de sa\u00fade da Carna\u00faba e anuncia mais investimentos para a regi\u00e3o - Not&iacute;cias em Destaque\",\"isPartOf\":{\"@id\":\"https:\/\/noticiasemdestaque.com\/cd\/#website\"},\"primaryImageOfPage\":{\"@id\":\"https:\/\/noticiasemdestaque.com\/cd\/?p=24762#primaryimage\"},\"image\":{\"@id\":\"https:\/\/noticiasemdestaque.com\/cd\/?p=24762#primaryimage\"},\"thumbnailUrl\":\"https:\/\/noticiasemdestaque.com\/cd\/wp-content\/uploads\/2020\/05\/DSC_0084.jpg\",\"datePublished\":\"2020-05-09T23:07:32+00:00\",\"dateModified\":\"2020-05-09T23:09:22+00:00\",\"breadcrumb\":{\"@id\":\"https:\/\/noticiasemdestaque.com\/cd\/?p=24762#breadcrumb\"},\"inLanguage\":\"pt-BR\",\"potentialAction\":[{\"@type\":\"ReadAction\",\"target\":[\"https:\/\/noticiasemdestaque.com\/cd\/?p=24762\"]}]},{\"@type\":\"ImageObject\",\"inLanguage\":\"pt-BR\",\"@id\":\"https:\/\/noticiasemdestaque.com\/cd\/?p=24762#primaryimage\",\"url\":\"https:\/\/noticiasemdestaque.com\/cd\/wp-content\/uploads\/2020\/05\/DSC_0084.jpg\",\"contentUrl\":\"https:\/\/noticiasemdestaque.com\/cd\/wp-content\/uploads\/2020\/05\/DSC_0084.jpg\",\"width\":1024,\"height\":681,\"caption\":\"????????????????????????????????????\"},{\"@type\":\"BreadcrumbList\",\"@id\":\"https:\/\/noticiasemdestaque.com\/cd\/?p=24762#breadcrumb\",\"itemListElement\":[{\"@type\":\"ListItem\",\"position\":1,\"name\":\"In\u00edcio\",\"item\":\"https:\/\/noticiasemdestaque.com\/cd\/\"},{\"@type\":\"ListItem\",\"position\":2,\"name\":\"Prefeito \u00c9den Duarte entrega unidade de sa\u00fade da Carna\u00faba e anuncia mais investimentos para a regi\u00e3o\"}]},{\"@type\":\"WebSite\",\"@id\":\"https:\/\/noticiasemdestaque.com\/cd\/#website\",\"url\":\"https:\/\/noticiasemdestaque.com\/cd\/\",\"name\":\"Not&iacute;cias em Destaque\",\"description\":\"\",\"publisher\":{\"@id\":\"https:\/\/noticiasemdestaque.com\/cd\/#organization\"},\"potentialAction\":[{\"@type\":\"SearchAction\",\"target\":{\"@type\":\"EntryPoint\",\"urlTemplate\":\"https:\/\/noticiasemdestaque.com\/cd\/?s={search_term_string}\"},\"query-input\":{\"@type\":\"PropertyValueSpecification\",\"valueRequired\":true,\"valueName\":\"search_term_string\"}}],\"inLanguage\":\"pt-BR\"},{\"@type\":\"Organization\",\"@id\":\"https:\/\/noticiasemdestaque.com\/cd\/#organization\",\"name\":\"Not\u00edcias em Destaque\",\"url\":\"https:\/\/noticiasemdestaque.com\/cd\/\",\"logo\":{\"@type\":\"ImageObject\",\"inLanguage\":\"pt-BR\",\"@id\":\"https:\/\/noticiasemdestaque.com\/cd\/#\/schema\/logo\/image\/\",\"url\":\"https:\/\/noticiasemdestaque.com\/cd\/wp-content\/uploads\/2022\/05\/imagem-base-noticiasemdestaque.png\",\"contentUrl\":\"https:\/\/noticiasemdestaque.com\/cd\/wp-content\/uploads\/2022\/05\/imagem-base-noticiasemdestaque.png\",\"width\":1200,\"height\":630,\"caption\":\"Not\u00edcias em Destaque\"},\"image\":{\"@id\":\"https:\/\/noticiasemdestaque.com\/cd\/#\/schema\/logo\/image\/\"}},{\"@type\":\"Person\",\"@id\":\"https:\/\/noticiasemdestaque.com\/cd\/#\/schema\/person\/21320b03a7e8bb90128938dafc9b908a\",\"name\":\"Not\u00edcias em Destaque\",\"url\":\"https:\/\/noticiasemdestaque.com\/cd\/?author=2\"}]}<\/script>\n<!-- \/ Yoast SEO plugin. -->","yoast_head_json":{"title":"Prefeito \u00c9den Duarte entrega unidade de sa\u00fade da Carna\u00faba e anuncia mais investimentos para a regi\u00e3o - Not&iacute;cias em Destaque","robots":{"index":"index","follow":"follow","max-snippet":"max-snippet:-1","max-image-preview":"max-image-preview:large","max-video-preview":"max-video-preview:-1"},"canonical":"https:\/\/noticiasemdestaque.com\/cd\/?p=24762","og_locale":"pt_BR","og_type":"article","og_title":"Prefeito \u00c9den Duarte entrega unidade de sa\u00fade da Carna\u00faba e anuncia mais investimentos para a regi\u00e3o - Not&iacute;cias em Destaque","og_description":"O prefeito \u00c9den Duarte entregou na manh\u00e3 de sexta-feira (08\/05), a conclus\u00e3o da obra da unidade de sa\u00fade do s\u00edtio Carna\u00faba, zona rural de Sum\u00e9. A entrega da unidade foi feita j\u00e1 com o atendimento m\u00e9dico, odontol\u00f3gico, de enfermagem e atua\u00e7\u00e3o dos agentes comunit\u00e1rios de sa\u00fade. O prefeito compareceu \u00e0 Carna\u00faba apenas com a equipe necess\u00e1ria, de modo a evitar \u00a0aglomera\u00e7\u00e3o de pessoas, devido ao coronav\u00edrus. O prefeito \u00c9den Duarte reafirmou seu compromisso com a sa\u00fade do munic\u00edpio, e disse que em sua gest\u00e3o, o povo vem recebendo servi\u00e7os de qualidade. \u201cEntregamos uma unidade toda estruturada e equipada, com altos investimentos, que ir\u00e1 dar assist\u00eancia a todos os moradores da regi\u00e3o\u201d, declarou. \u00c9den destacou outros investimentos que est\u00e3o sendo realizados na localidade, a exemplo da passagem molhada entre os s\u00edtios V\u00e1rzea e Carna\u00faba e informou que nos pr\u00f3ximos dias, dar\u00e1 a ordem de servi\u00e7o para abastecimento de \u00e1gua de mais R$ 3 milh\u00f5es, oriundos de um conv\u00eanio com a Funda\u00e7\u00e3o Nacional de Sa\u00fade (Funasa). De acordo com a secret\u00e1ria de sa\u00fade, Alessandra Regina, mesmo com a pandemia do coronav\u00edrus, os servi\u00e7os de sa\u00fade do munic\u00edpio continuam. \u201cNossa equipe est\u00e1 tomando todos os cuidados contra o coronav\u00edrus, nosso principal objetivo \u00e9 atender \u00e0 popula\u00e7\u00e3o, levando os nossos servi\u00e7os ao maior n\u00famero de pessoas poss\u00edveis\u201d, disse. Dona Maria Helena, moradora do s\u00edtio Carna\u00faba, agradeceu ao prefeito \u00c9den por ter tornado o sonho dos moradores realidade. \u201cAntes precis\u00e1vamos deslocar-se at\u00e9 a sede do munic\u00edpio, agora tudo vai ser diferente, teremos m\u00e9dico na porta de casa, ficou maravilhosa a obra, \u00c9den est\u00e1 de parab\u00e9ns\u201d, relatou. O vereador Nilson Brito esteve presente representando o Poder Legislativo. \u201cAgrade\u00e7o ao prefeito por ter realizado essa obra que vai mudar a vida destes moradores, eu sempre fui defensor de que a Carna\u00faba precisava de servi\u00e7os como estes, gra\u00e7as ao prefeito \u00c9den o sonho virou realidade\u201d, declarou Nilson. A constru\u00e7\u00e3o da unidade da Carna\u00faba custou o valor de R$ 227.602,00, recursos da uni\u00e3o e contrapartida da Prefeitura Municipal. O pr\u00e9dio recebeu o nome de Marcolino Freitas Barros, em homenagem ao morador da regi\u00e3o. A unidade tamb\u00e9m j\u00e1 est\u00e1 com todo o seu equipamento adquirido, proveniente de recursos de emenda parlamentar do senador Raimundo Lira, no valor de R$ 376.560,00. Com este valor, al\u00e9m de equipar a Carna\u00faba, tamb\u00e9m foi poss\u00edvel \u00e0 gest\u00e3o municipal comprar equipamentos para as demais unidades de sa\u00fade do munic\u00edpio. Ascom\/PMS","og_url":"https:\/\/noticiasemdestaque.com\/cd\/?p=24762","og_site_name":"Not&iacute;cias em Destaque","article_published_time":"2020-05-09T23:07:32+00:00","article_modified_time":"2020-05-09T23:09:22+00:00","og_image":[{"width":1024,"height":681,"url":"https:\/\/noticiasemdestaque.com\/cd\/wp-content\/uploads\/2020\/05\/DSC_0084.jpg","type":"image\/jpeg"}],"author":"Not\u00edcias em Destaque","twitter_card":"summary_large_image","twitter_misc":{"Escrito por":"Not\u00edcias em Destaque","Est. tempo de leitura":"2 minutos"},"schema":{"@context":"https:\/\/schema.org","@graph":[{"@type":"Article","@id":"https:\/\/noticiasemdestaque.com\/cd\/?p=24762#article","isPartOf":{"@id":"https:\/\/noticiasemdestaque.com\/cd\/?p=24762"},"author":{"name":"Not\u00edcias em Destaque","@id":"https:\/\/noticiasemdestaque.com\/cd\/#\/schema\/person\/21320b03a7e8bb90128938dafc9b908a"},"headline":"Prefeito \u00c9den Duarte entrega unidade de sa\u00fade da Carna\u00faba e anuncia mais investimentos para a regi\u00e3o","datePublished":"2020-05-09T23:07:32+00:00","dateModified":"2020-05-09T23:09:22+00:00","mainEntityOfPage":{"@id":"https:\/\/noticiasemdestaque.com\/cd\/?p=24762"},"wordCount":470,"publisher":{"@id":"https:\/\/noticiasemdestaque.com\/cd\/#organization"},"image":{"@id":"https:\/\/noticiasemdestaque.com\/cd\/?p=24762#primaryimage"},"thumbnailUrl":"https:\/\/noticiasemdestaque.com\/cd\/wp-content\/uploads\/2020\/05\/DSC_0084.jpg","articleSection":["Cidades"],"inLanguage":"pt-BR"},{"@type":"WebPage","@id":"https:\/\/noticiasemdestaque.com\/cd\/?p=24762","url":"https:\/\/noticiasemdestaque.com\/cd\/?p=24762","name":"Prefeito \u00c9den Duarte entrega unidade de sa\u00fade da Carna\u00faba e anuncia mais investimentos para a regi\u00e3o - Not&iacute;cias em Destaque","isPartOf":{"@id":"https:\/\/noticiasemdestaque.com\/cd\/#website"},"primaryImageOfPage":{"@id":"https:\/\/noticiasemdestaque.com\/cd\/?p=24762#primaryimage"},"image":{"@id":"https:\/\/noticiasemdestaque.com\/cd\/?p=24762#primaryimage"},"thumbnailUrl":"https:\/\/noticiasemdestaque.com\/cd\/wp-content\/uploads\/2020\/05\/DSC_0084.jpg","datePublished":"2020-05-09T23:07:32+00:00","dateModified":"2020-05-09T23:09:22+00:00","breadcrumb":{"@id":"https:\/\/noticiasemdestaque.com\/cd\/?p=24762#breadcrumb"},"inLanguage":"pt-BR","potentialAction":[{"@type":"ReadAction","target":["https:\/\/noticiasemdestaque.com\/cd\/?p=24762"]}]},{"@type":"ImageObject","inLanguage":"pt-BR","@id":"https:\/\/noticiasemdestaque.com\/cd\/?p=24762#primaryimage","url":"https:\/\/noticiasemdestaque.com\/cd\/wp-content\/uploads\/2020\/05\/DSC_0084.jpg","contentUrl":"https:\/\/noticiasemdestaque.com\/cd\/wp-content\/uploads\/2020\/05\/DSC_0084.jpg","width":1024,"height":681,"caption":"????????????????????????????????????"},{"@type":"BreadcrumbList","@id":"https:\/\/noticiasemdestaque.com\/cd\/?p=24762#breadcrumb","itemListElement":[{"@type":"ListItem","position":1,"name":"In\u00edcio","item":"https:\/\/noticiasemdestaque.com\/cd\/"},{"@type":"ListItem","position":2,"name":"Prefeito \u00c9den Duarte entrega unidade de sa\u00fade da Carna\u00faba e anuncia mais investimentos para a regi\u00e3o"}]},{"@type":"WebSite","@id":"https:\/\/noticiasemdestaque.com\/cd\/#website","url":"https:\/\/noticiasemdestaque.com\/cd\/","name":"Not&iacute;cias em Destaque","description":"","publisher":{"@id":"https:\/\/noticiasemdestaque.com\/cd\/#organization"},"potentialAction":[{"@type":"SearchAction","target":{"@type":"EntryPoint","urlTemplate":"https:\/\/noticiasemdestaque.com\/cd\/?s={search_term_string}"},"query-input":{"@type":"PropertyValueSpecification","valueRequired":true,"valueName":"search_term_string"}}],"inLanguage":"pt-BR"},{"@type":"Organization","@id":"https:\/\/noticiasemdestaque.com\/cd\/#organization","name":"Not\u00edcias em Destaque","url":"https:\/\/noticiasemdestaque.com\/cd\/","logo":{"@type":"ImageObject","inLanguage":"pt-BR","@id":"https:\/\/noticiasemdestaque.com\/cd\/#\/schema\/logo\/image\/","url":"https:\/\/noticiasemdestaque.com\/cd\/wp-content\/uploads\/2022\/05\/imagem-base-noticiasemdestaque.png","contentUrl":"https:\/\/noticiasemdestaque.com\/cd\/wp-content\/uploads\/2022\/05\/imagem-base-noticiasemdestaque.png","width":1200,"height":630,"caption":"Not\u00edcias em Destaque"},"image":{"@id":"https:\/\/noticiasemdestaque.com\/cd\/#\/schema\/logo\/image\/"}},{"@type":"Person","@id":"https:\/\/noticiasemdestaque.com\/cd\/#\/schema\/person\/21320b03a7e8bb90128938dafc9b908a","name":"Not\u00edcias em Destaque","url":"https:\/\/noticiasemdestaque.com\/cd\/?author=2"}]}},"jetpack_featured_media_url":"https:\/\/noticiasemdestaque.com\/cd\/wp-content\/uploads\/2020\/05\/DSC_0084.jpg","jetpack_sharing_enabled":true,"_links":{"self":[{"href":"https:\/\/noticiasemdestaque.com\/cd\/index.php?rest_route=\/wp\/v2\/posts\/24762","targetHints":{"allow":["GET"]}}],"collection":[{"href":"https:\/\/noticiasemdestaque.com\/cd\/index.php?rest_route=\/wp\/v2\/posts"}],"about":[{"href":"https:\/\/noticiasemdestaque.com\/cd\/index.php?rest_route=\/wp\/v2\/types\/post"}],"author":[{"embeddable":true,"href":"https:\/\/noticiasemdestaque.com\/cd\/index.php?rest_route=\/wp\/v2\/users\/2"}],"replies":[{"embeddable":true,"href":"https:\/\/noticiasemdestaque.com\/cd\/index.php?rest_route=%2Fwp%2Fv2%2Fcomments&post=24762"}],"version-history":[{"count":2,"href":"https:\/\/noticiasemdestaque.com\/cd\/index.php?rest_route=\/wp\/v2\/posts\/24762\/revisions"}],"predecessor-version":[{"id":24769,"href":"https:\/\/noticiasemdestaque.com\/cd\/index.php?rest_route=\/wp\/v2\/posts\/24762\/revisions\/24769"}],"wp:featuredmedia":[{"embeddable":true,"href":"https:\/\/noticiasemdestaque.com\/cd\/index.php?rest_route=\/wp\/v2\/media\/24765"}],"wp:attachment":[{"href":"https:\/\/noticiasemdestaque.com\/cd\/index.php?rest_route=%2Fwp%2Fv2%2Fmedia&parent=24762"}],"wp:term":[{"taxonomy":"category","embeddable":true,"href":"https:\/\/noticiasemdestaque.com\/cd\/index.php?rest_route=%2Fwp%2Fv2%2Fcategories&post=24762"},{"taxonomy":"post_tag","embeddable":true,"href":"https:\/\/noticiasemdestaque.com\/cd\/index.php?rest_route=%2Fwp%2Fv2%2Ftags&post=24762"}],"curies":[{"name":"wp","href":"https:\/\/api.w.org\/{rel}","templated":true}]}}