{"id":24738,"date":"2020-05-07T21:12:44","date_gmt":"2020-05-08T00:12:44","guid":{"rendered":"http:\/\/noticiasemdestaque.com\/cd\/?p=24738"},"modified":"2020-05-07T21:12:44","modified_gmt":"2020-05-08T00:12:44","slug":"prefeitura-de-amparo-instala-lavatorios-em-pontos-publicos","status":"publish","type":"post","link":"https:\/\/noticiasemdestaque.com\/cd\/?p=24738","title":{"rendered":"Prefeitura de Amparo instala Lavat\u00f3rios em pontos p\u00fablicos"},"content":{"rendered":"<p><a href=\"https:\/\/noticiasemdestaque.com\/cd\/wp-content\/uploads\/2020\/05\/LAVAT\u00d3RIO-16.jpg\"><img fetchpriority=\"high\" decoding=\"async\" class=\"wp-image-24740 aligncenter\" src=\"https:\/\/noticiasemdestaque.com\/cd\/wp-content\/uploads\/2020\/05\/LAVAT\u00d3RIO-16.jpg\" alt=\"\" width=\"507\" height=\"336\" srcset=\"https:\/\/noticiasemdestaque.com\/cd\/wp-content\/uploads\/2020\/05\/LAVAT\u00d3RIO-16.jpg 640w, https:\/\/noticiasemdestaque.com\/cd\/wp-content\/uploads\/2020\/05\/LAVAT\u00d3RIO-16-300x199.jpg 300w\" sizes=\"(max-width: 507px) 100vw, 507px\" \/><\/a><\/p>\n<p>A Prefeitura Municipal de Amparo, por meio da Secretaria de Sa\u00fade e da Vigil\u00e2ncia Sanit\u00e1ria municipal, instalou 5 lavat\u00f3rios de m\u00e3os em pontos do centro da cidade.<\/p>\n<p>Cada lavat\u00f3rio tem 1 pia com um reservat\u00f3rio par \u00e1gua e para sabonete liquido e papel. A torneira \u00e9 de f\u00e1cil uso, pois permite que possa ser aberta e fechada com o cotovelo.<\/p>\n<p><a href=\"https:\/\/noticiasemdestaque.com\/cd\/wp-content\/uploads\/2020\/05\/LAVAT\u00d3RIO-11.jpg\"><img decoding=\"async\" class=\"size-full wp-image-24739 aligncenter\" src=\"https:\/\/noticiasemdestaque.com\/cd\/wp-content\/uploads\/2020\/05\/LAVAT\u00d3RIO-11.jpg\" alt=\"\" width=\"640\" height=\"424\" srcset=\"https:\/\/noticiasemdestaque.com\/cd\/wp-content\/uploads\/2020\/05\/LAVAT\u00d3RIO-11.jpg 640w, https:\/\/noticiasemdestaque.com\/cd\/wp-content\/uploads\/2020\/05\/LAVAT\u00d3RIO-11-300x199.jpg 300w\" sizes=\"(max-width: 640px) 100vw, 640px\" \/><\/a><\/p>\n<p>Os lavat\u00f3rios est\u00e3o instalados no CRAS, no R&amp;D Supermercado, na Casa Lot\u00e9rica da CAIXA, na Bomboniere Doce &amp; Mel e na UBS S\u00e3o Sebasti\u00e3o. Esta a\u00e7\u00e3o faz parte do plano de combate ao avan\u00e7o da contamina\u00e7\u00e3o pelo Coronav\u00edrus no munic\u00edpio.<\/p>\n<p>Com essas instala\u00e7\u00f5es, as pessoas que estiveram em tr\u00e2nsito pelo centro, poder\u00e3o higienizar as m\u00e3os. A prefeitura informou que \u00e9 um passo importante, mas a medida mais eficaz no combate ao Covid-19 ainda \u00e9 o isolamento social.<\/p>\n<p>O Prefeito In\u00e1cio N\u00f3brega segue buscando alternativas para cuidar da sa\u00fade da popula\u00e7\u00e3o Amparense, e n\u00e3o tem medido esfor\u00e7os quando a quest\u00e3o \u00e9 a sa\u00fade, dando total apoio em todas as a\u00e7\u00f5es desenvolvidas pela secretaria de Sa\u00fade do munic\u00edpio.<\/p>\n<p><em><strong>Not\u00edcias em Destaque<\/strong><\/em><\/p>\n<p>Com Amparo Ligado<\/p>\n","protected":false},"excerpt":{"rendered":"<p>A Prefeitura Municipal de Amparo, por meio da Secretaria de Sa\u00fade e da Vigil\u00e2ncia Sanit\u00e1ria municipal, instalou 5 lavat\u00f3rios de m\u00e3os em pontos do centro da cidade. Cada lavat\u00f3rio tem 1 pia com um reservat\u00f3rio par \u00e1gua e para sabonete liquido e papel. A torneira \u00e9 de f\u00e1cil uso, pois permite que possa ser aberta e fechada com o cotovelo. Os lavat\u00f3rios est\u00e3o instalados no CRAS, no R&amp;D Supermercado, na Casa Lot\u00e9rica da CAIXA, na Bomboniere Doce &amp; Mel e na UBS S\u00e3o Sebasti\u00e3o. Esta a\u00e7\u00e3o faz parte do plano de combate ao avan\u00e7o da contamina\u00e7\u00e3o pelo Coronav\u00edrus no munic\u00edpio. Com essas instala\u00e7\u00f5es, as pessoas que estiveram em tr\u00e2nsito pelo centro, poder\u00e3o higienizar as m\u00e3os. A prefeitura informou que \u00e9 um passo importante, mas a medida mais eficaz no combate ao Covid-19 ainda \u00e9 o isolamento social. O Prefeito In\u00e1cio N\u00f3brega segue buscando alternativas para cuidar da sa\u00fade da popula\u00e7\u00e3o Amparense, e n\u00e3o tem medido esfor\u00e7os quando a quest\u00e3o \u00e9 a sa\u00fade, dando total apoio em todas as a\u00e7\u00f5es desenvolvidas pela secretaria de Sa\u00fade do munic\u00edpio. Not\u00edcias em Destaque Com Amparo Ligado<\/p>\n","protected":false},"author":2,"featured_media":24740,"comment_status":"closed","ping_status":"open","sticky":false,"template":"","format":"standard","meta":{"_eb_attr":"","_jetpack_memberships_contains_paid_content":false,"footnotes":""},"categories":[4],"tags":[],"class_list":["post-24738","post","type-post","status-publish","format-standard","has-post-thumbnail","hentry","category-politica"],"yoast_head":"<!-- This site is optimized with the Yoast SEO plugin v26.5 - https:\/\/yoast.com\/wordpress\/plugins\/seo\/ -->\n<title>Prefeitura de Amparo instala Lavat\u00f3rios em pontos p\u00fablicos - Not&iacute;cias em Destaque<\/title>\n<meta name=\"robots\" content=\"index, follow, max-snippet:-1, max-image-preview:large, max-video-preview:-1\" \/>\n<link rel=\"canonical\" href=\"https:\/\/noticiasemdestaque.com\/cd\/?p=24738\" \/>\n<meta property=\"og:locale\" content=\"pt_BR\" \/>\n<meta property=\"og:type\" content=\"article\" \/>\n<meta property=\"og:title\" content=\"Prefeitura de Amparo instala Lavat\u00f3rios em pontos p\u00fablicos - Not&iacute;cias em Destaque\" \/>\n<meta property=\"og:description\" content=\"A Prefeitura Municipal de Amparo, por meio da Secretaria de Sa\u00fade e da Vigil\u00e2ncia Sanit\u00e1ria municipal, instalou 5 lavat\u00f3rios de m\u00e3os em pontos do centro da cidade. Cada lavat\u00f3rio tem 1 pia com um reservat\u00f3rio par \u00e1gua e para sabonete liquido e papel. A torneira \u00e9 de f\u00e1cil uso, pois permite que possa ser aberta e fechada com o cotovelo. Os lavat\u00f3rios est\u00e3o instalados no CRAS, no R&amp;D Supermercado, na Casa Lot\u00e9rica da CAIXA, na Bomboniere Doce &amp; Mel e na UBS S\u00e3o Sebasti\u00e3o. Esta a\u00e7\u00e3o faz parte do plano de combate ao avan\u00e7o da contamina\u00e7\u00e3o pelo Coronav\u00edrus no munic\u00edpio. Com essas instala\u00e7\u00f5es, as pessoas que estiveram em tr\u00e2nsito pelo centro, poder\u00e3o higienizar as m\u00e3os. A prefeitura informou que \u00e9 um passo importante, mas a medida mais eficaz no combate ao Covid-19 ainda \u00e9 o isolamento social. O Prefeito In\u00e1cio N\u00f3brega segue buscando alternativas para cuidar da sa\u00fade da popula\u00e7\u00e3o Amparense, e n\u00e3o tem medido esfor\u00e7os quando a quest\u00e3o \u00e9 a sa\u00fade, dando total apoio em todas as a\u00e7\u00f5es desenvolvidas pela secretaria de Sa\u00fade do munic\u00edpio. Not\u00edcias em Destaque Com Amparo Ligado\" \/>\n<meta property=\"og:url\" content=\"https:\/\/noticiasemdestaque.com\/cd\/?p=24738\" \/>\n<meta property=\"og:site_name\" content=\"Not&iacute;cias em Destaque\" \/>\n<meta property=\"article:published_time\" content=\"2020-05-08T00:12:44+00:00\" \/>\n<meta property=\"og:image\" content=\"https:\/\/noticiasemdestaque.com\/cd\/wp-content\/uploads\/2020\/05\/LAVAT\u00d3RIO-16.jpg\" \/>\n\t<meta property=\"og:image:width\" content=\"640\" \/>\n\t<meta property=\"og:image:height\" content=\"424\" \/>\n\t<meta property=\"og:image:type\" content=\"image\/jpeg\" \/>\n<meta name=\"author\" content=\"Not\u00edcias em Destaque\" \/>\n<meta name=\"twitter:card\" content=\"summary_large_image\" \/>\n<meta name=\"twitter:label1\" content=\"Escrito por\" \/>\n\t<meta name=\"twitter:data1\" content=\"Not\u00edcias em Destaque\" \/>\n\t<meta name=\"twitter:label2\" content=\"Est. tempo de leitura\" \/>\n\t<meta name=\"twitter:data2\" content=\"1 minuto\" \/>\n<script type=\"application\/ld+json\" class=\"yoast-schema-graph\">{\"@context\":\"https:\/\/schema.org\",\"@graph\":[{\"@type\":\"Article\",\"@id\":\"https:\/\/noticiasemdestaque.com\/cd\/?p=24738#article\",\"isPartOf\":{\"@id\":\"https:\/\/noticiasemdestaque.com\/cd\/?p=24738\"},\"author\":{\"name\":\"Not\u00edcias em Destaque\",\"@id\":\"https:\/\/noticiasemdestaque.com\/cd\/#\/schema\/person\/21320b03a7e8bb90128938dafc9b908a\"},\"headline\":\"Prefeitura de Amparo instala Lavat\u00f3rios em pontos p\u00fablicos\",\"datePublished\":\"2020-05-08T00:12:44+00:00\",\"mainEntityOfPage\":{\"@id\":\"https:\/\/noticiasemdestaque.com\/cd\/?p=24738\"},\"wordCount\":222,\"publisher\":{\"@id\":\"https:\/\/noticiasemdestaque.com\/cd\/#organization\"},\"image\":{\"@id\":\"https:\/\/noticiasemdestaque.com\/cd\/?p=24738#primaryimage\"},\"thumbnailUrl\":\"https:\/\/noticiasemdestaque.com\/cd\/wp-content\/uploads\/2020\/05\/LAVAT\u00d3RIO-16.jpg\",\"articleSection\":[\"Pol\u00edtica\"],\"inLanguage\":\"pt-BR\"},{\"@type\":\"WebPage\",\"@id\":\"https:\/\/noticiasemdestaque.com\/cd\/?p=24738\",\"url\":\"https:\/\/noticiasemdestaque.com\/cd\/?p=24738\",\"name\":\"Prefeitura de Amparo instala Lavat\u00f3rios em pontos p\u00fablicos - Not&iacute;cias em Destaque\",\"isPartOf\":{\"@id\":\"https:\/\/noticiasemdestaque.com\/cd\/#website\"},\"primaryImageOfPage\":{\"@id\":\"https:\/\/noticiasemdestaque.com\/cd\/?p=24738#primaryimage\"},\"image\":{\"@id\":\"https:\/\/noticiasemdestaque.com\/cd\/?p=24738#primaryimage\"},\"thumbnailUrl\":\"https:\/\/noticiasemdestaque.com\/cd\/wp-content\/uploads\/2020\/05\/LAVAT\u00d3RIO-16.jpg\",\"datePublished\":\"2020-05-08T00:12:44+00:00\",\"breadcrumb\":{\"@id\":\"https:\/\/noticiasemdestaque.com\/cd\/?p=24738#breadcrumb\"},\"inLanguage\":\"pt-BR\",\"potentialAction\":[{\"@type\":\"ReadAction\",\"target\":[\"https:\/\/noticiasemdestaque.com\/cd\/?p=24738\"]}]},{\"@type\":\"ImageObject\",\"inLanguage\":\"pt-BR\",\"@id\":\"https:\/\/noticiasemdestaque.com\/cd\/?p=24738#primaryimage\",\"url\":\"https:\/\/noticiasemdestaque.com\/cd\/wp-content\/uploads\/2020\/05\/LAVAT\u00d3RIO-16.jpg\",\"contentUrl\":\"https:\/\/noticiasemdestaque.com\/cd\/wp-content\/uploads\/2020\/05\/LAVAT\u00d3RIO-16.jpg\",\"width\":640,\"height\":424},{\"@type\":\"BreadcrumbList\",\"@id\":\"https:\/\/noticiasemdestaque.com\/cd\/?p=24738#breadcrumb\",\"itemListElement\":[{\"@type\":\"ListItem\",\"position\":1,\"name\":\"In\u00edcio\",\"item\":\"https:\/\/noticiasemdestaque.com\/cd\/\"},{\"@type\":\"ListItem\",\"position\":2,\"name\":\"Prefeitura de Amparo instala Lavat\u00f3rios em pontos p\u00fablicos\"}]},{\"@type\":\"WebSite\",\"@id\":\"https:\/\/noticiasemdestaque.com\/cd\/#website\",\"url\":\"https:\/\/noticiasemdestaque.com\/cd\/\",\"name\":\"Not&iacute;cias em Destaque\",\"description\":\"\",\"publisher\":{\"@id\":\"https:\/\/noticiasemdestaque.com\/cd\/#organization\"},\"potentialAction\":[{\"@type\":\"SearchAction\",\"target\":{\"@type\":\"EntryPoint\",\"urlTemplate\":\"https:\/\/noticiasemdestaque.com\/cd\/?s={search_term_string}\"},\"query-input\":{\"@type\":\"PropertyValueSpecification\",\"valueRequired\":true,\"valueName\":\"search_term_string\"}}],\"inLanguage\":\"pt-BR\"},{\"@type\":\"Organization\",\"@id\":\"https:\/\/noticiasemdestaque.com\/cd\/#organization\",\"name\":\"Not\u00edcias em Destaque\",\"url\":\"https:\/\/noticiasemdestaque.com\/cd\/\",\"logo\":{\"@type\":\"ImageObject\",\"inLanguage\":\"pt-BR\",\"@id\":\"https:\/\/noticiasemdestaque.com\/cd\/#\/schema\/logo\/image\/\",\"url\":\"https:\/\/noticiasemdestaque.com\/cd\/wp-content\/uploads\/2022\/05\/imagem-base-noticiasemdestaque.png\",\"contentUrl\":\"https:\/\/noticiasemdestaque.com\/cd\/wp-content\/uploads\/2022\/05\/imagem-base-noticiasemdestaque.png\",\"width\":1200,\"height\":630,\"caption\":\"Not\u00edcias em Destaque\"},\"image\":{\"@id\":\"https:\/\/noticiasemdestaque.com\/cd\/#\/schema\/logo\/image\/\"}},{\"@type\":\"Person\",\"@id\":\"https:\/\/noticiasemdestaque.com\/cd\/#\/schema\/person\/21320b03a7e8bb90128938dafc9b908a\",\"name\":\"Not\u00edcias em Destaque\",\"url\":\"https:\/\/noticiasemdestaque.com\/cd\/?author=2\"}]}<\/script>\n<!-- \/ Yoast SEO plugin. -->","yoast_head_json":{"title":"Prefeitura de Amparo instala Lavat\u00f3rios em pontos p\u00fablicos - Not&iacute;cias em Destaque","robots":{"index":"index","follow":"follow","max-snippet":"max-snippet:-1","max-image-preview":"max-image-preview:large","max-video-preview":"max-video-preview:-1"},"canonical":"https:\/\/noticiasemdestaque.com\/cd\/?p=24738","og_locale":"pt_BR","og_type":"article","og_title":"Prefeitura de Amparo instala Lavat\u00f3rios em pontos p\u00fablicos - Not&iacute;cias em Destaque","og_description":"A Prefeitura Municipal de Amparo, por meio da Secretaria de Sa\u00fade e da Vigil\u00e2ncia Sanit\u00e1ria municipal, instalou 5 lavat\u00f3rios de m\u00e3os em pontos do centro da cidade. Cada lavat\u00f3rio tem 1 pia com um reservat\u00f3rio par \u00e1gua e para sabonete liquido e papel. A torneira \u00e9 de f\u00e1cil uso, pois permite que possa ser aberta e fechada com o cotovelo. Os lavat\u00f3rios est\u00e3o instalados no CRAS, no R&amp;D Supermercado, na Casa Lot\u00e9rica da CAIXA, na Bomboniere Doce &amp; Mel e na UBS S\u00e3o Sebasti\u00e3o. Esta a\u00e7\u00e3o faz parte do plano de combate ao avan\u00e7o da contamina\u00e7\u00e3o pelo Coronav\u00edrus no munic\u00edpio. Com essas instala\u00e7\u00f5es, as pessoas que estiveram em tr\u00e2nsito pelo centro, poder\u00e3o higienizar as m\u00e3os. A prefeitura informou que \u00e9 um passo importante, mas a medida mais eficaz no combate ao Covid-19 ainda \u00e9 o isolamento social. O Prefeito In\u00e1cio N\u00f3brega segue buscando alternativas para cuidar da sa\u00fade da popula\u00e7\u00e3o Amparense, e n\u00e3o tem medido esfor\u00e7os quando a quest\u00e3o \u00e9 a sa\u00fade, dando total apoio em todas as a\u00e7\u00f5es desenvolvidas pela secretaria de Sa\u00fade do munic\u00edpio. Not\u00edcias em Destaque Com Amparo Ligado","og_url":"https:\/\/noticiasemdestaque.com\/cd\/?p=24738","og_site_name":"Not&iacute;cias em Destaque","article_published_time":"2020-05-08T00:12:44+00:00","og_image":[{"width":640,"height":424,"url":"https:\/\/noticiasemdestaque.com\/cd\/wp-content\/uploads\/2020\/05\/LAVAT\u00d3RIO-16.jpg","type":"image\/jpeg"}],"author":"Not\u00edcias em Destaque","twitter_card":"summary_large_image","twitter_misc":{"Escrito por":"Not\u00edcias em Destaque","Est. tempo de leitura":"1 minuto"},"schema":{"@context":"https:\/\/schema.org","@graph":[{"@type":"Article","@id":"https:\/\/noticiasemdestaque.com\/cd\/?p=24738#article","isPartOf":{"@id":"https:\/\/noticiasemdestaque.com\/cd\/?p=24738"},"author":{"name":"Not\u00edcias em Destaque","@id":"https:\/\/noticiasemdestaque.com\/cd\/#\/schema\/person\/21320b03a7e8bb90128938dafc9b908a"},"headline":"Prefeitura de Amparo instala Lavat\u00f3rios em pontos p\u00fablicos","datePublished":"2020-05-08T00:12:44+00:00","mainEntityOfPage":{"@id":"https:\/\/noticiasemdestaque.com\/cd\/?p=24738"},"wordCount":222,"publisher":{"@id":"https:\/\/noticiasemdestaque.com\/cd\/#organization"},"image":{"@id":"https:\/\/noticiasemdestaque.com\/cd\/?p=24738#primaryimage"},"thumbnailUrl":"https:\/\/noticiasemdestaque.com\/cd\/wp-content\/uploads\/2020\/05\/LAVAT\u00d3RIO-16.jpg","articleSection":["Pol\u00edtica"],"inLanguage":"pt-BR"},{"@type":"WebPage","@id":"https:\/\/noticiasemdestaque.com\/cd\/?p=24738","url":"https:\/\/noticiasemdestaque.com\/cd\/?p=24738","name":"Prefeitura de Amparo instala Lavat\u00f3rios em pontos p\u00fablicos - Not&iacute;cias em Destaque","isPartOf":{"@id":"https:\/\/noticiasemdestaque.com\/cd\/#website"},"primaryImageOfPage":{"@id":"https:\/\/noticiasemdestaque.com\/cd\/?p=24738#primaryimage"},"image":{"@id":"https:\/\/noticiasemdestaque.com\/cd\/?p=24738#primaryimage"},"thumbnailUrl":"https:\/\/noticiasemdestaque.com\/cd\/wp-content\/uploads\/2020\/05\/LAVAT\u00d3RIO-16.jpg","datePublished":"2020-05-08T00:12:44+00:00","breadcrumb":{"@id":"https:\/\/noticiasemdestaque.com\/cd\/?p=24738#breadcrumb"},"inLanguage":"pt-BR","potentialAction":[{"@type":"ReadAction","target":["https:\/\/noticiasemdestaque.com\/cd\/?p=24738"]}]},{"@type":"ImageObject","inLanguage":"pt-BR","@id":"https:\/\/noticiasemdestaque.com\/cd\/?p=24738#primaryimage","url":"https:\/\/noticiasemdestaque.com\/cd\/wp-content\/uploads\/2020\/05\/LAVAT\u00d3RIO-16.jpg","contentUrl":"https:\/\/noticiasemdestaque.com\/cd\/wp-content\/uploads\/2020\/05\/LAVAT\u00d3RIO-16.jpg","width":640,"height":424},{"@type":"BreadcrumbList","@id":"https:\/\/noticiasemdestaque.com\/cd\/?p=24738#breadcrumb","itemListElement":[{"@type":"ListItem","position":1,"name":"In\u00edcio","item":"https:\/\/noticiasemdestaque.com\/cd\/"},{"@type":"ListItem","position":2,"name":"Prefeitura de Amparo instala Lavat\u00f3rios em pontos p\u00fablicos"}]},{"@type":"WebSite","@id":"https:\/\/noticiasemdestaque.com\/cd\/#website","url":"https:\/\/noticiasemdestaque.com\/cd\/","name":"Not&iacute;cias em Destaque","description":"","publisher":{"@id":"https:\/\/noticiasemdestaque.com\/cd\/#organization"},"potentialAction":[{"@type":"SearchAction","target":{"@type":"EntryPoint","urlTemplate":"https:\/\/noticiasemdestaque.com\/cd\/?s={search_term_string}"},"query-input":{"@type":"PropertyValueSpecification","valueRequired":true,"valueName":"search_term_string"}}],"inLanguage":"pt-BR"},{"@type":"Organization","@id":"https:\/\/noticiasemdestaque.com\/cd\/#organization","name":"Not\u00edcias em Destaque","url":"https:\/\/noticiasemdestaque.com\/cd\/","logo":{"@type":"ImageObject","inLanguage":"pt-BR","@id":"https:\/\/noticiasemdestaque.com\/cd\/#\/schema\/logo\/image\/","url":"https:\/\/noticiasemdestaque.com\/cd\/wp-content\/uploads\/2022\/05\/imagem-base-noticiasemdestaque.png","contentUrl":"https:\/\/noticiasemdestaque.com\/cd\/wp-content\/uploads\/2022\/05\/imagem-base-noticiasemdestaque.png","width":1200,"height":630,"caption":"Not\u00edcias em Destaque"},"image":{"@id":"https:\/\/noticiasemdestaque.com\/cd\/#\/schema\/logo\/image\/"}},{"@type":"Person","@id":"https:\/\/noticiasemdestaque.com\/cd\/#\/schema\/person\/21320b03a7e8bb90128938dafc9b908a","name":"Not\u00edcias em Destaque","url":"https:\/\/noticiasemdestaque.com\/cd\/?author=2"}]}},"jetpack_featured_media_url":"https:\/\/noticiasemdestaque.com\/cd\/wp-content\/uploads\/2020\/05\/LAVAT\u00d3RIO-16.jpg","jetpack_sharing_enabled":true,"_links":{"self":[{"href":"https:\/\/noticiasemdestaque.com\/cd\/index.php?rest_route=\/wp\/v2\/posts\/24738","targetHints":{"allow":["GET"]}}],"collection":[{"href":"https:\/\/noticiasemdestaque.com\/cd\/index.php?rest_route=\/wp\/v2\/posts"}],"about":[{"href":"https:\/\/noticiasemdestaque.com\/cd\/index.php?rest_route=\/wp\/v2\/types\/post"}],"author":[{"embeddable":true,"href":"https:\/\/noticiasemdestaque.com\/cd\/index.php?rest_route=\/wp\/v2\/users\/2"}],"replies":[{"embeddable":true,"href":"https:\/\/noticiasemdestaque.com\/cd\/index.php?rest_route=%2Fwp%2Fv2%2Fcomments&post=24738"}],"version-history":[{"count":1,"href":"https:\/\/noticiasemdestaque.com\/cd\/index.php?rest_route=\/wp\/v2\/posts\/24738\/revisions"}],"predecessor-version":[{"id":24741,"href":"https:\/\/noticiasemdestaque.com\/cd\/index.php?rest_route=\/wp\/v2\/posts\/24738\/revisions\/24741"}],"wp:featuredmedia":[{"embeddable":true,"href":"https:\/\/noticiasemdestaque.com\/cd\/index.php?rest_route=\/wp\/v2\/media\/24740"}],"wp:attachment":[{"href":"https:\/\/noticiasemdestaque.com\/cd\/index.php?rest_route=%2Fwp%2Fv2%2Fmedia&parent=24738"}],"wp:term":[{"taxonomy":"category","embeddable":true,"href":"https:\/\/noticiasemdestaque.com\/cd\/index.php?rest_route=%2Fwp%2Fv2%2Fcategories&post=24738"},{"taxonomy":"post_tag","embeddable":true,"href":"https:\/\/noticiasemdestaque.com\/cd\/index.php?rest_route=%2Fwp%2Fv2%2Ftags&post=24738"}],"curies":[{"name":"wp","href":"https:\/\/api.w.org\/{rel}","templated":true}]}}