{"id":24734,"date":"2020-05-07T21:01:01","date_gmt":"2020-05-08T00:01:01","guid":{"rendered":"http:\/\/noticiasemdestaque.com\/cd\/?p=24734"},"modified":"2020-05-07T21:01:01","modified_gmt":"2020-05-08T00:01:01","slug":"cia-de-circo-de-sume-tem-projeto-selecionado-pela-funesc-e-apresentacao-do-espetaculo-acontece-no-youtube-nesta-sexta-feira-08-05","status":"publish","type":"post","link":"https:\/\/noticiasemdestaque.com\/cd\/?p=24734","title":{"rendered":"Cia de Circo de Sum\u00e9 tem projeto selecionado pela Funesc e apresenta\u00e7\u00e3o do espet\u00e1culo acontece no YouTube nesta sexta-feira (08\/05)"},"content":{"rendered":"<p>&nbsp;<\/p>\n<p><a href=\"https:\/\/noticiasemdestaque.com\/cd\/wp-content\/uploads\/2020\/05\/WhatsApp-Image-2020-05-06-at-17.35.04-2.jpeg\"><img fetchpriority=\"high\" decoding=\"async\" class=\"wp-image-24736 aligncenter\" src=\"https:\/\/noticiasemdestaque.com\/cd\/wp-content\/uploads\/2020\/05\/WhatsApp-Image-2020-05-06-at-17.35.04-2.jpeg\" alt=\"\" width=\"388\" height=\"388\" srcset=\"https:\/\/noticiasemdestaque.com\/cd\/wp-content\/uploads\/2020\/05\/WhatsApp-Image-2020-05-06-at-17.35.04-2.jpeg 540w, https:\/\/noticiasemdestaque.com\/cd\/wp-content\/uploads\/2020\/05\/WhatsApp-Image-2020-05-06-at-17.35.04-2-150x150.jpeg 150w, https:\/\/noticiasemdestaque.com\/cd\/wp-content\/uploads\/2020\/05\/WhatsApp-Image-2020-05-06-at-17.35.04-2-300x300.jpeg 300w\" sizes=\"(max-width: 388px) 100vw, 388px\" \/><\/a><\/p>\n<p style=\"font-weight: 400;\">A Cia de Circo de Sum\u00e9, \u201cTrupe\u00c7ando\u201d, foi selecionada no Projeto \u201cMeu Espa\u00e7o \u2013 Compartilhando Cultura\u201d, lan\u00e7ado pelo Governo do Estado da Para\u00edba, atrav\u00e9s da Funda\u00e7\u00e3o Espa\u00e7o Cultural da Para\u00edba (Funesc).<\/p>\n<p style=\"font-weight: 400;\">O projeto \u00e9 fruto de uma sele\u00e7\u00e3o de edital de chamamento p\u00fablico direcionado aos artistas paraibanos que ficaram sem trabalho por conta das medidas de isolamento social em decorr\u00eancia da Covid-19. O projeto contemplou 105 artistas com propostas de apresenta\u00e7\u00f5es art\u00edsticas, gravadas em v\u00eddeo, nas \u00e1reas de conta\u00e7\u00e3o de hist\u00f3rias, circo, teatro, dan\u00e7a, literatura, hist\u00f3rias em quadrinhos, m\u00fasica, culturas populares, artes visuais, poesia falada e cinema. Do Cariri paraibano, somente o projeto do grupo de Sum\u00e9 ficou entre os selecionados.<\/p>\n<p style=\"font-weight: 400;\">A programa\u00e7\u00e3o do \u201cMeu Espa\u00e7o \u2013 Compartilhando Cultura\u201d come\u00e7ou na quarta-feira (06\/05), atrav\u00e9s do canal da Funesc no YouTube (<a href=\"https:\/\/www.youtube.com\/funescpbgov\" data-saferedirecturl=\"https:\/\/www.google.com\/url?q=https:\/\/www.youtube.com\/funescpbgov&amp;source=gmail&amp;ust=1588980448081000&amp;usg=AFQjCNFG2PVepolc0MbQ06F_CsT-3dhGMg\">https:\/\/www.youtube.com\/funescpbgov<\/a>). S\u00e3o quatro sess\u00f5es semanais com duas horas de dura\u00e7\u00e3o cada, sempre \u00e0s segundas, quartas, sextas e domingos, a partir das 17h.<\/p>\n<p style=\"font-weight: 400;\">A apresenta\u00e7\u00e3o da Cia TruPe\u00e7ando, do munic\u00edpio de Sum\u00e9, traz o espet\u00e1culo em v\u00eddeo \u201cTrupe\u00c7ando na casa de mainha\u201d, e ser\u00e1 exibido nesta\u00a0<strong>sexta-feira (08\/05), \u00e0s 17h50<\/strong>, no canal da Funesc no YouTube (<a href=\"https:\/\/www.youtube.com\/funescpbgov\" data-saferedirecturl=\"https:\/\/www.google.com\/url?q=https:\/\/www.youtube.com\/funescpbgov&amp;source=gmail&amp;ust=1588980448081000&amp;usg=AFQjCNFG2PVepolc0MbQ06F_CsT-3dhGMg\">https:\/\/www.youtube.com\/funescpbgov<\/a>).<\/p>\n<p style=\"font-weight: 400;\">O espet\u00e1culo mostra experi\u00eancias de teatro e habilidades circenses dos artistas Allan Barros (Palha\u00e7o Salsicha) e Guadalupe Merki (palha\u00e7a Arenga), sendo colocadas dentro de casa. O que cada um trouxe de sua trajet\u00f3ria pessoal, o que esse encontro proporcionou de novo e o que a quarentena agora prop\u00f5e: um trabalho em dupla n\u00e3o convencional. Diferente, primeiro porque j\u00e1 s\u00e3o um casal que invertem pap\u00e9is (a mulher porta o homem na acrobacia) e segundo pelo fato de agora terem os c\u00f4modos da casa como espa\u00e7o c\u00eanico.<\/p>\n<p style=\"font-weight: 400;\">Dentre todas as habilidades e brincadeiras, o espet\u00e1culo carrega a imperfei\u00e7\u00e3o nas entrelinhas: qual a poesia existente no olhar de si mesmo? Uma pergunta com sua resposta j\u00e1 pronta: a poesia da aceita\u00e7\u00e3o do rid\u00edculo. E agora, essa aceita\u00e7\u00e3o ser\u00e1 posta diante do novo desafio de desconstru\u00e7\u00e3o e reconstru\u00e7\u00e3o das cenas dentro de uma casa com todas as suas limita\u00e7\u00f5es e objetos ali presentes.<\/p>\n<p style=\"font-weight: 400;\">De acordo com Alan Barros, a proposta consiste na uni\u00e3o dos espet\u00e1culos \u201cPerfeitamente ImperfeitoS\u201d e de \u201cTrupe\u00c7ando \u2013 A Trupe de um Homem S\u00f3\u201d por meio de n\u00fameros que possam se adequar ao atual espa\u00e7o, a casa da fam\u00edlia. \u201cO intuito \u00e9 brincar com esse novo ambiente, trazer ele para dentro da cena e us\u00e1-los ao nosso favor\u201d, disse.<\/p>\n<p style=\"font-weight: 400;\">Ficha T\u00e9cnica do Espet\u00e1culo:<\/p>\n<p style=\"font-weight: 400;\">&#8211; Allan Barros (Palha\u00e7o Salsicha)<\/p>\n<p style=\"font-weight: 400;\">&#8211; Guadalupe Merki (Palha\u00e7a Arenga)<\/p>\n<p style=\"font-weight: 400;\">&#8211; Vanda Sousa (Mainha)<\/p>\n","protected":false},"excerpt":{"rendered":"<p>&nbsp; A Cia de Circo de Sum\u00e9, \u201cTrupe\u00c7ando\u201d, foi selecionada no Projeto \u201cMeu Espa\u00e7o \u2013 Compartilhando Cultura\u201d, lan\u00e7ado pelo Governo do Estado da Para\u00edba, atrav\u00e9s da Funda\u00e7\u00e3o Espa\u00e7o Cultural da Para\u00edba (Funesc). O projeto \u00e9 fruto de uma sele\u00e7\u00e3o de edital de chamamento p\u00fablico direcionado aos artistas paraibanos que ficaram sem trabalho por conta das medidas de isolamento social em decorr\u00eancia da Covid-19. O projeto contemplou 105 artistas com propostas de apresenta\u00e7\u00f5es art\u00edsticas, gravadas em v\u00eddeo, nas \u00e1reas de conta\u00e7\u00e3o de hist\u00f3rias, circo, teatro, dan\u00e7a, literatura, hist\u00f3rias em quadrinhos, m\u00fasica, culturas populares, artes visuais, poesia falada e cinema. Do Cariri paraibano, somente o projeto do grupo de Sum\u00e9 ficou entre os selecionados. A programa\u00e7\u00e3o do \u201cMeu Espa\u00e7o \u2013 Compartilhando Cultura\u201d come\u00e7ou na quarta-feira (06\/05), atrav\u00e9s do canal da Funesc no YouTube (https:\/\/www.youtube.com\/funescpbgov). S\u00e3o quatro sess\u00f5es semanais com duas horas de dura\u00e7\u00e3o cada, sempre \u00e0s segundas, quartas, sextas e domingos, a partir das 17h. A apresenta\u00e7\u00e3o da Cia TruPe\u00e7ando, do munic\u00edpio de Sum\u00e9, traz o espet\u00e1culo em v\u00eddeo \u201cTrupe\u00c7ando na casa de mainha\u201d, e ser\u00e1 exibido nesta\u00a0sexta-feira (08\/05), \u00e0s 17h50, no canal da Funesc no YouTube (https:\/\/www.youtube.com\/funescpbgov). O espet\u00e1culo mostra experi\u00eancias de teatro e habilidades circenses dos artistas Allan Barros (Palha\u00e7o Salsicha) e Guadalupe Merki (palha\u00e7a Arenga), sendo colocadas dentro de casa. O que cada um trouxe de sua trajet\u00f3ria pessoal, o que esse encontro proporcionou de novo e o que a quarentena agora prop\u00f5e: um trabalho em dupla n\u00e3o convencional. Diferente, primeiro porque j\u00e1 s\u00e3o um casal que invertem pap\u00e9is (a mulher porta o homem na acrobacia) e segundo pelo fato de agora terem os c\u00f4modos da casa como espa\u00e7o c\u00eanico. Dentre todas as habilidades e brincadeiras, o espet\u00e1culo carrega a imperfei\u00e7\u00e3o nas entrelinhas: qual a poesia existente no olhar de si mesmo? Uma pergunta com sua resposta j\u00e1 pronta: a poesia da aceita\u00e7\u00e3o do rid\u00edculo. E agora, essa aceita\u00e7\u00e3o ser\u00e1 posta diante do novo desafio de desconstru\u00e7\u00e3o e reconstru\u00e7\u00e3o das cenas dentro de uma casa com todas as suas limita\u00e7\u00f5es e objetos ali presentes. De acordo com Alan Barros, a proposta consiste na uni\u00e3o dos espet\u00e1culos \u201cPerfeitamente ImperfeitoS\u201d e de \u201cTrupe\u00c7ando \u2013 A Trupe de um Homem S\u00f3\u201d por meio de n\u00fameros que possam se adequar ao atual espa\u00e7o, a casa da fam\u00edlia. \u201cO intuito \u00e9 brincar com esse novo ambiente, trazer ele para dentro da cena e us\u00e1-los ao nosso favor\u201d, disse. Ficha T\u00e9cnica do Espet\u00e1culo: &#8211; Allan Barros (Palha\u00e7o Salsicha) &#8211; Guadalupe Merki (Palha\u00e7a Arenga) &#8211; Vanda Sousa (Mainha)<\/p>\n","protected":false},"author":2,"featured_media":24735,"comment_status":"closed","ping_status":"open","sticky":false,"template":"","format":"standard","meta":{"_eb_attr":"","_jetpack_memberships_contains_paid_content":false,"footnotes":""},"categories":[3],"tags":[],"class_list":["post-24734","post","type-post","status-publish","format-standard","has-post-thumbnail","hentry","category-cidades"],"yoast_head":"<!-- This site is optimized with the Yoast SEO plugin v26.5 - https:\/\/yoast.com\/wordpress\/plugins\/seo\/ -->\n<title>Cia de Circo de Sum\u00e9 tem projeto selecionado pela Funesc e apresenta\u00e7\u00e3o do espet\u00e1culo acontece no YouTube nesta sexta-feira (08\/05) - Not&iacute;cias em Destaque<\/title>\n<meta name=\"robots\" content=\"index, follow, max-snippet:-1, max-image-preview:large, max-video-preview:-1\" \/>\n<link rel=\"canonical\" href=\"https:\/\/noticiasemdestaque.com\/cd\/?p=24734\" \/>\n<meta property=\"og:locale\" content=\"pt_BR\" \/>\n<meta property=\"og:type\" content=\"article\" \/>\n<meta property=\"og:title\" content=\"Cia de Circo de Sum\u00e9 tem projeto selecionado pela Funesc e apresenta\u00e7\u00e3o do espet\u00e1culo acontece no YouTube nesta sexta-feira (08\/05) - Not&iacute;cias em Destaque\" \/>\n<meta property=\"og:description\" content=\"&nbsp; A Cia de Circo de Sum\u00e9, \u201cTrupe\u00c7ando\u201d, foi selecionada no Projeto \u201cMeu Espa\u00e7o \u2013 Compartilhando Cultura\u201d, lan\u00e7ado pelo Governo do Estado da Para\u00edba, atrav\u00e9s da Funda\u00e7\u00e3o Espa\u00e7o Cultural da Para\u00edba (Funesc). O projeto \u00e9 fruto de uma sele\u00e7\u00e3o de edital de chamamento p\u00fablico direcionado aos artistas paraibanos que ficaram sem trabalho por conta das medidas de isolamento social em decorr\u00eancia da Covid-19. O projeto contemplou 105 artistas com propostas de apresenta\u00e7\u00f5es art\u00edsticas, gravadas em v\u00eddeo, nas \u00e1reas de conta\u00e7\u00e3o de hist\u00f3rias, circo, teatro, dan\u00e7a, literatura, hist\u00f3rias em quadrinhos, m\u00fasica, culturas populares, artes visuais, poesia falada e cinema. Do Cariri paraibano, somente o projeto do grupo de Sum\u00e9 ficou entre os selecionados. A programa\u00e7\u00e3o do \u201cMeu Espa\u00e7o \u2013 Compartilhando Cultura\u201d come\u00e7ou na quarta-feira (06\/05), atrav\u00e9s do canal da Funesc no YouTube (https:\/\/www.youtube.com\/funescpbgov). S\u00e3o quatro sess\u00f5es semanais com duas horas de dura\u00e7\u00e3o cada, sempre \u00e0s segundas, quartas, sextas e domingos, a partir das 17h. A apresenta\u00e7\u00e3o da Cia TruPe\u00e7ando, do munic\u00edpio de Sum\u00e9, traz o espet\u00e1culo em v\u00eddeo \u201cTrupe\u00c7ando na casa de mainha\u201d, e ser\u00e1 exibido nesta\u00a0sexta-feira (08\/05), \u00e0s 17h50, no canal da Funesc no YouTube (https:\/\/www.youtube.com\/funescpbgov). O espet\u00e1culo mostra experi\u00eancias de teatro e habilidades circenses dos artistas Allan Barros (Palha\u00e7o Salsicha) e Guadalupe Merki (palha\u00e7a Arenga), sendo colocadas dentro de casa. O que cada um trouxe de sua trajet\u00f3ria pessoal, o que esse encontro proporcionou de novo e o que a quarentena agora prop\u00f5e: um trabalho em dupla n\u00e3o convencional. Diferente, primeiro porque j\u00e1 s\u00e3o um casal que invertem pap\u00e9is (a mulher porta o homem na acrobacia) e segundo pelo fato de agora terem os c\u00f4modos da casa como espa\u00e7o c\u00eanico. Dentre todas as habilidades e brincadeiras, o espet\u00e1culo carrega a imperfei\u00e7\u00e3o nas entrelinhas: qual a poesia existente no olhar de si mesmo? Uma pergunta com sua resposta j\u00e1 pronta: a poesia da aceita\u00e7\u00e3o do rid\u00edculo. E agora, essa aceita\u00e7\u00e3o ser\u00e1 posta diante do novo desafio de desconstru\u00e7\u00e3o e reconstru\u00e7\u00e3o das cenas dentro de uma casa com todas as suas limita\u00e7\u00f5es e objetos ali presentes. De acordo com Alan Barros, a proposta consiste na uni\u00e3o dos espet\u00e1culos \u201cPerfeitamente ImperfeitoS\u201d e de \u201cTrupe\u00c7ando \u2013 A Trupe de um Homem S\u00f3\u201d por meio de n\u00fameros que possam se adequar ao atual espa\u00e7o, a casa da fam\u00edlia. \u201cO intuito \u00e9 brincar com esse novo ambiente, trazer ele para dentro da cena e us\u00e1-los ao nosso favor\u201d, disse. Ficha T\u00e9cnica do Espet\u00e1culo: &#8211; Allan Barros (Palha\u00e7o Salsicha) &#8211; Guadalupe Merki (Palha\u00e7a Arenga) &#8211; Vanda Sousa (Mainha)\" \/>\n<meta property=\"og:url\" content=\"https:\/\/noticiasemdestaque.com\/cd\/?p=24734\" \/>\n<meta property=\"og:site_name\" content=\"Not&iacute;cias em Destaque\" \/>\n<meta property=\"article:published_time\" content=\"2020-05-08T00:01:01+00:00\" \/>\n<meta property=\"og:image\" content=\"https:\/\/noticiasemdestaque.com\/cd\/wp-content\/uploads\/2020\/05\/WhatsApp-Image-2020-05-06-at-17.34.43.jpeg\" \/>\n\t<meta property=\"og:image:width\" content=\"860\" \/>\n\t<meta property=\"og:image:height\" content=\"960\" \/>\n\t<meta property=\"og:image:type\" content=\"image\/jpeg\" \/>\n<meta name=\"author\" content=\"Not\u00edcias em Destaque\" \/>\n<meta name=\"twitter:card\" content=\"summary_large_image\" \/>\n<meta name=\"twitter:label1\" content=\"Escrito por\" \/>\n\t<meta name=\"twitter:data1\" content=\"Not\u00edcias em Destaque\" \/>\n\t<meta name=\"twitter:label2\" content=\"Est. tempo de leitura\" \/>\n\t<meta name=\"twitter:data2\" content=\"2 minutos\" \/>\n<script type=\"application\/ld+json\" class=\"yoast-schema-graph\">{\"@context\":\"https:\/\/schema.org\",\"@graph\":[{\"@type\":\"Article\",\"@id\":\"https:\/\/noticiasemdestaque.com\/cd\/?p=24734#article\",\"isPartOf\":{\"@id\":\"https:\/\/noticiasemdestaque.com\/cd\/?p=24734\"},\"author\":{\"name\":\"Not\u00edcias em Destaque\",\"@id\":\"https:\/\/noticiasemdestaque.com\/cd\/#\/schema\/person\/21320b03a7e8bb90128938dafc9b908a\"},\"headline\":\"Cia de Circo de Sum\u00e9 tem projeto selecionado pela Funesc e apresenta\u00e7\u00e3o do espet\u00e1culo acontece no YouTube nesta sexta-feira (08\/05)\",\"datePublished\":\"2020-05-08T00:01:01+00:00\",\"mainEntityOfPage\":{\"@id\":\"https:\/\/noticiasemdestaque.com\/cd\/?p=24734\"},\"wordCount\":497,\"publisher\":{\"@id\":\"https:\/\/noticiasemdestaque.com\/cd\/#organization\"},\"image\":{\"@id\":\"https:\/\/noticiasemdestaque.com\/cd\/?p=24734#primaryimage\"},\"thumbnailUrl\":\"https:\/\/noticiasemdestaque.com\/cd\/wp-content\/uploads\/2020\/05\/WhatsApp-Image-2020-05-06-at-17.34.43.jpeg\",\"articleSection\":[\"Cidades\"],\"inLanguage\":\"pt-BR\"},{\"@type\":\"WebPage\",\"@id\":\"https:\/\/noticiasemdestaque.com\/cd\/?p=24734\",\"url\":\"https:\/\/noticiasemdestaque.com\/cd\/?p=24734\",\"name\":\"Cia de Circo de Sum\u00e9 tem projeto selecionado pela Funesc e apresenta\u00e7\u00e3o do espet\u00e1culo acontece no YouTube nesta sexta-feira (08\/05) - Not&iacute;cias em Destaque\",\"isPartOf\":{\"@id\":\"https:\/\/noticiasemdestaque.com\/cd\/#website\"},\"primaryImageOfPage\":{\"@id\":\"https:\/\/noticiasemdestaque.com\/cd\/?p=24734#primaryimage\"},\"image\":{\"@id\":\"https:\/\/noticiasemdestaque.com\/cd\/?p=24734#primaryimage\"},\"thumbnailUrl\":\"https:\/\/noticiasemdestaque.com\/cd\/wp-content\/uploads\/2020\/05\/WhatsApp-Image-2020-05-06-at-17.34.43.jpeg\",\"datePublished\":\"2020-05-08T00:01:01+00:00\",\"breadcrumb\":{\"@id\":\"https:\/\/noticiasemdestaque.com\/cd\/?p=24734#breadcrumb\"},\"inLanguage\":\"pt-BR\",\"potentialAction\":[{\"@type\":\"ReadAction\",\"target\":[\"https:\/\/noticiasemdestaque.com\/cd\/?p=24734\"]}]},{\"@type\":\"ImageObject\",\"inLanguage\":\"pt-BR\",\"@id\":\"https:\/\/noticiasemdestaque.com\/cd\/?p=24734#primaryimage\",\"url\":\"https:\/\/noticiasemdestaque.com\/cd\/wp-content\/uploads\/2020\/05\/WhatsApp-Image-2020-05-06-at-17.34.43.jpeg\",\"contentUrl\":\"https:\/\/noticiasemdestaque.com\/cd\/wp-content\/uploads\/2020\/05\/WhatsApp-Image-2020-05-06-at-17.34.43.jpeg\",\"width\":860,\"height\":960},{\"@type\":\"BreadcrumbList\",\"@id\":\"https:\/\/noticiasemdestaque.com\/cd\/?p=24734#breadcrumb\",\"itemListElement\":[{\"@type\":\"ListItem\",\"position\":1,\"name\":\"In\u00edcio\",\"item\":\"https:\/\/noticiasemdestaque.com\/cd\/\"},{\"@type\":\"ListItem\",\"position\":2,\"name\":\"Cia de Circo de Sum\u00e9 tem projeto selecionado pela Funesc e apresenta\u00e7\u00e3o do espet\u00e1culo acontece no YouTube nesta sexta-feira (08\/05)\"}]},{\"@type\":\"WebSite\",\"@id\":\"https:\/\/noticiasemdestaque.com\/cd\/#website\",\"url\":\"https:\/\/noticiasemdestaque.com\/cd\/\",\"name\":\"Not&iacute;cias em Destaque\",\"description\":\"\",\"publisher\":{\"@id\":\"https:\/\/noticiasemdestaque.com\/cd\/#organization\"},\"potentialAction\":[{\"@type\":\"SearchAction\",\"target\":{\"@type\":\"EntryPoint\",\"urlTemplate\":\"https:\/\/noticiasemdestaque.com\/cd\/?s={search_term_string}\"},\"query-input\":{\"@type\":\"PropertyValueSpecification\",\"valueRequired\":true,\"valueName\":\"search_term_string\"}}],\"inLanguage\":\"pt-BR\"},{\"@type\":\"Organization\",\"@id\":\"https:\/\/noticiasemdestaque.com\/cd\/#organization\",\"name\":\"Not\u00edcias em Destaque\",\"url\":\"https:\/\/noticiasemdestaque.com\/cd\/\",\"logo\":{\"@type\":\"ImageObject\",\"inLanguage\":\"pt-BR\",\"@id\":\"https:\/\/noticiasemdestaque.com\/cd\/#\/schema\/logo\/image\/\",\"url\":\"https:\/\/noticiasemdestaque.com\/cd\/wp-content\/uploads\/2022\/05\/imagem-base-noticiasemdestaque.png\",\"contentUrl\":\"https:\/\/noticiasemdestaque.com\/cd\/wp-content\/uploads\/2022\/05\/imagem-base-noticiasemdestaque.png\",\"width\":1200,\"height\":630,\"caption\":\"Not\u00edcias em Destaque\"},\"image\":{\"@id\":\"https:\/\/noticiasemdestaque.com\/cd\/#\/schema\/logo\/image\/\"}},{\"@type\":\"Person\",\"@id\":\"https:\/\/noticiasemdestaque.com\/cd\/#\/schema\/person\/21320b03a7e8bb90128938dafc9b908a\",\"name\":\"Not\u00edcias em Destaque\",\"url\":\"https:\/\/noticiasemdestaque.com\/cd\/?author=2\"}]}<\/script>\n<!-- \/ Yoast SEO plugin. -->","yoast_head_json":{"title":"Cia de Circo de Sum\u00e9 tem projeto selecionado pela Funesc e apresenta\u00e7\u00e3o do espet\u00e1culo acontece no YouTube nesta sexta-feira (08\/05) - Not&iacute;cias em Destaque","robots":{"index":"index","follow":"follow","max-snippet":"max-snippet:-1","max-image-preview":"max-image-preview:large","max-video-preview":"max-video-preview:-1"},"canonical":"https:\/\/noticiasemdestaque.com\/cd\/?p=24734","og_locale":"pt_BR","og_type":"article","og_title":"Cia de Circo de Sum\u00e9 tem projeto selecionado pela Funesc e apresenta\u00e7\u00e3o do espet\u00e1culo acontece no YouTube nesta sexta-feira (08\/05) - Not&iacute;cias em Destaque","og_description":"&nbsp; A Cia de Circo de Sum\u00e9, \u201cTrupe\u00c7ando\u201d, foi selecionada no Projeto \u201cMeu Espa\u00e7o \u2013 Compartilhando Cultura\u201d, lan\u00e7ado pelo Governo do Estado da Para\u00edba, atrav\u00e9s da Funda\u00e7\u00e3o Espa\u00e7o Cultural da Para\u00edba (Funesc). O projeto \u00e9 fruto de uma sele\u00e7\u00e3o de edital de chamamento p\u00fablico direcionado aos artistas paraibanos que ficaram sem trabalho por conta das medidas de isolamento social em decorr\u00eancia da Covid-19. O projeto contemplou 105 artistas com propostas de apresenta\u00e7\u00f5es art\u00edsticas, gravadas em v\u00eddeo, nas \u00e1reas de conta\u00e7\u00e3o de hist\u00f3rias, circo, teatro, dan\u00e7a, literatura, hist\u00f3rias em quadrinhos, m\u00fasica, culturas populares, artes visuais, poesia falada e cinema. Do Cariri paraibano, somente o projeto do grupo de Sum\u00e9 ficou entre os selecionados. A programa\u00e7\u00e3o do \u201cMeu Espa\u00e7o \u2013 Compartilhando Cultura\u201d come\u00e7ou na quarta-feira (06\/05), atrav\u00e9s do canal da Funesc no YouTube (https:\/\/www.youtube.com\/funescpbgov). S\u00e3o quatro sess\u00f5es semanais com duas horas de dura\u00e7\u00e3o cada, sempre \u00e0s segundas, quartas, sextas e domingos, a partir das 17h. A apresenta\u00e7\u00e3o da Cia TruPe\u00e7ando, do munic\u00edpio de Sum\u00e9, traz o espet\u00e1culo em v\u00eddeo \u201cTrupe\u00c7ando na casa de mainha\u201d, e ser\u00e1 exibido nesta\u00a0sexta-feira (08\/05), \u00e0s 17h50, no canal da Funesc no YouTube (https:\/\/www.youtube.com\/funescpbgov). O espet\u00e1culo mostra experi\u00eancias de teatro e habilidades circenses dos artistas Allan Barros (Palha\u00e7o Salsicha) e Guadalupe Merki (palha\u00e7a Arenga), sendo colocadas dentro de casa. O que cada um trouxe de sua trajet\u00f3ria pessoal, o que esse encontro proporcionou de novo e o que a quarentena agora prop\u00f5e: um trabalho em dupla n\u00e3o convencional. Diferente, primeiro porque j\u00e1 s\u00e3o um casal que invertem pap\u00e9is (a mulher porta o homem na acrobacia) e segundo pelo fato de agora terem os c\u00f4modos da casa como espa\u00e7o c\u00eanico. Dentre todas as habilidades e brincadeiras, o espet\u00e1culo carrega a imperfei\u00e7\u00e3o nas entrelinhas: qual a poesia existente no olhar de si mesmo? Uma pergunta com sua resposta j\u00e1 pronta: a poesia da aceita\u00e7\u00e3o do rid\u00edculo. E agora, essa aceita\u00e7\u00e3o ser\u00e1 posta diante do novo desafio de desconstru\u00e7\u00e3o e reconstru\u00e7\u00e3o das cenas dentro de uma casa com todas as suas limita\u00e7\u00f5es e objetos ali presentes. De acordo com Alan Barros, a proposta consiste na uni\u00e3o dos espet\u00e1culos \u201cPerfeitamente ImperfeitoS\u201d e de \u201cTrupe\u00c7ando \u2013 A Trupe de um Homem S\u00f3\u201d por meio de n\u00fameros que possam se adequar ao atual espa\u00e7o, a casa da fam\u00edlia. \u201cO intuito \u00e9 brincar com esse novo ambiente, trazer ele para dentro da cena e us\u00e1-los ao nosso favor\u201d, disse. Ficha T\u00e9cnica do Espet\u00e1culo: &#8211; Allan Barros (Palha\u00e7o Salsicha) &#8211; Guadalupe Merki (Palha\u00e7a Arenga) &#8211; Vanda Sousa (Mainha)","og_url":"https:\/\/noticiasemdestaque.com\/cd\/?p=24734","og_site_name":"Not&iacute;cias em Destaque","article_published_time":"2020-05-08T00:01:01+00:00","og_image":[{"width":860,"height":960,"url":"https:\/\/noticiasemdestaque.com\/cd\/wp-content\/uploads\/2020\/05\/WhatsApp-Image-2020-05-06-at-17.34.43.jpeg","type":"image\/jpeg"}],"author":"Not\u00edcias em Destaque","twitter_card":"summary_large_image","twitter_misc":{"Escrito por":"Not\u00edcias em Destaque","Est. tempo de leitura":"2 minutos"},"schema":{"@context":"https:\/\/schema.org","@graph":[{"@type":"Article","@id":"https:\/\/noticiasemdestaque.com\/cd\/?p=24734#article","isPartOf":{"@id":"https:\/\/noticiasemdestaque.com\/cd\/?p=24734"},"author":{"name":"Not\u00edcias em Destaque","@id":"https:\/\/noticiasemdestaque.com\/cd\/#\/schema\/person\/21320b03a7e8bb90128938dafc9b908a"},"headline":"Cia de Circo de Sum\u00e9 tem projeto selecionado pela Funesc e apresenta\u00e7\u00e3o do espet\u00e1culo acontece no YouTube nesta sexta-feira (08\/05)","datePublished":"2020-05-08T00:01:01+00:00","mainEntityOfPage":{"@id":"https:\/\/noticiasemdestaque.com\/cd\/?p=24734"},"wordCount":497,"publisher":{"@id":"https:\/\/noticiasemdestaque.com\/cd\/#organization"},"image":{"@id":"https:\/\/noticiasemdestaque.com\/cd\/?p=24734#primaryimage"},"thumbnailUrl":"https:\/\/noticiasemdestaque.com\/cd\/wp-content\/uploads\/2020\/05\/WhatsApp-Image-2020-05-06-at-17.34.43.jpeg","articleSection":["Cidades"],"inLanguage":"pt-BR"},{"@type":"WebPage","@id":"https:\/\/noticiasemdestaque.com\/cd\/?p=24734","url":"https:\/\/noticiasemdestaque.com\/cd\/?p=24734","name":"Cia de Circo de Sum\u00e9 tem projeto selecionado pela Funesc e apresenta\u00e7\u00e3o do espet\u00e1culo acontece no YouTube nesta sexta-feira (08\/05) - Not&iacute;cias em Destaque","isPartOf":{"@id":"https:\/\/noticiasemdestaque.com\/cd\/#website"},"primaryImageOfPage":{"@id":"https:\/\/noticiasemdestaque.com\/cd\/?p=24734#primaryimage"},"image":{"@id":"https:\/\/noticiasemdestaque.com\/cd\/?p=24734#primaryimage"},"thumbnailUrl":"https:\/\/noticiasemdestaque.com\/cd\/wp-content\/uploads\/2020\/05\/WhatsApp-Image-2020-05-06-at-17.34.43.jpeg","datePublished":"2020-05-08T00:01:01+00:00","breadcrumb":{"@id":"https:\/\/noticiasemdestaque.com\/cd\/?p=24734#breadcrumb"},"inLanguage":"pt-BR","potentialAction":[{"@type":"ReadAction","target":["https:\/\/noticiasemdestaque.com\/cd\/?p=24734"]}]},{"@type":"ImageObject","inLanguage":"pt-BR","@id":"https:\/\/noticiasemdestaque.com\/cd\/?p=24734#primaryimage","url":"https:\/\/noticiasemdestaque.com\/cd\/wp-content\/uploads\/2020\/05\/WhatsApp-Image-2020-05-06-at-17.34.43.jpeg","contentUrl":"https:\/\/noticiasemdestaque.com\/cd\/wp-content\/uploads\/2020\/05\/WhatsApp-Image-2020-05-06-at-17.34.43.jpeg","width":860,"height":960},{"@type":"BreadcrumbList","@id":"https:\/\/noticiasemdestaque.com\/cd\/?p=24734#breadcrumb","itemListElement":[{"@type":"ListItem","position":1,"name":"In\u00edcio","item":"https:\/\/noticiasemdestaque.com\/cd\/"},{"@type":"ListItem","position":2,"name":"Cia de Circo de Sum\u00e9 tem projeto selecionado pela Funesc e apresenta\u00e7\u00e3o do espet\u00e1culo acontece no YouTube nesta sexta-feira (08\/05)"}]},{"@type":"WebSite","@id":"https:\/\/noticiasemdestaque.com\/cd\/#website","url":"https:\/\/noticiasemdestaque.com\/cd\/","name":"Not&iacute;cias em Destaque","description":"","publisher":{"@id":"https:\/\/noticiasemdestaque.com\/cd\/#organization"},"potentialAction":[{"@type":"SearchAction","target":{"@type":"EntryPoint","urlTemplate":"https:\/\/noticiasemdestaque.com\/cd\/?s={search_term_string}"},"query-input":{"@type":"PropertyValueSpecification","valueRequired":true,"valueName":"search_term_string"}}],"inLanguage":"pt-BR"},{"@type":"Organization","@id":"https:\/\/noticiasemdestaque.com\/cd\/#organization","name":"Not\u00edcias em Destaque","url":"https:\/\/noticiasemdestaque.com\/cd\/","logo":{"@type":"ImageObject","inLanguage":"pt-BR","@id":"https:\/\/noticiasemdestaque.com\/cd\/#\/schema\/logo\/image\/","url":"https:\/\/noticiasemdestaque.com\/cd\/wp-content\/uploads\/2022\/05\/imagem-base-noticiasemdestaque.png","contentUrl":"https:\/\/noticiasemdestaque.com\/cd\/wp-content\/uploads\/2022\/05\/imagem-base-noticiasemdestaque.png","width":1200,"height":630,"caption":"Not\u00edcias em Destaque"},"image":{"@id":"https:\/\/noticiasemdestaque.com\/cd\/#\/schema\/logo\/image\/"}},{"@type":"Person","@id":"https:\/\/noticiasemdestaque.com\/cd\/#\/schema\/person\/21320b03a7e8bb90128938dafc9b908a","name":"Not\u00edcias em Destaque","url":"https:\/\/noticiasemdestaque.com\/cd\/?author=2"}]}},"jetpack_featured_media_url":"https:\/\/noticiasemdestaque.com\/cd\/wp-content\/uploads\/2020\/05\/WhatsApp-Image-2020-05-06-at-17.34.43.jpeg","jetpack_sharing_enabled":true,"_links":{"self":[{"href":"https:\/\/noticiasemdestaque.com\/cd\/index.php?rest_route=\/wp\/v2\/posts\/24734","targetHints":{"allow":["GET"]}}],"collection":[{"href":"https:\/\/noticiasemdestaque.com\/cd\/index.php?rest_route=\/wp\/v2\/posts"}],"about":[{"href":"https:\/\/noticiasemdestaque.com\/cd\/index.php?rest_route=\/wp\/v2\/types\/post"}],"author":[{"embeddable":true,"href":"https:\/\/noticiasemdestaque.com\/cd\/index.php?rest_route=\/wp\/v2\/users\/2"}],"replies":[{"embeddable":true,"href":"https:\/\/noticiasemdestaque.com\/cd\/index.php?rest_route=%2Fwp%2Fv2%2Fcomments&post=24734"}],"version-history":[{"count":1,"href":"https:\/\/noticiasemdestaque.com\/cd\/index.php?rest_route=\/wp\/v2\/posts\/24734\/revisions"}],"predecessor-version":[{"id":24737,"href":"https:\/\/noticiasemdestaque.com\/cd\/index.php?rest_route=\/wp\/v2\/posts\/24734\/revisions\/24737"}],"wp:featuredmedia":[{"embeddable":true,"href":"https:\/\/noticiasemdestaque.com\/cd\/index.php?rest_route=\/wp\/v2\/media\/24735"}],"wp:attachment":[{"href":"https:\/\/noticiasemdestaque.com\/cd\/index.php?rest_route=%2Fwp%2Fv2%2Fmedia&parent=24734"}],"wp:term":[{"taxonomy":"category","embeddable":true,"href":"https:\/\/noticiasemdestaque.com\/cd\/index.php?rest_route=%2Fwp%2Fv2%2Fcategories&post=24734"},{"taxonomy":"post_tag","embeddable":true,"href":"https:\/\/noticiasemdestaque.com\/cd\/index.php?rest_route=%2Fwp%2Fv2%2Ftags&post=24734"}],"curies":[{"name":"wp","href":"https:\/\/api.w.org\/{rel}","templated":true}]}}