{"id":24708,"date":"2020-05-06T21:41:25","date_gmt":"2020-05-07T00:41:25","guid":{"rendered":"http:\/\/noticiasemdestaque.com\/cd\/?p=24708"},"modified":"2020-05-06T21:49:23","modified_gmt":"2020-05-07T00:49:23","slug":"camara-de-sume-aprova-isencao-do-servico-de-iluminacao-publica-para-ligacao-de-equipamentos-voltados-a-agricultura-familiar-e-pecuaria","status":"publish","type":"post","link":"https:\/\/noticiasemdestaque.com\/cd\/?p=24708","title":{"rendered":"C\u00e2mara de Sum\u00e9 aprova isen\u00e7\u00e3o do servi\u00e7o de ilumina\u00e7\u00e3o p\u00fablica para liga\u00e7\u00e3o de equipamentos voltados a agricultura familiar e pecu\u00e1ria"},"content":{"rendered":"<p><a href=\"https:\/\/noticiasemdestaque.com\/cd\/wp-content\/uploads\/2020\/05\/867139b8-1afd-4e6b-903f-a5509242f508.jpg\"><img fetchpriority=\"high\" decoding=\"async\" class=\"wp-image-24714 aligncenter\" src=\"https:\/\/noticiasemdestaque.com\/cd\/wp-content\/uploads\/2020\/05\/867139b8-1afd-4e6b-903f-a5509242f508-1024x768.jpg\" alt=\"\" width=\"510\" height=\"383\" srcset=\"https:\/\/noticiasemdestaque.com\/cd\/wp-content\/uploads\/2020\/05\/867139b8-1afd-4e6b-903f-a5509242f508.jpg 1024w, https:\/\/noticiasemdestaque.com\/cd\/wp-content\/uploads\/2020\/05\/867139b8-1afd-4e6b-903f-a5509242f508-300x225.jpg 300w, https:\/\/noticiasemdestaque.com\/cd\/wp-content\/uploads\/2020\/05\/867139b8-1afd-4e6b-903f-a5509242f508-768x576.jpg 768w, https:\/\/noticiasemdestaque.com\/cd\/wp-content\/uploads\/2020\/05\/867139b8-1afd-4e6b-903f-a5509242f508-640x480.jpg 640w\" sizes=\"(max-width: 510px) 100vw, 510px\" \/><\/a><\/p>\n<p>A C\u00e2mara de Vereadores de Sum\u00e9 realizou na noite desta ter\u00e7a-feira (05), uma reuni\u00e3o para discutir projetos e requerimentos. Na oportunidade todos os vereadores estavam de m\u00e1scaras e utilizando \u00e1lcool gel 70%.<\/p>\n<p>Foi aprovado o projeto de lei 590\/2020 de autoria do Poder Executivo que denomina de Rua Maria do Socorro de Sousa \u201cSocorro do Dnocs\u201d, a Rua projetada localizada No bairro Novo Sum\u00e9- Quadra 11, situada entre as ruas Ant\u00f4nio Bezerra de Sousa e Jo\u00e3o Rodrigues Sobrinho.<\/p>\n<p>Foi aprovado o projeto de lei n\u00ba 589\/2020 que trata sobre os valores de custeio do servi\u00e7o de ilumina\u00e7\u00e3o p\u00fablica-CIP, ficam tamb\u00e9m isentos da contribui\u00e7\u00e3o os usu\u00e1rios mais de uma UC, desde que comprovem, atrav\u00e9s de requerimento direcionado a Prefeitura, que uma dessas UCs se destinam exclusivamente a liga\u00e7\u00e3o de equipamentos voltados a agricultura familiar e pecu\u00e1ria, como eletrobombas (submersas ou injetoras, monof\u00e1sicas ou trif\u00e1sicas, independentes de sua pot\u00eancia.<\/p>\n<p><a href=\"https:\/\/noticiasemdestaque.com\/cd\/wp-content\/uploads\/2020\/05\/7d3331a4-2a55-43c9-a074-de054e96b04d.jpg\"><img decoding=\"async\" class=\"wp-image-24710 aligncenter\" src=\"https:\/\/noticiasemdestaque.com\/cd\/wp-content\/uploads\/2020\/05\/7d3331a4-2a55-43c9-a074-de054e96b04d.jpg\" alt=\"\" width=\"430\" height=\"430\" srcset=\"https:\/\/noticiasemdestaque.com\/cd\/wp-content\/uploads\/2020\/05\/7d3331a4-2a55-43c9-a074-de054e96b04d.jpg 1024w, https:\/\/noticiasemdestaque.com\/cd\/wp-content\/uploads\/2020\/05\/7d3331a4-2a55-43c9-a074-de054e96b04d-150x150.jpg 150w, https:\/\/noticiasemdestaque.com\/cd\/wp-content\/uploads\/2020\/05\/7d3331a4-2a55-43c9-a074-de054e96b04d-300x300.jpg 300w, https:\/\/noticiasemdestaque.com\/cd\/wp-content\/uploads\/2020\/05\/7d3331a4-2a55-43c9-a074-de054e96b04d-768x768.jpg 768w\" sizes=\"(max-width: 430px) 100vw, 430px\" \/><\/a><\/p>\n<p>O vereador Juan Pereira apresentou requerimento solicitando a viabiliza\u00e7\u00e3o de transporte di\u00e1rio para Michele Barros e suas filhas que fazem tratamento de sa\u00fade em Campina Grande.<\/p>\n<p><a href=\"https:\/\/noticiasemdestaque.com\/cd\/wp-content\/uploads\/2020\/05\/aa6c254e-2c10-4bf9-b9f7-4e29364f7539.jpg\"><img decoding=\"async\" class=\"wp-image-24709 aligncenter\" src=\"https:\/\/noticiasemdestaque.com\/cd\/wp-content\/uploads\/2020\/05\/aa6c254e-2c10-4bf9-b9f7-4e29364f7539.jpg\" alt=\"\" width=\"417\" height=\"489\" srcset=\"https:\/\/noticiasemdestaque.com\/cd\/wp-content\/uploads\/2020\/05\/aa6c254e-2c10-4bf9-b9f7-4e29364f7539.jpg 657w, https:\/\/noticiasemdestaque.com\/cd\/wp-content\/uploads\/2020\/05\/aa6c254e-2c10-4bf9-b9f7-4e29364f7539-256x300.jpg 256w\" sizes=\"(max-width: 417px) 100vw, 417px\" \/><\/a><\/p>\n<p>O vereador Nilson Brito apresentou requerimento solicitando ao prefeito \u00c9den Duarte a recupera\u00e7\u00e3o da estrada que liga o Assentamento C\u00edcero Severo at\u00e9 o s\u00edtio Retiro, Tr\u00eas Casas e S\u00edtio Ing\u00e1, 5Km de estrada que ir\u00e1 tirar de isolamento os moradores destas localidades.<\/p>\n<p>Nilson Brito apresentou requerimento solicitando uma adutora atrav\u00e9s de emendas, recursos pr\u00f3prios ou do Programa \u00c1gua Singela para as comunidades de Ladeira do Padre e Terra Vermelha.<\/p>\n<p>Nilson Brito agradeceu ao prefeito\u00a0<a href=\"https:\/\/www.facebook.com\/eden.duarte.7?__tn__=K-R&amp;eid=ARAk1aSqbnGMiNbQ3pVq3DR2mRpNz2DwBogg2CG5T68u2H_QdFzpyMTs0RXeqz2VnJVdUULBIh9BR-K9&amp;fref=mentions&amp;__xts__%5B0%5D=68.ARC1F7tHdjFh-qE5cYIP9EOm5TOhNKzw9Xx9bI2IBb4JqP85bZH19M-OawVlnD1cJNzJzw0iaJy5DZm2ODi9tfJJzavuwX2CI3ikcRAu4Twyaf0mw05wcLNZ2e3PvuSMnBhugj6HLOtn9g6C12C0CJ4aXAA26Qa51OO1Fj5LMIk2y0526Pcj4_oHNacWmNaMFII8DTkt2sJ9cV-DcSecTgBkMKnJL7j44yVfCb31KsZjFbOvIaO1l8g29mKFf_zrVVxH4KrZ_y2AttpbVVW971d3ZcOD9ssc9QKi8sYFXfgvlJ0CA95CMhoRFsx05AnYXGHga4kPCgm5rcDBxq1P8ZeFpA\">\u00c9den Duarte<\/a>\u00a0por ter atendido a uma indica\u00e7\u00e3o sua e encaminhado um projeto que foi aprovado que trata sobre a isen\u00e7\u00e3o de cobran\u00e7a da taxa de ilumina\u00e7\u00e3o p\u00fablica de todos os po\u00e7os da zona rural do munic\u00edpio<\/p>\n<p><a href=\"https:\/\/noticiasemdestaque.com\/cd\/wp-content\/uploads\/2020\/05\/315a110e-0209-4a6e-afe4-5e4aa7f1763f.jpg\"><img loading=\"lazy\" decoding=\"async\" class=\"wp-image-24712 aligncenter\" src=\"https:\/\/noticiasemdestaque.com\/cd\/wp-content\/uploads\/2020\/05\/315a110e-0209-4a6e-afe4-5e4aa7f1763f.jpg\" alt=\"\" width=\"422\" height=\"541\" srcset=\"https:\/\/noticiasemdestaque.com\/cd\/wp-content\/uploads\/2020\/05\/315a110e-0209-4a6e-afe4-5e4aa7f1763f.jpg 709w, https:\/\/noticiasemdestaque.com\/cd\/wp-content\/uploads\/2020\/05\/315a110e-0209-4a6e-afe4-5e4aa7f1763f-234x300.jpg 234w\" sizes=\"(max-width: 422px) 100vw, 422px\" \/><\/a><\/p>\n<p>O vereador Daniel L\u00eala apresentou voto de pesar a fam\u00edlia da senhora Antonieta de Sousa Batista.<\/p>\n<p>O Poder Executivo encaminhou o Projeto de Lei \u00e0 C\u00e2mara de Vereadores prorrogando os prazos de pagamentos do IPTU 2020. Os prazos que venciam no final de abril, maio e junho, foram estendidos por mais 30 dias.<\/p>\n<p>O calend\u00e1rio para pagamento passaria a valer da seguinte forma.<\/p>\n<ul>\n<li>1\u00aa parcela: vencimento em 30 de junho de 2020;<\/li>\n<li>2\u00aa parcela: vencimento 31 de julho de 2020;<\/li>\n<li>3\u00aa parcela: em 31 de agosto de 2020.<\/li>\n<\/ul>\n<p><a href=\"https:\/\/noticiasemdestaque.com\/cd\/wp-content\/uploads\/2020\/05\/0414753c-4a6d-4e43-ab8d-b67057fa5e04.jpg\"><img loading=\"lazy\" decoding=\"async\" class=\"wp-image-24713 aligncenter\" src=\"https:\/\/noticiasemdestaque.com\/cd\/wp-content\/uploads\/2020\/05\/0414753c-4a6d-4e43-ab8d-b67057fa5e04.jpg\" alt=\"\" width=\"436\" height=\"458\" srcset=\"https:\/\/noticiasemdestaque.com\/cd\/wp-content\/uploads\/2020\/05\/0414753c-4a6d-4e43-ab8d-b67057fa5e04.jpg 785w, https:\/\/noticiasemdestaque.com\/cd\/wp-content\/uploads\/2020\/05\/0414753c-4a6d-4e43-ab8d-b67057fa5e04-285x300.jpg 285w, https:\/\/noticiasemdestaque.com\/cd\/wp-content\/uploads\/2020\/05\/0414753c-4a6d-4e43-ab8d-b67057fa5e04-768x807.jpg 768w\" sizes=\"(max-width: 436px) 100vw, 436px\" \/><\/a><\/p>\n<p>Na ocasi\u00e3o foi aprovado o projeto de lei 591\/2020, de autoria do vereador Jos\u00e9 Ant\u00f4nio, altera o projeto de lei n\u00ba 1.344 de 2019, que trata sobre o lan\u00e7amento do IPTU-Imposto sobre a Propriedade Predial e Territorial Urbana, exerc\u00edcio 2019.<\/p>\n<p>1\u00aa Parcela em 30 de setembro de 2020<\/p>\n<p>2\u00aa Parcela em 30 de outubro de 2020<\/p>\n<p>3 Parcela 30 de novembro de 2020<\/p>\n<p>Cota antecipada e a data de vencimento para pagamento integral at\u00e9 30 de setembro com desconto de 10%.<\/p>\n<p>Cota \u00fanica para o pagamento integral at\u00e9 30 de novembro de 2020.<\/p>\n<p><a href=\"https:\/\/noticiasemdestaque.com\/cd\/wp-content\/uploads\/2020\/05\/8b93875e-1331-4650-a8c0-446149e462e2.jpg\"><img loading=\"lazy\" decoding=\"async\" class=\"wp-image-24711 aligncenter\" src=\"https:\/\/noticiasemdestaque.com\/cd\/wp-content\/uploads\/2020\/05\/8b93875e-1331-4650-a8c0-446149e462e2.jpg\" alt=\"\" width=\"434\" height=\"434\" srcset=\"https:\/\/noticiasemdestaque.com\/cd\/wp-content\/uploads\/2020\/05\/8b93875e-1331-4650-a8c0-446149e462e2.jpg 1024w, https:\/\/noticiasemdestaque.com\/cd\/wp-content\/uploads\/2020\/05\/8b93875e-1331-4650-a8c0-446149e462e2-150x150.jpg 150w, https:\/\/noticiasemdestaque.com\/cd\/wp-content\/uploads\/2020\/05\/8b93875e-1331-4650-a8c0-446149e462e2-300x300.jpg 300w, https:\/\/noticiasemdestaque.com\/cd\/wp-content\/uploads\/2020\/05\/8b93875e-1331-4650-a8c0-446149e462e2-768x768.jpg 768w\" sizes=\"(max-width: 434px) 100vw, 434px\" \/><\/a><\/p>\n<p>Na oportunidade a vereadora Br\u00edgida Xavier solicitou que a C\u00e2mara encaminhe ao Poder Executivo uma indica\u00e7\u00e3o para que seja colocada tendas, cadeiras, \u00e1lcool em gel e lavat\u00f3rios nos bancos e correspondentes banc\u00e1rios do munic\u00edpio, principalmente nos pontos de maior aglomera\u00e7\u00e3o.<\/p>\n<p>Presente \u00e0 reuni\u00e3o, o secret\u00e1rio de administra\u00e7\u00e3o Bonilson Tim\u00f3teo, informou que as medidas est\u00e3o sendo tomadas, como a coloca\u00e7\u00e3o das tendas, lavat\u00f3rios e organiza\u00e7\u00e3o das ruas.<\/p>\n<p><a href=\"https:\/\/noticiasemdestaque.com\/cd\/wp-content\/uploads\/2020\/05\/a63d5a97-b272-4ef1-927e-c8b47cc0f67b.jpg\"><img loading=\"lazy\" decoding=\"async\" class=\"wp-image-24715 aligncenter\" src=\"https:\/\/noticiasemdestaque.com\/cd\/wp-content\/uploads\/2020\/05\/a63d5a97-b272-4ef1-927e-c8b47cc0f67b.jpg\" alt=\"\" width=\"417\" height=\"489\" srcset=\"https:\/\/noticiasemdestaque.com\/cd\/wp-content\/uploads\/2020\/05\/a63d5a97-b272-4ef1-927e-c8b47cc0f67b.jpg 785w, https:\/\/noticiasemdestaque.com\/cd\/wp-content\/uploads\/2020\/05\/a63d5a97-b272-4ef1-927e-c8b47cc0f67b-256x300.jpg 256w, https:\/\/noticiasemdestaque.com\/cd\/wp-content\/uploads\/2020\/05\/a63d5a97-b272-4ef1-927e-c8b47cc0f67b-768x901.jpg 768w\" sizes=\"(max-width: 417px) 100vw, 417px\" \/><\/a><\/p>\n<p>O l\u00edder do governo na C\u00e2mara, Ant\u00f4nio Carlos Sarmento, agradeceu a todos os pares pela aprova\u00e7\u00e3o dos projetos.<\/p>\n<p>Ant\u00f4nio Carlos solicitou a possibilidade da Prefeitura pagar um adicional para os profissionais da sa\u00fade que est\u00e3o no enfrentamento ao coronav\u00edrus.<\/p>\n<p><a href=\"https:\/\/noticiasemdestaque.com\/cd\/wp-content\/uploads\/2020\/05\/ac2cb16a-9330-4464-b505-1dd597174318.jpg\"><img loading=\"lazy\" decoding=\"async\" class=\"wp-image-24719 aligncenter\" src=\"https:\/\/noticiasemdestaque.com\/cd\/wp-content\/uploads\/2020\/05\/ac2cb16a-9330-4464-b505-1dd597174318.jpg\" alt=\"\" width=\"436\" height=\"492\" srcset=\"https:\/\/noticiasemdestaque.com\/cd\/wp-content\/uploads\/2020\/05\/ac2cb16a-9330-4464-b505-1dd597174318.jpg 889w, https:\/\/noticiasemdestaque.com\/cd\/wp-content\/uploads\/2020\/05\/ac2cb16a-9330-4464-b505-1dd597174318-266x300.jpg 266w, https:\/\/noticiasemdestaque.com\/cd\/wp-content\/uploads\/2020\/05\/ac2cb16a-9330-4464-b505-1dd597174318-768x866.jpg 768w\" sizes=\"(max-width: 436px) 100vw, 436px\" \/><\/a><\/p>\n<p>O presidente da C\u00e2mara de Vereadores, Le\u00f4nidas Albino,apresentou voto de pesar pela morte da senhora Josilene Alves.<\/p>\n<div class=\"text_exposed_show\">\n<p>Bomba destacou que a C\u00e2mara de Vereadores sempre estar\u00e1 a disposi\u00e7\u00e3o para discutir projetos de interesse da popula\u00e7\u00e3o.<\/p>\n<\/div>\n<p><em><strong>Not\u00edcias em Destaque<\/strong><\/em><\/p>\n<p>Ascom\/C\u00e2mara<\/p>\n","protected":false},"excerpt":{"rendered":"<p>A C\u00e2mara de Vereadores de Sum\u00e9 realizou na noite desta ter\u00e7a-feira (05), uma reuni\u00e3o para discutir projetos e requerimentos. Na oportunidade todos os vereadores estavam de m\u00e1scaras e utilizando \u00e1lcool gel 70%. Foi aprovado o projeto de lei 590\/2020 de autoria do Poder Executivo que denomina de Rua Maria do Socorro de Sousa \u201cSocorro do Dnocs\u201d, a Rua projetada localizada No bairro Novo Sum\u00e9- Quadra 11, situada entre as ruas Ant\u00f4nio Bezerra de Sousa e Jo\u00e3o Rodrigues Sobrinho. Foi aprovado o projeto de lei n\u00ba 589\/2020 que trata sobre os valores de custeio do servi\u00e7o de ilumina\u00e7\u00e3o p\u00fablica-CIP, ficam tamb\u00e9m isentos da contribui\u00e7\u00e3o os usu\u00e1rios mais de uma UC, desde que comprovem, atrav\u00e9s de requerimento direcionado a Prefeitura, que uma dessas UCs se destinam exclusivamente a liga\u00e7\u00e3o de equipamentos voltados a agricultura familiar e pecu\u00e1ria, como eletrobombas (submersas ou injetoras, monof\u00e1sicas ou trif\u00e1sicas, independentes de sua pot\u00eancia. O vereador Juan Pereira apresentou requerimento solicitando a viabiliza\u00e7\u00e3o de transporte di\u00e1rio para Michele Barros e suas filhas que fazem tratamento de sa\u00fade em Campina Grande. O vereador Nilson Brito apresentou requerimento solicitando ao prefeito \u00c9den Duarte a recupera\u00e7\u00e3o da estrada que liga o Assentamento C\u00edcero Severo at\u00e9 o s\u00edtio Retiro, Tr\u00eas Casas e S\u00edtio Ing\u00e1, 5Km de estrada que ir\u00e1 tirar de isolamento os moradores destas localidades. Nilson Brito apresentou requerimento solicitando uma adutora atrav\u00e9s de emendas, recursos pr\u00f3prios ou do Programa \u00c1gua Singela para as comunidades de Ladeira do Padre e Terra Vermelha. Nilson Brito agradeceu ao prefeito\u00a0\u00c9den Duarte\u00a0por ter atendido a uma indica\u00e7\u00e3o sua e encaminhado um projeto que foi aprovado que trata sobre a isen\u00e7\u00e3o de cobran\u00e7a da taxa de ilumina\u00e7\u00e3o p\u00fablica de todos os po\u00e7os da zona rural do munic\u00edpio O vereador Daniel L\u00eala apresentou voto de pesar a fam\u00edlia da senhora Antonieta de Sousa Batista. O Poder Executivo encaminhou o Projeto de Lei \u00e0 C\u00e2mara de Vereadores prorrogando os prazos de pagamentos do IPTU 2020. Os prazos que venciam no final de abril, maio e junho, foram estendidos por mais 30 dias. O calend\u00e1rio para pagamento passaria a valer da seguinte forma. 1\u00aa parcela: vencimento em 30 de junho de 2020; 2\u00aa parcela: vencimento 31 de julho de 2020; 3\u00aa parcela: em 31 de agosto de 2020. Na ocasi\u00e3o foi aprovado o projeto de lei 591\/2020, de autoria do vereador Jos\u00e9 Ant\u00f4nio, altera o projeto de lei n\u00ba 1.344 de 2019, que trata sobre o lan\u00e7amento do IPTU-Imposto sobre a Propriedade Predial e Territorial Urbana, exerc\u00edcio 2019. 1\u00aa Parcela em 30 de setembro de 2020 2\u00aa Parcela em 30 de outubro de 2020 3 Parcela 30 de novembro de 2020 Cota antecipada e a data de vencimento para pagamento integral at\u00e9 30 de setembro com desconto de 10%. Cota \u00fanica para o pagamento integral at\u00e9 30 de novembro de 2020. Na oportunidade a vereadora Br\u00edgida Xavier solicitou que a C\u00e2mara encaminhe ao Poder Executivo uma indica\u00e7\u00e3o para que seja colocada tendas, cadeiras, \u00e1lcool em gel e lavat\u00f3rios nos bancos e correspondentes banc\u00e1rios do munic\u00edpio, principalmente nos pontos de maior aglomera\u00e7\u00e3o. Presente \u00e0 reuni\u00e3o, o secret\u00e1rio de administra\u00e7\u00e3o Bonilson Tim\u00f3teo, informou que as medidas est\u00e3o sendo tomadas, como a coloca\u00e7\u00e3o das tendas, lavat\u00f3rios e organiza\u00e7\u00e3o das ruas. O l\u00edder do governo na C\u00e2mara, Ant\u00f4nio Carlos Sarmento, agradeceu a todos os pares pela aprova\u00e7\u00e3o dos projetos. Ant\u00f4nio Carlos solicitou a possibilidade da Prefeitura pagar um adicional para os profissionais da sa\u00fade que est\u00e3o no enfrentamento ao coronav\u00edrus. O presidente da C\u00e2mara de Vereadores, Le\u00f4nidas Albino,apresentou voto de pesar pela morte da senhora Josilene Alves. Bomba destacou que a C\u00e2mara de Vereadores sempre estar\u00e1 a disposi\u00e7\u00e3o para discutir projetos de interesse da popula\u00e7\u00e3o. Not\u00edcias em Destaque Ascom\/C\u00e2mara<\/p>\n","protected":false},"author":2,"featured_media":24714,"comment_status":"closed","ping_status":"open","sticky":false,"template":"","format":"standard","meta":{"_eb_attr":"","_jetpack_memberships_contains_paid_content":false,"footnotes":""},"categories":[4],"tags":[],"class_list":["post-24708","post","type-post","status-publish","format-standard","has-post-thumbnail","hentry","category-politica"],"yoast_head":"<!-- This site is optimized with the Yoast SEO plugin v26.5 - https:\/\/yoast.com\/wordpress\/plugins\/seo\/ -->\n<title>C\u00e2mara de Sum\u00e9 aprova isen\u00e7\u00e3o do servi\u00e7o de ilumina\u00e7\u00e3o p\u00fablica para liga\u00e7\u00e3o de equipamentos voltados a agricultura familiar e pecu\u00e1ria - Not&iacute;cias em Destaque<\/title>\n<meta name=\"robots\" content=\"index, follow, max-snippet:-1, max-image-preview:large, max-video-preview:-1\" \/>\n<link rel=\"canonical\" href=\"https:\/\/noticiasemdestaque.com\/cd\/?p=24708\" \/>\n<meta property=\"og:locale\" content=\"pt_BR\" \/>\n<meta property=\"og:type\" content=\"article\" \/>\n<meta property=\"og:title\" content=\"C\u00e2mara de Sum\u00e9 aprova isen\u00e7\u00e3o do servi\u00e7o de ilumina\u00e7\u00e3o p\u00fablica para liga\u00e7\u00e3o de equipamentos voltados a agricultura familiar e pecu\u00e1ria - Not&iacute;cias em Destaque\" \/>\n<meta property=\"og:description\" content=\"A C\u00e2mara de Vereadores de Sum\u00e9 realizou na noite desta ter\u00e7a-feira (05), uma reuni\u00e3o para discutir projetos e requerimentos. Na oportunidade todos os vereadores estavam de m\u00e1scaras e utilizando \u00e1lcool gel 70%. Foi aprovado o projeto de lei 590\/2020 de autoria do Poder Executivo que denomina de Rua Maria do Socorro de Sousa \u201cSocorro do Dnocs\u201d, a Rua projetada localizada No bairro Novo Sum\u00e9- Quadra 11, situada entre as ruas Ant\u00f4nio Bezerra de Sousa e Jo\u00e3o Rodrigues Sobrinho. Foi aprovado o projeto de lei n\u00ba 589\/2020 que trata sobre os valores de custeio do servi\u00e7o de ilumina\u00e7\u00e3o p\u00fablica-CIP, ficam tamb\u00e9m isentos da contribui\u00e7\u00e3o os usu\u00e1rios mais de uma UC, desde que comprovem, atrav\u00e9s de requerimento direcionado a Prefeitura, que uma dessas UCs se destinam exclusivamente a liga\u00e7\u00e3o de equipamentos voltados a agricultura familiar e pecu\u00e1ria, como eletrobombas (submersas ou injetoras, monof\u00e1sicas ou trif\u00e1sicas, independentes de sua pot\u00eancia. O vereador Juan Pereira apresentou requerimento solicitando a viabiliza\u00e7\u00e3o de transporte di\u00e1rio para Michele Barros e suas filhas que fazem tratamento de sa\u00fade em Campina Grande. O vereador Nilson Brito apresentou requerimento solicitando ao prefeito \u00c9den Duarte a recupera\u00e7\u00e3o da estrada que liga o Assentamento C\u00edcero Severo at\u00e9 o s\u00edtio Retiro, Tr\u00eas Casas e S\u00edtio Ing\u00e1, 5Km de estrada que ir\u00e1 tirar de isolamento os moradores destas localidades. Nilson Brito apresentou requerimento solicitando uma adutora atrav\u00e9s de emendas, recursos pr\u00f3prios ou do Programa \u00c1gua Singela para as comunidades de Ladeira do Padre e Terra Vermelha. Nilson Brito agradeceu ao prefeito\u00a0\u00c9den Duarte\u00a0por ter atendido a uma indica\u00e7\u00e3o sua e encaminhado um projeto que foi aprovado que trata sobre a isen\u00e7\u00e3o de cobran\u00e7a da taxa de ilumina\u00e7\u00e3o p\u00fablica de todos os po\u00e7os da zona rural do munic\u00edpio O vereador Daniel L\u00eala apresentou voto de pesar a fam\u00edlia da senhora Antonieta de Sousa Batista. O Poder Executivo encaminhou o Projeto de Lei \u00e0 C\u00e2mara de Vereadores prorrogando os prazos de pagamentos do IPTU 2020. Os prazos que venciam no final de abril, maio e junho, foram estendidos por mais 30 dias. O calend\u00e1rio para pagamento passaria a valer da seguinte forma. 1\u00aa parcela: vencimento em 30 de junho de 2020; 2\u00aa parcela: vencimento 31 de julho de 2020; 3\u00aa parcela: em 31 de agosto de 2020. Na ocasi\u00e3o foi aprovado o projeto de lei 591\/2020, de autoria do vereador Jos\u00e9 Ant\u00f4nio, altera o projeto de lei n\u00ba 1.344 de 2019, que trata sobre o lan\u00e7amento do IPTU-Imposto sobre a Propriedade Predial e Territorial Urbana, exerc\u00edcio 2019. 1\u00aa Parcela em 30 de setembro de 2020 2\u00aa Parcela em 30 de outubro de 2020 3 Parcela 30 de novembro de 2020 Cota antecipada e a data de vencimento para pagamento integral at\u00e9 30 de setembro com desconto de 10%. Cota \u00fanica para o pagamento integral at\u00e9 30 de novembro de 2020. Na oportunidade a vereadora Br\u00edgida Xavier solicitou que a C\u00e2mara encaminhe ao Poder Executivo uma indica\u00e7\u00e3o para que seja colocada tendas, cadeiras, \u00e1lcool em gel e lavat\u00f3rios nos bancos e correspondentes banc\u00e1rios do munic\u00edpio, principalmente nos pontos de maior aglomera\u00e7\u00e3o. Presente \u00e0 reuni\u00e3o, o secret\u00e1rio de administra\u00e7\u00e3o Bonilson Tim\u00f3teo, informou que as medidas est\u00e3o sendo tomadas, como a coloca\u00e7\u00e3o das tendas, lavat\u00f3rios e organiza\u00e7\u00e3o das ruas. O l\u00edder do governo na C\u00e2mara, Ant\u00f4nio Carlos Sarmento, agradeceu a todos os pares pela aprova\u00e7\u00e3o dos projetos. Ant\u00f4nio Carlos solicitou a possibilidade da Prefeitura pagar um adicional para os profissionais da sa\u00fade que est\u00e3o no enfrentamento ao coronav\u00edrus. O presidente da C\u00e2mara de Vereadores, Le\u00f4nidas Albino,apresentou voto de pesar pela morte da senhora Josilene Alves. Bomba destacou que a C\u00e2mara de Vereadores sempre estar\u00e1 a disposi\u00e7\u00e3o para discutir projetos de interesse da popula\u00e7\u00e3o. Not\u00edcias em Destaque Ascom\/C\u00e2mara\" \/>\n<meta property=\"og:url\" content=\"https:\/\/noticiasemdestaque.com\/cd\/?p=24708\" \/>\n<meta property=\"og:site_name\" content=\"Not&iacute;cias em Destaque\" \/>\n<meta property=\"article:published_time\" content=\"2020-05-07T00:41:25+00:00\" \/>\n<meta property=\"article:modified_time\" content=\"2020-05-07T00:49:23+00:00\" \/>\n<meta property=\"og:image\" content=\"https:\/\/noticiasemdestaque.com\/cd\/wp-content\/uploads\/2020\/05\/867139b8-1afd-4e6b-903f-a5509242f508.jpg\" \/>\n\t<meta property=\"og:image:width\" content=\"1024\" \/>\n\t<meta property=\"og:image:height\" content=\"768\" \/>\n\t<meta property=\"og:image:type\" content=\"image\/jpeg\" \/>\n<meta name=\"author\" content=\"Not\u00edcias em Destaque\" \/>\n<meta name=\"twitter:card\" content=\"summary_large_image\" \/>\n<meta name=\"twitter:label1\" content=\"Escrito por\" \/>\n\t<meta name=\"twitter:data1\" content=\"Not\u00edcias em Destaque\" \/>\n\t<meta name=\"twitter:label2\" content=\"Est. tempo de leitura\" \/>\n\t<meta name=\"twitter:data2\" content=\"3 minutos\" \/>\n<script type=\"application\/ld+json\" class=\"yoast-schema-graph\">{\"@context\":\"https:\/\/schema.org\",\"@graph\":[{\"@type\":\"Article\",\"@id\":\"https:\/\/noticiasemdestaque.com\/cd\/?p=24708#article\",\"isPartOf\":{\"@id\":\"https:\/\/noticiasemdestaque.com\/cd\/?p=24708\"},\"author\":{\"name\":\"Not\u00edcias em Destaque\",\"@id\":\"https:\/\/noticiasemdestaque.com\/cd\/#\/schema\/person\/21320b03a7e8bb90128938dafc9b908a\"},\"headline\":\"C\u00e2mara de Sum\u00e9 aprova isen\u00e7\u00e3o do servi\u00e7o de ilumina\u00e7\u00e3o p\u00fablica para liga\u00e7\u00e3o de equipamentos voltados a agricultura familiar e pecu\u00e1ria\",\"datePublished\":\"2020-05-07T00:41:25+00:00\",\"dateModified\":\"2020-05-07T00:49:23+00:00\",\"mainEntityOfPage\":{\"@id\":\"https:\/\/noticiasemdestaque.com\/cd\/?p=24708\"},\"wordCount\":677,\"publisher\":{\"@id\":\"https:\/\/noticiasemdestaque.com\/cd\/#organization\"},\"image\":{\"@id\":\"https:\/\/noticiasemdestaque.com\/cd\/?p=24708#primaryimage\"},\"thumbnailUrl\":\"https:\/\/noticiasemdestaque.com\/cd\/wp-content\/uploads\/2020\/05\/867139b8-1afd-4e6b-903f-a5509242f508.jpg\",\"articleSection\":[\"Pol\u00edtica\"],\"inLanguage\":\"pt-BR\"},{\"@type\":\"WebPage\",\"@id\":\"https:\/\/noticiasemdestaque.com\/cd\/?p=24708\",\"url\":\"https:\/\/noticiasemdestaque.com\/cd\/?p=24708\",\"name\":\"C\u00e2mara de Sum\u00e9 aprova isen\u00e7\u00e3o do servi\u00e7o de ilumina\u00e7\u00e3o p\u00fablica para liga\u00e7\u00e3o de equipamentos voltados a agricultura familiar e pecu\u00e1ria - Not&iacute;cias em Destaque\",\"isPartOf\":{\"@id\":\"https:\/\/noticiasemdestaque.com\/cd\/#website\"},\"primaryImageOfPage\":{\"@id\":\"https:\/\/noticiasemdestaque.com\/cd\/?p=24708#primaryimage\"},\"image\":{\"@id\":\"https:\/\/noticiasemdestaque.com\/cd\/?p=24708#primaryimage\"},\"thumbnailUrl\":\"https:\/\/noticiasemdestaque.com\/cd\/wp-content\/uploads\/2020\/05\/867139b8-1afd-4e6b-903f-a5509242f508.jpg\",\"datePublished\":\"2020-05-07T00:41:25+00:00\",\"dateModified\":\"2020-05-07T00:49:23+00:00\",\"breadcrumb\":{\"@id\":\"https:\/\/noticiasemdestaque.com\/cd\/?p=24708#breadcrumb\"},\"inLanguage\":\"pt-BR\",\"potentialAction\":[{\"@type\":\"ReadAction\",\"target\":[\"https:\/\/noticiasemdestaque.com\/cd\/?p=24708\"]}]},{\"@type\":\"ImageObject\",\"inLanguage\":\"pt-BR\",\"@id\":\"https:\/\/noticiasemdestaque.com\/cd\/?p=24708#primaryimage\",\"url\":\"https:\/\/noticiasemdestaque.com\/cd\/wp-content\/uploads\/2020\/05\/867139b8-1afd-4e6b-903f-a5509242f508.jpg\",\"contentUrl\":\"https:\/\/noticiasemdestaque.com\/cd\/wp-content\/uploads\/2020\/05\/867139b8-1afd-4e6b-903f-a5509242f508.jpg\",\"width\":1024,\"height\":768},{\"@type\":\"BreadcrumbList\",\"@id\":\"https:\/\/noticiasemdestaque.com\/cd\/?p=24708#breadcrumb\",\"itemListElement\":[{\"@type\":\"ListItem\",\"position\":1,\"name\":\"In\u00edcio\",\"item\":\"https:\/\/noticiasemdestaque.com\/cd\/\"},{\"@type\":\"ListItem\",\"position\":2,\"name\":\"C\u00e2mara de Sum\u00e9 aprova isen\u00e7\u00e3o do servi\u00e7o de ilumina\u00e7\u00e3o p\u00fablica para liga\u00e7\u00e3o de equipamentos voltados a agricultura familiar e pecu\u00e1ria\"}]},{\"@type\":\"WebSite\",\"@id\":\"https:\/\/noticiasemdestaque.com\/cd\/#website\",\"url\":\"https:\/\/noticiasemdestaque.com\/cd\/\",\"name\":\"Not&iacute;cias em Destaque\",\"description\":\"\",\"publisher\":{\"@id\":\"https:\/\/noticiasemdestaque.com\/cd\/#organization\"},\"potentialAction\":[{\"@type\":\"SearchAction\",\"target\":{\"@type\":\"EntryPoint\",\"urlTemplate\":\"https:\/\/noticiasemdestaque.com\/cd\/?s={search_term_string}\"},\"query-input\":{\"@type\":\"PropertyValueSpecification\",\"valueRequired\":true,\"valueName\":\"search_term_string\"}}],\"inLanguage\":\"pt-BR\"},{\"@type\":\"Organization\",\"@id\":\"https:\/\/noticiasemdestaque.com\/cd\/#organization\",\"name\":\"Not\u00edcias em Destaque\",\"url\":\"https:\/\/noticiasemdestaque.com\/cd\/\",\"logo\":{\"@type\":\"ImageObject\",\"inLanguage\":\"pt-BR\",\"@id\":\"https:\/\/noticiasemdestaque.com\/cd\/#\/schema\/logo\/image\/\",\"url\":\"https:\/\/noticiasemdestaque.com\/cd\/wp-content\/uploads\/2022\/05\/imagem-base-noticiasemdestaque.png\",\"contentUrl\":\"https:\/\/noticiasemdestaque.com\/cd\/wp-content\/uploads\/2022\/05\/imagem-base-noticiasemdestaque.png\",\"width\":1200,\"height\":630,\"caption\":\"Not\u00edcias em Destaque\"},\"image\":{\"@id\":\"https:\/\/noticiasemdestaque.com\/cd\/#\/schema\/logo\/image\/\"}},{\"@type\":\"Person\",\"@id\":\"https:\/\/noticiasemdestaque.com\/cd\/#\/schema\/person\/21320b03a7e8bb90128938dafc9b908a\",\"name\":\"Not\u00edcias em Destaque\",\"url\":\"https:\/\/noticiasemdestaque.com\/cd\/?author=2\"}]}<\/script>\n<!-- \/ Yoast SEO plugin. -->","yoast_head_json":{"title":"C\u00e2mara de Sum\u00e9 aprova isen\u00e7\u00e3o do servi\u00e7o de ilumina\u00e7\u00e3o p\u00fablica para liga\u00e7\u00e3o de equipamentos voltados a agricultura familiar e pecu\u00e1ria - Not&iacute;cias em Destaque","robots":{"index":"index","follow":"follow","max-snippet":"max-snippet:-1","max-image-preview":"max-image-preview:large","max-video-preview":"max-video-preview:-1"},"canonical":"https:\/\/noticiasemdestaque.com\/cd\/?p=24708","og_locale":"pt_BR","og_type":"article","og_title":"C\u00e2mara de Sum\u00e9 aprova isen\u00e7\u00e3o do servi\u00e7o de ilumina\u00e7\u00e3o p\u00fablica para liga\u00e7\u00e3o de equipamentos voltados a agricultura familiar e pecu\u00e1ria - Not&iacute;cias em Destaque","og_description":"A C\u00e2mara de Vereadores de Sum\u00e9 realizou na noite desta ter\u00e7a-feira (05), uma reuni\u00e3o para discutir projetos e requerimentos. Na oportunidade todos os vereadores estavam de m\u00e1scaras e utilizando \u00e1lcool gel 70%. Foi aprovado o projeto de lei 590\/2020 de autoria do Poder Executivo que denomina de Rua Maria do Socorro de Sousa \u201cSocorro do Dnocs\u201d, a Rua projetada localizada No bairro Novo Sum\u00e9- Quadra 11, situada entre as ruas Ant\u00f4nio Bezerra de Sousa e Jo\u00e3o Rodrigues Sobrinho. Foi aprovado o projeto de lei n\u00ba 589\/2020 que trata sobre os valores de custeio do servi\u00e7o de ilumina\u00e7\u00e3o p\u00fablica-CIP, ficam tamb\u00e9m isentos da contribui\u00e7\u00e3o os usu\u00e1rios mais de uma UC, desde que comprovem, atrav\u00e9s de requerimento direcionado a Prefeitura, que uma dessas UCs se destinam exclusivamente a liga\u00e7\u00e3o de equipamentos voltados a agricultura familiar e pecu\u00e1ria, como eletrobombas (submersas ou injetoras, monof\u00e1sicas ou trif\u00e1sicas, independentes de sua pot\u00eancia. O vereador Juan Pereira apresentou requerimento solicitando a viabiliza\u00e7\u00e3o de transporte di\u00e1rio para Michele Barros e suas filhas que fazem tratamento de sa\u00fade em Campina Grande. O vereador Nilson Brito apresentou requerimento solicitando ao prefeito \u00c9den Duarte a recupera\u00e7\u00e3o da estrada que liga o Assentamento C\u00edcero Severo at\u00e9 o s\u00edtio Retiro, Tr\u00eas Casas e S\u00edtio Ing\u00e1, 5Km de estrada que ir\u00e1 tirar de isolamento os moradores destas localidades. Nilson Brito apresentou requerimento solicitando uma adutora atrav\u00e9s de emendas, recursos pr\u00f3prios ou do Programa \u00c1gua Singela para as comunidades de Ladeira do Padre e Terra Vermelha. Nilson Brito agradeceu ao prefeito\u00a0\u00c9den Duarte\u00a0por ter atendido a uma indica\u00e7\u00e3o sua e encaminhado um projeto que foi aprovado que trata sobre a isen\u00e7\u00e3o de cobran\u00e7a da taxa de ilumina\u00e7\u00e3o p\u00fablica de todos os po\u00e7os da zona rural do munic\u00edpio O vereador Daniel L\u00eala apresentou voto de pesar a fam\u00edlia da senhora Antonieta de Sousa Batista. O Poder Executivo encaminhou o Projeto de Lei \u00e0 C\u00e2mara de Vereadores prorrogando os prazos de pagamentos do IPTU 2020. Os prazos que venciam no final de abril, maio e junho, foram estendidos por mais 30 dias. O calend\u00e1rio para pagamento passaria a valer da seguinte forma. 1\u00aa parcela: vencimento em 30 de junho de 2020; 2\u00aa parcela: vencimento 31 de julho de 2020; 3\u00aa parcela: em 31 de agosto de 2020. Na ocasi\u00e3o foi aprovado o projeto de lei 591\/2020, de autoria do vereador Jos\u00e9 Ant\u00f4nio, altera o projeto de lei n\u00ba 1.344 de 2019, que trata sobre o lan\u00e7amento do IPTU-Imposto sobre a Propriedade Predial e Territorial Urbana, exerc\u00edcio 2019. 1\u00aa Parcela em 30 de setembro de 2020 2\u00aa Parcela em 30 de outubro de 2020 3 Parcela 30 de novembro de 2020 Cota antecipada e a data de vencimento para pagamento integral at\u00e9 30 de setembro com desconto de 10%. Cota \u00fanica para o pagamento integral at\u00e9 30 de novembro de 2020. Na oportunidade a vereadora Br\u00edgida Xavier solicitou que a C\u00e2mara encaminhe ao Poder Executivo uma indica\u00e7\u00e3o para que seja colocada tendas, cadeiras, \u00e1lcool em gel e lavat\u00f3rios nos bancos e correspondentes banc\u00e1rios do munic\u00edpio, principalmente nos pontos de maior aglomera\u00e7\u00e3o. Presente \u00e0 reuni\u00e3o, o secret\u00e1rio de administra\u00e7\u00e3o Bonilson Tim\u00f3teo, informou que as medidas est\u00e3o sendo tomadas, como a coloca\u00e7\u00e3o das tendas, lavat\u00f3rios e organiza\u00e7\u00e3o das ruas. O l\u00edder do governo na C\u00e2mara, Ant\u00f4nio Carlos Sarmento, agradeceu a todos os pares pela aprova\u00e7\u00e3o dos projetos. Ant\u00f4nio Carlos solicitou a possibilidade da Prefeitura pagar um adicional para os profissionais da sa\u00fade que est\u00e3o no enfrentamento ao coronav\u00edrus. O presidente da C\u00e2mara de Vereadores, Le\u00f4nidas Albino,apresentou voto de pesar pela morte da senhora Josilene Alves. Bomba destacou que a C\u00e2mara de Vereadores sempre estar\u00e1 a disposi\u00e7\u00e3o para discutir projetos de interesse da popula\u00e7\u00e3o. Not\u00edcias em Destaque Ascom\/C\u00e2mara","og_url":"https:\/\/noticiasemdestaque.com\/cd\/?p=24708","og_site_name":"Not&iacute;cias em Destaque","article_published_time":"2020-05-07T00:41:25+00:00","article_modified_time":"2020-05-07T00:49:23+00:00","og_image":[{"width":1024,"height":768,"url":"https:\/\/noticiasemdestaque.com\/cd\/wp-content\/uploads\/2020\/05\/867139b8-1afd-4e6b-903f-a5509242f508.jpg","type":"image\/jpeg"}],"author":"Not\u00edcias em Destaque","twitter_card":"summary_large_image","twitter_misc":{"Escrito por":"Not\u00edcias em Destaque","Est. tempo de leitura":"3 minutos"},"schema":{"@context":"https:\/\/schema.org","@graph":[{"@type":"Article","@id":"https:\/\/noticiasemdestaque.com\/cd\/?p=24708#article","isPartOf":{"@id":"https:\/\/noticiasemdestaque.com\/cd\/?p=24708"},"author":{"name":"Not\u00edcias em Destaque","@id":"https:\/\/noticiasemdestaque.com\/cd\/#\/schema\/person\/21320b03a7e8bb90128938dafc9b908a"},"headline":"C\u00e2mara de Sum\u00e9 aprova isen\u00e7\u00e3o do servi\u00e7o de ilumina\u00e7\u00e3o p\u00fablica para liga\u00e7\u00e3o de equipamentos voltados a agricultura familiar e pecu\u00e1ria","datePublished":"2020-05-07T00:41:25+00:00","dateModified":"2020-05-07T00:49:23+00:00","mainEntityOfPage":{"@id":"https:\/\/noticiasemdestaque.com\/cd\/?p=24708"},"wordCount":677,"publisher":{"@id":"https:\/\/noticiasemdestaque.com\/cd\/#organization"},"image":{"@id":"https:\/\/noticiasemdestaque.com\/cd\/?p=24708#primaryimage"},"thumbnailUrl":"https:\/\/noticiasemdestaque.com\/cd\/wp-content\/uploads\/2020\/05\/867139b8-1afd-4e6b-903f-a5509242f508.jpg","articleSection":["Pol\u00edtica"],"inLanguage":"pt-BR"},{"@type":"WebPage","@id":"https:\/\/noticiasemdestaque.com\/cd\/?p=24708","url":"https:\/\/noticiasemdestaque.com\/cd\/?p=24708","name":"C\u00e2mara de Sum\u00e9 aprova isen\u00e7\u00e3o do servi\u00e7o de ilumina\u00e7\u00e3o p\u00fablica para liga\u00e7\u00e3o de equipamentos voltados a agricultura familiar e pecu\u00e1ria - Not&iacute;cias em Destaque","isPartOf":{"@id":"https:\/\/noticiasemdestaque.com\/cd\/#website"},"primaryImageOfPage":{"@id":"https:\/\/noticiasemdestaque.com\/cd\/?p=24708#primaryimage"},"image":{"@id":"https:\/\/noticiasemdestaque.com\/cd\/?p=24708#primaryimage"},"thumbnailUrl":"https:\/\/noticiasemdestaque.com\/cd\/wp-content\/uploads\/2020\/05\/867139b8-1afd-4e6b-903f-a5509242f508.jpg","datePublished":"2020-05-07T00:41:25+00:00","dateModified":"2020-05-07T00:49:23+00:00","breadcrumb":{"@id":"https:\/\/noticiasemdestaque.com\/cd\/?p=24708#breadcrumb"},"inLanguage":"pt-BR","potentialAction":[{"@type":"ReadAction","target":["https:\/\/noticiasemdestaque.com\/cd\/?p=24708"]}]},{"@type":"ImageObject","inLanguage":"pt-BR","@id":"https:\/\/noticiasemdestaque.com\/cd\/?p=24708#primaryimage","url":"https:\/\/noticiasemdestaque.com\/cd\/wp-content\/uploads\/2020\/05\/867139b8-1afd-4e6b-903f-a5509242f508.jpg","contentUrl":"https:\/\/noticiasemdestaque.com\/cd\/wp-content\/uploads\/2020\/05\/867139b8-1afd-4e6b-903f-a5509242f508.jpg","width":1024,"height":768},{"@type":"BreadcrumbList","@id":"https:\/\/noticiasemdestaque.com\/cd\/?p=24708#breadcrumb","itemListElement":[{"@type":"ListItem","position":1,"name":"In\u00edcio","item":"https:\/\/noticiasemdestaque.com\/cd\/"},{"@type":"ListItem","position":2,"name":"C\u00e2mara de Sum\u00e9 aprova isen\u00e7\u00e3o do servi\u00e7o de ilumina\u00e7\u00e3o p\u00fablica para liga\u00e7\u00e3o de equipamentos voltados a agricultura familiar e pecu\u00e1ria"}]},{"@type":"WebSite","@id":"https:\/\/noticiasemdestaque.com\/cd\/#website","url":"https:\/\/noticiasemdestaque.com\/cd\/","name":"Not&iacute;cias em Destaque","description":"","publisher":{"@id":"https:\/\/noticiasemdestaque.com\/cd\/#organization"},"potentialAction":[{"@type":"SearchAction","target":{"@type":"EntryPoint","urlTemplate":"https:\/\/noticiasemdestaque.com\/cd\/?s={search_term_string}"},"query-input":{"@type":"PropertyValueSpecification","valueRequired":true,"valueName":"search_term_string"}}],"inLanguage":"pt-BR"},{"@type":"Organization","@id":"https:\/\/noticiasemdestaque.com\/cd\/#organization","name":"Not\u00edcias em Destaque","url":"https:\/\/noticiasemdestaque.com\/cd\/","logo":{"@type":"ImageObject","inLanguage":"pt-BR","@id":"https:\/\/noticiasemdestaque.com\/cd\/#\/schema\/logo\/image\/","url":"https:\/\/noticiasemdestaque.com\/cd\/wp-content\/uploads\/2022\/05\/imagem-base-noticiasemdestaque.png","contentUrl":"https:\/\/noticiasemdestaque.com\/cd\/wp-content\/uploads\/2022\/05\/imagem-base-noticiasemdestaque.png","width":1200,"height":630,"caption":"Not\u00edcias em Destaque"},"image":{"@id":"https:\/\/noticiasemdestaque.com\/cd\/#\/schema\/logo\/image\/"}},{"@type":"Person","@id":"https:\/\/noticiasemdestaque.com\/cd\/#\/schema\/person\/21320b03a7e8bb90128938dafc9b908a","name":"Not\u00edcias em Destaque","url":"https:\/\/noticiasemdestaque.com\/cd\/?author=2"}]}},"jetpack_featured_media_url":"https:\/\/noticiasemdestaque.com\/cd\/wp-content\/uploads\/2020\/05\/867139b8-1afd-4e6b-903f-a5509242f508.jpg","jetpack_sharing_enabled":true,"_links":{"self":[{"href":"https:\/\/noticiasemdestaque.com\/cd\/index.php?rest_route=\/wp\/v2\/posts\/24708","targetHints":{"allow":["GET"]}}],"collection":[{"href":"https:\/\/noticiasemdestaque.com\/cd\/index.php?rest_route=\/wp\/v2\/posts"}],"about":[{"href":"https:\/\/noticiasemdestaque.com\/cd\/index.php?rest_route=\/wp\/v2\/types\/post"}],"author":[{"embeddable":true,"href":"https:\/\/noticiasemdestaque.com\/cd\/index.php?rest_route=\/wp\/v2\/users\/2"}],"replies":[{"embeddable":true,"href":"https:\/\/noticiasemdestaque.com\/cd\/index.php?rest_route=%2Fwp%2Fv2%2Fcomments&post=24708"}],"version-history":[{"count":4,"href":"https:\/\/noticiasemdestaque.com\/cd\/index.php?rest_route=\/wp\/v2\/posts\/24708\/revisions"}],"predecessor-version":[{"id":24720,"href":"https:\/\/noticiasemdestaque.com\/cd\/index.php?rest_route=\/wp\/v2\/posts\/24708\/revisions\/24720"}],"wp:featuredmedia":[{"embeddable":true,"href":"https:\/\/noticiasemdestaque.com\/cd\/index.php?rest_route=\/wp\/v2\/media\/24714"}],"wp:attachment":[{"href":"https:\/\/noticiasemdestaque.com\/cd\/index.php?rest_route=%2Fwp%2Fv2%2Fmedia&parent=24708"}],"wp:term":[{"taxonomy":"category","embeddable":true,"href":"https:\/\/noticiasemdestaque.com\/cd\/index.php?rest_route=%2Fwp%2Fv2%2Fcategories&post=24708"},{"taxonomy":"post_tag","embeddable":true,"href":"https:\/\/noticiasemdestaque.com\/cd\/index.php?rest_route=%2Fwp%2Fv2%2Ftags&post=24708"}],"curies":[{"name":"wp","href":"https:\/\/api.w.org\/{rel}","templated":true}]}}