{"id":24704,"date":"2020-05-06T20:15:06","date_gmt":"2020-05-06T23:15:06","guid":{"rendered":"http:\/\/noticiasemdestaque.com\/cd\/?p=24704"},"modified":"2020-05-06T20:15:06","modified_gmt":"2020-05-06T23:15:06","slug":"covid-19-pais-bate-recorde-de-mortes-e-casos-confirmados-notificados","status":"publish","type":"post","link":"https:\/\/noticiasemdestaque.com\/cd\/?p=24704","title":{"rendered":"Covid-19: pa\u00eds bate recorde de mortes e casos confirmados notificados"},"content":{"rendered":"<p><a href=\"https:\/\/noticiasemdestaque.com\/cd\/wp-content\/uploads\/2020\/05\/2020-05-06t185441z_1434575440_rc26jg9trvaw_rtrmadp_3_health-coronavirus-brazil-amazon.jpg\"><img fetchpriority=\"high\" decoding=\"async\" class=\"wp-image-24705 aligncenter\" src=\"https:\/\/noticiasemdestaque.com\/cd\/wp-content\/uploads\/2020\/05\/2020-05-06t185441z_1434575440_rc26jg9trvaw_rtrmadp_3_health-coronavirus-brazil-amazon-1024x613.jpg\" alt=\"\" width=\"536\" height=\"321\" srcset=\"https:\/\/noticiasemdestaque.com\/cd\/wp-content\/uploads\/2020\/05\/2020-05-06t185441z_1434575440_rc26jg9trvaw_rtrmadp_3_health-coronavirus-brazil-amazon-1024x613.jpg 1024w, https:\/\/noticiasemdestaque.com\/cd\/wp-content\/uploads\/2020\/05\/2020-05-06t185441z_1434575440_rc26jg9trvaw_rtrmadp_3_health-coronavirus-brazil-amazon-300x179.jpg 300w, https:\/\/noticiasemdestaque.com\/cd\/wp-content\/uploads\/2020\/05\/2020-05-06t185441z_1434575440_rc26jg9trvaw_rtrmadp_3_health-coronavirus-brazil-amazon-768x459.jpg 768w, https:\/\/noticiasemdestaque.com\/cd\/wp-content\/uploads\/2020\/05\/2020-05-06t185441z_1434575440_rc26jg9trvaw_rtrmadp_3_health-coronavirus-brazil-amazon.jpg 1170w\" sizes=\"(max-width: 536px) 100vw, 536px\" \/><\/a><\/p>\n<p>O Brasil bateu o recorde de mortes e casos confirmados notificados em 24h. Entre ontem e hoje, foram registrados mais 10.503 pessoas infectadas e 615 novos \u00f3bitos. O n\u00famero de pacientes recuperados \u00e9 de 51.370. A atualiza\u00e7\u00e3o foi divulgada pelo Minist\u00e9rio da Sa\u00fade nesta quarta-feira (6).<\/p>\n<p>No total, o pa\u00eds chegou a 125.218 casos confirmados, um aumento de 9% em rela\u00e7\u00e3o a ontem, quando foram registradas 114.715 mil pessoas nessa condi\u00e7\u00e3o.\u00a0De acordo com o Minist\u00e9rio da Sa\u00fade, deste total, 65.312 est\u00e3o em acompanhamento (52,2%%) e 51.370 (41%) j\u00e1 foram recuperados, deixando de apresentar os sintomas da doen\u00e7a. Ainda s\u00e3o investigadas 1.643 mortes.<\/p>\n<p>O total de mortes subiu para 8.536. A marca representou um acr\u00e9scimo de 9% em rela\u00e7\u00e3o a ontem, quando foram contabilizados 7.921 falecimentos. A letalidade \u00e9 de\u00a06,8%.<\/p>\n<p>O secret\u00e1rio de Vigil\u00e2ncia em Sa\u00fade, Wanderson de Oliveira, voltou a destacar que o n\u00famero de mortes abarca aquelas atualizadas, podendo se referir a falecimentos que ocorreram em outros dias.<\/p>\n<p><em><strong>Not\u00edcias em Destaque<\/strong><\/em><\/p>\n<p>Com EBC<\/p>\n","protected":false},"excerpt":{"rendered":"<p>O Brasil bateu o recorde de mortes e casos confirmados notificados em 24h. Entre ontem e hoje, foram registrados mais 10.503 pessoas infectadas e 615 novos \u00f3bitos. O n\u00famero de pacientes recuperados \u00e9 de 51.370. A atualiza\u00e7\u00e3o foi divulgada pelo Minist\u00e9rio da Sa\u00fade nesta quarta-feira (6). No total, o pa\u00eds chegou a 125.218 casos confirmados, um aumento de 9% em rela\u00e7\u00e3o a ontem, quando foram registradas 114.715 mil pessoas nessa condi\u00e7\u00e3o.\u00a0De acordo com o Minist\u00e9rio da Sa\u00fade, deste total, 65.312 est\u00e3o em acompanhamento (52,2%%) e 51.370 (41%) j\u00e1 foram recuperados, deixando de apresentar os sintomas da doen\u00e7a. Ainda s\u00e3o investigadas 1.643 mortes. O total de mortes subiu para 8.536. A marca representou um acr\u00e9scimo de 9% em rela\u00e7\u00e3o a ontem, quando foram contabilizados 7.921 falecimentos. A letalidade \u00e9 de\u00a06,8%. O secret\u00e1rio de Vigil\u00e2ncia em Sa\u00fade, Wanderson de Oliveira, voltou a destacar que o n\u00famero de mortes abarca aquelas atualizadas, podendo se referir a falecimentos que ocorreram em outros dias. Not\u00edcias em Destaque Com EBC<\/p>\n","protected":false},"author":2,"featured_media":24705,"comment_status":"closed","ping_status":"open","sticky":false,"template":"","format":"standard","meta":{"_eb_attr":"","_jetpack_memberships_contains_paid_content":false,"footnotes":""},"categories":[8],"tags":[],"class_list":["post-24704","post","type-post","status-publish","format-standard","has-post-thumbnail","hentry","category-saude"],"yoast_head":"<!-- This site is optimized with the Yoast SEO plugin v26.5 - https:\/\/yoast.com\/wordpress\/plugins\/seo\/ -->\n<title>Covid-19: pa\u00eds bate recorde de mortes e casos confirmados notificados - Not&iacute;cias em Destaque<\/title>\n<meta name=\"robots\" content=\"index, follow, max-snippet:-1, max-image-preview:large, max-video-preview:-1\" \/>\n<link rel=\"canonical\" href=\"https:\/\/noticiasemdestaque.com\/cd\/?p=24704\" \/>\n<meta property=\"og:locale\" content=\"pt_BR\" \/>\n<meta property=\"og:type\" content=\"article\" \/>\n<meta property=\"og:title\" content=\"Covid-19: pa\u00eds bate recorde de mortes e casos confirmados notificados - Not&iacute;cias em Destaque\" \/>\n<meta property=\"og:description\" content=\"O Brasil bateu o recorde de mortes e casos confirmados notificados em 24h. Entre ontem e hoje, foram registrados mais 10.503 pessoas infectadas e 615 novos \u00f3bitos. O n\u00famero de pacientes recuperados \u00e9 de 51.370. A atualiza\u00e7\u00e3o foi divulgada pelo Minist\u00e9rio da Sa\u00fade nesta quarta-feira (6). No total, o pa\u00eds chegou a 125.218 casos confirmados, um aumento de 9% em rela\u00e7\u00e3o a ontem, quando foram registradas 114.715 mil pessoas nessa condi\u00e7\u00e3o.\u00a0De acordo com o Minist\u00e9rio da Sa\u00fade, deste total, 65.312 est\u00e3o em acompanhamento (52,2%%) e 51.370 (41%) j\u00e1 foram recuperados, deixando de apresentar os sintomas da doen\u00e7a. Ainda s\u00e3o investigadas 1.643 mortes. O total de mortes subiu para 8.536. A marca representou um acr\u00e9scimo de 9% em rela\u00e7\u00e3o a ontem, quando foram contabilizados 7.921 falecimentos. A letalidade \u00e9 de\u00a06,8%. O secret\u00e1rio de Vigil\u00e2ncia em Sa\u00fade, Wanderson de Oliveira, voltou a destacar que o n\u00famero de mortes abarca aquelas atualizadas, podendo se referir a falecimentos que ocorreram em outros dias. Not\u00edcias em Destaque Com EBC\" \/>\n<meta property=\"og:url\" content=\"https:\/\/noticiasemdestaque.com\/cd\/?p=24704\" \/>\n<meta property=\"og:site_name\" content=\"Not&iacute;cias em Destaque\" \/>\n<meta property=\"article:published_time\" content=\"2020-05-06T23:15:06+00:00\" \/>\n<meta property=\"og:image\" content=\"https:\/\/noticiasemdestaque.com\/cd\/wp-content\/uploads\/2020\/05\/2020-05-06t185441z_1434575440_rc26jg9trvaw_rtrmadp_3_health-coronavirus-brazil-amazon.jpg\" \/>\n\t<meta property=\"og:image:width\" content=\"1170\" \/>\n\t<meta property=\"og:image:height\" content=\"700\" \/>\n\t<meta property=\"og:image:type\" content=\"image\/jpeg\" \/>\n<meta name=\"author\" content=\"Not\u00edcias em Destaque\" \/>\n<meta name=\"twitter:card\" content=\"summary_large_image\" \/>\n<meta name=\"twitter:label1\" content=\"Escrito por\" \/>\n\t<meta name=\"twitter:data1\" content=\"Not\u00edcias em Destaque\" \/>\n\t<meta name=\"twitter:label2\" content=\"Est. tempo de leitura\" \/>\n\t<meta name=\"twitter:data2\" content=\"1 minuto\" \/>\n<script type=\"application\/ld+json\" class=\"yoast-schema-graph\">{\"@context\":\"https:\/\/schema.org\",\"@graph\":[{\"@type\":\"Article\",\"@id\":\"https:\/\/noticiasemdestaque.com\/cd\/?p=24704#article\",\"isPartOf\":{\"@id\":\"https:\/\/noticiasemdestaque.com\/cd\/?p=24704\"},\"author\":{\"name\":\"Not\u00edcias em Destaque\",\"@id\":\"https:\/\/noticiasemdestaque.com\/cd\/#\/schema\/person\/21320b03a7e8bb90128938dafc9b908a\"},\"headline\":\"Covid-19: pa\u00eds bate recorde de mortes e casos confirmados notificados\",\"datePublished\":\"2020-05-06T23:15:06+00:00\",\"mainEntityOfPage\":{\"@id\":\"https:\/\/noticiasemdestaque.com\/cd\/?p=24704\"},\"wordCount\":178,\"publisher\":{\"@id\":\"https:\/\/noticiasemdestaque.com\/cd\/#organization\"},\"image\":{\"@id\":\"https:\/\/noticiasemdestaque.com\/cd\/?p=24704#primaryimage\"},\"thumbnailUrl\":\"https:\/\/noticiasemdestaque.com\/cd\/wp-content\/uploads\/2020\/05\/2020-05-06t185441z_1434575440_rc26jg9trvaw_rtrmadp_3_health-coronavirus-brazil-amazon.jpg\",\"articleSection\":[\"Sa\u00fade\"],\"inLanguage\":\"pt-BR\"},{\"@type\":\"WebPage\",\"@id\":\"https:\/\/noticiasemdestaque.com\/cd\/?p=24704\",\"url\":\"https:\/\/noticiasemdestaque.com\/cd\/?p=24704\",\"name\":\"Covid-19: pa\u00eds bate recorde de mortes e casos confirmados notificados - Not&iacute;cias em Destaque\",\"isPartOf\":{\"@id\":\"https:\/\/noticiasemdestaque.com\/cd\/#website\"},\"primaryImageOfPage\":{\"@id\":\"https:\/\/noticiasemdestaque.com\/cd\/?p=24704#primaryimage\"},\"image\":{\"@id\":\"https:\/\/noticiasemdestaque.com\/cd\/?p=24704#primaryimage\"},\"thumbnailUrl\":\"https:\/\/noticiasemdestaque.com\/cd\/wp-content\/uploads\/2020\/05\/2020-05-06t185441z_1434575440_rc26jg9trvaw_rtrmadp_3_health-coronavirus-brazil-amazon.jpg\",\"datePublished\":\"2020-05-06T23:15:06+00:00\",\"breadcrumb\":{\"@id\":\"https:\/\/noticiasemdestaque.com\/cd\/?p=24704#breadcrumb\"},\"inLanguage\":\"pt-BR\",\"potentialAction\":[{\"@type\":\"ReadAction\",\"target\":[\"https:\/\/noticiasemdestaque.com\/cd\/?p=24704\"]}]},{\"@type\":\"ImageObject\",\"inLanguage\":\"pt-BR\",\"@id\":\"https:\/\/noticiasemdestaque.com\/cd\/?p=24704#primaryimage\",\"url\":\"https:\/\/noticiasemdestaque.com\/cd\/wp-content\/uploads\/2020\/05\/2020-05-06t185441z_1434575440_rc26jg9trvaw_rtrmadp_3_health-coronavirus-brazil-amazon.jpg\",\"contentUrl\":\"https:\/\/noticiasemdestaque.com\/cd\/wp-content\/uploads\/2020\/05\/2020-05-06t185441z_1434575440_rc26jg9trvaw_rtrmadp_3_health-coronavirus-brazil-amazon.jpg\",\"width\":1170,\"height\":700},{\"@type\":\"BreadcrumbList\",\"@id\":\"https:\/\/noticiasemdestaque.com\/cd\/?p=24704#breadcrumb\",\"itemListElement\":[{\"@type\":\"ListItem\",\"position\":1,\"name\":\"In\u00edcio\",\"item\":\"https:\/\/noticiasemdestaque.com\/cd\/\"},{\"@type\":\"ListItem\",\"position\":2,\"name\":\"Covid-19: pa\u00eds bate recorde de mortes e casos confirmados notificados\"}]},{\"@type\":\"WebSite\",\"@id\":\"https:\/\/noticiasemdestaque.com\/cd\/#website\",\"url\":\"https:\/\/noticiasemdestaque.com\/cd\/\",\"name\":\"Not&iacute;cias em Destaque\",\"description\":\"\",\"publisher\":{\"@id\":\"https:\/\/noticiasemdestaque.com\/cd\/#organization\"},\"potentialAction\":[{\"@type\":\"SearchAction\",\"target\":{\"@type\":\"EntryPoint\",\"urlTemplate\":\"https:\/\/noticiasemdestaque.com\/cd\/?s={search_term_string}\"},\"query-input\":{\"@type\":\"PropertyValueSpecification\",\"valueRequired\":true,\"valueName\":\"search_term_string\"}}],\"inLanguage\":\"pt-BR\"},{\"@type\":\"Organization\",\"@id\":\"https:\/\/noticiasemdestaque.com\/cd\/#organization\",\"name\":\"Not\u00edcias em Destaque\",\"url\":\"https:\/\/noticiasemdestaque.com\/cd\/\",\"logo\":{\"@type\":\"ImageObject\",\"inLanguage\":\"pt-BR\",\"@id\":\"https:\/\/noticiasemdestaque.com\/cd\/#\/schema\/logo\/image\/\",\"url\":\"https:\/\/noticiasemdestaque.com\/cd\/wp-content\/uploads\/2022\/05\/imagem-base-noticiasemdestaque.png\",\"contentUrl\":\"https:\/\/noticiasemdestaque.com\/cd\/wp-content\/uploads\/2022\/05\/imagem-base-noticiasemdestaque.png\",\"width\":1200,\"height\":630,\"caption\":\"Not\u00edcias em Destaque\"},\"image\":{\"@id\":\"https:\/\/noticiasemdestaque.com\/cd\/#\/schema\/logo\/image\/\"}},{\"@type\":\"Person\",\"@id\":\"https:\/\/noticiasemdestaque.com\/cd\/#\/schema\/person\/21320b03a7e8bb90128938dafc9b908a\",\"name\":\"Not\u00edcias em Destaque\",\"url\":\"https:\/\/noticiasemdestaque.com\/cd\/?author=2\"}]}<\/script>\n<!-- \/ Yoast SEO plugin. -->","yoast_head_json":{"title":"Covid-19: pa\u00eds bate recorde de mortes e casos confirmados notificados - Not&iacute;cias em Destaque","robots":{"index":"index","follow":"follow","max-snippet":"max-snippet:-1","max-image-preview":"max-image-preview:large","max-video-preview":"max-video-preview:-1"},"canonical":"https:\/\/noticiasemdestaque.com\/cd\/?p=24704","og_locale":"pt_BR","og_type":"article","og_title":"Covid-19: pa\u00eds bate recorde de mortes e casos confirmados notificados - Not&iacute;cias em Destaque","og_description":"O Brasil bateu o recorde de mortes e casos confirmados notificados em 24h. Entre ontem e hoje, foram registrados mais 10.503 pessoas infectadas e 615 novos \u00f3bitos. O n\u00famero de pacientes recuperados \u00e9 de 51.370. A atualiza\u00e7\u00e3o foi divulgada pelo Minist\u00e9rio da Sa\u00fade nesta quarta-feira (6). No total, o pa\u00eds chegou a 125.218 casos confirmados, um aumento de 9% em rela\u00e7\u00e3o a ontem, quando foram registradas 114.715 mil pessoas nessa condi\u00e7\u00e3o.\u00a0De acordo com o Minist\u00e9rio da Sa\u00fade, deste total, 65.312 est\u00e3o em acompanhamento (52,2%%) e 51.370 (41%) j\u00e1 foram recuperados, deixando de apresentar os sintomas da doen\u00e7a. Ainda s\u00e3o investigadas 1.643 mortes. O total de mortes subiu para 8.536. A marca representou um acr\u00e9scimo de 9% em rela\u00e7\u00e3o a ontem, quando foram contabilizados 7.921 falecimentos. A letalidade \u00e9 de\u00a06,8%. O secret\u00e1rio de Vigil\u00e2ncia em Sa\u00fade, Wanderson de Oliveira, voltou a destacar que o n\u00famero de mortes abarca aquelas atualizadas, podendo se referir a falecimentos que ocorreram em outros dias. Not\u00edcias em Destaque Com EBC","og_url":"https:\/\/noticiasemdestaque.com\/cd\/?p=24704","og_site_name":"Not&iacute;cias em Destaque","article_published_time":"2020-05-06T23:15:06+00:00","og_image":[{"width":1170,"height":700,"url":"https:\/\/noticiasemdestaque.com\/cd\/wp-content\/uploads\/2020\/05\/2020-05-06t185441z_1434575440_rc26jg9trvaw_rtrmadp_3_health-coronavirus-brazil-amazon.jpg","type":"image\/jpeg"}],"author":"Not\u00edcias em Destaque","twitter_card":"summary_large_image","twitter_misc":{"Escrito por":"Not\u00edcias em Destaque","Est. tempo de leitura":"1 minuto"},"schema":{"@context":"https:\/\/schema.org","@graph":[{"@type":"Article","@id":"https:\/\/noticiasemdestaque.com\/cd\/?p=24704#article","isPartOf":{"@id":"https:\/\/noticiasemdestaque.com\/cd\/?p=24704"},"author":{"name":"Not\u00edcias em Destaque","@id":"https:\/\/noticiasemdestaque.com\/cd\/#\/schema\/person\/21320b03a7e8bb90128938dafc9b908a"},"headline":"Covid-19: pa\u00eds bate recorde de mortes e casos confirmados notificados","datePublished":"2020-05-06T23:15:06+00:00","mainEntityOfPage":{"@id":"https:\/\/noticiasemdestaque.com\/cd\/?p=24704"},"wordCount":178,"publisher":{"@id":"https:\/\/noticiasemdestaque.com\/cd\/#organization"},"image":{"@id":"https:\/\/noticiasemdestaque.com\/cd\/?p=24704#primaryimage"},"thumbnailUrl":"https:\/\/noticiasemdestaque.com\/cd\/wp-content\/uploads\/2020\/05\/2020-05-06t185441z_1434575440_rc26jg9trvaw_rtrmadp_3_health-coronavirus-brazil-amazon.jpg","articleSection":["Sa\u00fade"],"inLanguage":"pt-BR"},{"@type":"WebPage","@id":"https:\/\/noticiasemdestaque.com\/cd\/?p=24704","url":"https:\/\/noticiasemdestaque.com\/cd\/?p=24704","name":"Covid-19: pa\u00eds bate recorde de mortes e casos confirmados notificados - Not&iacute;cias em Destaque","isPartOf":{"@id":"https:\/\/noticiasemdestaque.com\/cd\/#website"},"primaryImageOfPage":{"@id":"https:\/\/noticiasemdestaque.com\/cd\/?p=24704#primaryimage"},"image":{"@id":"https:\/\/noticiasemdestaque.com\/cd\/?p=24704#primaryimage"},"thumbnailUrl":"https:\/\/noticiasemdestaque.com\/cd\/wp-content\/uploads\/2020\/05\/2020-05-06t185441z_1434575440_rc26jg9trvaw_rtrmadp_3_health-coronavirus-brazil-amazon.jpg","datePublished":"2020-05-06T23:15:06+00:00","breadcrumb":{"@id":"https:\/\/noticiasemdestaque.com\/cd\/?p=24704#breadcrumb"},"inLanguage":"pt-BR","potentialAction":[{"@type":"ReadAction","target":["https:\/\/noticiasemdestaque.com\/cd\/?p=24704"]}]},{"@type":"ImageObject","inLanguage":"pt-BR","@id":"https:\/\/noticiasemdestaque.com\/cd\/?p=24704#primaryimage","url":"https:\/\/noticiasemdestaque.com\/cd\/wp-content\/uploads\/2020\/05\/2020-05-06t185441z_1434575440_rc26jg9trvaw_rtrmadp_3_health-coronavirus-brazil-amazon.jpg","contentUrl":"https:\/\/noticiasemdestaque.com\/cd\/wp-content\/uploads\/2020\/05\/2020-05-06t185441z_1434575440_rc26jg9trvaw_rtrmadp_3_health-coronavirus-brazil-amazon.jpg","width":1170,"height":700},{"@type":"BreadcrumbList","@id":"https:\/\/noticiasemdestaque.com\/cd\/?p=24704#breadcrumb","itemListElement":[{"@type":"ListItem","position":1,"name":"In\u00edcio","item":"https:\/\/noticiasemdestaque.com\/cd\/"},{"@type":"ListItem","position":2,"name":"Covid-19: pa\u00eds bate recorde de mortes e casos confirmados notificados"}]},{"@type":"WebSite","@id":"https:\/\/noticiasemdestaque.com\/cd\/#website","url":"https:\/\/noticiasemdestaque.com\/cd\/","name":"Not&iacute;cias em Destaque","description":"","publisher":{"@id":"https:\/\/noticiasemdestaque.com\/cd\/#organization"},"potentialAction":[{"@type":"SearchAction","target":{"@type":"EntryPoint","urlTemplate":"https:\/\/noticiasemdestaque.com\/cd\/?s={search_term_string}"},"query-input":{"@type":"PropertyValueSpecification","valueRequired":true,"valueName":"search_term_string"}}],"inLanguage":"pt-BR"},{"@type":"Organization","@id":"https:\/\/noticiasemdestaque.com\/cd\/#organization","name":"Not\u00edcias em Destaque","url":"https:\/\/noticiasemdestaque.com\/cd\/","logo":{"@type":"ImageObject","inLanguage":"pt-BR","@id":"https:\/\/noticiasemdestaque.com\/cd\/#\/schema\/logo\/image\/","url":"https:\/\/noticiasemdestaque.com\/cd\/wp-content\/uploads\/2022\/05\/imagem-base-noticiasemdestaque.png","contentUrl":"https:\/\/noticiasemdestaque.com\/cd\/wp-content\/uploads\/2022\/05\/imagem-base-noticiasemdestaque.png","width":1200,"height":630,"caption":"Not\u00edcias em Destaque"},"image":{"@id":"https:\/\/noticiasemdestaque.com\/cd\/#\/schema\/logo\/image\/"}},{"@type":"Person","@id":"https:\/\/noticiasemdestaque.com\/cd\/#\/schema\/person\/21320b03a7e8bb90128938dafc9b908a","name":"Not\u00edcias em Destaque","url":"https:\/\/noticiasemdestaque.com\/cd\/?author=2"}]}},"jetpack_featured_media_url":"https:\/\/noticiasemdestaque.com\/cd\/wp-content\/uploads\/2020\/05\/2020-05-06t185441z_1434575440_rc26jg9trvaw_rtrmadp_3_health-coronavirus-brazil-amazon.jpg","jetpack_sharing_enabled":true,"_links":{"self":[{"href":"https:\/\/noticiasemdestaque.com\/cd\/index.php?rest_route=\/wp\/v2\/posts\/24704","targetHints":{"allow":["GET"]}}],"collection":[{"href":"https:\/\/noticiasemdestaque.com\/cd\/index.php?rest_route=\/wp\/v2\/posts"}],"about":[{"href":"https:\/\/noticiasemdestaque.com\/cd\/index.php?rest_route=\/wp\/v2\/types\/post"}],"author":[{"embeddable":true,"href":"https:\/\/noticiasemdestaque.com\/cd\/index.php?rest_route=\/wp\/v2\/users\/2"}],"replies":[{"embeddable":true,"href":"https:\/\/noticiasemdestaque.com\/cd\/index.php?rest_route=%2Fwp%2Fv2%2Fcomments&post=24704"}],"version-history":[{"count":1,"href":"https:\/\/noticiasemdestaque.com\/cd\/index.php?rest_route=\/wp\/v2\/posts\/24704\/revisions"}],"predecessor-version":[{"id":24706,"href":"https:\/\/noticiasemdestaque.com\/cd\/index.php?rest_route=\/wp\/v2\/posts\/24704\/revisions\/24706"}],"wp:featuredmedia":[{"embeddable":true,"href":"https:\/\/noticiasemdestaque.com\/cd\/index.php?rest_route=\/wp\/v2\/media\/24705"}],"wp:attachment":[{"href":"https:\/\/noticiasemdestaque.com\/cd\/index.php?rest_route=%2Fwp%2Fv2%2Fmedia&parent=24704"}],"wp:term":[{"taxonomy":"category","embeddable":true,"href":"https:\/\/noticiasemdestaque.com\/cd\/index.php?rest_route=%2Fwp%2Fv2%2Fcategories&post=24704"},{"taxonomy":"post_tag","embeddable":true,"href":"https:\/\/noticiasemdestaque.com\/cd\/index.php?rest_route=%2Fwp%2Fv2%2Ftags&post=24704"}],"curies":[{"name":"wp","href":"https:\/\/api.w.org\/{rel}","templated":true}]}}