{"id":24678,"date":"2020-05-04T21:12:56","date_gmt":"2020-05-05T00:12:56","guid":{"rendered":"http:\/\/noticiasemdestaque.com\/cd\/?p=24678"},"modified":"2020-05-04T21:12:56","modified_gmt":"2020-05-05T00:12:56","slug":"profsocio-realiza-bancas-de-defesa-de-dissertacao-por-videoconferencia","status":"publish","type":"post","link":"https:\/\/noticiasemdestaque.com\/cd\/?p=24678","title":{"rendered":"ProfSocio realiza bancas de defesa de disserta\u00e7\u00e3o por videoconfer\u00eancia"},"content":{"rendered":"<p><a href=\"https:\/\/noticiasemdestaque.com\/cd\/wp-content\/uploads\/2020\/05\/94960295_3289228781110657_6490938062460157952_n.jpg\"><img fetchpriority=\"high\" decoding=\"async\" class=\"size-full wp-image-24679 aligncenter\" src=\"https:\/\/noticiasemdestaque.com\/cd\/wp-content\/uploads\/2020\/05\/94960295_3289228781110657_6490938062460157952_n.jpg\" alt=\"\" width=\"541\" height=\"279\" srcset=\"https:\/\/noticiasemdestaque.com\/cd\/wp-content\/uploads\/2020\/05\/94960295_3289228781110657_6490938062460157952_n.jpg 541w, https:\/\/noticiasemdestaque.com\/cd\/wp-content\/uploads\/2020\/05\/94960295_3289228781110657_6490938062460157952_n-300x155.jpg 300w\" sizes=\"(max-width: 541px) 100vw, 541px\" \/><\/a><\/p>\n<p>O Mestrado Profissional de Sociologia em Rede Nacional \u2013 ProfSocio, polo do Centro de Desenvolvimento Sustent\u00e1vel do Semi\u00e1rido da Universidade Federal de Campina Grande, realizou no \u00faltimo dia 30 de abril, bancas de defesa de disserta\u00e7\u00e3o utilizando uma plataforma de videoconfer\u00eancia.<\/p>\n<p>Apresentaram as defesas as seguintes alunas: Aracele Gomes Barbosa &#8211; \u201cPerfil e percep\u00e7\u00e3o dos profissionais sobre o ensino de sociologia na educa\u00e7\u00e3o b\u00e1sica\u201d; Maria Alcilene Vit\u00f3ria Batista Aires\u00a0com o tema \u201cJuventudes e escolariza\u00e7\u00e3o: as viv\u00eancias do ensino m\u00e9dio sob os seus jovens olhares\u201d; Alanny Ara\u00fajo de Souza &#8211; \u201cEu n\u00e3o disse a tu que n\u00e3o era s\u00f3 filme? o audiovisual no processo de ensino- aprendizagem da sociologia no ensino m\u00e9dio\u201d e; Daniella Flor\u00eancio Pereira Siqueira &#8211; \u201cCinema e sociedade: um guia pedag\u00f3gico para o ensino de sociologia na escola secund\u00e1ria brasileira\u201d.<\/p>\n<p>O ProfSocio \u00e9 um mestrado profissional oferecido gratuitamente, em n\u00edvel de p\u00f3s-gradua\u00e7\u00e3o Stricto Sensu, reconhecido pela Coordena\u00e7\u00e3o de Aperfei\u00e7oamento de Pessoal de N\u00edvel Superior (CAPES) do Minist\u00e9rio da Educa\u00e7\u00e3o (MEC).<\/p>\n<p>O objetivo desse Mestrado \u00e9 propiciar um espa\u00e7o de forma\u00e7\u00e3o continuada para os professores de Sociologia que atuam na Educa\u00e7\u00e3o B\u00e1sica, ou \u00e0queles que desejam atuar nesta \u00e1rea, inseridos em uma rede nacional de produ\u00e7\u00e3o de metodologias de ensino e de pesquisa acerca das Ci\u00eancias Sociais e Educa\u00e7\u00e3o.<\/p>\n<p>Assimp CDSA\/UFCG<\/p>\n","protected":false},"excerpt":{"rendered":"<p>O Mestrado Profissional de Sociologia em Rede Nacional \u2013 ProfSocio, polo do Centro de Desenvolvimento Sustent\u00e1vel do Semi\u00e1rido da Universidade Federal de Campina Grande, realizou no \u00faltimo dia 30 de abril, bancas de defesa de disserta\u00e7\u00e3o utilizando uma plataforma de videoconfer\u00eancia. Apresentaram as defesas as seguintes alunas: Aracele Gomes Barbosa &#8211; \u201cPerfil e percep\u00e7\u00e3o dos profissionais sobre o ensino de sociologia na educa\u00e7\u00e3o b\u00e1sica\u201d; Maria Alcilene Vit\u00f3ria Batista Aires\u00a0com o tema \u201cJuventudes e escolariza\u00e7\u00e3o: as viv\u00eancias do ensino m\u00e9dio sob os seus jovens olhares\u201d; Alanny Ara\u00fajo de Souza &#8211; \u201cEu n\u00e3o disse a tu que n\u00e3o era s\u00f3 filme? o audiovisual no processo de ensino- aprendizagem da sociologia no ensino m\u00e9dio\u201d e; Daniella Flor\u00eancio Pereira Siqueira &#8211; \u201cCinema e sociedade: um guia pedag\u00f3gico para o ensino de sociologia na escola secund\u00e1ria brasileira\u201d. O ProfSocio \u00e9 um mestrado profissional oferecido gratuitamente, em n\u00edvel de p\u00f3s-gradua\u00e7\u00e3o Stricto Sensu, reconhecido pela Coordena\u00e7\u00e3o de Aperfei\u00e7oamento de Pessoal de N\u00edvel Superior (CAPES) do Minist\u00e9rio da Educa\u00e7\u00e3o (MEC). O objetivo desse Mestrado \u00e9 propiciar um espa\u00e7o de forma\u00e7\u00e3o continuada para os professores de Sociologia que atuam na Educa\u00e7\u00e3o B\u00e1sica, ou \u00e0queles que desejam atuar nesta \u00e1rea, inseridos em uma rede nacional de produ\u00e7\u00e3o de metodologias de ensino e de pesquisa acerca das Ci\u00eancias Sociais e Educa\u00e7\u00e3o. Assimp CDSA\/UFCG<\/p>\n","protected":false},"author":2,"featured_media":24679,"comment_status":"closed","ping_status":"open","sticky":false,"template":"","format":"standard","meta":{"_eb_attr":"","_jetpack_memberships_contains_paid_content":false,"footnotes":""},"categories":[6],"tags":[],"class_list":["post-24678","post","type-post","status-publish","format-standard","has-post-thumbnail","hentry","category-educacao"],"yoast_head":"<!-- This site is optimized with the Yoast SEO plugin v26.5 - https:\/\/yoast.com\/wordpress\/plugins\/seo\/ -->\n<title>ProfSocio realiza bancas de defesa de disserta\u00e7\u00e3o por videoconfer\u00eancia - Not&iacute;cias em Destaque<\/title>\n<meta name=\"robots\" content=\"index, follow, max-snippet:-1, max-image-preview:large, max-video-preview:-1\" \/>\n<link rel=\"canonical\" href=\"https:\/\/noticiasemdestaque.com\/cd\/?p=24678\" \/>\n<meta property=\"og:locale\" content=\"pt_BR\" \/>\n<meta property=\"og:type\" content=\"article\" \/>\n<meta property=\"og:title\" content=\"ProfSocio realiza bancas de defesa de disserta\u00e7\u00e3o por videoconfer\u00eancia - Not&iacute;cias em Destaque\" \/>\n<meta property=\"og:description\" content=\"O Mestrado Profissional de Sociologia em Rede Nacional \u2013 ProfSocio, polo do Centro de Desenvolvimento Sustent\u00e1vel do Semi\u00e1rido da Universidade Federal de Campina Grande, realizou no \u00faltimo dia 30 de abril, bancas de defesa de disserta\u00e7\u00e3o utilizando uma plataforma de videoconfer\u00eancia. Apresentaram as defesas as seguintes alunas: Aracele Gomes Barbosa &#8211; \u201cPerfil e percep\u00e7\u00e3o dos profissionais sobre o ensino de sociologia na educa\u00e7\u00e3o b\u00e1sica\u201d; Maria Alcilene Vit\u00f3ria Batista Aires\u00a0com o tema \u201cJuventudes e escolariza\u00e7\u00e3o: as viv\u00eancias do ensino m\u00e9dio sob os seus jovens olhares\u201d; Alanny Ara\u00fajo de Souza &#8211; \u201cEu n\u00e3o disse a tu que n\u00e3o era s\u00f3 filme? o audiovisual no processo de ensino- aprendizagem da sociologia no ensino m\u00e9dio\u201d e; Daniella Flor\u00eancio Pereira Siqueira &#8211; \u201cCinema e sociedade: um guia pedag\u00f3gico para o ensino de sociologia na escola secund\u00e1ria brasileira\u201d. O ProfSocio \u00e9 um mestrado profissional oferecido gratuitamente, em n\u00edvel de p\u00f3s-gradua\u00e7\u00e3o Stricto Sensu, reconhecido pela Coordena\u00e7\u00e3o de Aperfei\u00e7oamento de Pessoal de N\u00edvel Superior (CAPES) do Minist\u00e9rio da Educa\u00e7\u00e3o (MEC). O objetivo desse Mestrado \u00e9 propiciar um espa\u00e7o de forma\u00e7\u00e3o continuada para os professores de Sociologia que atuam na Educa\u00e7\u00e3o B\u00e1sica, ou \u00e0queles que desejam atuar nesta \u00e1rea, inseridos em uma rede nacional de produ\u00e7\u00e3o de metodologias de ensino e de pesquisa acerca das Ci\u00eancias Sociais e Educa\u00e7\u00e3o. Assimp CDSA\/UFCG\" \/>\n<meta property=\"og:url\" content=\"https:\/\/noticiasemdestaque.com\/cd\/?p=24678\" \/>\n<meta property=\"og:site_name\" content=\"Not&iacute;cias em Destaque\" \/>\n<meta property=\"article:published_time\" content=\"2020-05-05T00:12:56+00:00\" \/>\n<meta property=\"og:image\" content=\"https:\/\/noticiasemdestaque.com\/cd\/wp-content\/uploads\/2020\/05\/94960295_3289228781110657_6490938062460157952_n.jpg\" \/>\n\t<meta property=\"og:image:width\" content=\"541\" \/>\n\t<meta property=\"og:image:height\" content=\"279\" \/>\n\t<meta property=\"og:image:type\" content=\"image\/jpeg\" \/>\n<meta name=\"author\" content=\"Not\u00edcias em Destaque\" \/>\n<meta name=\"twitter:card\" content=\"summary_large_image\" \/>\n<meta name=\"twitter:label1\" content=\"Escrito por\" \/>\n\t<meta name=\"twitter:data1\" content=\"Not\u00edcias em Destaque\" \/>\n\t<meta name=\"twitter:label2\" content=\"Est. tempo de leitura\" \/>\n\t<meta name=\"twitter:data2\" content=\"1 minuto\" \/>\n<script type=\"application\/ld+json\" class=\"yoast-schema-graph\">{\"@context\":\"https:\/\/schema.org\",\"@graph\":[{\"@type\":\"Article\",\"@id\":\"https:\/\/noticiasemdestaque.com\/cd\/?p=24678#article\",\"isPartOf\":{\"@id\":\"https:\/\/noticiasemdestaque.com\/cd\/?p=24678\"},\"author\":{\"name\":\"Not\u00edcias em Destaque\",\"@id\":\"https:\/\/noticiasemdestaque.com\/cd\/#\/schema\/person\/21320b03a7e8bb90128938dafc9b908a\"},\"headline\":\"ProfSocio realiza bancas de defesa de disserta\u00e7\u00e3o por videoconfer\u00eancia\",\"datePublished\":\"2020-05-05T00:12:56+00:00\",\"mainEntityOfPage\":{\"@id\":\"https:\/\/noticiasemdestaque.com\/cd\/?p=24678\"},\"wordCount\":254,\"publisher\":{\"@id\":\"https:\/\/noticiasemdestaque.com\/cd\/#organization\"},\"image\":{\"@id\":\"https:\/\/noticiasemdestaque.com\/cd\/?p=24678#primaryimage\"},\"thumbnailUrl\":\"https:\/\/noticiasemdestaque.com\/cd\/wp-content\/uploads\/2020\/05\/94960295_3289228781110657_6490938062460157952_n.jpg\",\"articleSection\":[\"Educa\u00e7\u00e3o\"],\"inLanguage\":\"pt-BR\"},{\"@type\":\"WebPage\",\"@id\":\"https:\/\/noticiasemdestaque.com\/cd\/?p=24678\",\"url\":\"https:\/\/noticiasemdestaque.com\/cd\/?p=24678\",\"name\":\"ProfSocio realiza bancas de defesa de disserta\u00e7\u00e3o por videoconfer\u00eancia - Not&iacute;cias em Destaque\",\"isPartOf\":{\"@id\":\"https:\/\/noticiasemdestaque.com\/cd\/#website\"},\"primaryImageOfPage\":{\"@id\":\"https:\/\/noticiasemdestaque.com\/cd\/?p=24678#primaryimage\"},\"image\":{\"@id\":\"https:\/\/noticiasemdestaque.com\/cd\/?p=24678#primaryimage\"},\"thumbnailUrl\":\"https:\/\/noticiasemdestaque.com\/cd\/wp-content\/uploads\/2020\/05\/94960295_3289228781110657_6490938062460157952_n.jpg\",\"datePublished\":\"2020-05-05T00:12:56+00:00\",\"breadcrumb\":{\"@id\":\"https:\/\/noticiasemdestaque.com\/cd\/?p=24678#breadcrumb\"},\"inLanguage\":\"pt-BR\",\"potentialAction\":[{\"@type\":\"ReadAction\",\"target\":[\"https:\/\/noticiasemdestaque.com\/cd\/?p=24678\"]}]},{\"@type\":\"ImageObject\",\"inLanguage\":\"pt-BR\",\"@id\":\"https:\/\/noticiasemdestaque.com\/cd\/?p=24678#primaryimage\",\"url\":\"https:\/\/noticiasemdestaque.com\/cd\/wp-content\/uploads\/2020\/05\/94960295_3289228781110657_6490938062460157952_n.jpg\",\"contentUrl\":\"https:\/\/noticiasemdestaque.com\/cd\/wp-content\/uploads\/2020\/05\/94960295_3289228781110657_6490938062460157952_n.jpg\",\"width\":541,\"height\":279},{\"@type\":\"BreadcrumbList\",\"@id\":\"https:\/\/noticiasemdestaque.com\/cd\/?p=24678#breadcrumb\",\"itemListElement\":[{\"@type\":\"ListItem\",\"position\":1,\"name\":\"In\u00edcio\",\"item\":\"https:\/\/noticiasemdestaque.com\/cd\/\"},{\"@type\":\"ListItem\",\"position\":2,\"name\":\"ProfSocio realiza bancas de defesa de disserta\u00e7\u00e3o por videoconfer\u00eancia\"}]},{\"@type\":\"WebSite\",\"@id\":\"https:\/\/noticiasemdestaque.com\/cd\/#website\",\"url\":\"https:\/\/noticiasemdestaque.com\/cd\/\",\"name\":\"Not&iacute;cias em Destaque\",\"description\":\"\",\"publisher\":{\"@id\":\"https:\/\/noticiasemdestaque.com\/cd\/#organization\"},\"potentialAction\":[{\"@type\":\"SearchAction\",\"target\":{\"@type\":\"EntryPoint\",\"urlTemplate\":\"https:\/\/noticiasemdestaque.com\/cd\/?s={search_term_string}\"},\"query-input\":{\"@type\":\"PropertyValueSpecification\",\"valueRequired\":true,\"valueName\":\"search_term_string\"}}],\"inLanguage\":\"pt-BR\"},{\"@type\":\"Organization\",\"@id\":\"https:\/\/noticiasemdestaque.com\/cd\/#organization\",\"name\":\"Not\u00edcias em Destaque\",\"url\":\"https:\/\/noticiasemdestaque.com\/cd\/\",\"logo\":{\"@type\":\"ImageObject\",\"inLanguage\":\"pt-BR\",\"@id\":\"https:\/\/noticiasemdestaque.com\/cd\/#\/schema\/logo\/image\/\",\"url\":\"https:\/\/noticiasemdestaque.com\/cd\/wp-content\/uploads\/2022\/05\/imagem-base-noticiasemdestaque.png\",\"contentUrl\":\"https:\/\/noticiasemdestaque.com\/cd\/wp-content\/uploads\/2022\/05\/imagem-base-noticiasemdestaque.png\",\"width\":1200,\"height\":630,\"caption\":\"Not\u00edcias em Destaque\"},\"image\":{\"@id\":\"https:\/\/noticiasemdestaque.com\/cd\/#\/schema\/logo\/image\/\"}},{\"@type\":\"Person\",\"@id\":\"https:\/\/noticiasemdestaque.com\/cd\/#\/schema\/person\/21320b03a7e8bb90128938dafc9b908a\",\"name\":\"Not\u00edcias em Destaque\",\"url\":\"https:\/\/noticiasemdestaque.com\/cd\/?author=2\"}]}<\/script>\n<!-- \/ Yoast SEO plugin. -->","yoast_head_json":{"title":"ProfSocio realiza bancas de defesa de disserta\u00e7\u00e3o por videoconfer\u00eancia - Not&iacute;cias em Destaque","robots":{"index":"index","follow":"follow","max-snippet":"max-snippet:-1","max-image-preview":"max-image-preview:large","max-video-preview":"max-video-preview:-1"},"canonical":"https:\/\/noticiasemdestaque.com\/cd\/?p=24678","og_locale":"pt_BR","og_type":"article","og_title":"ProfSocio realiza bancas de defesa de disserta\u00e7\u00e3o por videoconfer\u00eancia - Not&iacute;cias em Destaque","og_description":"O Mestrado Profissional de Sociologia em Rede Nacional \u2013 ProfSocio, polo do Centro de Desenvolvimento Sustent\u00e1vel do Semi\u00e1rido da Universidade Federal de Campina Grande, realizou no \u00faltimo dia 30 de abril, bancas de defesa de disserta\u00e7\u00e3o utilizando uma plataforma de videoconfer\u00eancia. Apresentaram as defesas as seguintes alunas: Aracele Gomes Barbosa &#8211; \u201cPerfil e percep\u00e7\u00e3o dos profissionais sobre o ensino de sociologia na educa\u00e7\u00e3o b\u00e1sica\u201d; Maria Alcilene Vit\u00f3ria Batista Aires\u00a0com o tema \u201cJuventudes e escolariza\u00e7\u00e3o: as viv\u00eancias do ensino m\u00e9dio sob os seus jovens olhares\u201d; Alanny Ara\u00fajo de Souza &#8211; \u201cEu n\u00e3o disse a tu que n\u00e3o era s\u00f3 filme? o audiovisual no processo de ensino- aprendizagem da sociologia no ensino m\u00e9dio\u201d e; Daniella Flor\u00eancio Pereira Siqueira &#8211; \u201cCinema e sociedade: um guia pedag\u00f3gico para o ensino de sociologia na escola secund\u00e1ria brasileira\u201d. O ProfSocio \u00e9 um mestrado profissional oferecido gratuitamente, em n\u00edvel de p\u00f3s-gradua\u00e7\u00e3o Stricto Sensu, reconhecido pela Coordena\u00e7\u00e3o de Aperfei\u00e7oamento de Pessoal de N\u00edvel Superior (CAPES) do Minist\u00e9rio da Educa\u00e7\u00e3o (MEC). O objetivo desse Mestrado \u00e9 propiciar um espa\u00e7o de forma\u00e7\u00e3o continuada para os professores de Sociologia que atuam na Educa\u00e7\u00e3o B\u00e1sica, ou \u00e0queles que desejam atuar nesta \u00e1rea, inseridos em uma rede nacional de produ\u00e7\u00e3o de metodologias de ensino e de pesquisa acerca das Ci\u00eancias Sociais e Educa\u00e7\u00e3o. Assimp CDSA\/UFCG","og_url":"https:\/\/noticiasemdestaque.com\/cd\/?p=24678","og_site_name":"Not&iacute;cias em Destaque","article_published_time":"2020-05-05T00:12:56+00:00","og_image":[{"width":541,"height":279,"url":"https:\/\/noticiasemdestaque.com\/cd\/wp-content\/uploads\/2020\/05\/94960295_3289228781110657_6490938062460157952_n.jpg","type":"image\/jpeg"}],"author":"Not\u00edcias em Destaque","twitter_card":"summary_large_image","twitter_misc":{"Escrito por":"Not\u00edcias em Destaque","Est. tempo de leitura":"1 minuto"},"schema":{"@context":"https:\/\/schema.org","@graph":[{"@type":"Article","@id":"https:\/\/noticiasemdestaque.com\/cd\/?p=24678#article","isPartOf":{"@id":"https:\/\/noticiasemdestaque.com\/cd\/?p=24678"},"author":{"name":"Not\u00edcias em Destaque","@id":"https:\/\/noticiasemdestaque.com\/cd\/#\/schema\/person\/21320b03a7e8bb90128938dafc9b908a"},"headline":"ProfSocio realiza bancas de defesa de disserta\u00e7\u00e3o por videoconfer\u00eancia","datePublished":"2020-05-05T00:12:56+00:00","mainEntityOfPage":{"@id":"https:\/\/noticiasemdestaque.com\/cd\/?p=24678"},"wordCount":254,"publisher":{"@id":"https:\/\/noticiasemdestaque.com\/cd\/#organization"},"image":{"@id":"https:\/\/noticiasemdestaque.com\/cd\/?p=24678#primaryimage"},"thumbnailUrl":"https:\/\/noticiasemdestaque.com\/cd\/wp-content\/uploads\/2020\/05\/94960295_3289228781110657_6490938062460157952_n.jpg","articleSection":["Educa\u00e7\u00e3o"],"inLanguage":"pt-BR"},{"@type":"WebPage","@id":"https:\/\/noticiasemdestaque.com\/cd\/?p=24678","url":"https:\/\/noticiasemdestaque.com\/cd\/?p=24678","name":"ProfSocio realiza bancas de defesa de disserta\u00e7\u00e3o por videoconfer\u00eancia - Not&iacute;cias em Destaque","isPartOf":{"@id":"https:\/\/noticiasemdestaque.com\/cd\/#website"},"primaryImageOfPage":{"@id":"https:\/\/noticiasemdestaque.com\/cd\/?p=24678#primaryimage"},"image":{"@id":"https:\/\/noticiasemdestaque.com\/cd\/?p=24678#primaryimage"},"thumbnailUrl":"https:\/\/noticiasemdestaque.com\/cd\/wp-content\/uploads\/2020\/05\/94960295_3289228781110657_6490938062460157952_n.jpg","datePublished":"2020-05-05T00:12:56+00:00","breadcrumb":{"@id":"https:\/\/noticiasemdestaque.com\/cd\/?p=24678#breadcrumb"},"inLanguage":"pt-BR","potentialAction":[{"@type":"ReadAction","target":["https:\/\/noticiasemdestaque.com\/cd\/?p=24678"]}]},{"@type":"ImageObject","inLanguage":"pt-BR","@id":"https:\/\/noticiasemdestaque.com\/cd\/?p=24678#primaryimage","url":"https:\/\/noticiasemdestaque.com\/cd\/wp-content\/uploads\/2020\/05\/94960295_3289228781110657_6490938062460157952_n.jpg","contentUrl":"https:\/\/noticiasemdestaque.com\/cd\/wp-content\/uploads\/2020\/05\/94960295_3289228781110657_6490938062460157952_n.jpg","width":541,"height":279},{"@type":"BreadcrumbList","@id":"https:\/\/noticiasemdestaque.com\/cd\/?p=24678#breadcrumb","itemListElement":[{"@type":"ListItem","position":1,"name":"In\u00edcio","item":"https:\/\/noticiasemdestaque.com\/cd\/"},{"@type":"ListItem","position":2,"name":"ProfSocio realiza bancas de defesa de disserta\u00e7\u00e3o por videoconfer\u00eancia"}]},{"@type":"WebSite","@id":"https:\/\/noticiasemdestaque.com\/cd\/#website","url":"https:\/\/noticiasemdestaque.com\/cd\/","name":"Not&iacute;cias em Destaque","description":"","publisher":{"@id":"https:\/\/noticiasemdestaque.com\/cd\/#organization"},"potentialAction":[{"@type":"SearchAction","target":{"@type":"EntryPoint","urlTemplate":"https:\/\/noticiasemdestaque.com\/cd\/?s={search_term_string}"},"query-input":{"@type":"PropertyValueSpecification","valueRequired":true,"valueName":"search_term_string"}}],"inLanguage":"pt-BR"},{"@type":"Organization","@id":"https:\/\/noticiasemdestaque.com\/cd\/#organization","name":"Not\u00edcias em Destaque","url":"https:\/\/noticiasemdestaque.com\/cd\/","logo":{"@type":"ImageObject","inLanguage":"pt-BR","@id":"https:\/\/noticiasemdestaque.com\/cd\/#\/schema\/logo\/image\/","url":"https:\/\/noticiasemdestaque.com\/cd\/wp-content\/uploads\/2022\/05\/imagem-base-noticiasemdestaque.png","contentUrl":"https:\/\/noticiasemdestaque.com\/cd\/wp-content\/uploads\/2022\/05\/imagem-base-noticiasemdestaque.png","width":1200,"height":630,"caption":"Not\u00edcias em Destaque"},"image":{"@id":"https:\/\/noticiasemdestaque.com\/cd\/#\/schema\/logo\/image\/"}},{"@type":"Person","@id":"https:\/\/noticiasemdestaque.com\/cd\/#\/schema\/person\/21320b03a7e8bb90128938dafc9b908a","name":"Not\u00edcias em Destaque","url":"https:\/\/noticiasemdestaque.com\/cd\/?author=2"}]}},"jetpack_featured_media_url":"https:\/\/noticiasemdestaque.com\/cd\/wp-content\/uploads\/2020\/05\/94960295_3289228781110657_6490938062460157952_n.jpg","jetpack_sharing_enabled":true,"_links":{"self":[{"href":"https:\/\/noticiasemdestaque.com\/cd\/index.php?rest_route=\/wp\/v2\/posts\/24678","targetHints":{"allow":["GET"]}}],"collection":[{"href":"https:\/\/noticiasemdestaque.com\/cd\/index.php?rest_route=\/wp\/v2\/posts"}],"about":[{"href":"https:\/\/noticiasemdestaque.com\/cd\/index.php?rest_route=\/wp\/v2\/types\/post"}],"author":[{"embeddable":true,"href":"https:\/\/noticiasemdestaque.com\/cd\/index.php?rest_route=\/wp\/v2\/users\/2"}],"replies":[{"embeddable":true,"href":"https:\/\/noticiasemdestaque.com\/cd\/index.php?rest_route=%2Fwp%2Fv2%2Fcomments&post=24678"}],"version-history":[{"count":1,"href":"https:\/\/noticiasemdestaque.com\/cd\/index.php?rest_route=\/wp\/v2\/posts\/24678\/revisions"}],"predecessor-version":[{"id":24680,"href":"https:\/\/noticiasemdestaque.com\/cd\/index.php?rest_route=\/wp\/v2\/posts\/24678\/revisions\/24680"}],"wp:featuredmedia":[{"embeddable":true,"href":"https:\/\/noticiasemdestaque.com\/cd\/index.php?rest_route=\/wp\/v2\/media\/24679"}],"wp:attachment":[{"href":"https:\/\/noticiasemdestaque.com\/cd\/index.php?rest_route=%2Fwp%2Fv2%2Fmedia&parent=24678"}],"wp:term":[{"taxonomy":"category","embeddable":true,"href":"https:\/\/noticiasemdestaque.com\/cd\/index.php?rest_route=%2Fwp%2Fv2%2Fcategories&post=24678"},{"taxonomy":"post_tag","embeddable":true,"href":"https:\/\/noticiasemdestaque.com\/cd\/index.php?rest_route=%2Fwp%2Fv2%2Ftags&post=24678"}],"curies":[{"name":"wp","href":"https:\/\/api.w.org\/{rel}","templated":true}]}}