{"id":24669,"date":"2020-05-04T20:52:05","date_gmt":"2020-05-04T23:52:05","guid":{"rendered":"http:\/\/noticiasemdestaque.com\/cd\/?p=24669"},"modified":"2020-05-04T20:52:05","modified_gmt":"2020-05-04T23:52:05","slug":"centro-de-referencia-as-mulheres-do-cariri-em-sume-completa-1-ano-de-funcionamento","status":"publish","type":"post","link":"https:\/\/noticiasemdestaque.com\/cd\/?p=24669","title":{"rendered":"Centro de Refer\u00eancia \u00e0s Mulheres do Cariri em Sum\u00e9 completa 1 ano de funcionamento"},"content":{"rendered":"<p><a href=\"https:\/\/noticiasemdestaque.com\/cd\/wp-content\/uploads\/2020\/05\/76e70b90-677f-4d86-870d-7fcbacf67c9c.jpeg\"><img fetchpriority=\"high\" decoding=\"async\" class=\"size-full wp-image-24670 aligncenter\" src=\"https:\/\/noticiasemdestaque.com\/cd\/wp-content\/uploads\/2020\/05\/76e70b90-677f-4d86-870d-7fcbacf67c9c.jpeg\" alt=\"\" width=\"640\" height=\"427\" srcset=\"https:\/\/noticiasemdestaque.com\/cd\/wp-content\/uploads\/2020\/05\/76e70b90-677f-4d86-870d-7fcbacf67c9c.jpeg 640w, https:\/\/noticiasemdestaque.com\/cd\/wp-content\/uploads\/2020\/05\/76e70b90-677f-4d86-870d-7fcbacf67c9c-300x200.jpeg 300w, https:\/\/noticiasemdestaque.com\/cd\/wp-content\/uploads\/2020\/05\/76e70b90-677f-4d86-870d-7fcbacf67c9c-480x320.jpeg 480w\" sizes=\"(max-width: 640px) 100vw, 640px\" \/><\/a><\/p>\n<p>O Centro de Refer\u00eancia Intermunicipal de Atendimento \u00e0s Mulheres do Cariri \u2013 Maria Eliane Pereira dos Anjos est\u00e1 completando um ano de funcionamento. O CRIAMC \u00e9 uma parceria firmada entre o Governo do Estado da Para\u00edba, por meio da Secretaria da Mulher e da Diversidade Humana, do Cons\u00f3rcio Intermunicipal de Sa\u00fade do Cariri (Cisco) e est\u00e1 implantado no munic\u00edpio de Sum\u00e9.<\/p>\n<p>O Centro recebeu o nome de Maria Eliane Pereira dos Anjos, em homenagem \u00e0 jovem sumeense \u201cEliane\u201d, assassinada no munic\u00edpio no dia 14 de agosto de 2014; \u00e9 um servi\u00e7o \u00a0voltado \u00e0s mulheres v\u00edtimas de viol\u00eancia dom\u00e9stica e sexual e tem como objetivo proporcionar medidas de supera\u00e7\u00e3o da situa\u00e7\u00e3o de viol\u00eancia, contribuir para o fortalecimento da mulher e resgate \u00e0 cidadania.<\/p>\n<p>Por meio do Centro de Refer\u00eancia, as Mulheres v\u00edtimas de viol\u00eancia dom\u00e9stica e\/ou sexual disp\u00f5em de atendimentos e consultas psicol\u00f3gicas, sociais e jur\u00eddicas, e recebem orienta\u00e7\u00f5es e apoio para enfrentar a viol\u00eancia sofrida, bem como receber medidas protetivas, caso demonstrem interesse.<\/p>\n<p>De acordo com a coordenadora do Centro, Lucineide Pereira, no decorrer de um ano, a equipe do CRIAMC atendeu diversos casos de viol\u00eancia dom\u00e9stica da regi\u00e3o do Cariri, caracterizados em viol\u00eancia f\u00edsica, psicol\u00f3gica, moral, patrimonial e sexual, com um total de 50 prontu\u00e1rios registrados no servi\u00e7o; realizou visitas a 13 munic\u00edpios da regi\u00e3o do Cariri; quatro reuni\u00f5es da rede intermunicipal de atendimento; 32 palestras educativas com um p\u00fablico de 1.467 participantes e ainda realizou algumas capacita\u00e7\u00f5es.<\/p>\n<p>\u201cO CRIAMC mostra-se como um importante instrumento de apoio, acolhimento e fortalecimento da mulher diante de hist\u00f3rias de viol\u00eancias vivenciadas. Sabemos que as institui\u00e7\u00f5es est\u00e3o se fortalecendo para combater essa viol\u00eancia, mas para isso precisamos n\u00e3o fechar os olhos. Se a den\u00fancia ocorre, o Centro tem como dar apoio a essas mulheres\u201d, disse Lucineide.<\/p>\n<p>O dia 04 de maio tamb\u00e9m \u00e9 estabelecido pelo munic\u00edpio de Sum\u00e9 como o dia de Conscientiza\u00e7\u00e3o Municipal de Combate \u00e0 Viol\u00eancia Dom\u00e9stica e Sexual Contra a Mulher, criado pela Lei Municipal n\u00b0 1.320\/2019, atrav\u00e9s de um projeto de Lei de autoria da vereadora Br\u00edgida Xavier e sancionado pelo prefeito \u00c9den.<\/p>\n<p>Este dia tem como objetivo principal a promo\u00e7\u00e3o de atividades relacionadas ao combate \u00e0 viol\u00eancia contra a mulher e de interesse familiar que contribuam para coibir e conscientizar a sociedade para o tema.<\/p>\n<p>Importante lembrar que, no \u00faltimo m\u00eas de mar\u00e7o, a Prefeitura de Sum\u00e9 recebeu do Governo do Estado da Para\u00edba, o Selo \u201cPrefeitura Amiga da Mulher\u201d por suas a\u00e7\u00f5es de enfrentamento e combate \u00e0 viol\u00eancia de g\u00eanero e capacita\u00e7\u00f5es visando o empoderamento das mulheres no munic\u00edpio.<\/p>\n<p>O Centro de Refer\u00eancia de Atendimento \u00e0s Mulheres do Cariri atende pelo n\u00famero (83) 99400-7022.<\/p>\n<p>Casos de viol\u00eancia contra a mulher podem ser denunciadas pelos n\u00fameros:<\/p>\n<p>\u2013 190: Disque Den\u00fancia;<\/p>\n<p>\u2013 197: Viol\u00eancia Contra a Mulher;<\/p>\n<p>\u2013 180: Disque Den\u00fancia Nacional;<\/p>\n<p>\u2013 123: Disque Den\u00fancia Estadual.<\/p>\n<p>Ascom PMS<\/p>\n","protected":false},"excerpt":{"rendered":"<p>O Centro de Refer\u00eancia Intermunicipal de Atendimento \u00e0s Mulheres do Cariri \u2013 Maria Eliane Pereira dos Anjos est\u00e1 completando um ano de funcionamento. O CRIAMC \u00e9 uma parceria firmada entre o Governo do Estado da Para\u00edba, por meio da Secretaria da Mulher e da Diversidade Humana, do Cons\u00f3rcio Intermunicipal de Sa\u00fade do Cariri (Cisco) e est\u00e1 implantado no munic\u00edpio de Sum\u00e9. O Centro recebeu o nome de Maria Eliane Pereira dos Anjos, em homenagem \u00e0 jovem sumeense \u201cEliane\u201d, assassinada no munic\u00edpio no dia 14 de agosto de 2014; \u00e9 um servi\u00e7o \u00a0voltado \u00e0s mulheres v\u00edtimas de viol\u00eancia dom\u00e9stica e sexual e tem como objetivo proporcionar medidas de supera\u00e7\u00e3o da situa\u00e7\u00e3o de viol\u00eancia, contribuir para o fortalecimento da mulher e resgate \u00e0 cidadania. Por meio do Centro de Refer\u00eancia, as Mulheres v\u00edtimas de viol\u00eancia dom\u00e9stica e\/ou sexual disp\u00f5em de atendimentos e consultas psicol\u00f3gicas, sociais e jur\u00eddicas, e recebem orienta\u00e7\u00f5es e apoio para enfrentar a viol\u00eancia sofrida, bem como receber medidas protetivas, caso demonstrem interesse. De acordo com a coordenadora do Centro, Lucineide Pereira, no decorrer de um ano, a equipe do CRIAMC atendeu diversos casos de viol\u00eancia dom\u00e9stica da regi\u00e3o do Cariri, caracterizados em viol\u00eancia f\u00edsica, psicol\u00f3gica, moral, patrimonial e sexual, com um total de 50 prontu\u00e1rios registrados no servi\u00e7o; realizou visitas a 13 munic\u00edpios da regi\u00e3o do Cariri; quatro reuni\u00f5es da rede intermunicipal de atendimento; 32 palestras educativas com um p\u00fablico de 1.467 participantes e ainda realizou algumas capacita\u00e7\u00f5es. \u201cO CRIAMC mostra-se como um importante instrumento de apoio, acolhimento e fortalecimento da mulher diante de hist\u00f3rias de viol\u00eancias vivenciadas. Sabemos que as institui\u00e7\u00f5es est\u00e3o se fortalecendo para combater essa viol\u00eancia, mas para isso precisamos n\u00e3o fechar os olhos. Se a den\u00fancia ocorre, o Centro tem como dar apoio a essas mulheres\u201d, disse Lucineide. O dia 04 de maio tamb\u00e9m \u00e9 estabelecido pelo munic\u00edpio de Sum\u00e9 como o dia de Conscientiza\u00e7\u00e3o Municipal de Combate \u00e0 Viol\u00eancia Dom\u00e9stica e Sexual Contra a Mulher, criado pela Lei Municipal n\u00b0 1.320\/2019, atrav\u00e9s de um projeto de Lei de autoria da vereadora Br\u00edgida Xavier e sancionado pelo prefeito \u00c9den. Este dia tem como objetivo principal a promo\u00e7\u00e3o de atividades relacionadas ao combate \u00e0 viol\u00eancia contra a mulher e de interesse familiar que contribuam para coibir e conscientizar a sociedade para o tema. Importante lembrar que, no \u00faltimo m\u00eas de mar\u00e7o, a Prefeitura de Sum\u00e9 recebeu do Governo do Estado da Para\u00edba, o Selo \u201cPrefeitura Amiga da Mulher\u201d por suas a\u00e7\u00f5es de enfrentamento e combate \u00e0 viol\u00eancia de g\u00eanero e capacita\u00e7\u00f5es visando o empoderamento das mulheres no munic\u00edpio. O Centro de Refer\u00eancia de Atendimento \u00e0s Mulheres do Cariri atende pelo n\u00famero (83) 99400-7022. Casos de viol\u00eancia contra a mulher podem ser denunciadas pelos n\u00fameros: \u2013 190: Disque Den\u00fancia; \u2013 197: Viol\u00eancia Contra a Mulher; \u2013 180: Disque Den\u00fancia Nacional; \u2013 123: Disque Den\u00fancia Estadual. Ascom PMS<\/p>\n","protected":false},"author":2,"featured_media":24670,"comment_status":"closed","ping_status":"open","sticky":false,"template":"","format":"standard","meta":{"_eb_attr":"","_jetpack_memberships_contains_paid_content":false,"footnotes":""},"categories":[12],"tags":[],"class_list":["post-24669","post","type-post","status-publish","format-standard","has-post-thumbnail","hentry","category-geral"],"yoast_head":"<!-- This site is optimized with the Yoast SEO plugin v26.5 - https:\/\/yoast.com\/wordpress\/plugins\/seo\/ -->\n<title>Centro de Refer\u00eancia \u00e0s Mulheres do Cariri em Sum\u00e9 completa 1 ano de funcionamento - Not&iacute;cias em Destaque<\/title>\n<meta name=\"robots\" content=\"index, follow, max-snippet:-1, max-image-preview:large, max-video-preview:-1\" \/>\n<link rel=\"canonical\" href=\"https:\/\/noticiasemdestaque.com\/cd\/?p=24669\" \/>\n<meta property=\"og:locale\" content=\"pt_BR\" \/>\n<meta property=\"og:type\" content=\"article\" \/>\n<meta property=\"og:title\" content=\"Centro de Refer\u00eancia \u00e0s Mulheres do Cariri em Sum\u00e9 completa 1 ano de funcionamento - Not&iacute;cias em Destaque\" \/>\n<meta property=\"og:description\" content=\"O Centro de Refer\u00eancia Intermunicipal de Atendimento \u00e0s Mulheres do Cariri \u2013 Maria Eliane Pereira dos Anjos est\u00e1 completando um ano de funcionamento. O CRIAMC \u00e9 uma parceria firmada entre o Governo do Estado da Para\u00edba, por meio da Secretaria da Mulher e da Diversidade Humana, do Cons\u00f3rcio Intermunicipal de Sa\u00fade do Cariri (Cisco) e est\u00e1 implantado no munic\u00edpio de Sum\u00e9. O Centro recebeu o nome de Maria Eliane Pereira dos Anjos, em homenagem \u00e0 jovem sumeense \u201cEliane\u201d, assassinada no munic\u00edpio no dia 14 de agosto de 2014; \u00e9 um servi\u00e7o \u00a0voltado \u00e0s mulheres v\u00edtimas de viol\u00eancia dom\u00e9stica e sexual e tem como objetivo proporcionar medidas de supera\u00e7\u00e3o da situa\u00e7\u00e3o de viol\u00eancia, contribuir para o fortalecimento da mulher e resgate \u00e0 cidadania. Por meio do Centro de Refer\u00eancia, as Mulheres v\u00edtimas de viol\u00eancia dom\u00e9stica e\/ou sexual disp\u00f5em de atendimentos e consultas psicol\u00f3gicas, sociais e jur\u00eddicas, e recebem orienta\u00e7\u00f5es e apoio para enfrentar a viol\u00eancia sofrida, bem como receber medidas protetivas, caso demonstrem interesse. De acordo com a coordenadora do Centro, Lucineide Pereira, no decorrer de um ano, a equipe do CRIAMC atendeu diversos casos de viol\u00eancia dom\u00e9stica da regi\u00e3o do Cariri, caracterizados em viol\u00eancia f\u00edsica, psicol\u00f3gica, moral, patrimonial e sexual, com um total de 50 prontu\u00e1rios registrados no servi\u00e7o; realizou visitas a 13 munic\u00edpios da regi\u00e3o do Cariri; quatro reuni\u00f5es da rede intermunicipal de atendimento; 32 palestras educativas com um p\u00fablico de 1.467 participantes e ainda realizou algumas capacita\u00e7\u00f5es. \u201cO CRIAMC mostra-se como um importante instrumento de apoio, acolhimento e fortalecimento da mulher diante de hist\u00f3rias de viol\u00eancias vivenciadas. Sabemos que as institui\u00e7\u00f5es est\u00e3o se fortalecendo para combater essa viol\u00eancia, mas para isso precisamos n\u00e3o fechar os olhos. Se a den\u00fancia ocorre, o Centro tem como dar apoio a essas mulheres\u201d, disse Lucineide. O dia 04 de maio tamb\u00e9m \u00e9 estabelecido pelo munic\u00edpio de Sum\u00e9 como o dia de Conscientiza\u00e7\u00e3o Municipal de Combate \u00e0 Viol\u00eancia Dom\u00e9stica e Sexual Contra a Mulher, criado pela Lei Municipal n\u00b0 1.320\/2019, atrav\u00e9s de um projeto de Lei de autoria da vereadora Br\u00edgida Xavier e sancionado pelo prefeito \u00c9den. Este dia tem como objetivo principal a promo\u00e7\u00e3o de atividades relacionadas ao combate \u00e0 viol\u00eancia contra a mulher e de interesse familiar que contribuam para coibir e conscientizar a sociedade para o tema. Importante lembrar que, no \u00faltimo m\u00eas de mar\u00e7o, a Prefeitura de Sum\u00e9 recebeu do Governo do Estado da Para\u00edba, o Selo \u201cPrefeitura Amiga da Mulher\u201d por suas a\u00e7\u00f5es de enfrentamento e combate \u00e0 viol\u00eancia de g\u00eanero e capacita\u00e7\u00f5es visando o empoderamento das mulheres no munic\u00edpio. O Centro de Refer\u00eancia de Atendimento \u00e0s Mulheres do Cariri atende pelo n\u00famero (83) 99400-7022. Casos de viol\u00eancia contra a mulher podem ser denunciadas pelos n\u00fameros: \u2013 190: Disque Den\u00fancia; \u2013 197: Viol\u00eancia Contra a Mulher; \u2013 180: Disque Den\u00fancia Nacional; \u2013 123: Disque Den\u00fancia Estadual. Ascom PMS\" \/>\n<meta property=\"og:url\" content=\"https:\/\/noticiasemdestaque.com\/cd\/?p=24669\" \/>\n<meta property=\"og:site_name\" content=\"Not&iacute;cias em Destaque\" \/>\n<meta property=\"article:published_time\" content=\"2020-05-04T23:52:05+00:00\" \/>\n<meta property=\"og:image\" content=\"https:\/\/noticiasemdestaque.com\/cd\/wp-content\/uploads\/2020\/05\/76e70b90-677f-4d86-870d-7fcbacf67c9c.jpeg\" \/>\n\t<meta property=\"og:image:width\" content=\"640\" \/>\n\t<meta property=\"og:image:height\" content=\"427\" \/>\n\t<meta property=\"og:image:type\" content=\"image\/jpeg\" \/>\n<meta name=\"author\" content=\"Not\u00edcias em Destaque\" \/>\n<meta name=\"twitter:card\" content=\"summary_large_image\" \/>\n<meta name=\"twitter:label1\" content=\"Escrito por\" \/>\n\t<meta name=\"twitter:data1\" content=\"Not\u00edcias em Destaque\" \/>\n\t<meta name=\"twitter:label2\" content=\"Est. tempo de leitura\" \/>\n\t<meta name=\"twitter:data2\" content=\"3 minutos\" \/>\n<script type=\"application\/ld+json\" class=\"yoast-schema-graph\">{\"@context\":\"https:\/\/schema.org\",\"@graph\":[{\"@type\":\"Article\",\"@id\":\"https:\/\/noticiasemdestaque.com\/cd\/?p=24669#article\",\"isPartOf\":{\"@id\":\"https:\/\/noticiasemdestaque.com\/cd\/?p=24669\"},\"author\":{\"name\":\"Not\u00edcias em Destaque\",\"@id\":\"https:\/\/noticiasemdestaque.com\/cd\/#\/schema\/person\/21320b03a7e8bb90128938dafc9b908a\"},\"headline\":\"Centro de Refer\u00eancia \u00e0s Mulheres do Cariri em Sum\u00e9 completa 1 ano de funcionamento\",\"datePublished\":\"2020-05-04T23:52:05+00:00\",\"mainEntityOfPage\":{\"@id\":\"https:\/\/noticiasemdestaque.com\/cd\/?p=24669\"},\"wordCount\":526,\"publisher\":{\"@id\":\"https:\/\/noticiasemdestaque.com\/cd\/#organization\"},\"image\":{\"@id\":\"https:\/\/noticiasemdestaque.com\/cd\/?p=24669#primaryimage\"},\"thumbnailUrl\":\"https:\/\/noticiasemdestaque.com\/cd\/wp-content\/uploads\/2020\/05\/76e70b90-677f-4d86-870d-7fcbacf67c9c.jpeg\",\"articleSection\":[\"Geral\"],\"inLanguage\":\"pt-BR\"},{\"@type\":\"WebPage\",\"@id\":\"https:\/\/noticiasemdestaque.com\/cd\/?p=24669\",\"url\":\"https:\/\/noticiasemdestaque.com\/cd\/?p=24669\",\"name\":\"Centro de Refer\u00eancia \u00e0s Mulheres do Cariri em Sum\u00e9 completa 1 ano de funcionamento - Not&iacute;cias em Destaque\",\"isPartOf\":{\"@id\":\"https:\/\/noticiasemdestaque.com\/cd\/#website\"},\"primaryImageOfPage\":{\"@id\":\"https:\/\/noticiasemdestaque.com\/cd\/?p=24669#primaryimage\"},\"image\":{\"@id\":\"https:\/\/noticiasemdestaque.com\/cd\/?p=24669#primaryimage\"},\"thumbnailUrl\":\"https:\/\/noticiasemdestaque.com\/cd\/wp-content\/uploads\/2020\/05\/76e70b90-677f-4d86-870d-7fcbacf67c9c.jpeg\",\"datePublished\":\"2020-05-04T23:52:05+00:00\",\"breadcrumb\":{\"@id\":\"https:\/\/noticiasemdestaque.com\/cd\/?p=24669#breadcrumb\"},\"inLanguage\":\"pt-BR\",\"potentialAction\":[{\"@type\":\"ReadAction\",\"target\":[\"https:\/\/noticiasemdestaque.com\/cd\/?p=24669\"]}]},{\"@type\":\"ImageObject\",\"inLanguage\":\"pt-BR\",\"@id\":\"https:\/\/noticiasemdestaque.com\/cd\/?p=24669#primaryimage\",\"url\":\"https:\/\/noticiasemdestaque.com\/cd\/wp-content\/uploads\/2020\/05\/76e70b90-677f-4d86-870d-7fcbacf67c9c.jpeg\",\"contentUrl\":\"https:\/\/noticiasemdestaque.com\/cd\/wp-content\/uploads\/2020\/05\/76e70b90-677f-4d86-870d-7fcbacf67c9c.jpeg\",\"width\":640,\"height\":427},{\"@type\":\"BreadcrumbList\",\"@id\":\"https:\/\/noticiasemdestaque.com\/cd\/?p=24669#breadcrumb\",\"itemListElement\":[{\"@type\":\"ListItem\",\"position\":1,\"name\":\"In\u00edcio\",\"item\":\"https:\/\/noticiasemdestaque.com\/cd\/\"},{\"@type\":\"ListItem\",\"position\":2,\"name\":\"Centro de Refer\u00eancia \u00e0s Mulheres do Cariri em Sum\u00e9 completa 1 ano de funcionamento\"}]},{\"@type\":\"WebSite\",\"@id\":\"https:\/\/noticiasemdestaque.com\/cd\/#website\",\"url\":\"https:\/\/noticiasemdestaque.com\/cd\/\",\"name\":\"Not&iacute;cias em Destaque\",\"description\":\"\",\"publisher\":{\"@id\":\"https:\/\/noticiasemdestaque.com\/cd\/#organization\"},\"potentialAction\":[{\"@type\":\"SearchAction\",\"target\":{\"@type\":\"EntryPoint\",\"urlTemplate\":\"https:\/\/noticiasemdestaque.com\/cd\/?s={search_term_string}\"},\"query-input\":{\"@type\":\"PropertyValueSpecification\",\"valueRequired\":true,\"valueName\":\"search_term_string\"}}],\"inLanguage\":\"pt-BR\"},{\"@type\":\"Organization\",\"@id\":\"https:\/\/noticiasemdestaque.com\/cd\/#organization\",\"name\":\"Not\u00edcias em Destaque\",\"url\":\"https:\/\/noticiasemdestaque.com\/cd\/\",\"logo\":{\"@type\":\"ImageObject\",\"inLanguage\":\"pt-BR\",\"@id\":\"https:\/\/noticiasemdestaque.com\/cd\/#\/schema\/logo\/image\/\",\"url\":\"https:\/\/noticiasemdestaque.com\/cd\/wp-content\/uploads\/2022\/05\/imagem-base-noticiasemdestaque.png\",\"contentUrl\":\"https:\/\/noticiasemdestaque.com\/cd\/wp-content\/uploads\/2022\/05\/imagem-base-noticiasemdestaque.png\",\"width\":1200,\"height\":630,\"caption\":\"Not\u00edcias em Destaque\"},\"image\":{\"@id\":\"https:\/\/noticiasemdestaque.com\/cd\/#\/schema\/logo\/image\/\"}},{\"@type\":\"Person\",\"@id\":\"https:\/\/noticiasemdestaque.com\/cd\/#\/schema\/person\/21320b03a7e8bb90128938dafc9b908a\",\"name\":\"Not\u00edcias em Destaque\",\"url\":\"https:\/\/noticiasemdestaque.com\/cd\/?author=2\"}]}<\/script>\n<!-- \/ Yoast SEO plugin. -->","yoast_head_json":{"title":"Centro de Refer\u00eancia \u00e0s Mulheres do Cariri em Sum\u00e9 completa 1 ano de funcionamento - Not&iacute;cias em Destaque","robots":{"index":"index","follow":"follow","max-snippet":"max-snippet:-1","max-image-preview":"max-image-preview:large","max-video-preview":"max-video-preview:-1"},"canonical":"https:\/\/noticiasemdestaque.com\/cd\/?p=24669","og_locale":"pt_BR","og_type":"article","og_title":"Centro de Refer\u00eancia \u00e0s Mulheres do Cariri em Sum\u00e9 completa 1 ano de funcionamento - Not&iacute;cias em Destaque","og_description":"O Centro de Refer\u00eancia Intermunicipal de Atendimento \u00e0s Mulheres do Cariri \u2013 Maria Eliane Pereira dos Anjos est\u00e1 completando um ano de funcionamento. O CRIAMC \u00e9 uma parceria firmada entre o Governo do Estado da Para\u00edba, por meio da Secretaria da Mulher e da Diversidade Humana, do Cons\u00f3rcio Intermunicipal de Sa\u00fade do Cariri (Cisco) e est\u00e1 implantado no munic\u00edpio de Sum\u00e9. O Centro recebeu o nome de Maria Eliane Pereira dos Anjos, em homenagem \u00e0 jovem sumeense \u201cEliane\u201d, assassinada no munic\u00edpio no dia 14 de agosto de 2014; \u00e9 um servi\u00e7o \u00a0voltado \u00e0s mulheres v\u00edtimas de viol\u00eancia dom\u00e9stica e sexual e tem como objetivo proporcionar medidas de supera\u00e7\u00e3o da situa\u00e7\u00e3o de viol\u00eancia, contribuir para o fortalecimento da mulher e resgate \u00e0 cidadania. Por meio do Centro de Refer\u00eancia, as Mulheres v\u00edtimas de viol\u00eancia dom\u00e9stica e\/ou sexual disp\u00f5em de atendimentos e consultas psicol\u00f3gicas, sociais e jur\u00eddicas, e recebem orienta\u00e7\u00f5es e apoio para enfrentar a viol\u00eancia sofrida, bem como receber medidas protetivas, caso demonstrem interesse. De acordo com a coordenadora do Centro, Lucineide Pereira, no decorrer de um ano, a equipe do CRIAMC atendeu diversos casos de viol\u00eancia dom\u00e9stica da regi\u00e3o do Cariri, caracterizados em viol\u00eancia f\u00edsica, psicol\u00f3gica, moral, patrimonial e sexual, com um total de 50 prontu\u00e1rios registrados no servi\u00e7o; realizou visitas a 13 munic\u00edpios da regi\u00e3o do Cariri; quatro reuni\u00f5es da rede intermunicipal de atendimento; 32 palestras educativas com um p\u00fablico de 1.467 participantes e ainda realizou algumas capacita\u00e7\u00f5es. \u201cO CRIAMC mostra-se como um importante instrumento de apoio, acolhimento e fortalecimento da mulher diante de hist\u00f3rias de viol\u00eancias vivenciadas. Sabemos que as institui\u00e7\u00f5es est\u00e3o se fortalecendo para combater essa viol\u00eancia, mas para isso precisamos n\u00e3o fechar os olhos. Se a den\u00fancia ocorre, o Centro tem como dar apoio a essas mulheres\u201d, disse Lucineide. O dia 04 de maio tamb\u00e9m \u00e9 estabelecido pelo munic\u00edpio de Sum\u00e9 como o dia de Conscientiza\u00e7\u00e3o Municipal de Combate \u00e0 Viol\u00eancia Dom\u00e9stica e Sexual Contra a Mulher, criado pela Lei Municipal n\u00b0 1.320\/2019, atrav\u00e9s de um projeto de Lei de autoria da vereadora Br\u00edgida Xavier e sancionado pelo prefeito \u00c9den. Este dia tem como objetivo principal a promo\u00e7\u00e3o de atividades relacionadas ao combate \u00e0 viol\u00eancia contra a mulher e de interesse familiar que contribuam para coibir e conscientizar a sociedade para o tema. Importante lembrar que, no \u00faltimo m\u00eas de mar\u00e7o, a Prefeitura de Sum\u00e9 recebeu do Governo do Estado da Para\u00edba, o Selo \u201cPrefeitura Amiga da Mulher\u201d por suas a\u00e7\u00f5es de enfrentamento e combate \u00e0 viol\u00eancia de g\u00eanero e capacita\u00e7\u00f5es visando o empoderamento das mulheres no munic\u00edpio. O Centro de Refer\u00eancia de Atendimento \u00e0s Mulheres do Cariri atende pelo n\u00famero (83) 99400-7022. Casos de viol\u00eancia contra a mulher podem ser denunciadas pelos n\u00fameros: \u2013 190: Disque Den\u00fancia; \u2013 197: Viol\u00eancia Contra a Mulher; \u2013 180: Disque Den\u00fancia Nacional; \u2013 123: Disque Den\u00fancia Estadual. Ascom PMS","og_url":"https:\/\/noticiasemdestaque.com\/cd\/?p=24669","og_site_name":"Not&iacute;cias em Destaque","article_published_time":"2020-05-04T23:52:05+00:00","og_image":[{"width":640,"height":427,"url":"https:\/\/noticiasemdestaque.com\/cd\/wp-content\/uploads\/2020\/05\/76e70b90-677f-4d86-870d-7fcbacf67c9c.jpeg","type":"image\/jpeg"}],"author":"Not\u00edcias em Destaque","twitter_card":"summary_large_image","twitter_misc":{"Escrito por":"Not\u00edcias em Destaque","Est. tempo de leitura":"3 minutos"},"schema":{"@context":"https:\/\/schema.org","@graph":[{"@type":"Article","@id":"https:\/\/noticiasemdestaque.com\/cd\/?p=24669#article","isPartOf":{"@id":"https:\/\/noticiasemdestaque.com\/cd\/?p=24669"},"author":{"name":"Not\u00edcias em Destaque","@id":"https:\/\/noticiasemdestaque.com\/cd\/#\/schema\/person\/21320b03a7e8bb90128938dafc9b908a"},"headline":"Centro de Refer\u00eancia \u00e0s Mulheres do Cariri em Sum\u00e9 completa 1 ano de funcionamento","datePublished":"2020-05-04T23:52:05+00:00","mainEntityOfPage":{"@id":"https:\/\/noticiasemdestaque.com\/cd\/?p=24669"},"wordCount":526,"publisher":{"@id":"https:\/\/noticiasemdestaque.com\/cd\/#organization"},"image":{"@id":"https:\/\/noticiasemdestaque.com\/cd\/?p=24669#primaryimage"},"thumbnailUrl":"https:\/\/noticiasemdestaque.com\/cd\/wp-content\/uploads\/2020\/05\/76e70b90-677f-4d86-870d-7fcbacf67c9c.jpeg","articleSection":["Geral"],"inLanguage":"pt-BR"},{"@type":"WebPage","@id":"https:\/\/noticiasemdestaque.com\/cd\/?p=24669","url":"https:\/\/noticiasemdestaque.com\/cd\/?p=24669","name":"Centro de Refer\u00eancia \u00e0s Mulheres do Cariri em Sum\u00e9 completa 1 ano de funcionamento - Not&iacute;cias em Destaque","isPartOf":{"@id":"https:\/\/noticiasemdestaque.com\/cd\/#website"},"primaryImageOfPage":{"@id":"https:\/\/noticiasemdestaque.com\/cd\/?p=24669#primaryimage"},"image":{"@id":"https:\/\/noticiasemdestaque.com\/cd\/?p=24669#primaryimage"},"thumbnailUrl":"https:\/\/noticiasemdestaque.com\/cd\/wp-content\/uploads\/2020\/05\/76e70b90-677f-4d86-870d-7fcbacf67c9c.jpeg","datePublished":"2020-05-04T23:52:05+00:00","breadcrumb":{"@id":"https:\/\/noticiasemdestaque.com\/cd\/?p=24669#breadcrumb"},"inLanguage":"pt-BR","potentialAction":[{"@type":"ReadAction","target":["https:\/\/noticiasemdestaque.com\/cd\/?p=24669"]}]},{"@type":"ImageObject","inLanguage":"pt-BR","@id":"https:\/\/noticiasemdestaque.com\/cd\/?p=24669#primaryimage","url":"https:\/\/noticiasemdestaque.com\/cd\/wp-content\/uploads\/2020\/05\/76e70b90-677f-4d86-870d-7fcbacf67c9c.jpeg","contentUrl":"https:\/\/noticiasemdestaque.com\/cd\/wp-content\/uploads\/2020\/05\/76e70b90-677f-4d86-870d-7fcbacf67c9c.jpeg","width":640,"height":427},{"@type":"BreadcrumbList","@id":"https:\/\/noticiasemdestaque.com\/cd\/?p=24669#breadcrumb","itemListElement":[{"@type":"ListItem","position":1,"name":"In\u00edcio","item":"https:\/\/noticiasemdestaque.com\/cd\/"},{"@type":"ListItem","position":2,"name":"Centro de Refer\u00eancia \u00e0s Mulheres do Cariri em Sum\u00e9 completa 1 ano de funcionamento"}]},{"@type":"WebSite","@id":"https:\/\/noticiasemdestaque.com\/cd\/#website","url":"https:\/\/noticiasemdestaque.com\/cd\/","name":"Not&iacute;cias em Destaque","description":"","publisher":{"@id":"https:\/\/noticiasemdestaque.com\/cd\/#organization"},"potentialAction":[{"@type":"SearchAction","target":{"@type":"EntryPoint","urlTemplate":"https:\/\/noticiasemdestaque.com\/cd\/?s={search_term_string}"},"query-input":{"@type":"PropertyValueSpecification","valueRequired":true,"valueName":"search_term_string"}}],"inLanguage":"pt-BR"},{"@type":"Organization","@id":"https:\/\/noticiasemdestaque.com\/cd\/#organization","name":"Not\u00edcias em Destaque","url":"https:\/\/noticiasemdestaque.com\/cd\/","logo":{"@type":"ImageObject","inLanguage":"pt-BR","@id":"https:\/\/noticiasemdestaque.com\/cd\/#\/schema\/logo\/image\/","url":"https:\/\/noticiasemdestaque.com\/cd\/wp-content\/uploads\/2022\/05\/imagem-base-noticiasemdestaque.png","contentUrl":"https:\/\/noticiasemdestaque.com\/cd\/wp-content\/uploads\/2022\/05\/imagem-base-noticiasemdestaque.png","width":1200,"height":630,"caption":"Not\u00edcias em Destaque"},"image":{"@id":"https:\/\/noticiasemdestaque.com\/cd\/#\/schema\/logo\/image\/"}},{"@type":"Person","@id":"https:\/\/noticiasemdestaque.com\/cd\/#\/schema\/person\/21320b03a7e8bb90128938dafc9b908a","name":"Not\u00edcias em Destaque","url":"https:\/\/noticiasemdestaque.com\/cd\/?author=2"}]}},"jetpack_featured_media_url":"https:\/\/noticiasemdestaque.com\/cd\/wp-content\/uploads\/2020\/05\/76e70b90-677f-4d86-870d-7fcbacf67c9c.jpeg","jetpack_sharing_enabled":true,"_links":{"self":[{"href":"https:\/\/noticiasemdestaque.com\/cd\/index.php?rest_route=\/wp\/v2\/posts\/24669","targetHints":{"allow":["GET"]}}],"collection":[{"href":"https:\/\/noticiasemdestaque.com\/cd\/index.php?rest_route=\/wp\/v2\/posts"}],"about":[{"href":"https:\/\/noticiasemdestaque.com\/cd\/index.php?rest_route=\/wp\/v2\/types\/post"}],"author":[{"embeddable":true,"href":"https:\/\/noticiasemdestaque.com\/cd\/index.php?rest_route=\/wp\/v2\/users\/2"}],"replies":[{"embeddable":true,"href":"https:\/\/noticiasemdestaque.com\/cd\/index.php?rest_route=%2Fwp%2Fv2%2Fcomments&post=24669"}],"version-history":[{"count":1,"href":"https:\/\/noticiasemdestaque.com\/cd\/index.php?rest_route=\/wp\/v2\/posts\/24669\/revisions"}],"predecessor-version":[{"id":24671,"href":"https:\/\/noticiasemdestaque.com\/cd\/index.php?rest_route=\/wp\/v2\/posts\/24669\/revisions\/24671"}],"wp:featuredmedia":[{"embeddable":true,"href":"https:\/\/noticiasemdestaque.com\/cd\/index.php?rest_route=\/wp\/v2\/media\/24670"}],"wp:attachment":[{"href":"https:\/\/noticiasemdestaque.com\/cd\/index.php?rest_route=%2Fwp%2Fv2%2Fmedia&parent=24669"}],"wp:term":[{"taxonomy":"category","embeddable":true,"href":"https:\/\/noticiasemdestaque.com\/cd\/index.php?rest_route=%2Fwp%2Fv2%2Fcategories&post=24669"},{"taxonomy":"post_tag","embeddable":true,"href":"https:\/\/noticiasemdestaque.com\/cd\/index.php?rest_route=%2Fwp%2Fv2%2Ftags&post=24669"}],"curies":[{"name":"wp","href":"https:\/\/api.w.org\/{rel}","templated":true}]}}