{"id":24666,"date":"2020-05-04T20:48:15","date_gmt":"2020-05-04T23:48:15","guid":{"rendered":"http:\/\/noticiasemdestaque.com\/cd\/?p=24666"},"modified":"2020-05-04T20:48:15","modified_gmt":"2020-05-04T23:48:15","slug":"ator-flavio-migliaccio-comete-suicidio-e-deixa-carta","status":"publish","type":"post","link":"https:\/\/noticiasemdestaque.com\/cd\/?p=24666","title":{"rendered":"Ator Flavio Migliaccio comete suic\u00eddio e deixa carta"},"content":{"rendered":"<p><a href=\"https:\/\/noticiasemdestaque.com\/cd\/wp-content\/uploads\/2020\/05\/O-ator.jpg\"><img fetchpriority=\"high\" decoding=\"async\" class=\"wp-image-24667 aligncenter\" src=\"https:\/\/noticiasemdestaque.com\/cd\/wp-content\/uploads\/2020\/05\/O-ator-1024x684.jpg\" alt=\"\" width=\"632\" height=\"422\" srcset=\"https:\/\/noticiasemdestaque.com\/cd\/wp-content\/uploads\/2020\/05\/O-ator-1024x684.jpg 1024w, https:\/\/noticiasemdestaque.com\/cd\/wp-content\/uploads\/2020\/05\/O-ator-300x200.jpg 300w, https:\/\/noticiasemdestaque.com\/cd\/wp-content\/uploads\/2020\/05\/O-ator-768x513.jpg 768w, https:\/\/noticiasemdestaque.com\/cd\/wp-content\/uploads\/2020\/05\/O-ator-480x320.jpg 480w, https:\/\/noticiasemdestaque.com\/cd\/wp-content\/uploads\/2020\/05\/O-ator.jpg 1133w\" sizes=\"(max-width: 632px) 100vw, 632px\" \/><\/a><\/p>\n<p>O ator\u00a0<strong>Flavio Migliaccio<\/strong>\u00a0cometeu suic\u00eddio e deixou uma carta \u00e0 fam\u00edlia em que diz que a humanidade \u201cn\u00e3o deu certo\u201d. Ele foi encontrado morto em seu s\u00edtio na cidade de Rio Bonito (RJ). As informa\u00e7\u00f5es foram divulgadas pela pol\u00edcia e publicadas pela revista F\u00f3rum.<\/p>\n<p>\u201cMe desculpem, mas n\u00e3o deu mais. A velhice neste pa\u00eds \u00e9 (\u2026) como tudo aqui. A humanidade n\u00e3o deu certo. A impress\u00e3o que foram 85 anos jogados fora num pa\u00eds como este e com esse tipo de gente que acabei encontrando. Cuidem das crian\u00e7as de hoje\u201d, disse na carta.<\/p>\n<p>O \u00faltimo trabalho do artista na TV foi em 2019, em \u2018\u00d3rf\u00e3os da Terra\u2019, onde ele fazia o Mamede Aud. Muito conceituado no meio art\u00edstico, ao longo de sua carreira F\u00e1vio teve grandes destaque nas novelas da Rede Globo como \u2018Rainha da Sucata\u2019, \u2018Perigosas Peruas\u2019, \u2018A Pr\u00f3xima V\u00edtima\u2019, \u2018Senhora do Destino\u2019 e \u2018Passione\u2019, entre muitas outros projetos.<\/p>\n<p>Com Isto\u00c9<\/p>\n","protected":false},"excerpt":{"rendered":"<p>O ator\u00a0Flavio Migliaccio\u00a0cometeu suic\u00eddio e deixou uma carta \u00e0 fam\u00edlia em que diz que a humanidade \u201cn\u00e3o deu certo\u201d. Ele foi encontrado morto em seu s\u00edtio na cidade de Rio Bonito (RJ). As informa\u00e7\u00f5es foram divulgadas pela pol\u00edcia e publicadas pela revista F\u00f3rum. \u201cMe desculpem, mas n\u00e3o deu mais. A velhice neste pa\u00eds \u00e9 (\u2026) como tudo aqui. A humanidade n\u00e3o deu certo. A impress\u00e3o que foram 85 anos jogados fora num pa\u00eds como este e com esse tipo de gente que acabei encontrando. Cuidem das crian\u00e7as de hoje\u201d, disse na carta. O \u00faltimo trabalho do artista na TV foi em 2019, em \u2018\u00d3rf\u00e3os da Terra\u2019, onde ele fazia o Mamede Aud. Muito conceituado no meio art\u00edstico, ao longo de sua carreira F\u00e1vio teve grandes destaque nas novelas da Rede Globo como \u2018Rainha da Sucata\u2019, \u2018Perigosas Peruas\u2019, \u2018A Pr\u00f3xima V\u00edtima\u2019, \u2018Senhora do Destino\u2019 e \u2018Passione\u2019, entre muitas outros projetos. Com Isto\u00c9<\/p>\n","protected":false},"author":2,"featured_media":24667,"comment_status":"closed","ping_status":"open","sticky":false,"template":"","format":"standard","meta":{"_eb_attr":"","_jetpack_memberships_contains_paid_content":false,"footnotes":""},"categories":[12],"tags":[],"class_list":["post-24666","post","type-post","status-publish","format-standard","has-post-thumbnail","hentry","category-geral"],"yoast_head":"<!-- This site is optimized with the Yoast SEO plugin v26.5 - https:\/\/yoast.com\/wordpress\/plugins\/seo\/ -->\n<title>Ator Flavio Migliaccio comete suic\u00eddio e deixa carta - Not&iacute;cias em Destaque<\/title>\n<meta name=\"robots\" content=\"index, follow, max-snippet:-1, max-image-preview:large, max-video-preview:-1\" \/>\n<link rel=\"canonical\" href=\"https:\/\/noticiasemdestaque.com\/cd\/?p=24666\" \/>\n<meta property=\"og:locale\" content=\"pt_BR\" \/>\n<meta property=\"og:type\" content=\"article\" \/>\n<meta property=\"og:title\" content=\"Ator Flavio Migliaccio comete suic\u00eddio e deixa carta - Not&iacute;cias em Destaque\" \/>\n<meta property=\"og:description\" content=\"O ator\u00a0Flavio Migliaccio\u00a0cometeu suic\u00eddio e deixou uma carta \u00e0 fam\u00edlia em que diz que a humanidade \u201cn\u00e3o deu certo\u201d. Ele foi encontrado morto em seu s\u00edtio na cidade de Rio Bonito (RJ). As informa\u00e7\u00f5es foram divulgadas pela pol\u00edcia e publicadas pela revista F\u00f3rum. \u201cMe desculpem, mas n\u00e3o deu mais. A velhice neste pa\u00eds \u00e9 (\u2026) como tudo aqui. A humanidade n\u00e3o deu certo. A impress\u00e3o que foram 85 anos jogados fora num pa\u00eds como este e com esse tipo de gente que acabei encontrando. Cuidem das crian\u00e7as de hoje\u201d, disse na carta. O \u00faltimo trabalho do artista na TV foi em 2019, em \u2018\u00d3rf\u00e3os da Terra\u2019, onde ele fazia o Mamede Aud. Muito conceituado no meio art\u00edstico, ao longo de sua carreira F\u00e1vio teve grandes destaque nas novelas da Rede Globo como \u2018Rainha da Sucata\u2019, \u2018Perigosas Peruas\u2019, \u2018A Pr\u00f3xima V\u00edtima\u2019, \u2018Senhora do Destino\u2019 e \u2018Passione\u2019, entre muitas outros projetos. Com Isto\u00c9\" \/>\n<meta property=\"og:url\" content=\"https:\/\/noticiasemdestaque.com\/cd\/?p=24666\" \/>\n<meta property=\"og:site_name\" content=\"Not&iacute;cias em Destaque\" \/>\n<meta property=\"article:published_time\" content=\"2020-05-04T23:48:15+00:00\" \/>\n<meta property=\"og:image\" content=\"https:\/\/noticiasemdestaque.com\/cd\/wp-content\/uploads\/2020\/05\/O-ator.jpg\" \/>\n\t<meta property=\"og:image:width\" content=\"1133\" \/>\n\t<meta property=\"og:image:height\" content=\"757\" \/>\n\t<meta property=\"og:image:type\" content=\"image\/jpeg\" \/>\n<meta name=\"author\" content=\"Not\u00edcias em Destaque\" \/>\n<meta name=\"twitter:card\" content=\"summary_large_image\" \/>\n<meta name=\"twitter:label1\" content=\"Escrito por\" \/>\n\t<meta name=\"twitter:data1\" content=\"Not\u00edcias em Destaque\" \/>\n\t<meta name=\"twitter:label2\" content=\"Est. tempo de leitura\" \/>\n\t<meta name=\"twitter:data2\" content=\"1 minuto\" \/>\n<script type=\"application\/ld+json\" class=\"yoast-schema-graph\">{\"@context\":\"https:\/\/schema.org\",\"@graph\":[{\"@type\":\"Article\",\"@id\":\"https:\/\/noticiasemdestaque.com\/cd\/?p=24666#article\",\"isPartOf\":{\"@id\":\"https:\/\/noticiasemdestaque.com\/cd\/?p=24666\"},\"author\":{\"name\":\"Not\u00edcias em Destaque\",\"@id\":\"https:\/\/noticiasemdestaque.com\/cd\/#\/schema\/person\/21320b03a7e8bb90128938dafc9b908a\"},\"headline\":\"Ator Flavio Migliaccio comete suic\u00eddio e deixa carta\",\"datePublished\":\"2020-05-04T23:48:15+00:00\",\"mainEntityOfPage\":{\"@id\":\"https:\/\/noticiasemdestaque.com\/cd\/?p=24666\"},\"wordCount\":175,\"publisher\":{\"@id\":\"https:\/\/noticiasemdestaque.com\/cd\/#organization\"},\"image\":{\"@id\":\"https:\/\/noticiasemdestaque.com\/cd\/?p=24666#primaryimage\"},\"thumbnailUrl\":\"https:\/\/noticiasemdestaque.com\/cd\/wp-content\/uploads\/2020\/05\/O-ator.jpg\",\"articleSection\":[\"Geral\"],\"inLanguage\":\"pt-BR\"},{\"@type\":\"WebPage\",\"@id\":\"https:\/\/noticiasemdestaque.com\/cd\/?p=24666\",\"url\":\"https:\/\/noticiasemdestaque.com\/cd\/?p=24666\",\"name\":\"Ator Flavio Migliaccio comete suic\u00eddio e deixa carta - Not&iacute;cias em Destaque\",\"isPartOf\":{\"@id\":\"https:\/\/noticiasemdestaque.com\/cd\/#website\"},\"primaryImageOfPage\":{\"@id\":\"https:\/\/noticiasemdestaque.com\/cd\/?p=24666#primaryimage\"},\"image\":{\"@id\":\"https:\/\/noticiasemdestaque.com\/cd\/?p=24666#primaryimage\"},\"thumbnailUrl\":\"https:\/\/noticiasemdestaque.com\/cd\/wp-content\/uploads\/2020\/05\/O-ator.jpg\",\"datePublished\":\"2020-05-04T23:48:15+00:00\",\"breadcrumb\":{\"@id\":\"https:\/\/noticiasemdestaque.com\/cd\/?p=24666#breadcrumb\"},\"inLanguage\":\"pt-BR\",\"potentialAction\":[{\"@type\":\"ReadAction\",\"target\":[\"https:\/\/noticiasemdestaque.com\/cd\/?p=24666\"]}]},{\"@type\":\"ImageObject\",\"inLanguage\":\"pt-BR\",\"@id\":\"https:\/\/noticiasemdestaque.com\/cd\/?p=24666#primaryimage\",\"url\":\"https:\/\/noticiasemdestaque.com\/cd\/wp-content\/uploads\/2020\/05\/O-ator.jpg\",\"contentUrl\":\"https:\/\/noticiasemdestaque.com\/cd\/wp-content\/uploads\/2020\/05\/O-ator.jpg\",\"width\":1133,\"height\":757},{\"@type\":\"BreadcrumbList\",\"@id\":\"https:\/\/noticiasemdestaque.com\/cd\/?p=24666#breadcrumb\",\"itemListElement\":[{\"@type\":\"ListItem\",\"position\":1,\"name\":\"In\u00edcio\",\"item\":\"https:\/\/noticiasemdestaque.com\/cd\/\"},{\"@type\":\"ListItem\",\"position\":2,\"name\":\"Ator Flavio Migliaccio comete suic\u00eddio e deixa carta\"}]},{\"@type\":\"WebSite\",\"@id\":\"https:\/\/noticiasemdestaque.com\/cd\/#website\",\"url\":\"https:\/\/noticiasemdestaque.com\/cd\/\",\"name\":\"Not&iacute;cias em Destaque\",\"description\":\"\",\"publisher\":{\"@id\":\"https:\/\/noticiasemdestaque.com\/cd\/#organization\"},\"potentialAction\":[{\"@type\":\"SearchAction\",\"target\":{\"@type\":\"EntryPoint\",\"urlTemplate\":\"https:\/\/noticiasemdestaque.com\/cd\/?s={search_term_string}\"},\"query-input\":{\"@type\":\"PropertyValueSpecification\",\"valueRequired\":true,\"valueName\":\"search_term_string\"}}],\"inLanguage\":\"pt-BR\"},{\"@type\":\"Organization\",\"@id\":\"https:\/\/noticiasemdestaque.com\/cd\/#organization\",\"name\":\"Not\u00edcias em Destaque\",\"url\":\"https:\/\/noticiasemdestaque.com\/cd\/\",\"logo\":{\"@type\":\"ImageObject\",\"inLanguage\":\"pt-BR\",\"@id\":\"https:\/\/noticiasemdestaque.com\/cd\/#\/schema\/logo\/image\/\",\"url\":\"https:\/\/noticiasemdestaque.com\/cd\/wp-content\/uploads\/2022\/05\/imagem-base-noticiasemdestaque.png\",\"contentUrl\":\"https:\/\/noticiasemdestaque.com\/cd\/wp-content\/uploads\/2022\/05\/imagem-base-noticiasemdestaque.png\",\"width\":1200,\"height\":630,\"caption\":\"Not\u00edcias em Destaque\"},\"image\":{\"@id\":\"https:\/\/noticiasemdestaque.com\/cd\/#\/schema\/logo\/image\/\"}},{\"@type\":\"Person\",\"@id\":\"https:\/\/noticiasemdestaque.com\/cd\/#\/schema\/person\/21320b03a7e8bb90128938dafc9b908a\",\"name\":\"Not\u00edcias em Destaque\",\"url\":\"https:\/\/noticiasemdestaque.com\/cd\/?author=2\"}]}<\/script>\n<!-- \/ Yoast SEO plugin. -->","yoast_head_json":{"title":"Ator Flavio Migliaccio comete suic\u00eddio e deixa carta - Not&iacute;cias em Destaque","robots":{"index":"index","follow":"follow","max-snippet":"max-snippet:-1","max-image-preview":"max-image-preview:large","max-video-preview":"max-video-preview:-1"},"canonical":"https:\/\/noticiasemdestaque.com\/cd\/?p=24666","og_locale":"pt_BR","og_type":"article","og_title":"Ator Flavio Migliaccio comete suic\u00eddio e deixa carta - Not&iacute;cias em Destaque","og_description":"O ator\u00a0Flavio Migliaccio\u00a0cometeu suic\u00eddio e deixou uma carta \u00e0 fam\u00edlia em que diz que a humanidade \u201cn\u00e3o deu certo\u201d. Ele foi encontrado morto em seu s\u00edtio na cidade de Rio Bonito (RJ). As informa\u00e7\u00f5es foram divulgadas pela pol\u00edcia e publicadas pela revista F\u00f3rum. \u201cMe desculpem, mas n\u00e3o deu mais. A velhice neste pa\u00eds \u00e9 (\u2026) como tudo aqui. A humanidade n\u00e3o deu certo. A impress\u00e3o que foram 85 anos jogados fora num pa\u00eds como este e com esse tipo de gente que acabei encontrando. Cuidem das crian\u00e7as de hoje\u201d, disse na carta. O \u00faltimo trabalho do artista na TV foi em 2019, em \u2018\u00d3rf\u00e3os da Terra\u2019, onde ele fazia o Mamede Aud. Muito conceituado no meio art\u00edstico, ao longo de sua carreira F\u00e1vio teve grandes destaque nas novelas da Rede Globo como \u2018Rainha da Sucata\u2019, \u2018Perigosas Peruas\u2019, \u2018A Pr\u00f3xima V\u00edtima\u2019, \u2018Senhora do Destino\u2019 e \u2018Passione\u2019, entre muitas outros projetos. Com Isto\u00c9","og_url":"https:\/\/noticiasemdestaque.com\/cd\/?p=24666","og_site_name":"Not&iacute;cias em Destaque","article_published_time":"2020-05-04T23:48:15+00:00","og_image":[{"width":1133,"height":757,"url":"https:\/\/noticiasemdestaque.com\/cd\/wp-content\/uploads\/2020\/05\/O-ator.jpg","type":"image\/jpeg"}],"author":"Not\u00edcias em Destaque","twitter_card":"summary_large_image","twitter_misc":{"Escrito por":"Not\u00edcias em Destaque","Est. tempo de leitura":"1 minuto"},"schema":{"@context":"https:\/\/schema.org","@graph":[{"@type":"Article","@id":"https:\/\/noticiasemdestaque.com\/cd\/?p=24666#article","isPartOf":{"@id":"https:\/\/noticiasemdestaque.com\/cd\/?p=24666"},"author":{"name":"Not\u00edcias em Destaque","@id":"https:\/\/noticiasemdestaque.com\/cd\/#\/schema\/person\/21320b03a7e8bb90128938dafc9b908a"},"headline":"Ator Flavio Migliaccio comete suic\u00eddio e deixa carta","datePublished":"2020-05-04T23:48:15+00:00","mainEntityOfPage":{"@id":"https:\/\/noticiasemdestaque.com\/cd\/?p=24666"},"wordCount":175,"publisher":{"@id":"https:\/\/noticiasemdestaque.com\/cd\/#organization"},"image":{"@id":"https:\/\/noticiasemdestaque.com\/cd\/?p=24666#primaryimage"},"thumbnailUrl":"https:\/\/noticiasemdestaque.com\/cd\/wp-content\/uploads\/2020\/05\/O-ator.jpg","articleSection":["Geral"],"inLanguage":"pt-BR"},{"@type":"WebPage","@id":"https:\/\/noticiasemdestaque.com\/cd\/?p=24666","url":"https:\/\/noticiasemdestaque.com\/cd\/?p=24666","name":"Ator Flavio Migliaccio comete suic\u00eddio e deixa carta - Not&iacute;cias em Destaque","isPartOf":{"@id":"https:\/\/noticiasemdestaque.com\/cd\/#website"},"primaryImageOfPage":{"@id":"https:\/\/noticiasemdestaque.com\/cd\/?p=24666#primaryimage"},"image":{"@id":"https:\/\/noticiasemdestaque.com\/cd\/?p=24666#primaryimage"},"thumbnailUrl":"https:\/\/noticiasemdestaque.com\/cd\/wp-content\/uploads\/2020\/05\/O-ator.jpg","datePublished":"2020-05-04T23:48:15+00:00","breadcrumb":{"@id":"https:\/\/noticiasemdestaque.com\/cd\/?p=24666#breadcrumb"},"inLanguage":"pt-BR","potentialAction":[{"@type":"ReadAction","target":["https:\/\/noticiasemdestaque.com\/cd\/?p=24666"]}]},{"@type":"ImageObject","inLanguage":"pt-BR","@id":"https:\/\/noticiasemdestaque.com\/cd\/?p=24666#primaryimage","url":"https:\/\/noticiasemdestaque.com\/cd\/wp-content\/uploads\/2020\/05\/O-ator.jpg","contentUrl":"https:\/\/noticiasemdestaque.com\/cd\/wp-content\/uploads\/2020\/05\/O-ator.jpg","width":1133,"height":757},{"@type":"BreadcrumbList","@id":"https:\/\/noticiasemdestaque.com\/cd\/?p=24666#breadcrumb","itemListElement":[{"@type":"ListItem","position":1,"name":"In\u00edcio","item":"https:\/\/noticiasemdestaque.com\/cd\/"},{"@type":"ListItem","position":2,"name":"Ator Flavio Migliaccio comete suic\u00eddio e deixa carta"}]},{"@type":"WebSite","@id":"https:\/\/noticiasemdestaque.com\/cd\/#website","url":"https:\/\/noticiasemdestaque.com\/cd\/","name":"Not&iacute;cias em Destaque","description":"","publisher":{"@id":"https:\/\/noticiasemdestaque.com\/cd\/#organization"},"potentialAction":[{"@type":"SearchAction","target":{"@type":"EntryPoint","urlTemplate":"https:\/\/noticiasemdestaque.com\/cd\/?s={search_term_string}"},"query-input":{"@type":"PropertyValueSpecification","valueRequired":true,"valueName":"search_term_string"}}],"inLanguage":"pt-BR"},{"@type":"Organization","@id":"https:\/\/noticiasemdestaque.com\/cd\/#organization","name":"Not\u00edcias em Destaque","url":"https:\/\/noticiasemdestaque.com\/cd\/","logo":{"@type":"ImageObject","inLanguage":"pt-BR","@id":"https:\/\/noticiasemdestaque.com\/cd\/#\/schema\/logo\/image\/","url":"https:\/\/noticiasemdestaque.com\/cd\/wp-content\/uploads\/2022\/05\/imagem-base-noticiasemdestaque.png","contentUrl":"https:\/\/noticiasemdestaque.com\/cd\/wp-content\/uploads\/2022\/05\/imagem-base-noticiasemdestaque.png","width":1200,"height":630,"caption":"Not\u00edcias em Destaque"},"image":{"@id":"https:\/\/noticiasemdestaque.com\/cd\/#\/schema\/logo\/image\/"}},{"@type":"Person","@id":"https:\/\/noticiasemdestaque.com\/cd\/#\/schema\/person\/21320b03a7e8bb90128938dafc9b908a","name":"Not\u00edcias em Destaque","url":"https:\/\/noticiasemdestaque.com\/cd\/?author=2"}]}},"jetpack_featured_media_url":"https:\/\/noticiasemdestaque.com\/cd\/wp-content\/uploads\/2020\/05\/O-ator.jpg","jetpack_sharing_enabled":true,"_links":{"self":[{"href":"https:\/\/noticiasemdestaque.com\/cd\/index.php?rest_route=\/wp\/v2\/posts\/24666","targetHints":{"allow":["GET"]}}],"collection":[{"href":"https:\/\/noticiasemdestaque.com\/cd\/index.php?rest_route=\/wp\/v2\/posts"}],"about":[{"href":"https:\/\/noticiasemdestaque.com\/cd\/index.php?rest_route=\/wp\/v2\/types\/post"}],"author":[{"embeddable":true,"href":"https:\/\/noticiasemdestaque.com\/cd\/index.php?rest_route=\/wp\/v2\/users\/2"}],"replies":[{"embeddable":true,"href":"https:\/\/noticiasemdestaque.com\/cd\/index.php?rest_route=%2Fwp%2Fv2%2Fcomments&post=24666"}],"version-history":[{"count":1,"href":"https:\/\/noticiasemdestaque.com\/cd\/index.php?rest_route=\/wp\/v2\/posts\/24666\/revisions"}],"predecessor-version":[{"id":24668,"href":"https:\/\/noticiasemdestaque.com\/cd\/index.php?rest_route=\/wp\/v2\/posts\/24666\/revisions\/24668"}],"wp:featuredmedia":[{"embeddable":true,"href":"https:\/\/noticiasemdestaque.com\/cd\/index.php?rest_route=\/wp\/v2\/media\/24667"}],"wp:attachment":[{"href":"https:\/\/noticiasemdestaque.com\/cd\/index.php?rest_route=%2Fwp%2Fv2%2Fmedia&parent=24666"}],"wp:term":[{"taxonomy":"category","embeddable":true,"href":"https:\/\/noticiasemdestaque.com\/cd\/index.php?rest_route=%2Fwp%2Fv2%2Fcategories&post=24666"},{"taxonomy":"post_tag","embeddable":true,"href":"https:\/\/noticiasemdestaque.com\/cd\/index.php?rest_route=%2Fwp%2Fv2%2Ftags&post=24666"}],"curies":[{"name":"wp","href":"https:\/\/api.w.org\/{rel}","templated":true}]}}