{"id":24661,"date":"2020-05-04T15:43:03","date_gmt":"2020-05-04T18:43:03","guid":{"rendered":"http:\/\/noticiasemdestaque.com\/cd\/?p=24661"},"modified":"2020-05-04T15:43:03","modified_gmt":"2020-05-04T18:43:03","slug":"prefeito-eden-encaminha-projeto-de-lei-que-prorroga-prazos-de-pagamentos-do-iptu-2020","status":"publish","type":"post","link":"https:\/\/noticiasemdestaque.com\/cd\/?p=24661","title":{"rendered":"Prefeito \u00c9den encaminha projeto de lei que prorroga prazos de pagamentos do IPTU 2020"},"content":{"rendered":"<p><a href=\"https:\/\/noticiasemdestaque.com\/cd\/wp-content\/uploads\/2019\/09\/Eden-foto-740x414-400x255.jpg\"><img fetchpriority=\"high\" decoding=\"async\" class=\"size-full wp-image-19519 aligncenter\" src=\"https:\/\/noticiasemdestaque.com\/cd\/wp-content\/uploads\/2019\/09\/Eden-foto-740x414-400x255.jpg\" alt=\"\" width=\"400\" height=\"255\" srcset=\"https:\/\/noticiasemdestaque.com\/cd\/wp-content\/uploads\/2019\/09\/Eden-foto-740x414-400x255.jpg 400w, https:\/\/noticiasemdestaque.com\/cd\/wp-content\/uploads\/2019\/09\/Eden-foto-740x414-400x255-300x191.jpg 300w\" sizes=\"(max-width: 400px) 100vw, 400px\" \/><\/a><\/p>\n<p>O prefeito de Sum\u00e9, \u00c9den Duarte, tem adotado diversas medidas de preven\u00e7\u00e3o ao coronav\u00edrus no munic\u00edpio de Sum\u00e9, e al\u00e9m disso, tem tra\u00e7ado estrat\u00e9gias para ajudar a popula\u00e7\u00e3o a enfrentar as dificuldades que s\u00e3o apresentadas em meio \u00e0 pandemia.<\/p>\n<p>Nesta segunda-feira (04), mais uma medida foi adota pelo prefeito, que encaminhou Projeto de Lei \u00e0 C\u00e2mara de Vereadores prorrogando os prazos de pagamentos do IPTU 2020, sendo uma boa oportunidade para as pessoas que ainda n\u00e3o pagaram o d\u00e9bito.<\/p>\n<p>Os prazos que venciam no final de abril, maio e junho, foram estendidos por mais 30 dias.<\/p>\n<p>Com a aprova\u00e7\u00e3o da C\u00e2mara, o calend\u00e1rio para pagamento do IPTU 2020 passar\u00e1 a valer da seguinte forma.<\/p>\n<p>1\u00aa parcela: vencimento em 30 de junho de 2020;<\/p>\n<p>2\u00aa parcela: vencimento 31 de julho de 2020;<\/p>\n<p>3\u00aa parcela: em 31 de agosto de 2020.<\/p>\n<p>H\u00e1 tamb\u00e9m, por op\u00e7\u00e3o do contribuinte, pagamento antecipado da cota integral, no prazo at\u00e9 30 de junho de 2020, ganhando 10% de desconto.<\/p>\n<p>E cota \u00fanica para pagamento integral at\u00e9 31 de agosto de 2020, sem juros.<\/p>\n<p><em><strong>Not\u00edcias em Destaque<\/strong><\/em><\/p>\n<p>Com Ascom<\/p>\n","protected":false},"excerpt":{"rendered":"<p>O prefeito de Sum\u00e9, \u00c9den Duarte, tem adotado diversas medidas de preven\u00e7\u00e3o ao coronav\u00edrus no munic\u00edpio de Sum\u00e9, e al\u00e9m disso, tem tra\u00e7ado estrat\u00e9gias para ajudar a popula\u00e7\u00e3o a enfrentar as dificuldades que s\u00e3o apresentadas em meio \u00e0 pandemia. Nesta segunda-feira (04), mais uma medida foi adota pelo prefeito, que encaminhou Projeto de Lei \u00e0 C\u00e2mara de Vereadores prorrogando os prazos de pagamentos do IPTU 2020, sendo uma boa oportunidade para as pessoas que ainda n\u00e3o pagaram o d\u00e9bito. Os prazos que venciam no final de abril, maio e junho, foram estendidos por mais 30 dias. Com a aprova\u00e7\u00e3o da C\u00e2mara, o calend\u00e1rio para pagamento do IPTU 2020 passar\u00e1 a valer da seguinte forma. 1\u00aa parcela: vencimento em 30 de junho de 2020; 2\u00aa parcela: vencimento 31 de julho de 2020; 3\u00aa parcela: em 31 de agosto de 2020. H\u00e1 tamb\u00e9m, por op\u00e7\u00e3o do contribuinte, pagamento antecipado da cota integral, no prazo at\u00e9 30 de junho de 2020, ganhando 10% de desconto. E cota \u00fanica para pagamento integral at\u00e9 31 de agosto de 2020, sem juros. Not\u00edcias em Destaque Com Ascom<\/p>\n","protected":false},"author":2,"featured_media":19519,"comment_status":"closed","ping_status":"open","sticky":false,"template":"","format":"standard","meta":{"_eb_attr":"","_jetpack_memberships_contains_paid_content":false,"footnotes":""},"categories":[3],"tags":[],"class_list":["post-24661","post","type-post","status-publish","format-standard","has-post-thumbnail","hentry","category-cidades"],"yoast_head":"<!-- This site is optimized with the Yoast SEO plugin v26.5 - https:\/\/yoast.com\/wordpress\/plugins\/seo\/ -->\n<title>Prefeito \u00c9den encaminha projeto de lei que prorroga prazos de pagamentos do IPTU 2020 - Not&iacute;cias em Destaque<\/title>\n<meta name=\"robots\" content=\"index, follow, max-snippet:-1, max-image-preview:large, max-video-preview:-1\" \/>\n<link rel=\"canonical\" href=\"https:\/\/noticiasemdestaque.com\/cd\/?p=24661\" \/>\n<meta property=\"og:locale\" content=\"pt_BR\" \/>\n<meta property=\"og:type\" content=\"article\" \/>\n<meta property=\"og:title\" content=\"Prefeito \u00c9den encaminha projeto de lei que prorroga prazos de pagamentos do IPTU 2020 - Not&iacute;cias em Destaque\" \/>\n<meta property=\"og:description\" content=\"O prefeito de Sum\u00e9, \u00c9den Duarte, tem adotado diversas medidas de preven\u00e7\u00e3o ao coronav\u00edrus no munic\u00edpio de Sum\u00e9, e al\u00e9m disso, tem tra\u00e7ado estrat\u00e9gias para ajudar a popula\u00e7\u00e3o a enfrentar as dificuldades que s\u00e3o apresentadas em meio \u00e0 pandemia. Nesta segunda-feira (04), mais uma medida foi adota pelo prefeito, que encaminhou Projeto de Lei \u00e0 C\u00e2mara de Vereadores prorrogando os prazos de pagamentos do IPTU 2020, sendo uma boa oportunidade para as pessoas que ainda n\u00e3o pagaram o d\u00e9bito. Os prazos que venciam no final de abril, maio e junho, foram estendidos por mais 30 dias. Com a aprova\u00e7\u00e3o da C\u00e2mara, o calend\u00e1rio para pagamento do IPTU 2020 passar\u00e1 a valer da seguinte forma. 1\u00aa parcela: vencimento em 30 de junho de 2020; 2\u00aa parcela: vencimento 31 de julho de 2020; 3\u00aa parcela: em 31 de agosto de 2020. H\u00e1 tamb\u00e9m, por op\u00e7\u00e3o do contribuinte, pagamento antecipado da cota integral, no prazo at\u00e9 30 de junho de 2020, ganhando 10% de desconto. E cota \u00fanica para pagamento integral at\u00e9 31 de agosto de 2020, sem juros. Not\u00edcias em Destaque Com Ascom\" \/>\n<meta property=\"og:url\" content=\"https:\/\/noticiasemdestaque.com\/cd\/?p=24661\" \/>\n<meta property=\"og:site_name\" content=\"Not&iacute;cias em Destaque\" \/>\n<meta property=\"article:published_time\" content=\"2020-05-04T18:43:03+00:00\" \/>\n<meta property=\"og:image\" content=\"https:\/\/noticiasemdestaque.com\/cd\/wp-content\/uploads\/2019\/09\/Eden-foto-740x414-400x255.jpg\" \/>\n\t<meta property=\"og:image:width\" content=\"400\" \/>\n\t<meta property=\"og:image:height\" content=\"255\" \/>\n\t<meta property=\"og:image:type\" content=\"image\/jpeg\" \/>\n<meta name=\"author\" content=\"Not\u00edcias em Destaque\" \/>\n<meta name=\"twitter:card\" content=\"summary_large_image\" \/>\n<meta name=\"twitter:label1\" content=\"Escrito por\" \/>\n\t<meta name=\"twitter:data1\" content=\"Not\u00edcias em Destaque\" \/>\n\t<meta name=\"twitter:label2\" content=\"Est. tempo de leitura\" \/>\n\t<meta name=\"twitter:data2\" content=\"1 minuto\" \/>\n<script type=\"application\/ld+json\" class=\"yoast-schema-graph\">{\"@context\":\"https:\/\/schema.org\",\"@graph\":[{\"@type\":\"Article\",\"@id\":\"https:\/\/noticiasemdestaque.com\/cd\/?p=24661#article\",\"isPartOf\":{\"@id\":\"https:\/\/noticiasemdestaque.com\/cd\/?p=24661\"},\"author\":{\"name\":\"Not\u00edcias em Destaque\",\"@id\":\"https:\/\/noticiasemdestaque.com\/cd\/#\/schema\/person\/21320b03a7e8bb90128938dafc9b908a\"},\"headline\":\"Prefeito \u00c9den encaminha projeto de lei que prorroga prazos de pagamentos do IPTU 2020\",\"datePublished\":\"2020-05-04T18:43:03+00:00\",\"mainEntityOfPage\":{\"@id\":\"https:\/\/noticiasemdestaque.com\/cd\/?p=24661\"},\"wordCount\":191,\"publisher\":{\"@id\":\"https:\/\/noticiasemdestaque.com\/cd\/#organization\"},\"image\":{\"@id\":\"https:\/\/noticiasemdestaque.com\/cd\/?p=24661#primaryimage\"},\"thumbnailUrl\":\"https:\/\/noticiasemdestaque.com\/cd\/wp-content\/uploads\/2019\/09\/Eden-foto-740x414-400x255.jpg\",\"articleSection\":[\"Cidades\"],\"inLanguage\":\"pt-BR\"},{\"@type\":\"WebPage\",\"@id\":\"https:\/\/noticiasemdestaque.com\/cd\/?p=24661\",\"url\":\"https:\/\/noticiasemdestaque.com\/cd\/?p=24661\",\"name\":\"Prefeito \u00c9den encaminha projeto de lei que prorroga prazos de pagamentos do IPTU 2020 - Not&iacute;cias em Destaque\",\"isPartOf\":{\"@id\":\"https:\/\/noticiasemdestaque.com\/cd\/#website\"},\"primaryImageOfPage\":{\"@id\":\"https:\/\/noticiasemdestaque.com\/cd\/?p=24661#primaryimage\"},\"image\":{\"@id\":\"https:\/\/noticiasemdestaque.com\/cd\/?p=24661#primaryimage\"},\"thumbnailUrl\":\"https:\/\/noticiasemdestaque.com\/cd\/wp-content\/uploads\/2019\/09\/Eden-foto-740x414-400x255.jpg\",\"datePublished\":\"2020-05-04T18:43:03+00:00\",\"breadcrumb\":{\"@id\":\"https:\/\/noticiasemdestaque.com\/cd\/?p=24661#breadcrumb\"},\"inLanguage\":\"pt-BR\",\"potentialAction\":[{\"@type\":\"ReadAction\",\"target\":[\"https:\/\/noticiasemdestaque.com\/cd\/?p=24661\"]}]},{\"@type\":\"ImageObject\",\"inLanguage\":\"pt-BR\",\"@id\":\"https:\/\/noticiasemdestaque.com\/cd\/?p=24661#primaryimage\",\"url\":\"https:\/\/noticiasemdestaque.com\/cd\/wp-content\/uploads\/2019\/09\/Eden-foto-740x414-400x255.jpg\",\"contentUrl\":\"https:\/\/noticiasemdestaque.com\/cd\/wp-content\/uploads\/2019\/09\/Eden-foto-740x414-400x255.jpg\",\"width\":400,\"height\":255},{\"@type\":\"BreadcrumbList\",\"@id\":\"https:\/\/noticiasemdestaque.com\/cd\/?p=24661#breadcrumb\",\"itemListElement\":[{\"@type\":\"ListItem\",\"position\":1,\"name\":\"In\u00edcio\",\"item\":\"https:\/\/noticiasemdestaque.com\/cd\/\"},{\"@type\":\"ListItem\",\"position\":2,\"name\":\"Prefeito \u00c9den encaminha projeto de lei que prorroga prazos de pagamentos do IPTU 2020\"}]},{\"@type\":\"WebSite\",\"@id\":\"https:\/\/noticiasemdestaque.com\/cd\/#website\",\"url\":\"https:\/\/noticiasemdestaque.com\/cd\/\",\"name\":\"Not&iacute;cias em Destaque\",\"description\":\"\",\"publisher\":{\"@id\":\"https:\/\/noticiasemdestaque.com\/cd\/#organization\"},\"potentialAction\":[{\"@type\":\"SearchAction\",\"target\":{\"@type\":\"EntryPoint\",\"urlTemplate\":\"https:\/\/noticiasemdestaque.com\/cd\/?s={search_term_string}\"},\"query-input\":{\"@type\":\"PropertyValueSpecification\",\"valueRequired\":true,\"valueName\":\"search_term_string\"}}],\"inLanguage\":\"pt-BR\"},{\"@type\":\"Organization\",\"@id\":\"https:\/\/noticiasemdestaque.com\/cd\/#organization\",\"name\":\"Not\u00edcias em Destaque\",\"url\":\"https:\/\/noticiasemdestaque.com\/cd\/\",\"logo\":{\"@type\":\"ImageObject\",\"inLanguage\":\"pt-BR\",\"@id\":\"https:\/\/noticiasemdestaque.com\/cd\/#\/schema\/logo\/image\/\",\"url\":\"https:\/\/noticiasemdestaque.com\/cd\/wp-content\/uploads\/2022\/05\/imagem-base-noticiasemdestaque.png\",\"contentUrl\":\"https:\/\/noticiasemdestaque.com\/cd\/wp-content\/uploads\/2022\/05\/imagem-base-noticiasemdestaque.png\",\"width\":1200,\"height\":630,\"caption\":\"Not\u00edcias em Destaque\"},\"image\":{\"@id\":\"https:\/\/noticiasemdestaque.com\/cd\/#\/schema\/logo\/image\/\"}},{\"@type\":\"Person\",\"@id\":\"https:\/\/noticiasemdestaque.com\/cd\/#\/schema\/person\/21320b03a7e8bb90128938dafc9b908a\",\"name\":\"Not\u00edcias em Destaque\",\"url\":\"https:\/\/noticiasemdestaque.com\/cd\/?author=2\"}]}<\/script>\n<!-- \/ Yoast SEO plugin. -->","yoast_head_json":{"title":"Prefeito \u00c9den encaminha projeto de lei que prorroga prazos de pagamentos do IPTU 2020 - Not&iacute;cias em Destaque","robots":{"index":"index","follow":"follow","max-snippet":"max-snippet:-1","max-image-preview":"max-image-preview:large","max-video-preview":"max-video-preview:-1"},"canonical":"https:\/\/noticiasemdestaque.com\/cd\/?p=24661","og_locale":"pt_BR","og_type":"article","og_title":"Prefeito \u00c9den encaminha projeto de lei que prorroga prazos de pagamentos do IPTU 2020 - Not&iacute;cias em Destaque","og_description":"O prefeito de Sum\u00e9, \u00c9den Duarte, tem adotado diversas medidas de preven\u00e7\u00e3o ao coronav\u00edrus no munic\u00edpio de Sum\u00e9, e al\u00e9m disso, tem tra\u00e7ado estrat\u00e9gias para ajudar a popula\u00e7\u00e3o a enfrentar as dificuldades que s\u00e3o apresentadas em meio \u00e0 pandemia. Nesta segunda-feira (04), mais uma medida foi adota pelo prefeito, que encaminhou Projeto de Lei \u00e0 C\u00e2mara de Vereadores prorrogando os prazos de pagamentos do IPTU 2020, sendo uma boa oportunidade para as pessoas que ainda n\u00e3o pagaram o d\u00e9bito. Os prazos que venciam no final de abril, maio e junho, foram estendidos por mais 30 dias. Com a aprova\u00e7\u00e3o da C\u00e2mara, o calend\u00e1rio para pagamento do IPTU 2020 passar\u00e1 a valer da seguinte forma. 1\u00aa parcela: vencimento em 30 de junho de 2020; 2\u00aa parcela: vencimento 31 de julho de 2020; 3\u00aa parcela: em 31 de agosto de 2020. H\u00e1 tamb\u00e9m, por op\u00e7\u00e3o do contribuinte, pagamento antecipado da cota integral, no prazo at\u00e9 30 de junho de 2020, ganhando 10% de desconto. E cota \u00fanica para pagamento integral at\u00e9 31 de agosto de 2020, sem juros. Not\u00edcias em Destaque Com Ascom","og_url":"https:\/\/noticiasemdestaque.com\/cd\/?p=24661","og_site_name":"Not&iacute;cias em Destaque","article_published_time":"2020-05-04T18:43:03+00:00","og_image":[{"width":400,"height":255,"url":"https:\/\/noticiasemdestaque.com\/cd\/wp-content\/uploads\/2019\/09\/Eden-foto-740x414-400x255.jpg","type":"image\/jpeg"}],"author":"Not\u00edcias em Destaque","twitter_card":"summary_large_image","twitter_misc":{"Escrito por":"Not\u00edcias em Destaque","Est. tempo de leitura":"1 minuto"},"schema":{"@context":"https:\/\/schema.org","@graph":[{"@type":"Article","@id":"https:\/\/noticiasemdestaque.com\/cd\/?p=24661#article","isPartOf":{"@id":"https:\/\/noticiasemdestaque.com\/cd\/?p=24661"},"author":{"name":"Not\u00edcias em Destaque","@id":"https:\/\/noticiasemdestaque.com\/cd\/#\/schema\/person\/21320b03a7e8bb90128938dafc9b908a"},"headline":"Prefeito \u00c9den encaminha projeto de lei que prorroga prazos de pagamentos do IPTU 2020","datePublished":"2020-05-04T18:43:03+00:00","mainEntityOfPage":{"@id":"https:\/\/noticiasemdestaque.com\/cd\/?p=24661"},"wordCount":191,"publisher":{"@id":"https:\/\/noticiasemdestaque.com\/cd\/#organization"},"image":{"@id":"https:\/\/noticiasemdestaque.com\/cd\/?p=24661#primaryimage"},"thumbnailUrl":"https:\/\/noticiasemdestaque.com\/cd\/wp-content\/uploads\/2019\/09\/Eden-foto-740x414-400x255.jpg","articleSection":["Cidades"],"inLanguage":"pt-BR"},{"@type":"WebPage","@id":"https:\/\/noticiasemdestaque.com\/cd\/?p=24661","url":"https:\/\/noticiasemdestaque.com\/cd\/?p=24661","name":"Prefeito \u00c9den encaminha projeto de lei que prorroga prazos de pagamentos do IPTU 2020 - Not&iacute;cias em Destaque","isPartOf":{"@id":"https:\/\/noticiasemdestaque.com\/cd\/#website"},"primaryImageOfPage":{"@id":"https:\/\/noticiasemdestaque.com\/cd\/?p=24661#primaryimage"},"image":{"@id":"https:\/\/noticiasemdestaque.com\/cd\/?p=24661#primaryimage"},"thumbnailUrl":"https:\/\/noticiasemdestaque.com\/cd\/wp-content\/uploads\/2019\/09\/Eden-foto-740x414-400x255.jpg","datePublished":"2020-05-04T18:43:03+00:00","breadcrumb":{"@id":"https:\/\/noticiasemdestaque.com\/cd\/?p=24661#breadcrumb"},"inLanguage":"pt-BR","potentialAction":[{"@type":"ReadAction","target":["https:\/\/noticiasemdestaque.com\/cd\/?p=24661"]}]},{"@type":"ImageObject","inLanguage":"pt-BR","@id":"https:\/\/noticiasemdestaque.com\/cd\/?p=24661#primaryimage","url":"https:\/\/noticiasemdestaque.com\/cd\/wp-content\/uploads\/2019\/09\/Eden-foto-740x414-400x255.jpg","contentUrl":"https:\/\/noticiasemdestaque.com\/cd\/wp-content\/uploads\/2019\/09\/Eden-foto-740x414-400x255.jpg","width":400,"height":255},{"@type":"BreadcrumbList","@id":"https:\/\/noticiasemdestaque.com\/cd\/?p=24661#breadcrumb","itemListElement":[{"@type":"ListItem","position":1,"name":"In\u00edcio","item":"https:\/\/noticiasemdestaque.com\/cd\/"},{"@type":"ListItem","position":2,"name":"Prefeito \u00c9den encaminha projeto de lei que prorroga prazos de pagamentos do IPTU 2020"}]},{"@type":"WebSite","@id":"https:\/\/noticiasemdestaque.com\/cd\/#website","url":"https:\/\/noticiasemdestaque.com\/cd\/","name":"Not&iacute;cias em Destaque","description":"","publisher":{"@id":"https:\/\/noticiasemdestaque.com\/cd\/#organization"},"potentialAction":[{"@type":"SearchAction","target":{"@type":"EntryPoint","urlTemplate":"https:\/\/noticiasemdestaque.com\/cd\/?s={search_term_string}"},"query-input":{"@type":"PropertyValueSpecification","valueRequired":true,"valueName":"search_term_string"}}],"inLanguage":"pt-BR"},{"@type":"Organization","@id":"https:\/\/noticiasemdestaque.com\/cd\/#organization","name":"Not\u00edcias em Destaque","url":"https:\/\/noticiasemdestaque.com\/cd\/","logo":{"@type":"ImageObject","inLanguage":"pt-BR","@id":"https:\/\/noticiasemdestaque.com\/cd\/#\/schema\/logo\/image\/","url":"https:\/\/noticiasemdestaque.com\/cd\/wp-content\/uploads\/2022\/05\/imagem-base-noticiasemdestaque.png","contentUrl":"https:\/\/noticiasemdestaque.com\/cd\/wp-content\/uploads\/2022\/05\/imagem-base-noticiasemdestaque.png","width":1200,"height":630,"caption":"Not\u00edcias em Destaque"},"image":{"@id":"https:\/\/noticiasemdestaque.com\/cd\/#\/schema\/logo\/image\/"}},{"@type":"Person","@id":"https:\/\/noticiasemdestaque.com\/cd\/#\/schema\/person\/21320b03a7e8bb90128938dafc9b908a","name":"Not\u00edcias em Destaque","url":"https:\/\/noticiasemdestaque.com\/cd\/?author=2"}]}},"jetpack_featured_media_url":"https:\/\/noticiasemdestaque.com\/cd\/wp-content\/uploads\/2019\/09\/Eden-foto-740x414-400x255.jpg","jetpack_sharing_enabled":true,"_links":{"self":[{"href":"https:\/\/noticiasemdestaque.com\/cd\/index.php?rest_route=\/wp\/v2\/posts\/24661","targetHints":{"allow":["GET"]}}],"collection":[{"href":"https:\/\/noticiasemdestaque.com\/cd\/index.php?rest_route=\/wp\/v2\/posts"}],"about":[{"href":"https:\/\/noticiasemdestaque.com\/cd\/index.php?rest_route=\/wp\/v2\/types\/post"}],"author":[{"embeddable":true,"href":"https:\/\/noticiasemdestaque.com\/cd\/index.php?rest_route=\/wp\/v2\/users\/2"}],"replies":[{"embeddable":true,"href":"https:\/\/noticiasemdestaque.com\/cd\/index.php?rest_route=%2Fwp%2Fv2%2Fcomments&post=24661"}],"version-history":[{"count":1,"href":"https:\/\/noticiasemdestaque.com\/cd\/index.php?rest_route=\/wp\/v2\/posts\/24661\/revisions"}],"predecessor-version":[{"id":24662,"href":"https:\/\/noticiasemdestaque.com\/cd\/index.php?rest_route=\/wp\/v2\/posts\/24661\/revisions\/24662"}],"wp:featuredmedia":[{"embeddable":true,"href":"https:\/\/noticiasemdestaque.com\/cd\/index.php?rest_route=\/wp\/v2\/media\/19519"}],"wp:attachment":[{"href":"https:\/\/noticiasemdestaque.com\/cd\/index.php?rest_route=%2Fwp%2Fv2%2Fmedia&parent=24661"}],"wp:term":[{"taxonomy":"category","embeddable":true,"href":"https:\/\/noticiasemdestaque.com\/cd\/index.php?rest_route=%2Fwp%2Fv2%2Fcategories&post=24661"},{"taxonomy":"post_tag","embeddable":true,"href":"https:\/\/noticiasemdestaque.com\/cd\/index.php?rest_route=%2Fwp%2Fv2%2Ftags&post=24661"}],"curies":[{"name":"wp","href":"https:\/\/api.w.org\/{rel}","templated":true}]}}