{"id":24656,"date":"2020-05-04T15:39:53","date_gmt":"2020-05-04T18:39:53","guid":{"rendered":"http:\/\/noticiasemdestaque.com\/cd\/?p=24656"},"modified":"2020-05-04T15:39:53","modified_gmt":"2020-05-04T18:39:53","slug":"policia-militar-e-vigilancia-sanitaria-realizam-trabalho-de-conscientizacao-no-comercio-de-sume","status":"publish","type":"post","link":"https:\/\/noticiasemdestaque.com\/cd\/?p=24656","title":{"rendered":"Pol\u00edcia Militar e Vigil\u00e2ncia Sanit\u00e1ria realizam trabalho de conscientiza\u00e7\u00e3o no com\u00e9rcio de Sum\u00e9"},"content":{"rendered":"<p><a href=\"https:\/\/noticiasemdestaque.com\/cd\/wp-content\/uploads\/2020\/05\/e840dcd2-eaed-4f37-8b68-c598f72cfe81.jpg\"><img fetchpriority=\"high\" decoding=\"async\" class=\"wp-image-24658 aligncenter\" src=\"https:\/\/noticiasemdestaque.com\/cd\/wp-content\/uploads\/2020\/05\/e840dcd2-eaed-4f37-8b68-c598f72cfe81-1024x768.jpg\" alt=\"\" width=\"479\" height=\"359\" srcset=\"https:\/\/noticiasemdestaque.com\/cd\/wp-content\/uploads\/2020\/05\/e840dcd2-eaed-4f37-8b68-c598f72cfe81.jpg 1024w, https:\/\/noticiasemdestaque.com\/cd\/wp-content\/uploads\/2020\/05\/e840dcd2-eaed-4f37-8b68-c598f72cfe81-300x225.jpg 300w, https:\/\/noticiasemdestaque.com\/cd\/wp-content\/uploads\/2020\/05\/e840dcd2-eaed-4f37-8b68-c598f72cfe81-768x576.jpg 768w, https:\/\/noticiasemdestaque.com\/cd\/wp-content\/uploads\/2020\/05\/e840dcd2-eaed-4f37-8b68-c598f72cfe81-640x480.jpg 640w\" sizes=\"(max-width: 479px) 100vw, 479px\" \/><\/a><\/p>\n<p>A Vigil\u00e2ncia Sanit\u00e1ria de Sum\u00e9 vem realizando um trabalho continuo no com\u00e9rcio local e nas ruas da cidade para orientar e fiscalizar as medidas protetivas contra o coronav\u00edrus que est\u00e3o sendo adotadas pelos estabelecimentos.<\/p>\n<p>Nesta segunda-feira (04), o trabalho da vigil\u00e2ncia sanit\u00e1ria ganhou o refor\u00e7o da Policia Militar, que al\u00e9m do com\u00e9rcio, averiguaram filas de bancos e correspondentes banc\u00e1rios e orientaram a popula\u00e7\u00e3o sobre o novo decreto do Governo do Estado, no qual estabelece medidas de prote\u00e7\u00e3o contra o coronav\u00edrus para funcion\u00e1rios, clientes e colaboradores, distanciamento de 1,5 metro entre cada pessoa e quando poss\u00edvel, sistemas de escala, altera\u00e7\u00e3o de jornadas e revezamento de turnos para reduzir o fluxo e n\u00e3o permitir a aglomera\u00e7\u00e3o de pessoas nos estabelecimentos comerciais e banc\u00e1rios.<\/p>\n<p><a href=\"https:\/\/noticiasemdestaque.com\/cd\/wp-content\/uploads\/2020\/05\/43afe036-9c8a-40b1-835d-67d0660aaf55.jpg\"><img decoding=\"async\" class=\"wp-image-24657 aligncenter\" src=\"https:\/\/noticiasemdestaque.com\/cd\/wp-content\/uploads\/2020\/05\/43afe036-9c8a-40b1-835d-67d0660aaf55-1024x768.jpg\" alt=\"\" width=\"484\" height=\"363\" srcset=\"https:\/\/noticiasemdestaque.com\/cd\/wp-content\/uploads\/2020\/05\/43afe036-9c8a-40b1-835d-67d0660aaf55.jpg 1024w, https:\/\/noticiasemdestaque.com\/cd\/wp-content\/uploads\/2020\/05\/43afe036-9c8a-40b1-835d-67d0660aaf55-300x225.jpg 300w, https:\/\/noticiasemdestaque.com\/cd\/wp-content\/uploads\/2020\/05\/43afe036-9c8a-40b1-835d-67d0660aaf55-768x576.jpg 768w, https:\/\/noticiasemdestaque.com\/cd\/wp-content\/uploads\/2020\/05\/43afe036-9c8a-40b1-835d-67d0660aaf55-640x480.jpg 640w\" sizes=\"(max-width: 484px) 100vw, 484px\" \/><\/a><\/p>\n<p>Na ocasi\u00e3o, os funcion\u00e1rios da Vigil\u00e2ncia Sanit\u00e1ria distribu\u00edram m\u00e1scaras para a popula\u00e7\u00e3o, adquiridas pela Prefeitura de Sum\u00e9 a costureiras do munic\u00edpio, ajudando a cumprir o decreto estadual que trata sobre o uso obrigat\u00f3rio da m\u00e1scara em todo o territ\u00f3rio estadual, nos espa\u00e7os p\u00fablicos e em estabelecimentos.<\/p>\n<p>A Prefeitura de Sum\u00e9 vem tomando uma s\u00e9rie de medidas para proteger a popula\u00e7\u00e3o contra o coronav\u00edrus. O munic\u00edpio at\u00e9 o momento n\u00e3o registrou nenhum caso da covid-19.<\/p>\n<p>Ascom\/PMS<\/p>\n","protected":false},"excerpt":{"rendered":"<p>A Vigil\u00e2ncia Sanit\u00e1ria de Sum\u00e9 vem realizando um trabalho continuo no com\u00e9rcio local e nas ruas da cidade para orientar e fiscalizar as medidas protetivas contra o coronav\u00edrus que est\u00e3o sendo adotadas pelos estabelecimentos. Nesta segunda-feira (04), o trabalho da vigil\u00e2ncia sanit\u00e1ria ganhou o refor\u00e7o da Policia Militar, que al\u00e9m do com\u00e9rcio, averiguaram filas de bancos e correspondentes banc\u00e1rios e orientaram a popula\u00e7\u00e3o sobre o novo decreto do Governo do Estado, no qual estabelece medidas de prote\u00e7\u00e3o contra o coronav\u00edrus para funcion\u00e1rios, clientes e colaboradores, distanciamento de 1,5 metro entre cada pessoa e quando poss\u00edvel, sistemas de escala, altera\u00e7\u00e3o de jornadas e revezamento de turnos para reduzir o fluxo e n\u00e3o permitir a aglomera\u00e7\u00e3o de pessoas nos estabelecimentos comerciais e banc\u00e1rios. Na ocasi\u00e3o, os funcion\u00e1rios da Vigil\u00e2ncia Sanit\u00e1ria distribu\u00edram m\u00e1scaras para a popula\u00e7\u00e3o, adquiridas pela Prefeitura de Sum\u00e9 a costureiras do munic\u00edpio, ajudando a cumprir o decreto estadual que trata sobre o uso obrigat\u00f3rio da m\u00e1scara em todo o territ\u00f3rio estadual, nos espa\u00e7os p\u00fablicos e em estabelecimentos. A Prefeitura de Sum\u00e9 vem tomando uma s\u00e9rie de medidas para proteger a popula\u00e7\u00e3o contra o coronav\u00edrus. O munic\u00edpio at\u00e9 o momento n\u00e3o registrou nenhum caso da covid-19. Ascom\/PMS<\/p>\n","protected":false},"author":2,"featured_media":24658,"comment_status":"closed","ping_status":"open","sticky":false,"template":"","format":"standard","meta":{"_eb_attr":"","_jetpack_memberships_contains_paid_content":false,"footnotes":""},"categories":[3],"tags":[],"class_list":["post-24656","post","type-post","status-publish","format-standard","has-post-thumbnail","hentry","category-cidades"],"yoast_head":"<!-- This site is optimized with the Yoast SEO plugin v26.5 - https:\/\/yoast.com\/wordpress\/plugins\/seo\/ -->\n<title>Pol\u00edcia Militar e Vigil\u00e2ncia Sanit\u00e1ria realizam trabalho de conscientiza\u00e7\u00e3o no com\u00e9rcio de Sum\u00e9 - Not&iacute;cias em Destaque<\/title>\n<meta name=\"robots\" content=\"index, follow, max-snippet:-1, max-image-preview:large, max-video-preview:-1\" \/>\n<link rel=\"canonical\" href=\"https:\/\/noticiasemdestaque.com\/cd\/?p=24656\" \/>\n<meta property=\"og:locale\" content=\"pt_BR\" \/>\n<meta property=\"og:type\" content=\"article\" \/>\n<meta property=\"og:title\" content=\"Pol\u00edcia Militar e Vigil\u00e2ncia Sanit\u00e1ria realizam trabalho de conscientiza\u00e7\u00e3o no com\u00e9rcio de Sum\u00e9 - Not&iacute;cias em Destaque\" \/>\n<meta property=\"og:description\" content=\"A Vigil\u00e2ncia Sanit\u00e1ria de Sum\u00e9 vem realizando um trabalho continuo no com\u00e9rcio local e nas ruas da cidade para orientar e fiscalizar as medidas protetivas contra o coronav\u00edrus que est\u00e3o sendo adotadas pelos estabelecimentos. Nesta segunda-feira (04), o trabalho da vigil\u00e2ncia sanit\u00e1ria ganhou o refor\u00e7o da Policia Militar, que al\u00e9m do com\u00e9rcio, averiguaram filas de bancos e correspondentes banc\u00e1rios e orientaram a popula\u00e7\u00e3o sobre o novo decreto do Governo do Estado, no qual estabelece medidas de prote\u00e7\u00e3o contra o coronav\u00edrus para funcion\u00e1rios, clientes e colaboradores, distanciamento de 1,5 metro entre cada pessoa e quando poss\u00edvel, sistemas de escala, altera\u00e7\u00e3o de jornadas e revezamento de turnos para reduzir o fluxo e n\u00e3o permitir a aglomera\u00e7\u00e3o de pessoas nos estabelecimentos comerciais e banc\u00e1rios. Na ocasi\u00e3o, os funcion\u00e1rios da Vigil\u00e2ncia Sanit\u00e1ria distribu\u00edram m\u00e1scaras para a popula\u00e7\u00e3o, adquiridas pela Prefeitura de Sum\u00e9 a costureiras do munic\u00edpio, ajudando a cumprir o decreto estadual que trata sobre o uso obrigat\u00f3rio da m\u00e1scara em todo o territ\u00f3rio estadual, nos espa\u00e7os p\u00fablicos e em estabelecimentos. A Prefeitura de Sum\u00e9 vem tomando uma s\u00e9rie de medidas para proteger a popula\u00e7\u00e3o contra o coronav\u00edrus. O munic\u00edpio at\u00e9 o momento n\u00e3o registrou nenhum caso da covid-19. Ascom\/PMS\" \/>\n<meta property=\"og:url\" content=\"https:\/\/noticiasemdestaque.com\/cd\/?p=24656\" \/>\n<meta property=\"og:site_name\" content=\"Not&iacute;cias em Destaque\" \/>\n<meta property=\"article:published_time\" content=\"2020-05-04T18:39:53+00:00\" \/>\n<meta property=\"og:image\" content=\"https:\/\/noticiasemdestaque.com\/cd\/wp-content\/uploads\/2020\/05\/e840dcd2-eaed-4f37-8b68-c598f72cfe81.jpg\" \/>\n\t<meta property=\"og:image:width\" content=\"1024\" \/>\n\t<meta property=\"og:image:height\" content=\"768\" \/>\n\t<meta property=\"og:image:type\" content=\"image\/jpeg\" \/>\n<meta name=\"author\" content=\"Not\u00edcias em Destaque\" \/>\n<meta name=\"twitter:card\" content=\"summary_large_image\" \/>\n<meta name=\"twitter:label1\" content=\"Escrito por\" \/>\n\t<meta name=\"twitter:data1\" content=\"Not\u00edcias em Destaque\" \/>\n\t<meta name=\"twitter:label2\" content=\"Est. tempo de leitura\" \/>\n\t<meta name=\"twitter:data2\" content=\"1 minuto\" \/>\n<script type=\"application\/ld+json\" class=\"yoast-schema-graph\">{\"@context\":\"https:\/\/schema.org\",\"@graph\":[{\"@type\":\"Article\",\"@id\":\"https:\/\/noticiasemdestaque.com\/cd\/?p=24656#article\",\"isPartOf\":{\"@id\":\"https:\/\/noticiasemdestaque.com\/cd\/?p=24656\"},\"author\":{\"name\":\"Not\u00edcias em Destaque\",\"@id\":\"https:\/\/noticiasemdestaque.com\/cd\/#\/schema\/person\/21320b03a7e8bb90128938dafc9b908a\"},\"headline\":\"Pol\u00edcia Militar e Vigil\u00e2ncia Sanit\u00e1ria realizam trabalho de conscientiza\u00e7\u00e3o no com\u00e9rcio de Sum\u00e9\",\"datePublished\":\"2020-05-04T18:39:53+00:00\",\"mainEntityOfPage\":{\"@id\":\"https:\/\/noticiasemdestaque.com\/cd\/?p=24656\"},\"wordCount\":251,\"publisher\":{\"@id\":\"https:\/\/noticiasemdestaque.com\/cd\/#organization\"},\"image\":{\"@id\":\"https:\/\/noticiasemdestaque.com\/cd\/?p=24656#primaryimage\"},\"thumbnailUrl\":\"https:\/\/noticiasemdestaque.com\/cd\/wp-content\/uploads\/2020\/05\/e840dcd2-eaed-4f37-8b68-c598f72cfe81.jpg\",\"articleSection\":[\"Cidades\"],\"inLanguage\":\"pt-BR\"},{\"@type\":\"WebPage\",\"@id\":\"https:\/\/noticiasemdestaque.com\/cd\/?p=24656\",\"url\":\"https:\/\/noticiasemdestaque.com\/cd\/?p=24656\",\"name\":\"Pol\u00edcia Militar e Vigil\u00e2ncia Sanit\u00e1ria realizam trabalho de conscientiza\u00e7\u00e3o no com\u00e9rcio de Sum\u00e9 - Not&iacute;cias em Destaque\",\"isPartOf\":{\"@id\":\"https:\/\/noticiasemdestaque.com\/cd\/#website\"},\"primaryImageOfPage\":{\"@id\":\"https:\/\/noticiasemdestaque.com\/cd\/?p=24656#primaryimage\"},\"image\":{\"@id\":\"https:\/\/noticiasemdestaque.com\/cd\/?p=24656#primaryimage\"},\"thumbnailUrl\":\"https:\/\/noticiasemdestaque.com\/cd\/wp-content\/uploads\/2020\/05\/e840dcd2-eaed-4f37-8b68-c598f72cfe81.jpg\",\"datePublished\":\"2020-05-04T18:39:53+00:00\",\"breadcrumb\":{\"@id\":\"https:\/\/noticiasemdestaque.com\/cd\/?p=24656#breadcrumb\"},\"inLanguage\":\"pt-BR\",\"potentialAction\":[{\"@type\":\"ReadAction\",\"target\":[\"https:\/\/noticiasemdestaque.com\/cd\/?p=24656\"]}]},{\"@type\":\"ImageObject\",\"inLanguage\":\"pt-BR\",\"@id\":\"https:\/\/noticiasemdestaque.com\/cd\/?p=24656#primaryimage\",\"url\":\"https:\/\/noticiasemdestaque.com\/cd\/wp-content\/uploads\/2020\/05\/e840dcd2-eaed-4f37-8b68-c598f72cfe81.jpg\",\"contentUrl\":\"https:\/\/noticiasemdestaque.com\/cd\/wp-content\/uploads\/2020\/05\/e840dcd2-eaed-4f37-8b68-c598f72cfe81.jpg\",\"width\":1024,\"height\":768},{\"@type\":\"BreadcrumbList\",\"@id\":\"https:\/\/noticiasemdestaque.com\/cd\/?p=24656#breadcrumb\",\"itemListElement\":[{\"@type\":\"ListItem\",\"position\":1,\"name\":\"In\u00edcio\",\"item\":\"https:\/\/noticiasemdestaque.com\/cd\/\"},{\"@type\":\"ListItem\",\"position\":2,\"name\":\"Pol\u00edcia Militar e Vigil\u00e2ncia Sanit\u00e1ria realizam trabalho de conscientiza\u00e7\u00e3o no com\u00e9rcio de Sum\u00e9\"}]},{\"@type\":\"WebSite\",\"@id\":\"https:\/\/noticiasemdestaque.com\/cd\/#website\",\"url\":\"https:\/\/noticiasemdestaque.com\/cd\/\",\"name\":\"Not&iacute;cias em Destaque\",\"description\":\"\",\"publisher\":{\"@id\":\"https:\/\/noticiasemdestaque.com\/cd\/#organization\"},\"potentialAction\":[{\"@type\":\"SearchAction\",\"target\":{\"@type\":\"EntryPoint\",\"urlTemplate\":\"https:\/\/noticiasemdestaque.com\/cd\/?s={search_term_string}\"},\"query-input\":{\"@type\":\"PropertyValueSpecification\",\"valueRequired\":true,\"valueName\":\"search_term_string\"}}],\"inLanguage\":\"pt-BR\"},{\"@type\":\"Organization\",\"@id\":\"https:\/\/noticiasemdestaque.com\/cd\/#organization\",\"name\":\"Not\u00edcias em Destaque\",\"url\":\"https:\/\/noticiasemdestaque.com\/cd\/\",\"logo\":{\"@type\":\"ImageObject\",\"inLanguage\":\"pt-BR\",\"@id\":\"https:\/\/noticiasemdestaque.com\/cd\/#\/schema\/logo\/image\/\",\"url\":\"https:\/\/noticiasemdestaque.com\/cd\/wp-content\/uploads\/2022\/05\/imagem-base-noticiasemdestaque.png\",\"contentUrl\":\"https:\/\/noticiasemdestaque.com\/cd\/wp-content\/uploads\/2022\/05\/imagem-base-noticiasemdestaque.png\",\"width\":1200,\"height\":630,\"caption\":\"Not\u00edcias em Destaque\"},\"image\":{\"@id\":\"https:\/\/noticiasemdestaque.com\/cd\/#\/schema\/logo\/image\/\"}},{\"@type\":\"Person\",\"@id\":\"https:\/\/noticiasemdestaque.com\/cd\/#\/schema\/person\/21320b03a7e8bb90128938dafc9b908a\",\"name\":\"Not\u00edcias em Destaque\",\"url\":\"https:\/\/noticiasemdestaque.com\/cd\/?author=2\"}]}<\/script>\n<!-- \/ Yoast SEO plugin. -->","yoast_head_json":{"title":"Pol\u00edcia Militar e Vigil\u00e2ncia Sanit\u00e1ria realizam trabalho de conscientiza\u00e7\u00e3o no com\u00e9rcio de Sum\u00e9 - Not&iacute;cias em Destaque","robots":{"index":"index","follow":"follow","max-snippet":"max-snippet:-1","max-image-preview":"max-image-preview:large","max-video-preview":"max-video-preview:-1"},"canonical":"https:\/\/noticiasemdestaque.com\/cd\/?p=24656","og_locale":"pt_BR","og_type":"article","og_title":"Pol\u00edcia Militar e Vigil\u00e2ncia Sanit\u00e1ria realizam trabalho de conscientiza\u00e7\u00e3o no com\u00e9rcio de Sum\u00e9 - Not&iacute;cias em Destaque","og_description":"A Vigil\u00e2ncia Sanit\u00e1ria de Sum\u00e9 vem realizando um trabalho continuo no com\u00e9rcio local e nas ruas da cidade para orientar e fiscalizar as medidas protetivas contra o coronav\u00edrus que est\u00e3o sendo adotadas pelos estabelecimentos. Nesta segunda-feira (04), o trabalho da vigil\u00e2ncia sanit\u00e1ria ganhou o refor\u00e7o da Policia Militar, que al\u00e9m do com\u00e9rcio, averiguaram filas de bancos e correspondentes banc\u00e1rios e orientaram a popula\u00e7\u00e3o sobre o novo decreto do Governo do Estado, no qual estabelece medidas de prote\u00e7\u00e3o contra o coronav\u00edrus para funcion\u00e1rios, clientes e colaboradores, distanciamento de 1,5 metro entre cada pessoa e quando poss\u00edvel, sistemas de escala, altera\u00e7\u00e3o de jornadas e revezamento de turnos para reduzir o fluxo e n\u00e3o permitir a aglomera\u00e7\u00e3o de pessoas nos estabelecimentos comerciais e banc\u00e1rios. Na ocasi\u00e3o, os funcion\u00e1rios da Vigil\u00e2ncia Sanit\u00e1ria distribu\u00edram m\u00e1scaras para a popula\u00e7\u00e3o, adquiridas pela Prefeitura de Sum\u00e9 a costureiras do munic\u00edpio, ajudando a cumprir o decreto estadual que trata sobre o uso obrigat\u00f3rio da m\u00e1scara em todo o territ\u00f3rio estadual, nos espa\u00e7os p\u00fablicos e em estabelecimentos. A Prefeitura de Sum\u00e9 vem tomando uma s\u00e9rie de medidas para proteger a popula\u00e7\u00e3o contra o coronav\u00edrus. O munic\u00edpio at\u00e9 o momento n\u00e3o registrou nenhum caso da covid-19. Ascom\/PMS","og_url":"https:\/\/noticiasemdestaque.com\/cd\/?p=24656","og_site_name":"Not&iacute;cias em Destaque","article_published_time":"2020-05-04T18:39:53+00:00","og_image":[{"width":1024,"height":768,"url":"https:\/\/noticiasemdestaque.com\/cd\/wp-content\/uploads\/2020\/05\/e840dcd2-eaed-4f37-8b68-c598f72cfe81.jpg","type":"image\/jpeg"}],"author":"Not\u00edcias em Destaque","twitter_card":"summary_large_image","twitter_misc":{"Escrito por":"Not\u00edcias em Destaque","Est. tempo de leitura":"1 minuto"},"schema":{"@context":"https:\/\/schema.org","@graph":[{"@type":"Article","@id":"https:\/\/noticiasemdestaque.com\/cd\/?p=24656#article","isPartOf":{"@id":"https:\/\/noticiasemdestaque.com\/cd\/?p=24656"},"author":{"name":"Not\u00edcias em Destaque","@id":"https:\/\/noticiasemdestaque.com\/cd\/#\/schema\/person\/21320b03a7e8bb90128938dafc9b908a"},"headline":"Pol\u00edcia Militar e Vigil\u00e2ncia Sanit\u00e1ria realizam trabalho de conscientiza\u00e7\u00e3o no com\u00e9rcio de Sum\u00e9","datePublished":"2020-05-04T18:39:53+00:00","mainEntityOfPage":{"@id":"https:\/\/noticiasemdestaque.com\/cd\/?p=24656"},"wordCount":251,"publisher":{"@id":"https:\/\/noticiasemdestaque.com\/cd\/#organization"},"image":{"@id":"https:\/\/noticiasemdestaque.com\/cd\/?p=24656#primaryimage"},"thumbnailUrl":"https:\/\/noticiasemdestaque.com\/cd\/wp-content\/uploads\/2020\/05\/e840dcd2-eaed-4f37-8b68-c598f72cfe81.jpg","articleSection":["Cidades"],"inLanguage":"pt-BR"},{"@type":"WebPage","@id":"https:\/\/noticiasemdestaque.com\/cd\/?p=24656","url":"https:\/\/noticiasemdestaque.com\/cd\/?p=24656","name":"Pol\u00edcia Militar e Vigil\u00e2ncia Sanit\u00e1ria realizam trabalho de conscientiza\u00e7\u00e3o no com\u00e9rcio de Sum\u00e9 - Not&iacute;cias em Destaque","isPartOf":{"@id":"https:\/\/noticiasemdestaque.com\/cd\/#website"},"primaryImageOfPage":{"@id":"https:\/\/noticiasemdestaque.com\/cd\/?p=24656#primaryimage"},"image":{"@id":"https:\/\/noticiasemdestaque.com\/cd\/?p=24656#primaryimage"},"thumbnailUrl":"https:\/\/noticiasemdestaque.com\/cd\/wp-content\/uploads\/2020\/05\/e840dcd2-eaed-4f37-8b68-c598f72cfe81.jpg","datePublished":"2020-05-04T18:39:53+00:00","breadcrumb":{"@id":"https:\/\/noticiasemdestaque.com\/cd\/?p=24656#breadcrumb"},"inLanguage":"pt-BR","potentialAction":[{"@type":"ReadAction","target":["https:\/\/noticiasemdestaque.com\/cd\/?p=24656"]}]},{"@type":"ImageObject","inLanguage":"pt-BR","@id":"https:\/\/noticiasemdestaque.com\/cd\/?p=24656#primaryimage","url":"https:\/\/noticiasemdestaque.com\/cd\/wp-content\/uploads\/2020\/05\/e840dcd2-eaed-4f37-8b68-c598f72cfe81.jpg","contentUrl":"https:\/\/noticiasemdestaque.com\/cd\/wp-content\/uploads\/2020\/05\/e840dcd2-eaed-4f37-8b68-c598f72cfe81.jpg","width":1024,"height":768},{"@type":"BreadcrumbList","@id":"https:\/\/noticiasemdestaque.com\/cd\/?p=24656#breadcrumb","itemListElement":[{"@type":"ListItem","position":1,"name":"In\u00edcio","item":"https:\/\/noticiasemdestaque.com\/cd\/"},{"@type":"ListItem","position":2,"name":"Pol\u00edcia Militar e Vigil\u00e2ncia Sanit\u00e1ria realizam trabalho de conscientiza\u00e7\u00e3o no com\u00e9rcio de Sum\u00e9"}]},{"@type":"WebSite","@id":"https:\/\/noticiasemdestaque.com\/cd\/#website","url":"https:\/\/noticiasemdestaque.com\/cd\/","name":"Not&iacute;cias em Destaque","description":"","publisher":{"@id":"https:\/\/noticiasemdestaque.com\/cd\/#organization"},"potentialAction":[{"@type":"SearchAction","target":{"@type":"EntryPoint","urlTemplate":"https:\/\/noticiasemdestaque.com\/cd\/?s={search_term_string}"},"query-input":{"@type":"PropertyValueSpecification","valueRequired":true,"valueName":"search_term_string"}}],"inLanguage":"pt-BR"},{"@type":"Organization","@id":"https:\/\/noticiasemdestaque.com\/cd\/#organization","name":"Not\u00edcias em Destaque","url":"https:\/\/noticiasemdestaque.com\/cd\/","logo":{"@type":"ImageObject","inLanguage":"pt-BR","@id":"https:\/\/noticiasemdestaque.com\/cd\/#\/schema\/logo\/image\/","url":"https:\/\/noticiasemdestaque.com\/cd\/wp-content\/uploads\/2022\/05\/imagem-base-noticiasemdestaque.png","contentUrl":"https:\/\/noticiasemdestaque.com\/cd\/wp-content\/uploads\/2022\/05\/imagem-base-noticiasemdestaque.png","width":1200,"height":630,"caption":"Not\u00edcias em Destaque"},"image":{"@id":"https:\/\/noticiasemdestaque.com\/cd\/#\/schema\/logo\/image\/"}},{"@type":"Person","@id":"https:\/\/noticiasemdestaque.com\/cd\/#\/schema\/person\/21320b03a7e8bb90128938dafc9b908a","name":"Not\u00edcias em Destaque","url":"https:\/\/noticiasemdestaque.com\/cd\/?author=2"}]}},"jetpack_featured_media_url":"https:\/\/noticiasemdestaque.com\/cd\/wp-content\/uploads\/2020\/05\/e840dcd2-eaed-4f37-8b68-c598f72cfe81.jpg","jetpack_sharing_enabled":true,"_links":{"self":[{"href":"https:\/\/noticiasemdestaque.com\/cd\/index.php?rest_route=\/wp\/v2\/posts\/24656","targetHints":{"allow":["GET"]}}],"collection":[{"href":"https:\/\/noticiasemdestaque.com\/cd\/index.php?rest_route=\/wp\/v2\/posts"}],"about":[{"href":"https:\/\/noticiasemdestaque.com\/cd\/index.php?rest_route=\/wp\/v2\/types\/post"}],"author":[{"embeddable":true,"href":"https:\/\/noticiasemdestaque.com\/cd\/index.php?rest_route=\/wp\/v2\/users\/2"}],"replies":[{"embeddable":true,"href":"https:\/\/noticiasemdestaque.com\/cd\/index.php?rest_route=%2Fwp%2Fv2%2Fcomments&post=24656"}],"version-history":[{"count":1,"href":"https:\/\/noticiasemdestaque.com\/cd\/index.php?rest_route=\/wp\/v2\/posts\/24656\/revisions"}],"predecessor-version":[{"id":24660,"href":"https:\/\/noticiasemdestaque.com\/cd\/index.php?rest_route=\/wp\/v2\/posts\/24656\/revisions\/24660"}],"wp:featuredmedia":[{"embeddable":true,"href":"https:\/\/noticiasemdestaque.com\/cd\/index.php?rest_route=\/wp\/v2\/media\/24658"}],"wp:attachment":[{"href":"https:\/\/noticiasemdestaque.com\/cd\/index.php?rest_route=%2Fwp%2Fv2%2Fmedia&parent=24656"}],"wp:term":[{"taxonomy":"category","embeddable":true,"href":"https:\/\/noticiasemdestaque.com\/cd\/index.php?rest_route=%2Fwp%2Fv2%2Fcategories&post=24656"},{"taxonomy":"post_tag","embeddable":true,"href":"https:\/\/noticiasemdestaque.com\/cd\/index.php?rest_route=%2Fwp%2Fv2%2Ftags&post=24656"}],"curies":[{"name":"wp","href":"https:\/\/api.w.org\/{rel}","templated":true}]}}