{"id":24649,"date":"2020-05-03T20:34:53","date_gmt":"2020-05-03T23:34:53","guid":{"rendered":"http:\/\/noticiasemdestaque.com\/cd\/?p=24649"},"modified":"2020-05-03T20:34:53","modified_gmt":"2020-05-03T23:34:53","slug":"vacina-brasileira-para-covid-19-sera-testada-em-animais","status":"publish","type":"post","link":"https:\/\/noticiasemdestaque.com\/cd\/?p=24649","title":{"rendered":"Vacina brasileira para COVID-19 ser\u00e1 testada em animais"},"content":{"rendered":"<p><a href=\"https:\/\/noticiasemdestaque.com\/cd\/wp-content\/uploads\/2019\/03\/VacinaMeningite.jpg\"><img fetchpriority=\"high\" decoding=\"async\" class=\"wp-image-15979 aligncenter\" src=\"https:\/\/noticiasemdestaque.com\/cd\/wp-content\/uploads\/2019\/03\/VacinaMeningite-1024x682.jpg\" alt=\"\" width=\"574\" height=\"382\" srcset=\"https:\/\/noticiasemdestaque.com\/cd\/wp-content\/uploads\/2019\/03\/VacinaMeningite-1024x682.jpg 1024w, https:\/\/noticiasemdestaque.com\/cd\/wp-content\/uploads\/2019\/03\/VacinaMeningite-300x200.jpg 300w, https:\/\/noticiasemdestaque.com\/cd\/wp-content\/uploads\/2019\/03\/VacinaMeningite-768x512.jpg 768w, https:\/\/noticiasemdestaque.com\/cd\/wp-content\/uploads\/2019\/03\/VacinaMeningite-480x320.jpg 480w, https:\/\/noticiasemdestaque.com\/cd\/wp-content\/uploads\/2019\/03\/VacinaMeningite.jpg 1280w\" sizes=\"(max-width: 574px) 100vw, 574px\" \/><\/a><\/p>\n<p>O Instituto do Cora\u00e7\u00e3o (Incor), em S\u00e3o Paulo, est\u00e1 desenvolvendo uma vacina para a preven\u00e7\u00e3o do novo coronav\u00edrus que deve come\u00e7ar a ser testada em animais na pr\u00f3xima semana. O imunologista Gustavo Cabral, um dos coordenadores da pesquisa, falou \u00e0\u00a0<strong>CNN\u00a0<\/strong>neste domingo (3) sobre as dificuldades da cria\u00e7\u00e3o de um novo medicamento.<\/p>\n<p>&#8220;Vacinas requerem um pouco mais de tempo. Nesse momento, estamos trabalhando para a formula\u00e7\u00e3o vacinal e a melhor forma para que seja testada em animais. Estamos seguindo todos os protocolos cient\u00edficos para que possamos ter uma vacina segura e eficiente, n\u00e3o podemos nos precipitar ou pular fases. N\u00e3o adianta a gente prometer algo milagroso que isso n\u00e3o vai acontecer&#8221;, disse Cabral.<\/p>\n<p>O imunologista citou as pesquisas americanas para a vacina contra o novo coronav\u00edrus, mas ressaltou a import\u00e2ncia do desenvolvimento de uma droga em territ\u00f3rio brasileiro. &#8220;\u00c9 de extrema import\u00e2ncia que nossa vacina seja desenvolvida aqui no Braisl por quest\u00f5es de tecnologia e log\u00edstica tamb\u00e9m, n\u00e3o apenas por causa da COVID-19, mas tamb\u00e9m para outros problemas futuros.&#8221;<\/p>\n<p>Sobre log\u00edstica, Cabral citou a burocracia do pa\u00eds que atrasa procedimentos cient\u00edficos, inclusive a distribui\u00e7\u00e3o de medicamentos. &#8220;Aqui eu pe\u00e7o para comprar algo e dizem que em um m\u00eas est\u00e1 vindo; em dois meses, comunicam o atraso. O mais importante \u00e9 desenvolver a vacina aqui porque ainda dependemos de muito que do vem do exterior&#8221;, explicou.<\/p>\n<p>&#8220;N\u00e3o tem como pularmos etapas e eu sou cidad\u00e3o, entendo que \u00e9 justo as pessoas quererem respostas mais r\u00e1pidas, mas tamb\u00e9m \u00e9 necess\u00e1rio a participa\u00e7\u00e3o de todos porque se ficar apenas pela ci\u00eancia ou pelos jornalistas n\u00e3o teremos algo eficiente. \u00c9 importante que toda a popula\u00e7\u00e3o participe [do debate cient\u00edfico].&#8221;<\/p>\n<p><em><strong>Not\u00edcias em Destaque\u00a0<\/strong><\/em><\/p>\n<p>Com CNN<\/p>\n","protected":false},"excerpt":{"rendered":"<p>O Instituto do Cora\u00e7\u00e3o (Incor), em S\u00e3o Paulo, est\u00e1 desenvolvendo uma vacina para a preven\u00e7\u00e3o do novo coronav\u00edrus que deve come\u00e7ar a ser testada em animais na pr\u00f3xima semana. O imunologista Gustavo Cabral, um dos coordenadores da pesquisa, falou \u00e0\u00a0CNN\u00a0neste domingo (3) sobre as dificuldades da cria\u00e7\u00e3o de um novo medicamento. &#8220;Vacinas requerem um pouco mais de tempo. Nesse momento, estamos trabalhando para a formula\u00e7\u00e3o vacinal e a melhor forma para que seja testada em animais. Estamos seguindo todos os protocolos cient\u00edficos para que possamos ter uma vacina segura e eficiente, n\u00e3o podemos nos precipitar ou pular fases. N\u00e3o adianta a gente prometer algo milagroso que isso n\u00e3o vai acontecer&#8221;, disse Cabral. O imunologista citou as pesquisas americanas para a vacina contra o novo coronav\u00edrus, mas ressaltou a import\u00e2ncia do desenvolvimento de uma droga em territ\u00f3rio brasileiro. &#8220;\u00c9 de extrema import\u00e2ncia que nossa vacina seja desenvolvida aqui no Braisl por quest\u00f5es de tecnologia e log\u00edstica tamb\u00e9m, n\u00e3o apenas por causa da COVID-19, mas tamb\u00e9m para outros problemas futuros.&#8221; Sobre log\u00edstica, Cabral citou a burocracia do pa\u00eds que atrasa procedimentos cient\u00edficos, inclusive a distribui\u00e7\u00e3o de medicamentos. &#8220;Aqui eu pe\u00e7o para comprar algo e dizem que em um m\u00eas est\u00e1 vindo; em dois meses, comunicam o atraso. O mais importante \u00e9 desenvolver a vacina aqui porque ainda dependemos de muito que do vem do exterior&#8221;, explicou. &#8220;N\u00e3o tem como pularmos etapas e eu sou cidad\u00e3o, entendo que \u00e9 justo as pessoas quererem respostas mais r\u00e1pidas, mas tamb\u00e9m \u00e9 necess\u00e1rio a participa\u00e7\u00e3o de todos porque se ficar apenas pela ci\u00eancia ou pelos jornalistas n\u00e3o teremos algo eficiente. \u00c9 importante que toda a popula\u00e7\u00e3o participe [do debate cient\u00edfico].&#8221; Not\u00edcias em Destaque\u00a0 Com CNN<\/p>\n","protected":false},"author":2,"featured_media":15979,"comment_status":"closed","ping_status":"open","sticky":false,"template":"","format":"standard","meta":{"_eb_attr":"","_jetpack_memberships_contains_paid_content":false,"footnotes":""},"categories":[8],"tags":[],"class_list":["post-24649","post","type-post","status-publish","format-standard","has-post-thumbnail","hentry","category-saude"],"yoast_head":"<!-- This site is optimized with the Yoast SEO plugin v26.5 - https:\/\/yoast.com\/wordpress\/plugins\/seo\/ -->\n<title>Vacina brasileira para COVID-19 ser\u00e1 testada em animais - Not&iacute;cias em Destaque<\/title>\n<meta name=\"robots\" content=\"index, follow, max-snippet:-1, max-image-preview:large, max-video-preview:-1\" \/>\n<link rel=\"canonical\" href=\"https:\/\/noticiasemdestaque.com\/cd\/?p=24649\" \/>\n<meta property=\"og:locale\" content=\"pt_BR\" \/>\n<meta property=\"og:type\" content=\"article\" \/>\n<meta property=\"og:title\" content=\"Vacina brasileira para COVID-19 ser\u00e1 testada em animais - Not&iacute;cias em Destaque\" \/>\n<meta property=\"og:description\" content=\"O Instituto do Cora\u00e7\u00e3o (Incor), em S\u00e3o Paulo, est\u00e1 desenvolvendo uma vacina para a preven\u00e7\u00e3o do novo coronav\u00edrus que deve come\u00e7ar a ser testada em animais na pr\u00f3xima semana. O imunologista Gustavo Cabral, um dos coordenadores da pesquisa, falou \u00e0\u00a0CNN\u00a0neste domingo (3) sobre as dificuldades da cria\u00e7\u00e3o de um novo medicamento. &#8220;Vacinas requerem um pouco mais de tempo. Nesse momento, estamos trabalhando para a formula\u00e7\u00e3o vacinal e a melhor forma para que seja testada em animais. Estamos seguindo todos os protocolos cient\u00edficos para que possamos ter uma vacina segura e eficiente, n\u00e3o podemos nos precipitar ou pular fases. N\u00e3o adianta a gente prometer algo milagroso que isso n\u00e3o vai acontecer&#8221;, disse Cabral. O imunologista citou as pesquisas americanas para a vacina contra o novo coronav\u00edrus, mas ressaltou a import\u00e2ncia do desenvolvimento de uma droga em territ\u00f3rio brasileiro. &#8220;\u00c9 de extrema import\u00e2ncia que nossa vacina seja desenvolvida aqui no Braisl por quest\u00f5es de tecnologia e log\u00edstica tamb\u00e9m, n\u00e3o apenas por causa da COVID-19, mas tamb\u00e9m para outros problemas futuros.&#8221; Sobre log\u00edstica, Cabral citou a burocracia do pa\u00eds que atrasa procedimentos cient\u00edficos, inclusive a distribui\u00e7\u00e3o de medicamentos. &#8220;Aqui eu pe\u00e7o para comprar algo e dizem que em um m\u00eas est\u00e1 vindo; em dois meses, comunicam o atraso. O mais importante \u00e9 desenvolver a vacina aqui porque ainda dependemos de muito que do vem do exterior&#8221;, explicou. &#8220;N\u00e3o tem como pularmos etapas e eu sou cidad\u00e3o, entendo que \u00e9 justo as pessoas quererem respostas mais r\u00e1pidas, mas tamb\u00e9m \u00e9 necess\u00e1rio a participa\u00e7\u00e3o de todos porque se ficar apenas pela ci\u00eancia ou pelos jornalistas n\u00e3o teremos algo eficiente. \u00c9 importante que toda a popula\u00e7\u00e3o participe [do debate cient\u00edfico].&#8221; Not\u00edcias em Destaque\u00a0 Com CNN\" \/>\n<meta property=\"og:url\" content=\"https:\/\/noticiasemdestaque.com\/cd\/?p=24649\" \/>\n<meta property=\"og:site_name\" content=\"Not&iacute;cias em Destaque\" \/>\n<meta property=\"article:published_time\" content=\"2020-05-03T23:34:53+00:00\" \/>\n<meta property=\"og:image\" content=\"https:\/\/noticiasemdestaque.com\/cd\/wp-content\/uploads\/2019\/03\/VacinaMeningite.jpg\" \/>\n\t<meta property=\"og:image:width\" content=\"1280\" \/>\n\t<meta property=\"og:image:height\" content=\"853\" \/>\n\t<meta property=\"og:image:type\" content=\"image\/jpeg\" \/>\n<meta name=\"author\" content=\"Not\u00edcias em Destaque\" \/>\n<meta name=\"twitter:card\" content=\"summary_large_image\" \/>\n<meta name=\"twitter:label1\" content=\"Escrito por\" \/>\n\t<meta name=\"twitter:data1\" content=\"Not\u00edcias em Destaque\" \/>\n\t<meta name=\"twitter:label2\" content=\"Est. tempo de leitura\" \/>\n\t<meta name=\"twitter:data2\" content=\"2 minutos\" \/>\n<script type=\"application\/ld+json\" class=\"yoast-schema-graph\">{\"@context\":\"https:\/\/schema.org\",\"@graph\":[{\"@type\":\"Article\",\"@id\":\"https:\/\/noticiasemdestaque.com\/cd\/?p=24649#article\",\"isPartOf\":{\"@id\":\"https:\/\/noticiasemdestaque.com\/cd\/?p=24649\"},\"author\":{\"name\":\"Not\u00edcias em Destaque\",\"@id\":\"https:\/\/noticiasemdestaque.com\/cd\/#\/schema\/person\/21320b03a7e8bb90128938dafc9b908a\"},\"headline\":\"Vacina brasileira para COVID-19 ser\u00e1 testada em animais\",\"datePublished\":\"2020-05-03T23:34:53+00:00\",\"mainEntityOfPage\":{\"@id\":\"https:\/\/noticiasemdestaque.com\/cd\/?p=24649\"},\"wordCount\":320,\"publisher\":{\"@id\":\"https:\/\/noticiasemdestaque.com\/cd\/#organization\"},\"image\":{\"@id\":\"https:\/\/noticiasemdestaque.com\/cd\/?p=24649#primaryimage\"},\"thumbnailUrl\":\"https:\/\/noticiasemdestaque.com\/cd\/wp-content\/uploads\/2019\/03\/VacinaMeningite.jpg\",\"articleSection\":[\"Sa\u00fade\"],\"inLanguage\":\"pt-BR\"},{\"@type\":\"WebPage\",\"@id\":\"https:\/\/noticiasemdestaque.com\/cd\/?p=24649\",\"url\":\"https:\/\/noticiasemdestaque.com\/cd\/?p=24649\",\"name\":\"Vacina brasileira para COVID-19 ser\u00e1 testada em animais - Not&iacute;cias em Destaque\",\"isPartOf\":{\"@id\":\"https:\/\/noticiasemdestaque.com\/cd\/#website\"},\"primaryImageOfPage\":{\"@id\":\"https:\/\/noticiasemdestaque.com\/cd\/?p=24649#primaryimage\"},\"image\":{\"@id\":\"https:\/\/noticiasemdestaque.com\/cd\/?p=24649#primaryimage\"},\"thumbnailUrl\":\"https:\/\/noticiasemdestaque.com\/cd\/wp-content\/uploads\/2019\/03\/VacinaMeningite.jpg\",\"datePublished\":\"2020-05-03T23:34:53+00:00\",\"breadcrumb\":{\"@id\":\"https:\/\/noticiasemdestaque.com\/cd\/?p=24649#breadcrumb\"},\"inLanguage\":\"pt-BR\",\"potentialAction\":[{\"@type\":\"ReadAction\",\"target\":[\"https:\/\/noticiasemdestaque.com\/cd\/?p=24649\"]}]},{\"@type\":\"ImageObject\",\"inLanguage\":\"pt-BR\",\"@id\":\"https:\/\/noticiasemdestaque.com\/cd\/?p=24649#primaryimage\",\"url\":\"https:\/\/noticiasemdestaque.com\/cd\/wp-content\/uploads\/2019\/03\/VacinaMeningite.jpg\",\"contentUrl\":\"https:\/\/noticiasemdestaque.com\/cd\/wp-content\/uploads\/2019\/03\/VacinaMeningite.jpg\",\"width\":1280,\"height\":853},{\"@type\":\"BreadcrumbList\",\"@id\":\"https:\/\/noticiasemdestaque.com\/cd\/?p=24649#breadcrumb\",\"itemListElement\":[{\"@type\":\"ListItem\",\"position\":1,\"name\":\"In\u00edcio\",\"item\":\"https:\/\/noticiasemdestaque.com\/cd\/\"},{\"@type\":\"ListItem\",\"position\":2,\"name\":\"Vacina brasileira para COVID-19 ser\u00e1 testada em animais\"}]},{\"@type\":\"WebSite\",\"@id\":\"https:\/\/noticiasemdestaque.com\/cd\/#website\",\"url\":\"https:\/\/noticiasemdestaque.com\/cd\/\",\"name\":\"Not&iacute;cias em Destaque\",\"description\":\"\",\"publisher\":{\"@id\":\"https:\/\/noticiasemdestaque.com\/cd\/#organization\"},\"potentialAction\":[{\"@type\":\"SearchAction\",\"target\":{\"@type\":\"EntryPoint\",\"urlTemplate\":\"https:\/\/noticiasemdestaque.com\/cd\/?s={search_term_string}\"},\"query-input\":{\"@type\":\"PropertyValueSpecification\",\"valueRequired\":true,\"valueName\":\"search_term_string\"}}],\"inLanguage\":\"pt-BR\"},{\"@type\":\"Organization\",\"@id\":\"https:\/\/noticiasemdestaque.com\/cd\/#organization\",\"name\":\"Not\u00edcias em Destaque\",\"url\":\"https:\/\/noticiasemdestaque.com\/cd\/\",\"logo\":{\"@type\":\"ImageObject\",\"inLanguage\":\"pt-BR\",\"@id\":\"https:\/\/noticiasemdestaque.com\/cd\/#\/schema\/logo\/image\/\",\"url\":\"https:\/\/noticiasemdestaque.com\/cd\/wp-content\/uploads\/2022\/05\/imagem-base-noticiasemdestaque.png\",\"contentUrl\":\"https:\/\/noticiasemdestaque.com\/cd\/wp-content\/uploads\/2022\/05\/imagem-base-noticiasemdestaque.png\",\"width\":1200,\"height\":630,\"caption\":\"Not\u00edcias em Destaque\"},\"image\":{\"@id\":\"https:\/\/noticiasemdestaque.com\/cd\/#\/schema\/logo\/image\/\"}},{\"@type\":\"Person\",\"@id\":\"https:\/\/noticiasemdestaque.com\/cd\/#\/schema\/person\/21320b03a7e8bb90128938dafc9b908a\",\"name\":\"Not\u00edcias em Destaque\",\"url\":\"https:\/\/noticiasemdestaque.com\/cd\/?author=2\"}]}<\/script>\n<!-- \/ Yoast SEO plugin. -->","yoast_head_json":{"title":"Vacina brasileira para COVID-19 ser\u00e1 testada em animais - Not&iacute;cias em Destaque","robots":{"index":"index","follow":"follow","max-snippet":"max-snippet:-1","max-image-preview":"max-image-preview:large","max-video-preview":"max-video-preview:-1"},"canonical":"https:\/\/noticiasemdestaque.com\/cd\/?p=24649","og_locale":"pt_BR","og_type":"article","og_title":"Vacina brasileira para COVID-19 ser\u00e1 testada em animais - Not&iacute;cias em Destaque","og_description":"O Instituto do Cora\u00e7\u00e3o (Incor), em S\u00e3o Paulo, est\u00e1 desenvolvendo uma vacina para a preven\u00e7\u00e3o do novo coronav\u00edrus que deve come\u00e7ar a ser testada em animais na pr\u00f3xima semana. O imunologista Gustavo Cabral, um dos coordenadores da pesquisa, falou \u00e0\u00a0CNN\u00a0neste domingo (3) sobre as dificuldades da cria\u00e7\u00e3o de um novo medicamento. &#8220;Vacinas requerem um pouco mais de tempo. Nesse momento, estamos trabalhando para a formula\u00e7\u00e3o vacinal e a melhor forma para que seja testada em animais. Estamos seguindo todos os protocolos cient\u00edficos para que possamos ter uma vacina segura e eficiente, n\u00e3o podemos nos precipitar ou pular fases. N\u00e3o adianta a gente prometer algo milagroso que isso n\u00e3o vai acontecer&#8221;, disse Cabral. O imunologista citou as pesquisas americanas para a vacina contra o novo coronav\u00edrus, mas ressaltou a import\u00e2ncia do desenvolvimento de uma droga em territ\u00f3rio brasileiro. &#8220;\u00c9 de extrema import\u00e2ncia que nossa vacina seja desenvolvida aqui no Braisl por quest\u00f5es de tecnologia e log\u00edstica tamb\u00e9m, n\u00e3o apenas por causa da COVID-19, mas tamb\u00e9m para outros problemas futuros.&#8221; Sobre log\u00edstica, Cabral citou a burocracia do pa\u00eds que atrasa procedimentos cient\u00edficos, inclusive a distribui\u00e7\u00e3o de medicamentos. &#8220;Aqui eu pe\u00e7o para comprar algo e dizem que em um m\u00eas est\u00e1 vindo; em dois meses, comunicam o atraso. O mais importante \u00e9 desenvolver a vacina aqui porque ainda dependemos de muito que do vem do exterior&#8221;, explicou. &#8220;N\u00e3o tem como pularmos etapas e eu sou cidad\u00e3o, entendo que \u00e9 justo as pessoas quererem respostas mais r\u00e1pidas, mas tamb\u00e9m \u00e9 necess\u00e1rio a participa\u00e7\u00e3o de todos porque se ficar apenas pela ci\u00eancia ou pelos jornalistas n\u00e3o teremos algo eficiente. \u00c9 importante que toda a popula\u00e7\u00e3o participe [do debate cient\u00edfico].&#8221; Not\u00edcias em Destaque\u00a0 Com CNN","og_url":"https:\/\/noticiasemdestaque.com\/cd\/?p=24649","og_site_name":"Not&iacute;cias em Destaque","article_published_time":"2020-05-03T23:34:53+00:00","og_image":[{"width":1280,"height":853,"url":"https:\/\/noticiasemdestaque.com\/cd\/wp-content\/uploads\/2019\/03\/VacinaMeningite.jpg","type":"image\/jpeg"}],"author":"Not\u00edcias em Destaque","twitter_card":"summary_large_image","twitter_misc":{"Escrito por":"Not\u00edcias em Destaque","Est. tempo de leitura":"2 minutos"},"schema":{"@context":"https:\/\/schema.org","@graph":[{"@type":"Article","@id":"https:\/\/noticiasemdestaque.com\/cd\/?p=24649#article","isPartOf":{"@id":"https:\/\/noticiasemdestaque.com\/cd\/?p=24649"},"author":{"name":"Not\u00edcias em Destaque","@id":"https:\/\/noticiasemdestaque.com\/cd\/#\/schema\/person\/21320b03a7e8bb90128938dafc9b908a"},"headline":"Vacina brasileira para COVID-19 ser\u00e1 testada em animais","datePublished":"2020-05-03T23:34:53+00:00","mainEntityOfPage":{"@id":"https:\/\/noticiasemdestaque.com\/cd\/?p=24649"},"wordCount":320,"publisher":{"@id":"https:\/\/noticiasemdestaque.com\/cd\/#organization"},"image":{"@id":"https:\/\/noticiasemdestaque.com\/cd\/?p=24649#primaryimage"},"thumbnailUrl":"https:\/\/noticiasemdestaque.com\/cd\/wp-content\/uploads\/2019\/03\/VacinaMeningite.jpg","articleSection":["Sa\u00fade"],"inLanguage":"pt-BR"},{"@type":"WebPage","@id":"https:\/\/noticiasemdestaque.com\/cd\/?p=24649","url":"https:\/\/noticiasemdestaque.com\/cd\/?p=24649","name":"Vacina brasileira para COVID-19 ser\u00e1 testada em animais - Not&iacute;cias em Destaque","isPartOf":{"@id":"https:\/\/noticiasemdestaque.com\/cd\/#website"},"primaryImageOfPage":{"@id":"https:\/\/noticiasemdestaque.com\/cd\/?p=24649#primaryimage"},"image":{"@id":"https:\/\/noticiasemdestaque.com\/cd\/?p=24649#primaryimage"},"thumbnailUrl":"https:\/\/noticiasemdestaque.com\/cd\/wp-content\/uploads\/2019\/03\/VacinaMeningite.jpg","datePublished":"2020-05-03T23:34:53+00:00","breadcrumb":{"@id":"https:\/\/noticiasemdestaque.com\/cd\/?p=24649#breadcrumb"},"inLanguage":"pt-BR","potentialAction":[{"@type":"ReadAction","target":["https:\/\/noticiasemdestaque.com\/cd\/?p=24649"]}]},{"@type":"ImageObject","inLanguage":"pt-BR","@id":"https:\/\/noticiasemdestaque.com\/cd\/?p=24649#primaryimage","url":"https:\/\/noticiasemdestaque.com\/cd\/wp-content\/uploads\/2019\/03\/VacinaMeningite.jpg","contentUrl":"https:\/\/noticiasemdestaque.com\/cd\/wp-content\/uploads\/2019\/03\/VacinaMeningite.jpg","width":1280,"height":853},{"@type":"BreadcrumbList","@id":"https:\/\/noticiasemdestaque.com\/cd\/?p=24649#breadcrumb","itemListElement":[{"@type":"ListItem","position":1,"name":"In\u00edcio","item":"https:\/\/noticiasemdestaque.com\/cd\/"},{"@type":"ListItem","position":2,"name":"Vacina brasileira para COVID-19 ser\u00e1 testada em animais"}]},{"@type":"WebSite","@id":"https:\/\/noticiasemdestaque.com\/cd\/#website","url":"https:\/\/noticiasemdestaque.com\/cd\/","name":"Not&iacute;cias em Destaque","description":"","publisher":{"@id":"https:\/\/noticiasemdestaque.com\/cd\/#organization"},"potentialAction":[{"@type":"SearchAction","target":{"@type":"EntryPoint","urlTemplate":"https:\/\/noticiasemdestaque.com\/cd\/?s={search_term_string}"},"query-input":{"@type":"PropertyValueSpecification","valueRequired":true,"valueName":"search_term_string"}}],"inLanguage":"pt-BR"},{"@type":"Organization","@id":"https:\/\/noticiasemdestaque.com\/cd\/#organization","name":"Not\u00edcias em Destaque","url":"https:\/\/noticiasemdestaque.com\/cd\/","logo":{"@type":"ImageObject","inLanguage":"pt-BR","@id":"https:\/\/noticiasemdestaque.com\/cd\/#\/schema\/logo\/image\/","url":"https:\/\/noticiasemdestaque.com\/cd\/wp-content\/uploads\/2022\/05\/imagem-base-noticiasemdestaque.png","contentUrl":"https:\/\/noticiasemdestaque.com\/cd\/wp-content\/uploads\/2022\/05\/imagem-base-noticiasemdestaque.png","width":1200,"height":630,"caption":"Not\u00edcias em Destaque"},"image":{"@id":"https:\/\/noticiasemdestaque.com\/cd\/#\/schema\/logo\/image\/"}},{"@type":"Person","@id":"https:\/\/noticiasemdestaque.com\/cd\/#\/schema\/person\/21320b03a7e8bb90128938dafc9b908a","name":"Not\u00edcias em Destaque","url":"https:\/\/noticiasemdestaque.com\/cd\/?author=2"}]}},"jetpack_featured_media_url":"https:\/\/noticiasemdestaque.com\/cd\/wp-content\/uploads\/2019\/03\/VacinaMeningite.jpg","jetpack_sharing_enabled":true,"_links":{"self":[{"href":"https:\/\/noticiasemdestaque.com\/cd\/index.php?rest_route=\/wp\/v2\/posts\/24649","targetHints":{"allow":["GET"]}}],"collection":[{"href":"https:\/\/noticiasemdestaque.com\/cd\/index.php?rest_route=\/wp\/v2\/posts"}],"about":[{"href":"https:\/\/noticiasemdestaque.com\/cd\/index.php?rest_route=\/wp\/v2\/types\/post"}],"author":[{"embeddable":true,"href":"https:\/\/noticiasemdestaque.com\/cd\/index.php?rest_route=\/wp\/v2\/users\/2"}],"replies":[{"embeddable":true,"href":"https:\/\/noticiasemdestaque.com\/cd\/index.php?rest_route=%2Fwp%2Fv2%2Fcomments&post=24649"}],"version-history":[{"count":1,"href":"https:\/\/noticiasemdestaque.com\/cd\/index.php?rest_route=\/wp\/v2\/posts\/24649\/revisions"}],"predecessor-version":[{"id":24650,"href":"https:\/\/noticiasemdestaque.com\/cd\/index.php?rest_route=\/wp\/v2\/posts\/24649\/revisions\/24650"}],"wp:featuredmedia":[{"embeddable":true,"href":"https:\/\/noticiasemdestaque.com\/cd\/index.php?rest_route=\/wp\/v2\/media\/15979"}],"wp:attachment":[{"href":"https:\/\/noticiasemdestaque.com\/cd\/index.php?rest_route=%2Fwp%2Fv2%2Fmedia&parent=24649"}],"wp:term":[{"taxonomy":"category","embeddable":true,"href":"https:\/\/noticiasemdestaque.com\/cd\/index.php?rest_route=%2Fwp%2Fv2%2Fcategories&post=24649"},{"taxonomy":"post_tag","embeddable":true,"href":"https:\/\/noticiasemdestaque.com\/cd\/index.php?rest_route=%2Fwp%2Fv2%2Ftags&post=24649"}],"curies":[{"name":"wp","href":"https:\/\/api.w.org\/{rel}","templated":true}]}}