{"id":24645,"date":"2020-05-03T20:29:49","date_gmt":"2020-05-03T23:29:49","guid":{"rendered":"http:\/\/noticiasemdestaque.com\/cd\/?p=24645"},"modified":"2020-05-03T20:31:25","modified_gmt":"2020-05-03T23:31:25","slug":"confirmados-mais-tres-casos-do-coronavirus-em-taperoa","status":"publish","type":"post","link":"https:\/\/noticiasemdestaque.com\/cd\/?p=24645","title":{"rendered":"Confirmados mais tr\u00eas casos do coronav\u00edrus em Tapero\u00e1"},"content":{"rendered":"<p><a href=\"https:\/\/noticiasemdestaque.com\/cd\/wp-content\/uploads\/2020\/02\/Coronavirus-1.jpg\"><img fetchpriority=\"high\" decoding=\"async\" class=\"wp-image-23225 aligncenter\" src=\"https:\/\/noticiasemdestaque.com\/cd\/wp-content\/uploads\/2020\/02\/Coronavirus-1.jpg\" alt=\"\" width=\"594\" height=\"330\" srcset=\"https:\/\/noticiasemdestaque.com\/cd\/wp-content\/uploads\/2020\/02\/Coronavirus-1.jpg 865w, https:\/\/noticiasemdestaque.com\/cd\/wp-content\/uploads\/2020\/02\/Coronavirus-1-300x166.jpg 300w, https:\/\/noticiasemdestaque.com\/cd\/wp-content\/uploads\/2020\/02\/Coronavirus-1-768x426.jpg 768w\" sizes=\"(max-width: 594px) 100vw, 594px\" \/><\/a><\/p>\n<p>O governo do estado da Para\u00edba divulgou neste domingo (03), os dados epidemiol\u00f3gicos do covid-19. Mais tr\u00eas casos do coronav\u00edrus foram confirmados em Tapero\u00e1, o munic\u00edpio j\u00e1 contabiliza cinco casos, sendo que uma crian\u00e7a veio a \u00f3bito.<\/p>\n<p>Confira a rela\u00e7\u00e3o de n\u00fameros de casos no Casos no Cariri paraibano:<\/p>\n<ul>\n<li>Tapero\u00e1 5 casos confirmados<\/li>\n<li>Coxixola 3 casos confirmados<\/li>\n<li>Monteiro 2 casos confirmados<\/li>\n<li>Serra Branca 1 caso confirmado<\/li>\n<li>Congo 1 caso confirmado<\/li>\n<\/ul>\n<p>A Para\u00edba tem 1219 casos confirmados do coronav\u00edrus sendo 79 mortes, com uma taxa de letalidade de 6,5%. Brasil ultrapassa 100 mil casos confirmados de covid-19, o pa\u00eds registra 7.025 mortes em decorr\u00eancia do novo coronav\u00edrus.<\/p>\n<p><strong><em>Not\u00edcias em Destaque<\/em><\/strong><\/p>\n<p>&nbsp;<\/p>\n","protected":false},"excerpt":{"rendered":"<p>O governo do estado da Para\u00edba divulgou neste domingo (03), os dados epidemiol\u00f3gicos do covid-19. Mais tr\u00eas casos do coronav\u00edrus foram confirmados em Tapero\u00e1, o munic\u00edpio j\u00e1 contabiliza cinco casos, sendo que uma crian\u00e7a veio a \u00f3bito. Confira a rela\u00e7\u00e3o de n\u00fameros de casos no Casos no Cariri paraibano: Tapero\u00e1 5 casos confirmados Coxixola 3 casos confirmados Monteiro 2 casos confirmados Serra Branca 1 caso confirmado Congo 1 caso confirmado A Para\u00edba tem 1219 casos confirmados do coronav\u00edrus sendo 79 mortes, com uma taxa de letalidade de 6,5%. Brasil ultrapassa 100 mil casos confirmados de covid-19, o pa\u00eds registra 7.025 mortes em decorr\u00eancia do novo coronav\u00edrus. Not\u00edcias em Destaque &nbsp;<\/p>\n","protected":false},"author":2,"featured_media":23225,"comment_status":"closed","ping_status":"open","sticky":false,"template":"","format":"standard","meta":{"_eb_attr":"","_jetpack_memberships_contains_paid_content":false,"footnotes":""},"categories":[4],"tags":[],"class_list":["post-24645","post","type-post","status-publish","format-standard","has-post-thumbnail","hentry","category-politica"],"yoast_head":"<!-- This site is optimized with the Yoast SEO plugin v26.5 - https:\/\/yoast.com\/wordpress\/plugins\/seo\/ -->\n<title>Confirmados mais tr\u00eas casos do coronav\u00edrus em Tapero\u00e1 - Not&iacute;cias em Destaque<\/title>\n<meta name=\"robots\" content=\"index, follow, max-snippet:-1, max-image-preview:large, max-video-preview:-1\" \/>\n<link rel=\"canonical\" href=\"https:\/\/noticiasemdestaque.com\/cd\/?p=24645\" \/>\n<meta property=\"og:locale\" content=\"pt_BR\" \/>\n<meta property=\"og:type\" content=\"article\" \/>\n<meta property=\"og:title\" content=\"Confirmados mais tr\u00eas casos do coronav\u00edrus em Tapero\u00e1 - Not&iacute;cias em Destaque\" \/>\n<meta property=\"og:description\" content=\"O governo do estado da Para\u00edba divulgou neste domingo (03), os dados epidemiol\u00f3gicos do covid-19. Mais tr\u00eas casos do coronav\u00edrus foram confirmados em Tapero\u00e1, o munic\u00edpio j\u00e1 contabiliza cinco casos, sendo que uma crian\u00e7a veio a \u00f3bito. Confira a rela\u00e7\u00e3o de n\u00fameros de casos no Casos no Cariri paraibano: Tapero\u00e1 5 casos confirmados Coxixola 3 casos confirmados Monteiro 2 casos confirmados Serra Branca 1 caso confirmado Congo 1 caso confirmado A Para\u00edba tem 1219 casos confirmados do coronav\u00edrus sendo 79 mortes, com uma taxa de letalidade de 6,5%. Brasil ultrapassa 100 mil casos confirmados de covid-19, o pa\u00eds registra 7.025 mortes em decorr\u00eancia do novo coronav\u00edrus. Not\u00edcias em Destaque &nbsp;\" \/>\n<meta property=\"og:url\" content=\"https:\/\/noticiasemdestaque.com\/cd\/?p=24645\" \/>\n<meta property=\"og:site_name\" content=\"Not&iacute;cias em Destaque\" \/>\n<meta property=\"article:published_time\" content=\"2020-05-03T23:29:49+00:00\" \/>\n<meta property=\"article:modified_time\" content=\"2020-05-03T23:31:25+00:00\" \/>\n<meta property=\"og:image\" content=\"https:\/\/noticiasemdestaque.com\/cd\/wp-content\/uploads\/2020\/02\/Coronavirus-1.jpg\" \/>\n\t<meta property=\"og:image:width\" content=\"865\" \/>\n\t<meta property=\"og:image:height\" content=\"480\" \/>\n\t<meta property=\"og:image:type\" content=\"image\/jpeg\" \/>\n<meta name=\"author\" content=\"Not\u00edcias em Destaque\" \/>\n<meta name=\"twitter:card\" content=\"summary_large_image\" \/>\n<meta name=\"twitter:label1\" content=\"Escrito por\" \/>\n\t<meta name=\"twitter:data1\" content=\"Not\u00edcias em Destaque\" \/>\n\t<meta name=\"twitter:label2\" content=\"Est. tempo de leitura\" \/>\n\t<meta name=\"twitter:data2\" content=\"1 minuto\" \/>\n<script type=\"application\/ld+json\" class=\"yoast-schema-graph\">{\"@context\":\"https:\/\/schema.org\",\"@graph\":[{\"@type\":\"Article\",\"@id\":\"https:\/\/noticiasemdestaque.com\/cd\/?p=24645#article\",\"isPartOf\":{\"@id\":\"https:\/\/noticiasemdestaque.com\/cd\/?p=24645\"},\"author\":{\"name\":\"Not\u00edcias em Destaque\",\"@id\":\"https:\/\/noticiasemdestaque.com\/cd\/#\/schema\/person\/21320b03a7e8bb90128938dafc9b908a\"},\"headline\":\"Confirmados mais tr\u00eas casos do coronav\u00edrus em Tapero\u00e1\",\"datePublished\":\"2020-05-03T23:29:49+00:00\",\"dateModified\":\"2020-05-03T23:31:25+00:00\",\"mainEntityOfPage\":{\"@id\":\"https:\/\/noticiasemdestaque.com\/cd\/?p=24645\"},\"wordCount\":123,\"publisher\":{\"@id\":\"https:\/\/noticiasemdestaque.com\/cd\/#organization\"},\"image\":{\"@id\":\"https:\/\/noticiasemdestaque.com\/cd\/?p=24645#primaryimage\"},\"thumbnailUrl\":\"https:\/\/noticiasemdestaque.com\/cd\/wp-content\/uploads\/2020\/02\/Coronavirus-1.jpg\",\"articleSection\":[\"Pol\u00edtica\"],\"inLanguage\":\"pt-BR\"},{\"@type\":\"WebPage\",\"@id\":\"https:\/\/noticiasemdestaque.com\/cd\/?p=24645\",\"url\":\"https:\/\/noticiasemdestaque.com\/cd\/?p=24645\",\"name\":\"Confirmados mais tr\u00eas casos do coronav\u00edrus em Tapero\u00e1 - Not&iacute;cias em Destaque\",\"isPartOf\":{\"@id\":\"https:\/\/noticiasemdestaque.com\/cd\/#website\"},\"primaryImageOfPage\":{\"@id\":\"https:\/\/noticiasemdestaque.com\/cd\/?p=24645#primaryimage\"},\"image\":{\"@id\":\"https:\/\/noticiasemdestaque.com\/cd\/?p=24645#primaryimage\"},\"thumbnailUrl\":\"https:\/\/noticiasemdestaque.com\/cd\/wp-content\/uploads\/2020\/02\/Coronavirus-1.jpg\",\"datePublished\":\"2020-05-03T23:29:49+00:00\",\"dateModified\":\"2020-05-03T23:31:25+00:00\",\"breadcrumb\":{\"@id\":\"https:\/\/noticiasemdestaque.com\/cd\/?p=24645#breadcrumb\"},\"inLanguage\":\"pt-BR\",\"potentialAction\":[{\"@type\":\"ReadAction\",\"target\":[\"https:\/\/noticiasemdestaque.com\/cd\/?p=24645\"]}]},{\"@type\":\"ImageObject\",\"inLanguage\":\"pt-BR\",\"@id\":\"https:\/\/noticiasemdestaque.com\/cd\/?p=24645#primaryimage\",\"url\":\"https:\/\/noticiasemdestaque.com\/cd\/wp-content\/uploads\/2020\/02\/Coronavirus-1.jpg\",\"contentUrl\":\"https:\/\/noticiasemdestaque.com\/cd\/wp-content\/uploads\/2020\/02\/Coronavirus-1.jpg\",\"width\":865,\"height\":480},{\"@type\":\"BreadcrumbList\",\"@id\":\"https:\/\/noticiasemdestaque.com\/cd\/?p=24645#breadcrumb\",\"itemListElement\":[{\"@type\":\"ListItem\",\"position\":1,\"name\":\"In\u00edcio\",\"item\":\"https:\/\/noticiasemdestaque.com\/cd\/\"},{\"@type\":\"ListItem\",\"position\":2,\"name\":\"Confirmados mais tr\u00eas casos do coronav\u00edrus em Tapero\u00e1\"}]},{\"@type\":\"WebSite\",\"@id\":\"https:\/\/noticiasemdestaque.com\/cd\/#website\",\"url\":\"https:\/\/noticiasemdestaque.com\/cd\/\",\"name\":\"Not&iacute;cias em Destaque\",\"description\":\"\",\"publisher\":{\"@id\":\"https:\/\/noticiasemdestaque.com\/cd\/#organization\"},\"potentialAction\":[{\"@type\":\"SearchAction\",\"target\":{\"@type\":\"EntryPoint\",\"urlTemplate\":\"https:\/\/noticiasemdestaque.com\/cd\/?s={search_term_string}\"},\"query-input\":{\"@type\":\"PropertyValueSpecification\",\"valueRequired\":true,\"valueName\":\"search_term_string\"}}],\"inLanguage\":\"pt-BR\"},{\"@type\":\"Organization\",\"@id\":\"https:\/\/noticiasemdestaque.com\/cd\/#organization\",\"name\":\"Not\u00edcias em Destaque\",\"url\":\"https:\/\/noticiasemdestaque.com\/cd\/\",\"logo\":{\"@type\":\"ImageObject\",\"inLanguage\":\"pt-BR\",\"@id\":\"https:\/\/noticiasemdestaque.com\/cd\/#\/schema\/logo\/image\/\",\"url\":\"https:\/\/noticiasemdestaque.com\/cd\/wp-content\/uploads\/2022\/05\/imagem-base-noticiasemdestaque.png\",\"contentUrl\":\"https:\/\/noticiasemdestaque.com\/cd\/wp-content\/uploads\/2022\/05\/imagem-base-noticiasemdestaque.png\",\"width\":1200,\"height\":630,\"caption\":\"Not\u00edcias em Destaque\"},\"image\":{\"@id\":\"https:\/\/noticiasemdestaque.com\/cd\/#\/schema\/logo\/image\/\"}},{\"@type\":\"Person\",\"@id\":\"https:\/\/noticiasemdestaque.com\/cd\/#\/schema\/person\/21320b03a7e8bb90128938dafc9b908a\",\"name\":\"Not\u00edcias em Destaque\",\"url\":\"https:\/\/noticiasemdestaque.com\/cd\/?author=2\"}]}<\/script>\n<!-- \/ Yoast SEO plugin. -->","yoast_head_json":{"title":"Confirmados mais tr\u00eas casos do coronav\u00edrus em Tapero\u00e1 - Not&iacute;cias em Destaque","robots":{"index":"index","follow":"follow","max-snippet":"max-snippet:-1","max-image-preview":"max-image-preview:large","max-video-preview":"max-video-preview:-1"},"canonical":"https:\/\/noticiasemdestaque.com\/cd\/?p=24645","og_locale":"pt_BR","og_type":"article","og_title":"Confirmados mais tr\u00eas casos do coronav\u00edrus em Tapero\u00e1 - Not&iacute;cias em Destaque","og_description":"O governo do estado da Para\u00edba divulgou neste domingo (03), os dados epidemiol\u00f3gicos do covid-19. Mais tr\u00eas casos do coronav\u00edrus foram confirmados em Tapero\u00e1, o munic\u00edpio j\u00e1 contabiliza cinco casos, sendo que uma crian\u00e7a veio a \u00f3bito. Confira a rela\u00e7\u00e3o de n\u00fameros de casos no Casos no Cariri paraibano: Tapero\u00e1 5 casos confirmados Coxixola 3 casos confirmados Monteiro 2 casos confirmados Serra Branca 1 caso confirmado Congo 1 caso confirmado A Para\u00edba tem 1219 casos confirmados do coronav\u00edrus sendo 79 mortes, com uma taxa de letalidade de 6,5%. Brasil ultrapassa 100 mil casos confirmados de covid-19, o pa\u00eds registra 7.025 mortes em decorr\u00eancia do novo coronav\u00edrus. Not\u00edcias em Destaque &nbsp;","og_url":"https:\/\/noticiasemdestaque.com\/cd\/?p=24645","og_site_name":"Not&iacute;cias em Destaque","article_published_time":"2020-05-03T23:29:49+00:00","article_modified_time":"2020-05-03T23:31:25+00:00","og_image":[{"width":865,"height":480,"url":"https:\/\/noticiasemdestaque.com\/cd\/wp-content\/uploads\/2020\/02\/Coronavirus-1.jpg","type":"image\/jpeg"}],"author":"Not\u00edcias em Destaque","twitter_card":"summary_large_image","twitter_misc":{"Escrito por":"Not\u00edcias em Destaque","Est. tempo de leitura":"1 minuto"},"schema":{"@context":"https:\/\/schema.org","@graph":[{"@type":"Article","@id":"https:\/\/noticiasemdestaque.com\/cd\/?p=24645#article","isPartOf":{"@id":"https:\/\/noticiasemdestaque.com\/cd\/?p=24645"},"author":{"name":"Not\u00edcias em Destaque","@id":"https:\/\/noticiasemdestaque.com\/cd\/#\/schema\/person\/21320b03a7e8bb90128938dafc9b908a"},"headline":"Confirmados mais tr\u00eas casos do coronav\u00edrus em Tapero\u00e1","datePublished":"2020-05-03T23:29:49+00:00","dateModified":"2020-05-03T23:31:25+00:00","mainEntityOfPage":{"@id":"https:\/\/noticiasemdestaque.com\/cd\/?p=24645"},"wordCount":123,"publisher":{"@id":"https:\/\/noticiasemdestaque.com\/cd\/#organization"},"image":{"@id":"https:\/\/noticiasemdestaque.com\/cd\/?p=24645#primaryimage"},"thumbnailUrl":"https:\/\/noticiasemdestaque.com\/cd\/wp-content\/uploads\/2020\/02\/Coronavirus-1.jpg","articleSection":["Pol\u00edtica"],"inLanguage":"pt-BR"},{"@type":"WebPage","@id":"https:\/\/noticiasemdestaque.com\/cd\/?p=24645","url":"https:\/\/noticiasemdestaque.com\/cd\/?p=24645","name":"Confirmados mais tr\u00eas casos do coronav\u00edrus em Tapero\u00e1 - Not&iacute;cias em Destaque","isPartOf":{"@id":"https:\/\/noticiasemdestaque.com\/cd\/#website"},"primaryImageOfPage":{"@id":"https:\/\/noticiasemdestaque.com\/cd\/?p=24645#primaryimage"},"image":{"@id":"https:\/\/noticiasemdestaque.com\/cd\/?p=24645#primaryimage"},"thumbnailUrl":"https:\/\/noticiasemdestaque.com\/cd\/wp-content\/uploads\/2020\/02\/Coronavirus-1.jpg","datePublished":"2020-05-03T23:29:49+00:00","dateModified":"2020-05-03T23:31:25+00:00","breadcrumb":{"@id":"https:\/\/noticiasemdestaque.com\/cd\/?p=24645#breadcrumb"},"inLanguage":"pt-BR","potentialAction":[{"@type":"ReadAction","target":["https:\/\/noticiasemdestaque.com\/cd\/?p=24645"]}]},{"@type":"ImageObject","inLanguage":"pt-BR","@id":"https:\/\/noticiasemdestaque.com\/cd\/?p=24645#primaryimage","url":"https:\/\/noticiasemdestaque.com\/cd\/wp-content\/uploads\/2020\/02\/Coronavirus-1.jpg","contentUrl":"https:\/\/noticiasemdestaque.com\/cd\/wp-content\/uploads\/2020\/02\/Coronavirus-1.jpg","width":865,"height":480},{"@type":"BreadcrumbList","@id":"https:\/\/noticiasemdestaque.com\/cd\/?p=24645#breadcrumb","itemListElement":[{"@type":"ListItem","position":1,"name":"In\u00edcio","item":"https:\/\/noticiasemdestaque.com\/cd\/"},{"@type":"ListItem","position":2,"name":"Confirmados mais tr\u00eas casos do coronav\u00edrus em Tapero\u00e1"}]},{"@type":"WebSite","@id":"https:\/\/noticiasemdestaque.com\/cd\/#website","url":"https:\/\/noticiasemdestaque.com\/cd\/","name":"Not&iacute;cias em Destaque","description":"","publisher":{"@id":"https:\/\/noticiasemdestaque.com\/cd\/#organization"},"potentialAction":[{"@type":"SearchAction","target":{"@type":"EntryPoint","urlTemplate":"https:\/\/noticiasemdestaque.com\/cd\/?s={search_term_string}"},"query-input":{"@type":"PropertyValueSpecification","valueRequired":true,"valueName":"search_term_string"}}],"inLanguage":"pt-BR"},{"@type":"Organization","@id":"https:\/\/noticiasemdestaque.com\/cd\/#organization","name":"Not\u00edcias em Destaque","url":"https:\/\/noticiasemdestaque.com\/cd\/","logo":{"@type":"ImageObject","inLanguage":"pt-BR","@id":"https:\/\/noticiasemdestaque.com\/cd\/#\/schema\/logo\/image\/","url":"https:\/\/noticiasemdestaque.com\/cd\/wp-content\/uploads\/2022\/05\/imagem-base-noticiasemdestaque.png","contentUrl":"https:\/\/noticiasemdestaque.com\/cd\/wp-content\/uploads\/2022\/05\/imagem-base-noticiasemdestaque.png","width":1200,"height":630,"caption":"Not\u00edcias em Destaque"},"image":{"@id":"https:\/\/noticiasemdestaque.com\/cd\/#\/schema\/logo\/image\/"}},{"@type":"Person","@id":"https:\/\/noticiasemdestaque.com\/cd\/#\/schema\/person\/21320b03a7e8bb90128938dafc9b908a","name":"Not\u00edcias em Destaque","url":"https:\/\/noticiasemdestaque.com\/cd\/?author=2"}]}},"jetpack_featured_media_url":"https:\/\/noticiasemdestaque.com\/cd\/wp-content\/uploads\/2020\/02\/Coronavirus-1.jpg","jetpack_sharing_enabled":true,"_links":{"self":[{"href":"https:\/\/noticiasemdestaque.com\/cd\/index.php?rest_route=\/wp\/v2\/posts\/24645","targetHints":{"allow":["GET"]}}],"collection":[{"href":"https:\/\/noticiasemdestaque.com\/cd\/index.php?rest_route=\/wp\/v2\/posts"}],"about":[{"href":"https:\/\/noticiasemdestaque.com\/cd\/index.php?rest_route=\/wp\/v2\/types\/post"}],"author":[{"embeddable":true,"href":"https:\/\/noticiasemdestaque.com\/cd\/index.php?rest_route=\/wp\/v2\/users\/2"}],"replies":[{"embeddable":true,"href":"https:\/\/noticiasemdestaque.com\/cd\/index.php?rest_route=%2Fwp%2Fv2%2Fcomments&post=24645"}],"version-history":[{"count":3,"href":"https:\/\/noticiasemdestaque.com\/cd\/index.php?rest_route=\/wp\/v2\/posts\/24645\/revisions"}],"predecessor-version":[{"id":24648,"href":"https:\/\/noticiasemdestaque.com\/cd\/index.php?rest_route=\/wp\/v2\/posts\/24645\/revisions\/24648"}],"wp:featuredmedia":[{"embeddable":true,"href":"https:\/\/noticiasemdestaque.com\/cd\/index.php?rest_route=\/wp\/v2\/media\/23225"}],"wp:attachment":[{"href":"https:\/\/noticiasemdestaque.com\/cd\/index.php?rest_route=%2Fwp%2Fv2%2Fmedia&parent=24645"}],"wp:term":[{"taxonomy":"category","embeddable":true,"href":"https:\/\/noticiasemdestaque.com\/cd\/index.php?rest_route=%2Fwp%2Fv2%2Fcategories&post=24645"},{"taxonomy":"post_tag","embeddable":true,"href":"https:\/\/noticiasemdestaque.com\/cd\/index.php?rest_route=%2Fwp%2Fv2%2Ftags&post=24645"}],"curies":[{"name":"wp","href":"https:\/\/api.w.org\/{rel}","templated":true}]}}