{"id":24643,"date":"2020-05-03T19:57:27","date_gmt":"2020-05-03T22:57:27","guid":{"rendered":"http:\/\/noticiasemdestaque.com\/cd\/?p=24643"},"modified":"2020-05-03T19:57:27","modified_gmt":"2020-05-03T22:57:27","slug":"caixa-abre-duas-horas-mais-cedo-a-partir-de-amanha","status":"publish","type":"post","link":"https:\/\/noticiasemdestaque.com\/cd\/?p=24643","title":{"rendered":"Caixa abre duas horas mais cedo a partir de amanh\u00e3"},"content":{"rendered":"<p><a href=\"https:\/\/noticiasemdestaque.com\/cd\/wp-content\/uploads\/2019\/02\/1072439-cefa82t2400.jpg\"><img fetchpriority=\"high\" decoding=\"async\" class=\" wp-image-15635\" src=\"https:\/\/noticiasemdestaque.com\/cd\/wp-content\/uploads\/2019\/02\/1072439-cefa82t2400.jpg\" alt=\"\" width=\"531\" height=\"354\" srcset=\"https:\/\/noticiasemdestaque.com\/cd\/wp-content\/uploads\/2019\/02\/1072439-cefa82t2400.jpg 754w, https:\/\/noticiasemdestaque.com\/cd\/wp-content\/uploads\/2019\/02\/1072439-cefa82t2400-300x200.jpg 300w, https:\/\/noticiasemdestaque.com\/cd\/wp-content\/uploads\/2019\/02\/1072439-cefa82t2400-480x320.jpg 480w\" sizes=\"(max-width: 531px) 100vw, 531px\" \/><\/a><\/p>\n<p>A partir desta segunda-feira (4) a Caixa vai antecipar em duas horas a abertura de todas as\u00a0ag\u00eancias do\u00a0pa\u00eds. Com a mudan\u00e7a &#8211; pensada para agilizar o atendimento e evitar grandes filas e aglomera\u00e7\u00e3o de pessoas aptas a receber o aux\u00edlio emergencial de R$ 600 &#8211; as unidades passar\u00e3o a funcionar de 8h \u00e0s 14h. Desde 22 de abril, 1.102 ag\u00eancias j\u00e1 vinham funcionando nesse hor\u00e1rio.<\/p>\n<p>O banco tamb\u00e9m anunciou, a partir desta segunda-feira, um refor\u00e7o no n\u00famero de vigilantes nas ag\u00eancias. Ser\u00e3o mais 2.800 que v\u00e3o se juntar aos 2 mil que j\u00e1 estavam atuando. Al\u00e9m deles, outras 389 recepcionistas v\u00e3o refor\u00e7ar orienta\u00e7\u00e3o e atendimento ao p\u00fablico.<\/p>\n<p><strong>S\u00e1bado<\/strong><\/p>\n<p>Segundo o presidente da Caixa, Pedro Guimar\u00e3es, as filas nas ag\u00eancias do banco ocorrem porque os benefici\u00e1rios do Bolsa-Fam\u00edlia e os informais sem conta demandam atendimento pessoal. No pr\u00f3ximo s\u00e1bado (9) 1,4 mil ag\u00eancias v\u00e3o abrir para realiza\u00e7\u00e3o do saque do aux\u00edlio emergencial, ser\u00e3o 498 a mais que nesse s\u00e1bado (2), quando 902 atenderam a popula\u00e7\u00e3o.<\/p>\n<p><strong>Segunda parcela<\/strong><\/p>\n<p>Para que se evite filas, o pagamento da segunda parcela do benef\u00edcio, deste m\u00eas,\u00a0<a href=\"https:\/\/agenciabrasil.ebc.com.br\/economia\/noticia\/2020-05\/calendario-da-2a-parcela-do-auxilio-emergencial-sai-na-proxima-semana\"><strong>ser\u00e1 reformulado\u00a0<\/strong><\/a>e divulgado ap\u00f3s uma reuni\u00e3o com o presidente Jair Bolsonaro ainda essa semana. Antes disso uma proposta de datas ser\u00e1 discutida com os ministros da Economia, Paulo Guedes e da Cidadania, Onyx Lorenzoni.<\/p>\n<p><strong>Canais Digitais<\/strong><\/p>\n<p>A prioridade ainda \u00e9 manter o atendimento digital, por meio do cadastramento por app, site e a movimenta\u00e7\u00e3o do benef\u00edcio pelo \u201cCaixa Tem\u201d .A Caixa ressalta a import\u00e2ncia de que s\u00f3 devem ir pessoalmente \u00e0s ag\u00eancias os usu\u00e1rios que precisam realizar servi\u00e7os essenciais ou os benefici\u00e1rios que receberam o aux\u00edlio na Poupan\u00e7a Social Digital e querem receber o benef\u00edcio em dinheiro.<\/p>\n<p>O banco orienta que aqueles que receberam o cr\u00e9dito por meio da \u201cPoupan\u00e7a Digital Caixa\u201d devem pagar boletos e contas de \u00e1gua, luz, telefone, entre outras, bem como fazer transfer\u00eancias para outros bancos por meio do aplicativo.<\/p>\n<p>\u00c9 importante esclarecer que os benefici\u00e1rios do Aux\u00edlio Emergencial que receberam o cr\u00e9dito em poupan\u00e7a da CAIXA podem movimentar o valor digitalmente pelo Internet Banking ou mesmo utilizando o cart\u00e3o de d\u00e9bito em suas compras. Os benefici\u00e1rios do Bolsa Fam\u00edlia aptos para o aux\u00edlio recebem o cr\u00e9dito no mesmo calend\u00e1rio e na mesma forma do benef\u00edcio regular, por meio do cart\u00e3o Bolsa Fam\u00edlia nos canais de autoatendimento, lot\u00e9ricas e correspondentes \u201cCaixa Aqui\u201d; ou por cr\u00e9dito na conta \u201cCaixa F\u00e1cil\u201d.<\/p>\n<p>Para quem busca informa\u00e7\u00f5es sobre o cadastro, os canais s\u00e3o o site auxilio.caixa.gov.br, o app Caixa | Aux\u00edlio Emergencial e a central telef\u00f4nica exclusiva 111.<\/p>\n<p><em><strong>Not\u00edcias em Destaque<\/strong><\/em><\/p>\n<p>Com EBC<\/p>\n","protected":false},"excerpt":{"rendered":"<p>A partir desta segunda-feira (4) a Caixa vai antecipar em duas horas a abertura de todas as\u00a0ag\u00eancias do\u00a0pa\u00eds. Com a mudan\u00e7a &#8211; pensada para agilizar o atendimento e evitar grandes filas e aglomera\u00e7\u00e3o de pessoas aptas a receber o aux\u00edlio emergencial de R$ 600 &#8211; as unidades passar\u00e3o a funcionar de 8h \u00e0s 14h. Desde 22 de abril, 1.102 ag\u00eancias j\u00e1 vinham funcionando nesse hor\u00e1rio. O banco tamb\u00e9m anunciou, a partir desta segunda-feira, um refor\u00e7o no n\u00famero de vigilantes nas ag\u00eancias. Ser\u00e3o mais 2.800 que v\u00e3o se juntar aos 2 mil que j\u00e1 estavam atuando. Al\u00e9m deles, outras 389 recepcionistas v\u00e3o refor\u00e7ar orienta\u00e7\u00e3o e atendimento ao p\u00fablico. S\u00e1bado Segundo o presidente da Caixa, Pedro Guimar\u00e3es, as filas nas ag\u00eancias do banco ocorrem porque os benefici\u00e1rios do Bolsa-Fam\u00edlia e os informais sem conta demandam atendimento pessoal. No pr\u00f3ximo s\u00e1bado (9) 1,4 mil ag\u00eancias v\u00e3o abrir para realiza\u00e7\u00e3o do saque do aux\u00edlio emergencial, ser\u00e3o 498 a mais que nesse s\u00e1bado (2), quando 902 atenderam a popula\u00e7\u00e3o. Segunda parcela Para que se evite filas, o pagamento da segunda parcela do benef\u00edcio, deste m\u00eas,\u00a0ser\u00e1 reformulado\u00a0e divulgado ap\u00f3s uma reuni\u00e3o com o presidente Jair Bolsonaro ainda essa semana. Antes disso uma proposta de datas ser\u00e1 discutida com os ministros da Economia, Paulo Guedes e da Cidadania, Onyx Lorenzoni. Canais Digitais A prioridade ainda \u00e9 manter o atendimento digital, por meio do cadastramento por app, site e a movimenta\u00e7\u00e3o do benef\u00edcio pelo \u201cCaixa Tem\u201d .A Caixa ressalta a import\u00e2ncia de que s\u00f3 devem ir pessoalmente \u00e0s ag\u00eancias os usu\u00e1rios que precisam realizar servi\u00e7os essenciais ou os benefici\u00e1rios que receberam o aux\u00edlio na Poupan\u00e7a Social Digital e querem receber o benef\u00edcio em dinheiro. O banco orienta que aqueles que receberam o cr\u00e9dito por meio da \u201cPoupan\u00e7a Digital Caixa\u201d devem pagar boletos e contas de \u00e1gua, luz, telefone, entre outras, bem como fazer transfer\u00eancias para outros bancos por meio do aplicativo. \u00c9 importante esclarecer que os benefici\u00e1rios do Aux\u00edlio Emergencial que receberam o cr\u00e9dito em poupan\u00e7a da CAIXA podem movimentar o valor digitalmente pelo Internet Banking ou mesmo utilizando o cart\u00e3o de d\u00e9bito em suas compras. Os benefici\u00e1rios do Bolsa Fam\u00edlia aptos para o aux\u00edlio recebem o cr\u00e9dito no mesmo calend\u00e1rio e na mesma forma do benef\u00edcio regular, por meio do cart\u00e3o Bolsa Fam\u00edlia nos canais de autoatendimento, lot\u00e9ricas e correspondentes \u201cCaixa Aqui\u201d; ou por cr\u00e9dito na conta \u201cCaixa F\u00e1cil\u201d. Para quem busca informa\u00e7\u00f5es sobre o cadastro, os canais s\u00e3o o site auxilio.caixa.gov.br, o app Caixa | Aux\u00edlio Emergencial e a central telef\u00f4nica exclusiva 111. Not\u00edcias em Destaque Com EBC<\/p>\n","protected":false},"author":2,"featured_media":4365,"comment_status":"closed","ping_status":"open","sticky":false,"template":"","format":"standard","meta":{"_eb_attr":"","_jetpack_memberships_contains_paid_content":false,"footnotes":""},"categories":[12],"tags":[],"class_list":["post-24643","post","type-post","status-publish","format-standard","has-post-thumbnail","hentry","category-geral"],"yoast_head":"<!-- This site is optimized with the Yoast SEO plugin v26.5 - https:\/\/yoast.com\/wordpress\/plugins\/seo\/ -->\n<title>Caixa abre duas horas mais cedo a partir de amanh\u00e3 - Not&iacute;cias em Destaque<\/title>\n<meta name=\"robots\" content=\"index, follow, max-snippet:-1, max-image-preview:large, max-video-preview:-1\" \/>\n<link rel=\"canonical\" href=\"https:\/\/noticiasemdestaque.com\/cd\/?p=24643\" \/>\n<meta property=\"og:locale\" content=\"pt_BR\" \/>\n<meta property=\"og:type\" content=\"article\" \/>\n<meta property=\"og:title\" content=\"Caixa abre duas horas mais cedo a partir de amanh\u00e3 - Not&iacute;cias em Destaque\" \/>\n<meta property=\"og:description\" content=\"A partir desta segunda-feira (4) a Caixa vai antecipar em duas horas a abertura de todas as\u00a0ag\u00eancias do\u00a0pa\u00eds. Com a mudan\u00e7a &#8211; pensada para agilizar o atendimento e evitar grandes filas e aglomera\u00e7\u00e3o de pessoas aptas a receber o aux\u00edlio emergencial de R$ 600 &#8211; as unidades passar\u00e3o a funcionar de 8h \u00e0s 14h. Desde 22 de abril, 1.102 ag\u00eancias j\u00e1 vinham funcionando nesse hor\u00e1rio. O banco tamb\u00e9m anunciou, a partir desta segunda-feira, um refor\u00e7o no n\u00famero de vigilantes nas ag\u00eancias. Ser\u00e3o mais 2.800 que v\u00e3o se juntar aos 2 mil que j\u00e1 estavam atuando. Al\u00e9m deles, outras 389 recepcionistas v\u00e3o refor\u00e7ar orienta\u00e7\u00e3o e atendimento ao p\u00fablico. S\u00e1bado Segundo o presidente da Caixa, Pedro Guimar\u00e3es, as filas nas ag\u00eancias do banco ocorrem porque os benefici\u00e1rios do Bolsa-Fam\u00edlia e os informais sem conta demandam atendimento pessoal. No pr\u00f3ximo s\u00e1bado (9) 1,4 mil ag\u00eancias v\u00e3o abrir para realiza\u00e7\u00e3o do saque do aux\u00edlio emergencial, ser\u00e3o 498 a mais que nesse s\u00e1bado (2), quando 902 atenderam a popula\u00e7\u00e3o. Segunda parcela Para que se evite filas, o pagamento da segunda parcela do benef\u00edcio, deste m\u00eas,\u00a0ser\u00e1 reformulado\u00a0e divulgado ap\u00f3s uma reuni\u00e3o com o presidente Jair Bolsonaro ainda essa semana. Antes disso uma proposta de datas ser\u00e1 discutida com os ministros da Economia, Paulo Guedes e da Cidadania, Onyx Lorenzoni. Canais Digitais A prioridade ainda \u00e9 manter o atendimento digital, por meio do cadastramento por app, site e a movimenta\u00e7\u00e3o do benef\u00edcio pelo \u201cCaixa Tem\u201d .A Caixa ressalta a import\u00e2ncia de que s\u00f3 devem ir pessoalmente \u00e0s ag\u00eancias os usu\u00e1rios que precisam realizar servi\u00e7os essenciais ou os benefici\u00e1rios que receberam o aux\u00edlio na Poupan\u00e7a Social Digital e querem receber o benef\u00edcio em dinheiro. O banco orienta que aqueles que receberam o cr\u00e9dito por meio da \u201cPoupan\u00e7a Digital Caixa\u201d devem pagar boletos e contas de \u00e1gua, luz, telefone, entre outras, bem como fazer transfer\u00eancias para outros bancos por meio do aplicativo. \u00c9 importante esclarecer que os benefici\u00e1rios do Aux\u00edlio Emergencial que receberam o cr\u00e9dito em poupan\u00e7a da CAIXA podem movimentar o valor digitalmente pelo Internet Banking ou mesmo utilizando o cart\u00e3o de d\u00e9bito em suas compras. Os benefici\u00e1rios do Bolsa Fam\u00edlia aptos para o aux\u00edlio recebem o cr\u00e9dito no mesmo calend\u00e1rio e na mesma forma do benef\u00edcio regular, por meio do cart\u00e3o Bolsa Fam\u00edlia nos canais de autoatendimento, lot\u00e9ricas e correspondentes \u201cCaixa Aqui\u201d; ou por cr\u00e9dito na conta \u201cCaixa F\u00e1cil\u201d. Para quem busca informa\u00e7\u00f5es sobre o cadastro, os canais s\u00e3o o site auxilio.caixa.gov.br, o app Caixa | Aux\u00edlio Emergencial e a central telef\u00f4nica exclusiva 111. Not\u00edcias em Destaque Com EBC\" \/>\n<meta property=\"og:url\" content=\"https:\/\/noticiasemdestaque.com\/cd\/?p=24643\" \/>\n<meta property=\"og:site_name\" content=\"Not&iacute;cias em Destaque\" \/>\n<meta property=\"article:published_time\" content=\"2020-05-03T22:57:27+00:00\" \/>\n<meta property=\"og:image\" content=\"https:\/\/noticiasemdestaque.com\/cd\/wp-content\/uploads\/2017\/09\/csm_Caixa_Caixa_000-850x567_37edfdfdc7.jpg\" \/>\n\t<meta property=\"og:image:width\" content=\"620\" \/>\n\t<meta property=\"og:image:height\" content=\"414\" \/>\n\t<meta property=\"og:image:type\" content=\"image\/jpeg\" \/>\n<meta name=\"author\" content=\"Not\u00edcias em Destaque\" \/>\n<meta name=\"twitter:card\" content=\"summary_large_image\" \/>\n<meta name=\"twitter:label1\" content=\"Escrito por\" \/>\n\t<meta name=\"twitter:data1\" content=\"Not\u00edcias em Destaque\" \/>\n\t<meta name=\"twitter:label2\" content=\"Est. tempo de leitura\" \/>\n\t<meta name=\"twitter:data2\" content=\"2 minutos\" \/>\n<script type=\"application\/ld+json\" class=\"yoast-schema-graph\">{\"@context\":\"https:\/\/schema.org\",\"@graph\":[{\"@type\":\"Article\",\"@id\":\"https:\/\/noticiasemdestaque.com\/cd\/?p=24643#article\",\"isPartOf\":{\"@id\":\"https:\/\/noticiasemdestaque.com\/cd\/?p=24643\"},\"author\":{\"name\":\"Not\u00edcias em Destaque\",\"@id\":\"https:\/\/noticiasemdestaque.com\/cd\/#\/schema\/person\/21320b03a7e8bb90128938dafc9b908a\"},\"headline\":\"Caixa abre duas horas mais cedo a partir de amanh\u00e3\",\"datePublished\":\"2020-05-03T22:57:27+00:00\",\"mainEntityOfPage\":{\"@id\":\"https:\/\/noticiasemdestaque.com\/cd\/?p=24643\"},\"wordCount\":495,\"publisher\":{\"@id\":\"https:\/\/noticiasemdestaque.com\/cd\/#organization\"},\"image\":{\"@id\":\"https:\/\/noticiasemdestaque.com\/cd\/?p=24643#primaryimage\"},\"thumbnailUrl\":\"https:\/\/noticiasemdestaque.com\/cd\/wp-content\/uploads\/2017\/09\/csm_Caixa_Caixa_000-850x567_37edfdfdc7.jpg\",\"articleSection\":[\"Geral\"],\"inLanguage\":\"pt-BR\"},{\"@type\":\"WebPage\",\"@id\":\"https:\/\/noticiasemdestaque.com\/cd\/?p=24643\",\"url\":\"https:\/\/noticiasemdestaque.com\/cd\/?p=24643\",\"name\":\"Caixa abre duas horas mais cedo a partir de amanh\u00e3 - Not&iacute;cias em Destaque\",\"isPartOf\":{\"@id\":\"https:\/\/noticiasemdestaque.com\/cd\/#website\"},\"primaryImageOfPage\":{\"@id\":\"https:\/\/noticiasemdestaque.com\/cd\/?p=24643#primaryimage\"},\"image\":{\"@id\":\"https:\/\/noticiasemdestaque.com\/cd\/?p=24643#primaryimage\"},\"thumbnailUrl\":\"https:\/\/noticiasemdestaque.com\/cd\/wp-content\/uploads\/2017\/09\/csm_Caixa_Caixa_000-850x567_37edfdfdc7.jpg\",\"datePublished\":\"2020-05-03T22:57:27+00:00\",\"breadcrumb\":{\"@id\":\"https:\/\/noticiasemdestaque.com\/cd\/?p=24643#breadcrumb\"},\"inLanguage\":\"pt-BR\",\"potentialAction\":[{\"@type\":\"ReadAction\",\"target\":[\"https:\/\/noticiasemdestaque.com\/cd\/?p=24643\"]}]},{\"@type\":\"ImageObject\",\"inLanguage\":\"pt-BR\",\"@id\":\"https:\/\/noticiasemdestaque.com\/cd\/?p=24643#primaryimage\",\"url\":\"https:\/\/noticiasemdestaque.com\/cd\/wp-content\/uploads\/2017\/09\/csm_Caixa_Caixa_000-850x567_37edfdfdc7.jpg\",\"contentUrl\":\"https:\/\/noticiasemdestaque.com\/cd\/wp-content\/uploads\/2017\/09\/csm_Caixa_Caixa_000-850x567_37edfdfdc7.jpg\",\"width\":620,\"height\":414},{\"@type\":\"BreadcrumbList\",\"@id\":\"https:\/\/noticiasemdestaque.com\/cd\/?p=24643#breadcrumb\",\"itemListElement\":[{\"@type\":\"ListItem\",\"position\":1,\"name\":\"In\u00edcio\",\"item\":\"https:\/\/noticiasemdestaque.com\/cd\/\"},{\"@type\":\"ListItem\",\"position\":2,\"name\":\"Caixa abre duas horas mais cedo a partir de amanh\u00e3\"}]},{\"@type\":\"WebSite\",\"@id\":\"https:\/\/noticiasemdestaque.com\/cd\/#website\",\"url\":\"https:\/\/noticiasemdestaque.com\/cd\/\",\"name\":\"Not&iacute;cias em Destaque\",\"description\":\"\",\"publisher\":{\"@id\":\"https:\/\/noticiasemdestaque.com\/cd\/#organization\"},\"potentialAction\":[{\"@type\":\"SearchAction\",\"target\":{\"@type\":\"EntryPoint\",\"urlTemplate\":\"https:\/\/noticiasemdestaque.com\/cd\/?s={search_term_string}\"},\"query-input\":{\"@type\":\"PropertyValueSpecification\",\"valueRequired\":true,\"valueName\":\"search_term_string\"}}],\"inLanguage\":\"pt-BR\"},{\"@type\":\"Organization\",\"@id\":\"https:\/\/noticiasemdestaque.com\/cd\/#organization\",\"name\":\"Not\u00edcias em Destaque\",\"url\":\"https:\/\/noticiasemdestaque.com\/cd\/\",\"logo\":{\"@type\":\"ImageObject\",\"inLanguage\":\"pt-BR\",\"@id\":\"https:\/\/noticiasemdestaque.com\/cd\/#\/schema\/logo\/image\/\",\"url\":\"https:\/\/noticiasemdestaque.com\/cd\/wp-content\/uploads\/2022\/05\/imagem-base-noticiasemdestaque.png\",\"contentUrl\":\"https:\/\/noticiasemdestaque.com\/cd\/wp-content\/uploads\/2022\/05\/imagem-base-noticiasemdestaque.png\",\"width\":1200,\"height\":630,\"caption\":\"Not\u00edcias em Destaque\"},\"image\":{\"@id\":\"https:\/\/noticiasemdestaque.com\/cd\/#\/schema\/logo\/image\/\"}},{\"@type\":\"Person\",\"@id\":\"https:\/\/noticiasemdestaque.com\/cd\/#\/schema\/person\/21320b03a7e8bb90128938dafc9b908a\",\"name\":\"Not\u00edcias em Destaque\",\"url\":\"https:\/\/noticiasemdestaque.com\/cd\/?author=2\"}]}<\/script>\n<!-- \/ Yoast SEO plugin. -->","yoast_head_json":{"title":"Caixa abre duas horas mais cedo a partir de amanh\u00e3 - Not&iacute;cias em Destaque","robots":{"index":"index","follow":"follow","max-snippet":"max-snippet:-1","max-image-preview":"max-image-preview:large","max-video-preview":"max-video-preview:-1"},"canonical":"https:\/\/noticiasemdestaque.com\/cd\/?p=24643","og_locale":"pt_BR","og_type":"article","og_title":"Caixa abre duas horas mais cedo a partir de amanh\u00e3 - Not&iacute;cias em Destaque","og_description":"A partir desta segunda-feira (4) a Caixa vai antecipar em duas horas a abertura de todas as\u00a0ag\u00eancias do\u00a0pa\u00eds. Com a mudan\u00e7a &#8211; pensada para agilizar o atendimento e evitar grandes filas e aglomera\u00e7\u00e3o de pessoas aptas a receber o aux\u00edlio emergencial de R$ 600 &#8211; as unidades passar\u00e3o a funcionar de 8h \u00e0s 14h. Desde 22 de abril, 1.102 ag\u00eancias j\u00e1 vinham funcionando nesse hor\u00e1rio. O banco tamb\u00e9m anunciou, a partir desta segunda-feira, um refor\u00e7o no n\u00famero de vigilantes nas ag\u00eancias. Ser\u00e3o mais 2.800 que v\u00e3o se juntar aos 2 mil que j\u00e1 estavam atuando. Al\u00e9m deles, outras 389 recepcionistas v\u00e3o refor\u00e7ar orienta\u00e7\u00e3o e atendimento ao p\u00fablico. S\u00e1bado Segundo o presidente da Caixa, Pedro Guimar\u00e3es, as filas nas ag\u00eancias do banco ocorrem porque os benefici\u00e1rios do Bolsa-Fam\u00edlia e os informais sem conta demandam atendimento pessoal. No pr\u00f3ximo s\u00e1bado (9) 1,4 mil ag\u00eancias v\u00e3o abrir para realiza\u00e7\u00e3o do saque do aux\u00edlio emergencial, ser\u00e3o 498 a mais que nesse s\u00e1bado (2), quando 902 atenderam a popula\u00e7\u00e3o. Segunda parcela Para que se evite filas, o pagamento da segunda parcela do benef\u00edcio, deste m\u00eas,\u00a0ser\u00e1 reformulado\u00a0e divulgado ap\u00f3s uma reuni\u00e3o com o presidente Jair Bolsonaro ainda essa semana. Antes disso uma proposta de datas ser\u00e1 discutida com os ministros da Economia, Paulo Guedes e da Cidadania, Onyx Lorenzoni. Canais Digitais A prioridade ainda \u00e9 manter o atendimento digital, por meio do cadastramento por app, site e a movimenta\u00e7\u00e3o do benef\u00edcio pelo \u201cCaixa Tem\u201d .A Caixa ressalta a import\u00e2ncia de que s\u00f3 devem ir pessoalmente \u00e0s ag\u00eancias os usu\u00e1rios que precisam realizar servi\u00e7os essenciais ou os benefici\u00e1rios que receberam o aux\u00edlio na Poupan\u00e7a Social Digital e querem receber o benef\u00edcio em dinheiro. O banco orienta que aqueles que receberam o cr\u00e9dito por meio da \u201cPoupan\u00e7a Digital Caixa\u201d devem pagar boletos e contas de \u00e1gua, luz, telefone, entre outras, bem como fazer transfer\u00eancias para outros bancos por meio do aplicativo. \u00c9 importante esclarecer que os benefici\u00e1rios do Aux\u00edlio Emergencial que receberam o cr\u00e9dito em poupan\u00e7a da CAIXA podem movimentar o valor digitalmente pelo Internet Banking ou mesmo utilizando o cart\u00e3o de d\u00e9bito em suas compras. Os benefici\u00e1rios do Bolsa Fam\u00edlia aptos para o aux\u00edlio recebem o cr\u00e9dito no mesmo calend\u00e1rio e na mesma forma do benef\u00edcio regular, por meio do cart\u00e3o Bolsa Fam\u00edlia nos canais de autoatendimento, lot\u00e9ricas e correspondentes \u201cCaixa Aqui\u201d; ou por cr\u00e9dito na conta \u201cCaixa F\u00e1cil\u201d. Para quem busca informa\u00e7\u00f5es sobre o cadastro, os canais s\u00e3o o site auxilio.caixa.gov.br, o app Caixa | Aux\u00edlio Emergencial e a central telef\u00f4nica exclusiva 111. Not\u00edcias em Destaque Com EBC","og_url":"https:\/\/noticiasemdestaque.com\/cd\/?p=24643","og_site_name":"Not&iacute;cias em Destaque","article_published_time":"2020-05-03T22:57:27+00:00","og_image":[{"width":620,"height":414,"url":"https:\/\/noticiasemdestaque.com\/cd\/wp-content\/uploads\/2017\/09\/csm_Caixa_Caixa_000-850x567_37edfdfdc7.jpg","type":"image\/jpeg"}],"author":"Not\u00edcias em Destaque","twitter_card":"summary_large_image","twitter_misc":{"Escrito por":"Not\u00edcias em Destaque","Est. tempo de leitura":"2 minutos"},"schema":{"@context":"https:\/\/schema.org","@graph":[{"@type":"Article","@id":"https:\/\/noticiasemdestaque.com\/cd\/?p=24643#article","isPartOf":{"@id":"https:\/\/noticiasemdestaque.com\/cd\/?p=24643"},"author":{"name":"Not\u00edcias em Destaque","@id":"https:\/\/noticiasemdestaque.com\/cd\/#\/schema\/person\/21320b03a7e8bb90128938dafc9b908a"},"headline":"Caixa abre duas horas mais cedo a partir de amanh\u00e3","datePublished":"2020-05-03T22:57:27+00:00","mainEntityOfPage":{"@id":"https:\/\/noticiasemdestaque.com\/cd\/?p=24643"},"wordCount":495,"publisher":{"@id":"https:\/\/noticiasemdestaque.com\/cd\/#organization"},"image":{"@id":"https:\/\/noticiasemdestaque.com\/cd\/?p=24643#primaryimage"},"thumbnailUrl":"https:\/\/noticiasemdestaque.com\/cd\/wp-content\/uploads\/2017\/09\/csm_Caixa_Caixa_000-850x567_37edfdfdc7.jpg","articleSection":["Geral"],"inLanguage":"pt-BR"},{"@type":"WebPage","@id":"https:\/\/noticiasemdestaque.com\/cd\/?p=24643","url":"https:\/\/noticiasemdestaque.com\/cd\/?p=24643","name":"Caixa abre duas horas mais cedo a partir de amanh\u00e3 - Not&iacute;cias em Destaque","isPartOf":{"@id":"https:\/\/noticiasemdestaque.com\/cd\/#website"},"primaryImageOfPage":{"@id":"https:\/\/noticiasemdestaque.com\/cd\/?p=24643#primaryimage"},"image":{"@id":"https:\/\/noticiasemdestaque.com\/cd\/?p=24643#primaryimage"},"thumbnailUrl":"https:\/\/noticiasemdestaque.com\/cd\/wp-content\/uploads\/2017\/09\/csm_Caixa_Caixa_000-850x567_37edfdfdc7.jpg","datePublished":"2020-05-03T22:57:27+00:00","breadcrumb":{"@id":"https:\/\/noticiasemdestaque.com\/cd\/?p=24643#breadcrumb"},"inLanguage":"pt-BR","potentialAction":[{"@type":"ReadAction","target":["https:\/\/noticiasemdestaque.com\/cd\/?p=24643"]}]},{"@type":"ImageObject","inLanguage":"pt-BR","@id":"https:\/\/noticiasemdestaque.com\/cd\/?p=24643#primaryimage","url":"https:\/\/noticiasemdestaque.com\/cd\/wp-content\/uploads\/2017\/09\/csm_Caixa_Caixa_000-850x567_37edfdfdc7.jpg","contentUrl":"https:\/\/noticiasemdestaque.com\/cd\/wp-content\/uploads\/2017\/09\/csm_Caixa_Caixa_000-850x567_37edfdfdc7.jpg","width":620,"height":414},{"@type":"BreadcrumbList","@id":"https:\/\/noticiasemdestaque.com\/cd\/?p=24643#breadcrumb","itemListElement":[{"@type":"ListItem","position":1,"name":"In\u00edcio","item":"https:\/\/noticiasemdestaque.com\/cd\/"},{"@type":"ListItem","position":2,"name":"Caixa abre duas horas mais cedo a partir de amanh\u00e3"}]},{"@type":"WebSite","@id":"https:\/\/noticiasemdestaque.com\/cd\/#website","url":"https:\/\/noticiasemdestaque.com\/cd\/","name":"Not&iacute;cias em Destaque","description":"","publisher":{"@id":"https:\/\/noticiasemdestaque.com\/cd\/#organization"},"potentialAction":[{"@type":"SearchAction","target":{"@type":"EntryPoint","urlTemplate":"https:\/\/noticiasemdestaque.com\/cd\/?s={search_term_string}"},"query-input":{"@type":"PropertyValueSpecification","valueRequired":true,"valueName":"search_term_string"}}],"inLanguage":"pt-BR"},{"@type":"Organization","@id":"https:\/\/noticiasemdestaque.com\/cd\/#organization","name":"Not\u00edcias em Destaque","url":"https:\/\/noticiasemdestaque.com\/cd\/","logo":{"@type":"ImageObject","inLanguage":"pt-BR","@id":"https:\/\/noticiasemdestaque.com\/cd\/#\/schema\/logo\/image\/","url":"https:\/\/noticiasemdestaque.com\/cd\/wp-content\/uploads\/2022\/05\/imagem-base-noticiasemdestaque.png","contentUrl":"https:\/\/noticiasemdestaque.com\/cd\/wp-content\/uploads\/2022\/05\/imagem-base-noticiasemdestaque.png","width":1200,"height":630,"caption":"Not\u00edcias em Destaque"},"image":{"@id":"https:\/\/noticiasemdestaque.com\/cd\/#\/schema\/logo\/image\/"}},{"@type":"Person","@id":"https:\/\/noticiasemdestaque.com\/cd\/#\/schema\/person\/21320b03a7e8bb90128938dafc9b908a","name":"Not\u00edcias em Destaque","url":"https:\/\/noticiasemdestaque.com\/cd\/?author=2"}]}},"jetpack_featured_media_url":"https:\/\/noticiasemdestaque.com\/cd\/wp-content\/uploads\/2017\/09\/csm_Caixa_Caixa_000-850x567_37edfdfdc7.jpg","jetpack_sharing_enabled":true,"_links":{"self":[{"href":"https:\/\/noticiasemdestaque.com\/cd\/index.php?rest_route=\/wp\/v2\/posts\/24643","targetHints":{"allow":["GET"]}}],"collection":[{"href":"https:\/\/noticiasemdestaque.com\/cd\/index.php?rest_route=\/wp\/v2\/posts"}],"about":[{"href":"https:\/\/noticiasemdestaque.com\/cd\/index.php?rest_route=\/wp\/v2\/types\/post"}],"author":[{"embeddable":true,"href":"https:\/\/noticiasemdestaque.com\/cd\/index.php?rest_route=\/wp\/v2\/users\/2"}],"replies":[{"embeddable":true,"href":"https:\/\/noticiasemdestaque.com\/cd\/index.php?rest_route=%2Fwp%2Fv2%2Fcomments&post=24643"}],"version-history":[{"count":1,"href":"https:\/\/noticiasemdestaque.com\/cd\/index.php?rest_route=\/wp\/v2\/posts\/24643\/revisions"}],"predecessor-version":[{"id":24644,"href":"https:\/\/noticiasemdestaque.com\/cd\/index.php?rest_route=\/wp\/v2\/posts\/24643\/revisions\/24644"}],"wp:featuredmedia":[{"embeddable":true,"href":"https:\/\/noticiasemdestaque.com\/cd\/index.php?rest_route=\/wp\/v2\/media\/4365"}],"wp:attachment":[{"href":"https:\/\/noticiasemdestaque.com\/cd\/index.php?rest_route=%2Fwp%2Fv2%2Fmedia&parent=24643"}],"wp:term":[{"taxonomy":"category","embeddable":true,"href":"https:\/\/noticiasemdestaque.com\/cd\/index.php?rest_route=%2Fwp%2Fv2%2Fcategories&post=24643"},{"taxonomy":"post_tag","embeddable":true,"href":"https:\/\/noticiasemdestaque.com\/cd\/index.php?rest_route=%2Fwp%2Fv2%2Ftags&post=24643"}],"curies":[{"name":"wp","href":"https:\/\/api.w.org\/{rel}","templated":true}]}}