{"id":24627,"date":"2020-05-03T18:43:26","date_gmt":"2020-05-03T21:43:26","guid":{"rendered":"http:\/\/noticiasemdestaque.com\/cd\/?p=24627"},"modified":"2020-05-03T18:43:26","modified_gmt":"2020-05-03T21:43:26","slug":"secretaria-de-saude-de-coxixola-confirma-terceiro-caso-de-covid-19-no-municipio","status":"publish","type":"post","link":"https:\/\/noticiasemdestaque.com\/cd\/?p=24627","title":{"rendered":"Secretaria de Sa\u00fade de Coxixola confirma terceiro caso de Covid-19 no munic\u00edpio"},"content":{"rendered":"<p><a href=\"https:\/\/noticiasemdestaque.com\/cd\/wp-content\/uploads\/2019\/12\/coxixola_2018.jpg\"><img fetchpriority=\"high\" decoding=\"async\" class=\"size-full wp-image-21249 aligncenter\" src=\"https:\/\/noticiasemdestaque.com\/cd\/wp-content\/uploads\/2019\/12\/coxixola_2018.jpg\" alt=\"\" width=\"500\" height=\"375\" srcset=\"https:\/\/noticiasemdestaque.com\/cd\/wp-content\/uploads\/2019\/12\/coxixola_2018.jpg 500w, https:\/\/noticiasemdestaque.com\/cd\/wp-content\/uploads\/2019\/12\/coxixola_2018-300x225.jpg 300w\" sizes=\"(max-width: 500px) 100vw, 500px\" \/><\/a><\/p>\n<p>A prefeitura de Coxixola atrav\u00e9s da Secretaria Municipal de Sa\u00fade divulgou na tarde deste s\u00e1bado, 02 de maio, o mais novo boletim epidemiol\u00f3gico com dados atualizados da Covid-19 no munic\u00edpio.<\/p>\n<p>O mais novo caso, trata-se do genro do idoso de 90 anos, natural da zona rural de Coxixola, que recentemente testou positivo para a doen\u00e7a e segue em isolamento, agora no Hospital Pedro I em Campina Grande.<\/p>\n<p>A Secretaria de Sa\u00fade de Coxixola realizou testes r\u00e1pidos na filha que testou negativo para o v\u00edrus, mas j\u00e1 o genro acabou testando positivo para o covid-19. Agora o munic\u00edpio de Coxixola soma tr\u00eas casos confirmados do novo v\u00edrus, sendo todos de uma mesma fam\u00edlia.<\/p>\n<p>O filho que dias atr\u00e1s testou positivo para o coronav\u00edrus, encontra-se em isolamento domiciliar at\u00e9 que esteja completamente livre do v\u00edrus.<\/p>\n<p>A Secretaria Municipal de Sa\u00fade de Coxixola vem tomando todas as medidas preventivas para que uma transmiss\u00e3o comunit\u00e1ria n\u00e3o resulte na contamina\u00e7\u00e3o de mais pessoas no munic\u00edpio de Coxixola.<\/p>\n<p>A prefeitura de Coxixola vem realizando v\u00e1rias a\u00e7\u00f5es de combate e preven\u00e7\u00e3o ao Covid-19, realizando a\u00e7\u00f5es de desinfec\u00e7\u00e3o nas ruas da cidade, distribui\u00e7\u00e3o de m\u00e1scaras, instala\u00e7\u00e3o de lavat\u00f3rios em pontos estrat\u00e9gicos da cidade, al\u00e9m de campanhas de conscientiza\u00e7\u00e3o sobre a doen\u00e7a.<\/p>\n<p><em><strong>Not\u00edcias em Destaque<\/strong><\/em><\/p>\n<p>Com De Olho no Cariri<\/p>\n","protected":false},"excerpt":{"rendered":"<p>A prefeitura de Coxixola atrav\u00e9s da Secretaria Municipal de Sa\u00fade divulgou na tarde deste s\u00e1bado, 02 de maio, o mais novo boletim epidemiol\u00f3gico com dados atualizados da Covid-19 no munic\u00edpio. O mais novo caso, trata-se do genro do idoso de 90 anos, natural da zona rural de Coxixola, que recentemente testou positivo para a doen\u00e7a e segue em isolamento, agora no Hospital Pedro I em Campina Grande. A Secretaria de Sa\u00fade de Coxixola realizou testes r\u00e1pidos na filha que testou negativo para o v\u00edrus, mas j\u00e1 o genro acabou testando positivo para o covid-19. Agora o munic\u00edpio de Coxixola soma tr\u00eas casos confirmados do novo v\u00edrus, sendo todos de uma mesma fam\u00edlia. O filho que dias atr\u00e1s testou positivo para o coronav\u00edrus, encontra-se em isolamento domiciliar at\u00e9 que esteja completamente livre do v\u00edrus. A Secretaria Municipal de Sa\u00fade de Coxixola vem tomando todas as medidas preventivas para que uma transmiss\u00e3o comunit\u00e1ria n\u00e3o resulte na contamina\u00e7\u00e3o de mais pessoas no munic\u00edpio de Coxixola. A prefeitura de Coxixola vem realizando v\u00e1rias a\u00e7\u00f5es de combate e preven\u00e7\u00e3o ao Covid-19, realizando a\u00e7\u00f5es de desinfec\u00e7\u00e3o nas ruas da cidade, distribui\u00e7\u00e3o de m\u00e1scaras, instala\u00e7\u00e3o de lavat\u00f3rios em pontos estrat\u00e9gicos da cidade, al\u00e9m de campanhas de conscientiza\u00e7\u00e3o sobre a doen\u00e7a. Not\u00edcias em Destaque Com De Olho no Cariri<\/p>\n","protected":false},"author":2,"featured_media":21249,"comment_status":"closed","ping_status":"open","sticky":false,"template":"","format":"standard","meta":{"_eb_attr":"","_jetpack_memberships_contains_paid_content":false,"footnotes":""},"categories":[3],"tags":[],"class_list":["post-24627","post","type-post","status-publish","format-standard","has-post-thumbnail","hentry","category-cidades"],"yoast_head":"<!-- This site is optimized with the Yoast SEO plugin v26.5 - https:\/\/yoast.com\/wordpress\/plugins\/seo\/ -->\n<title>Secretaria de Sa\u00fade de Coxixola confirma terceiro caso de Covid-19 no munic\u00edpio - Not&iacute;cias em Destaque<\/title>\n<meta name=\"robots\" content=\"index, follow, max-snippet:-1, max-image-preview:large, max-video-preview:-1\" \/>\n<link rel=\"canonical\" href=\"https:\/\/noticiasemdestaque.com\/cd\/?p=24627\" \/>\n<meta property=\"og:locale\" content=\"pt_BR\" \/>\n<meta property=\"og:type\" content=\"article\" \/>\n<meta property=\"og:title\" content=\"Secretaria de Sa\u00fade de Coxixola confirma terceiro caso de Covid-19 no munic\u00edpio - Not&iacute;cias em Destaque\" \/>\n<meta property=\"og:description\" content=\"A prefeitura de Coxixola atrav\u00e9s da Secretaria Municipal de Sa\u00fade divulgou na tarde deste s\u00e1bado, 02 de maio, o mais novo boletim epidemiol\u00f3gico com dados atualizados da Covid-19 no munic\u00edpio. O mais novo caso, trata-se do genro do idoso de 90 anos, natural da zona rural de Coxixola, que recentemente testou positivo para a doen\u00e7a e segue em isolamento, agora no Hospital Pedro I em Campina Grande. A Secretaria de Sa\u00fade de Coxixola realizou testes r\u00e1pidos na filha que testou negativo para o v\u00edrus, mas j\u00e1 o genro acabou testando positivo para o covid-19. Agora o munic\u00edpio de Coxixola soma tr\u00eas casos confirmados do novo v\u00edrus, sendo todos de uma mesma fam\u00edlia. O filho que dias atr\u00e1s testou positivo para o coronav\u00edrus, encontra-se em isolamento domiciliar at\u00e9 que esteja completamente livre do v\u00edrus. A Secretaria Municipal de Sa\u00fade de Coxixola vem tomando todas as medidas preventivas para que uma transmiss\u00e3o comunit\u00e1ria n\u00e3o resulte na contamina\u00e7\u00e3o de mais pessoas no munic\u00edpio de Coxixola. A prefeitura de Coxixola vem realizando v\u00e1rias a\u00e7\u00f5es de combate e preven\u00e7\u00e3o ao Covid-19, realizando a\u00e7\u00f5es de desinfec\u00e7\u00e3o nas ruas da cidade, distribui\u00e7\u00e3o de m\u00e1scaras, instala\u00e7\u00e3o de lavat\u00f3rios em pontos estrat\u00e9gicos da cidade, al\u00e9m de campanhas de conscientiza\u00e7\u00e3o sobre a doen\u00e7a. Not\u00edcias em Destaque Com De Olho no Cariri\" \/>\n<meta property=\"og:url\" content=\"https:\/\/noticiasemdestaque.com\/cd\/?p=24627\" \/>\n<meta property=\"og:site_name\" content=\"Not&iacute;cias em Destaque\" \/>\n<meta property=\"article:published_time\" content=\"2020-05-03T21:43:26+00:00\" \/>\n<meta property=\"og:image\" content=\"https:\/\/noticiasemdestaque.com\/cd\/wp-content\/uploads\/2019\/12\/coxixola_2018.jpg\" \/>\n\t<meta property=\"og:image:width\" content=\"500\" \/>\n\t<meta property=\"og:image:height\" content=\"375\" \/>\n\t<meta property=\"og:image:type\" content=\"image\/jpeg\" \/>\n<meta name=\"author\" content=\"Not\u00edcias em Destaque\" \/>\n<meta name=\"twitter:card\" content=\"summary_large_image\" \/>\n<meta name=\"twitter:label1\" content=\"Escrito por\" \/>\n\t<meta name=\"twitter:data1\" content=\"Not\u00edcias em Destaque\" \/>\n\t<meta name=\"twitter:label2\" content=\"Est. tempo de leitura\" \/>\n\t<meta name=\"twitter:data2\" content=\"1 minuto\" \/>\n<script type=\"application\/ld+json\" class=\"yoast-schema-graph\">{\"@context\":\"https:\/\/schema.org\",\"@graph\":[{\"@type\":\"Article\",\"@id\":\"https:\/\/noticiasemdestaque.com\/cd\/?p=24627#article\",\"isPartOf\":{\"@id\":\"https:\/\/noticiasemdestaque.com\/cd\/?p=24627\"},\"author\":{\"name\":\"Not\u00edcias em Destaque\",\"@id\":\"https:\/\/noticiasemdestaque.com\/cd\/#\/schema\/person\/4a81fb71f77579d059c3045891fa1786\"},\"headline\":\"Secretaria de Sa\u00fade de Coxixola confirma terceiro caso de Covid-19 no munic\u00edpio\",\"datePublished\":\"2020-05-03T21:43:26+00:00\",\"mainEntityOfPage\":{\"@id\":\"https:\/\/noticiasemdestaque.com\/cd\/?p=24627\"},\"wordCount\":259,\"publisher\":{\"@id\":\"https:\/\/noticiasemdestaque.com\/cd\/#organization\"},\"image\":{\"@id\":\"https:\/\/noticiasemdestaque.com\/cd\/?p=24627#primaryimage\"},\"thumbnailUrl\":\"https:\/\/noticiasemdestaque.com\/cd\/wp-content\/uploads\/2019\/12\/coxixola_2018.jpg\",\"articleSection\":[\"Cidades\"],\"inLanguage\":\"pt-BR\"},{\"@type\":\"WebPage\",\"@id\":\"https:\/\/noticiasemdestaque.com\/cd\/?p=24627\",\"url\":\"https:\/\/noticiasemdestaque.com\/cd\/?p=24627\",\"name\":\"Secretaria de Sa\u00fade de Coxixola confirma terceiro caso de Covid-19 no munic\u00edpio - Not&iacute;cias em Destaque\",\"isPartOf\":{\"@id\":\"https:\/\/noticiasemdestaque.com\/cd\/#website\"},\"primaryImageOfPage\":{\"@id\":\"https:\/\/noticiasemdestaque.com\/cd\/?p=24627#primaryimage\"},\"image\":{\"@id\":\"https:\/\/noticiasemdestaque.com\/cd\/?p=24627#primaryimage\"},\"thumbnailUrl\":\"https:\/\/noticiasemdestaque.com\/cd\/wp-content\/uploads\/2019\/12\/coxixola_2018.jpg\",\"datePublished\":\"2020-05-03T21:43:26+00:00\",\"breadcrumb\":{\"@id\":\"https:\/\/noticiasemdestaque.com\/cd\/?p=24627#breadcrumb\"},\"inLanguage\":\"pt-BR\",\"potentialAction\":[{\"@type\":\"ReadAction\",\"target\":[\"https:\/\/noticiasemdestaque.com\/cd\/?p=24627\"]}]},{\"@type\":\"ImageObject\",\"inLanguage\":\"pt-BR\",\"@id\":\"https:\/\/noticiasemdestaque.com\/cd\/?p=24627#primaryimage\",\"url\":\"https:\/\/noticiasemdestaque.com\/cd\/wp-content\/uploads\/2019\/12\/coxixola_2018.jpg\",\"contentUrl\":\"https:\/\/noticiasemdestaque.com\/cd\/wp-content\/uploads\/2019\/12\/coxixola_2018.jpg\",\"width\":500,\"height\":375},{\"@type\":\"BreadcrumbList\",\"@id\":\"https:\/\/noticiasemdestaque.com\/cd\/?p=24627#breadcrumb\",\"itemListElement\":[{\"@type\":\"ListItem\",\"position\":1,\"name\":\"In\u00edcio\",\"item\":\"https:\/\/noticiasemdestaque.com\/cd\/\"},{\"@type\":\"ListItem\",\"position\":2,\"name\":\"Secretaria de Sa\u00fade de Coxixola confirma terceiro caso de Covid-19 no munic\u00edpio\"}]},{\"@type\":\"WebSite\",\"@id\":\"https:\/\/noticiasemdestaque.com\/cd\/#website\",\"url\":\"https:\/\/noticiasemdestaque.com\/cd\/\",\"name\":\"Not&iacute;cias em Destaque\",\"description\":\"\",\"publisher\":{\"@id\":\"https:\/\/noticiasemdestaque.com\/cd\/#organization\"},\"potentialAction\":[{\"@type\":\"SearchAction\",\"target\":{\"@type\":\"EntryPoint\",\"urlTemplate\":\"https:\/\/noticiasemdestaque.com\/cd\/?s={search_term_string}\"},\"query-input\":{\"@type\":\"PropertyValueSpecification\",\"valueRequired\":true,\"valueName\":\"search_term_string\"}}],\"inLanguage\":\"pt-BR\"},{\"@type\":\"Organization\",\"@id\":\"https:\/\/noticiasemdestaque.com\/cd\/#organization\",\"name\":\"Not\u00edcias em Destaque\",\"url\":\"https:\/\/noticiasemdestaque.com\/cd\/\",\"logo\":{\"@type\":\"ImageObject\",\"inLanguage\":\"pt-BR\",\"@id\":\"https:\/\/noticiasemdestaque.com\/cd\/#\/schema\/logo\/image\/\",\"url\":\"https:\/\/noticiasemdestaque.com\/cd\/wp-content\/uploads\/2022\/05\/imagem-base-noticiasemdestaque.png\",\"contentUrl\":\"https:\/\/noticiasemdestaque.com\/cd\/wp-content\/uploads\/2022\/05\/imagem-base-noticiasemdestaque.png\",\"width\":1200,\"height\":630,\"caption\":\"Not\u00edcias em Destaque\"},\"image\":{\"@id\":\"https:\/\/noticiasemdestaque.com\/cd\/#\/schema\/logo\/image\/\"}},{\"@type\":\"Person\",\"@id\":\"https:\/\/noticiasemdestaque.com\/cd\/#\/schema\/person\/4a81fb71f77579d059c3045891fa1786\",\"name\":\"Not\u00edcias em Destaque\",\"url\":\"https:\/\/noticiasemdestaque.com\/cd\/?author=2\"}]}<\/script>\n<!-- \/ Yoast SEO plugin. -->","yoast_head_json":{"title":"Secretaria de Sa\u00fade de Coxixola confirma terceiro caso de Covid-19 no munic\u00edpio - Not&iacute;cias em Destaque","robots":{"index":"index","follow":"follow","max-snippet":"max-snippet:-1","max-image-preview":"max-image-preview:large","max-video-preview":"max-video-preview:-1"},"canonical":"https:\/\/noticiasemdestaque.com\/cd\/?p=24627","og_locale":"pt_BR","og_type":"article","og_title":"Secretaria de Sa\u00fade de Coxixola confirma terceiro caso de Covid-19 no munic\u00edpio - Not&iacute;cias em Destaque","og_description":"A prefeitura de Coxixola atrav\u00e9s da Secretaria Municipal de Sa\u00fade divulgou na tarde deste s\u00e1bado, 02 de maio, o mais novo boletim epidemiol\u00f3gico com dados atualizados da Covid-19 no munic\u00edpio. O mais novo caso, trata-se do genro do idoso de 90 anos, natural da zona rural de Coxixola, que recentemente testou positivo para a doen\u00e7a e segue em isolamento, agora no Hospital Pedro I em Campina Grande. A Secretaria de Sa\u00fade de Coxixola realizou testes r\u00e1pidos na filha que testou negativo para o v\u00edrus, mas j\u00e1 o genro acabou testando positivo para o covid-19. Agora o munic\u00edpio de Coxixola soma tr\u00eas casos confirmados do novo v\u00edrus, sendo todos de uma mesma fam\u00edlia. O filho que dias atr\u00e1s testou positivo para o coronav\u00edrus, encontra-se em isolamento domiciliar at\u00e9 que esteja completamente livre do v\u00edrus. A Secretaria Municipal de Sa\u00fade de Coxixola vem tomando todas as medidas preventivas para que uma transmiss\u00e3o comunit\u00e1ria n\u00e3o resulte na contamina\u00e7\u00e3o de mais pessoas no munic\u00edpio de Coxixola. A prefeitura de Coxixola vem realizando v\u00e1rias a\u00e7\u00f5es de combate e preven\u00e7\u00e3o ao Covid-19, realizando a\u00e7\u00f5es de desinfec\u00e7\u00e3o nas ruas da cidade, distribui\u00e7\u00e3o de m\u00e1scaras, instala\u00e7\u00e3o de lavat\u00f3rios em pontos estrat\u00e9gicos da cidade, al\u00e9m de campanhas de conscientiza\u00e7\u00e3o sobre a doen\u00e7a. Not\u00edcias em Destaque Com De Olho no Cariri","og_url":"https:\/\/noticiasemdestaque.com\/cd\/?p=24627","og_site_name":"Not&iacute;cias em Destaque","article_published_time":"2020-05-03T21:43:26+00:00","og_image":[{"width":500,"height":375,"url":"https:\/\/noticiasemdestaque.com\/cd\/wp-content\/uploads\/2019\/12\/coxixola_2018.jpg","type":"image\/jpeg"}],"author":"Not\u00edcias em Destaque","twitter_card":"summary_large_image","twitter_misc":{"Escrito por":"Not\u00edcias em Destaque","Est. tempo de leitura":"1 minuto"},"schema":{"@context":"https:\/\/schema.org","@graph":[{"@type":"Article","@id":"https:\/\/noticiasemdestaque.com\/cd\/?p=24627#article","isPartOf":{"@id":"https:\/\/noticiasemdestaque.com\/cd\/?p=24627"},"author":{"name":"Not\u00edcias em Destaque","@id":"https:\/\/noticiasemdestaque.com\/cd\/#\/schema\/person\/4a81fb71f77579d059c3045891fa1786"},"headline":"Secretaria de Sa\u00fade de Coxixola confirma terceiro caso de Covid-19 no munic\u00edpio","datePublished":"2020-05-03T21:43:26+00:00","mainEntityOfPage":{"@id":"https:\/\/noticiasemdestaque.com\/cd\/?p=24627"},"wordCount":259,"publisher":{"@id":"https:\/\/noticiasemdestaque.com\/cd\/#organization"},"image":{"@id":"https:\/\/noticiasemdestaque.com\/cd\/?p=24627#primaryimage"},"thumbnailUrl":"https:\/\/noticiasemdestaque.com\/cd\/wp-content\/uploads\/2019\/12\/coxixola_2018.jpg","articleSection":["Cidades"],"inLanguage":"pt-BR"},{"@type":"WebPage","@id":"https:\/\/noticiasemdestaque.com\/cd\/?p=24627","url":"https:\/\/noticiasemdestaque.com\/cd\/?p=24627","name":"Secretaria de Sa\u00fade de Coxixola confirma terceiro caso de Covid-19 no munic\u00edpio - Not&iacute;cias em Destaque","isPartOf":{"@id":"https:\/\/noticiasemdestaque.com\/cd\/#website"},"primaryImageOfPage":{"@id":"https:\/\/noticiasemdestaque.com\/cd\/?p=24627#primaryimage"},"image":{"@id":"https:\/\/noticiasemdestaque.com\/cd\/?p=24627#primaryimage"},"thumbnailUrl":"https:\/\/noticiasemdestaque.com\/cd\/wp-content\/uploads\/2019\/12\/coxixola_2018.jpg","datePublished":"2020-05-03T21:43:26+00:00","breadcrumb":{"@id":"https:\/\/noticiasemdestaque.com\/cd\/?p=24627#breadcrumb"},"inLanguage":"pt-BR","potentialAction":[{"@type":"ReadAction","target":["https:\/\/noticiasemdestaque.com\/cd\/?p=24627"]}]},{"@type":"ImageObject","inLanguage":"pt-BR","@id":"https:\/\/noticiasemdestaque.com\/cd\/?p=24627#primaryimage","url":"https:\/\/noticiasemdestaque.com\/cd\/wp-content\/uploads\/2019\/12\/coxixola_2018.jpg","contentUrl":"https:\/\/noticiasemdestaque.com\/cd\/wp-content\/uploads\/2019\/12\/coxixola_2018.jpg","width":500,"height":375},{"@type":"BreadcrumbList","@id":"https:\/\/noticiasemdestaque.com\/cd\/?p=24627#breadcrumb","itemListElement":[{"@type":"ListItem","position":1,"name":"In\u00edcio","item":"https:\/\/noticiasemdestaque.com\/cd\/"},{"@type":"ListItem","position":2,"name":"Secretaria de Sa\u00fade de Coxixola confirma terceiro caso de Covid-19 no munic\u00edpio"}]},{"@type":"WebSite","@id":"https:\/\/noticiasemdestaque.com\/cd\/#website","url":"https:\/\/noticiasemdestaque.com\/cd\/","name":"Not&iacute;cias em Destaque","description":"","publisher":{"@id":"https:\/\/noticiasemdestaque.com\/cd\/#organization"},"potentialAction":[{"@type":"SearchAction","target":{"@type":"EntryPoint","urlTemplate":"https:\/\/noticiasemdestaque.com\/cd\/?s={search_term_string}"},"query-input":{"@type":"PropertyValueSpecification","valueRequired":true,"valueName":"search_term_string"}}],"inLanguage":"pt-BR"},{"@type":"Organization","@id":"https:\/\/noticiasemdestaque.com\/cd\/#organization","name":"Not\u00edcias em Destaque","url":"https:\/\/noticiasemdestaque.com\/cd\/","logo":{"@type":"ImageObject","inLanguage":"pt-BR","@id":"https:\/\/noticiasemdestaque.com\/cd\/#\/schema\/logo\/image\/","url":"https:\/\/noticiasemdestaque.com\/cd\/wp-content\/uploads\/2022\/05\/imagem-base-noticiasemdestaque.png","contentUrl":"https:\/\/noticiasemdestaque.com\/cd\/wp-content\/uploads\/2022\/05\/imagem-base-noticiasemdestaque.png","width":1200,"height":630,"caption":"Not\u00edcias em Destaque"},"image":{"@id":"https:\/\/noticiasemdestaque.com\/cd\/#\/schema\/logo\/image\/"}},{"@type":"Person","@id":"https:\/\/noticiasemdestaque.com\/cd\/#\/schema\/person\/4a81fb71f77579d059c3045891fa1786","name":"Not\u00edcias em Destaque","url":"https:\/\/noticiasemdestaque.com\/cd\/?author=2"}]}},"jetpack_featured_media_url":"https:\/\/noticiasemdestaque.com\/cd\/wp-content\/uploads\/2019\/12\/coxixola_2018.jpg","jetpack_sharing_enabled":true,"_links":{"self":[{"href":"https:\/\/noticiasemdestaque.com\/cd\/index.php?rest_route=\/wp\/v2\/posts\/24627","targetHints":{"allow":["GET"]}}],"collection":[{"href":"https:\/\/noticiasemdestaque.com\/cd\/index.php?rest_route=\/wp\/v2\/posts"}],"about":[{"href":"https:\/\/noticiasemdestaque.com\/cd\/index.php?rest_route=\/wp\/v2\/types\/post"}],"author":[{"embeddable":true,"href":"https:\/\/noticiasemdestaque.com\/cd\/index.php?rest_route=\/wp\/v2\/users\/2"}],"replies":[{"embeddable":true,"href":"https:\/\/noticiasemdestaque.com\/cd\/index.php?rest_route=%2Fwp%2Fv2%2Fcomments&post=24627"}],"version-history":[{"count":1,"href":"https:\/\/noticiasemdestaque.com\/cd\/index.php?rest_route=\/wp\/v2\/posts\/24627\/revisions"}],"predecessor-version":[{"id":24628,"href":"https:\/\/noticiasemdestaque.com\/cd\/index.php?rest_route=\/wp\/v2\/posts\/24627\/revisions\/24628"}],"wp:featuredmedia":[{"embeddable":true,"href":"https:\/\/noticiasemdestaque.com\/cd\/index.php?rest_route=\/wp\/v2\/media\/21249"}],"wp:attachment":[{"href":"https:\/\/noticiasemdestaque.com\/cd\/index.php?rest_route=%2Fwp%2Fv2%2Fmedia&parent=24627"}],"wp:term":[{"taxonomy":"category","embeddable":true,"href":"https:\/\/noticiasemdestaque.com\/cd\/index.php?rest_route=%2Fwp%2Fv2%2Fcategories&post=24627"},{"taxonomy":"post_tag","embeddable":true,"href":"https:\/\/noticiasemdestaque.com\/cd\/index.php?rest_route=%2Fwp%2Fv2%2Ftags&post=24627"}],"curies":[{"name":"wp","href":"https:\/\/api.w.org\/{rel}","templated":true}]}}