{"id":24622,"date":"2020-05-01T21:07:53","date_gmt":"2020-05-02T00:07:53","guid":{"rendered":"http:\/\/noticiasemdestaque.com\/cd\/?p=24622"},"modified":"2020-05-01T21:07:53","modified_gmt":"2020-05-02T00:07:53","slug":"governo-da-pb-prorroga-medidas-de-isolamento-social-e-torna-obrigatorio-uso-de-mascaras-em-espacos-publicos","status":"publish","type":"post","link":"https:\/\/noticiasemdestaque.com\/cd\/?p=24622","title":{"rendered":"Governo da PB prorroga medidas de isolamento social e torna obrigat\u00f3rio uso de m\u00e1scaras em espa\u00e7os p\u00fablicos"},"content":{"rendered":"<p><a href=\"https:\/\/noticiasemdestaque.com\/cd\/wp-content\/uploads\/2019\/09\/AZEVEDOCARIRI.jpeg\"><img fetchpriority=\"high\" decoding=\"async\" class=\"wp-image-19742 aligncenter\" src=\"https:\/\/noticiasemdestaque.com\/cd\/wp-content\/uploads\/2019\/09\/AZEVEDOCARIRI-1024x682.jpeg\" alt=\"\" width=\"604\" height=\"402\" srcset=\"https:\/\/noticiasemdestaque.com\/cd\/wp-content\/uploads\/2019\/09\/AZEVEDOCARIRI-1024x682.jpeg 1024w, https:\/\/noticiasemdestaque.com\/cd\/wp-content\/uploads\/2019\/09\/AZEVEDOCARIRI-300x200.jpeg 300w, https:\/\/noticiasemdestaque.com\/cd\/wp-content\/uploads\/2019\/09\/AZEVEDOCARIRI-768x512.jpeg 768w, https:\/\/noticiasemdestaque.com\/cd\/wp-content\/uploads\/2019\/09\/AZEVEDOCARIRI-480x320.jpeg 480w, https:\/\/noticiasemdestaque.com\/cd\/wp-content\/uploads\/2019\/09\/AZEVEDOCARIRI.jpeg 1280w\" sizes=\"(max-width: 604px) 100vw, 604px\" \/><\/a><\/p>\n<p>O governador Jo\u00e3o Azev\u00eado prorrogou at\u00e9 o dia 18 de maio as medidas restritivas que visam conter a dissemina\u00e7\u00e3o do novo coronav\u00edrus na Para\u00edba. O decreto 40.217, que ser\u00e1 publicado na edi\u00e7\u00e3o deste s\u00e1bado (2), no Di\u00e1rio Oficial do Estado, tamb\u00e9m torna obrigat\u00f3rio o uso de m\u00e1scaras em espa\u00e7os p\u00fablicos e estabelecimentos comerciais e mant\u00e9m suspensas as aulas presenciais nas escolas, universidades e faculdades da rede p\u00fablica e privada do Estado. Nos pr\u00f3ximos dias, o governo estar\u00e1 distribuindo com a popula\u00e7\u00e3o os primeiros lotes das 3 milh\u00f5es de m\u00e1scaras que mandou confeccionar.<\/p>\n<p>Com a manuten\u00e7\u00e3o das medidas necess\u00e1rias para o cumprimento do isolamento social, academias, gin\u00e1sios, centros esportivos, shoppings, galerias, igrejas, centros comerciais, bares, restaurantes, casas de festas, casas noturnas, boates, cinemas, teatros, circos, parques de divers\u00e3o, lojas e estabelecimentos comerciais considerados n\u00e3o essenciais neste momento, embarca\u00e7\u00f5es tur\u00edsticas, de esporte e lazer seguem com suas atividades suspensas durante o per\u00edodo de vig\u00eancia do novo decreto.<\/p>\n<p>J\u00e1 os estabelecimentos com permiss\u00e3o para funcionar dever\u00e3o cumprir todas as recomenda\u00e7\u00f5es de preven\u00e7\u00e3o e controle para o enfrentamento da covid-19 estabelecidas pelas autoridades sanit\u00e1rias, ficando obrigados tamb\u00e9m a fornecer m\u00e1scaras para todos os seus empregados, prestadores de servi\u00e7o e colaboradores. Al\u00e9m disso, eles tamb\u00e9m ter\u00e3o que evitar a entrada e a perman\u00eancia no interior das suas depend\u00eancias de pessoas que n\u00e3o estejam usando m\u00e1scaras de prote\u00e7\u00e3o facial, que poder\u00e3o ser de fabrica\u00e7\u00e3o artesanal ou caseira.<\/p>\n<p><strong>Uso de m\u00e1scaras<\/strong>\u00a0\u2013 A utiliza\u00e7\u00e3o da m\u00e1scara ser\u00e1 obrigat\u00f3ria em todos os espa\u00e7os p\u00fablicos, transporte p\u00fablico coletivo e estabelecimentos comerciais, em todo o territ\u00f3rio estadual, ainda que produzida de forma artesanal ou caseira. A exig\u00eancia ir\u00e1 vigorar durante o per\u00edodo de estado de emerg\u00eancia em virtude da pandemia do coronav\u00edrus.<\/p>\n<p><strong>Ag\u00eancias banc\u00e1rias<\/strong>\u00a0&#8211; Os estabelecimentos banc\u00e1rios e as casas lot\u00e9ricas autorizados a funcionar dever\u00e3o adotar medidas de prote\u00e7\u00e3o aos seus funcion\u00e1rios, clientes e colaboradores, estabelecendo a dist\u00e2ncia de 1,5 metros entre cada pessoa e adotando, quando poss\u00edvel, sistemas de escala, altera\u00e7\u00e3o de jornadas e revezamento de turnos, para reduzir o fluxo e n\u00e3o permitir a aglomera\u00e7\u00e3o de pessoas.<\/p>\n<p><strong>Reparti\u00e7\u00f5es p\u00fablicas<\/strong>\u00a0\u2013 O expediente nas reparti\u00e7\u00f5es p\u00fablicas estaduais segue suspenso at\u00e9 o dia 18 de maio. Com isso, os servidores p\u00fablicos estaduais, da administra\u00e7\u00e3o direta e indireta, executar\u00e3o suas atividades de forma remota (home office) e permanecer\u00e3o de sobreaviso, podendo ser convocados, durante o per\u00edodo do expediente, em caso de necessidade de comparecimento ao local de trabalho.<\/p>\n<p>A determina\u00e7\u00e3o n\u00e3o se aplica aos servidores das Secretarias de Sa\u00fade, Seguran\u00e7a e Defesa Social, Administra\u00e7\u00e3o Penitenci\u00e1ria, Companhia de \u00c1gua e Esgotos da Para\u00edba (Cagepa) e Funda\u00e7\u00e3o Desenvolvimento da Crian\u00e7a e do Adolescente &#8220;Alice de Almeida&#8221; (Fundac), ficando impedida, por\u00e9m, a presen\u00e7a de funcion\u00e1rios que tenham hist\u00f3rico de doen\u00e7as respirat\u00f3rias ou doen\u00e7as cr\u00f4nicas ou cujos familiares, que habitam na mesma resid\u00eancia, tenham doen\u00e7as cr\u00f4nicas; que utilizam medicamentos imunossupressores; que manifestarem sintomas respirat\u00f3rios, como febre, tosse, coriza ou dificuldade de respirar; gr\u00e1vidas ou lactantes. Todas as quest\u00f5es relativas ao enquadramento ou n\u00e3o dos servidores estaduais nas condi\u00e7\u00f5es acima ser\u00e3o decididas pelos secret\u00e1rios e gestores dos respectivos \u00f3rg\u00e3os estaduais.<\/p>\n","protected":false},"excerpt":{"rendered":"<p>O governador Jo\u00e3o Azev\u00eado prorrogou at\u00e9 o dia 18 de maio as medidas restritivas que visam conter a dissemina\u00e7\u00e3o do novo coronav\u00edrus na Para\u00edba. O decreto 40.217, que ser\u00e1 publicado na edi\u00e7\u00e3o deste s\u00e1bado (2), no Di\u00e1rio Oficial do Estado, tamb\u00e9m torna obrigat\u00f3rio o uso de m\u00e1scaras em espa\u00e7os p\u00fablicos e estabelecimentos comerciais e mant\u00e9m suspensas as aulas presenciais nas escolas, universidades e faculdades da rede p\u00fablica e privada do Estado. Nos pr\u00f3ximos dias, o governo estar\u00e1 distribuindo com a popula\u00e7\u00e3o os primeiros lotes das 3 milh\u00f5es de m\u00e1scaras que mandou confeccionar. Com a manuten\u00e7\u00e3o das medidas necess\u00e1rias para o cumprimento do isolamento social, academias, gin\u00e1sios, centros esportivos, shoppings, galerias, igrejas, centros comerciais, bares, restaurantes, casas de festas, casas noturnas, boates, cinemas, teatros, circos, parques de divers\u00e3o, lojas e estabelecimentos comerciais considerados n\u00e3o essenciais neste momento, embarca\u00e7\u00f5es tur\u00edsticas, de esporte e lazer seguem com suas atividades suspensas durante o per\u00edodo de vig\u00eancia do novo decreto. J\u00e1 os estabelecimentos com permiss\u00e3o para funcionar dever\u00e3o cumprir todas as recomenda\u00e7\u00f5es de preven\u00e7\u00e3o e controle para o enfrentamento da covid-19 estabelecidas pelas autoridades sanit\u00e1rias, ficando obrigados tamb\u00e9m a fornecer m\u00e1scaras para todos os seus empregados, prestadores de servi\u00e7o e colaboradores. Al\u00e9m disso, eles tamb\u00e9m ter\u00e3o que evitar a entrada e a perman\u00eancia no interior das suas depend\u00eancias de pessoas que n\u00e3o estejam usando m\u00e1scaras de prote\u00e7\u00e3o facial, que poder\u00e3o ser de fabrica\u00e7\u00e3o artesanal ou caseira. Uso de m\u00e1scaras\u00a0\u2013 A utiliza\u00e7\u00e3o da m\u00e1scara ser\u00e1 obrigat\u00f3ria em todos os espa\u00e7os p\u00fablicos, transporte p\u00fablico coletivo e estabelecimentos comerciais, em todo o territ\u00f3rio estadual, ainda que produzida de forma artesanal ou caseira. A exig\u00eancia ir\u00e1 vigorar durante o per\u00edodo de estado de emerg\u00eancia em virtude da pandemia do coronav\u00edrus. Ag\u00eancias banc\u00e1rias\u00a0&#8211; Os estabelecimentos banc\u00e1rios e as casas lot\u00e9ricas autorizados a funcionar dever\u00e3o adotar medidas de prote\u00e7\u00e3o aos seus funcion\u00e1rios, clientes e colaboradores, estabelecendo a dist\u00e2ncia de 1,5 metros entre cada pessoa e adotando, quando poss\u00edvel, sistemas de escala, altera\u00e7\u00e3o de jornadas e revezamento de turnos, para reduzir o fluxo e n\u00e3o permitir a aglomera\u00e7\u00e3o de pessoas. Reparti\u00e7\u00f5es p\u00fablicas\u00a0\u2013 O expediente nas reparti\u00e7\u00f5es p\u00fablicas estaduais segue suspenso at\u00e9 o dia 18 de maio. Com isso, os servidores p\u00fablicos estaduais, da administra\u00e7\u00e3o direta e indireta, executar\u00e3o suas atividades de forma remota (home office) e permanecer\u00e3o de sobreaviso, podendo ser convocados, durante o per\u00edodo do expediente, em caso de necessidade de comparecimento ao local de trabalho. A determina\u00e7\u00e3o n\u00e3o se aplica aos servidores das Secretarias de Sa\u00fade, Seguran\u00e7a e Defesa Social, Administra\u00e7\u00e3o Penitenci\u00e1ria, Companhia de \u00c1gua e Esgotos da Para\u00edba (Cagepa) e Funda\u00e7\u00e3o Desenvolvimento da Crian\u00e7a e do Adolescente &#8220;Alice de Almeida&#8221; (Fundac), ficando impedida, por\u00e9m, a presen\u00e7a de funcion\u00e1rios que tenham hist\u00f3rico de doen\u00e7as respirat\u00f3rias ou doen\u00e7as cr\u00f4nicas ou cujos familiares, que habitam na mesma resid\u00eancia, tenham doen\u00e7as cr\u00f4nicas; que utilizam medicamentos imunossupressores; que manifestarem sintomas respirat\u00f3rios, como febre, tosse, coriza ou dificuldade de respirar; gr\u00e1vidas ou lactantes. Todas as quest\u00f5es relativas ao enquadramento ou n\u00e3o dos servidores estaduais nas condi\u00e7\u00f5es acima ser\u00e3o decididas pelos secret\u00e1rios e gestores dos respectivos \u00f3rg\u00e3os estaduais.<\/p>\n","protected":false},"author":2,"featured_media":19742,"comment_status":"closed","ping_status":"open","sticky":false,"template":"","format":"standard","meta":{"_eb_attr":"","_jetpack_memberships_contains_paid_content":false,"footnotes":""},"categories":[4],"tags":[],"class_list":["post-24622","post","type-post","status-publish","format-standard","has-post-thumbnail","hentry","category-politica"],"yoast_head":"<!-- This site is optimized with the Yoast SEO plugin v26.5 - https:\/\/yoast.com\/wordpress\/plugins\/seo\/ -->\n<title>Governo da PB prorroga medidas de isolamento social e torna obrigat\u00f3rio uso de m\u00e1scaras em espa\u00e7os p\u00fablicos - Not&iacute;cias em Destaque<\/title>\n<meta name=\"robots\" content=\"index, follow, max-snippet:-1, max-image-preview:large, max-video-preview:-1\" \/>\n<link rel=\"canonical\" href=\"https:\/\/noticiasemdestaque.com\/cd\/?p=24622\" \/>\n<meta property=\"og:locale\" content=\"pt_BR\" \/>\n<meta property=\"og:type\" content=\"article\" \/>\n<meta property=\"og:title\" content=\"Governo da PB prorroga medidas de isolamento social e torna obrigat\u00f3rio uso de m\u00e1scaras em espa\u00e7os p\u00fablicos - Not&iacute;cias em Destaque\" \/>\n<meta property=\"og:description\" content=\"O governador Jo\u00e3o Azev\u00eado prorrogou at\u00e9 o dia 18 de maio as medidas restritivas que visam conter a dissemina\u00e7\u00e3o do novo coronav\u00edrus na Para\u00edba. O decreto 40.217, que ser\u00e1 publicado na edi\u00e7\u00e3o deste s\u00e1bado (2), no Di\u00e1rio Oficial do Estado, tamb\u00e9m torna obrigat\u00f3rio o uso de m\u00e1scaras em espa\u00e7os p\u00fablicos e estabelecimentos comerciais e mant\u00e9m suspensas as aulas presenciais nas escolas, universidades e faculdades da rede p\u00fablica e privada do Estado. Nos pr\u00f3ximos dias, o governo estar\u00e1 distribuindo com a popula\u00e7\u00e3o os primeiros lotes das 3 milh\u00f5es de m\u00e1scaras que mandou confeccionar. Com a manuten\u00e7\u00e3o das medidas necess\u00e1rias para o cumprimento do isolamento social, academias, gin\u00e1sios, centros esportivos, shoppings, galerias, igrejas, centros comerciais, bares, restaurantes, casas de festas, casas noturnas, boates, cinemas, teatros, circos, parques de divers\u00e3o, lojas e estabelecimentos comerciais considerados n\u00e3o essenciais neste momento, embarca\u00e7\u00f5es tur\u00edsticas, de esporte e lazer seguem com suas atividades suspensas durante o per\u00edodo de vig\u00eancia do novo decreto. J\u00e1 os estabelecimentos com permiss\u00e3o para funcionar dever\u00e3o cumprir todas as recomenda\u00e7\u00f5es de preven\u00e7\u00e3o e controle para o enfrentamento da covid-19 estabelecidas pelas autoridades sanit\u00e1rias, ficando obrigados tamb\u00e9m a fornecer m\u00e1scaras para todos os seus empregados, prestadores de servi\u00e7o e colaboradores. Al\u00e9m disso, eles tamb\u00e9m ter\u00e3o que evitar a entrada e a perman\u00eancia no interior das suas depend\u00eancias de pessoas que n\u00e3o estejam usando m\u00e1scaras de prote\u00e7\u00e3o facial, que poder\u00e3o ser de fabrica\u00e7\u00e3o artesanal ou caseira. Uso de m\u00e1scaras\u00a0\u2013 A utiliza\u00e7\u00e3o da m\u00e1scara ser\u00e1 obrigat\u00f3ria em todos os espa\u00e7os p\u00fablicos, transporte p\u00fablico coletivo e estabelecimentos comerciais, em todo o territ\u00f3rio estadual, ainda que produzida de forma artesanal ou caseira. A exig\u00eancia ir\u00e1 vigorar durante o per\u00edodo de estado de emerg\u00eancia em virtude da pandemia do coronav\u00edrus. Ag\u00eancias banc\u00e1rias\u00a0&#8211; Os estabelecimentos banc\u00e1rios e as casas lot\u00e9ricas autorizados a funcionar dever\u00e3o adotar medidas de prote\u00e7\u00e3o aos seus funcion\u00e1rios, clientes e colaboradores, estabelecendo a dist\u00e2ncia de 1,5 metros entre cada pessoa e adotando, quando poss\u00edvel, sistemas de escala, altera\u00e7\u00e3o de jornadas e revezamento de turnos, para reduzir o fluxo e n\u00e3o permitir a aglomera\u00e7\u00e3o de pessoas. Reparti\u00e7\u00f5es p\u00fablicas\u00a0\u2013 O expediente nas reparti\u00e7\u00f5es p\u00fablicas estaduais segue suspenso at\u00e9 o dia 18 de maio. Com isso, os servidores p\u00fablicos estaduais, da administra\u00e7\u00e3o direta e indireta, executar\u00e3o suas atividades de forma remota (home office) e permanecer\u00e3o de sobreaviso, podendo ser convocados, durante o per\u00edodo do expediente, em caso de necessidade de comparecimento ao local de trabalho. A determina\u00e7\u00e3o n\u00e3o se aplica aos servidores das Secretarias de Sa\u00fade, Seguran\u00e7a e Defesa Social, Administra\u00e7\u00e3o Penitenci\u00e1ria, Companhia de \u00c1gua e Esgotos da Para\u00edba (Cagepa) e Funda\u00e7\u00e3o Desenvolvimento da Crian\u00e7a e do Adolescente &#8220;Alice de Almeida&#8221; (Fundac), ficando impedida, por\u00e9m, a presen\u00e7a de funcion\u00e1rios que tenham hist\u00f3rico de doen\u00e7as respirat\u00f3rias ou doen\u00e7as cr\u00f4nicas ou cujos familiares, que habitam na mesma resid\u00eancia, tenham doen\u00e7as cr\u00f4nicas; que utilizam medicamentos imunossupressores; que manifestarem sintomas respirat\u00f3rios, como febre, tosse, coriza ou dificuldade de respirar; gr\u00e1vidas ou lactantes. Todas as quest\u00f5es relativas ao enquadramento ou n\u00e3o dos servidores estaduais nas condi\u00e7\u00f5es acima ser\u00e3o decididas pelos secret\u00e1rios e gestores dos respectivos \u00f3rg\u00e3os estaduais.\" \/>\n<meta property=\"og:url\" content=\"https:\/\/noticiasemdestaque.com\/cd\/?p=24622\" \/>\n<meta property=\"og:site_name\" content=\"Not&iacute;cias em Destaque\" \/>\n<meta property=\"article:published_time\" content=\"2020-05-02T00:07:53+00:00\" \/>\n<meta property=\"og:image\" content=\"https:\/\/noticiasemdestaque.com\/cd\/wp-content\/uploads\/2019\/09\/AZEVEDOCARIRI.jpeg\" \/>\n\t<meta property=\"og:image:width\" content=\"1280\" \/>\n\t<meta property=\"og:image:height\" content=\"853\" \/>\n\t<meta property=\"og:image:type\" content=\"image\/jpeg\" \/>\n<meta name=\"author\" content=\"Not\u00edcias em Destaque\" \/>\n<meta name=\"twitter:card\" content=\"summary_large_image\" \/>\n<meta name=\"twitter:label1\" content=\"Escrito por\" \/>\n\t<meta name=\"twitter:data1\" content=\"Not\u00edcias em Destaque\" \/>\n\t<meta name=\"twitter:label2\" content=\"Est. tempo de leitura\" \/>\n\t<meta name=\"twitter:data2\" content=\"3 minutos\" \/>\n<script type=\"application\/ld+json\" class=\"yoast-schema-graph\">{\"@context\":\"https:\/\/schema.org\",\"@graph\":[{\"@type\":\"Article\",\"@id\":\"https:\/\/noticiasemdestaque.com\/cd\/?p=24622#article\",\"isPartOf\":{\"@id\":\"https:\/\/noticiasemdestaque.com\/cd\/?p=24622\"},\"author\":{\"name\":\"Not\u00edcias em Destaque\",\"@id\":\"https:\/\/noticiasemdestaque.com\/cd\/#\/schema\/person\/4a81fb71f77579d059c3045891fa1786\"},\"headline\":\"Governo da PB prorroga medidas de isolamento social e torna obrigat\u00f3rio uso de m\u00e1scaras em espa\u00e7os p\u00fablicos\",\"datePublished\":\"2020-05-02T00:07:53+00:00\",\"mainEntityOfPage\":{\"@id\":\"https:\/\/noticiasemdestaque.com\/cd\/?p=24622\"},\"wordCount\":625,\"publisher\":{\"@id\":\"https:\/\/noticiasemdestaque.com\/cd\/#organization\"},\"image\":{\"@id\":\"https:\/\/noticiasemdestaque.com\/cd\/?p=24622#primaryimage\"},\"thumbnailUrl\":\"https:\/\/noticiasemdestaque.com\/cd\/wp-content\/uploads\/2019\/09\/AZEVEDOCARIRI.jpeg\",\"articleSection\":[\"Pol\u00edtica\"],\"inLanguage\":\"pt-BR\"},{\"@type\":\"WebPage\",\"@id\":\"https:\/\/noticiasemdestaque.com\/cd\/?p=24622\",\"url\":\"https:\/\/noticiasemdestaque.com\/cd\/?p=24622\",\"name\":\"Governo da PB prorroga medidas de isolamento social e torna obrigat\u00f3rio uso de m\u00e1scaras em espa\u00e7os p\u00fablicos - Not&iacute;cias em Destaque\",\"isPartOf\":{\"@id\":\"https:\/\/noticiasemdestaque.com\/cd\/#website\"},\"primaryImageOfPage\":{\"@id\":\"https:\/\/noticiasemdestaque.com\/cd\/?p=24622#primaryimage\"},\"image\":{\"@id\":\"https:\/\/noticiasemdestaque.com\/cd\/?p=24622#primaryimage\"},\"thumbnailUrl\":\"https:\/\/noticiasemdestaque.com\/cd\/wp-content\/uploads\/2019\/09\/AZEVEDOCARIRI.jpeg\",\"datePublished\":\"2020-05-02T00:07:53+00:00\",\"breadcrumb\":{\"@id\":\"https:\/\/noticiasemdestaque.com\/cd\/?p=24622#breadcrumb\"},\"inLanguage\":\"pt-BR\",\"potentialAction\":[{\"@type\":\"ReadAction\",\"target\":[\"https:\/\/noticiasemdestaque.com\/cd\/?p=24622\"]}]},{\"@type\":\"ImageObject\",\"inLanguage\":\"pt-BR\",\"@id\":\"https:\/\/noticiasemdestaque.com\/cd\/?p=24622#primaryimage\",\"url\":\"https:\/\/noticiasemdestaque.com\/cd\/wp-content\/uploads\/2019\/09\/AZEVEDOCARIRI.jpeg\",\"contentUrl\":\"https:\/\/noticiasemdestaque.com\/cd\/wp-content\/uploads\/2019\/09\/AZEVEDOCARIRI.jpeg\",\"width\":1280,\"height\":853},{\"@type\":\"BreadcrumbList\",\"@id\":\"https:\/\/noticiasemdestaque.com\/cd\/?p=24622#breadcrumb\",\"itemListElement\":[{\"@type\":\"ListItem\",\"position\":1,\"name\":\"In\u00edcio\",\"item\":\"https:\/\/noticiasemdestaque.com\/cd\/\"},{\"@type\":\"ListItem\",\"position\":2,\"name\":\"Governo da PB prorroga medidas de isolamento social e torna obrigat\u00f3rio uso de m\u00e1scaras em espa\u00e7os p\u00fablicos\"}]},{\"@type\":\"WebSite\",\"@id\":\"https:\/\/noticiasemdestaque.com\/cd\/#website\",\"url\":\"https:\/\/noticiasemdestaque.com\/cd\/\",\"name\":\"Not&iacute;cias em Destaque\",\"description\":\"\",\"publisher\":{\"@id\":\"https:\/\/noticiasemdestaque.com\/cd\/#organization\"},\"potentialAction\":[{\"@type\":\"SearchAction\",\"target\":{\"@type\":\"EntryPoint\",\"urlTemplate\":\"https:\/\/noticiasemdestaque.com\/cd\/?s={search_term_string}\"},\"query-input\":{\"@type\":\"PropertyValueSpecification\",\"valueRequired\":true,\"valueName\":\"search_term_string\"}}],\"inLanguage\":\"pt-BR\"},{\"@type\":\"Organization\",\"@id\":\"https:\/\/noticiasemdestaque.com\/cd\/#organization\",\"name\":\"Not\u00edcias em Destaque\",\"url\":\"https:\/\/noticiasemdestaque.com\/cd\/\",\"logo\":{\"@type\":\"ImageObject\",\"inLanguage\":\"pt-BR\",\"@id\":\"https:\/\/noticiasemdestaque.com\/cd\/#\/schema\/logo\/image\/\",\"url\":\"https:\/\/noticiasemdestaque.com\/cd\/wp-content\/uploads\/2022\/05\/imagem-base-noticiasemdestaque.png\",\"contentUrl\":\"https:\/\/noticiasemdestaque.com\/cd\/wp-content\/uploads\/2022\/05\/imagem-base-noticiasemdestaque.png\",\"width\":1200,\"height\":630,\"caption\":\"Not\u00edcias em Destaque\"},\"image\":{\"@id\":\"https:\/\/noticiasemdestaque.com\/cd\/#\/schema\/logo\/image\/\"}},{\"@type\":\"Person\",\"@id\":\"https:\/\/noticiasemdestaque.com\/cd\/#\/schema\/person\/4a81fb71f77579d059c3045891fa1786\",\"name\":\"Not\u00edcias em Destaque\",\"url\":\"https:\/\/noticiasemdestaque.com\/cd\/?author=2\"}]}<\/script>\n<!-- \/ Yoast SEO plugin. -->","yoast_head_json":{"title":"Governo da PB prorroga medidas de isolamento social e torna obrigat\u00f3rio uso de m\u00e1scaras em espa\u00e7os p\u00fablicos - Not&iacute;cias em Destaque","robots":{"index":"index","follow":"follow","max-snippet":"max-snippet:-1","max-image-preview":"max-image-preview:large","max-video-preview":"max-video-preview:-1"},"canonical":"https:\/\/noticiasemdestaque.com\/cd\/?p=24622","og_locale":"pt_BR","og_type":"article","og_title":"Governo da PB prorroga medidas de isolamento social e torna obrigat\u00f3rio uso de m\u00e1scaras em espa\u00e7os p\u00fablicos - Not&iacute;cias em Destaque","og_description":"O governador Jo\u00e3o Azev\u00eado prorrogou at\u00e9 o dia 18 de maio as medidas restritivas que visam conter a dissemina\u00e7\u00e3o do novo coronav\u00edrus na Para\u00edba. O decreto 40.217, que ser\u00e1 publicado na edi\u00e7\u00e3o deste s\u00e1bado (2), no Di\u00e1rio Oficial do Estado, tamb\u00e9m torna obrigat\u00f3rio o uso de m\u00e1scaras em espa\u00e7os p\u00fablicos e estabelecimentos comerciais e mant\u00e9m suspensas as aulas presenciais nas escolas, universidades e faculdades da rede p\u00fablica e privada do Estado. Nos pr\u00f3ximos dias, o governo estar\u00e1 distribuindo com a popula\u00e7\u00e3o os primeiros lotes das 3 milh\u00f5es de m\u00e1scaras que mandou confeccionar. Com a manuten\u00e7\u00e3o das medidas necess\u00e1rias para o cumprimento do isolamento social, academias, gin\u00e1sios, centros esportivos, shoppings, galerias, igrejas, centros comerciais, bares, restaurantes, casas de festas, casas noturnas, boates, cinemas, teatros, circos, parques de divers\u00e3o, lojas e estabelecimentos comerciais considerados n\u00e3o essenciais neste momento, embarca\u00e7\u00f5es tur\u00edsticas, de esporte e lazer seguem com suas atividades suspensas durante o per\u00edodo de vig\u00eancia do novo decreto. J\u00e1 os estabelecimentos com permiss\u00e3o para funcionar dever\u00e3o cumprir todas as recomenda\u00e7\u00f5es de preven\u00e7\u00e3o e controle para o enfrentamento da covid-19 estabelecidas pelas autoridades sanit\u00e1rias, ficando obrigados tamb\u00e9m a fornecer m\u00e1scaras para todos os seus empregados, prestadores de servi\u00e7o e colaboradores. Al\u00e9m disso, eles tamb\u00e9m ter\u00e3o que evitar a entrada e a perman\u00eancia no interior das suas depend\u00eancias de pessoas que n\u00e3o estejam usando m\u00e1scaras de prote\u00e7\u00e3o facial, que poder\u00e3o ser de fabrica\u00e7\u00e3o artesanal ou caseira. Uso de m\u00e1scaras\u00a0\u2013 A utiliza\u00e7\u00e3o da m\u00e1scara ser\u00e1 obrigat\u00f3ria em todos os espa\u00e7os p\u00fablicos, transporte p\u00fablico coletivo e estabelecimentos comerciais, em todo o territ\u00f3rio estadual, ainda que produzida de forma artesanal ou caseira. A exig\u00eancia ir\u00e1 vigorar durante o per\u00edodo de estado de emerg\u00eancia em virtude da pandemia do coronav\u00edrus. Ag\u00eancias banc\u00e1rias\u00a0&#8211; Os estabelecimentos banc\u00e1rios e as casas lot\u00e9ricas autorizados a funcionar dever\u00e3o adotar medidas de prote\u00e7\u00e3o aos seus funcion\u00e1rios, clientes e colaboradores, estabelecendo a dist\u00e2ncia de 1,5 metros entre cada pessoa e adotando, quando poss\u00edvel, sistemas de escala, altera\u00e7\u00e3o de jornadas e revezamento de turnos, para reduzir o fluxo e n\u00e3o permitir a aglomera\u00e7\u00e3o de pessoas. Reparti\u00e7\u00f5es p\u00fablicas\u00a0\u2013 O expediente nas reparti\u00e7\u00f5es p\u00fablicas estaduais segue suspenso at\u00e9 o dia 18 de maio. Com isso, os servidores p\u00fablicos estaduais, da administra\u00e7\u00e3o direta e indireta, executar\u00e3o suas atividades de forma remota (home office) e permanecer\u00e3o de sobreaviso, podendo ser convocados, durante o per\u00edodo do expediente, em caso de necessidade de comparecimento ao local de trabalho. A determina\u00e7\u00e3o n\u00e3o se aplica aos servidores das Secretarias de Sa\u00fade, Seguran\u00e7a e Defesa Social, Administra\u00e7\u00e3o Penitenci\u00e1ria, Companhia de \u00c1gua e Esgotos da Para\u00edba (Cagepa) e Funda\u00e7\u00e3o Desenvolvimento da Crian\u00e7a e do Adolescente &#8220;Alice de Almeida&#8221; (Fundac), ficando impedida, por\u00e9m, a presen\u00e7a de funcion\u00e1rios que tenham hist\u00f3rico de doen\u00e7as respirat\u00f3rias ou doen\u00e7as cr\u00f4nicas ou cujos familiares, que habitam na mesma resid\u00eancia, tenham doen\u00e7as cr\u00f4nicas; que utilizam medicamentos imunossupressores; que manifestarem sintomas respirat\u00f3rios, como febre, tosse, coriza ou dificuldade de respirar; gr\u00e1vidas ou lactantes. Todas as quest\u00f5es relativas ao enquadramento ou n\u00e3o dos servidores estaduais nas condi\u00e7\u00f5es acima ser\u00e3o decididas pelos secret\u00e1rios e gestores dos respectivos \u00f3rg\u00e3os estaduais.","og_url":"https:\/\/noticiasemdestaque.com\/cd\/?p=24622","og_site_name":"Not&iacute;cias em Destaque","article_published_time":"2020-05-02T00:07:53+00:00","og_image":[{"width":1280,"height":853,"url":"https:\/\/noticiasemdestaque.com\/cd\/wp-content\/uploads\/2019\/09\/AZEVEDOCARIRI.jpeg","type":"image\/jpeg"}],"author":"Not\u00edcias em Destaque","twitter_card":"summary_large_image","twitter_misc":{"Escrito por":"Not\u00edcias em Destaque","Est. tempo de leitura":"3 minutos"},"schema":{"@context":"https:\/\/schema.org","@graph":[{"@type":"Article","@id":"https:\/\/noticiasemdestaque.com\/cd\/?p=24622#article","isPartOf":{"@id":"https:\/\/noticiasemdestaque.com\/cd\/?p=24622"},"author":{"name":"Not\u00edcias em Destaque","@id":"https:\/\/noticiasemdestaque.com\/cd\/#\/schema\/person\/4a81fb71f77579d059c3045891fa1786"},"headline":"Governo da PB prorroga medidas de isolamento social e torna obrigat\u00f3rio uso de m\u00e1scaras em espa\u00e7os p\u00fablicos","datePublished":"2020-05-02T00:07:53+00:00","mainEntityOfPage":{"@id":"https:\/\/noticiasemdestaque.com\/cd\/?p=24622"},"wordCount":625,"publisher":{"@id":"https:\/\/noticiasemdestaque.com\/cd\/#organization"},"image":{"@id":"https:\/\/noticiasemdestaque.com\/cd\/?p=24622#primaryimage"},"thumbnailUrl":"https:\/\/noticiasemdestaque.com\/cd\/wp-content\/uploads\/2019\/09\/AZEVEDOCARIRI.jpeg","articleSection":["Pol\u00edtica"],"inLanguage":"pt-BR"},{"@type":"WebPage","@id":"https:\/\/noticiasemdestaque.com\/cd\/?p=24622","url":"https:\/\/noticiasemdestaque.com\/cd\/?p=24622","name":"Governo da PB prorroga medidas de isolamento social e torna obrigat\u00f3rio uso de m\u00e1scaras em espa\u00e7os p\u00fablicos - Not&iacute;cias em Destaque","isPartOf":{"@id":"https:\/\/noticiasemdestaque.com\/cd\/#website"},"primaryImageOfPage":{"@id":"https:\/\/noticiasemdestaque.com\/cd\/?p=24622#primaryimage"},"image":{"@id":"https:\/\/noticiasemdestaque.com\/cd\/?p=24622#primaryimage"},"thumbnailUrl":"https:\/\/noticiasemdestaque.com\/cd\/wp-content\/uploads\/2019\/09\/AZEVEDOCARIRI.jpeg","datePublished":"2020-05-02T00:07:53+00:00","breadcrumb":{"@id":"https:\/\/noticiasemdestaque.com\/cd\/?p=24622#breadcrumb"},"inLanguage":"pt-BR","potentialAction":[{"@type":"ReadAction","target":["https:\/\/noticiasemdestaque.com\/cd\/?p=24622"]}]},{"@type":"ImageObject","inLanguage":"pt-BR","@id":"https:\/\/noticiasemdestaque.com\/cd\/?p=24622#primaryimage","url":"https:\/\/noticiasemdestaque.com\/cd\/wp-content\/uploads\/2019\/09\/AZEVEDOCARIRI.jpeg","contentUrl":"https:\/\/noticiasemdestaque.com\/cd\/wp-content\/uploads\/2019\/09\/AZEVEDOCARIRI.jpeg","width":1280,"height":853},{"@type":"BreadcrumbList","@id":"https:\/\/noticiasemdestaque.com\/cd\/?p=24622#breadcrumb","itemListElement":[{"@type":"ListItem","position":1,"name":"In\u00edcio","item":"https:\/\/noticiasemdestaque.com\/cd\/"},{"@type":"ListItem","position":2,"name":"Governo da PB prorroga medidas de isolamento social e torna obrigat\u00f3rio uso de m\u00e1scaras em espa\u00e7os p\u00fablicos"}]},{"@type":"WebSite","@id":"https:\/\/noticiasemdestaque.com\/cd\/#website","url":"https:\/\/noticiasemdestaque.com\/cd\/","name":"Not&iacute;cias em Destaque","description":"","publisher":{"@id":"https:\/\/noticiasemdestaque.com\/cd\/#organization"},"potentialAction":[{"@type":"SearchAction","target":{"@type":"EntryPoint","urlTemplate":"https:\/\/noticiasemdestaque.com\/cd\/?s={search_term_string}"},"query-input":{"@type":"PropertyValueSpecification","valueRequired":true,"valueName":"search_term_string"}}],"inLanguage":"pt-BR"},{"@type":"Organization","@id":"https:\/\/noticiasemdestaque.com\/cd\/#organization","name":"Not\u00edcias em Destaque","url":"https:\/\/noticiasemdestaque.com\/cd\/","logo":{"@type":"ImageObject","inLanguage":"pt-BR","@id":"https:\/\/noticiasemdestaque.com\/cd\/#\/schema\/logo\/image\/","url":"https:\/\/noticiasemdestaque.com\/cd\/wp-content\/uploads\/2022\/05\/imagem-base-noticiasemdestaque.png","contentUrl":"https:\/\/noticiasemdestaque.com\/cd\/wp-content\/uploads\/2022\/05\/imagem-base-noticiasemdestaque.png","width":1200,"height":630,"caption":"Not\u00edcias em Destaque"},"image":{"@id":"https:\/\/noticiasemdestaque.com\/cd\/#\/schema\/logo\/image\/"}},{"@type":"Person","@id":"https:\/\/noticiasemdestaque.com\/cd\/#\/schema\/person\/4a81fb71f77579d059c3045891fa1786","name":"Not\u00edcias em Destaque","url":"https:\/\/noticiasemdestaque.com\/cd\/?author=2"}]}},"jetpack_featured_media_url":"https:\/\/noticiasemdestaque.com\/cd\/wp-content\/uploads\/2019\/09\/AZEVEDOCARIRI.jpeg","jetpack_sharing_enabled":true,"_links":{"self":[{"href":"https:\/\/noticiasemdestaque.com\/cd\/index.php?rest_route=\/wp\/v2\/posts\/24622","targetHints":{"allow":["GET"]}}],"collection":[{"href":"https:\/\/noticiasemdestaque.com\/cd\/index.php?rest_route=\/wp\/v2\/posts"}],"about":[{"href":"https:\/\/noticiasemdestaque.com\/cd\/index.php?rest_route=\/wp\/v2\/types\/post"}],"author":[{"embeddable":true,"href":"https:\/\/noticiasemdestaque.com\/cd\/index.php?rest_route=\/wp\/v2\/users\/2"}],"replies":[{"embeddable":true,"href":"https:\/\/noticiasemdestaque.com\/cd\/index.php?rest_route=%2Fwp%2Fv2%2Fcomments&post=24622"}],"version-history":[{"count":1,"href":"https:\/\/noticiasemdestaque.com\/cd\/index.php?rest_route=\/wp\/v2\/posts\/24622\/revisions"}],"predecessor-version":[{"id":24623,"href":"https:\/\/noticiasemdestaque.com\/cd\/index.php?rest_route=\/wp\/v2\/posts\/24622\/revisions\/24623"}],"wp:featuredmedia":[{"embeddable":true,"href":"https:\/\/noticiasemdestaque.com\/cd\/index.php?rest_route=\/wp\/v2\/media\/19742"}],"wp:attachment":[{"href":"https:\/\/noticiasemdestaque.com\/cd\/index.php?rest_route=%2Fwp%2Fv2%2Fmedia&parent=24622"}],"wp:term":[{"taxonomy":"category","embeddable":true,"href":"https:\/\/noticiasemdestaque.com\/cd\/index.php?rest_route=%2Fwp%2Fv2%2Fcategories&post=24622"},{"taxonomy":"post_tag","embeddable":true,"href":"https:\/\/noticiasemdestaque.com\/cd\/index.php?rest_route=%2Fwp%2Fv2%2Ftags&post=24622"}],"curies":[{"name":"wp","href":"https:\/\/api.w.org\/{rel}","templated":true}]}}