{"id":24617,"date":"2020-05-01T20:44:09","date_gmt":"2020-05-01T23:44:09","guid":{"rendered":"http:\/\/noticiasemdestaque.com\/cd\/?p=24617"},"modified":"2020-05-01T20:44:09","modified_gmt":"2020-05-01T23:44:09","slug":"coronavirus-brasil-registra-mais-de-91-mil-casos-e-63-mil-mortos","status":"publish","type":"post","link":"https:\/\/noticiasemdestaque.com\/cd\/?p=24617","title":{"rendered":"Coronav\u00edrus: Brasil registra mais de 91 mil casos e 6,3 mil mortos"},"content":{"rendered":"<p><a href=\"https:\/\/noticiasemdestaque.com\/cd\/wp-content\/uploads\/2020\/04\/Coronavirus-Covid19-Hospital-HRAN-Ambulancia-Enfermeira-Socorrista-Bmbeiros-2-2-868x644-1.jpg\"><img fetchpriority=\"high\" decoding=\"async\" class=\" wp-image-24557\" src=\"https:\/\/noticiasemdestaque.com\/cd\/wp-content\/uploads\/2020\/04\/Coronavirus-Covid19-Hospital-HRAN-Ambulancia-Enfermeira-Socorrista-Bmbeiros-2-2-868x644-1.jpg\" alt=\"\" width=\"577\" height=\"428\" srcset=\"https:\/\/noticiasemdestaque.com\/cd\/wp-content\/uploads\/2020\/04\/Coronavirus-Covid19-Hospital-HRAN-Ambulancia-Enfermeira-Socorrista-Bmbeiros-2-2-868x644-1.jpg 868w, https:\/\/noticiasemdestaque.com\/cd\/wp-content\/uploads\/2020\/04\/Coronavirus-Covid19-Hospital-HRAN-Ambulancia-Enfermeira-Socorrista-Bmbeiros-2-2-868x644-1-300x223.jpg 300w, https:\/\/noticiasemdestaque.com\/cd\/wp-content\/uploads\/2020\/04\/Coronavirus-Covid19-Hospital-HRAN-Ambulancia-Enfermeira-Socorrista-Bmbeiros-2-2-868x644-1-768x570.jpg 768w\" sizes=\"(max-width: 577px) 100vw, 577px\" \/><\/a><\/p>\n<p>O Brasil chegou hoje (1\u00ba) a 91.589 pessoas infectadas por covid-19, doen\u00e7a respirat\u00f3ria causada pelo novo coronav\u00edrus. Em 24h, foram registrados no pa\u00eds 6.209 casos, um aumento de 7% em rela\u00e7\u00e3o ao total de notifica\u00e7\u00f5es de ontem (30), quando 85.380 pessoas testaram positivo para o v\u00edrus. O n\u00famero de recuperados \u00e9 de 38.039, o que corresponde a 41,5% do total de infectados.<\/p>\n<p>De acordo com a atualiza\u00e7\u00e3o do Minist\u00e9rio da Sa\u00fade divulgada nesta sexta-feira (1\u00b0), o total de mortes subiu para 6.329. De ontem para hoje, foram registrados 428 novos \u00f3bitos, um aumento de 7% em rela\u00e7\u00e3o \u00e0 quinta-feira (30), quando foram contabilizados 5.901 falecimentos.<\/p>\n<p>S\u00e3o Paulo se mant\u00e9m como o epicentro da pandemia no pa\u00eds, com 30.374 casos. O estado tamb\u00e9m concentra o maior n\u00famero de falecimentos (2.511). Em seguida vem o Rio de Janeiro, com 10.166 casos e 921 \u00f3bitos.<\/p>\n<p>Com 7.334 casos, Pernambuco aparece em terceiro no n\u00famero de \u00f3bitos, com 603. O Cear\u00e1 tem 7.879 casos e 505 mortes e o Amazonas registra 5.723 caos e 476 \u00f3bitos.<br \/>\nTamb\u00e9m foram registradas mortes no Par\u00e1 (235), Maranh\u00e3o (204), Bahia (117), Esp\u00edrito Santo (96), Paran\u00e1 (89), Minas Gerais (88), Para\u00edba (67), Rio Grande do Sul (58), Rio Grande do Sul (56), Alagoas (53), Santa Catarina (48), Amap\u00e1 (37), Distrito Federal (30), Goi\u00e1s (29), Piau\u00ed (24), Acre (19), Rond\u00f4nia (18), Sergipe (14), Mato Grosso (11), Mato Grosso do Sul (9), Roraima (8) e Tocantins (3).<\/p>\n<p>Fonte: Ag\u00eancia Brasil<\/p>\n","protected":false},"excerpt":{"rendered":"<p>O Brasil chegou hoje (1\u00ba) a 91.589 pessoas infectadas por covid-19, doen\u00e7a respirat\u00f3ria causada pelo novo coronav\u00edrus. Em 24h, foram registrados no pa\u00eds 6.209 casos, um aumento de 7% em rela\u00e7\u00e3o ao total de notifica\u00e7\u00f5es de ontem (30), quando 85.380 pessoas testaram positivo para o v\u00edrus. O n\u00famero de recuperados \u00e9 de 38.039, o que corresponde a 41,5% do total de infectados. De acordo com a atualiza\u00e7\u00e3o do Minist\u00e9rio da Sa\u00fade divulgada nesta sexta-feira (1\u00b0), o total de mortes subiu para 6.329. De ontem para hoje, foram registrados 428 novos \u00f3bitos, um aumento de 7% em rela\u00e7\u00e3o \u00e0 quinta-feira (30), quando foram contabilizados 5.901 falecimentos. S\u00e3o Paulo se mant\u00e9m como o epicentro da pandemia no pa\u00eds, com 30.374 casos. O estado tamb\u00e9m concentra o maior n\u00famero de falecimentos (2.511). Em seguida vem o Rio de Janeiro, com 10.166 casos e 921 \u00f3bitos. Com 7.334 casos, Pernambuco aparece em terceiro no n\u00famero de \u00f3bitos, com 603. O Cear\u00e1 tem 7.879 casos e 505 mortes e o Amazonas registra 5.723 caos e 476 \u00f3bitos. Tamb\u00e9m foram registradas mortes no Par\u00e1 (235), Maranh\u00e3o (204), Bahia (117), Esp\u00edrito Santo (96), Paran\u00e1 (89), Minas Gerais (88), Para\u00edba (67), Rio Grande do Sul (58), Rio Grande do Sul (56), Alagoas (53), Santa Catarina (48), Amap\u00e1 (37), Distrito Federal (30), Goi\u00e1s (29), Piau\u00ed (24), Acre (19), Rond\u00f4nia (18), Sergipe (14), Mato Grosso (11), Mato Grosso do Sul (9), Roraima (8) e Tocantins (3). Fonte: Ag\u00eancia Brasil<\/p>\n","protected":false},"author":2,"featured_media":24557,"comment_status":"closed","ping_status":"open","sticky":false,"template":"","format":"standard","meta":{"_eb_attr":"","_jetpack_memberships_contains_paid_content":false,"footnotes":""},"categories":[12],"tags":[],"class_list":["post-24617","post","type-post","status-publish","format-standard","has-post-thumbnail","hentry","category-geral"],"yoast_head":"<!-- This site is optimized with the Yoast SEO plugin v26.5 - https:\/\/yoast.com\/wordpress\/plugins\/seo\/ -->\n<title>Coronav\u00edrus: Brasil registra mais de 91 mil casos e 6,3 mil mortos - Not&iacute;cias em Destaque<\/title>\n<meta name=\"robots\" content=\"index, follow, max-snippet:-1, max-image-preview:large, max-video-preview:-1\" \/>\n<link rel=\"canonical\" href=\"https:\/\/noticiasemdestaque.com\/cd\/?p=24617\" \/>\n<meta property=\"og:locale\" content=\"pt_BR\" \/>\n<meta property=\"og:type\" content=\"article\" \/>\n<meta property=\"og:title\" content=\"Coronav\u00edrus: Brasil registra mais de 91 mil casos e 6,3 mil mortos - Not&iacute;cias em Destaque\" \/>\n<meta property=\"og:description\" content=\"O Brasil chegou hoje (1\u00ba) a 91.589 pessoas infectadas por covid-19, doen\u00e7a respirat\u00f3ria causada pelo novo coronav\u00edrus. Em 24h, foram registrados no pa\u00eds 6.209 casos, um aumento de 7% em rela\u00e7\u00e3o ao total de notifica\u00e7\u00f5es de ontem (30), quando 85.380 pessoas testaram positivo para o v\u00edrus. O n\u00famero de recuperados \u00e9 de 38.039, o que corresponde a 41,5% do total de infectados. De acordo com a atualiza\u00e7\u00e3o do Minist\u00e9rio da Sa\u00fade divulgada nesta sexta-feira (1\u00b0), o total de mortes subiu para 6.329. De ontem para hoje, foram registrados 428 novos \u00f3bitos, um aumento de 7% em rela\u00e7\u00e3o \u00e0 quinta-feira (30), quando foram contabilizados 5.901 falecimentos. S\u00e3o Paulo se mant\u00e9m como o epicentro da pandemia no pa\u00eds, com 30.374 casos. O estado tamb\u00e9m concentra o maior n\u00famero de falecimentos (2.511). Em seguida vem o Rio de Janeiro, com 10.166 casos e 921 \u00f3bitos. Com 7.334 casos, Pernambuco aparece em terceiro no n\u00famero de \u00f3bitos, com 603. O Cear\u00e1 tem 7.879 casos e 505 mortes e o Amazonas registra 5.723 caos e 476 \u00f3bitos. Tamb\u00e9m foram registradas mortes no Par\u00e1 (235), Maranh\u00e3o (204), Bahia (117), Esp\u00edrito Santo (96), Paran\u00e1 (89), Minas Gerais (88), Para\u00edba (67), Rio Grande do Sul (58), Rio Grande do Sul (56), Alagoas (53), Santa Catarina (48), Amap\u00e1 (37), Distrito Federal (30), Goi\u00e1s (29), Piau\u00ed (24), Acre (19), Rond\u00f4nia (18), Sergipe (14), Mato Grosso (11), Mato Grosso do Sul (9), Roraima (8) e Tocantins (3). Fonte: Ag\u00eancia Brasil\" \/>\n<meta property=\"og:url\" content=\"https:\/\/noticiasemdestaque.com\/cd\/?p=24617\" \/>\n<meta property=\"og:site_name\" content=\"Not&iacute;cias em Destaque\" \/>\n<meta property=\"article:published_time\" content=\"2020-05-01T23:44:09+00:00\" \/>\n<meta property=\"og:image\" content=\"https:\/\/noticiasemdestaque.com\/cd\/wp-content\/uploads\/2020\/04\/Coronavirus-Covid19-Hospital-HRAN-Ambulancia-Enfermeira-Socorrista-Bmbeiros-2-2-868x644-1.jpg\" \/>\n\t<meta property=\"og:image:width\" content=\"868\" \/>\n\t<meta property=\"og:image:height\" content=\"644\" \/>\n\t<meta property=\"og:image:type\" content=\"image\/jpeg\" \/>\n<meta name=\"author\" content=\"Not\u00edcias em Destaque\" \/>\n<meta name=\"twitter:card\" content=\"summary_large_image\" \/>\n<meta name=\"twitter:label1\" content=\"Escrito por\" \/>\n\t<meta name=\"twitter:data1\" content=\"Not\u00edcias em Destaque\" \/>\n\t<meta name=\"twitter:label2\" content=\"Est. tempo de leitura\" \/>\n\t<meta name=\"twitter:data2\" content=\"1 minuto\" \/>\n<script type=\"application\/ld+json\" class=\"yoast-schema-graph\">{\"@context\":\"https:\/\/schema.org\",\"@graph\":[{\"@type\":\"Article\",\"@id\":\"https:\/\/noticiasemdestaque.com\/cd\/?p=24617#article\",\"isPartOf\":{\"@id\":\"https:\/\/noticiasemdestaque.com\/cd\/?p=24617\"},\"author\":{\"name\":\"Not\u00edcias em Destaque\",\"@id\":\"https:\/\/noticiasemdestaque.com\/cd\/#\/schema\/person\/21320b03a7e8bb90128938dafc9b908a\"},\"headline\":\"Coronav\u00edrus: Brasil registra mais de 91 mil casos e 6,3 mil mortos\",\"datePublished\":\"2020-05-01T23:44:09+00:00\",\"mainEntityOfPage\":{\"@id\":\"https:\/\/noticiasemdestaque.com\/cd\/?p=24617\"},\"wordCount\":227,\"publisher\":{\"@id\":\"https:\/\/noticiasemdestaque.com\/cd\/#organization\"},\"image\":{\"@id\":\"https:\/\/noticiasemdestaque.com\/cd\/?p=24617#primaryimage\"},\"thumbnailUrl\":\"https:\/\/noticiasemdestaque.com\/cd\/wp-content\/uploads\/2020\/04\/Coronavirus-Covid19-Hospital-HRAN-Ambulancia-Enfermeira-Socorrista-Bmbeiros-2-2-868x644-1.jpg\",\"articleSection\":[\"Geral\"],\"inLanguage\":\"pt-BR\"},{\"@type\":\"WebPage\",\"@id\":\"https:\/\/noticiasemdestaque.com\/cd\/?p=24617\",\"url\":\"https:\/\/noticiasemdestaque.com\/cd\/?p=24617\",\"name\":\"Coronav\u00edrus: Brasil registra mais de 91 mil casos e 6,3 mil mortos - Not&iacute;cias em Destaque\",\"isPartOf\":{\"@id\":\"https:\/\/noticiasemdestaque.com\/cd\/#website\"},\"primaryImageOfPage\":{\"@id\":\"https:\/\/noticiasemdestaque.com\/cd\/?p=24617#primaryimage\"},\"image\":{\"@id\":\"https:\/\/noticiasemdestaque.com\/cd\/?p=24617#primaryimage\"},\"thumbnailUrl\":\"https:\/\/noticiasemdestaque.com\/cd\/wp-content\/uploads\/2020\/04\/Coronavirus-Covid19-Hospital-HRAN-Ambulancia-Enfermeira-Socorrista-Bmbeiros-2-2-868x644-1.jpg\",\"datePublished\":\"2020-05-01T23:44:09+00:00\",\"breadcrumb\":{\"@id\":\"https:\/\/noticiasemdestaque.com\/cd\/?p=24617#breadcrumb\"},\"inLanguage\":\"pt-BR\",\"potentialAction\":[{\"@type\":\"ReadAction\",\"target\":[\"https:\/\/noticiasemdestaque.com\/cd\/?p=24617\"]}]},{\"@type\":\"ImageObject\",\"inLanguage\":\"pt-BR\",\"@id\":\"https:\/\/noticiasemdestaque.com\/cd\/?p=24617#primaryimage\",\"url\":\"https:\/\/noticiasemdestaque.com\/cd\/wp-content\/uploads\/2020\/04\/Coronavirus-Covid19-Hospital-HRAN-Ambulancia-Enfermeira-Socorrista-Bmbeiros-2-2-868x644-1.jpg\",\"contentUrl\":\"https:\/\/noticiasemdestaque.com\/cd\/wp-content\/uploads\/2020\/04\/Coronavirus-Covid19-Hospital-HRAN-Ambulancia-Enfermeira-Socorrista-Bmbeiros-2-2-868x644-1.jpg\",\"width\":868,\"height\":644,\"caption\":\"Coronavirus-Covid-19 - Movimenta\u00e7\u00e3o de ambul\u00e2ncias, pacientes, enfermeiros, bombeiros e socorristas no Hospital Regional da Asa Norte, local de refer\u00eancia para paciebtes com a Covid-19. S\u00e9rgio Lima\/Poder360 04.04.2020\"},{\"@type\":\"BreadcrumbList\",\"@id\":\"https:\/\/noticiasemdestaque.com\/cd\/?p=24617#breadcrumb\",\"itemListElement\":[{\"@type\":\"ListItem\",\"position\":1,\"name\":\"In\u00edcio\",\"item\":\"https:\/\/noticiasemdestaque.com\/cd\/\"},{\"@type\":\"ListItem\",\"position\":2,\"name\":\"Coronav\u00edrus: Brasil registra mais de 91 mil casos e 6,3 mil mortos\"}]},{\"@type\":\"WebSite\",\"@id\":\"https:\/\/noticiasemdestaque.com\/cd\/#website\",\"url\":\"https:\/\/noticiasemdestaque.com\/cd\/\",\"name\":\"Not&iacute;cias em Destaque\",\"description\":\"\",\"publisher\":{\"@id\":\"https:\/\/noticiasemdestaque.com\/cd\/#organization\"},\"potentialAction\":[{\"@type\":\"SearchAction\",\"target\":{\"@type\":\"EntryPoint\",\"urlTemplate\":\"https:\/\/noticiasemdestaque.com\/cd\/?s={search_term_string}\"},\"query-input\":{\"@type\":\"PropertyValueSpecification\",\"valueRequired\":true,\"valueName\":\"search_term_string\"}}],\"inLanguage\":\"pt-BR\"},{\"@type\":\"Organization\",\"@id\":\"https:\/\/noticiasemdestaque.com\/cd\/#organization\",\"name\":\"Not\u00edcias em Destaque\",\"url\":\"https:\/\/noticiasemdestaque.com\/cd\/\",\"logo\":{\"@type\":\"ImageObject\",\"inLanguage\":\"pt-BR\",\"@id\":\"https:\/\/noticiasemdestaque.com\/cd\/#\/schema\/logo\/image\/\",\"url\":\"https:\/\/noticiasemdestaque.com\/cd\/wp-content\/uploads\/2022\/05\/imagem-base-noticiasemdestaque.png\",\"contentUrl\":\"https:\/\/noticiasemdestaque.com\/cd\/wp-content\/uploads\/2022\/05\/imagem-base-noticiasemdestaque.png\",\"width\":1200,\"height\":630,\"caption\":\"Not\u00edcias em Destaque\"},\"image\":{\"@id\":\"https:\/\/noticiasemdestaque.com\/cd\/#\/schema\/logo\/image\/\"}},{\"@type\":\"Person\",\"@id\":\"https:\/\/noticiasemdestaque.com\/cd\/#\/schema\/person\/21320b03a7e8bb90128938dafc9b908a\",\"name\":\"Not\u00edcias em Destaque\",\"url\":\"https:\/\/noticiasemdestaque.com\/cd\/?author=2\"}]}<\/script>\n<!-- \/ Yoast SEO plugin. -->","yoast_head_json":{"title":"Coronav\u00edrus: Brasil registra mais de 91 mil casos e 6,3 mil mortos - Not&iacute;cias em Destaque","robots":{"index":"index","follow":"follow","max-snippet":"max-snippet:-1","max-image-preview":"max-image-preview:large","max-video-preview":"max-video-preview:-1"},"canonical":"https:\/\/noticiasemdestaque.com\/cd\/?p=24617","og_locale":"pt_BR","og_type":"article","og_title":"Coronav\u00edrus: Brasil registra mais de 91 mil casos e 6,3 mil mortos - Not&iacute;cias em Destaque","og_description":"O Brasil chegou hoje (1\u00ba) a 91.589 pessoas infectadas por covid-19, doen\u00e7a respirat\u00f3ria causada pelo novo coronav\u00edrus. Em 24h, foram registrados no pa\u00eds 6.209 casos, um aumento de 7% em rela\u00e7\u00e3o ao total de notifica\u00e7\u00f5es de ontem (30), quando 85.380 pessoas testaram positivo para o v\u00edrus. O n\u00famero de recuperados \u00e9 de 38.039, o que corresponde a 41,5% do total de infectados. De acordo com a atualiza\u00e7\u00e3o do Minist\u00e9rio da Sa\u00fade divulgada nesta sexta-feira (1\u00b0), o total de mortes subiu para 6.329. De ontem para hoje, foram registrados 428 novos \u00f3bitos, um aumento de 7% em rela\u00e7\u00e3o \u00e0 quinta-feira (30), quando foram contabilizados 5.901 falecimentos. S\u00e3o Paulo se mant\u00e9m como o epicentro da pandemia no pa\u00eds, com 30.374 casos. O estado tamb\u00e9m concentra o maior n\u00famero de falecimentos (2.511). Em seguida vem o Rio de Janeiro, com 10.166 casos e 921 \u00f3bitos. Com 7.334 casos, Pernambuco aparece em terceiro no n\u00famero de \u00f3bitos, com 603. O Cear\u00e1 tem 7.879 casos e 505 mortes e o Amazonas registra 5.723 caos e 476 \u00f3bitos. Tamb\u00e9m foram registradas mortes no Par\u00e1 (235), Maranh\u00e3o (204), Bahia (117), Esp\u00edrito Santo (96), Paran\u00e1 (89), Minas Gerais (88), Para\u00edba (67), Rio Grande do Sul (58), Rio Grande do Sul (56), Alagoas (53), Santa Catarina (48), Amap\u00e1 (37), Distrito Federal (30), Goi\u00e1s (29), Piau\u00ed (24), Acre (19), Rond\u00f4nia (18), Sergipe (14), Mato Grosso (11), Mato Grosso do Sul (9), Roraima (8) e Tocantins (3). Fonte: Ag\u00eancia Brasil","og_url":"https:\/\/noticiasemdestaque.com\/cd\/?p=24617","og_site_name":"Not&iacute;cias em Destaque","article_published_time":"2020-05-01T23:44:09+00:00","og_image":[{"width":868,"height":644,"url":"https:\/\/noticiasemdestaque.com\/cd\/wp-content\/uploads\/2020\/04\/Coronavirus-Covid19-Hospital-HRAN-Ambulancia-Enfermeira-Socorrista-Bmbeiros-2-2-868x644-1.jpg","type":"image\/jpeg"}],"author":"Not\u00edcias em Destaque","twitter_card":"summary_large_image","twitter_misc":{"Escrito por":"Not\u00edcias em Destaque","Est. tempo de leitura":"1 minuto"},"schema":{"@context":"https:\/\/schema.org","@graph":[{"@type":"Article","@id":"https:\/\/noticiasemdestaque.com\/cd\/?p=24617#article","isPartOf":{"@id":"https:\/\/noticiasemdestaque.com\/cd\/?p=24617"},"author":{"name":"Not\u00edcias em Destaque","@id":"https:\/\/noticiasemdestaque.com\/cd\/#\/schema\/person\/21320b03a7e8bb90128938dafc9b908a"},"headline":"Coronav\u00edrus: Brasil registra mais de 91 mil casos e 6,3 mil mortos","datePublished":"2020-05-01T23:44:09+00:00","mainEntityOfPage":{"@id":"https:\/\/noticiasemdestaque.com\/cd\/?p=24617"},"wordCount":227,"publisher":{"@id":"https:\/\/noticiasemdestaque.com\/cd\/#organization"},"image":{"@id":"https:\/\/noticiasemdestaque.com\/cd\/?p=24617#primaryimage"},"thumbnailUrl":"https:\/\/noticiasemdestaque.com\/cd\/wp-content\/uploads\/2020\/04\/Coronavirus-Covid19-Hospital-HRAN-Ambulancia-Enfermeira-Socorrista-Bmbeiros-2-2-868x644-1.jpg","articleSection":["Geral"],"inLanguage":"pt-BR"},{"@type":"WebPage","@id":"https:\/\/noticiasemdestaque.com\/cd\/?p=24617","url":"https:\/\/noticiasemdestaque.com\/cd\/?p=24617","name":"Coronav\u00edrus: Brasil registra mais de 91 mil casos e 6,3 mil mortos - Not&iacute;cias em Destaque","isPartOf":{"@id":"https:\/\/noticiasemdestaque.com\/cd\/#website"},"primaryImageOfPage":{"@id":"https:\/\/noticiasemdestaque.com\/cd\/?p=24617#primaryimage"},"image":{"@id":"https:\/\/noticiasemdestaque.com\/cd\/?p=24617#primaryimage"},"thumbnailUrl":"https:\/\/noticiasemdestaque.com\/cd\/wp-content\/uploads\/2020\/04\/Coronavirus-Covid19-Hospital-HRAN-Ambulancia-Enfermeira-Socorrista-Bmbeiros-2-2-868x644-1.jpg","datePublished":"2020-05-01T23:44:09+00:00","breadcrumb":{"@id":"https:\/\/noticiasemdestaque.com\/cd\/?p=24617#breadcrumb"},"inLanguage":"pt-BR","potentialAction":[{"@type":"ReadAction","target":["https:\/\/noticiasemdestaque.com\/cd\/?p=24617"]}]},{"@type":"ImageObject","inLanguage":"pt-BR","@id":"https:\/\/noticiasemdestaque.com\/cd\/?p=24617#primaryimage","url":"https:\/\/noticiasemdestaque.com\/cd\/wp-content\/uploads\/2020\/04\/Coronavirus-Covid19-Hospital-HRAN-Ambulancia-Enfermeira-Socorrista-Bmbeiros-2-2-868x644-1.jpg","contentUrl":"https:\/\/noticiasemdestaque.com\/cd\/wp-content\/uploads\/2020\/04\/Coronavirus-Covid19-Hospital-HRAN-Ambulancia-Enfermeira-Socorrista-Bmbeiros-2-2-868x644-1.jpg","width":868,"height":644,"caption":"Coronavirus-Covid-19 - Movimenta\u00e7\u00e3o de ambul\u00e2ncias, pacientes, enfermeiros, bombeiros e socorristas no Hospital Regional da Asa Norte, local de refer\u00eancia para paciebtes com a Covid-19. S\u00e9rgio Lima\/Poder360 04.04.2020"},{"@type":"BreadcrumbList","@id":"https:\/\/noticiasemdestaque.com\/cd\/?p=24617#breadcrumb","itemListElement":[{"@type":"ListItem","position":1,"name":"In\u00edcio","item":"https:\/\/noticiasemdestaque.com\/cd\/"},{"@type":"ListItem","position":2,"name":"Coronav\u00edrus: Brasil registra mais de 91 mil casos e 6,3 mil mortos"}]},{"@type":"WebSite","@id":"https:\/\/noticiasemdestaque.com\/cd\/#website","url":"https:\/\/noticiasemdestaque.com\/cd\/","name":"Not&iacute;cias em Destaque","description":"","publisher":{"@id":"https:\/\/noticiasemdestaque.com\/cd\/#organization"},"potentialAction":[{"@type":"SearchAction","target":{"@type":"EntryPoint","urlTemplate":"https:\/\/noticiasemdestaque.com\/cd\/?s={search_term_string}"},"query-input":{"@type":"PropertyValueSpecification","valueRequired":true,"valueName":"search_term_string"}}],"inLanguage":"pt-BR"},{"@type":"Organization","@id":"https:\/\/noticiasemdestaque.com\/cd\/#organization","name":"Not\u00edcias em Destaque","url":"https:\/\/noticiasemdestaque.com\/cd\/","logo":{"@type":"ImageObject","inLanguage":"pt-BR","@id":"https:\/\/noticiasemdestaque.com\/cd\/#\/schema\/logo\/image\/","url":"https:\/\/noticiasemdestaque.com\/cd\/wp-content\/uploads\/2022\/05\/imagem-base-noticiasemdestaque.png","contentUrl":"https:\/\/noticiasemdestaque.com\/cd\/wp-content\/uploads\/2022\/05\/imagem-base-noticiasemdestaque.png","width":1200,"height":630,"caption":"Not\u00edcias em Destaque"},"image":{"@id":"https:\/\/noticiasemdestaque.com\/cd\/#\/schema\/logo\/image\/"}},{"@type":"Person","@id":"https:\/\/noticiasemdestaque.com\/cd\/#\/schema\/person\/21320b03a7e8bb90128938dafc9b908a","name":"Not\u00edcias em Destaque","url":"https:\/\/noticiasemdestaque.com\/cd\/?author=2"}]}},"jetpack_featured_media_url":"https:\/\/noticiasemdestaque.com\/cd\/wp-content\/uploads\/2020\/04\/Coronavirus-Covid19-Hospital-HRAN-Ambulancia-Enfermeira-Socorrista-Bmbeiros-2-2-868x644-1.jpg","jetpack_sharing_enabled":true,"_links":{"self":[{"href":"https:\/\/noticiasemdestaque.com\/cd\/index.php?rest_route=\/wp\/v2\/posts\/24617","targetHints":{"allow":["GET"]}}],"collection":[{"href":"https:\/\/noticiasemdestaque.com\/cd\/index.php?rest_route=\/wp\/v2\/posts"}],"about":[{"href":"https:\/\/noticiasemdestaque.com\/cd\/index.php?rest_route=\/wp\/v2\/types\/post"}],"author":[{"embeddable":true,"href":"https:\/\/noticiasemdestaque.com\/cd\/index.php?rest_route=\/wp\/v2\/users\/2"}],"replies":[{"embeddable":true,"href":"https:\/\/noticiasemdestaque.com\/cd\/index.php?rest_route=%2Fwp%2Fv2%2Fcomments&post=24617"}],"version-history":[{"count":1,"href":"https:\/\/noticiasemdestaque.com\/cd\/index.php?rest_route=\/wp\/v2\/posts\/24617\/revisions"}],"predecessor-version":[{"id":24618,"href":"https:\/\/noticiasemdestaque.com\/cd\/index.php?rest_route=\/wp\/v2\/posts\/24617\/revisions\/24618"}],"wp:featuredmedia":[{"embeddable":true,"href":"https:\/\/noticiasemdestaque.com\/cd\/index.php?rest_route=\/wp\/v2\/media\/24557"}],"wp:attachment":[{"href":"https:\/\/noticiasemdestaque.com\/cd\/index.php?rest_route=%2Fwp%2Fv2%2Fmedia&parent=24617"}],"wp:term":[{"taxonomy":"category","embeddable":true,"href":"https:\/\/noticiasemdestaque.com\/cd\/index.php?rest_route=%2Fwp%2Fv2%2Fcategories&post=24617"},{"taxonomy":"post_tag","embeddable":true,"href":"https:\/\/noticiasemdestaque.com\/cd\/index.php?rest_route=%2Fwp%2Fv2%2Ftags&post=24617"}],"curies":[{"name":"wp","href":"https:\/\/api.w.org\/{rel}","templated":true}]}}