{"id":24613,"date":"2020-05-01T20:41:24","date_gmt":"2020-05-01T23:41:24","guid":{"rendered":"http:\/\/noticiasemdestaque.com\/cd\/?p=24613"},"modified":"2020-05-01T20:41:44","modified_gmt":"2020-05-01T23:41:44","slug":"familia-descobre-que-idoso-dado-como-morto-por-covid-19-esta-vivo-apos-erro-de-hospital-na-pb","status":"publish","type":"post","link":"https:\/\/noticiasemdestaque.com\/cd\/?p=24613","title":{"rendered":"Fam\u00edlia descobre que idoso dado como morto por Covid-19 est\u00e1 vivo ap\u00f3s erro de hospital na PB"},"content":{"rendered":"<p><a href=\"https:\/\/noticiasemdestaque.com\/cd\/wp-content\/uploads\/2020\/05\/5-1.jpg\"><img fetchpriority=\"high\" decoding=\"async\" class=\"size-full wp-image-24614 aligncenter\" src=\"https:\/\/noticiasemdestaque.com\/cd\/wp-content\/uploads\/2020\/05\/5-1.jpg\" alt=\"\" width=\"490\" height=\"274\" srcset=\"https:\/\/noticiasemdestaque.com\/cd\/wp-content\/uploads\/2020\/05\/5-1.jpg 490w, https:\/\/noticiasemdestaque.com\/cd\/wp-content\/uploads\/2020\/05\/5-1-300x168.jpg 300w\" sizes=\"(max-width: 490px) 100vw, 490px\" \/><\/a><\/p>\n<p style=\"font-weight: 400;\">A fam\u00edlia de um aposentado de 71 anos recebeu a not\u00edcia de que o idoso havia morrido por Covid-19 mas descobriu, cerca de oito horas depois, que o paciente estava vivo e internado em uma Unidade de Terapia Intensiva (UTI) do Hospital Metropolitano Dom Jos\u00e9 Maria Pires, em Santa Rita, Regi\u00e3o Metropolitana de Jo\u00e3o Pessoa.<\/p>\n<p style=\"font-weight: 400;\">Geraldo Gon\u00e7alves de Cardoso deu entrada na unidade h\u00e1 cerca de 15 dias onde est\u00e1 fazendo tratamento ap\u00f3s contamina\u00e7\u00e3o pelo novo coronav\u00edrus. Segundo o filho dele, Jos\u00e9 Carlos Cardoso, o hospital acionou a fam\u00edlia no in\u00edcio da manh\u00e3 da quinta-feira (30) para avisar que o aposentado havia morrido.<\/p>\n<p style=\"font-weight: 400;\">\u201cO pessoal do hospital ligou para o meu sobrinho avisando que ele fosse l\u00e1. Quando meu sobrinho chegou l\u00e1, eles apresentaram o laudo de morte do meu pai\u201d, disse Geraldo. O documento apontava como causa da morte S\u00edndrome Respirat\u00f3ria Aguda Grave (SARS), Covid-19 e Doen\u00e7a Pulmonar Obstrutiva Cr\u00f4nica.<\/p>\n<p style=\"font-weight: 400;\">A equipe da unidade hospitalar levou o neto do aposentado para fazer o reconhecimento do corpo e quando chegou no local, a surpresa. Nenhum dos corpos era o de Geraldo.<\/p>\n<p style=\"font-weight: 400;\">\u201cEles mostraram alguns corpos, mas a gente queria saber, porque os corpos n\u00e3o eram do meu pai, mas tinha um com o nome dele. O endere\u00e7o estava errado, estava como Mangabeira [bairro de Jo\u00e3o Pessoa], mas meu pai \u00e9 de Mandacaru\u201d, explica Jos\u00e9 Carlos.<\/p>\n<p style=\"font-weight: 400;\">O filho disse que a fam\u00edlia come\u00e7ou, ent\u00e3o, a procurar pelo idoso dentro do hospital, e que s\u00f3 por volta das 15h a unidade informou que encontrou o idoso na UTI.<\/p>\n<p style=\"font-weight: 400;\">\u201c\u00c9 uma coisa muito s\u00e9ria, um sofrimento muito grande. A fam\u00edlia toda ficou sabendo, aqui na Para\u00edba, no Rio de Janeiro, em S\u00e3o Paulo, todo mundo ligando direto e a gente se estressando com o problema todo, perdemos dia de trabalho. Tudo bem que \u00e9 um erro humano e estamos felizes por ele estar vivo, mas isso n\u00e3o pode acontecer com ningu\u00e9m\u201d, completa Jos\u00e9 Carlos.<\/p>\n<p style=\"font-weight: 400;\">Em nota enviada na noite da quinta-feira, a dire\u00e7\u00e3o do Hospital Metropolitano Dom Jos\u00e9 Maria Pires informou que o caso se tratou de um erro humano e que houve uma troca de registro de paciente, o que resultou em uma informa\u00e7\u00e3o equivocada de \u00f3bito.<\/p>\n<p style=\"font-weight: 400;\">A nota diz ainda que ao identificar o equ\u00edvoco, a fam\u00edlia foi imediatamente informada que o paciente estava vivo e segue sob cuidados da equipe da UTI COVID. A dire\u00e7\u00e3o lamenta o erro e ratifica ainda a solidariedade e suporte \u00e0 fam\u00edlia.<\/p>\n<p><span style=\"font-weight: 400;\">G1 PB<\/span><\/p>\n","protected":false},"excerpt":{"rendered":"<p>A fam\u00edlia de um aposentado de 71 anos recebeu a not\u00edcia de que o idoso havia morrido por Covid-19 mas descobriu, cerca de oito horas depois, que o paciente estava vivo e internado em uma Unidade de Terapia Intensiva (UTI) do Hospital Metropolitano Dom Jos\u00e9 Maria Pires, em Santa Rita, Regi\u00e3o Metropolitana de Jo\u00e3o Pessoa. Geraldo Gon\u00e7alves de Cardoso deu entrada na unidade h\u00e1 cerca de 15 dias onde est\u00e1 fazendo tratamento ap\u00f3s contamina\u00e7\u00e3o pelo novo coronav\u00edrus. Segundo o filho dele, Jos\u00e9 Carlos Cardoso, o hospital acionou a fam\u00edlia no in\u00edcio da manh\u00e3 da quinta-feira (30) para avisar que o aposentado havia morrido. \u201cO pessoal do hospital ligou para o meu sobrinho avisando que ele fosse l\u00e1. Quando meu sobrinho chegou l\u00e1, eles apresentaram o laudo de morte do meu pai\u201d, disse Geraldo. O documento apontava como causa da morte S\u00edndrome Respirat\u00f3ria Aguda Grave (SARS), Covid-19 e Doen\u00e7a Pulmonar Obstrutiva Cr\u00f4nica. A equipe da unidade hospitalar levou o neto do aposentado para fazer o reconhecimento do corpo e quando chegou no local, a surpresa. Nenhum dos corpos era o de Geraldo. \u201cEles mostraram alguns corpos, mas a gente queria saber, porque os corpos n\u00e3o eram do meu pai, mas tinha um com o nome dele. O endere\u00e7o estava errado, estava como Mangabeira [bairro de Jo\u00e3o Pessoa], mas meu pai \u00e9 de Mandacaru\u201d, explica Jos\u00e9 Carlos. O filho disse que a fam\u00edlia come\u00e7ou, ent\u00e3o, a procurar pelo idoso dentro do hospital, e que s\u00f3 por volta das 15h a unidade informou que encontrou o idoso na UTI. \u201c\u00c9 uma coisa muito s\u00e9ria, um sofrimento muito grande. A fam\u00edlia toda ficou sabendo, aqui na Para\u00edba, no Rio de Janeiro, em S\u00e3o Paulo, todo mundo ligando direto e a gente se estressando com o problema todo, perdemos dia de trabalho. Tudo bem que \u00e9 um erro humano e estamos felizes por ele estar vivo, mas isso n\u00e3o pode acontecer com ningu\u00e9m\u201d, completa Jos\u00e9 Carlos. Em nota enviada na noite da quinta-feira, a dire\u00e7\u00e3o do Hospital Metropolitano Dom Jos\u00e9 Maria Pires informou que o caso se tratou de um erro humano e que houve uma troca de registro de paciente, o que resultou em uma informa\u00e7\u00e3o equivocada de \u00f3bito. A nota diz ainda que ao identificar o equ\u00edvoco, a fam\u00edlia foi imediatamente informada que o paciente estava vivo e segue sob cuidados da equipe da UTI COVID. A dire\u00e7\u00e3o lamenta o erro e ratifica ainda a solidariedade e suporte \u00e0 fam\u00edlia. G1 PB<\/p>\n","protected":false},"author":2,"featured_media":24614,"comment_status":"closed","ping_status":"open","sticky":false,"template":"","format":"standard","meta":{"_eb_attr":"","_jetpack_memberships_contains_paid_content":false,"footnotes":""},"categories":[8],"tags":[],"class_list":["post-24613","post","type-post","status-publish","format-standard","has-post-thumbnail","hentry","category-saude"],"yoast_head":"<!-- This site is optimized with the Yoast SEO plugin v26.5 - https:\/\/yoast.com\/wordpress\/plugins\/seo\/ -->\n<title>Fam\u00edlia descobre que idoso dado como morto por Covid-19 est\u00e1 vivo ap\u00f3s erro de hospital na PB - Not&iacute;cias em Destaque<\/title>\n<meta name=\"robots\" content=\"index, follow, max-snippet:-1, max-image-preview:large, max-video-preview:-1\" \/>\n<link rel=\"canonical\" href=\"https:\/\/noticiasemdestaque.com\/cd\/?p=24613\" \/>\n<meta property=\"og:locale\" content=\"pt_BR\" \/>\n<meta property=\"og:type\" content=\"article\" \/>\n<meta property=\"og:title\" content=\"Fam\u00edlia descobre que idoso dado como morto por Covid-19 est\u00e1 vivo ap\u00f3s erro de hospital na PB - Not&iacute;cias em Destaque\" \/>\n<meta property=\"og:description\" content=\"A fam\u00edlia de um aposentado de 71 anos recebeu a not\u00edcia de que o idoso havia morrido por Covid-19 mas descobriu, cerca de oito horas depois, que o paciente estava vivo e internado em uma Unidade de Terapia Intensiva (UTI) do Hospital Metropolitano Dom Jos\u00e9 Maria Pires, em Santa Rita, Regi\u00e3o Metropolitana de Jo\u00e3o Pessoa. Geraldo Gon\u00e7alves de Cardoso deu entrada na unidade h\u00e1 cerca de 15 dias onde est\u00e1 fazendo tratamento ap\u00f3s contamina\u00e7\u00e3o pelo novo coronav\u00edrus. Segundo o filho dele, Jos\u00e9 Carlos Cardoso, o hospital acionou a fam\u00edlia no in\u00edcio da manh\u00e3 da quinta-feira (30) para avisar que o aposentado havia morrido. \u201cO pessoal do hospital ligou para o meu sobrinho avisando que ele fosse l\u00e1. Quando meu sobrinho chegou l\u00e1, eles apresentaram o laudo de morte do meu pai\u201d, disse Geraldo. O documento apontava como causa da morte S\u00edndrome Respirat\u00f3ria Aguda Grave (SARS), Covid-19 e Doen\u00e7a Pulmonar Obstrutiva Cr\u00f4nica. A equipe da unidade hospitalar levou o neto do aposentado para fazer o reconhecimento do corpo e quando chegou no local, a surpresa. Nenhum dos corpos era o de Geraldo. \u201cEles mostraram alguns corpos, mas a gente queria saber, porque os corpos n\u00e3o eram do meu pai, mas tinha um com o nome dele. O endere\u00e7o estava errado, estava como Mangabeira [bairro de Jo\u00e3o Pessoa], mas meu pai \u00e9 de Mandacaru\u201d, explica Jos\u00e9 Carlos. O filho disse que a fam\u00edlia come\u00e7ou, ent\u00e3o, a procurar pelo idoso dentro do hospital, e que s\u00f3 por volta das 15h a unidade informou que encontrou o idoso na UTI. \u201c\u00c9 uma coisa muito s\u00e9ria, um sofrimento muito grande. A fam\u00edlia toda ficou sabendo, aqui na Para\u00edba, no Rio de Janeiro, em S\u00e3o Paulo, todo mundo ligando direto e a gente se estressando com o problema todo, perdemos dia de trabalho. Tudo bem que \u00e9 um erro humano e estamos felizes por ele estar vivo, mas isso n\u00e3o pode acontecer com ningu\u00e9m\u201d, completa Jos\u00e9 Carlos. Em nota enviada na noite da quinta-feira, a dire\u00e7\u00e3o do Hospital Metropolitano Dom Jos\u00e9 Maria Pires informou que o caso se tratou de um erro humano e que houve uma troca de registro de paciente, o que resultou em uma informa\u00e7\u00e3o equivocada de \u00f3bito. A nota diz ainda que ao identificar o equ\u00edvoco, a fam\u00edlia foi imediatamente informada que o paciente estava vivo e segue sob cuidados da equipe da UTI COVID. A dire\u00e7\u00e3o lamenta o erro e ratifica ainda a solidariedade e suporte \u00e0 fam\u00edlia. G1 PB\" \/>\n<meta property=\"og:url\" content=\"https:\/\/noticiasemdestaque.com\/cd\/?p=24613\" \/>\n<meta property=\"og:site_name\" content=\"Not&iacute;cias em Destaque\" \/>\n<meta property=\"article:published_time\" content=\"2020-05-01T23:41:24+00:00\" \/>\n<meta property=\"article:modified_time\" content=\"2020-05-01T23:41:44+00:00\" \/>\n<meta property=\"og:image\" content=\"https:\/\/noticiasemdestaque.com\/cd\/wp-content\/uploads\/2020\/05\/5-1.jpg\" \/>\n\t<meta property=\"og:image:width\" content=\"490\" \/>\n\t<meta property=\"og:image:height\" content=\"274\" \/>\n\t<meta property=\"og:image:type\" content=\"image\/jpeg\" \/>\n<meta name=\"author\" content=\"Not\u00edcias em Destaque\" \/>\n<meta name=\"twitter:card\" content=\"summary_large_image\" \/>\n<meta name=\"twitter:label1\" content=\"Escrito por\" \/>\n\t<meta name=\"twitter:data1\" content=\"Not\u00edcias em Destaque\" \/>\n\t<meta name=\"twitter:label2\" content=\"Est. tempo de leitura\" \/>\n\t<meta name=\"twitter:data2\" content=\"2 minutos\" \/>\n<script type=\"application\/ld+json\" class=\"yoast-schema-graph\">{\"@context\":\"https:\/\/schema.org\",\"@graph\":[{\"@type\":\"Article\",\"@id\":\"https:\/\/noticiasemdestaque.com\/cd\/?p=24613#article\",\"isPartOf\":{\"@id\":\"https:\/\/noticiasemdestaque.com\/cd\/?p=24613\"},\"author\":{\"name\":\"Not\u00edcias em Destaque\",\"@id\":\"https:\/\/noticiasemdestaque.com\/cd\/#\/schema\/person\/21320b03a7e8bb90128938dafc9b908a\"},\"headline\":\"Fam\u00edlia descobre que idoso dado como morto por Covid-19 est\u00e1 vivo ap\u00f3s erro de hospital na PB\",\"datePublished\":\"2020-05-01T23:41:24+00:00\",\"dateModified\":\"2020-05-01T23:41:44+00:00\",\"mainEntityOfPage\":{\"@id\":\"https:\/\/noticiasemdestaque.com\/cd\/?p=24613\"},\"wordCount\":453,\"publisher\":{\"@id\":\"https:\/\/noticiasemdestaque.com\/cd\/#organization\"},\"image\":{\"@id\":\"https:\/\/noticiasemdestaque.com\/cd\/?p=24613#primaryimage\"},\"thumbnailUrl\":\"https:\/\/noticiasemdestaque.com\/cd\/wp-content\/uploads\/2020\/05\/5-1.jpg\",\"articleSection\":[\"Sa\u00fade\"],\"inLanguage\":\"pt-BR\"},{\"@type\":\"WebPage\",\"@id\":\"https:\/\/noticiasemdestaque.com\/cd\/?p=24613\",\"url\":\"https:\/\/noticiasemdestaque.com\/cd\/?p=24613\",\"name\":\"Fam\u00edlia descobre que idoso dado como morto por Covid-19 est\u00e1 vivo ap\u00f3s erro de hospital na PB - Not&iacute;cias em Destaque\",\"isPartOf\":{\"@id\":\"https:\/\/noticiasemdestaque.com\/cd\/#website\"},\"primaryImageOfPage\":{\"@id\":\"https:\/\/noticiasemdestaque.com\/cd\/?p=24613#primaryimage\"},\"image\":{\"@id\":\"https:\/\/noticiasemdestaque.com\/cd\/?p=24613#primaryimage\"},\"thumbnailUrl\":\"https:\/\/noticiasemdestaque.com\/cd\/wp-content\/uploads\/2020\/05\/5-1.jpg\",\"datePublished\":\"2020-05-01T23:41:24+00:00\",\"dateModified\":\"2020-05-01T23:41:44+00:00\",\"breadcrumb\":{\"@id\":\"https:\/\/noticiasemdestaque.com\/cd\/?p=24613#breadcrumb\"},\"inLanguage\":\"pt-BR\",\"potentialAction\":[{\"@type\":\"ReadAction\",\"target\":[\"https:\/\/noticiasemdestaque.com\/cd\/?p=24613\"]}]},{\"@type\":\"ImageObject\",\"inLanguage\":\"pt-BR\",\"@id\":\"https:\/\/noticiasemdestaque.com\/cd\/?p=24613#primaryimage\",\"url\":\"https:\/\/noticiasemdestaque.com\/cd\/wp-content\/uploads\/2020\/05\/5-1.jpg\",\"contentUrl\":\"https:\/\/noticiasemdestaque.com\/cd\/wp-content\/uploads\/2020\/05\/5-1.jpg\",\"width\":490,\"height\":274},{\"@type\":\"BreadcrumbList\",\"@id\":\"https:\/\/noticiasemdestaque.com\/cd\/?p=24613#breadcrumb\",\"itemListElement\":[{\"@type\":\"ListItem\",\"position\":1,\"name\":\"In\u00edcio\",\"item\":\"https:\/\/noticiasemdestaque.com\/cd\/\"},{\"@type\":\"ListItem\",\"position\":2,\"name\":\"Fam\u00edlia descobre que idoso dado como morto por Covid-19 est\u00e1 vivo ap\u00f3s erro de hospital na PB\"}]},{\"@type\":\"WebSite\",\"@id\":\"https:\/\/noticiasemdestaque.com\/cd\/#website\",\"url\":\"https:\/\/noticiasemdestaque.com\/cd\/\",\"name\":\"Not&iacute;cias em Destaque\",\"description\":\"\",\"publisher\":{\"@id\":\"https:\/\/noticiasemdestaque.com\/cd\/#organization\"},\"potentialAction\":[{\"@type\":\"SearchAction\",\"target\":{\"@type\":\"EntryPoint\",\"urlTemplate\":\"https:\/\/noticiasemdestaque.com\/cd\/?s={search_term_string}\"},\"query-input\":{\"@type\":\"PropertyValueSpecification\",\"valueRequired\":true,\"valueName\":\"search_term_string\"}}],\"inLanguage\":\"pt-BR\"},{\"@type\":\"Organization\",\"@id\":\"https:\/\/noticiasemdestaque.com\/cd\/#organization\",\"name\":\"Not\u00edcias em Destaque\",\"url\":\"https:\/\/noticiasemdestaque.com\/cd\/\",\"logo\":{\"@type\":\"ImageObject\",\"inLanguage\":\"pt-BR\",\"@id\":\"https:\/\/noticiasemdestaque.com\/cd\/#\/schema\/logo\/image\/\",\"url\":\"https:\/\/noticiasemdestaque.com\/cd\/wp-content\/uploads\/2022\/05\/imagem-base-noticiasemdestaque.png\",\"contentUrl\":\"https:\/\/noticiasemdestaque.com\/cd\/wp-content\/uploads\/2022\/05\/imagem-base-noticiasemdestaque.png\",\"width\":1200,\"height\":630,\"caption\":\"Not\u00edcias em Destaque\"},\"image\":{\"@id\":\"https:\/\/noticiasemdestaque.com\/cd\/#\/schema\/logo\/image\/\"}},{\"@type\":\"Person\",\"@id\":\"https:\/\/noticiasemdestaque.com\/cd\/#\/schema\/person\/21320b03a7e8bb90128938dafc9b908a\",\"name\":\"Not\u00edcias em Destaque\",\"url\":\"https:\/\/noticiasemdestaque.com\/cd\/?author=2\"}]}<\/script>\n<!-- \/ Yoast SEO plugin. -->","yoast_head_json":{"title":"Fam\u00edlia descobre que idoso dado como morto por Covid-19 est\u00e1 vivo ap\u00f3s erro de hospital na PB - Not&iacute;cias em Destaque","robots":{"index":"index","follow":"follow","max-snippet":"max-snippet:-1","max-image-preview":"max-image-preview:large","max-video-preview":"max-video-preview:-1"},"canonical":"https:\/\/noticiasemdestaque.com\/cd\/?p=24613","og_locale":"pt_BR","og_type":"article","og_title":"Fam\u00edlia descobre que idoso dado como morto por Covid-19 est\u00e1 vivo ap\u00f3s erro de hospital na PB - Not&iacute;cias em Destaque","og_description":"A fam\u00edlia de um aposentado de 71 anos recebeu a not\u00edcia de que o idoso havia morrido por Covid-19 mas descobriu, cerca de oito horas depois, que o paciente estava vivo e internado em uma Unidade de Terapia Intensiva (UTI) do Hospital Metropolitano Dom Jos\u00e9 Maria Pires, em Santa Rita, Regi\u00e3o Metropolitana de Jo\u00e3o Pessoa. Geraldo Gon\u00e7alves de Cardoso deu entrada na unidade h\u00e1 cerca de 15 dias onde est\u00e1 fazendo tratamento ap\u00f3s contamina\u00e7\u00e3o pelo novo coronav\u00edrus. Segundo o filho dele, Jos\u00e9 Carlos Cardoso, o hospital acionou a fam\u00edlia no in\u00edcio da manh\u00e3 da quinta-feira (30) para avisar que o aposentado havia morrido. \u201cO pessoal do hospital ligou para o meu sobrinho avisando que ele fosse l\u00e1. Quando meu sobrinho chegou l\u00e1, eles apresentaram o laudo de morte do meu pai\u201d, disse Geraldo. O documento apontava como causa da morte S\u00edndrome Respirat\u00f3ria Aguda Grave (SARS), Covid-19 e Doen\u00e7a Pulmonar Obstrutiva Cr\u00f4nica. A equipe da unidade hospitalar levou o neto do aposentado para fazer o reconhecimento do corpo e quando chegou no local, a surpresa. Nenhum dos corpos era o de Geraldo. \u201cEles mostraram alguns corpos, mas a gente queria saber, porque os corpos n\u00e3o eram do meu pai, mas tinha um com o nome dele. O endere\u00e7o estava errado, estava como Mangabeira [bairro de Jo\u00e3o Pessoa], mas meu pai \u00e9 de Mandacaru\u201d, explica Jos\u00e9 Carlos. O filho disse que a fam\u00edlia come\u00e7ou, ent\u00e3o, a procurar pelo idoso dentro do hospital, e que s\u00f3 por volta das 15h a unidade informou que encontrou o idoso na UTI. \u201c\u00c9 uma coisa muito s\u00e9ria, um sofrimento muito grande. A fam\u00edlia toda ficou sabendo, aqui na Para\u00edba, no Rio de Janeiro, em S\u00e3o Paulo, todo mundo ligando direto e a gente se estressando com o problema todo, perdemos dia de trabalho. Tudo bem que \u00e9 um erro humano e estamos felizes por ele estar vivo, mas isso n\u00e3o pode acontecer com ningu\u00e9m\u201d, completa Jos\u00e9 Carlos. Em nota enviada na noite da quinta-feira, a dire\u00e7\u00e3o do Hospital Metropolitano Dom Jos\u00e9 Maria Pires informou que o caso se tratou de um erro humano e que houve uma troca de registro de paciente, o que resultou em uma informa\u00e7\u00e3o equivocada de \u00f3bito. A nota diz ainda que ao identificar o equ\u00edvoco, a fam\u00edlia foi imediatamente informada que o paciente estava vivo e segue sob cuidados da equipe da UTI COVID. A dire\u00e7\u00e3o lamenta o erro e ratifica ainda a solidariedade e suporte \u00e0 fam\u00edlia. G1 PB","og_url":"https:\/\/noticiasemdestaque.com\/cd\/?p=24613","og_site_name":"Not&iacute;cias em Destaque","article_published_time":"2020-05-01T23:41:24+00:00","article_modified_time":"2020-05-01T23:41:44+00:00","og_image":[{"width":490,"height":274,"url":"https:\/\/noticiasemdestaque.com\/cd\/wp-content\/uploads\/2020\/05\/5-1.jpg","type":"image\/jpeg"}],"author":"Not\u00edcias em Destaque","twitter_card":"summary_large_image","twitter_misc":{"Escrito por":"Not\u00edcias em Destaque","Est. tempo de leitura":"2 minutos"},"schema":{"@context":"https:\/\/schema.org","@graph":[{"@type":"Article","@id":"https:\/\/noticiasemdestaque.com\/cd\/?p=24613#article","isPartOf":{"@id":"https:\/\/noticiasemdestaque.com\/cd\/?p=24613"},"author":{"name":"Not\u00edcias em Destaque","@id":"https:\/\/noticiasemdestaque.com\/cd\/#\/schema\/person\/21320b03a7e8bb90128938dafc9b908a"},"headline":"Fam\u00edlia descobre que idoso dado como morto por Covid-19 est\u00e1 vivo ap\u00f3s erro de hospital na PB","datePublished":"2020-05-01T23:41:24+00:00","dateModified":"2020-05-01T23:41:44+00:00","mainEntityOfPage":{"@id":"https:\/\/noticiasemdestaque.com\/cd\/?p=24613"},"wordCount":453,"publisher":{"@id":"https:\/\/noticiasemdestaque.com\/cd\/#organization"},"image":{"@id":"https:\/\/noticiasemdestaque.com\/cd\/?p=24613#primaryimage"},"thumbnailUrl":"https:\/\/noticiasemdestaque.com\/cd\/wp-content\/uploads\/2020\/05\/5-1.jpg","articleSection":["Sa\u00fade"],"inLanguage":"pt-BR"},{"@type":"WebPage","@id":"https:\/\/noticiasemdestaque.com\/cd\/?p=24613","url":"https:\/\/noticiasemdestaque.com\/cd\/?p=24613","name":"Fam\u00edlia descobre que idoso dado como morto por Covid-19 est\u00e1 vivo ap\u00f3s erro de hospital na PB - Not&iacute;cias em Destaque","isPartOf":{"@id":"https:\/\/noticiasemdestaque.com\/cd\/#website"},"primaryImageOfPage":{"@id":"https:\/\/noticiasemdestaque.com\/cd\/?p=24613#primaryimage"},"image":{"@id":"https:\/\/noticiasemdestaque.com\/cd\/?p=24613#primaryimage"},"thumbnailUrl":"https:\/\/noticiasemdestaque.com\/cd\/wp-content\/uploads\/2020\/05\/5-1.jpg","datePublished":"2020-05-01T23:41:24+00:00","dateModified":"2020-05-01T23:41:44+00:00","breadcrumb":{"@id":"https:\/\/noticiasemdestaque.com\/cd\/?p=24613#breadcrumb"},"inLanguage":"pt-BR","potentialAction":[{"@type":"ReadAction","target":["https:\/\/noticiasemdestaque.com\/cd\/?p=24613"]}]},{"@type":"ImageObject","inLanguage":"pt-BR","@id":"https:\/\/noticiasemdestaque.com\/cd\/?p=24613#primaryimage","url":"https:\/\/noticiasemdestaque.com\/cd\/wp-content\/uploads\/2020\/05\/5-1.jpg","contentUrl":"https:\/\/noticiasemdestaque.com\/cd\/wp-content\/uploads\/2020\/05\/5-1.jpg","width":490,"height":274},{"@type":"BreadcrumbList","@id":"https:\/\/noticiasemdestaque.com\/cd\/?p=24613#breadcrumb","itemListElement":[{"@type":"ListItem","position":1,"name":"In\u00edcio","item":"https:\/\/noticiasemdestaque.com\/cd\/"},{"@type":"ListItem","position":2,"name":"Fam\u00edlia descobre que idoso dado como morto por Covid-19 est\u00e1 vivo ap\u00f3s erro de hospital na PB"}]},{"@type":"WebSite","@id":"https:\/\/noticiasemdestaque.com\/cd\/#website","url":"https:\/\/noticiasemdestaque.com\/cd\/","name":"Not&iacute;cias em Destaque","description":"","publisher":{"@id":"https:\/\/noticiasemdestaque.com\/cd\/#organization"},"potentialAction":[{"@type":"SearchAction","target":{"@type":"EntryPoint","urlTemplate":"https:\/\/noticiasemdestaque.com\/cd\/?s={search_term_string}"},"query-input":{"@type":"PropertyValueSpecification","valueRequired":true,"valueName":"search_term_string"}}],"inLanguage":"pt-BR"},{"@type":"Organization","@id":"https:\/\/noticiasemdestaque.com\/cd\/#organization","name":"Not\u00edcias em Destaque","url":"https:\/\/noticiasemdestaque.com\/cd\/","logo":{"@type":"ImageObject","inLanguage":"pt-BR","@id":"https:\/\/noticiasemdestaque.com\/cd\/#\/schema\/logo\/image\/","url":"https:\/\/noticiasemdestaque.com\/cd\/wp-content\/uploads\/2022\/05\/imagem-base-noticiasemdestaque.png","contentUrl":"https:\/\/noticiasemdestaque.com\/cd\/wp-content\/uploads\/2022\/05\/imagem-base-noticiasemdestaque.png","width":1200,"height":630,"caption":"Not\u00edcias em Destaque"},"image":{"@id":"https:\/\/noticiasemdestaque.com\/cd\/#\/schema\/logo\/image\/"}},{"@type":"Person","@id":"https:\/\/noticiasemdestaque.com\/cd\/#\/schema\/person\/21320b03a7e8bb90128938dafc9b908a","name":"Not\u00edcias em Destaque","url":"https:\/\/noticiasemdestaque.com\/cd\/?author=2"}]}},"jetpack_featured_media_url":"https:\/\/noticiasemdestaque.com\/cd\/wp-content\/uploads\/2020\/05\/5-1.jpg","jetpack_sharing_enabled":true,"_links":{"self":[{"href":"https:\/\/noticiasemdestaque.com\/cd\/index.php?rest_route=\/wp\/v2\/posts\/24613","targetHints":{"allow":["GET"]}}],"collection":[{"href":"https:\/\/noticiasemdestaque.com\/cd\/index.php?rest_route=\/wp\/v2\/posts"}],"about":[{"href":"https:\/\/noticiasemdestaque.com\/cd\/index.php?rest_route=\/wp\/v2\/types\/post"}],"author":[{"embeddable":true,"href":"https:\/\/noticiasemdestaque.com\/cd\/index.php?rest_route=\/wp\/v2\/users\/2"}],"replies":[{"embeddable":true,"href":"https:\/\/noticiasemdestaque.com\/cd\/index.php?rest_route=%2Fwp%2Fv2%2Fcomments&post=24613"}],"version-history":[{"count":2,"href":"https:\/\/noticiasemdestaque.com\/cd\/index.php?rest_route=\/wp\/v2\/posts\/24613\/revisions"}],"predecessor-version":[{"id":24616,"href":"https:\/\/noticiasemdestaque.com\/cd\/index.php?rest_route=\/wp\/v2\/posts\/24613\/revisions\/24616"}],"wp:featuredmedia":[{"embeddable":true,"href":"https:\/\/noticiasemdestaque.com\/cd\/index.php?rest_route=\/wp\/v2\/media\/24614"}],"wp:attachment":[{"href":"https:\/\/noticiasemdestaque.com\/cd\/index.php?rest_route=%2Fwp%2Fv2%2Fmedia&parent=24613"}],"wp:term":[{"taxonomy":"category","embeddable":true,"href":"https:\/\/noticiasemdestaque.com\/cd\/index.php?rest_route=%2Fwp%2Fv2%2Fcategories&post=24613"},{"taxonomy":"post_tag","embeddable":true,"href":"https:\/\/noticiasemdestaque.com\/cd\/index.php?rest_route=%2Fwp%2Fv2%2Ftags&post=24613"}],"curies":[{"name":"wp","href":"https:\/\/api.w.org\/{rel}","templated":true}]}}