{"id":24586,"date":"2020-04-29T19:58:05","date_gmt":"2020-04-29T22:58:05","guid":{"rendered":"http:\/\/noticiasemdestaque.com\/cd\/?p=24586"},"modified":"2020-04-29T19:58:05","modified_gmt":"2020-04-29T22:58:05","slug":"festa-de-emancipacao-politica-de-amparo-teve-programacao-simples-em-virtude-do-coronavirus","status":"publish","type":"post","link":"https:\/\/noticiasemdestaque.com\/cd\/?p=24586","title":{"rendered":"Festa de Emancipa\u00e7\u00e3o Pol\u00edtica de Amparo teve programa\u00e7\u00e3o simples em virtude do coronav\u00edrus"},"content":{"rendered":"<p><a href=\"https:\/\/noticiasemdestaque.com\/cd\/wp-content\/uploads\/2020\/04\/HASTEAMENTO-AMPARO-2020-20.jpg\"><img fetchpriority=\"high\" decoding=\"async\" class=\"wp-image-24587 aligncenter\" src=\"https:\/\/noticiasemdestaque.com\/cd\/wp-content\/uploads\/2020\/04\/HASTEAMENTO-AMPARO-2020-20.jpg\" alt=\"\" width=\"500\" height=\"331\" srcset=\"https:\/\/noticiasemdestaque.com\/cd\/wp-content\/uploads\/2020\/04\/HASTEAMENTO-AMPARO-2020-20.jpg 640w, https:\/\/noticiasemdestaque.com\/cd\/wp-content\/uploads\/2020\/04\/HASTEAMENTO-AMPARO-2020-20-300x199.jpg 300w\" sizes=\"(max-width: 500px) 100vw, 500px\" \/><\/a><\/p>\n<p>A Prefeitura de Amparo decidiu cancelar a festa de Emancipa\u00e7\u00e3o Pol\u00edtica, que \u00e9 comemorada hoje, dia 29 de Abril, por causa do novo coronav\u00edrus.<\/p>\n<p>Foi realizada apenas a Alvorada e Hasteamento das bandeiras com p\u00fablico reduzido e Missa em A\u00e7\u00e3o de Gra\u00e7a.<\/p>\n<p>O prefeito In\u00e1cio N\u00f3brega tem tomado todas as provid\u00eancias para evitar a contamina\u00e7\u00e3o dos mun\u00edcipes da cidade, fazendo limpeza nas cal\u00e7adas, visitando as casas dos moradores que vieram de outras cidades para Amparo, fazendo informes para que a popula\u00e7\u00e3o fique consciente sobre a situa\u00e7\u00e3o.<\/p>\n<p><a href=\"https:\/\/noticiasemdestaque.com\/cd\/wp-content\/uploads\/2020\/04\/HASTEAMENTO-AMPARO-2020-22.jpg\"><img decoding=\"async\" class=\"size-full wp-image-24588 aligncenter\" src=\"https:\/\/noticiasemdestaque.com\/cd\/wp-content\/uploads\/2020\/04\/HASTEAMENTO-AMPARO-2020-22.jpg\" alt=\"\" width=\"640\" height=\"424\" srcset=\"https:\/\/noticiasemdestaque.com\/cd\/wp-content\/uploads\/2020\/04\/HASTEAMENTO-AMPARO-2020-22.jpg 640w, https:\/\/noticiasemdestaque.com\/cd\/wp-content\/uploads\/2020\/04\/HASTEAMENTO-AMPARO-2020-22-300x199.jpg 300w\" sizes=\"(max-width: 640px) 100vw, 640px\" \/><\/a><\/p>\n<p>Estiveram presentes ao momento, o Prefeito In\u00e1cio, os Secret\u00e1rios Osmando Santos e Ver\u00f4nica Rafael, os Vereadores C\u00edcero Maciel, Luiz Pequeno, Maria Pedrosa e Duda Barnab\u00e9, o Pastor Melkzedeck e o Assessor de Comunica\u00e7\u00e3o da Prefeitura Wanderley Paulo, o hino nacional foi tocado ao som do Maestro Bisica.<\/p>\n<p>Dentro da programa\u00e7\u00e3o acontece ainda hoje a noite uma live com Flavinho e Charles.<\/p>\n<p><strong><em>Not\u00edcias em Destaque<\/em><\/strong><\/p>\n<p>Com Amparo Ligado<\/p>\n<p>&nbsp;<\/p>\n","protected":false},"excerpt":{"rendered":"<p>A Prefeitura de Amparo decidiu cancelar a festa de Emancipa\u00e7\u00e3o Pol\u00edtica, que \u00e9 comemorada hoje, dia 29 de Abril, por causa do novo coronav\u00edrus. Foi realizada apenas a Alvorada e Hasteamento das bandeiras com p\u00fablico reduzido e Missa em A\u00e7\u00e3o de Gra\u00e7a. O prefeito In\u00e1cio N\u00f3brega tem tomado todas as provid\u00eancias para evitar a contamina\u00e7\u00e3o dos mun\u00edcipes da cidade, fazendo limpeza nas cal\u00e7adas, visitando as casas dos moradores que vieram de outras cidades para Amparo, fazendo informes para que a popula\u00e7\u00e3o fique consciente sobre a situa\u00e7\u00e3o. Estiveram presentes ao momento, o Prefeito In\u00e1cio, os Secret\u00e1rios Osmando Santos e Ver\u00f4nica Rafael, os Vereadores C\u00edcero Maciel, Luiz Pequeno, Maria Pedrosa e Duda Barnab\u00e9, o Pastor Melkzedeck e o Assessor de Comunica\u00e7\u00e3o da Prefeitura Wanderley Paulo, o hino nacional foi tocado ao som do Maestro Bisica. Dentro da programa\u00e7\u00e3o acontece ainda hoje a noite uma live com Flavinho e Charles. Not\u00edcias em Destaque Com Amparo Ligado &nbsp;<\/p>\n","protected":false},"author":2,"featured_media":24587,"comment_status":"closed","ping_status":"open","sticky":false,"template":"","format":"standard","meta":{"_eb_attr":"","_jetpack_memberships_contains_paid_content":false,"footnotes":""},"categories":[4],"tags":[],"class_list":["post-24586","post","type-post","status-publish","format-standard","has-post-thumbnail","hentry","category-politica"],"yoast_head":"<!-- This site is optimized with the Yoast SEO plugin v26.5 - https:\/\/yoast.com\/wordpress\/plugins\/seo\/ -->\n<title>Festa de Emancipa\u00e7\u00e3o Pol\u00edtica de Amparo teve programa\u00e7\u00e3o simples em virtude do coronav\u00edrus - Not&iacute;cias em Destaque<\/title>\n<meta name=\"robots\" content=\"index, follow, max-snippet:-1, max-image-preview:large, max-video-preview:-1\" \/>\n<link rel=\"canonical\" href=\"https:\/\/noticiasemdestaque.com\/cd\/?p=24586\" \/>\n<meta property=\"og:locale\" content=\"pt_BR\" \/>\n<meta property=\"og:type\" content=\"article\" \/>\n<meta property=\"og:title\" content=\"Festa de Emancipa\u00e7\u00e3o Pol\u00edtica de Amparo teve programa\u00e7\u00e3o simples em virtude do coronav\u00edrus - Not&iacute;cias em Destaque\" \/>\n<meta property=\"og:description\" content=\"A Prefeitura de Amparo decidiu cancelar a festa de Emancipa\u00e7\u00e3o Pol\u00edtica, que \u00e9 comemorada hoje, dia 29 de Abril, por causa do novo coronav\u00edrus. Foi realizada apenas a Alvorada e Hasteamento das bandeiras com p\u00fablico reduzido e Missa em A\u00e7\u00e3o de Gra\u00e7a. O prefeito In\u00e1cio N\u00f3brega tem tomado todas as provid\u00eancias para evitar a contamina\u00e7\u00e3o dos mun\u00edcipes da cidade, fazendo limpeza nas cal\u00e7adas, visitando as casas dos moradores que vieram de outras cidades para Amparo, fazendo informes para que a popula\u00e7\u00e3o fique consciente sobre a situa\u00e7\u00e3o. Estiveram presentes ao momento, o Prefeito In\u00e1cio, os Secret\u00e1rios Osmando Santos e Ver\u00f4nica Rafael, os Vereadores C\u00edcero Maciel, Luiz Pequeno, Maria Pedrosa e Duda Barnab\u00e9, o Pastor Melkzedeck e o Assessor de Comunica\u00e7\u00e3o da Prefeitura Wanderley Paulo, o hino nacional foi tocado ao som do Maestro Bisica. Dentro da programa\u00e7\u00e3o acontece ainda hoje a noite uma live com Flavinho e Charles. Not\u00edcias em Destaque Com Amparo Ligado &nbsp;\" \/>\n<meta property=\"og:url\" content=\"https:\/\/noticiasemdestaque.com\/cd\/?p=24586\" \/>\n<meta property=\"og:site_name\" content=\"Not&iacute;cias em Destaque\" \/>\n<meta property=\"article:published_time\" content=\"2020-04-29T22:58:05+00:00\" \/>\n<meta property=\"og:image\" content=\"https:\/\/noticiasemdestaque.com\/cd\/wp-content\/uploads\/2020\/04\/HASTEAMENTO-AMPARO-2020-20.jpg\" \/>\n\t<meta property=\"og:image:width\" content=\"640\" \/>\n\t<meta property=\"og:image:height\" content=\"424\" \/>\n\t<meta property=\"og:image:type\" content=\"image\/jpeg\" \/>\n<meta name=\"author\" content=\"Not\u00edcias em Destaque\" \/>\n<meta name=\"twitter:card\" content=\"summary_large_image\" \/>\n<meta name=\"twitter:label1\" content=\"Escrito por\" \/>\n\t<meta name=\"twitter:data1\" content=\"Not\u00edcias em Destaque\" \/>\n\t<meta name=\"twitter:label2\" content=\"Est. tempo de leitura\" \/>\n\t<meta name=\"twitter:data2\" content=\"1 minuto\" \/>\n<script type=\"application\/ld+json\" class=\"yoast-schema-graph\">{\"@context\":\"https:\/\/schema.org\",\"@graph\":[{\"@type\":\"Article\",\"@id\":\"https:\/\/noticiasemdestaque.com\/cd\/?p=24586#article\",\"isPartOf\":{\"@id\":\"https:\/\/noticiasemdestaque.com\/cd\/?p=24586\"},\"author\":{\"name\":\"Not\u00edcias em Destaque\",\"@id\":\"https:\/\/noticiasemdestaque.com\/cd\/#\/schema\/person\/21320b03a7e8bb90128938dafc9b908a\"},\"headline\":\"Festa de Emancipa\u00e7\u00e3o Pol\u00edtica de Amparo teve programa\u00e7\u00e3o simples em virtude do coronav\u00edrus\",\"datePublished\":\"2020-04-29T22:58:05+00:00\",\"mainEntityOfPage\":{\"@id\":\"https:\/\/noticiasemdestaque.com\/cd\/?p=24586\"},\"wordCount\":190,\"publisher\":{\"@id\":\"https:\/\/noticiasemdestaque.com\/cd\/#organization\"},\"image\":{\"@id\":\"https:\/\/noticiasemdestaque.com\/cd\/?p=24586#primaryimage\"},\"thumbnailUrl\":\"https:\/\/noticiasemdestaque.com\/cd\/wp-content\/uploads\/2020\/04\/HASTEAMENTO-AMPARO-2020-20.jpg\",\"articleSection\":[\"Pol\u00edtica\"],\"inLanguage\":\"pt-BR\"},{\"@type\":\"WebPage\",\"@id\":\"https:\/\/noticiasemdestaque.com\/cd\/?p=24586\",\"url\":\"https:\/\/noticiasemdestaque.com\/cd\/?p=24586\",\"name\":\"Festa de Emancipa\u00e7\u00e3o Pol\u00edtica de Amparo teve programa\u00e7\u00e3o simples em virtude do coronav\u00edrus - Not&iacute;cias em Destaque\",\"isPartOf\":{\"@id\":\"https:\/\/noticiasemdestaque.com\/cd\/#website\"},\"primaryImageOfPage\":{\"@id\":\"https:\/\/noticiasemdestaque.com\/cd\/?p=24586#primaryimage\"},\"image\":{\"@id\":\"https:\/\/noticiasemdestaque.com\/cd\/?p=24586#primaryimage\"},\"thumbnailUrl\":\"https:\/\/noticiasemdestaque.com\/cd\/wp-content\/uploads\/2020\/04\/HASTEAMENTO-AMPARO-2020-20.jpg\",\"datePublished\":\"2020-04-29T22:58:05+00:00\",\"breadcrumb\":{\"@id\":\"https:\/\/noticiasemdestaque.com\/cd\/?p=24586#breadcrumb\"},\"inLanguage\":\"pt-BR\",\"potentialAction\":[{\"@type\":\"ReadAction\",\"target\":[\"https:\/\/noticiasemdestaque.com\/cd\/?p=24586\"]}]},{\"@type\":\"ImageObject\",\"inLanguage\":\"pt-BR\",\"@id\":\"https:\/\/noticiasemdestaque.com\/cd\/?p=24586#primaryimage\",\"url\":\"https:\/\/noticiasemdestaque.com\/cd\/wp-content\/uploads\/2020\/04\/HASTEAMENTO-AMPARO-2020-20.jpg\",\"contentUrl\":\"https:\/\/noticiasemdestaque.com\/cd\/wp-content\/uploads\/2020\/04\/HASTEAMENTO-AMPARO-2020-20.jpg\",\"width\":640,\"height\":424},{\"@type\":\"BreadcrumbList\",\"@id\":\"https:\/\/noticiasemdestaque.com\/cd\/?p=24586#breadcrumb\",\"itemListElement\":[{\"@type\":\"ListItem\",\"position\":1,\"name\":\"In\u00edcio\",\"item\":\"https:\/\/noticiasemdestaque.com\/cd\/\"},{\"@type\":\"ListItem\",\"position\":2,\"name\":\"Festa de Emancipa\u00e7\u00e3o Pol\u00edtica de Amparo teve programa\u00e7\u00e3o simples em virtude do coronav\u00edrus\"}]},{\"@type\":\"WebSite\",\"@id\":\"https:\/\/noticiasemdestaque.com\/cd\/#website\",\"url\":\"https:\/\/noticiasemdestaque.com\/cd\/\",\"name\":\"Not&iacute;cias em Destaque\",\"description\":\"\",\"publisher\":{\"@id\":\"https:\/\/noticiasemdestaque.com\/cd\/#organization\"},\"potentialAction\":[{\"@type\":\"SearchAction\",\"target\":{\"@type\":\"EntryPoint\",\"urlTemplate\":\"https:\/\/noticiasemdestaque.com\/cd\/?s={search_term_string}\"},\"query-input\":{\"@type\":\"PropertyValueSpecification\",\"valueRequired\":true,\"valueName\":\"search_term_string\"}}],\"inLanguage\":\"pt-BR\"},{\"@type\":\"Organization\",\"@id\":\"https:\/\/noticiasemdestaque.com\/cd\/#organization\",\"name\":\"Not\u00edcias em Destaque\",\"url\":\"https:\/\/noticiasemdestaque.com\/cd\/\",\"logo\":{\"@type\":\"ImageObject\",\"inLanguage\":\"pt-BR\",\"@id\":\"https:\/\/noticiasemdestaque.com\/cd\/#\/schema\/logo\/image\/\",\"url\":\"https:\/\/noticiasemdestaque.com\/cd\/wp-content\/uploads\/2022\/05\/imagem-base-noticiasemdestaque.png\",\"contentUrl\":\"https:\/\/noticiasemdestaque.com\/cd\/wp-content\/uploads\/2022\/05\/imagem-base-noticiasemdestaque.png\",\"width\":1200,\"height\":630,\"caption\":\"Not\u00edcias em Destaque\"},\"image\":{\"@id\":\"https:\/\/noticiasemdestaque.com\/cd\/#\/schema\/logo\/image\/\"}},{\"@type\":\"Person\",\"@id\":\"https:\/\/noticiasemdestaque.com\/cd\/#\/schema\/person\/21320b03a7e8bb90128938dafc9b908a\",\"name\":\"Not\u00edcias em Destaque\",\"url\":\"https:\/\/noticiasemdestaque.com\/cd\/?author=2\"}]}<\/script>\n<!-- \/ Yoast SEO plugin. -->","yoast_head_json":{"title":"Festa de Emancipa\u00e7\u00e3o Pol\u00edtica de Amparo teve programa\u00e7\u00e3o simples em virtude do coronav\u00edrus - Not&iacute;cias em Destaque","robots":{"index":"index","follow":"follow","max-snippet":"max-snippet:-1","max-image-preview":"max-image-preview:large","max-video-preview":"max-video-preview:-1"},"canonical":"https:\/\/noticiasemdestaque.com\/cd\/?p=24586","og_locale":"pt_BR","og_type":"article","og_title":"Festa de Emancipa\u00e7\u00e3o Pol\u00edtica de Amparo teve programa\u00e7\u00e3o simples em virtude do coronav\u00edrus - Not&iacute;cias em Destaque","og_description":"A Prefeitura de Amparo decidiu cancelar a festa de Emancipa\u00e7\u00e3o Pol\u00edtica, que \u00e9 comemorada hoje, dia 29 de Abril, por causa do novo coronav\u00edrus. Foi realizada apenas a Alvorada e Hasteamento das bandeiras com p\u00fablico reduzido e Missa em A\u00e7\u00e3o de Gra\u00e7a. O prefeito In\u00e1cio N\u00f3brega tem tomado todas as provid\u00eancias para evitar a contamina\u00e7\u00e3o dos mun\u00edcipes da cidade, fazendo limpeza nas cal\u00e7adas, visitando as casas dos moradores que vieram de outras cidades para Amparo, fazendo informes para que a popula\u00e7\u00e3o fique consciente sobre a situa\u00e7\u00e3o. Estiveram presentes ao momento, o Prefeito In\u00e1cio, os Secret\u00e1rios Osmando Santos e Ver\u00f4nica Rafael, os Vereadores C\u00edcero Maciel, Luiz Pequeno, Maria Pedrosa e Duda Barnab\u00e9, o Pastor Melkzedeck e o Assessor de Comunica\u00e7\u00e3o da Prefeitura Wanderley Paulo, o hino nacional foi tocado ao som do Maestro Bisica. Dentro da programa\u00e7\u00e3o acontece ainda hoje a noite uma live com Flavinho e Charles. Not\u00edcias em Destaque Com Amparo Ligado &nbsp;","og_url":"https:\/\/noticiasemdestaque.com\/cd\/?p=24586","og_site_name":"Not&iacute;cias em Destaque","article_published_time":"2020-04-29T22:58:05+00:00","og_image":[{"width":640,"height":424,"url":"https:\/\/noticiasemdestaque.com\/cd\/wp-content\/uploads\/2020\/04\/HASTEAMENTO-AMPARO-2020-20.jpg","type":"image\/jpeg"}],"author":"Not\u00edcias em Destaque","twitter_card":"summary_large_image","twitter_misc":{"Escrito por":"Not\u00edcias em Destaque","Est. tempo de leitura":"1 minuto"},"schema":{"@context":"https:\/\/schema.org","@graph":[{"@type":"Article","@id":"https:\/\/noticiasemdestaque.com\/cd\/?p=24586#article","isPartOf":{"@id":"https:\/\/noticiasemdestaque.com\/cd\/?p=24586"},"author":{"name":"Not\u00edcias em Destaque","@id":"https:\/\/noticiasemdestaque.com\/cd\/#\/schema\/person\/21320b03a7e8bb90128938dafc9b908a"},"headline":"Festa de Emancipa\u00e7\u00e3o Pol\u00edtica de Amparo teve programa\u00e7\u00e3o simples em virtude do coronav\u00edrus","datePublished":"2020-04-29T22:58:05+00:00","mainEntityOfPage":{"@id":"https:\/\/noticiasemdestaque.com\/cd\/?p=24586"},"wordCount":190,"publisher":{"@id":"https:\/\/noticiasemdestaque.com\/cd\/#organization"},"image":{"@id":"https:\/\/noticiasemdestaque.com\/cd\/?p=24586#primaryimage"},"thumbnailUrl":"https:\/\/noticiasemdestaque.com\/cd\/wp-content\/uploads\/2020\/04\/HASTEAMENTO-AMPARO-2020-20.jpg","articleSection":["Pol\u00edtica"],"inLanguage":"pt-BR"},{"@type":"WebPage","@id":"https:\/\/noticiasemdestaque.com\/cd\/?p=24586","url":"https:\/\/noticiasemdestaque.com\/cd\/?p=24586","name":"Festa de Emancipa\u00e7\u00e3o Pol\u00edtica de Amparo teve programa\u00e7\u00e3o simples em virtude do coronav\u00edrus - Not&iacute;cias em Destaque","isPartOf":{"@id":"https:\/\/noticiasemdestaque.com\/cd\/#website"},"primaryImageOfPage":{"@id":"https:\/\/noticiasemdestaque.com\/cd\/?p=24586#primaryimage"},"image":{"@id":"https:\/\/noticiasemdestaque.com\/cd\/?p=24586#primaryimage"},"thumbnailUrl":"https:\/\/noticiasemdestaque.com\/cd\/wp-content\/uploads\/2020\/04\/HASTEAMENTO-AMPARO-2020-20.jpg","datePublished":"2020-04-29T22:58:05+00:00","breadcrumb":{"@id":"https:\/\/noticiasemdestaque.com\/cd\/?p=24586#breadcrumb"},"inLanguage":"pt-BR","potentialAction":[{"@type":"ReadAction","target":["https:\/\/noticiasemdestaque.com\/cd\/?p=24586"]}]},{"@type":"ImageObject","inLanguage":"pt-BR","@id":"https:\/\/noticiasemdestaque.com\/cd\/?p=24586#primaryimage","url":"https:\/\/noticiasemdestaque.com\/cd\/wp-content\/uploads\/2020\/04\/HASTEAMENTO-AMPARO-2020-20.jpg","contentUrl":"https:\/\/noticiasemdestaque.com\/cd\/wp-content\/uploads\/2020\/04\/HASTEAMENTO-AMPARO-2020-20.jpg","width":640,"height":424},{"@type":"BreadcrumbList","@id":"https:\/\/noticiasemdestaque.com\/cd\/?p=24586#breadcrumb","itemListElement":[{"@type":"ListItem","position":1,"name":"In\u00edcio","item":"https:\/\/noticiasemdestaque.com\/cd\/"},{"@type":"ListItem","position":2,"name":"Festa de Emancipa\u00e7\u00e3o Pol\u00edtica de Amparo teve programa\u00e7\u00e3o simples em virtude do coronav\u00edrus"}]},{"@type":"WebSite","@id":"https:\/\/noticiasemdestaque.com\/cd\/#website","url":"https:\/\/noticiasemdestaque.com\/cd\/","name":"Not&iacute;cias em Destaque","description":"","publisher":{"@id":"https:\/\/noticiasemdestaque.com\/cd\/#organization"},"potentialAction":[{"@type":"SearchAction","target":{"@type":"EntryPoint","urlTemplate":"https:\/\/noticiasemdestaque.com\/cd\/?s={search_term_string}"},"query-input":{"@type":"PropertyValueSpecification","valueRequired":true,"valueName":"search_term_string"}}],"inLanguage":"pt-BR"},{"@type":"Organization","@id":"https:\/\/noticiasemdestaque.com\/cd\/#organization","name":"Not\u00edcias em Destaque","url":"https:\/\/noticiasemdestaque.com\/cd\/","logo":{"@type":"ImageObject","inLanguage":"pt-BR","@id":"https:\/\/noticiasemdestaque.com\/cd\/#\/schema\/logo\/image\/","url":"https:\/\/noticiasemdestaque.com\/cd\/wp-content\/uploads\/2022\/05\/imagem-base-noticiasemdestaque.png","contentUrl":"https:\/\/noticiasemdestaque.com\/cd\/wp-content\/uploads\/2022\/05\/imagem-base-noticiasemdestaque.png","width":1200,"height":630,"caption":"Not\u00edcias em Destaque"},"image":{"@id":"https:\/\/noticiasemdestaque.com\/cd\/#\/schema\/logo\/image\/"}},{"@type":"Person","@id":"https:\/\/noticiasemdestaque.com\/cd\/#\/schema\/person\/21320b03a7e8bb90128938dafc9b908a","name":"Not\u00edcias em Destaque","url":"https:\/\/noticiasemdestaque.com\/cd\/?author=2"}]}},"jetpack_featured_media_url":"https:\/\/noticiasemdestaque.com\/cd\/wp-content\/uploads\/2020\/04\/HASTEAMENTO-AMPARO-2020-20.jpg","jetpack_sharing_enabled":true,"_links":{"self":[{"href":"https:\/\/noticiasemdestaque.com\/cd\/index.php?rest_route=\/wp\/v2\/posts\/24586","targetHints":{"allow":["GET"]}}],"collection":[{"href":"https:\/\/noticiasemdestaque.com\/cd\/index.php?rest_route=\/wp\/v2\/posts"}],"about":[{"href":"https:\/\/noticiasemdestaque.com\/cd\/index.php?rest_route=\/wp\/v2\/types\/post"}],"author":[{"embeddable":true,"href":"https:\/\/noticiasemdestaque.com\/cd\/index.php?rest_route=\/wp\/v2\/users\/2"}],"replies":[{"embeddable":true,"href":"https:\/\/noticiasemdestaque.com\/cd\/index.php?rest_route=%2Fwp%2Fv2%2Fcomments&post=24586"}],"version-history":[{"count":1,"href":"https:\/\/noticiasemdestaque.com\/cd\/index.php?rest_route=\/wp\/v2\/posts\/24586\/revisions"}],"predecessor-version":[{"id":24589,"href":"https:\/\/noticiasemdestaque.com\/cd\/index.php?rest_route=\/wp\/v2\/posts\/24586\/revisions\/24589"}],"wp:featuredmedia":[{"embeddable":true,"href":"https:\/\/noticiasemdestaque.com\/cd\/index.php?rest_route=\/wp\/v2\/media\/24587"}],"wp:attachment":[{"href":"https:\/\/noticiasemdestaque.com\/cd\/index.php?rest_route=%2Fwp%2Fv2%2Fmedia&parent=24586"}],"wp:term":[{"taxonomy":"category","embeddable":true,"href":"https:\/\/noticiasemdestaque.com\/cd\/index.php?rest_route=%2Fwp%2Fv2%2Fcategories&post=24586"},{"taxonomy":"post_tag","embeddable":true,"href":"https:\/\/noticiasemdestaque.com\/cd\/index.php?rest_route=%2Fwp%2Fv2%2Ftags&post=24586"}],"curies":[{"name":"wp","href":"https:\/\/api.w.org\/{rel}","templated":true}]}}