{"id":24583,"date":"2020-04-29T19:45:49","date_gmt":"2020-04-29T22:45:49","guid":{"rendered":"http:\/\/noticiasemdestaque.com\/cd\/?p=24583"},"modified":"2020-04-29T19:45:49","modified_gmt":"2020-04-29T22:45:49","slug":"paraiba-confirma-115-novos-casos-de-covid-19-nas-ultimas-24h-mortes-chegam-a-62","status":"publish","type":"post","link":"https:\/\/noticiasemdestaque.com\/cd\/?p=24583","title":{"rendered":"Para\u00edba confirma 115 novos casos de Covid-19 nas \u00faltimas 24h; mortes chegam a 62"},"content":{"rendered":"<p><a href=\"https:\/\/noticiasemdestaque.com\/cd\/wp-content\/uploads\/2020\/04\/teste-coronavirus-2603200044-1024x707.jpg\"><img fetchpriority=\"high\" decoding=\"async\" class=\"wp-image-24584 aligncenter\" src=\"https:\/\/noticiasemdestaque.com\/cd\/wp-content\/uploads\/2020\/04\/teste-coronavirus-2603200044-1024x707-1024x707.jpg\" alt=\"\" width=\"596\" height=\"412\" srcset=\"https:\/\/noticiasemdestaque.com\/cd\/wp-content\/uploads\/2020\/04\/teste-coronavirus-2603200044-1024x707.jpg 1024w, https:\/\/noticiasemdestaque.com\/cd\/wp-content\/uploads\/2020\/04\/teste-coronavirus-2603200044-1024x707-300x207.jpg 300w, https:\/\/noticiasemdestaque.com\/cd\/wp-content\/uploads\/2020\/04\/teste-coronavirus-2603200044-1024x707-768x530.jpg 768w\" sizes=\"(max-width: 596px) 100vw, 596px\" \/><\/a><\/p>\n<p>A Secretaria do Estado de Sa\u00fade confirmou, no fim da tarde desta quarta-feira (29), mais 115 casos de\u00a0<a href=\"https:\/\/wscom.com.br\/morre-mais-uma-moradora-de-lar-de-idosos-vitima-de-covid-19-em-joao-pessoa\/\" target=\"_blank\" rel=\"noopener noreferrer\"><strong>Covid-19<\/strong><\/a>\u00a0na Para\u00edba no \u00faltimo dia. O Estado tamb\u00e9m teve 4 mortes pela doen\u00e7a nas \u00faltimas 24 horas.<\/p>\n<p>A doen\u00e7a causada pelo novo Coronav\u00edrus j\u00e1 acometeu 814 pessoas na Para\u00edba. 1616 casos foram descartados pela Secretaria; 62 pessoas morreram e 152 se recuperaram.<\/p>\n<p>Os casos est\u00e3o distribu\u00eddos em 49 munic\u00edpios, segundo a \u00faltima atualiza\u00e7\u00e3o<\/p>\n","protected":false},"excerpt":{"rendered":"<p>A Secretaria do Estado de Sa\u00fade confirmou, no fim da tarde desta quarta-feira (29), mais 115 casos de\u00a0Covid-19\u00a0na Para\u00edba no \u00faltimo dia. O Estado tamb\u00e9m teve 4 mortes pela doen\u00e7a nas \u00faltimas 24 horas. A doen\u00e7a causada pelo novo Coronav\u00edrus j\u00e1 acometeu 814 pessoas na Para\u00edba. 1616 casos foram descartados pela Secretaria; 62 pessoas morreram e 152 se recuperaram. Os casos est\u00e3o distribu\u00eddos em 49 munic\u00edpios, segundo a \u00faltima atualiza\u00e7\u00e3o<\/p>\n","protected":false},"author":2,"featured_media":24584,"comment_status":"closed","ping_status":"open","sticky":false,"template":"","format":"standard","meta":{"_eb_attr":"","_jetpack_memberships_contains_paid_content":false,"footnotes":""},"categories":[8],"tags":[],"class_list":["post-24583","post","type-post","status-publish","format-standard","has-post-thumbnail","hentry","category-saude"],"yoast_head":"<!-- This site is optimized with the Yoast SEO plugin v26.5 - https:\/\/yoast.com\/wordpress\/plugins\/seo\/ -->\n<title>Para\u00edba confirma 115 novos casos de Covid-19 nas \u00faltimas 24h; mortes chegam a 62 - Not&iacute;cias em Destaque<\/title>\n<meta name=\"robots\" content=\"index, follow, max-snippet:-1, max-image-preview:large, max-video-preview:-1\" \/>\n<link rel=\"canonical\" href=\"https:\/\/noticiasemdestaque.com\/cd\/?p=24583\" \/>\n<meta property=\"og:locale\" content=\"pt_BR\" \/>\n<meta property=\"og:type\" content=\"article\" \/>\n<meta property=\"og:title\" content=\"Para\u00edba confirma 115 novos casos de Covid-19 nas \u00faltimas 24h; mortes chegam a 62 - Not&iacute;cias em Destaque\" \/>\n<meta property=\"og:description\" content=\"A Secretaria do Estado de Sa\u00fade confirmou, no fim da tarde desta quarta-feira (29), mais 115 casos de\u00a0Covid-19\u00a0na Para\u00edba no \u00faltimo dia. O Estado tamb\u00e9m teve 4 mortes pela doen\u00e7a nas \u00faltimas 24 horas. A doen\u00e7a causada pelo novo Coronav\u00edrus j\u00e1 acometeu 814 pessoas na Para\u00edba. 1616 casos foram descartados pela Secretaria; 62 pessoas morreram e 152 se recuperaram. Os casos est\u00e3o distribu\u00eddos em 49 munic\u00edpios, segundo a \u00faltima atualiza\u00e7\u00e3o\" \/>\n<meta property=\"og:url\" content=\"https:\/\/noticiasemdestaque.com\/cd\/?p=24583\" \/>\n<meta property=\"og:site_name\" content=\"Not&iacute;cias em Destaque\" \/>\n<meta property=\"article:published_time\" content=\"2020-04-29T22:45:49+00:00\" \/>\n<meta property=\"og:image\" content=\"https:\/\/noticiasemdestaque.com\/cd\/wp-content\/uploads\/2020\/04\/teste-coronavirus-2603200044-1024x707.jpg\" \/>\n\t<meta property=\"og:image:width\" content=\"1024\" \/>\n\t<meta property=\"og:image:height\" content=\"707\" \/>\n\t<meta property=\"og:image:type\" content=\"image\/jpeg\" \/>\n<meta name=\"author\" content=\"Not\u00edcias em Destaque\" \/>\n<meta name=\"twitter:card\" content=\"summary_large_image\" \/>\n<meta name=\"twitter:label1\" content=\"Escrito por\" \/>\n\t<meta name=\"twitter:data1\" content=\"Not\u00edcias em Destaque\" \/>\n<script type=\"application\/ld+json\" class=\"yoast-schema-graph\">{\"@context\":\"https:\/\/schema.org\",\"@graph\":[{\"@type\":\"Article\",\"@id\":\"https:\/\/noticiasemdestaque.com\/cd\/?p=24583#article\",\"isPartOf\":{\"@id\":\"https:\/\/noticiasemdestaque.com\/cd\/?p=24583\"},\"author\":{\"name\":\"Not\u00edcias em Destaque\",\"@id\":\"https:\/\/noticiasemdestaque.com\/cd\/#\/schema\/person\/21320b03a7e8bb90128938dafc9b908a\"},\"headline\":\"Para\u00edba confirma 115 novos casos de Covid-19 nas \u00faltimas 24h; mortes chegam a 62\",\"datePublished\":\"2020-04-29T22:45:49+00:00\",\"mainEntityOfPage\":{\"@id\":\"https:\/\/noticiasemdestaque.com\/cd\/?p=24583\"},\"wordCount\":87,\"publisher\":{\"@id\":\"https:\/\/noticiasemdestaque.com\/cd\/#organization\"},\"image\":{\"@id\":\"https:\/\/noticiasemdestaque.com\/cd\/?p=24583#primaryimage\"},\"thumbnailUrl\":\"https:\/\/noticiasemdestaque.com\/cd\/wp-content\/uploads\/2020\/04\/teste-coronavirus-2603200044-1024x707.jpg\",\"articleSection\":[\"Sa\u00fade\"],\"inLanguage\":\"pt-BR\"},{\"@type\":\"WebPage\",\"@id\":\"https:\/\/noticiasemdestaque.com\/cd\/?p=24583\",\"url\":\"https:\/\/noticiasemdestaque.com\/cd\/?p=24583\",\"name\":\"Para\u00edba confirma 115 novos casos de Covid-19 nas \u00faltimas 24h; mortes chegam a 62 - Not&iacute;cias em Destaque\",\"isPartOf\":{\"@id\":\"https:\/\/noticiasemdestaque.com\/cd\/#website\"},\"primaryImageOfPage\":{\"@id\":\"https:\/\/noticiasemdestaque.com\/cd\/?p=24583#primaryimage\"},\"image\":{\"@id\":\"https:\/\/noticiasemdestaque.com\/cd\/?p=24583#primaryimage\"},\"thumbnailUrl\":\"https:\/\/noticiasemdestaque.com\/cd\/wp-content\/uploads\/2020\/04\/teste-coronavirus-2603200044-1024x707.jpg\",\"datePublished\":\"2020-04-29T22:45:49+00:00\",\"breadcrumb\":{\"@id\":\"https:\/\/noticiasemdestaque.com\/cd\/?p=24583#breadcrumb\"},\"inLanguage\":\"pt-BR\",\"potentialAction\":[{\"@type\":\"ReadAction\",\"target\":[\"https:\/\/noticiasemdestaque.com\/cd\/?p=24583\"]}]},{\"@type\":\"ImageObject\",\"inLanguage\":\"pt-BR\",\"@id\":\"https:\/\/noticiasemdestaque.com\/cd\/?p=24583#primaryimage\",\"url\":\"https:\/\/noticiasemdestaque.com\/cd\/wp-content\/uploads\/2020\/04\/teste-coronavirus-2603200044-1024x707.jpg\",\"contentUrl\":\"https:\/\/noticiasemdestaque.com\/cd\/wp-content\/uploads\/2020\/04\/teste-coronavirus-2603200044-1024x707.jpg\",\"width\":1024,\"height\":707},{\"@type\":\"BreadcrumbList\",\"@id\":\"https:\/\/noticiasemdestaque.com\/cd\/?p=24583#breadcrumb\",\"itemListElement\":[{\"@type\":\"ListItem\",\"position\":1,\"name\":\"In\u00edcio\",\"item\":\"https:\/\/noticiasemdestaque.com\/cd\/\"},{\"@type\":\"ListItem\",\"position\":2,\"name\":\"Para\u00edba confirma 115 novos casos de Covid-19 nas \u00faltimas 24h; mortes chegam a 62\"}]},{\"@type\":\"WebSite\",\"@id\":\"https:\/\/noticiasemdestaque.com\/cd\/#website\",\"url\":\"https:\/\/noticiasemdestaque.com\/cd\/\",\"name\":\"Not&iacute;cias em Destaque\",\"description\":\"\",\"publisher\":{\"@id\":\"https:\/\/noticiasemdestaque.com\/cd\/#organization\"},\"potentialAction\":[{\"@type\":\"SearchAction\",\"target\":{\"@type\":\"EntryPoint\",\"urlTemplate\":\"https:\/\/noticiasemdestaque.com\/cd\/?s={search_term_string}\"},\"query-input\":{\"@type\":\"PropertyValueSpecification\",\"valueRequired\":true,\"valueName\":\"search_term_string\"}}],\"inLanguage\":\"pt-BR\"},{\"@type\":\"Organization\",\"@id\":\"https:\/\/noticiasemdestaque.com\/cd\/#organization\",\"name\":\"Not\u00edcias em Destaque\",\"url\":\"https:\/\/noticiasemdestaque.com\/cd\/\",\"logo\":{\"@type\":\"ImageObject\",\"inLanguage\":\"pt-BR\",\"@id\":\"https:\/\/noticiasemdestaque.com\/cd\/#\/schema\/logo\/image\/\",\"url\":\"https:\/\/noticiasemdestaque.com\/cd\/wp-content\/uploads\/2022\/05\/imagem-base-noticiasemdestaque.png\",\"contentUrl\":\"https:\/\/noticiasemdestaque.com\/cd\/wp-content\/uploads\/2022\/05\/imagem-base-noticiasemdestaque.png\",\"width\":1200,\"height\":630,\"caption\":\"Not\u00edcias em Destaque\"},\"image\":{\"@id\":\"https:\/\/noticiasemdestaque.com\/cd\/#\/schema\/logo\/image\/\"}},{\"@type\":\"Person\",\"@id\":\"https:\/\/noticiasemdestaque.com\/cd\/#\/schema\/person\/21320b03a7e8bb90128938dafc9b908a\",\"name\":\"Not\u00edcias em Destaque\",\"url\":\"https:\/\/noticiasemdestaque.com\/cd\/?author=2\"}]}<\/script>\n<!-- \/ Yoast SEO plugin. -->","yoast_head_json":{"title":"Para\u00edba confirma 115 novos casos de Covid-19 nas \u00faltimas 24h; mortes chegam a 62 - Not&iacute;cias em Destaque","robots":{"index":"index","follow":"follow","max-snippet":"max-snippet:-1","max-image-preview":"max-image-preview:large","max-video-preview":"max-video-preview:-1"},"canonical":"https:\/\/noticiasemdestaque.com\/cd\/?p=24583","og_locale":"pt_BR","og_type":"article","og_title":"Para\u00edba confirma 115 novos casos de Covid-19 nas \u00faltimas 24h; mortes chegam a 62 - Not&iacute;cias em Destaque","og_description":"A Secretaria do Estado de Sa\u00fade confirmou, no fim da tarde desta quarta-feira (29), mais 115 casos de\u00a0Covid-19\u00a0na Para\u00edba no \u00faltimo dia. O Estado tamb\u00e9m teve 4 mortes pela doen\u00e7a nas \u00faltimas 24 horas. A doen\u00e7a causada pelo novo Coronav\u00edrus j\u00e1 acometeu 814 pessoas na Para\u00edba. 1616 casos foram descartados pela Secretaria; 62 pessoas morreram e 152 se recuperaram. Os casos est\u00e3o distribu\u00eddos em 49 munic\u00edpios, segundo a \u00faltima atualiza\u00e7\u00e3o","og_url":"https:\/\/noticiasemdestaque.com\/cd\/?p=24583","og_site_name":"Not&iacute;cias em Destaque","article_published_time":"2020-04-29T22:45:49+00:00","og_image":[{"width":1024,"height":707,"url":"https:\/\/noticiasemdestaque.com\/cd\/wp-content\/uploads\/2020\/04\/teste-coronavirus-2603200044-1024x707.jpg","type":"image\/jpeg"}],"author":"Not\u00edcias em Destaque","twitter_card":"summary_large_image","twitter_misc":{"Escrito por":"Not\u00edcias em Destaque"},"schema":{"@context":"https:\/\/schema.org","@graph":[{"@type":"Article","@id":"https:\/\/noticiasemdestaque.com\/cd\/?p=24583#article","isPartOf":{"@id":"https:\/\/noticiasemdestaque.com\/cd\/?p=24583"},"author":{"name":"Not\u00edcias em Destaque","@id":"https:\/\/noticiasemdestaque.com\/cd\/#\/schema\/person\/21320b03a7e8bb90128938dafc9b908a"},"headline":"Para\u00edba confirma 115 novos casos de Covid-19 nas \u00faltimas 24h; mortes chegam a 62","datePublished":"2020-04-29T22:45:49+00:00","mainEntityOfPage":{"@id":"https:\/\/noticiasemdestaque.com\/cd\/?p=24583"},"wordCount":87,"publisher":{"@id":"https:\/\/noticiasemdestaque.com\/cd\/#organization"},"image":{"@id":"https:\/\/noticiasemdestaque.com\/cd\/?p=24583#primaryimage"},"thumbnailUrl":"https:\/\/noticiasemdestaque.com\/cd\/wp-content\/uploads\/2020\/04\/teste-coronavirus-2603200044-1024x707.jpg","articleSection":["Sa\u00fade"],"inLanguage":"pt-BR"},{"@type":"WebPage","@id":"https:\/\/noticiasemdestaque.com\/cd\/?p=24583","url":"https:\/\/noticiasemdestaque.com\/cd\/?p=24583","name":"Para\u00edba confirma 115 novos casos de Covid-19 nas \u00faltimas 24h; mortes chegam a 62 - Not&iacute;cias em Destaque","isPartOf":{"@id":"https:\/\/noticiasemdestaque.com\/cd\/#website"},"primaryImageOfPage":{"@id":"https:\/\/noticiasemdestaque.com\/cd\/?p=24583#primaryimage"},"image":{"@id":"https:\/\/noticiasemdestaque.com\/cd\/?p=24583#primaryimage"},"thumbnailUrl":"https:\/\/noticiasemdestaque.com\/cd\/wp-content\/uploads\/2020\/04\/teste-coronavirus-2603200044-1024x707.jpg","datePublished":"2020-04-29T22:45:49+00:00","breadcrumb":{"@id":"https:\/\/noticiasemdestaque.com\/cd\/?p=24583#breadcrumb"},"inLanguage":"pt-BR","potentialAction":[{"@type":"ReadAction","target":["https:\/\/noticiasemdestaque.com\/cd\/?p=24583"]}]},{"@type":"ImageObject","inLanguage":"pt-BR","@id":"https:\/\/noticiasemdestaque.com\/cd\/?p=24583#primaryimage","url":"https:\/\/noticiasemdestaque.com\/cd\/wp-content\/uploads\/2020\/04\/teste-coronavirus-2603200044-1024x707.jpg","contentUrl":"https:\/\/noticiasemdestaque.com\/cd\/wp-content\/uploads\/2020\/04\/teste-coronavirus-2603200044-1024x707.jpg","width":1024,"height":707},{"@type":"BreadcrumbList","@id":"https:\/\/noticiasemdestaque.com\/cd\/?p=24583#breadcrumb","itemListElement":[{"@type":"ListItem","position":1,"name":"In\u00edcio","item":"https:\/\/noticiasemdestaque.com\/cd\/"},{"@type":"ListItem","position":2,"name":"Para\u00edba confirma 115 novos casos de Covid-19 nas \u00faltimas 24h; mortes chegam a 62"}]},{"@type":"WebSite","@id":"https:\/\/noticiasemdestaque.com\/cd\/#website","url":"https:\/\/noticiasemdestaque.com\/cd\/","name":"Not&iacute;cias em Destaque","description":"","publisher":{"@id":"https:\/\/noticiasemdestaque.com\/cd\/#organization"},"potentialAction":[{"@type":"SearchAction","target":{"@type":"EntryPoint","urlTemplate":"https:\/\/noticiasemdestaque.com\/cd\/?s={search_term_string}"},"query-input":{"@type":"PropertyValueSpecification","valueRequired":true,"valueName":"search_term_string"}}],"inLanguage":"pt-BR"},{"@type":"Organization","@id":"https:\/\/noticiasemdestaque.com\/cd\/#organization","name":"Not\u00edcias em Destaque","url":"https:\/\/noticiasemdestaque.com\/cd\/","logo":{"@type":"ImageObject","inLanguage":"pt-BR","@id":"https:\/\/noticiasemdestaque.com\/cd\/#\/schema\/logo\/image\/","url":"https:\/\/noticiasemdestaque.com\/cd\/wp-content\/uploads\/2022\/05\/imagem-base-noticiasemdestaque.png","contentUrl":"https:\/\/noticiasemdestaque.com\/cd\/wp-content\/uploads\/2022\/05\/imagem-base-noticiasemdestaque.png","width":1200,"height":630,"caption":"Not\u00edcias em Destaque"},"image":{"@id":"https:\/\/noticiasemdestaque.com\/cd\/#\/schema\/logo\/image\/"}},{"@type":"Person","@id":"https:\/\/noticiasemdestaque.com\/cd\/#\/schema\/person\/21320b03a7e8bb90128938dafc9b908a","name":"Not\u00edcias em Destaque","url":"https:\/\/noticiasemdestaque.com\/cd\/?author=2"}]}},"jetpack_featured_media_url":"https:\/\/noticiasemdestaque.com\/cd\/wp-content\/uploads\/2020\/04\/teste-coronavirus-2603200044-1024x707.jpg","jetpack_sharing_enabled":true,"_links":{"self":[{"href":"https:\/\/noticiasemdestaque.com\/cd\/index.php?rest_route=\/wp\/v2\/posts\/24583","targetHints":{"allow":["GET"]}}],"collection":[{"href":"https:\/\/noticiasemdestaque.com\/cd\/index.php?rest_route=\/wp\/v2\/posts"}],"about":[{"href":"https:\/\/noticiasemdestaque.com\/cd\/index.php?rest_route=\/wp\/v2\/types\/post"}],"author":[{"embeddable":true,"href":"https:\/\/noticiasemdestaque.com\/cd\/index.php?rest_route=\/wp\/v2\/users\/2"}],"replies":[{"embeddable":true,"href":"https:\/\/noticiasemdestaque.com\/cd\/index.php?rest_route=%2Fwp%2Fv2%2Fcomments&post=24583"}],"version-history":[{"count":1,"href":"https:\/\/noticiasemdestaque.com\/cd\/index.php?rest_route=\/wp\/v2\/posts\/24583\/revisions"}],"predecessor-version":[{"id":24585,"href":"https:\/\/noticiasemdestaque.com\/cd\/index.php?rest_route=\/wp\/v2\/posts\/24583\/revisions\/24585"}],"wp:featuredmedia":[{"embeddable":true,"href":"https:\/\/noticiasemdestaque.com\/cd\/index.php?rest_route=\/wp\/v2\/media\/24584"}],"wp:attachment":[{"href":"https:\/\/noticiasemdestaque.com\/cd\/index.php?rest_route=%2Fwp%2Fv2%2Fmedia&parent=24583"}],"wp:term":[{"taxonomy":"category","embeddable":true,"href":"https:\/\/noticiasemdestaque.com\/cd\/index.php?rest_route=%2Fwp%2Fv2%2Fcategories&post=24583"},{"taxonomy":"post_tag","embeddable":true,"href":"https:\/\/noticiasemdestaque.com\/cd\/index.php?rest_route=%2Fwp%2Fv2%2Ftags&post=24583"}],"curies":[{"name":"wp","href":"https:\/\/api.w.org\/{rel}","templated":true}]}}