{"id":24580,"date":"2020-04-29T18:30:48","date_gmt":"2020-04-29T21:30:48","guid":{"rendered":"http:\/\/noticiasemdestaque.com\/cd\/?p=24580"},"modified":"2020-04-29T18:30:48","modified_gmt":"2020-04-29T21:30:48","slug":"video-filha-de-sikera-junior-nega-comprometimento-de-pulmoes-do-apresentador-nao-e-real","status":"publish","type":"post","link":"https:\/\/noticiasemdestaque.com\/cd\/?p=24580","title":{"rendered":"V\u00eddeo: filha de Sik\u00eara Junior nega comprometimento de pulm\u00f5es do apresentador: \u201cN\u00e3o \u00e9 real\u201d"},"content":{"rendered":"<p><a href=\"https:\/\/noticiasemdestaque.com\/cd\/wp-content\/uploads\/2020\/04\/filha-sikera.png\"><img fetchpriority=\"high\" decoding=\"async\" class=\"size-full wp-image-24581 aligncenter\" src=\"https:\/\/noticiasemdestaque.com\/cd\/wp-content\/uploads\/2020\/04\/filha-sikera.png\" alt=\"\" width=\"665\" height=\"514\" srcset=\"https:\/\/noticiasemdestaque.com\/cd\/wp-content\/uploads\/2020\/04\/filha-sikera.png 665w, https:\/\/noticiasemdestaque.com\/cd\/wp-content\/uploads\/2020\/04\/filha-sikera-300x232.png 300w\" sizes=\"(max-width: 665px) 100vw, 665px\" \/><\/a><\/p>\n<p>Larissa Siqueira, filha do apresentador\u00a0<a href=\"https:\/\/wscom.com.br\/sikera-junior-esta-com-pulmoes-comprometidos-por-causa-do-coronavirus-diz-radialista\/\" target=\"_blank\" rel=\"noopener noreferrer\"><strong>Sik\u00eara Junior<\/strong><\/a>, foi \u00e0s redes sociais nesta quarta-feira (29) e negou a informa\u00e7\u00e3o de que seu pai estaria com os pulm\u00f5es comprometidos ou em estado grave.<\/p>\n<p><iframe title=\"V\u00eddeo: filha de Sik\u00eara Junior nega comprometimento de pulm\u00f5es do apresentador: \u201cN\u00e3o \u00e9 real\u201d\" width=\"800\" height=\"450\" src=\"https:\/\/www.youtube.com\/embed\/sItSa3-TFNQ?feature=oembed\" frameborder=\"0\" allow=\"accelerometer; autoplay; clipboard-write; encrypted-media; gyroscope; picture-in-picture; web-share\" referrerpolicy=\"strict-origin-when-cross-origin\" allowfullscreen><\/iframe><\/p>\n<p>Logo cedo uma um jornalista divulgou uma not\u00edcia que <a href=\"https:\/\/noticiasemdestaque.com\/cd\/geral\/sikera-junior-esta-em-estado-grave-com-pulmoes-comprometidos-devido-ao-coronavirus-afirma-jornalista\/\">Sik\u00eara J\u00fanior est\u00e1 em estado grave com pulm\u00f5es comprometidos devido ao Coronav\u00edrus.\u00a0<\/a><\/p>\n<p><em><strong>Not\u00edcias em Destaque<\/strong><\/em><\/p>\n","protected":false},"excerpt":{"rendered":"<p>Larissa Siqueira, filha do apresentador\u00a0Sik\u00eara Junior, foi \u00e0s redes sociais nesta quarta-feira (29) e negou a informa\u00e7\u00e3o de que seu pai estaria com os pulm\u00f5es comprometidos ou em estado grave. Logo cedo uma um jornalista divulgou uma not\u00edcia que Sik\u00eara J\u00fanior est\u00e1 em estado grave com pulm\u00f5es comprometidos devido ao Coronav\u00edrus.\u00a0 Not\u00edcias em Destaque<\/p>\n","protected":false},"author":2,"featured_media":24581,"comment_status":"closed","ping_status":"open","sticky":false,"template":"","format":"standard","meta":{"_eb_attr":"","_jetpack_memberships_contains_paid_content":false,"footnotes":""},"categories":[3],"tags":[],"class_list":["post-24580","post","type-post","status-publish","format-standard","has-post-thumbnail","hentry","category-cidades"],"yoast_head":"<!-- This site is optimized with the Yoast SEO plugin v26.5 - https:\/\/yoast.com\/wordpress\/plugins\/seo\/ -->\n<title>V\u00eddeo: filha de Sik\u00eara Junior nega comprometimento de pulm\u00f5es do apresentador: \u201cN\u00e3o \u00e9 real\u201d - Not&iacute;cias em Destaque<\/title>\n<meta name=\"robots\" content=\"index, follow, max-snippet:-1, max-image-preview:large, max-video-preview:-1\" \/>\n<link rel=\"canonical\" href=\"https:\/\/noticiasemdestaque.com\/cd\/?p=24580\" \/>\n<meta property=\"og:locale\" content=\"pt_BR\" \/>\n<meta property=\"og:type\" content=\"article\" \/>\n<meta property=\"og:title\" content=\"V\u00eddeo: filha de Sik\u00eara Junior nega comprometimento de pulm\u00f5es do apresentador: \u201cN\u00e3o \u00e9 real\u201d - Not&iacute;cias em Destaque\" \/>\n<meta property=\"og:description\" content=\"Larissa Siqueira, filha do apresentador\u00a0Sik\u00eara Junior, foi \u00e0s redes sociais nesta quarta-feira (29) e negou a informa\u00e7\u00e3o de que seu pai estaria com os pulm\u00f5es comprometidos ou em estado grave. Logo cedo uma um jornalista divulgou uma not\u00edcia que Sik\u00eara J\u00fanior est\u00e1 em estado grave com pulm\u00f5es comprometidos devido ao Coronav\u00edrus.\u00a0 Not\u00edcias em Destaque\" \/>\n<meta property=\"og:url\" content=\"https:\/\/noticiasemdestaque.com\/cd\/?p=24580\" \/>\n<meta property=\"og:site_name\" content=\"Not&iacute;cias em Destaque\" \/>\n<meta property=\"article:published_time\" content=\"2020-04-29T21:30:48+00:00\" \/>\n<meta property=\"og:image\" content=\"https:\/\/noticiasemdestaque.com\/cd\/wp-content\/uploads\/2020\/04\/filha-sikera.png\" \/>\n\t<meta property=\"og:image:width\" content=\"665\" \/>\n\t<meta property=\"og:image:height\" content=\"514\" \/>\n\t<meta property=\"og:image:type\" content=\"image\/png\" \/>\n<meta name=\"author\" content=\"Not\u00edcias em Destaque\" \/>\n<meta name=\"twitter:card\" content=\"summary_large_image\" \/>\n<meta name=\"twitter:label1\" content=\"Escrito por\" \/>\n\t<meta name=\"twitter:data1\" content=\"Not\u00edcias em Destaque\" \/>\n<script type=\"application\/ld+json\" class=\"yoast-schema-graph\">{\"@context\":\"https:\/\/schema.org\",\"@graph\":[{\"@type\":\"Article\",\"@id\":\"https:\/\/noticiasemdestaque.com\/cd\/?p=24580#article\",\"isPartOf\":{\"@id\":\"https:\/\/noticiasemdestaque.com\/cd\/?p=24580\"},\"author\":{\"name\":\"Not\u00edcias em Destaque\",\"@id\":\"https:\/\/noticiasemdestaque.com\/cd\/#\/schema\/person\/21320b03a7e8bb90128938dafc9b908a\"},\"headline\":\"V\u00eddeo: filha de Sik\u00eara Junior nega comprometimento de pulm\u00f5es do apresentador: \u201cN\u00e3o \u00e9 real\u201d\",\"datePublished\":\"2020-04-29T21:30:48+00:00\",\"mainEntityOfPage\":{\"@id\":\"https:\/\/noticiasemdestaque.com\/cd\/?p=24580\"},\"wordCount\":85,\"publisher\":{\"@id\":\"https:\/\/noticiasemdestaque.com\/cd\/#organization\"},\"image\":{\"@id\":\"https:\/\/noticiasemdestaque.com\/cd\/?p=24580#primaryimage\"},\"thumbnailUrl\":\"https:\/\/noticiasemdestaque.com\/cd\/wp-content\/uploads\/2020\/04\/filha-sikera.png\",\"articleSection\":[\"Cidades\"],\"inLanguage\":\"pt-BR\"},{\"@type\":\"WebPage\",\"@id\":\"https:\/\/noticiasemdestaque.com\/cd\/?p=24580\",\"url\":\"https:\/\/noticiasemdestaque.com\/cd\/?p=24580\",\"name\":\"V\u00eddeo: filha de Sik\u00eara Junior nega comprometimento de pulm\u00f5es do apresentador: \u201cN\u00e3o \u00e9 real\u201d - Not&iacute;cias em Destaque\",\"isPartOf\":{\"@id\":\"https:\/\/noticiasemdestaque.com\/cd\/#website\"},\"primaryImageOfPage\":{\"@id\":\"https:\/\/noticiasemdestaque.com\/cd\/?p=24580#primaryimage\"},\"image\":{\"@id\":\"https:\/\/noticiasemdestaque.com\/cd\/?p=24580#primaryimage\"},\"thumbnailUrl\":\"https:\/\/noticiasemdestaque.com\/cd\/wp-content\/uploads\/2020\/04\/filha-sikera.png\",\"datePublished\":\"2020-04-29T21:30:48+00:00\",\"breadcrumb\":{\"@id\":\"https:\/\/noticiasemdestaque.com\/cd\/?p=24580#breadcrumb\"},\"inLanguage\":\"pt-BR\",\"potentialAction\":[{\"@type\":\"ReadAction\",\"target\":[\"https:\/\/noticiasemdestaque.com\/cd\/?p=24580\"]}]},{\"@type\":\"ImageObject\",\"inLanguage\":\"pt-BR\",\"@id\":\"https:\/\/noticiasemdestaque.com\/cd\/?p=24580#primaryimage\",\"url\":\"https:\/\/noticiasemdestaque.com\/cd\/wp-content\/uploads\/2020\/04\/filha-sikera.png\",\"contentUrl\":\"https:\/\/noticiasemdestaque.com\/cd\/wp-content\/uploads\/2020\/04\/filha-sikera.png\",\"width\":665,\"height\":514},{\"@type\":\"BreadcrumbList\",\"@id\":\"https:\/\/noticiasemdestaque.com\/cd\/?p=24580#breadcrumb\",\"itemListElement\":[{\"@type\":\"ListItem\",\"position\":1,\"name\":\"In\u00edcio\",\"item\":\"https:\/\/noticiasemdestaque.com\/cd\/\"},{\"@type\":\"ListItem\",\"position\":2,\"name\":\"V\u00eddeo: filha de Sik\u00eara Junior nega comprometimento de pulm\u00f5es do apresentador: \u201cN\u00e3o \u00e9 real\u201d\"}]},{\"@type\":\"WebSite\",\"@id\":\"https:\/\/noticiasemdestaque.com\/cd\/#website\",\"url\":\"https:\/\/noticiasemdestaque.com\/cd\/\",\"name\":\"Not&iacute;cias em Destaque\",\"description\":\"\",\"publisher\":{\"@id\":\"https:\/\/noticiasemdestaque.com\/cd\/#organization\"},\"potentialAction\":[{\"@type\":\"SearchAction\",\"target\":{\"@type\":\"EntryPoint\",\"urlTemplate\":\"https:\/\/noticiasemdestaque.com\/cd\/?s={search_term_string}\"},\"query-input\":{\"@type\":\"PropertyValueSpecification\",\"valueRequired\":true,\"valueName\":\"search_term_string\"}}],\"inLanguage\":\"pt-BR\"},{\"@type\":\"Organization\",\"@id\":\"https:\/\/noticiasemdestaque.com\/cd\/#organization\",\"name\":\"Not\u00edcias em Destaque\",\"url\":\"https:\/\/noticiasemdestaque.com\/cd\/\",\"logo\":{\"@type\":\"ImageObject\",\"inLanguage\":\"pt-BR\",\"@id\":\"https:\/\/noticiasemdestaque.com\/cd\/#\/schema\/logo\/image\/\",\"url\":\"https:\/\/noticiasemdestaque.com\/cd\/wp-content\/uploads\/2022\/05\/imagem-base-noticiasemdestaque.png\",\"contentUrl\":\"https:\/\/noticiasemdestaque.com\/cd\/wp-content\/uploads\/2022\/05\/imagem-base-noticiasemdestaque.png\",\"width\":1200,\"height\":630,\"caption\":\"Not\u00edcias em Destaque\"},\"image\":{\"@id\":\"https:\/\/noticiasemdestaque.com\/cd\/#\/schema\/logo\/image\/\"}},{\"@type\":\"Person\",\"@id\":\"https:\/\/noticiasemdestaque.com\/cd\/#\/schema\/person\/21320b03a7e8bb90128938dafc9b908a\",\"name\":\"Not\u00edcias em Destaque\",\"url\":\"https:\/\/noticiasemdestaque.com\/cd\/?author=2\"}]}<\/script>\n<!-- \/ Yoast SEO plugin. -->","yoast_head_json":{"title":"V\u00eddeo: filha de Sik\u00eara Junior nega comprometimento de pulm\u00f5es do apresentador: \u201cN\u00e3o \u00e9 real\u201d - Not&iacute;cias em Destaque","robots":{"index":"index","follow":"follow","max-snippet":"max-snippet:-1","max-image-preview":"max-image-preview:large","max-video-preview":"max-video-preview:-1"},"canonical":"https:\/\/noticiasemdestaque.com\/cd\/?p=24580","og_locale":"pt_BR","og_type":"article","og_title":"V\u00eddeo: filha de Sik\u00eara Junior nega comprometimento de pulm\u00f5es do apresentador: \u201cN\u00e3o \u00e9 real\u201d - Not&iacute;cias em Destaque","og_description":"Larissa Siqueira, filha do apresentador\u00a0Sik\u00eara Junior, foi \u00e0s redes sociais nesta quarta-feira (29) e negou a informa\u00e7\u00e3o de que seu pai estaria com os pulm\u00f5es comprometidos ou em estado grave. Logo cedo uma um jornalista divulgou uma not\u00edcia que Sik\u00eara J\u00fanior est\u00e1 em estado grave com pulm\u00f5es comprometidos devido ao Coronav\u00edrus.\u00a0 Not\u00edcias em Destaque","og_url":"https:\/\/noticiasemdestaque.com\/cd\/?p=24580","og_site_name":"Not&iacute;cias em Destaque","article_published_time":"2020-04-29T21:30:48+00:00","og_image":[{"width":665,"height":514,"url":"https:\/\/noticiasemdestaque.com\/cd\/wp-content\/uploads\/2020\/04\/filha-sikera.png","type":"image\/png"}],"author":"Not\u00edcias em Destaque","twitter_card":"summary_large_image","twitter_misc":{"Escrito por":"Not\u00edcias em Destaque"},"schema":{"@context":"https:\/\/schema.org","@graph":[{"@type":"Article","@id":"https:\/\/noticiasemdestaque.com\/cd\/?p=24580#article","isPartOf":{"@id":"https:\/\/noticiasemdestaque.com\/cd\/?p=24580"},"author":{"name":"Not\u00edcias em Destaque","@id":"https:\/\/noticiasemdestaque.com\/cd\/#\/schema\/person\/21320b03a7e8bb90128938dafc9b908a"},"headline":"V\u00eddeo: filha de Sik\u00eara Junior nega comprometimento de pulm\u00f5es do apresentador: \u201cN\u00e3o \u00e9 real\u201d","datePublished":"2020-04-29T21:30:48+00:00","mainEntityOfPage":{"@id":"https:\/\/noticiasemdestaque.com\/cd\/?p=24580"},"wordCount":85,"publisher":{"@id":"https:\/\/noticiasemdestaque.com\/cd\/#organization"},"image":{"@id":"https:\/\/noticiasemdestaque.com\/cd\/?p=24580#primaryimage"},"thumbnailUrl":"https:\/\/noticiasemdestaque.com\/cd\/wp-content\/uploads\/2020\/04\/filha-sikera.png","articleSection":["Cidades"],"inLanguage":"pt-BR"},{"@type":"WebPage","@id":"https:\/\/noticiasemdestaque.com\/cd\/?p=24580","url":"https:\/\/noticiasemdestaque.com\/cd\/?p=24580","name":"V\u00eddeo: filha de Sik\u00eara Junior nega comprometimento de pulm\u00f5es do apresentador: \u201cN\u00e3o \u00e9 real\u201d - Not&iacute;cias em Destaque","isPartOf":{"@id":"https:\/\/noticiasemdestaque.com\/cd\/#website"},"primaryImageOfPage":{"@id":"https:\/\/noticiasemdestaque.com\/cd\/?p=24580#primaryimage"},"image":{"@id":"https:\/\/noticiasemdestaque.com\/cd\/?p=24580#primaryimage"},"thumbnailUrl":"https:\/\/noticiasemdestaque.com\/cd\/wp-content\/uploads\/2020\/04\/filha-sikera.png","datePublished":"2020-04-29T21:30:48+00:00","breadcrumb":{"@id":"https:\/\/noticiasemdestaque.com\/cd\/?p=24580#breadcrumb"},"inLanguage":"pt-BR","potentialAction":[{"@type":"ReadAction","target":["https:\/\/noticiasemdestaque.com\/cd\/?p=24580"]}]},{"@type":"ImageObject","inLanguage":"pt-BR","@id":"https:\/\/noticiasemdestaque.com\/cd\/?p=24580#primaryimage","url":"https:\/\/noticiasemdestaque.com\/cd\/wp-content\/uploads\/2020\/04\/filha-sikera.png","contentUrl":"https:\/\/noticiasemdestaque.com\/cd\/wp-content\/uploads\/2020\/04\/filha-sikera.png","width":665,"height":514},{"@type":"BreadcrumbList","@id":"https:\/\/noticiasemdestaque.com\/cd\/?p=24580#breadcrumb","itemListElement":[{"@type":"ListItem","position":1,"name":"In\u00edcio","item":"https:\/\/noticiasemdestaque.com\/cd\/"},{"@type":"ListItem","position":2,"name":"V\u00eddeo: filha de Sik\u00eara Junior nega comprometimento de pulm\u00f5es do apresentador: \u201cN\u00e3o \u00e9 real\u201d"}]},{"@type":"WebSite","@id":"https:\/\/noticiasemdestaque.com\/cd\/#website","url":"https:\/\/noticiasemdestaque.com\/cd\/","name":"Not&iacute;cias em Destaque","description":"","publisher":{"@id":"https:\/\/noticiasemdestaque.com\/cd\/#organization"},"potentialAction":[{"@type":"SearchAction","target":{"@type":"EntryPoint","urlTemplate":"https:\/\/noticiasemdestaque.com\/cd\/?s={search_term_string}"},"query-input":{"@type":"PropertyValueSpecification","valueRequired":true,"valueName":"search_term_string"}}],"inLanguage":"pt-BR"},{"@type":"Organization","@id":"https:\/\/noticiasemdestaque.com\/cd\/#organization","name":"Not\u00edcias em Destaque","url":"https:\/\/noticiasemdestaque.com\/cd\/","logo":{"@type":"ImageObject","inLanguage":"pt-BR","@id":"https:\/\/noticiasemdestaque.com\/cd\/#\/schema\/logo\/image\/","url":"https:\/\/noticiasemdestaque.com\/cd\/wp-content\/uploads\/2022\/05\/imagem-base-noticiasemdestaque.png","contentUrl":"https:\/\/noticiasemdestaque.com\/cd\/wp-content\/uploads\/2022\/05\/imagem-base-noticiasemdestaque.png","width":1200,"height":630,"caption":"Not\u00edcias em Destaque"},"image":{"@id":"https:\/\/noticiasemdestaque.com\/cd\/#\/schema\/logo\/image\/"}},{"@type":"Person","@id":"https:\/\/noticiasemdestaque.com\/cd\/#\/schema\/person\/21320b03a7e8bb90128938dafc9b908a","name":"Not\u00edcias em Destaque","url":"https:\/\/noticiasemdestaque.com\/cd\/?author=2"}]}},"jetpack_featured_media_url":"https:\/\/noticiasemdestaque.com\/cd\/wp-content\/uploads\/2020\/04\/filha-sikera.png","jetpack_sharing_enabled":true,"_links":{"self":[{"href":"https:\/\/noticiasemdestaque.com\/cd\/index.php?rest_route=\/wp\/v2\/posts\/24580","targetHints":{"allow":["GET"]}}],"collection":[{"href":"https:\/\/noticiasemdestaque.com\/cd\/index.php?rest_route=\/wp\/v2\/posts"}],"about":[{"href":"https:\/\/noticiasemdestaque.com\/cd\/index.php?rest_route=\/wp\/v2\/types\/post"}],"author":[{"embeddable":true,"href":"https:\/\/noticiasemdestaque.com\/cd\/index.php?rest_route=\/wp\/v2\/users\/2"}],"replies":[{"embeddable":true,"href":"https:\/\/noticiasemdestaque.com\/cd\/index.php?rest_route=%2Fwp%2Fv2%2Fcomments&post=24580"}],"version-history":[{"count":1,"href":"https:\/\/noticiasemdestaque.com\/cd\/index.php?rest_route=\/wp\/v2\/posts\/24580\/revisions"}],"predecessor-version":[{"id":24582,"href":"https:\/\/noticiasemdestaque.com\/cd\/index.php?rest_route=\/wp\/v2\/posts\/24580\/revisions\/24582"}],"wp:featuredmedia":[{"embeddable":true,"href":"https:\/\/noticiasemdestaque.com\/cd\/index.php?rest_route=\/wp\/v2\/media\/24581"}],"wp:attachment":[{"href":"https:\/\/noticiasemdestaque.com\/cd\/index.php?rest_route=%2Fwp%2Fv2%2Fmedia&parent=24580"}],"wp:term":[{"taxonomy":"category","embeddable":true,"href":"https:\/\/noticiasemdestaque.com\/cd\/index.php?rest_route=%2Fwp%2Fv2%2Fcategories&post=24580"},{"taxonomy":"post_tag","embeddable":true,"href":"https:\/\/noticiasemdestaque.com\/cd\/index.php?rest_route=%2Fwp%2Fv2%2Ftags&post=24580"}],"curies":[{"name":"wp","href":"https:\/\/api.w.org\/{rel}","templated":true}]}}