{"id":24574,"date":"2020-04-29T13:11:10","date_gmt":"2020-04-29T16:11:10","guid":{"rendered":"http:\/\/noticiasemdestaque.com\/cd\/?p=24574"},"modified":"2020-04-29T13:11:10","modified_gmt":"2020-04-29T16:11:10","slug":"sikera-junior-esta-em-estado-grave-com-pulmoes-comprometidos-devido-ao-coronavirus-afirma-jornalista","status":"publish","type":"post","link":"https:\/\/noticiasemdestaque.com\/cd\/?p=24574","title":{"rendered":"Sik\u00eara J\u00fanior est\u00e1 em estado grave com pulm\u00f5es comprometidos devido ao Coronav\u00edrus, afirma jornalista"},"content":{"rendered":"<p><a href=\"https:\/\/noticiasemdestaque.com\/cd\/wp-content\/uploads\/2020\/04\/sikera-jr-redetv.jpg\"><img fetchpriority=\"high\" decoding=\"async\" class=\"size-large wp-image-24465 aligncenter\" src=\"https:\/\/noticiasemdestaque.com\/cd\/wp-content\/uploads\/2020\/04\/sikera-jr-redetv-1024x576.jpg\" alt=\"\" width=\"1024\" height=\"576\" srcset=\"https:\/\/noticiasemdestaque.com\/cd\/wp-content\/uploads\/2020\/04\/sikera-jr-redetv.jpg 1024w, https:\/\/noticiasemdestaque.com\/cd\/wp-content\/uploads\/2020\/04\/sikera-jr-redetv-300x169.jpg 300w, https:\/\/noticiasemdestaque.com\/cd\/wp-content\/uploads\/2020\/04\/sikera-jr-redetv-768x432.jpg 768w\" sizes=\"(max-width: 1024px) 100vw, 1024px\" \/><\/a><\/p>\n<p>O apresentador Sik\u00eara J\u00fanior\u00a0est\u00e1 em estado grave com os dois pulm\u00f5es comprometidos por causa do Coronav\u00edrus, afirmou o\u00a0jornalista Ronaldo Tiradentes nesta quarta-feira (29), em seu programa de r\u00e1dio.<\/p>\n<p>O apresentador teria\u00a0recebido\u00a0o diagn\u00f3stico dos exames nesta ter\u00e7a-feira (28).<\/p>\n<p>O apresentador est\u00e1 afastado de seu programa na TV A Cr\u00edtica\/RedeTV desde o \u00faltimo dia 22, quando passou mal ao vivo e teve que ser substitu\u00eddo \u00e0s pressas pela\u00a0rep\u00f3rter\u00a0Mayara Rocha.<\/p>\n<p>Ele estava previsto para voltar ao ar nesta segunda-feira (27)\u00a0o que n\u00e3o aconteceu.<\/p>\n","protected":false},"excerpt":{"rendered":"<p>O apresentador Sik\u00eara J\u00fanior\u00a0est\u00e1 em estado grave com os dois pulm\u00f5es comprometidos por causa do Coronav\u00edrus, afirmou o\u00a0jornalista Ronaldo Tiradentes nesta quarta-feira (29), em seu programa de r\u00e1dio. O apresentador teria\u00a0recebido\u00a0o diagn\u00f3stico dos exames nesta ter\u00e7a-feira (28). O apresentador est\u00e1 afastado de seu programa na TV A Cr\u00edtica\/RedeTV desde o \u00faltimo dia 22, quando passou mal ao vivo e teve que ser substitu\u00eddo \u00e0s pressas pela\u00a0rep\u00f3rter\u00a0Mayara Rocha. Ele estava previsto para voltar ao ar nesta segunda-feira (27)\u00a0o que n\u00e3o aconteceu.<\/p>\n","protected":false},"author":2,"featured_media":24465,"comment_status":"closed","ping_status":"open","sticky":false,"template":"","format":"standard","meta":{"_eb_attr":"","_jetpack_memberships_contains_paid_content":false,"footnotes":""},"categories":[12],"tags":[],"class_list":["post-24574","post","type-post","status-publish","format-standard","has-post-thumbnail","hentry","category-geral"],"yoast_head":"<!-- This site is optimized with the Yoast SEO plugin v26.5 - https:\/\/yoast.com\/wordpress\/plugins\/seo\/ -->\n<title>Sik\u00eara J\u00fanior est\u00e1 em estado grave com pulm\u00f5es comprometidos devido ao Coronav\u00edrus, afirma jornalista - Not&iacute;cias em Destaque<\/title>\n<meta name=\"robots\" content=\"index, follow, max-snippet:-1, max-image-preview:large, max-video-preview:-1\" \/>\n<link rel=\"canonical\" href=\"https:\/\/noticiasemdestaque.com\/cd\/?p=24574\" \/>\n<meta property=\"og:locale\" content=\"pt_BR\" \/>\n<meta property=\"og:type\" content=\"article\" \/>\n<meta property=\"og:title\" content=\"Sik\u00eara J\u00fanior est\u00e1 em estado grave com pulm\u00f5es comprometidos devido ao Coronav\u00edrus, afirma jornalista - Not&iacute;cias em Destaque\" \/>\n<meta property=\"og:description\" content=\"O apresentador Sik\u00eara J\u00fanior\u00a0est\u00e1 em estado grave com os dois pulm\u00f5es comprometidos por causa do Coronav\u00edrus, afirmou o\u00a0jornalista Ronaldo Tiradentes nesta quarta-feira (29), em seu programa de r\u00e1dio. O apresentador teria\u00a0recebido\u00a0o diagn\u00f3stico dos exames nesta ter\u00e7a-feira (28). O apresentador est\u00e1 afastado de seu programa na TV A Cr\u00edtica\/RedeTV desde o \u00faltimo dia 22, quando passou mal ao vivo e teve que ser substitu\u00eddo \u00e0s pressas pela\u00a0rep\u00f3rter\u00a0Mayara Rocha. Ele estava previsto para voltar ao ar nesta segunda-feira (27)\u00a0o que n\u00e3o aconteceu.\" \/>\n<meta property=\"og:url\" content=\"https:\/\/noticiasemdestaque.com\/cd\/?p=24574\" \/>\n<meta property=\"og:site_name\" content=\"Not&iacute;cias em Destaque\" \/>\n<meta property=\"article:published_time\" content=\"2020-04-29T16:11:10+00:00\" \/>\n<meta property=\"og:image\" content=\"https:\/\/noticiasemdestaque.com\/cd\/wp-content\/uploads\/2020\/04\/sikera-jr-redetv.jpg\" \/>\n\t<meta property=\"og:image:width\" content=\"1024\" \/>\n\t<meta property=\"og:image:height\" content=\"576\" \/>\n\t<meta property=\"og:image:type\" content=\"image\/jpeg\" \/>\n<meta name=\"author\" content=\"Not\u00edcias em Destaque\" \/>\n<meta name=\"twitter:card\" content=\"summary_large_image\" \/>\n<meta name=\"twitter:label1\" content=\"Escrito por\" \/>\n\t<meta name=\"twitter:data1\" content=\"Not\u00edcias em Destaque\" \/>\n<script type=\"application\/ld+json\" class=\"yoast-schema-graph\">{\"@context\":\"https:\/\/schema.org\",\"@graph\":[{\"@type\":\"Article\",\"@id\":\"https:\/\/noticiasemdestaque.com\/cd\/?p=24574#article\",\"isPartOf\":{\"@id\":\"https:\/\/noticiasemdestaque.com\/cd\/?p=24574\"},\"author\":{\"name\":\"Not\u00edcias em Destaque\",\"@id\":\"https:\/\/noticiasemdestaque.com\/cd\/#\/schema\/person\/4a81fb71f77579d059c3045891fa1786\"},\"headline\":\"Sik\u00eara J\u00fanior est\u00e1 em estado grave com pulm\u00f5es comprometidos devido ao Coronav\u00edrus, afirma jornalista\",\"datePublished\":\"2020-04-29T16:11:10+00:00\",\"mainEntityOfPage\":{\"@id\":\"https:\/\/noticiasemdestaque.com\/cd\/?p=24574\"},\"wordCount\":113,\"publisher\":{\"@id\":\"https:\/\/noticiasemdestaque.com\/cd\/#organization\"},\"image\":{\"@id\":\"https:\/\/noticiasemdestaque.com\/cd\/?p=24574#primaryimage\"},\"thumbnailUrl\":\"https:\/\/noticiasemdestaque.com\/cd\/wp-content\/uploads\/2020\/04\/sikera-jr-redetv.jpg\",\"articleSection\":[\"Geral\"],\"inLanguage\":\"pt-BR\"},{\"@type\":\"WebPage\",\"@id\":\"https:\/\/noticiasemdestaque.com\/cd\/?p=24574\",\"url\":\"https:\/\/noticiasemdestaque.com\/cd\/?p=24574\",\"name\":\"Sik\u00eara J\u00fanior est\u00e1 em estado grave com pulm\u00f5es comprometidos devido ao Coronav\u00edrus, afirma jornalista - Not&iacute;cias em Destaque\",\"isPartOf\":{\"@id\":\"https:\/\/noticiasemdestaque.com\/cd\/#website\"},\"primaryImageOfPage\":{\"@id\":\"https:\/\/noticiasemdestaque.com\/cd\/?p=24574#primaryimage\"},\"image\":{\"@id\":\"https:\/\/noticiasemdestaque.com\/cd\/?p=24574#primaryimage\"},\"thumbnailUrl\":\"https:\/\/noticiasemdestaque.com\/cd\/wp-content\/uploads\/2020\/04\/sikera-jr-redetv.jpg\",\"datePublished\":\"2020-04-29T16:11:10+00:00\",\"breadcrumb\":{\"@id\":\"https:\/\/noticiasemdestaque.com\/cd\/?p=24574#breadcrumb\"},\"inLanguage\":\"pt-BR\",\"potentialAction\":[{\"@type\":\"ReadAction\",\"target\":[\"https:\/\/noticiasemdestaque.com\/cd\/?p=24574\"]}]},{\"@type\":\"ImageObject\",\"inLanguage\":\"pt-BR\",\"@id\":\"https:\/\/noticiasemdestaque.com\/cd\/?p=24574#primaryimage\",\"url\":\"https:\/\/noticiasemdestaque.com\/cd\/wp-content\/uploads\/2020\/04\/sikera-jr-redetv.jpg\",\"contentUrl\":\"https:\/\/noticiasemdestaque.com\/cd\/wp-content\/uploads\/2020\/04\/sikera-jr-redetv.jpg\",\"width\":1024,\"height\":576},{\"@type\":\"BreadcrumbList\",\"@id\":\"https:\/\/noticiasemdestaque.com\/cd\/?p=24574#breadcrumb\",\"itemListElement\":[{\"@type\":\"ListItem\",\"position\":1,\"name\":\"In\u00edcio\",\"item\":\"https:\/\/noticiasemdestaque.com\/cd\/\"},{\"@type\":\"ListItem\",\"position\":2,\"name\":\"Sik\u00eara J\u00fanior est\u00e1 em estado grave com pulm\u00f5es comprometidos devido ao Coronav\u00edrus, afirma jornalista\"}]},{\"@type\":\"WebSite\",\"@id\":\"https:\/\/noticiasemdestaque.com\/cd\/#website\",\"url\":\"https:\/\/noticiasemdestaque.com\/cd\/\",\"name\":\"Not&iacute;cias em Destaque\",\"description\":\"\",\"publisher\":{\"@id\":\"https:\/\/noticiasemdestaque.com\/cd\/#organization\"},\"potentialAction\":[{\"@type\":\"SearchAction\",\"target\":{\"@type\":\"EntryPoint\",\"urlTemplate\":\"https:\/\/noticiasemdestaque.com\/cd\/?s={search_term_string}\"},\"query-input\":{\"@type\":\"PropertyValueSpecification\",\"valueRequired\":true,\"valueName\":\"search_term_string\"}}],\"inLanguage\":\"pt-BR\"},{\"@type\":\"Organization\",\"@id\":\"https:\/\/noticiasemdestaque.com\/cd\/#organization\",\"name\":\"Not\u00edcias em Destaque\",\"url\":\"https:\/\/noticiasemdestaque.com\/cd\/\",\"logo\":{\"@type\":\"ImageObject\",\"inLanguage\":\"pt-BR\",\"@id\":\"https:\/\/noticiasemdestaque.com\/cd\/#\/schema\/logo\/image\/\",\"url\":\"https:\/\/noticiasemdestaque.com\/cd\/wp-content\/uploads\/2022\/05\/imagem-base-noticiasemdestaque.png\",\"contentUrl\":\"https:\/\/noticiasemdestaque.com\/cd\/wp-content\/uploads\/2022\/05\/imagem-base-noticiasemdestaque.png\",\"width\":1200,\"height\":630,\"caption\":\"Not\u00edcias em Destaque\"},\"image\":{\"@id\":\"https:\/\/noticiasemdestaque.com\/cd\/#\/schema\/logo\/image\/\"}},{\"@type\":\"Person\",\"@id\":\"https:\/\/noticiasemdestaque.com\/cd\/#\/schema\/person\/4a81fb71f77579d059c3045891fa1786\",\"name\":\"Not\u00edcias em Destaque\",\"url\":\"https:\/\/noticiasemdestaque.com\/cd\/?author=2\"}]}<\/script>\n<!-- \/ Yoast SEO plugin. -->","yoast_head_json":{"title":"Sik\u00eara J\u00fanior est\u00e1 em estado grave com pulm\u00f5es comprometidos devido ao Coronav\u00edrus, afirma jornalista - Not&iacute;cias em Destaque","robots":{"index":"index","follow":"follow","max-snippet":"max-snippet:-1","max-image-preview":"max-image-preview:large","max-video-preview":"max-video-preview:-1"},"canonical":"https:\/\/noticiasemdestaque.com\/cd\/?p=24574","og_locale":"pt_BR","og_type":"article","og_title":"Sik\u00eara J\u00fanior est\u00e1 em estado grave com pulm\u00f5es comprometidos devido ao Coronav\u00edrus, afirma jornalista - Not&iacute;cias em Destaque","og_description":"O apresentador Sik\u00eara J\u00fanior\u00a0est\u00e1 em estado grave com os dois pulm\u00f5es comprometidos por causa do Coronav\u00edrus, afirmou o\u00a0jornalista Ronaldo Tiradentes nesta quarta-feira (29), em seu programa de r\u00e1dio. O apresentador teria\u00a0recebido\u00a0o diagn\u00f3stico dos exames nesta ter\u00e7a-feira (28). O apresentador est\u00e1 afastado de seu programa na TV A Cr\u00edtica\/RedeTV desde o \u00faltimo dia 22, quando passou mal ao vivo e teve que ser substitu\u00eddo \u00e0s pressas pela\u00a0rep\u00f3rter\u00a0Mayara Rocha. Ele estava previsto para voltar ao ar nesta segunda-feira (27)\u00a0o que n\u00e3o aconteceu.","og_url":"https:\/\/noticiasemdestaque.com\/cd\/?p=24574","og_site_name":"Not&iacute;cias em Destaque","article_published_time":"2020-04-29T16:11:10+00:00","og_image":[{"width":1024,"height":576,"url":"https:\/\/noticiasemdestaque.com\/cd\/wp-content\/uploads\/2020\/04\/sikera-jr-redetv.jpg","type":"image\/jpeg"}],"author":"Not\u00edcias em Destaque","twitter_card":"summary_large_image","twitter_misc":{"Escrito por":"Not\u00edcias em Destaque"},"schema":{"@context":"https:\/\/schema.org","@graph":[{"@type":"Article","@id":"https:\/\/noticiasemdestaque.com\/cd\/?p=24574#article","isPartOf":{"@id":"https:\/\/noticiasemdestaque.com\/cd\/?p=24574"},"author":{"name":"Not\u00edcias em Destaque","@id":"https:\/\/noticiasemdestaque.com\/cd\/#\/schema\/person\/4a81fb71f77579d059c3045891fa1786"},"headline":"Sik\u00eara J\u00fanior est\u00e1 em estado grave com pulm\u00f5es comprometidos devido ao Coronav\u00edrus, afirma jornalista","datePublished":"2020-04-29T16:11:10+00:00","mainEntityOfPage":{"@id":"https:\/\/noticiasemdestaque.com\/cd\/?p=24574"},"wordCount":113,"publisher":{"@id":"https:\/\/noticiasemdestaque.com\/cd\/#organization"},"image":{"@id":"https:\/\/noticiasemdestaque.com\/cd\/?p=24574#primaryimage"},"thumbnailUrl":"https:\/\/noticiasemdestaque.com\/cd\/wp-content\/uploads\/2020\/04\/sikera-jr-redetv.jpg","articleSection":["Geral"],"inLanguage":"pt-BR"},{"@type":"WebPage","@id":"https:\/\/noticiasemdestaque.com\/cd\/?p=24574","url":"https:\/\/noticiasemdestaque.com\/cd\/?p=24574","name":"Sik\u00eara J\u00fanior est\u00e1 em estado grave com pulm\u00f5es comprometidos devido ao Coronav\u00edrus, afirma jornalista - Not&iacute;cias em Destaque","isPartOf":{"@id":"https:\/\/noticiasemdestaque.com\/cd\/#website"},"primaryImageOfPage":{"@id":"https:\/\/noticiasemdestaque.com\/cd\/?p=24574#primaryimage"},"image":{"@id":"https:\/\/noticiasemdestaque.com\/cd\/?p=24574#primaryimage"},"thumbnailUrl":"https:\/\/noticiasemdestaque.com\/cd\/wp-content\/uploads\/2020\/04\/sikera-jr-redetv.jpg","datePublished":"2020-04-29T16:11:10+00:00","breadcrumb":{"@id":"https:\/\/noticiasemdestaque.com\/cd\/?p=24574#breadcrumb"},"inLanguage":"pt-BR","potentialAction":[{"@type":"ReadAction","target":["https:\/\/noticiasemdestaque.com\/cd\/?p=24574"]}]},{"@type":"ImageObject","inLanguage":"pt-BR","@id":"https:\/\/noticiasemdestaque.com\/cd\/?p=24574#primaryimage","url":"https:\/\/noticiasemdestaque.com\/cd\/wp-content\/uploads\/2020\/04\/sikera-jr-redetv.jpg","contentUrl":"https:\/\/noticiasemdestaque.com\/cd\/wp-content\/uploads\/2020\/04\/sikera-jr-redetv.jpg","width":1024,"height":576},{"@type":"BreadcrumbList","@id":"https:\/\/noticiasemdestaque.com\/cd\/?p=24574#breadcrumb","itemListElement":[{"@type":"ListItem","position":1,"name":"In\u00edcio","item":"https:\/\/noticiasemdestaque.com\/cd\/"},{"@type":"ListItem","position":2,"name":"Sik\u00eara J\u00fanior est\u00e1 em estado grave com pulm\u00f5es comprometidos devido ao Coronav\u00edrus, afirma jornalista"}]},{"@type":"WebSite","@id":"https:\/\/noticiasemdestaque.com\/cd\/#website","url":"https:\/\/noticiasemdestaque.com\/cd\/","name":"Not&iacute;cias em Destaque","description":"","publisher":{"@id":"https:\/\/noticiasemdestaque.com\/cd\/#organization"},"potentialAction":[{"@type":"SearchAction","target":{"@type":"EntryPoint","urlTemplate":"https:\/\/noticiasemdestaque.com\/cd\/?s={search_term_string}"},"query-input":{"@type":"PropertyValueSpecification","valueRequired":true,"valueName":"search_term_string"}}],"inLanguage":"pt-BR"},{"@type":"Organization","@id":"https:\/\/noticiasemdestaque.com\/cd\/#organization","name":"Not\u00edcias em Destaque","url":"https:\/\/noticiasemdestaque.com\/cd\/","logo":{"@type":"ImageObject","inLanguage":"pt-BR","@id":"https:\/\/noticiasemdestaque.com\/cd\/#\/schema\/logo\/image\/","url":"https:\/\/noticiasemdestaque.com\/cd\/wp-content\/uploads\/2022\/05\/imagem-base-noticiasemdestaque.png","contentUrl":"https:\/\/noticiasemdestaque.com\/cd\/wp-content\/uploads\/2022\/05\/imagem-base-noticiasemdestaque.png","width":1200,"height":630,"caption":"Not\u00edcias em Destaque"},"image":{"@id":"https:\/\/noticiasemdestaque.com\/cd\/#\/schema\/logo\/image\/"}},{"@type":"Person","@id":"https:\/\/noticiasemdestaque.com\/cd\/#\/schema\/person\/4a81fb71f77579d059c3045891fa1786","name":"Not\u00edcias em Destaque","url":"https:\/\/noticiasemdestaque.com\/cd\/?author=2"}]}},"jetpack_featured_media_url":"https:\/\/noticiasemdestaque.com\/cd\/wp-content\/uploads\/2020\/04\/sikera-jr-redetv.jpg","jetpack_sharing_enabled":true,"_links":{"self":[{"href":"https:\/\/noticiasemdestaque.com\/cd\/index.php?rest_route=\/wp\/v2\/posts\/24574","targetHints":{"allow":["GET"]}}],"collection":[{"href":"https:\/\/noticiasemdestaque.com\/cd\/index.php?rest_route=\/wp\/v2\/posts"}],"about":[{"href":"https:\/\/noticiasemdestaque.com\/cd\/index.php?rest_route=\/wp\/v2\/types\/post"}],"author":[{"embeddable":true,"href":"https:\/\/noticiasemdestaque.com\/cd\/index.php?rest_route=\/wp\/v2\/users\/2"}],"replies":[{"embeddable":true,"href":"https:\/\/noticiasemdestaque.com\/cd\/index.php?rest_route=%2Fwp%2Fv2%2Fcomments&post=24574"}],"version-history":[{"count":1,"href":"https:\/\/noticiasemdestaque.com\/cd\/index.php?rest_route=\/wp\/v2\/posts\/24574\/revisions"}],"predecessor-version":[{"id":24575,"href":"https:\/\/noticiasemdestaque.com\/cd\/index.php?rest_route=\/wp\/v2\/posts\/24574\/revisions\/24575"}],"wp:featuredmedia":[{"embeddable":true,"href":"https:\/\/noticiasemdestaque.com\/cd\/index.php?rest_route=\/wp\/v2\/media\/24465"}],"wp:attachment":[{"href":"https:\/\/noticiasemdestaque.com\/cd\/index.php?rest_route=%2Fwp%2Fv2%2Fmedia&parent=24574"}],"wp:term":[{"taxonomy":"category","embeddable":true,"href":"https:\/\/noticiasemdestaque.com\/cd\/index.php?rest_route=%2Fwp%2Fv2%2Fcategories&post=24574"},{"taxonomy":"post_tag","embeddable":true,"href":"https:\/\/noticiasemdestaque.com\/cd\/index.php?rest_route=%2Fwp%2Fv2%2Ftags&post=24574"}],"curies":[{"name":"wp","href":"https:\/\/api.w.org\/{rel}","templated":true}]}}