{"id":24571,"date":"2020-04-29T13:08:38","date_gmt":"2020-04-29T16:08:38","guid":{"rendered":"http:\/\/noticiasemdestaque.com\/cd\/?p=24571"},"modified":"2020-04-29T13:08:38","modified_gmt":"2020-04-29T16:08:38","slug":"cne-autoriza-atividades-nao-presenciais-em-todas-as-etapas-de-ensino","status":"publish","type":"post","link":"https:\/\/noticiasemdestaque.com\/cd\/?p=24571","title":{"rendered":"CNE autoriza atividades n\u00e3o presenciais em todas as etapas de ensino"},"content":{"rendered":"<p><a href=\"https:\/\/noticiasemdestaque.com\/cd\/wp-content\/uploads\/2020\/04\/EAD2-768x512.jpg\"><img fetchpriority=\"high\" decoding=\"async\" class=\"size-full wp-image-24572 aligncenter\" src=\"https:\/\/noticiasemdestaque.com\/cd\/wp-content\/uploads\/2020\/04\/EAD2-768x512.jpg\" alt=\"\" width=\"768\" height=\"512\" srcset=\"https:\/\/noticiasemdestaque.com\/cd\/wp-content\/uploads\/2020\/04\/EAD2-768x512.jpg 768w, https:\/\/noticiasemdestaque.com\/cd\/wp-content\/uploads\/2020\/04\/EAD2-768x512-300x200.jpg 300w, https:\/\/noticiasemdestaque.com\/cd\/wp-content\/uploads\/2020\/04\/EAD2-768x512-480x320.jpg 480w\" sizes=\"(max-width: 768px) 100vw, 768px\" \/><\/a><\/p>\n<p>O Conselho Nacional de Educa\u00e7\u00e3o (CNE) autorizou, em parecer, a oferta de atividades n\u00e3o presenciais em todas as etapas de ensino, desde a educa\u00e7\u00e3o infantil at\u00e9 o ensino superior. A partir do ensino fundamental, tais atividades podem contar para cumprir a carga hor\u00e1ria obrigat\u00f3ria. O parecer foi elaborado para orientar a educa\u00e7\u00e3o do pa\u00eds em meio \u00e0\u00a0pandemia do novo coronav\u00edrus (covid-19), que levou \u00e0 suspens\u00e3o de aulas presenciais em todos os estados.<\/p>\n<p>O parecer, aprovado hoje (28) em reuni\u00e3o virtual, ainda precisa ser homologado pelo Minist\u00e9rio da Educa\u00e7\u00e3o (MEC). Conselhos estaduais e municipais de Educa\u00e7\u00e3o poder\u00e3o ainda definir como cada localidade seguir\u00e1 as orienta\u00e7\u00f5es. As decis\u00f5es finais sobre como ficar\u00e1 o calend\u00e1rio escolar deste ano\u00a0caber\u00e3o a estados, munic\u00edpios, \u00e0s institui\u00e7\u00f5es de ensino superior e \u00e0s escolas privadas.<\/p>\n<p>As atividades n\u00e3o presenciais podem ser ofertadas por meio digitais, ou n\u00e3o. Podem ser ministradas, por exemplo, por meio de videoaulas, de conte\u00fados organizados em plataformas virtuais de ensino e aprendizagem e\u00a0pelas redes sociais, entre outros. Podem ainda ser oferecidas por meio de programas de televis\u00e3o ou r\u00e1dio; pela ado\u00e7\u00e3o de materiais did\u00e1ticos impressos e distribu\u00eddos aos alunos e seus pais ou respons\u00e1veis; e pela orienta\u00e7\u00e3o de leituras, projetos, pesquisas, atividades e exerc\u00edcios indicados em\u00a0materiais did\u00e1ticos.<\/p>\n<p>\u201cA comunica\u00e7\u00e3o \u00e9 essencial neste processo, assim como a elabora\u00e7\u00e3o de guias de orienta\u00e7\u00e3o das rotinas de atividades educacionais n\u00e3o presenciais para orientar fam\u00edlias e estudantes, sob a supervis\u00e3o de professores e dirigentes escolares\u201d, diz o texto.<\/p>\n<p><strong>Carga hor\u00e1ria\u00a0<\/strong><\/p>\n<p>Devido \u00e0 pandemia, o MEC autorizou que o ano letivo tenha, em 2020, menos de 200 dias, mas manteve a obrigatoriedade de 800 horas no ano para as escolas de todo o pa\u00eds.<\/p>\n<p>Na educa\u00e7\u00e3o infantil, etapa que compreende creche e pr\u00e9-escola\u00a0e atende\u00a0crian\u00e7as de at\u00e9 5 anos de idade, devido \u00e0 limita\u00e7\u00e3o legal, as atividades n\u00e3o presenciais n\u00e3o poder\u00e3o contar no calend\u00e1rio letivo, e as aulas ter\u00e3o que ser repostas presencialmente. Apesar disso, o CNE diz que as escolas podem desenvolver atividades para serem realizadas pelos pais junto com as crian\u00e7as. O mesmo pode ser feito nos anos iniciais do ensino fundamental, quando as crian\u00e7as s\u00e3o alfabetizadas.<\/p>\n<p>O CNE recomenda que, no retorno \u00e0s aulas presenciais, as escolas fa\u00e7am uma avalia\u00e7\u00e3o diagn\u00f3stica de cada estudante para verificar o que foi de fato aprendido no per\u00edodo de isolamento.<\/p>\n<p>\u201cMuito al\u00e9m da carga hor\u00e1ria, o principal que a gente coloca ali \u00e9 que se consigam cumprir os objetivos de aprendizagem previstos no curr\u00edculo e na Base Nacional Comum Curricular. A ideia \u00e9 que se possa garantir atividades para os alunos nesse per\u00edodo e, ao mesmo tempo, para os alunos que n\u00e3o conseguirem realizar as atividades, que a rede tenha planos [de reposi\u00e7\u00e3o] no retorno das atividades presenciais\u201d, diz o relator do parecer, o conselheiro Eduardo Deschamps.<\/p>\n<p><strong>Ensino presencial\u00a0<\/strong><\/p>\n<p>As atividades remotas n\u00e3o s\u00e3o obrigat\u00f3rias. As redes podem optar pela reposi\u00e7\u00e3o da carga hor\u00e1ria de forma presencial ao fim do per\u00edodo de emerg\u00eancia. Para isso, podem aproveitar, por exemplo, os s\u00e1bados e o recesso escolar do meio do ano. Podem ainda optar por um modelo misto, com a amplia\u00e7\u00e3o da carga hor\u00e1ria di\u00e1ria e a realiza\u00e7\u00e3o de atividades pedag\u00f3gicas n\u00e3o presenciais, quando as aulas forem retomadas.<\/p>\n<p>O CNE ressalta que a possibilidade de a longa dura\u00e7\u00e3o da suspens\u00e3o das atividades escolares presenciais dificultar a reposi\u00e7\u00e3o das aulas de forma presencial e de\u00a0comprometer o calend\u00e1rio escolar de 2021 e at\u00e9 mesmo de 2022.<\/p>\n<p>&#8220;A realiza\u00e7\u00e3o de atividades pedag\u00f3gicas n\u00e3o presenciais visa, em primeiro lugar, a\u00a0evitar\u00a0retrocesso de aprendizagem por parte dos estudantes e a perda do v\u00ednculo com a escola, o que pode levar \u00e0 evas\u00e3o e ao abandono&#8221;, diz o CNE.<\/p>\n<p><strong>Avalia\u00e7\u00f5es nacionais<\/strong><\/p>\n<p>O CNE tamb\u00e9m sugere que as avalia\u00e7\u00f5es e exames nacionais e estaduais &#8211; como o Exame Nacional do Ensino M\u00e9dio (Enem) e o Sistema Nacional de Avalia\u00e7\u00e3o da Educa\u00e7\u00e3o B\u00e1sica (Saeb) &#8211; considerem as a\u00e7\u00f5es de reorganiza\u00e7\u00e3o do\u00a0calend\u00e1rio\u00a0de cada sistema de ensino para o estabelecimento de seus cronogramas.<\/p>\n<p>\u201c\u00c9 importante garantir uma avalia\u00e7\u00e3o equilibrada dos estudantes em fun\u00e7\u00e3o das diferentes situa\u00e7\u00f5es que ser\u00e3o enfrentadas em cada sistema de ensino, assegurando as mesmas oportunidades a todos que participam das avalia\u00e7\u00f5es em \u00e2mbitos municipal, estadual e nacional\u201d, diz o documento.<\/p>\n<p><strong>Realidades locais<\/strong><\/p>\n<p>O CNE decidiu elaborar o documento devido \u00e0s v\u00e1rias d\u00favidas de estados, munic\u00edpios e escolas que queriam saber se as pr\u00e1ticas adotadas durante a pandemia estavam em conformidade com as normas vigentes.\u00a0Uma das d\u00favidas mais frequentes \u00e9 como ficar\u00e1 o calend\u00e1rio escolar de 2020. Tamb\u00e9m \u00e9 d\u00favida se as aulas e as atividades a dist\u00e2ncia contar\u00e3o como horas letivas ou ter\u00e3o de ser integralmente repostas quando as aulas presenciais forem retomadas.<\/p>\n<p>O conselho faz a ressalva\u00a0de que, na hora de definir o calend\u00e1rio, \u00e9 preciso observar a realidade das redes de ensino e os limites de acesso dos estabelecimentos de ensino e dos estudantes \u00e0s diversas tecnologias dispon\u00edveis.\u00a0\u00c9 necess\u00e1rio ainda &#8220;considerar propostas inclusivas e que n\u00e3o reforcem ou aumentem a desigualdade de oportunidades educacionais\u201d, diz o texto.<\/p>\n<p>No Brasil, em todos os estados,\u00a0houve\u00a0suspens\u00e3o de aulas para conter o avan\u00e7o da pandemia do novo coronav\u00edrus. A medida n\u00e3o foi adotada apenas no Brasil. De acordo com os \u00faltimos dados da Organiza\u00e7\u00e3o das Na\u00e7\u00f5es Unidas para a Educa\u00e7\u00e3o, a Ci\u00eancia e a Cultura (Unesco), que monitora os impactos da pandemia na educa\u00e7\u00e3o, 186 pa\u00edses determinaram o fechamento de escolas e universidades. A decis\u00e3o afeta cerca de 1,3 bilh\u00e3o de crian\u00e7as e jovens, o que corresponde a 73,8% de todos os estudantes no mundo.<\/p>\n<p><em><strong>Not\u00edcias em Destaque<\/strong><\/em><\/p>\n<p>Com EBC<\/p>\n","protected":false},"excerpt":{"rendered":"<p>O Conselho Nacional de Educa\u00e7\u00e3o (CNE) autorizou, em parecer, a oferta de atividades n\u00e3o presenciais em todas as etapas de ensino, desde a educa\u00e7\u00e3o infantil at\u00e9 o ensino superior. A partir do ensino fundamental, tais atividades podem contar para cumprir a carga hor\u00e1ria obrigat\u00f3ria. O parecer foi elaborado para orientar a educa\u00e7\u00e3o do pa\u00eds em meio \u00e0\u00a0pandemia do novo coronav\u00edrus (covid-19), que levou \u00e0 suspens\u00e3o de aulas presenciais em todos os estados. O parecer, aprovado hoje (28) em reuni\u00e3o virtual, ainda precisa ser homologado pelo Minist\u00e9rio da Educa\u00e7\u00e3o (MEC). Conselhos estaduais e municipais de Educa\u00e7\u00e3o poder\u00e3o ainda definir como cada localidade seguir\u00e1 as orienta\u00e7\u00f5es. As decis\u00f5es finais sobre como ficar\u00e1 o calend\u00e1rio escolar deste ano\u00a0caber\u00e3o a estados, munic\u00edpios, \u00e0s institui\u00e7\u00f5es de ensino superior e \u00e0s escolas privadas. As atividades n\u00e3o presenciais podem ser ofertadas por meio digitais, ou n\u00e3o. Podem ser ministradas, por exemplo, por meio de videoaulas, de conte\u00fados organizados em plataformas virtuais de ensino e aprendizagem e\u00a0pelas redes sociais, entre outros. Podem ainda ser oferecidas por meio de programas de televis\u00e3o ou r\u00e1dio; pela ado\u00e7\u00e3o de materiais did\u00e1ticos impressos e distribu\u00eddos aos alunos e seus pais ou respons\u00e1veis; e pela orienta\u00e7\u00e3o de leituras, projetos, pesquisas, atividades e exerc\u00edcios indicados em\u00a0materiais did\u00e1ticos. \u201cA comunica\u00e7\u00e3o \u00e9 essencial neste processo, assim como a elabora\u00e7\u00e3o de guias de orienta\u00e7\u00e3o das rotinas de atividades educacionais n\u00e3o presenciais para orientar fam\u00edlias e estudantes, sob a supervis\u00e3o de professores e dirigentes escolares\u201d, diz o texto. Carga hor\u00e1ria\u00a0 Devido \u00e0 pandemia, o MEC autorizou que o ano letivo tenha, em 2020, menos de 200 dias, mas manteve a obrigatoriedade de 800 horas no ano para as escolas de todo o pa\u00eds. Na educa\u00e7\u00e3o infantil, etapa que compreende creche e pr\u00e9-escola\u00a0e atende\u00a0crian\u00e7as de at\u00e9 5 anos de idade, devido \u00e0 limita\u00e7\u00e3o legal, as atividades n\u00e3o presenciais n\u00e3o poder\u00e3o contar no calend\u00e1rio letivo, e as aulas ter\u00e3o que ser repostas presencialmente. Apesar disso, o CNE diz que as escolas podem desenvolver atividades para serem realizadas pelos pais junto com as crian\u00e7as. O mesmo pode ser feito nos anos iniciais do ensino fundamental, quando as crian\u00e7as s\u00e3o alfabetizadas. O CNE recomenda que, no retorno \u00e0s aulas presenciais, as escolas fa\u00e7am uma avalia\u00e7\u00e3o diagn\u00f3stica de cada estudante para verificar o que foi de fato aprendido no per\u00edodo de isolamento. \u201cMuito al\u00e9m da carga hor\u00e1ria, o principal que a gente coloca ali \u00e9 que se consigam cumprir os objetivos de aprendizagem previstos no curr\u00edculo e na Base Nacional Comum Curricular. A ideia \u00e9 que se possa garantir atividades para os alunos nesse per\u00edodo e, ao mesmo tempo, para os alunos que n\u00e3o conseguirem realizar as atividades, que a rede tenha planos [de reposi\u00e7\u00e3o] no retorno das atividades presenciais\u201d, diz o relator do parecer, o conselheiro Eduardo Deschamps. Ensino presencial\u00a0 As atividades remotas n\u00e3o s\u00e3o obrigat\u00f3rias. As redes podem optar pela reposi\u00e7\u00e3o da carga hor\u00e1ria de forma presencial ao fim do per\u00edodo de emerg\u00eancia. Para isso, podem aproveitar, por exemplo, os s\u00e1bados e o recesso escolar do meio do ano. Podem ainda optar por um modelo misto, com a amplia\u00e7\u00e3o da carga hor\u00e1ria di\u00e1ria e a realiza\u00e7\u00e3o de atividades pedag\u00f3gicas n\u00e3o presenciais, quando as aulas forem retomadas. O CNE ressalta que a possibilidade de a longa dura\u00e7\u00e3o da suspens\u00e3o das atividades escolares presenciais dificultar a reposi\u00e7\u00e3o das aulas de forma presencial e de\u00a0comprometer o calend\u00e1rio escolar de 2021 e at\u00e9 mesmo de 2022. &#8220;A realiza\u00e7\u00e3o de atividades pedag\u00f3gicas n\u00e3o presenciais visa, em primeiro lugar, a\u00a0evitar\u00a0retrocesso de aprendizagem por parte dos estudantes e a perda do v\u00ednculo com a escola, o que pode levar \u00e0 evas\u00e3o e ao abandono&#8221;, diz o CNE. Avalia\u00e7\u00f5es nacionais O CNE tamb\u00e9m sugere que as avalia\u00e7\u00f5es e exames nacionais e estaduais &#8211; como o Exame Nacional do Ensino M\u00e9dio (Enem) e o Sistema Nacional de Avalia\u00e7\u00e3o da Educa\u00e7\u00e3o B\u00e1sica (Saeb) &#8211; considerem as a\u00e7\u00f5es de reorganiza\u00e7\u00e3o do\u00a0calend\u00e1rio\u00a0de cada sistema de ensino para o estabelecimento de seus cronogramas. \u201c\u00c9 importante garantir uma avalia\u00e7\u00e3o equilibrada dos estudantes em fun\u00e7\u00e3o das diferentes situa\u00e7\u00f5es que ser\u00e3o enfrentadas em cada sistema de ensino, assegurando as mesmas oportunidades a todos que participam das avalia\u00e7\u00f5es em \u00e2mbitos municipal, estadual e nacional\u201d, diz o documento. Realidades locais O CNE decidiu elaborar o documento devido \u00e0s v\u00e1rias d\u00favidas de estados, munic\u00edpios e escolas que queriam saber se as pr\u00e1ticas adotadas durante a pandemia estavam em conformidade com as normas vigentes.\u00a0Uma das d\u00favidas mais frequentes \u00e9 como ficar\u00e1 o calend\u00e1rio escolar de 2020. Tamb\u00e9m \u00e9 d\u00favida se as aulas e as atividades a dist\u00e2ncia contar\u00e3o como horas letivas ou ter\u00e3o de ser integralmente repostas quando as aulas presenciais forem retomadas. O conselho faz a ressalva\u00a0de que, na hora de definir o calend\u00e1rio, \u00e9 preciso observar a realidade das redes de ensino e os limites de acesso dos estabelecimentos de ensino e dos estudantes \u00e0s diversas tecnologias dispon\u00edveis.\u00a0\u00c9 necess\u00e1rio ainda &#8220;considerar propostas inclusivas e que n\u00e3o reforcem ou aumentem a desigualdade de oportunidades educacionais\u201d, diz o texto. No Brasil, em todos os estados,\u00a0houve\u00a0suspens\u00e3o de aulas para conter o avan\u00e7o da pandemia do novo coronav\u00edrus. A medida n\u00e3o foi adotada apenas no Brasil. De acordo com os \u00faltimos dados da Organiza\u00e7\u00e3o das Na\u00e7\u00f5es Unidas para a Educa\u00e7\u00e3o, a Ci\u00eancia e a Cultura (Unesco), que monitora os impactos da pandemia na educa\u00e7\u00e3o, 186 pa\u00edses determinaram o fechamento de escolas e universidades. A decis\u00e3o afeta cerca de 1,3 bilh\u00e3o de crian\u00e7as e jovens, o que corresponde a 73,8% de todos os estudantes no mundo. Not\u00edcias em Destaque Com EBC<\/p>\n","protected":false},"author":2,"featured_media":24572,"comment_status":"closed","ping_status":"open","sticky":false,"template":"","format":"standard","meta":{"_eb_attr":"","_jetpack_memberships_contains_paid_content":false,"footnotes":""},"categories":[6],"tags":[],"class_list":["post-24571","post","type-post","status-publish","format-standard","has-post-thumbnail","hentry","category-educacao"],"yoast_head":"<!-- This site is optimized with the Yoast SEO plugin v26.5 - https:\/\/yoast.com\/wordpress\/plugins\/seo\/ -->\n<title>CNE autoriza atividades n\u00e3o presenciais em todas as etapas de ensino - Not&iacute;cias em Destaque<\/title>\n<meta name=\"robots\" content=\"index, follow, max-snippet:-1, max-image-preview:large, max-video-preview:-1\" \/>\n<link rel=\"canonical\" href=\"https:\/\/noticiasemdestaque.com\/cd\/?p=24571\" \/>\n<meta property=\"og:locale\" content=\"pt_BR\" \/>\n<meta property=\"og:type\" content=\"article\" \/>\n<meta property=\"og:title\" content=\"CNE autoriza atividades n\u00e3o presenciais em todas as etapas de ensino - Not&iacute;cias em Destaque\" \/>\n<meta property=\"og:description\" content=\"O Conselho Nacional de Educa\u00e7\u00e3o (CNE) autorizou, em parecer, a oferta de atividades n\u00e3o presenciais em todas as etapas de ensino, desde a educa\u00e7\u00e3o infantil at\u00e9 o ensino superior. A partir do ensino fundamental, tais atividades podem contar para cumprir a carga hor\u00e1ria obrigat\u00f3ria. O parecer foi elaborado para orientar a educa\u00e7\u00e3o do pa\u00eds em meio \u00e0\u00a0pandemia do novo coronav\u00edrus (covid-19), que levou \u00e0 suspens\u00e3o de aulas presenciais em todos os estados. O parecer, aprovado hoje (28) em reuni\u00e3o virtual, ainda precisa ser homologado pelo Minist\u00e9rio da Educa\u00e7\u00e3o (MEC). Conselhos estaduais e municipais de Educa\u00e7\u00e3o poder\u00e3o ainda definir como cada localidade seguir\u00e1 as orienta\u00e7\u00f5es. As decis\u00f5es finais sobre como ficar\u00e1 o calend\u00e1rio escolar deste ano\u00a0caber\u00e3o a estados, munic\u00edpios, \u00e0s institui\u00e7\u00f5es de ensino superior e \u00e0s escolas privadas. As atividades n\u00e3o presenciais podem ser ofertadas por meio digitais, ou n\u00e3o. Podem ser ministradas, por exemplo, por meio de videoaulas, de conte\u00fados organizados em plataformas virtuais de ensino e aprendizagem e\u00a0pelas redes sociais, entre outros. Podem ainda ser oferecidas por meio de programas de televis\u00e3o ou r\u00e1dio; pela ado\u00e7\u00e3o de materiais did\u00e1ticos impressos e distribu\u00eddos aos alunos e seus pais ou respons\u00e1veis; e pela orienta\u00e7\u00e3o de leituras, projetos, pesquisas, atividades e exerc\u00edcios indicados em\u00a0materiais did\u00e1ticos. \u201cA comunica\u00e7\u00e3o \u00e9 essencial neste processo, assim como a elabora\u00e7\u00e3o de guias de orienta\u00e7\u00e3o das rotinas de atividades educacionais n\u00e3o presenciais para orientar fam\u00edlias e estudantes, sob a supervis\u00e3o de professores e dirigentes escolares\u201d, diz o texto. Carga hor\u00e1ria\u00a0 Devido \u00e0 pandemia, o MEC autorizou que o ano letivo tenha, em 2020, menos de 200 dias, mas manteve a obrigatoriedade de 800 horas no ano para as escolas de todo o pa\u00eds. Na educa\u00e7\u00e3o infantil, etapa que compreende creche e pr\u00e9-escola\u00a0e atende\u00a0crian\u00e7as de at\u00e9 5 anos de idade, devido \u00e0 limita\u00e7\u00e3o legal, as atividades n\u00e3o presenciais n\u00e3o poder\u00e3o contar no calend\u00e1rio letivo, e as aulas ter\u00e3o que ser repostas presencialmente. Apesar disso, o CNE diz que as escolas podem desenvolver atividades para serem realizadas pelos pais junto com as crian\u00e7as. O mesmo pode ser feito nos anos iniciais do ensino fundamental, quando as crian\u00e7as s\u00e3o alfabetizadas. O CNE recomenda que, no retorno \u00e0s aulas presenciais, as escolas fa\u00e7am uma avalia\u00e7\u00e3o diagn\u00f3stica de cada estudante para verificar o que foi de fato aprendido no per\u00edodo de isolamento. \u201cMuito al\u00e9m da carga hor\u00e1ria, o principal que a gente coloca ali \u00e9 que se consigam cumprir os objetivos de aprendizagem previstos no curr\u00edculo e na Base Nacional Comum Curricular. A ideia \u00e9 que se possa garantir atividades para os alunos nesse per\u00edodo e, ao mesmo tempo, para os alunos que n\u00e3o conseguirem realizar as atividades, que a rede tenha planos [de reposi\u00e7\u00e3o] no retorno das atividades presenciais\u201d, diz o relator do parecer, o conselheiro Eduardo Deschamps. Ensino presencial\u00a0 As atividades remotas n\u00e3o s\u00e3o obrigat\u00f3rias. As redes podem optar pela reposi\u00e7\u00e3o da carga hor\u00e1ria de forma presencial ao fim do per\u00edodo de emerg\u00eancia. Para isso, podem aproveitar, por exemplo, os s\u00e1bados e o recesso escolar do meio do ano. Podem ainda optar por um modelo misto, com a amplia\u00e7\u00e3o da carga hor\u00e1ria di\u00e1ria e a realiza\u00e7\u00e3o de atividades pedag\u00f3gicas n\u00e3o presenciais, quando as aulas forem retomadas. O CNE ressalta que a possibilidade de a longa dura\u00e7\u00e3o da suspens\u00e3o das atividades escolares presenciais dificultar a reposi\u00e7\u00e3o das aulas de forma presencial e de\u00a0comprometer o calend\u00e1rio escolar de 2021 e at\u00e9 mesmo de 2022. &#8220;A realiza\u00e7\u00e3o de atividades pedag\u00f3gicas n\u00e3o presenciais visa, em primeiro lugar, a\u00a0evitar\u00a0retrocesso de aprendizagem por parte dos estudantes e a perda do v\u00ednculo com a escola, o que pode levar \u00e0 evas\u00e3o e ao abandono&#8221;, diz o CNE. Avalia\u00e7\u00f5es nacionais O CNE tamb\u00e9m sugere que as avalia\u00e7\u00f5es e exames nacionais e estaduais &#8211; como o Exame Nacional do Ensino M\u00e9dio (Enem) e o Sistema Nacional de Avalia\u00e7\u00e3o da Educa\u00e7\u00e3o B\u00e1sica (Saeb) &#8211; considerem as a\u00e7\u00f5es de reorganiza\u00e7\u00e3o do\u00a0calend\u00e1rio\u00a0de cada sistema de ensino para o estabelecimento de seus cronogramas. \u201c\u00c9 importante garantir uma avalia\u00e7\u00e3o equilibrada dos estudantes em fun\u00e7\u00e3o das diferentes situa\u00e7\u00f5es que ser\u00e3o enfrentadas em cada sistema de ensino, assegurando as mesmas oportunidades a todos que participam das avalia\u00e7\u00f5es em \u00e2mbitos municipal, estadual e nacional\u201d, diz o documento. Realidades locais O CNE decidiu elaborar o documento devido \u00e0s v\u00e1rias d\u00favidas de estados, munic\u00edpios e escolas que queriam saber se as pr\u00e1ticas adotadas durante a pandemia estavam em conformidade com as normas vigentes.\u00a0Uma das d\u00favidas mais frequentes \u00e9 como ficar\u00e1 o calend\u00e1rio escolar de 2020. Tamb\u00e9m \u00e9 d\u00favida se as aulas e as atividades a dist\u00e2ncia contar\u00e3o como horas letivas ou ter\u00e3o de ser integralmente repostas quando as aulas presenciais forem retomadas. O conselho faz a ressalva\u00a0de que, na hora de definir o calend\u00e1rio, \u00e9 preciso observar a realidade das redes de ensino e os limites de acesso dos estabelecimentos de ensino e dos estudantes \u00e0s diversas tecnologias dispon\u00edveis.\u00a0\u00c9 necess\u00e1rio ainda &#8220;considerar propostas inclusivas e que n\u00e3o reforcem ou aumentem a desigualdade de oportunidades educacionais\u201d, diz o texto. No Brasil, em todos os estados,\u00a0houve\u00a0suspens\u00e3o de aulas para conter o avan\u00e7o da pandemia do novo coronav\u00edrus. A medida n\u00e3o foi adotada apenas no Brasil. De acordo com os \u00faltimos dados da Organiza\u00e7\u00e3o das Na\u00e7\u00f5es Unidas para a Educa\u00e7\u00e3o, a Ci\u00eancia e a Cultura (Unesco), que monitora os impactos da pandemia na educa\u00e7\u00e3o, 186 pa\u00edses determinaram o fechamento de escolas e universidades. A decis\u00e3o afeta cerca de 1,3 bilh\u00e3o de crian\u00e7as e jovens, o que corresponde a 73,8% de todos os estudantes no mundo. Not\u00edcias em Destaque Com EBC\" \/>\n<meta property=\"og:url\" content=\"https:\/\/noticiasemdestaque.com\/cd\/?p=24571\" \/>\n<meta property=\"og:site_name\" content=\"Not&iacute;cias em Destaque\" \/>\n<meta property=\"article:published_time\" content=\"2020-04-29T16:08:38+00:00\" \/>\n<meta property=\"og:image\" content=\"https:\/\/noticiasemdestaque.com\/cd\/wp-content\/uploads\/2020\/04\/EAD2-768x512.jpg\" \/>\n\t<meta property=\"og:image:width\" content=\"768\" \/>\n\t<meta property=\"og:image:height\" content=\"512\" \/>\n\t<meta property=\"og:image:type\" content=\"image\/jpeg\" \/>\n<meta name=\"author\" content=\"Not\u00edcias em Destaque\" \/>\n<meta name=\"twitter:card\" content=\"summary_large_image\" \/>\n<meta name=\"twitter:label1\" content=\"Escrito por\" \/>\n\t<meta name=\"twitter:data1\" content=\"Not\u00edcias em Destaque\" \/>\n\t<meta name=\"twitter:label2\" content=\"Est. tempo de leitura\" \/>\n\t<meta name=\"twitter:data2\" content=\"5 minutos\" \/>\n<script type=\"application\/ld+json\" class=\"yoast-schema-graph\">{\"@context\":\"https:\/\/schema.org\",\"@graph\":[{\"@type\":\"Article\",\"@id\":\"https:\/\/noticiasemdestaque.com\/cd\/?p=24571#article\",\"isPartOf\":{\"@id\":\"https:\/\/noticiasemdestaque.com\/cd\/?p=24571\"},\"author\":{\"name\":\"Not\u00edcias em Destaque\",\"@id\":\"https:\/\/noticiasemdestaque.com\/cd\/#\/schema\/person\/4a81fb71f77579d059c3045891fa1786\"},\"headline\":\"CNE autoriza atividades n\u00e3o presenciais em todas as etapas de ensino\",\"datePublished\":\"2020-04-29T16:08:38+00:00\",\"mainEntityOfPage\":{\"@id\":\"https:\/\/noticiasemdestaque.com\/cd\/?p=24571\"},\"wordCount\":1040,\"publisher\":{\"@id\":\"https:\/\/noticiasemdestaque.com\/cd\/#organization\"},\"image\":{\"@id\":\"https:\/\/noticiasemdestaque.com\/cd\/?p=24571#primaryimage\"},\"thumbnailUrl\":\"https:\/\/noticiasemdestaque.com\/cd\/wp-content\/uploads\/2020\/04\/EAD2-768x512.jpg\",\"articleSection\":[\"Educa\u00e7\u00e3o\"],\"inLanguage\":\"pt-BR\"},{\"@type\":\"WebPage\",\"@id\":\"https:\/\/noticiasemdestaque.com\/cd\/?p=24571\",\"url\":\"https:\/\/noticiasemdestaque.com\/cd\/?p=24571\",\"name\":\"CNE autoriza atividades n\u00e3o presenciais em todas as etapas de ensino - Not&iacute;cias em Destaque\",\"isPartOf\":{\"@id\":\"https:\/\/noticiasemdestaque.com\/cd\/#website\"},\"primaryImageOfPage\":{\"@id\":\"https:\/\/noticiasemdestaque.com\/cd\/?p=24571#primaryimage\"},\"image\":{\"@id\":\"https:\/\/noticiasemdestaque.com\/cd\/?p=24571#primaryimage\"},\"thumbnailUrl\":\"https:\/\/noticiasemdestaque.com\/cd\/wp-content\/uploads\/2020\/04\/EAD2-768x512.jpg\",\"datePublished\":\"2020-04-29T16:08:38+00:00\",\"breadcrumb\":{\"@id\":\"https:\/\/noticiasemdestaque.com\/cd\/?p=24571#breadcrumb\"},\"inLanguage\":\"pt-BR\",\"potentialAction\":[{\"@type\":\"ReadAction\",\"target\":[\"https:\/\/noticiasemdestaque.com\/cd\/?p=24571\"]}]},{\"@type\":\"ImageObject\",\"inLanguage\":\"pt-BR\",\"@id\":\"https:\/\/noticiasemdestaque.com\/cd\/?p=24571#primaryimage\",\"url\":\"https:\/\/noticiasemdestaque.com\/cd\/wp-content\/uploads\/2020\/04\/EAD2-768x512.jpg\",\"contentUrl\":\"https:\/\/noticiasemdestaque.com\/cd\/wp-content\/uploads\/2020\/04\/EAD2-768x512.jpg\",\"width\":768,\"height\":512},{\"@type\":\"BreadcrumbList\",\"@id\":\"https:\/\/noticiasemdestaque.com\/cd\/?p=24571#breadcrumb\",\"itemListElement\":[{\"@type\":\"ListItem\",\"position\":1,\"name\":\"In\u00edcio\",\"item\":\"https:\/\/noticiasemdestaque.com\/cd\/\"},{\"@type\":\"ListItem\",\"position\":2,\"name\":\"CNE autoriza atividades n\u00e3o presenciais em todas as etapas de ensino\"}]},{\"@type\":\"WebSite\",\"@id\":\"https:\/\/noticiasemdestaque.com\/cd\/#website\",\"url\":\"https:\/\/noticiasemdestaque.com\/cd\/\",\"name\":\"Not&iacute;cias em Destaque\",\"description\":\"\",\"publisher\":{\"@id\":\"https:\/\/noticiasemdestaque.com\/cd\/#organization\"},\"potentialAction\":[{\"@type\":\"SearchAction\",\"target\":{\"@type\":\"EntryPoint\",\"urlTemplate\":\"https:\/\/noticiasemdestaque.com\/cd\/?s={search_term_string}\"},\"query-input\":{\"@type\":\"PropertyValueSpecification\",\"valueRequired\":true,\"valueName\":\"search_term_string\"}}],\"inLanguage\":\"pt-BR\"},{\"@type\":\"Organization\",\"@id\":\"https:\/\/noticiasemdestaque.com\/cd\/#organization\",\"name\":\"Not\u00edcias em Destaque\",\"url\":\"https:\/\/noticiasemdestaque.com\/cd\/\",\"logo\":{\"@type\":\"ImageObject\",\"inLanguage\":\"pt-BR\",\"@id\":\"https:\/\/noticiasemdestaque.com\/cd\/#\/schema\/logo\/image\/\",\"url\":\"https:\/\/noticiasemdestaque.com\/cd\/wp-content\/uploads\/2022\/05\/imagem-base-noticiasemdestaque.png\",\"contentUrl\":\"https:\/\/noticiasemdestaque.com\/cd\/wp-content\/uploads\/2022\/05\/imagem-base-noticiasemdestaque.png\",\"width\":1200,\"height\":630,\"caption\":\"Not\u00edcias em Destaque\"},\"image\":{\"@id\":\"https:\/\/noticiasemdestaque.com\/cd\/#\/schema\/logo\/image\/\"}},{\"@type\":\"Person\",\"@id\":\"https:\/\/noticiasemdestaque.com\/cd\/#\/schema\/person\/4a81fb71f77579d059c3045891fa1786\",\"name\":\"Not\u00edcias em Destaque\",\"url\":\"https:\/\/noticiasemdestaque.com\/cd\/?author=2\"}]}<\/script>\n<!-- \/ Yoast SEO plugin. -->","yoast_head_json":{"title":"CNE autoriza atividades n\u00e3o presenciais em todas as etapas de ensino - Not&iacute;cias em Destaque","robots":{"index":"index","follow":"follow","max-snippet":"max-snippet:-1","max-image-preview":"max-image-preview:large","max-video-preview":"max-video-preview:-1"},"canonical":"https:\/\/noticiasemdestaque.com\/cd\/?p=24571","og_locale":"pt_BR","og_type":"article","og_title":"CNE autoriza atividades n\u00e3o presenciais em todas as etapas de ensino - Not&iacute;cias em Destaque","og_description":"O Conselho Nacional de Educa\u00e7\u00e3o (CNE) autorizou, em parecer, a oferta de atividades n\u00e3o presenciais em todas as etapas de ensino, desde a educa\u00e7\u00e3o infantil at\u00e9 o ensino superior. A partir do ensino fundamental, tais atividades podem contar para cumprir a carga hor\u00e1ria obrigat\u00f3ria. O parecer foi elaborado para orientar a educa\u00e7\u00e3o do pa\u00eds em meio \u00e0\u00a0pandemia do novo coronav\u00edrus (covid-19), que levou \u00e0 suspens\u00e3o de aulas presenciais em todos os estados. O parecer, aprovado hoje (28) em reuni\u00e3o virtual, ainda precisa ser homologado pelo Minist\u00e9rio da Educa\u00e7\u00e3o (MEC). Conselhos estaduais e municipais de Educa\u00e7\u00e3o poder\u00e3o ainda definir como cada localidade seguir\u00e1 as orienta\u00e7\u00f5es. As decis\u00f5es finais sobre como ficar\u00e1 o calend\u00e1rio escolar deste ano\u00a0caber\u00e3o a estados, munic\u00edpios, \u00e0s institui\u00e7\u00f5es de ensino superior e \u00e0s escolas privadas. As atividades n\u00e3o presenciais podem ser ofertadas por meio digitais, ou n\u00e3o. Podem ser ministradas, por exemplo, por meio de videoaulas, de conte\u00fados organizados em plataformas virtuais de ensino e aprendizagem e\u00a0pelas redes sociais, entre outros. Podem ainda ser oferecidas por meio de programas de televis\u00e3o ou r\u00e1dio; pela ado\u00e7\u00e3o de materiais did\u00e1ticos impressos e distribu\u00eddos aos alunos e seus pais ou respons\u00e1veis; e pela orienta\u00e7\u00e3o de leituras, projetos, pesquisas, atividades e exerc\u00edcios indicados em\u00a0materiais did\u00e1ticos. \u201cA comunica\u00e7\u00e3o \u00e9 essencial neste processo, assim como a elabora\u00e7\u00e3o de guias de orienta\u00e7\u00e3o das rotinas de atividades educacionais n\u00e3o presenciais para orientar fam\u00edlias e estudantes, sob a supervis\u00e3o de professores e dirigentes escolares\u201d, diz o texto. Carga hor\u00e1ria\u00a0 Devido \u00e0 pandemia, o MEC autorizou que o ano letivo tenha, em 2020, menos de 200 dias, mas manteve a obrigatoriedade de 800 horas no ano para as escolas de todo o pa\u00eds. Na educa\u00e7\u00e3o infantil, etapa que compreende creche e pr\u00e9-escola\u00a0e atende\u00a0crian\u00e7as de at\u00e9 5 anos de idade, devido \u00e0 limita\u00e7\u00e3o legal, as atividades n\u00e3o presenciais n\u00e3o poder\u00e3o contar no calend\u00e1rio letivo, e as aulas ter\u00e3o que ser repostas presencialmente. Apesar disso, o CNE diz que as escolas podem desenvolver atividades para serem realizadas pelos pais junto com as crian\u00e7as. O mesmo pode ser feito nos anos iniciais do ensino fundamental, quando as crian\u00e7as s\u00e3o alfabetizadas. O CNE recomenda que, no retorno \u00e0s aulas presenciais, as escolas fa\u00e7am uma avalia\u00e7\u00e3o diagn\u00f3stica de cada estudante para verificar o que foi de fato aprendido no per\u00edodo de isolamento. \u201cMuito al\u00e9m da carga hor\u00e1ria, o principal que a gente coloca ali \u00e9 que se consigam cumprir os objetivos de aprendizagem previstos no curr\u00edculo e na Base Nacional Comum Curricular. A ideia \u00e9 que se possa garantir atividades para os alunos nesse per\u00edodo e, ao mesmo tempo, para os alunos que n\u00e3o conseguirem realizar as atividades, que a rede tenha planos [de reposi\u00e7\u00e3o] no retorno das atividades presenciais\u201d, diz o relator do parecer, o conselheiro Eduardo Deschamps. Ensino presencial\u00a0 As atividades remotas n\u00e3o s\u00e3o obrigat\u00f3rias. As redes podem optar pela reposi\u00e7\u00e3o da carga hor\u00e1ria de forma presencial ao fim do per\u00edodo de emerg\u00eancia. Para isso, podem aproveitar, por exemplo, os s\u00e1bados e o recesso escolar do meio do ano. Podem ainda optar por um modelo misto, com a amplia\u00e7\u00e3o da carga hor\u00e1ria di\u00e1ria e a realiza\u00e7\u00e3o de atividades pedag\u00f3gicas n\u00e3o presenciais, quando as aulas forem retomadas. O CNE ressalta que a possibilidade de a longa dura\u00e7\u00e3o da suspens\u00e3o das atividades escolares presenciais dificultar a reposi\u00e7\u00e3o das aulas de forma presencial e de\u00a0comprometer o calend\u00e1rio escolar de 2021 e at\u00e9 mesmo de 2022. &#8220;A realiza\u00e7\u00e3o de atividades pedag\u00f3gicas n\u00e3o presenciais visa, em primeiro lugar, a\u00a0evitar\u00a0retrocesso de aprendizagem por parte dos estudantes e a perda do v\u00ednculo com a escola, o que pode levar \u00e0 evas\u00e3o e ao abandono&#8221;, diz o CNE. Avalia\u00e7\u00f5es nacionais O CNE tamb\u00e9m sugere que as avalia\u00e7\u00f5es e exames nacionais e estaduais &#8211; como o Exame Nacional do Ensino M\u00e9dio (Enem) e o Sistema Nacional de Avalia\u00e7\u00e3o da Educa\u00e7\u00e3o B\u00e1sica (Saeb) &#8211; considerem as a\u00e7\u00f5es de reorganiza\u00e7\u00e3o do\u00a0calend\u00e1rio\u00a0de cada sistema de ensino para o estabelecimento de seus cronogramas. \u201c\u00c9 importante garantir uma avalia\u00e7\u00e3o equilibrada dos estudantes em fun\u00e7\u00e3o das diferentes situa\u00e7\u00f5es que ser\u00e3o enfrentadas em cada sistema de ensino, assegurando as mesmas oportunidades a todos que participam das avalia\u00e7\u00f5es em \u00e2mbitos municipal, estadual e nacional\u201d, diz o documento. Realidades locais O CNE decidiu elaborar o documento devido \u00e0s v\u00e1rias d\u00favidas de estados, munic\u00edpios e escolas que queriam saber se as pr\u00e1ticas adotadas durante a pandemia estavam em conformidade com as normas vigentes.\u00a0Uma das d\u00favidas mais frequentes \u00e9 como ficar\u00e1 o calend\u00e1rio escolar de 2020. Tamb\u00e9m \u00e9 d\u00favida se as aulas e as atividades a dist\u00e2ncia contar\u00e3o como horas letivas ou ter\u00e3o de ser integralmente repostas quando as aulas presenciais forem retomadas. O conselho faz a ressalva\u00a0de que, na hora de definir o calend\u00e1rio, \u00e9 preciso observar a realidade das redes de ensino e os limites de acesso dos estabelecimentos de ensino e dos estudantes \u00e0s diversas tecnologias dispon\u00edveis.\u00a0\u00c9 necess\u00e1rio ainda &#8220;considerar propostas inclusivas e que n\u00e3o reforcem ou aumentem a desigualdade de oportunidades educacionais\u201d, diz o texto. No Brasil, em todos os estados,\u00a0houve\u00a0suspens\u00e3o de aulas para conter o avan\u00e7o da pandemia do novo coronav\u00edrus. A medida n\u00e3o foi adotada apenas no Brasil. De acordo com os \u00faltimos dados da Organiza\u00e7\u00e3o das Na\u00e7\u00f5es Unidas para a Educa\u00e7\u00e3o, a Ci\u00eancia e a Cultura (Unesco), que monitora os impactos da pandemia na educa\u00e7\u00e3o, 186 pa\u00edses determinaram o fechamento de escolas e universidades. A decis\u00e3o afeta cerca de 1,3 bilh\u00e3o de crian\u00e7as e jovens, o que corresponde a 73,8% de todos os estudantes no mundo. Not\u00edcias em Destaque Com EBC","og_url":"https:\/\/noticiasemdestaque.com\/cd\/?p=24571","og_site_name":"Not&iacute;cias em Destaque","article_published_time":"2020-04-29T16:08:38+00:00","og_image":[{"width":768,"height":512,"url":"https:\/\/noticiasemdestaque.com\/cd\/wp-content\/uploads\/2020\/04\/EAD2-768x512.jpg","type":"image\/jpeg"}],"author":"Not\u00edcias em Destaque","twitter_card":"summary_large_image","twitter_misc":{"Escrito por":"Not\u00edcias em Destaque","Est. tempo de leitura":"5 minutos"},"schema":{"@context":"https:\/\/schema.org","@graph":[{"@type":"Article","@id":"https:\/\/noticiasemdestaque.com\/cd\/?p=24571#article","isPartOf":{"@id":"https:\/\/noticiasemdestaque.com\/cd\/?p=24571"},"author":{"name":"Not\u00edcias em Destaque","@id":"https:\/\/noticiasemdestaque.com\/cd\/#\/schema\/person\/4a81fb71f77579d059c3045891fa1786"},"headline":"CNE autoriza atividades n\u00e3o presenciais em todas as etapas de ensino","datePublished":"2020-04-29T16:08:38+00:00","mainEntityOfPage":{"@id":"https:\/\/noticiasemdestaque.com\/cd\/?p=24571"},"wordCount":1040,"publisher":{"@id":"https:\/\/noticiasemdestaque.com\/cd\/#organization"},"image":{"@id":"https:\/\/noticiasemdestaque.com\/cd\/?p=24571#primaryimage"},"thumbnailUrl":"https:\/\/noticiasemdestaque.com\/cd\/wp-content\/uploads\/2020\/04\/EAD2-768x512.jpg","articleSection":["Educa\u00e7\u00e3o"],"inLanguage":"pt-BR"},{"@type":"WebPage","@id":"https:\/\/noticiasemdestaque.com\/cd\/?p=24571","url":"https:\/\/noticiasemdestaque.com\/cd\/?p=24571","name":"CNE autoriza atividades n\u00e3o presenciais em todas as etapas de ensino - Not&iacute;cias em Destaque","isPartOf":{"@id":"https:\/\/noticiasemdestaque.com\/cd\/#website"},"primaryImageOfPage":{"@id":"https:\/\/noticiasemdestaque.com\/cd\/?p=24571#primaryimage"},"image":{"@id":"https:\/\/noticiasemdestaque.com\/cd\/?p=24571#primaryimage"},"thumbnailUrl":"https:\/\/noticiasemdestaque.com\/cd\/wp-content\/uploads\/2020\/04\/EAD2-768x512.jpg","datePublished":"2020-04-29T16:08:38+00:00","breadcrumb":{"@id":"https:\/\/noticiasemdestaque.com\/cd\/?p=24571#breadcrumb"},"inLanguage":"pt-BR","potentialAction":[{"@type":"ReadAction","target":["https:\/\/noticiasemdestaque.com\/cd\/?p=24571"]}]},{"@type":"ImageObject","inLanguage":"pt-BR","@id":"https:\/\/noticiasemdestaque.com\/cd\/?p=24571#primaryimage","url":"https:\/\/noticiasemdestaque.com\/cd\/wp-content\/uploads\/2020\/04\/EAD2-768x512.jpg","contentUrl":"https:\/\/noticiasemdestaque.com\/cd\/wp-content\/uploads\/2020\/04\/EAD2-768x512.jpg","width":768,"height":512},{"@type":"BreadcrumbList","@id":"https:\/\/noticiasemdestaque.com\/cd\/?p=24571#breadcrumb","itemListElement":[{"@type":"ListItem","position":1,"name":"In\u00edcio","item":"https:\/\/noticiasemdestaque.com\/cd\/"},{"@type":"ListItem","position":2,"name":"CNE autoriza atividades n\u00e3o presenciais em todas as etapas de ensino"}]},{"@type":"WebSite","@id":"https:\/\/noticiasemdestaque.com\/cd\/#website","url":"https:\/\/noticiasemdestaque.com\/cd\/","name":"Not&iacute;cias em Destaque","description":"","publisher":{"@id":"https:\/\/noticiasemdestaque.com\/cd\/#organization"},"potentialAction":[{"@type":"SearchAction","target":{"@type":"EntryPoint","urlTemplate":"https:\/\/noticiasemdestaque.com\/cd\/?s={search_term_string}"},"query-input":{"@type":"PropertyValueSpecification","valueRequired":true,"valueName":"search_term_string"}}],"inLanguage":"pt-BR"},{"@type":"Organization","@id":"https:\/\/noticiasemdestaque.com\/cd\/#organization","name":"Not\u00edcias em Destaque","url":"https:\/\/noticiasemdestaque.com\/cd\/","logo":{"@type":"ImageObject","inLanguage":"pt-BR","@id":"https:\/\/noticiasemdestaque.com\/cd\/#\/schema\/logo\/image\/","url":"https:\/\/noticiasemdestaque.com\/cd\/wp-content\/uploads\/2022\/05\/imagem-base-noticiasemdestaque.png","contentUrl":"https:\/\/noticiasemdestaque.com\/cd\/wp-content\/uploads\/2022\/05\/imagem-base-noticiasemdestaque.png","width":1200,"height":630,"caption":"Not\u00edcias em Destaque"},"image":{"@id":"https:\/\/noticiasemdestaque.com\/cd\/#\/schema\/logo\/image\/"}},{"@type":"Person","@id":"https:\/\/noticiasemdestaque.com\/cd\/#\/schema\/person\/4a81fb71f77579d059c3045891fa1786","name":"Not\u00edcias em Destaque","url":"https:\/\/noticiasemdestaque.com\/cd\/?author=2"}]}},"jetpack_featured_media_url":"https:\/\/noticiasemdestaque.com\/cd\/wp-content\/uploads\/2020\/04\/EAD2-768x512.jpg","jetpack_sharing_enabled":true,"_links":{"self":[{"href":"https:\/\/noticiasemdestaque.com\/cd\/index.php?rest_route=\/wp\/v2\/posts\/24571","targetHints":{"allow":["GET"]}}],"collection":[{"href":"https:\/\/noticiasemdestaque.com\/cd\/index.php?rest_route=\/wp\/v2\/posts"}],"about":[{"href":"https:\/\/noticiasemdestaque.com\/cd\/index.php?rest_route=\/wp\/v2\/types\/post"}],"author":[{"embeddable":true,"href":"https:\/\/noticiasemdestaque.com\/cd\/index.php?rest_route=\/wp\/v2\/users\/2"}],"replies":[{"embeddable":true,"href":"https:\/\/noticiasemdestaque.com\/cd\/index.php?rest_route=%2Fwp%2Fv2%2Fcomments&post=24571"}],"version-history":[{"count":1,"href":"https:\/\/noticiasemdestaque.com\/cd\/index.php?rest_route=\/wp\/v2\/posts\/24571\/revisions"}],"predecessor-version":[{"id":24573,"href":"https:\/\/noticiasemdestaque.com\/cd\/index.php?rest_route=\/wp\/v2\/posts\/24571\/revisions\/24573"}],"wp:featuredmedia":[{"embeddable":true,"href":"https:\/\/noticiasemdestaque.com\/cd\/index.php?rest_route=\/wp\/v2\/media\/24572"}],"wp:attachment":[{"href":"https:\/\/noticiasemdestaque.com\/cd\/index.php?rest_route=%2Fwp%2Fv2%2Fmedia&parent=24571"}],"wp:term":[{"taxonomy":"category","embeddable":true,"href":"https:\/\/noticiasemdestaque.com\/cd\/index.php?rest_route=%2Fwp%2Fv2%2Fcategories&post=24571"},{"taxonomy":"post_tag","embeddable":true,"href":"https:\/\/noticiasemdestaque.com\/cd\/index.php?rest_route=%2Fwp%2Fv2%2Ftags&post=24571"}],"curies":[{"name":"wp","href":"https:\/\/api.w.org\/{rel}","templated":true}]}}