{"id":24568,"date":"2020-04-29T12:54:45","date_gmt":"2020-04-29T15:54:45","guid":{"rendered":"http:\/\/noticiasemdestaque.com\/cd\/?p=24568"},"modified":"2020-04-29T12:54:45","modified_gmt":"2020-04-29T15:54:45","slug":"prefeito-eden-duarte-mantem-restricoes-de-funcionamento-do-comercio-local-devido-ao-coronavirus","status":"publish","type":"post","link":"https:\/\/noticiasemdestaque.com\/cd\/?p=24568","title":{"rendered":"Prefeito \u00c9den Duarte mant\u00e9m restri\u00e7\u00f5es de funcionamento do com\u00e9rcio local devido ao coronav\u00edrus"},"content":{"rendered":"<p><a href=\"https:\/\/noticiasemdestaque.com\/cd\/wp-content\/uploads\/2020\/04\/WhatsApp-Image-2020-02-21-at-12.30.38-1-400x255.jpeg\"><img fetchpriority=\"high\" decoding=\"async\" class=\"size-full wp-image-24569 alignleft\" src=\"https:\/\/noticiasemdestaque.com\/cd\/wp-content\/uploads\/2020\/04\/WhatsApp-Image-2020-02-21-at-12.30.38-1-400x255.jpeg\" alt=\"\" width=\"400\" height=\"255\" srcset=\"https:\/\/noticiasemdestaque.com\/cd\/wp-content\/uploads\/2020\/04\/WhatsApp-Image-2020-02-21-at-12.30.38-1-400x255.jpeg 400w, https:\/\/noticiasemdestaque.com\/cd\/wp-content\/uploads\/2020\/04\/WhatsApp-Image-2020-02-21-at-12.30.38-1-400x255-300x191.jpeg 300w\" sizes=\"(max-width: 400px) 100vw, 400px\" \/><\/a><\/p>\n<p>O prefeito de Sum\u00e9, \u00c9den Duarte, prorrogou o decreto n\u00b0 1.317\/2020, que trata sobre o fechamento do com\u00e9rcio local para servi\u00e7os n\u00e3o essenciais, visando conter a dissemina\u00e7\u00e3o do novo coronav\u00edrus. O decreto vigora de 28\/04 a 12 de maio.<\/p>\n<p>Com a manuten\u00e7\u00e3o do decreto, s\u00f3 fica permitido funcionar, farm\u00e1cias, supermercados e mercadinhos, postos de combust\u00edveis, padarias e similares, quitandas, distribuidoras de \u00e1gua e g\u00e1s, estabelecimentos de vendas de ra\u00e7\u00e3o e produtos veterin\u00e1rios, oficinas para manuten\u00e7\u00e3o e consertos de ve\u00edculos, funer\u00e1rias, bancos, lot\u00e9ricas, similares e estabelecimentos m\u00e9dicos, odontol\u00f3gicos e laborat\u00f3rios.<\/p>\n<p>Todas as outras atividades que est\u00e3o proibidas de abrirem as portas e n\u00e3o inclu\u00eddas nas exce\u00e7\u00f5es do \u00a7 1\u00ba da cabe\u00e7a do artigo 1\u00ba ficam autorizadas a funcionar atrav\u00e9s de entrega em domic\u00edlio (delivery), inclusive por aplicativos, vedado, em qualquer caso, o atendimento presencial de clientes em suas depend\u00eancias, com exce\u00e7\u00e3o de recebimento de pagamentos.<\/p>\n<p>O prefeito \u00c9den Duarte pede \u00e0 popula\u00e7\u00e3o para se manter os cuidados contra o coronav\u00edrus. De acordo com ele, esse \u00e9 um momento de uni\u00e3o, equil\u00edbrio e bom senso por parte de todos. Ele alerta tamb\u00e9m para os n\u00fameros de contamina\u00e7\u00e3o na Para\u00edba que vem crescendo consideravelmente, com um grande n\u00famero de interna\u00e7\u00f5es hospitalares.<\/p>\n<p>\u201cApesar de n\u00e3o termos nenhum caso de contamina\u00e7\u00e3o no munic\u00edpio, as medidas preventivas e o isolamento social s\u00e3o fundamentais para se evitar a dissemina\u00e7\u00e3o do v\u00edrus\u201d, orientou o prefeito.<\/p>\n<p>Confira:\u00a0<a href=\"http:\/\/www.sume.pb.gov.br\/wp-content\/uploads\/2020\/04\/Decreto-1.320-Altera-o-decreto-1.317-Medidas-contra-o-Coronavirus.pdf\">Decreto 1.320 \u2013 Altera o decreto 1.317 \u2013 Medidas contra o Coronavirus<\/a><\/p>\n<p>Ascom PMS<\/p>\n","protected":false},"excerpt":{"rendered":"<p>O prefeito de Sum\u00e9, \u00c9den Duarte, prorrogou o decreto n\u00b0 1.317\/2020, que trata sobre o fechamento do com\u00e9rcio local para servi\u00e7os n\u00e3o essenciais, visando conter a dissemina\u00e7\u00e3o do novo coronav\u00edrus. O decreto vigora de 28\/04 a 12 de maio. Com a manuten\u00e7\u00e3o do decreto, s\u00f3 fica permitido funcionar, farm\u00e1cias, supermercados e mercadinhos, postos de combust\u00edveis, padarias e similares, quitandas, distribuidoras de \u00e1gua e g\u00e1s, estabelecimentos de vendas de ra\u00e7\u00e3o e produtos veterin\u00e1rios, oficinas para manuten\u00e7\u00e3o e consertos de ve\u00edculos, funer\u00e1rias, bancos, lot\u00e9ricas, similares e estabelecimentos m\u00e9dicos, odontol\u00f3gicos e laborat\u00f3rios. Todas as outras atividades que est\u00e3o proibidas de abrirem as portas e n\u00e3o inclu\u00eddas nas exce\u00e7\u00f5es do \u00a7 1\u00ba da cabe\u00e7a do artigo 1\u00ba ficam autorizadas a funcionar atrav\u00e9s de entrega em domic\u00edlio (delivery), inclusive por aplicativos, vedado, em qualquer caso, o atendimento presencial de clientes em suas depend\u00eancias, com exce\u00e7\u00e3o de recebimento de pagamentos. O prefeito \u00c9den Duarte pede \u00e0 popula\u00e7\u00e3o para se manter os cuidados contra o coronav\u00edrus. De acordo com ele, esse \u00e9 um momento de uni\u00e3o, equil\u00edbrio e bom senso por parte de todos. Ele alerta tamb\u00e9m para os n\u00fameros de contamina\u00e7\u00e3o na Para\u00edba que vem crescendo consideravelmente, com um grande n\u00famero de interna\u00e7\u00f5es hospitalares. \u201cApesar de n\u00e3o termos nenhum caso de contamina\u00e7\u00e3o no munic\u00edpio, as medidas preventivas e o isolamento social s\u00e3o fundamentais para se evitar a dissemina\u00e7\u00e3o do v\u00edrus\u201d, orientou o prefeito. Confira:\u00a0Decreto 1.320 \u2013 Altera o decreto 1.317 \u2013 Medidas contra o Coronavirus Ascom PMS<\/p>\n","protected":false},"author":2,"featured_media":24569,"comment_status":"closed","ping_status":"open","sticky":false,"template":"","format":"standard","meta":{"_eb_attr":"","_jetpack_memberships_contains_paid_content":false,"footnotes":""},"categories":[3],"tags":[],"class_list":["post-24568","post","type-post","status-publish","format-standard","has-post-thumbnail","hentry","category-cidades"],"yoast_head":"<!-- This site is optimized with the Yoast SEO plugin v26.5 - https:\/\/yoast.com\/wordpress\/plugins\/seo\/ -->\n<title>Prefeito \u00c9den Duarte mant\u00e9m restri\u00e7\u00f5es de funcionamento do com\u00e9rcio local devido ao coronav\u00edrus - Not&iacute;cias em Destaque<\/title>\n<meta name=\"robots\" content=\"index, follow, max-snippet:-1, max-image-preview:large, max-video-preview:-1\" \/>\n<link rel=\"canonical\" href=\"https:\/\/noticiasemdestaque.com\/cd\/?p=24568\" \/>\n<meta property=\"og:locale\" content=\"pt_BR\" \/>\n<meta property=\"og:type\" content=\"article\" \/>\n<meta property=\"og:title\" content=\"Prefeito \u00c9den Duarte mant\u00e9m restri\u00e7\u00f5es de funcionamento do com\u00e9rcio local devido ao coronav\u00edrus - Not&iacute;cias em Destaque\" \/>\n<meta property=\"og:description\" content=\"O prefeito de Sum\u00e9, \u00c9den Duarte, prorrogou o decreto n\u00b0 1.317\/2020, que trata sobre o fechamento do com\u00e9rcio local para servi\u00e7os n\u00e3o essenciais, visando conter a dissemina\u00e7\u00e3o do novo coronav\u00edrus. O decreto vigora de 28\/04 a 12 de maio. Com a manuten\u00e7\u00e3o do decreto, s\u00f3 fica permitido funcionar, farm\u00e1cias, supermercados e mercadinhos, postos de combust\u00edveis, padarias e similares, quitandas, distribuidoras de \u00e1gua e g\u00e1s, estabelecimentos de vendas de ra\u00e7\u00e3o e produtos veterin\u00e1rios, oficinas para manuten\u00e7\u00e3o e consertos de ve\u00edculos, funer\u00e1rias, bancos, lot\u00e9ricas, similares e estabelecimentos m\u00e9dicos, odontol\u00f3gicos e laborat\u00f3rios. Todas as outras atividades que est\u00e3o proibidas de abrirem as portas e n\u00e3o inclu\u00eddas nas exce\u00e7\u00f5es do \u00a7 1\u00ba da cabe\u00e7a do artigo 1\u00ba ficam autorizadas a funcionar atrav\u00e9s de entrega em domic\u00edlio (delivery), inclusive por aplicativos, vedado, em qualquer caso, o atendimento presencial de clientes em suas depend\u00eancias, com exce\u00e7\u00e3o de recebimento de pagamentos. O prefeito \u00c9den Duarte pede \u00e0 popula\u00e7\u00e3o para se manter os cuidados contra o coronav\u00edrus. De acordo com ele, esse \u00e9 um momento de uni\u00e3o, equil\u00edbrio e bom senso por parte de todos. Ele alerta tamb\u00e9m para os n\u00fameros de contamina\u00e7\u00e3o na Para\u00edba que vem crescendo consideravelmente, com um grande n\u00famero de interna\u00e7\u00f5es hospitalares. \u201cApesar de n\u00e3o termos nenhum caso de contamina\u00e7\u00e3o no munic\u00edpio, as medidas preventivas e o isolamento social s\u00e3o fundamentais para se evitar a dissemina\u00e7\u00e3o do v\u00edrus\u201d, orientou o prefeito. Confira:\u00a0Decreto 1.320 \u2013 Altera o decreto 1.317 \u2013 Medidas contra o Coronavirus Ascom PMS\" \/>\n<meta property=\"og:url\" content=\"https:\/\/noticiasemdestaque.com\/cd\/?p=24568\" \/>\n<meta property=\"og:site_name\" content=\"Not&iacute;cias em Destaque\" \/>\n<meta property=\"article:published_time\" content=\"2020-04-29T15:54:45+00:00\" \/>\n<meta property=\"og:image\" content=\"https:\/\/noticiasemdestaque.com\/cd\/wp-content\/uploads\/2020\/04\/WhatsApp-Image-2020-02-21-at-12.30.38-1-400x255.jpeg\" \/>\n\t<meta property=\"og:image:width\" content=\"400\" \/>\n\t<meta property=\"og:image:height\" content=\"255\" \/>\n\t<meta property=\"og:image:type\" content=\"image\/jpeg\" \/>\n<meta name=\"author\" content=\"Not\u00edcias em Destaque\" \/>\n<meta name=\"twitter:card\" content=\"summary_large_image\" \/>\n<meta name=\"twitter:label1\" content=\"Escrito por\" \/>\n\t<meta name=\"twitter:data1\" content=\"Not\u00edcias em Destaque\" \/>\n\t<meta name=\"twitter:label2\" content=\"Est. tempo de leitura\" \/>\n\t<meta name=\"twitter:data2\" content=\"1 minuto\" \/>\n<script type=\"application\/ld+json\" class=\"yoast-schema-graph\">{\"@context\":\"https:\/\/schema.org\",\"@graph\":[{\"@type\":\"Article\",\"@id\":\"https:\/\/noticiasemdestaque.com\/cd\/?p=24568#article\",\"isPartOf\":{\"@id\":\"https:\/\/noticiasemdestaque.com\/cd\/?p=24568\"},\"author\":{\"name\":\"Not\u00edcias em Destaque\",\"@id\":\"https:\/\/noticiasemdestaque.com\/cd\/#\/schema\/person\/4a81fb71f77579d059c3045891fa1786\"},\"headline\":\"Prefeito \u00c9den Duarte mant\u00e9m restri\u00e7\u00f5es de funcionamento do com\u00e9rcio local devido ao coronav\u00edrus\",\"datePublished\":\"2020-04-29T15:54:45+00:00\",\"mainEntityOfPage\":{\"@id\":\"https:\/\/noticiasemdestaque.com\/cd\/?p=24568\"},\"wordCount\":290,\"publisher\":{\"@id\":\"https:\/\/noticiasemdestaque.com\/cd\/#organization\"},\"image\":{\"@id\":\"https:\/\/noticiasemdestaque.com\/cd\/?p=24568#primaryimage\"},\"thumbnailUrl\":\"https:\/\/noticiasemdestaque.com\/cd\/wp-content\/uploads\/2020\/04\/WhatsApp-Image-2020-02-21-at-12.30.38-1-400x255.jpeg\",\"articleSection\":[\"Cidades\"],\"inLanguage\":\"pt-BR\"},{\"@type\":\"WebPage\",\"@id\":\"https:\/\/noticiasemdestaque.com\/cd\/?p=24568\",\"url\":\"https:\/\/noticiasemdestaque.com\/cd\/?p=24568\",\"name\":\"Prefeito \u00c9den Duarte mant\u00e9m restri\u00e7\u00f5es de funcionamento do com\u00e9rcio local devido ao coronav\u00edrus - Not&iacute;cias em Destaque\",\"isPartOf\":{\"@id\":\"https:\/\/noticiasemdestaque.com\/cd\/#website\"},\"primaryImageOfPage\":{\"@id\":\"https:\/\/noticiasemdestaque.com\/cd\/?p=24568#primaryimage\"},\"image\":{\"@id\":\"https:\/\/noticiasemdestaque.com\/cd\/?p=24568#primaryimage\"},\"thumbnailUrl\":\"https:\/\/noticiasemdestaque.com\/cd\/wp-content\/uploads\/2020\/04\/WhatsApp-Image-2020-02-21-at-12.30.38-1-400x255.jpeg\",\"datePublished\":\"2020-04-29T15:54:45+00:00\",\"breadcrumb\":{\"@id\":\"https:\/\/noticiasemdestaque.com\/cd\/?p=24568#breadcrumb\"},\"inLanguage\":\"pt-BR\",\"potentialAction\":[{\"@type\":\"ReadAction\",\"target\":[\"https:\/\/noticiasemdestaque.com\/cd\/?p=24568\"]}]},{\"@type\":\"ImageObject\",\"inLanguage\":\"pt-BR\",\"@id\":\"https:\/\/noticiasemdestaque.com\/cd\/?p=24568#primaryimage\",\"url\":\"https:\/\/noticiasemdestaque.com\/cd\/wp-content\/uploads\/2020\/04\/WhatsApp-Image-2020-02-21-at-12.30.38-1-400x255.jpeg\",\"contentUrl\":\"https:\/\/noticiasemdestaque.com\/cd\/wp-content\/uploads\/2020\/04\/WhatsApp-Image-2020-02-21-at-12.30.38-1-400x255.jpeg\",\"width\":400,\"height\":255},{\"@type\":\"BreadcrumbList\",\"@id\":\"https:\/\/noticiasemdestaque.com\/cd\/?p=24568#breadcrumb\",\"itemListElement\":[{\"@type\":\"ListItem\",\"position\":1,\"name\":\"In\u00edcio\",\"item\":\"https:\/\/noticiasemdestaque.com\/cd\/\"},{\"@type\":\"ListItem\",\"position\":2,\"name\":\"Prefeito \u00c9den Duarte mant\u00e9m restri\u00e7\u00f5es de funcionamento do com\u00e9rcio local devido ao coronav\u00edrus\"}]},{\"@type\":\"WebSite\",\"@id\":\"https:\/\/noticiasemdestaque.com\/cd\/#website\",\"url\":\"https:\/\/noticiasemdestaque.com\/cd\/\",\"name\":\"Not&iacute;cias em Destaque\",\"description\":\"\",\"publisher\":{\"@id\":\"https:\/\/noticiasemdestaque.com\/cd\/#organization\"},\"potentialAction\":[{\"@type\":\"SearchAction\",\"target\":{\"@type\":\"EntryPoint\",\"urlTemplate\":\"https:\/\/noticiasemdestaque.com\/cd\/?s={search_term_string}\"},\"query-input\":{\"@type\":\"PropertyValueSpecification\",\"valueRequired\":true,\"valueName\":\"search_term_string\"}}],\"inLanguage\":\"pt-BR\"},{\"@type\":\"Organization\",\"@id\":\"https:\/\/noticiasemdestaque.com\/cd\/#organization\",\"name\":\"Not\u00edcias em Destaque\",\"url\":\"https:\/\/noticiasemdestaque.com\/cd\/\",\"logo\":{\"@type\":\"ImageObject\",\"inLanguage\":\"pt-BR\",\"@id\":\"https:\/\/noticiasemdestaque.com\/cd\/#\/schema\/logo\/image\/\",\"url\":\"https:\/\/noticiasemdestaque.com\/cd\/wp-content\/uploads\/2022\/05\/imagem-base-noticiasemdestaque.png\",\"contentUrl\":\"https:\/\/noticiasemdestaque.com\/cd\/wp-content\/uploads\/2022\/05\/imagem-base-noticiasemdestaque.png\",\"width\":1200,\"height\":630,\"caption\":\"Not\u00edcias em Destaque\"},\"image\":{\"@id\":\"https:\/\/noticiasemdestaque.com\/cd\/#\/schema\/logo\/image\/\"}},{\"@type\":\"Person\",\"@id\":\"https:\/\/noticiasemdestaque.com\/cd\/#\/schema\/person\/4a81fb71f77579d059c3045891fa1786\",\"name\":\"Not\u00edcias em Destaque\",\"url\":\"https:\/\/noticiasemdestaque.com\/cd\/?author=2\"}]}<\/script>\n<!-- \/ Yoast SEO plugin. -->","yoast_head_json":{"title":"Prefeito \u00c9den Duarte mant\u00e9m restri\u00e7\u00f5es de funcionamento do com\u00e9rcio local devido ao coronav\u00edrus - Not&iacute;cias em Destaque","robots":{"index":"index","follow":"follow","max-snippet":"max-snippet:-1","max-image-preview":"max-image-preview:large","max-video-preview":"max-video-preview:-1"},"canonical":"https:\/\/noticiasemdestaque.com\/cd\/?p=24568","og_locale":"pt_BR","og_type":"article","og_title":"Prefeito \u00c9den Duarte mant\u00e9m restri\u00e7\u00f5es de funcionamento do com\u00e9rcio local devido ao coronav\u00edrus - Not&iacute;cias em Destaque","og_description":"O prefeito de Sum\u00e9, \u00c9den Duarte, prorrogou o decreto n\u00b0 1.317\/2020, que trata sobre o fechamento do com\u00e9rcio local para servi\u00e7os n\u00e3o essenciais, visando conter a dissemina\u00e7\u00e3o do novo coronav\u00edrus. O decreto vigora de 28\/04 a 12 de maio. Com a manuten\u00e7\u00e3o do decreto, s\u00f3 fica permitido funcionar, farm\u00e1cias, supermercados e mercadinhos, postos de combust\u00edveis, padarias e similares, quitandas, distribuidoras de \u00e1gua e g\u00e1s, estabelecimentos de vendas de ra\u00e7\u00e3o e produtos veterin\u00e1rios, oficinas para manuten\u00e7\u00e3o e consertos de ve\u00edculos, funer\u00e1rias, bancos, lot\u00e9ricas, similares e estabelecimentos m\u00e9dicos, odontol\u00f3gicos e laborat\u00f3rios. Todas as outras atividades que est\u00e3o proibidas de abrirem as portas e n\u00e3o inclu\u00eddas nas exce\u00e7\u00f5es do \u00a7 1\u00ba da cabe\u00e7a do artigo 1\u00ba ficam autorizadas a funcionar atrav\u00e9s de entrega em domic\u00edlio (delivery), inclusive por aplicativos, vedado, em qualquer caso, o atendimento presencial de clientes em suas depend\u00eancias, com exce\u00e7\u00e3o de recebimento de pagamentos. O prefeito \u00c9den Duarte pede \u00e0 popula\u00e7\u00e3o para se manter os cuidados contra o coronav\u00edrus. De acordo com ele, esse \u00e9 um momento de uni\u00e3o, equil\u00edbrio e bom senso por parte de todos. Ele alerta tamb\u00e9m para os n\u00fameros de contamina\u00e7\u00e3o na Para\u00edba que vem crescendo consideravelmente, com um grande n\u00famero de interna\u00e7\u00f5es hospitalares. \u201cApesar de n\u00e3o termos nenhum caso de contamina\u00e7\u00e3o no munic\u00edpio, as medidas preventivas e o isolamento social s\u00e3o fundamentais para se evitar a dissemina\u00e7\u00e3o do v\u00edrus\u201d, orientou o prefeito. Confira:\u00a0Decreto 1.320 \u2013 Altera o decreto 1.317 \u2013 Medidas contra o Coronavirus Ascom PMS","og_url":"https:\/\/noticiasemdestaque.com\/cd\/?p=24568","og_site_name":"Not&iacute;cias em Destaque","article_published_time":"2020-04-29T15:54:45+00:00","og_image":[{"width":400,"height":255,"url":"https:\/\/noticiasemdestaque.com\/cd\/wp-content\/uploads\/2020\/04\/WhatsApp-Image-2020-02-21-at-12.30.38-1-400x255.jpeg","type":"image\/jpeg"}],"author":"Not\u00edcias em Destaque","twitter_card":"summary_large_image","twitter_misc":{"Escrito por":"Not\u00edcias em Destaque","Est. tempo de leitura":"1 minuto"},"schema":{"@context":"https:\/\/schema.org","@graph":[{"@type":"Article","@id":"https:\/\/noticiasemdestaque.com\/cd\/?p=24568#article","isPartOf":{"@id":"https:\/\/noticiasemdestaque.com\/cd\/?p=24568"},"author":{"name":"Not\u00edcias em Destaque","@id":"https:\/\/noticiasemdestaque.com\/cd\/#\/schema\/person\/4a81fb71f77579d059c3045891fa1786"},"headline":"Prefeito \u00c9den Duarte mant\u00e9m restri\u00e7\u00f5es de funcionamento do com\u00e9rcio local devido ao coronav\u00edrus","datePublished":"2020-04-29T15:54:45+00:00","mainEntityOfPage":{"@id":"https:\/\/noticiasemdestaque.com\/cd\/?p=24568"},"wordCount":290,"publisher":{"@id":"https:\/\/noticiasemdestaque.com\/cd\/#organization"},"image":{"@id":"https:\/\/noticiasemdestaque.com\/cd\/?p=24568#primaryimage"},"thumbnailUrl":"https:\/\/noticiasemdestaque.com\/cd\/wp-content\/uploads\/2020\/04\/WhatsApp-Image-2020-02-21-at-12.30.38-1-400x255.jpeg","articleSection":["Cidades"],"inLanguage":"pt-BR"},{"@type":"WebPage","@id":"https:\/\/noticiasemdestaque.com\/cd\/?p=24568","url":"https:\/\/noticiasemdestaque.com\/cd\/?p=24568","name":"Prefeito \u00c9den Duarte mant\u00e9m restri\u00e7\u00f5es de funcionamento do com\u00e9rcio local devido ao coronav\u00edrus - Not&iacute;cias em Destaque","isPartOf":{"@id":"https:\/\/noticiasemdestaque.com\/cd\/#website"},"primaryImageOfPage":{"@id":"https:\/\/noticiasemdestaque.com\/cd\/?p=24568#primaryimage"},"image":{"@id":"https:\/\/noticiasemdestaque.com\/cd\/?p=24568#primaryimage"},"thumbnailUrl":"https:\/\/noticiasemdestaque.com\/cd\/wp-content\/uploads\/2020\/04\/WhatsApp-Image-2020-02-21-at-12.30.38-1-400x255.jpeg","datePublished":"2020-04-29T15:54:45+00:00","breadcrumb":{"@id":"https:\/\/noticiasemdestaque.com\/cd\/?p=24568#breadcrumb"},"inLanguage":"pt-BR","potentialAction":[{"@type":"ReadAction","target":["https:\/\/noticiasemdestaque.com\/cd\/?p=24568"]}]},{"@type":"ImageObject","inLanguage":"pt-BR","@id":"https:\/\/noticiasemdestaque.com\/cd\/?p=24568#primaryimage","url":"https:\/\/noticiasemdestaque.com\/cd\/wp-content\/uploads\/2020\/04\/WhatsApp-Image-2020-02-21-at-12.30.38-1-400x255.jpeg","contentUrl":"https:\/\/noticiasemdestaque.com\/cd\/wp-content\/uploads\/2020\/04\/WhatsApp-Image-2020-02-21-at-12.30.38-1-400x255.jpeg","width":400,"height":255},{"@type":"BreadcrumbList","@id":"https:\/\/noticiasemdestaque.com\/cd\/?p=24568#breadcrumb","itemListElement":[{"@type":"ListItem","position":1,"name":"In\u00edcio","item":"https:\/\/noticiasemdestaque.com\/cd\/"},{"@type":"ListItem","position":2,"name":"Prefeito \u00c9den Duarte mant\u00e9m restri\u00e7\u00f5es de funcionamento do com\u00e9rcio local devido ao coronav\u00edrus"}]},{"@type":"WebSite","@id":"https:\/\/noticiasemdestaque.com\/cd\/#website","url":"https:\/\/noticiasemdestaque.com\/cd\/","name":"Not&iacute;cias em Destaque","description":"","publisher":{"@id":"https:\/\/noticiasemdestaque.com\/cd\/#organization"},"potentialAction":[{"@type":"SearchAction","target":{"@type":"EntryPoint","urlTemplate":"https:\/\/noticiasemdestaque.com\/cd\/?s={search_term_string}"},"query-input":{"@type":"PropertyValueSpecification","valueRequired":true,"valueName":"search_term_string"}}],"inLanguage":"pt-BR"},{"@type":"Organization","@id":"https:\/\/noticiasemdestaque.com\/cd\/#organization","name":"Not\u00edcias em Destaque","url":"https:\/\/noticiasemdestaque.com\/cd\/","logo":{"@type":"ImageObject","inLanguage":"pt-BR","@id":"https:\/\/noticiasemdestaque.com\/cd\/#\/schema\/logo\/image\/","url":"https:\/\/noticiasemdestaque.com\/cd\/wp-content\/uploads\/2022\/05\/imagem-base-noticiasemdestaque.png","contentUrl":"https:\/\/noticiasemdestaque.com\/cd\/wp-content\/uploads\/2022\/05\/imagem-base-noticiasemdestaque.png","width":1200,"height":630,"caption":"Not\u00edcias em Destaque"},"image":{"@id":"https:\/\/noticiasemdestaque.com\/cd\/#\/schema\/logo\/image\/"}},{"@type":"Person","@id":"https:\/\/noticiasemdestaque.com\/cd\/#\/schema\/person\/4a81fb71f77579d059c3045891fa1786","name":"Not\u00edcias em Destaque","url":"https:\/\/noticiasemdestaque.com\/cd\/?author=2"}]}},"jetpack_featured_media_url":"https:\/\/noticiasemdestaque.com\/cd\/wp-content\/uploads\/2020\/04\/WhatsApp-Image-2020-02-21-at-12.30.38-1-400x255.jpeg","jetpack_sharing_enabled":true,"_links":{"self":[{"href":"https:\/\/noticiasemdestaque.com\/cd\/index.php?rest_route=\/wp\/v2\/posts\/24568","targetHints":{"allow":["GET"]}}],"collection":[{"href":"https:\/\/noticiasemdestaque.com\/cd\/index.php?rest_route=\/wp\/v2\/posts"}],"about":[{"href":"https:\/\/noticiasemdestaque.com\/cd\/index.php?rest_route=\/wp\/v2\/types\/post"}],"author":[{"embeddable":true,"href":"https:\/\/noticiasemdestaque.com\/cd\/index.php?rest_route=\/wp\/v2\/users\/2"}],"replies":[{"embeddable":true,"href":"https:\/\/noticiasemdestaque.com\/cd\/index.php?rest_route=%2Fwp%2Fv2%2Fcomments&post=24568"}],"version-history":[{"count":1,"href":"https:\/\/noticiasemdestaque.com\/cd\/index.php?rest_route=\/wp\/v2\/posts\/24568\/revisions"}],"predecessor-version":[{"id":24570,"href":"https:\/\/noticiasemdestaque.com\/cd\/index.php?rest_route=\/wp\/v2\/posts\/24568\/revisions\/24570"}],"wp:featuredmedia":[{"embeddable":true,"href":"https:\/\/noticiasemdestaque.com\/cd\/index.php?rest_route=\/wp\/v2\/media\/24569"}],"wp:attachment":[{"href":"https:\/\/noticiasemdestaque.com\/cd\/index.php?rest_route=%2Fwp%2Fv2%2Fmedia&parent=24568"}],"wp:term":[{"taxonomy":"category","embeddable":true,"href":"https:\/\/noticiasemdestaque.com\/cd\/index.php?rest_route=%2Fwp%2Fv2%2Fcategories&post=24568"},{"taxonomy":"post_tag","embeddable":true,"href":"https:\/\/noticiasemdestaque.com\/cd\/index.php?rest_route=%2Fwp%2Fv2%2Ftags&post=24568"}],"curies":[{"name":"wp","href":"https:\/\/api.w.org\/{rel}","templated":true}]}}