{"id":24565,"date":"2020-04-29T12:52:18","date_gmt":"2020-04-29T15:52:18","guid":{"rendered":"http:\/\/noticiasemdestaque.com\/cd\/?p=24565"},"modified":"2020-04-29T12:52:18","modified_gmt":"2020-04-29T15:52:18","slug":"urgente-ministro-do-stf-suspende-decreto-de-nomeacao-do-diretor-geral-da-pf","status":"publish","type":"post","link":"https:\/\/noticiasemdestaque.com\/cd\/?p=24565","title":{"rendered":"URGENTE: Ministro do STF suspende decreto de nomea\u00e7\u00e3o do diretor-geral da PF"},"content":{"rendered":"<figure id=\"attachment_24566\" aria-describedby=\"caption-attachment-24566\" style=\"width: 464px\" class=\"wp-caption aligncenter\"><a href=\"https:\/\/noticiasemdestaque.com\/cd\/wp-content\/uploads\/2020\/04\/vca_edit_abr_11071918983.jpg\"><img fetchpriority=\"high\" decoding=\"async\" class=\" wp-image-24566\" src=\"https:\/\/noticiasemdestaque.com\/cd\/wp-content\/uploads\/2020\/04\/vca_edit_abr_11071918983-1024x613.jpg\" alt=\"\" width=\"464\" height=\"278\" srcset=\"https:\/\/noticiasemdestaque.com\/cd\/wp-content\/uploads\/2020\/04\/vca_edit_abr_11071918983-1024x613.jpg 1024w, https:\/\/noticiasemdestaque.com\/cd\/wp-content\/uploads\/2020\/04\/vca_edit_abr_11071918983-300x179.jpg 300w, https:\/\/noticiasemdestaque.com\/cd\/wp-content\/uploads\/2020\/04\/vca_edit_abr_11071918983-768x459.jpg 768w, https:\/\/noticiasemdestaque.com\/cd\/wp-content\/uploads\/2020\/04\/vca_edit_abr_11071918983.jpg 1170w\" sizes=\"(max-width: 464px) 100vw, 464px\" \/><\/a><figcaption id=\"caption-attachment-24566\" class=\"wp-caption-text\">Solenidade de posse do diretor-geral da Ag\u00eancia Brasileira de Intelig\u00eancia (Abin), Alexandre Ramagem<\/figcaption><\/figure>\n<p>O ministro Alexandre de Moraes, do Supremo Tribunal Federal (STF), decidiu na manh\u00e3 de hoje (29) suspender o\u00a0<a href=\"https:\/\/agenciabrasil.ebc.com.br\/geral\/noticia\/2020-04\/bolsonaro-nomeia-andre-mendonca-para-justica-e-ramagem-para-pf\" target=\"_blank\" rel=\"noopener noreferrer\">decreto de\u00a0nomea\u00e7\u00e3o<\/a>\u00a0e a posse do delegado Alexandre Ramagem como novo diretor-geral da Pol\u00edcia Federal (PF). A solenidade estava\u00a0marcada para as 15h desta quarta-feira.<\/p>\n<p>Moraes atendeu a um pedido feito pelo PDT por meio de um mandado de seguran\u00e7a. Na decis\u00e3o, o ministro citou declara\u00e7\u00f5es do ex-ministro da Justi\u00e7a Sergio Moro, que ao\u00a0<a href=\"https:\/\/agenciabrasil.ebc.com.br\/politica\/noticia\/2020-04\/sergio-moro-confirma-saida-do-ministerio-da-justica\" target=\"_blank\" rel=\"noopener noreferrer\">deixar o cargo<\/a>\u00a0na semana passada acusou o presidente Jair Bolsonaro de tentar interferir politicamente na PF.<\/p>\n<p>O ministro citou tamb\u00e9m trecho do pronunciamento de Bolsonaro feito no mesmo dia, ap\u00f3s as declara\u00e7\u00f5es de Moro, em que o presidente contou ter se queixado ao ent\u00e3o ministro da Justi\u00e7a por n\u00e3o receber informa\u00e7\u00f5es oriundas da PF.<\/p>\n<p>Moraes mencionou ainda que as declara\u00e7\u00f5es de Moro est\u00e3o sob\u00a0<a href=\"https:\/\/agenciabrasil.ebc.com.br\/justica\/noticia\/2020-04\/pgr-pede-abertura-de-inquerito-no-stf-para-apurar-declaracoes-de-moro\" target=\"_blank\" rel=\"noopener noreferrer\">investiga\u00e7\u00e3o da Procuradoria-Geral da Rep\u00fablica<\/a>\u00a0(PGR), ap\u00f3s autoriza\u00e7\u00e3o concedida ontem (28) pelo ministro do STF Celso de Mello, motivo pelo qual se justifica a suspeita de interfer\u00eancia pol\u00edtica na PF.<\/p>\n<p>\u201cNesse contexto, ainda que em sede de cogni\u00e7\u00e3o inicial, analisando os fatos narrados, verifico a probabilidade do direito alegado, pois, em tese, apresenta-se vi\u00e1vel a ocorr\u00eancia de desvio de finalidade do ato presidencial de nomea\u00e7\u00e3o do Diretor da Pol\u00edcia Federal, em inobserv\u00e2ncia aos princ\u00edpios constitucionais da impessoalidade, da moralidade e do interesse p\u00fablico\u201d, escreveu Moraes.<\/p>\n<p>O Pal\u00e1cio do Planalto ainda n\u00e3o se pronunciou sobre a suspens\u00e3o da posse de Ramagem. O Minist\u00e9rio da Justi\u00e7a e Seguran\u00e7a P\u00fablica (MJSP) e a Pol\u00edcia Federal tamb\u00e9m n\u00e3o se pronunciaram sobre a decis\u00e3o do STF at\u00e9 o momento.<\/p>\n","protected":false},"excerpt":{"rendered":"<p>O ministro Alexandre de Moraes, do Supremo Tribunal Federal (STF), decidiu na manh\u00e3 de hoje (29) suspender o\u00a0decreto de\u00a0nomea\u00e7\u00e3o\u00a0e a posse do delegado Alexandre Ramagem como novo diretor-geral da Pol\u00edcia Federal (PF). A solenidade estava\u00a0marcada para as 15h desta quarta-feira. Moraes atendeu a um pedido feito pelo PDT por meio de um mandado de seguran\u00e7a. Na decis\u00e3o, o ministro citou declara\u00e7\u00f5es do ex-ministro da Justi\u00e7a Sergio Moro, que ao\u00a0deixar o cargo\u00a0na semana passada acusou o presidente Jair Bolsonaro de tentar interferir politicamente na PF. O ministro citou tamb\u00e9m trecho do pronunciamento de Bolsonaro feito no mesmo dia, ap\u00f3s as declara\u00e7\u00f5es de Moro, em que o presidente contou ter se queixado ao ent\u00e3o ministro da Justi\u00e7a por n\u00e3o receber informa\u00e7\u00f5es oriundas da PF. Moraes mencionou ainda que as declara\u00e7\u00f5es de Moro est\u00e3o sob\u00a0investiga\u00e7\u00e3o da Procuradoria-Geral da Rep\u00fablica\u00a0(PGR), ap\u00f3s autoriza\u00e7\u00e3o concedida ontem (28) pelo ministro do STF Celso de Mello, motivo pelo qual se justifica a suspeita de interfer\u00eancia pol\u00edtica na PF. \u201cNesse contexto, ainda que em sede de cogni\u00e7\u00e3o inicial, analisando os fatos narrados, verifico a probabilidade do direito alegado, pois, em tese, apresenta-se vi\u00e1vel a ocorr\u00eancia de desvio de finalidade do ato presidencial de nomea\u00e7\u00e3o do Diretor da Pol\u00edcia Federal, em inobserv\u00e2ncia aos princ\u00edpios constitucionais da impessoalidade, da moralidade e do interesse p\u00fablico\u201d, escreveu Moraes. O Pal\u00e1cio do Planalto ainda n\u00e3o se pronunciou sobre a suspens\u00e3o da posse de Ramagem. O Minist\u00e9rio da Justi\u00e7a e Seguran\u00e7a P\u00fablica (MJSP) e a Pol\u00edcia Federal tamb\u00e9m n\u00e3o se pronunciaram sobre a decis\u00e3o do STF at\u00e9 o momento.<\/p>\n","protected":false},"author":2,"featured_media":24566,"comment_status":"closed","ping_status":"open","sticky":false,"template":"","format":"standard","meta":{"_eb_attr":"","_jetpack_memberships_contains_paid_content":false,"footnotes":""},"categories":[4],"tags":[],"class_list":["post-24565","post","type-post","status-publish","format-standard","has-post-thumbnail","hentry","category-politica"],"yoast_head":"<!-- This site is optimized with the Yoast SEO plugin v26.5 - https:\/\/yoast.com\/wordpress\/plugins\/seo\/ -->\n<title>URGENTE: Ministro do STF suspende decreto de nomea\u00e7\u00e3o do diretor-geral da PF - Not&iacute;cias em Destaque<\/title>\n<meta name=\"robots\" content=\"index, follow, max-snippet:-1, max-image-preview:large, max-video-preview:-1\" \/>\n<link rel=\"canonical\" href=\"https:\/\/noticiasemdestaque.com\/cd\/?p=24565\" \/>\n<meta property=\"og:locale\" content=\"pt_BR\" \/>\n<meta property=\"og:type\" content=\"article\" \/>\n<meta property=\"og:title\" content=\"URGENTE: Ministro do STF suspende decreto de nomea\u00e7\u00e3o do diretor-geral da PF - Not&iacute;cias em Destaque\" \/>\n<meta property=\"og:description\" content=\"O ministro Alexandre de Moraes, do Supremo Tribunal Federal (STF), decidiu na manh\u00e3 de hoje (29) suspender o\u00a0decreto de\u00a0nomea\u00e7\u00e3o\u00a0e a posse do delegado Alexandre Ramagem como novo diretor-geral da Pol\u00edcia Federal (PF). A solenidade estava\u00a0marcada para as 15h desta quarta-feira. Moraes atendeu a um pedido feito pelo PDT por meio de um mandado de seguran\u00e7a. Na decis\u00e3o, o ministro citou declara\u00e7\u00f5es do ex-ministro da Justi\u00e7a Sergio Moro, que ao\u00a0deixar o cargo\u00a0na semana passada acusou o presidente Jair Bolsonaro de tentar interferir politicamente na PF. O ministro citou tamb\u00e9m trecho do pronunciamento de Bolsonaro feito no mesmo dia, ap\u00f3s as declara\u00e7\u00f5es de Moro, em que o presidente contou ter se queixado ao ent\u00e3o ministro da Justi\u00e7a por n\u00e3o receber informa\u00e7\u00f5es oriundas da PF. Moraes mencionou ainda que as declara\u00e7\u00f5es de Moro est\u00e3o sob\u00a0investiga\u00e7\u00e3o da Procuradoria-Geral da Rep\u00fablica\u00a0(PGR), ap\u00f3s autoriza\u00e7\u00e3o concedida ontem (28) pelo ministro do STF Celso de Mello, motivo pelo qual se justifica a suspeita de interfer\u00eancia pol\u00edtica na PF. \u201cNesse contexto, ainda que em sede de cogni\u00e7\u00e3o inicial, analisando os fatos narrados, verifico a probabilidade do direito alegado, pois, em tese, apresenta-se vi\u00e1vel a ocorr\u00eancia de desvio de finalidade do ato presidencial de nomea\u00e7\u00e3o do Diretor da Pol\u00edcia Federal, em inobserv\u00e2ncia aos princ\u00edpios constitucionais da impessoalidade, da moralidade e do interesse p\u00fablico\u201d, escreveu Moraes. O Pal\u00e1cio do Planalto ainda n\u00e3o se pronunciou sobre a suspens\u00e3o da posse de Ramagem. O Minist\u00e9rio da Justi\u00e7a e Seguran\u00e7a P\u00fablica (MJSP) e a Pol\u00edcia Federal tamb\u00e9m n\u00e3o se pronunciaram sobre a decis\u00e3o do STF at\u00e9 o momento.\" \/>\n<meta property=\"og:url\" content=\"https:\/\/noticiasemdestaque.com\/cd\/?p=24565\" \/>\n<meta property=\"og:site_name\" content=\"Not&iacute;cias em Destaque\" \/>\n<meta property=\"article:published_time\" content=\"2020-04-29T15:52:18+00:00\" \/>\n<meta property=\"og:image\" content=\"https:\/\/noticiasemdestaque.com\/cd\/wp-content\/uploads\/2020\/04\/vca_edit_abr_11071918983.jpg\" \/>\n\t<meta property=\"og:image:width\" content=\"1170\" \/>\n\t<meta property=\"og:image:height\" content=\"700\" \/>\n\t<meta property=\"og:image:type\" content=\"image\/jpeg\" \/>\n<meta name=\"author\" content=\"Not\u00edcias em Destaque\" \/>\n<meta name=\"twitter:card\" content=\"summary_large_image\" \/>\n<meta name=\"twitter:label1\" content=\"Escrito por\" \/>\n\t<meta name=\"twitter:data1\" content=\"Not\u00edcias em Destaque\" \/>\n\t<meta name=\"twitter:label2\" content=\"Est. tempo de leitura\" \/>\n\t<meta name=\"twitter:data2\" content=\"2 minutos\" \/>\n<script type=\"application\/ld+json\" class=\"yoast-schema-graph\">{\"@context\":\"https:\/\/schema.org\",\"@graph\":[{\"@type\":\"Article\",\"@id\":\"https:\/\/noticiasemdestaque.com\/cd\/?p=24565#article\",\"isPartOf\":{\"@id\":\"https:\/\/noticiasemdestaque.com\/cd\/?p=24565\"},\"author\":{\"name\":\"Not\u00edcias em Destaque\",\"@id\":\"https:\/\/noticiasemdestaque.com\/cd\/#\/schema\/person\/4a81fb71f77579d059c3045891fa1786\"},\"headline\":\"URGENTE: Ministro do STF suspende decreto de nomea\u00e7\u00e3o do diretor-geral da PF\",\"datePublished\":\"2020-04-29T15:52:18+00:00\",\"mainEntityOfPage\":{\"@id\":\"https:\/\/noticiasemdestaque.com\/cd\/?p=24565\"},\"wordCount\":335,\"publisher\":{\"@id\":\"https:\/\/noticiasemdestaque.com\/cd\/#organization\"},\"image\":{\"@id\":\"https:\/\/noticiasemdestaque.com\/cd\/?p=24565#primaryimage\"},\"thumbnailUrl\":\"https:\/\/noticiasemdestaque.com\/cd\/wp-content\/uploads\/2020\/04\/vca_edit_abr_11071918983.jpg\",\"articleSection\":[\"Pol\u00edtica\"],\"inLanguage\":\"pt-BR\"},{\"@type\":\"WebPage\",\"@id\":\"https:\/\/noticiasemdestaque.com\/cd\/?p=24565\",\"url\":\"https:\/\/noticiasemdestaque.com\/cd\/?p=24565\",\"name\":\"URGENTE: Ministro do STF suspende decreto de nomea\u00e7\u00e3o do diretor-geral da PF - Not&iacute;cias em Destaque\",\"isPartOf\":{\"@id\":\"https:\/\/noticiasemdestaque.com\/cd\/#website\"},\"primaryImageOfPage\":{\"@id\":\"https:\/\/noticiasemdestaque.com\/cd\/?p=24565#primaryimage\"},\"image\":{\"@id\":\"https:\/\/noticiasemdestaque.com\/cd\/?p=24565#primaryimage\"},\"thumbnailUrl\":\"https:\/\/noticiasemdestaque.com\/cd\/wp-content\/uploads\/2020\/04\/vca_edit_abr_11071918983.jpg\",\"datePublished\":\"2020-04-29T15:52:18+00:00\",\"breadcrumb\":{\"@id\":\"https:\/\/noticiasemdestaque.com\/cd\/?p=24565#breadcrumb\"},\"inLanguage\":\"pt-BR\",\"potentialAction\":[{\"@type\":\"ReadAction\",\"target\":[\"https:\/\/noticiasemdestaque.com\/cd\/?p=24565\"]}]},{\"@type\":\"ImageObject\",\"inLanguage\":\"pt-BR\",\"@id\":\"https:\/\/noticiasemdestaque.com\/cd\/?p=24565#primaryimage\",\"url\":\"https:\/\/noticiasemdestaque.com\/cd\/wp-content\/uploads\/2020\/04\/vca_edit_abr_11071918983.jpg\",\"contentUrl\":\"https:\/\/noticiasemdestaque.com\/cd\/wp-content\/uploads\/2020\/04\/vca_edit_abr_11071918983.jpg\",\"width\":1170,\"height\":700,\"caption\":\"Solenidade de posse do diretor-geral da Ag\u00eancia Brasileira de Intelig\u00eancia (Abin), Alexandre Ramagem\"},{\"@type\":\"BreadcrumbList\",\"@id\":\"https:\/\/noticiasemdestaque.com\/cd\/?p=24565#breadcrumb\",\"itemListElement\":[{\"@type\":\"ListItem\",\"position\":1,\"name\":\"In\u00edcio\",\"item\":\"https:\/\/noticiasemdestaque.com\/cd\/\"},{\"@type\":\"ListItem\",\"position\":2,\"name\":\"URGENTE: Ministro do STF suspende decreto de nomea\u00e7\u00e3o do diretor-geral da PF\"}]},{\"@type\":\"WebSite\",\"@id\":\"https:\/\/noticiasemdestaque.com\/cd\/#website\",\"url\":\"https:\/\/noticiasemdestaque.com\/cd\/\",\"name\":\"Not&iacute;cias em Destaque\",\"description\":\"\",\"publisher\":{\"@id\":\"https:\/\/noticiasemdestaque.com\/cd\/#organization\"},\"potentialAction\":[{\"@type\":\"SearchAction\",\"target\":{\"@type\":\"EntryPoint\",\"urlTemplate\":\"https:\/\/noticiasemdestaque.com\/cd\/?s={search_term_string}\"},\"query-input\":{\"@type\":\"PropertyValueSpecification\",\"valueRequired\":true,\"valueName\":\"search_term_string\"}}],\"inLanguage\":\"pt-BR\"},{\"@type\":\"Organization\",\"@id\":\"https:\/\/noticiasemdestaque.com\/cd\/#organization\",\"name\":\"Not\u00edcias em Destaque\",\"url\":\"https:\/\/noticiasemdestaque.com\/cd\/\",\"logo\":{\"@type\":\"ImageObject\",\"inLanguage\":\"pt-BR\",\"@id\":\"https:\/\/noticiasemdestaque.com\/cd\/#\/schema\/logo\/image\/\",\"url\":\"https:\/\/noticiasemdestaque.com\/cd\/wp-content\/uploads\/2022\/05\/imagem-base-noticiasemdestaque.png\",\"contentUrl\":\"https:\/\/noticiasemdestaque.com\/cd\/wp-content\/uploads\/2022\/05\/imagem-base-noticiasemdestaque.png\",\"width\":1200,\"height\":630,\"caption\":\"Not\u00edcias em Destaque\"},\"image\":{\"@id\":\"https:\/\/noticiasemdestaque.com\/cd\/#\/schema\/logo\/image\/\"}},{\"@type\":\"Person\",\"@id\":\"https:\/\/noticiasemdestaque.com\/cd\/#\/schema\/person\/4a81fb71f77579d059c3045891fa1786\",\"name\":\"Not\u00edcias em Destaque\",\"url\":\"https:\/\/noticiasemdestaque.com\/cd\/?author=2\"}]}<\/script>\n<!-- \/ Yoast SEO plugin. -->","yoast_head_json":{"title":"URGENTE: Ministro do STF suspende decreto de nomea\u00e7\u00e3o do diretor-geral da PF - Not&iacute;cias em Destaque","robots":{"index":"index","follow":"follow","max-snippet":"max-snippet:-1","max-image-preview":"max-image-preview:large","max-video-preview":"max-video-preview:-1"},"canonical":"https:\/\/noticiasemdestaque.com\/cd\/?p=24565","og_locale":"pt_BR","og_type":"article","og_title":"URGENTE: Ministro do STF suspende decreto de nomea\u00e7\u00e3o do diretor-geral da PF - Not&iacute;cias em Destaque","og_description":"O ministro Alexandre de Moraes, do Supremo Tribunal Federal (STF), decidiu na manh\u00e3 de hoje (29) suspender o\u00a0decreto de\u00a0nomea\u00e7\u00e3o\u00a0e a posse do delegado Alexandre Ramagem como novo diretor-geral da Pol\u00edcia Federal (PF). A solenidade estava\u00a0marcada para as 15h desta quarta-feira. Moraes atendeu a um pedido feito pelo PDT por meio de um mandado de seguran\u00e7a. Na decis\u00e3o, o ministro citou declara\u00e7\u00f5es do ex-ministro da Justi\u00e7a Sergio Moro, que ao\u00a0deixar o cargo\u00a0na semana passada acusou o presidente Jair Bolsonaro de tentar interferir politicamente na PF. O ministro citou tamb\u00e9m trecho do pronunciamento de Bolsonaro feito no mesmo dia, ap\u00f3s as declara\u00e7\u00f5es de Moro, em que o presidente contou ter se queixado ao ent\u00e3o ministro da Justi\u00e7a por n\u00e3o receber informa\u00e7\u00f5es oriundas da PF. Moraes mencionou ainda que as declara\u00e7\u00f5es de Moro est\u00e3o sob\u00a0investiga\u00e7\u00e3o da Procuradoria-Geral da Rep\u00fablica\u00a0(PGR), ap\u00f3s autoriza\u00e7\u00e3o concedida ontem (28) pelo ministro do STF Celso de Mello, motivo pelo qual se justifica a suspeita de interfer\u00eancia pol\u00edtica na PF. \u201cNesse contexto, ainda que em sede de cogni\u00e7\u00e3o inicial, analisando os fatos narrados, verifico a probabilidade do direito alegado, pois, em tese, apresenta-se vi\u00e1vel a ocorr\u00eancia de desvio de finalidade do ato presidencial de nomea\u00e7\u00e3o do Diretor da Pol\u00edcia Federal, em inobserv\u00e2ncia aos princ\u00edpios constitucionais da impessoalidade, da moralidade e do interesse p\u00fablico\u201d, escreveu Moraes. O Pal\u00e1cio do Planalto ainda n\u00e3o se pronunciou sobre a suspens\u00e3o da posse de Ramagem. O Minist\u00e9rio da Justi\u00e7a e Seguran\u00e7a P\u00fablica (MJSP) e a Pol\u00edcia Federal tamb\u00e9m n\u00e3o se pronunciaram sobre a decis\u00e3o do STF at\u00e9 o momento.","og_url":"https:\/\/noticiasemdestaque.com\/cd\/?p=24565","og_site_name":"Not&iacute;cias em Destaque","article_published_time":"2020-04-29T15:52:18+00:00","og_image":[{"width":1170,"height":700,"url":"https:\/\/noticiasemdestaque.com\/cd\/wp-content\/uploads\/2020\/04\/vca_edit_abr_11071918983.jpg","type":"image\/jpeg"}],"author":"Not\u00edcias em Destaque","twitter_card":"summary_large_image","twitter_misc":{"Escrito por":"Not\u00edcias em Destaque","Est. tempo de leitura":"2 minutos"},"schema":{"@context":"https:\/\/schema.org","@graph":[{"@type":"Article","@id":"https:\/\/noticiasemdestaque.com\/cd\/?p=24565#article","isPartOf":{"@id":"https:\/\/noticiasemdestaque.com\/cd\/?p=24565"},"author":{"name":"Not\u00edcias em Destaque","@id":"https:\/\/noticiasemdestaque.com\/cd\/#\/schema\/person\/4a81fb71f77579d059c3045891fa1786"},"headline":"URGENTE: Ministro do STF suspende decreto de nomea\u00e7\u00e3o do diretor-geral da PF","datePublished":"2020-04-29T15:52:18+00:00","mainEntityOfPage":{"@id":"https:\/\/noticiasemdestaque.com\/cd\/?p=24565"},"wordCount":335,"publisher":{"@id":"https:\/\/noticiasemdestaque.com\/cd\/#organization"},"image":{"@id":"https:\/\/noticiasemdestaque.com\/cd\/?p=24565#primaryimage"},"thumbnailUrl":"https:\/\/noticiasemdestaque.com\/cd\/wp-content\/uploads\/2020\/04\/vca_edit_abr_11071918983.jpg","articleSection":["Pol\u00edtica"],"inLanguage":"pt-BR"},{"@type":"WebPage","@id":"https:\/\/noticiasemdestaque.com\/cd\/?p=24565","url":"https:\/\/noticiasemdestaque.com\/cd\/?p=24565","name":"URGENTE: Ministro do STF suspende decreto de nomea\u00e7\u00e3o do diretor-geral da PF - Not&iacute;cias em Destaque","isPartOf":{"@id":"https:\/\/noticiasemdestaque.com\/cd\/#website"},"primaryImageOfPage":{"@id":"https:\/\/noticiasemdestaque.com\/cd\/?p=24565#primaryimage"},"image":{"@id":"https:\/\/noticiasemdestaque.com\/cd\/?p=24565#primaryimage"},"thumbnailUrl":"https:\/\/noticiasemdestaque.com\/cd\/wp-content\/uploads\/2020\/04\/vca_edit_abr_11071918983.jpg","datePublished":"2020-04-29T15:52:18+00:00","breadcrumb":{"@id":"https:\/\/noticiasemdestaque.com\/cd\/?p=24565#breadcrumb"},"inLanguage":"pt-BR","potentialAction":[{"@type":"ReadAction","target":["https:\/\/noticiasemdestaque.com\/cd\/?p=24565"]}]},{"@type":"ImageObject","inLanguage":"pt-BR","@id":"https:\/\/noticiasemdestaque.com\/cd\/?p=24565#primaryimage","url":"https:\/\/noticiasemdestaque.com\/cd\/wp-content\/uploads\/2020\/04\/vca_edit_abr_11071918983.jpg","contentUrl":"https:\/\/noticiasemdestaque.com\/cd\/wp-content\/uploads\/2020\/04\/vca_edit_abr_11071918983.jpg","width":1170,"height":700,"caption":"Solenidade de posse do diretor-geral da Ag\u00eancia Brasileira de Intelig\u00eancia (Abin), Alexandre Ramagem"},{"@type":"BreadcrumbList","@id":"https:\/\/noticiasemdestaque.com\/cd\/?p=24565#breadcrumb","itemListElement":[{"@type":"ListItem","position":1,"name":"In\u00edcio","item":"https:\/\/noticiasemdestaque.com\/cd\/"},{"@type":"ListItem","position":2,"name":"URGENTE: Ministro do STF suspende decreto de nomea\u00e7\u00e3o do diretor-geral da PF"}]},{"@type":"WebSite","@id":"https:\/\/noticiasemdestaque.com\/cd\/#website","url":"https:\/\/noticiasemdestaque.com\/cd\/","name":"Not&iacute;cias em Destaque","description":"","publisher":{"@id":"https:\/\/noticiasemdestaque.com\/cd\/#organization"},"potentialAction":[{"@type":"SearchAction","target":{"@type":"EntryPoint","urlTemplate":"https:\/\/noticiasemdestaque.com\/cd\/?s={search_term_string}"},"query-input":{"@type":"PropertyValueSpecification","valueRequired":true,"valueName":"search_term_string"}}],"inLanguage":"pt-BR"},{"@type":"Organization","@id":"https:\/\/noticiasemdestaque.com\/cd\/#organization","name":"Not\u00edcias em Destaque","url":"https:\/\/noticiasemdestaque.com\/cd\/","logo":{"@type":"ImageObject","inLanguage":"pt-BR","@id":"https:\/\/noticiasemdestaque.com\/cd\/#\/schema\/logo\/image\/","url":"https:\/\/noticiasemdestaque.com\/cd\/wp-content\/uploads\/2022\/05\/imagem-base-noticiasemdestaque.png","contentUrl":"https:\/\/noticiasemdestaque.com\/cd\/wp-content\/uploads\/2022\/05\/imagem-base-noticiasemdestaque.png","width":1200,"height":630,"caption":"Not\u00edcias em Destaque"},"image":{"@id":"https:\/\/noticiasemdestaque.com\/cd\/#\/schema\/logo\/image\/"}},{"@type":"Person","@id":"https:\/\/noticiasemdestaque.com\/cd\/#\/schema\/person\/4a81fb71f77579d059c3045891fa1786","name":"Not\u00edcias em Destaque","url":"https:\/\/noticiasemdestaque.com\/cd\/?author=2"}]}},"jetpack_featured_media_url":"https:\/\/noticiasemdestaque.com\/cd\/wp-content\/uploads\/2020\/04\/vca_edit_abr_11071918983.jpg","jetpack_sharing_enabled":true,"_links":{"self":[{"href":"https:\/\/noticiasemdestaque.com\/cd\/index.php?rest_route=\/wp\/v2\/posts\/24565","targetHints":{"allow":["GET"]}}],"collection":[{"href":"https:\/\/noticiasemdestaque.com\/cd\/index.php?rest_route=\/wp\/v2\/posts"}],"about":[{"href":"https:\/\/noticiasemdestaque.com\/cd\/index.php?rest_route=\/wp\/v2\/types\/post"}],"author":[{"embeddable":true,"href":"https:\/\/noticiasemdestaque.com\/cd\/index.php?rest_route=\/wp\/v2\/users\/2"}],"replies":[{"embeddable":true,"href":"https:\/\/noticiasemdestaque.com\/cd\/index.php?rest_route=%2Fwp%2Fv2%2Fcomments&post=24565"}],"version-history":[{"count":1,"href":"https:\/\/noticiasemdestaque.com\/cd\/index.php?rest_route=\/wp\/v2\/posts\/24565\/revisions"}],"predecessor-version":[{"id":24567,"href":"https:\/\/noticiasemdestaque.com\/cd\/index.php?rest_route=\/wp\/v2\/posts\/24565\/revisions\/24567"}],"wp:featuredmedia":[{"embeddable":true,"href":"https:\/\/noticiasemdestaque.com\/cd\/index.php?rest_route=\/wp\/v2\/media\/24566"}],"wp:attachment":[{"href":"https:\/\/noticiasemdestaque.com\/cd\/index.php?rest_route=%2Fwp%2Fv2%2Fmedia&parent=24565"}],"wp:term":[{"taxonomy":"category","embeddable":true,"href":"https:\/\/noticiasemdestaque.com\/cd\/index.php?rest_route=%2Fwp%2Fv2%2Fcategories&post=24565"},{"taxonomy":"post_tag","embeddable":true,"href":"https:\/\/noticiasemdestaque.com\/cd\/index.php?rest_route=%2Fwp%2Fv2%2Ftags&post=24565"}],"curies":[{"name":"wp","href":"https:\/\/api.w.org\/{rel}","templated":true}]}}