{"id":24559,"date":"2020-04-28T21:00:46","date_gmt":"2020-04-29T00:00:46","guid":{"rendered":"http:\/\/noticiasemdestaque.com\/cd\/?p=24559"},"modified":"2020-04-28T21:00:46","modified_gmt":"2020-04-29T00:00:46","slug":"como-regularizar-o-titulo-de-eleitor-pela-internet","status":"publish","type":"post","link":"https:\/\/noticiasemdestaque.com\/cd\/?p=24559","title":{"rendered":"Como regularizar o t\u00edtulo de eleitor pela internet"},"content":{"rendered":"<p><a href=\"https:\/\/noticiasemdestaque.com\/cd\/wp-content\/uploads\/2020\/04\/titulo-de-eleitor.jpg\"><img fetchpriority=\"high\" decoding=\"async\" class=\"size-full wp-image-24560 aligncenter\" src=\"https:\/\/noticiasemdestaque.com\/cd\/wp-content\/uploads\/2020\/04\/titulo-de-eleitor.jpg\" alt=\"\" width=\"511\" height=\"260\" srcset=\"https:\/\/noticiasemdestaque.com\/cd\/wp-content\/uploads\/2020\/04\/titulo-de-eleitor.jpg 511w, https:\/\/noticiasemdestaque.com\/cd\/wp-content\/uploads\/2020\/04\/titulo-de-eleitor-300x153.jpg 300w\" sizes=\"(max-width: 511px) 100vw, 511px\" \/><\/a><\/p>\n<p>Dia 6 de maio \u00e9 o \u00faltimo dia para o eleitor regularizar sua situa\u00e7\u00e3o para poder votar nas Elei\u00e7\u00f5es Municipais de 2020. Em raz\u00e3o da pandemia provocada pelo novo coronav\u00edrus (respons\u00e1vel pelo Covid-19), os servi\u00e7os eleitorais presenciais foram suspensos. Mas a Justi\u00e7a Eleitoral n\u00e3o parou. O Tribunal Superior Eleitoral (TSE) lan\u00e7ou, nesta ter\u00e7a-feira (28), uma campanha para estimular<span class=\"text_exposed_show\">\u00a0o atendimento do eleitor de forma remota nessa fase final.<\/span><\/p>\n<div class=\"text_exposed_show\">\n<p>O material produzido ser\u00e1 veiculado nacionalmente em emissoras de r\u00e1dio e de televis\u00e3o e nas redes sociais. A Assessoria de Comunica\u00e7\u00e3o (Ascom) do TSE, respons\u00e1vel pelo conte\u00fado, ainda desenvolveu uma nova p\u00e1gina no Portal da Justi\u00e7a Eleitoral que traz orienta\u00e7\u00f5es acerca dos procedimentos de atendimento remoto para solicita\u00e7\u00e3o dos servi\u00e7os de alistamento (primeira via do t\u00edtulo), mudan\u00e7a de munic\u00edpio (transfer\u00eancia), altera\u00e7\u00e3o de dados pessoais, altera\u00e7\u00e3o de local de vota\u00e7\u00e3o por justificada necessidade de facilita\u00e7\u00e3o de mobilidade e revis\u00e3o para a regulariza\u00e7\u00e3o de inscri\u00e7\u00e3o cancelada.<\/p>\n<p>Al\u00e9m do passo a passo e da indica\u00e7\u00e3o dos documentos necess\u00e1rios, o espa\u00e7o tamb\u00e9m cont\u00e9m link direcionando para as p\u00e1ginas de atendimento de cada um dos 27 tribunais regionais eleitorais (TREs) para efetuar o requerimento de alistamento eleitoral.<\/p>\n<p>\u201cNessa p\u00e1gina, o eleitor ter\u00e1 todas as informa\u00e7\u00f5es de como proceder caso a caso. A pandemia impossibilitou que os servi\u00e7os fossem realizados presencialmente. No entanto, tendo em vista a proximidade do prazo de fechamento do cadastro eleitoral, o TSE agiu para oferecer um atendimento remoto descomplicado, sempre com o objetivo de garantir a participa\u00e7\u00e3o do eleitor no pleito e preservar a democracia\u201d, afirma a assessora-chefe da Ascom do TSE, Ana Cristina Rosa.<\/p>\n<p>O TSE tamb\u00e9m firmou parceria com o Facebook para que a rede social disponibilize, na abertura da timeline, um megafone, recurso que informar\u00e1 como est\u00e1 sendo feito o atendimento da Justi\u00e7a Eleitoral neste per\u00edodo de isolamento social.<\/p>\n<p>PARA MAIS INFORMA\u00c7\u00d5ES:\u00a0<a href=\"http:\/\/www.justicaeleitoral.jus.br\/eleicoes\/atendimento\/?fbclid=IwAR0f3bQxUN3L7X6PgaD6CENj7zKCVddnGoNBuTsTIKXKCHOHVR_63nIef40#atendimento-remoto\" target=\"_blank\" rel=\"noopener nofollow noreferrer\" data-ft=\"{&quot;tn&quot;:&quot;-U&quot;}\" data-lynx-mode=\"async\" data-lynx-uri=\"https:\/\/l.facebook.com\/l.php?u=http%3A%2F%2Fwww.justicaeleitoral.jus.br%2Feleicoes%2Fatendimento%2F%3Ffbclid%3DIwAR0f3bQxUN3L7X6PgaD6CENj7zKCVddnGoNBuTsTIKXKCHOHVR_63nIef40%23atendimento-remoto&amp;h=AT0hkr6TlrECioH5hQc9dY8lArkO555-zeQXrXyVUR2NbbbZbja7_mwZHcRj0_s7B-3ZDrq99Wqm8LrviTVt8rwB8ow0mKhZCitvJrkLwKPpw25AIsbHq192nn0Ydl3k2tTNIO-47jdY7xYEkC33inzD_cq5ei7v_RB_PfuDp0m1mKNv6A8jggF_Iha_0HO8W4MawDn900nZqWiM6472DLCzSNI7Ns0gwO_PNat7lACT7776ozw_b2Qns7F1p9DJDd31j0tDsxT2w3626FjzEC3ulG-7SSEtshv9FT1LWtIt77nlOq_77QF6RAcd91swFlVYgRcnZyxPEul5HRA4jwWkl5UA346kryx-e-NnTPe6VzndOgUTiTt_P9-Ka1JuNfPTxrXYvgeGw6xiNep06JdwAoAgvrcS_btIV-_DwOsMaZaH__iQ82sFQGbF1fKnNXAEHaQVSF7WmjnFGofhn0lt8yJ4wpjOaEyzWKJqwpWsvOOwu9c9Qr-itksqlReOzSVFDIC-zgMvMecGDaGLUe5BBmedkkLrlVnLb-2-epT4kFUSPb8JbwRLNFWKf1BsxydKl9jGpqJMiZYBCAZ-NHD_D2fEcxvkjoWj3ZWqwj5_jwFKWdchlLQTxGOGy1hoTzB58dY\">http:\/\/www.justicaeleitoral.jus.br\/eleicoes\/atendimento\/\u2026<\/a><\/p>\n<\/div>\n","protected":false},"excerpt":{"rendered":"<p>Dia 6 de maio \u00e9 o \u00faltimo dia para o eleitor regularizar sua situa\u00e7\u00e3o para poder votar nas Elei\u00e7\u00f5es Municipais de 2020. Em raz\u00e3o da pandemia provocada pelo novo coronav\u00edrus (respons\u00e1vel pelo Covid-19), os servi\u00e7os eleitorais presenciais foram suspensos. Mas a Justi\u00e7a Eleitoral n\u00e3o parou. O Tribunal Superior Eleitoral (TSE) lan\u00e7ou, nesta ter\u00e7a-feira (28), uma campanha para estimular\u00a0o atendimento do eleitor de forma remota nessa fase final. O material produzido ser\u00e1 veiculado nacionalmente em emissoras de r\u00e1dio e de televis\u00e3o e nas redes sociais. A Assessoria de Comunica\u00e7\u00e3o (Ascom) do TSE, respons\u00e1vel pelo conte\u00fado, ainda desenvolveu uma nova p\u00e1gina no Portal da Justi\u00e7a Eleitoral que traz orienta\u00e7\u00f5es acerca dos procedimentos de atendimento remoto para solicita\u00e7\u00e3o dos servi\u00e7os de alistamento (primeira via do t\u00edtulo), mudan\u00e7a de munic\u00edpio (transfer\u00eancia), altera\u00e7\u00e3o de dados pessoais, altera\u00e7\u00e3o de local de vota\u00e7\u00e3o por justificada necessidade de facilita\u00e7\u00e3o de mobilidade e revis\u00e3o para a regulariza\u00e7\u00e3o de inscri\u00e7\u00e3o cancelada. Al\u00e9m do passo a passo e da indica\u00e7\u00e3o dos documentos necess\u00e1rios, o espa\u00e7o tamb\u00e9m cont\u00e9m link direcionando para as p\u00e1ginas de atendimento de cada um dos 27 tribunais regionais eleitorais (TREs) para efetuar o requerimento de alistamento eleitoral. \u201cNessa p\u00e1gina, o eleitor ter\u00e1 todas as informa\u00e7\u00f5es de como proceder caso a caso. A pandemia impossibilitou que os servi\u00e7os fossem realizados presencialmente. No entanto, tendo em vista a proximidade do prazo de fechamento do cadastro eleitoral, o TSE agiu para oferecer um atendimento remoto descomplicado, sempre com o objetivo de garantir a participa\u00e7\u00e3o do eleitor no pleito e preservar a democracia\u201d, afirma a assessora-chefe da Ascom do TSE, Ana Cristina Rosa. O TSE tamb\u00e9m firmou parceria com o Facebook para que a rede social disponibilize, na abertura da timeline, um megafone, recurso que informar\u00e1 como est\u00e1 sendo feito o atendimento da Justi\u00e7a Eleitoral neste per\u00edodo de isolamento social. PARA MAIS INFORMA\u00c7\u00d5ES:\u00a0http:\/\/www.justicaeleitoral.jus.br\/eleicoes\/atendimento\/\u2026<\/p>\n","protected":false},"author":2,"featured_media":24560,"comment_status":"closed","ping_status":"open","sticky":false,"template":"","format":"standard","meta":{"_eb_attr":"","_jetpack_memberships_contains_paid_content":false,"footnotes":""},"categories":[12],"tags":[],"class_list":["post-24559","post","type-post","status-publish","format-standard","has-post-thumbnail","hentry","category-geral"],"yoast_head":"<!-- This site is optimized with the Yoast SEO plugin v26.5 - https:\/\/yoast.com\/wordpress\/plugins\/seo\/ -->\n<title>Como regularizar o t\u00edtulo de eleitor pela internet - Not&iacute;cias em Destaque<\/title>\n<meta name=\"robots\" content=\"index, follow, max-snippet:-1, max-image-preview:large, max-video-preview:-1\" \/>\n<link rel=\"canonical\" href=\"https:\/\/noticiasemdestaque.com\/cd\/?p=24559\" \/>\n<meta property=\"og:locale\" content=\"pt_BR\" \/>\n<meta property=\"og:type\" content=\"article\" \/>\n<meta property=\"og:title\" content=\"Como regularizar o t\u00edtulo de eleitor pela internet - Not&iacute;cias em Destaque\" \/>\n<meta property=\"og:description\" content=\"Dia 6 de maio \u00e9 o \u00faltimo dia para o eleitor regularizar sua situa\u00e7\u00e3o para poder votar nas Elei\u00e7\u00f5es Municipais de 2020. Em raz\u00e3o da pandemia provocada pelo novo coronav\u00edrus (respons\u00e1vel pelo Covid-19), os servi\u00e7os eleitorais presenciais foram suspensos. Mas a Justi\u00e7a Eleitoral n\u00e3o parou. O Tribunal Superior Eleitoral (TSE) lan\u00e7ou, nesta ter\u00e7a-feira (28), uma campanha para estimular\u00a0o atendimento do eleitor de forma remota nessa fase final. O material produzido ser\u00e1 veiculado nacionalmente em emissoras de r\u00e1dio e de televis\u00e3o e nas redes sociais. A Assessoria de Comunica\u00e7\u00e3o (Ascom) do TSE, respons\u00e1vel pelo conte\u00fado, ainda desenvolveu uma nova p\u00e1gina no Portal da Justi\u00e7a Eleitoral que traz orienta\u00e7\u00f5es acerca dos procedimentos de atendimento remoto para solicita\u00e7\u00e3o dos servi\u00e7os de alistamento (primeira via do t\u00edtulo), mudan\u00e7a de munic\u00edpio (transfer\u00eancia), altera\u00e7\u00e3o de dados pessoais, altera\u00e7\u00e3o de local de vota\u00e7\u00e3o por justificada necessidade de facilita\u00e7\u00e3o de mobilidade e revis\u00e3o para a regulariza\u00e7\u00e3o de inscri\u00e7\u00e3o cancelada. Al\u00e9m do passo a passo e da indica\u00e7\u00e3o dos documentos necess\u00e1rios, o espa\u00e7o tamb\u00e9m cont\u00e9m link direcionando para as p\u00e1ginas de atendimento de cada um dos 27 tribunais regionais eleitorais (TREs) para efetuar o requerimento de alistamento eleitoral. \u201cNessa p\u00e1gina, o eleitor ter\u00e1 todas as informa\u00e7\u00f5es de como proceder caso a caso. A pandemia impossibilitou que os servi\u00e7os fossem realizados presencialmente. No entanto, tendo em vista a proximidade do prazo de fechamento do cadastro eleitoral, o TSE agiu para oferecer um atendimento remoto descomplicado, sempre com o objetivo de garantir a participa\u00e7\u00e3o do eleitor no pleito e preservar a democracia\u201d, afirma a assessora-chefe da Ascom do TSE, Ana Cristina Rosa. O TSE tamb\u00e9m firmou parceria com o Facebook para que a rede social disponibilize, na abertura da timeline, um megafone, recurso que informar\u00e1 como est\u00e1 sendo feito o atendimento da Justi\u00e7a Eleitoral neste per\u00edodo de isolamento social. PARA MAIS INFORMA\u00c7\u00d5ES:\u00a0http:\/\/www.justicaeleitoral.jus.br\/eleicoes\/atendimento\/\u2026\" \/>\n<meta property=\"og:url\" content=\"https:\/\/noticiasemdestaque.com\/cd\/?p=24559\" \/>\n<meta property=\"og:site_name\" content=\"Not&iacute;cias em Destaque\" \/>\n<meta property=\"article:published_time\" content=\"2020-04-29T00:00:46+00:00\" \/>\n<meta property=\"og:image\" content=\"https:\/\/noticiasemdestaque.com\/cd\/wp-content\/uploads\/2020\/04\/titulo-de-eleitor.jpg\" \/>\n\t<meta property=\"og:image:width\" content=\"511\" \/>\n\t<meta property=\"og:image:height\" content=\"260\" \/>\n\t<meta property=\"og:image:type\" content=\"image\/jpeg\" \/>\n<meta name=\"author\" content=\"Not\u00edcias em Destaque\" \/>\n<meta name=\"twitter:card\" content=\"summary_large_image\" \/>\n<meta name=\"twitter:label1\" content=\"Escrito por\" \/>\n\t<meta name=\"twitter:data1\" content=\"Not\u00edcias em Destaque\" \/>\n\t<meta name=\"twitter:label2\" content=\"Est. tempo de leitura\" \/>\n\t<meta name=\"twitter:data2\" content=\"2 minutos\" \/>\n<script type=\"application\/ld+json\" class=\"yoast-schema-graph\">{\"@context\":\"https:\/\/schema.org\",\"@graph\":[{\"@type\":\"Article\",\"@id\":\"https:\/\/noticiasemdestaque.com\/cd\/?p=24559#article\",\"isPartOf\":{\"@id\":\"https:\/\/noticiasemdestaque.com\/cd\/?p=24559\"},\"author\":{\"name\":\"Not\u00edcias em Destaque\",\"@id\":\"https:\/\/noticiasemdestaque.com\/cd\/#\/schema\/person\/47f7d4f55eec17c6b2ca036c5500f6ce\"},\"headline\":\"Como regularizar o t\u00edtulo de eleitor pela internet\",\"datePublished\":\"2020-04-29T00:00:46+00:00\",\"mainEntityOfPage\":{\"@id\":\"https:\/\/noticiasemdestaque.com\/cd\/?p=24559\"},\"wordCount\":359,\"publisher\":{\"@id\":\"https:\/\/noticiasemdestaque.com\/cd\/#organization\"},\"image\":{\"@id\":\"https:\/\/noticiasemdestaque.com\/cd\/?p=24559#primaryimage\"},\"thumbnailUrl\":\"https:\/\/noticiasemdestaque.com\/cd\/wp-content\/uploads\/2020\/04\/titulo-de-eleitor.jpg\",\"articleSection\":[\"Geral\"],\"inLanguage\":\"pt-BR\"},{\"@type\":\"WebPage\",\"@id\":\"https:\/\/noticiasemdestaque.com\/cd\/?p=24559\",\"url\":\"https:\/\/noticiasemdestaque.com\/cd\/?p=24559\",\"name\":\"Como regularizar o t\u00edtulo de eleitor pela internet - Not&iacute;cias em Destaque\",\"isPartOf\":{\"@id\":\"https:\/\/noticiasemdestaque.com\/cd\/#website\"},\"primaryImageOfPage\":{\"@id\":\"https:\/\/noticiasemdestaque.com\/cd\/?p=24559#primaryimage\"},\"image\":{\"@id\":\"https:\/\/noticiasemdestaque.com\/cd\/?p=24559#primaryimage\"},\"thumbnailUrl\":\"https:\/\/noticiasemdestaque.com\/cd\/wp-content\/uploads\/2020\/04\/titulo-de-eleitor.jpg\",\"datePublished\":\"2020-04-29T00:00:46+00:00\",\"breadcrumb\":{\"@id\":\"https:\/\/noticiasemdestaque.com\/cd\/?p=24559#breadcrumb\"},\"inLanguage\":\"pt-BR\",\"potentialAction\":[{\"@type\":\"ReadAction\",\"target\":[\"https:\/\/noticiasemdestaque.com\/cd\/?p=24559\"]}]},{\"@type\":\"ImageObject\",\"inLanguage\":\"pt-BR\",\"@id\":\"https:\/\/noticiasemdestaque.com\/cd\/?p=24559#primaryimage\",\"url\":\"https:\/\/noticiasemdestaque.com\/cd\/wp-content\/uploads\/2020\/04\/titulo-de-eleitor.jpg\",\"contentUrl\":\"https:\/\/noticiasemdestaque.com\/cd\/wp-content\/uploads\/2020\/04\/titulo-de-eleitor.jpg\",\"width\":511,\"height\":260},{\"@type\":\"BreadcrumbList\",\"@id\":\"https:\/\/noticiasemdestaque.com\/cd\/?p=24559#breadcrumb\",\"itemListElement\":[{\"@type\":\"ListItem\",\"position\":1,\"name\":\"In\u00edcio\",\"item\":\"https:\/\/noticiasemdestaque.com\/cd\/\"},{\"@type\":\"ListItem\",\"position\":2,\"name\":\"Como regularizar o t\u00edtulo de eleitor pela internet\"}]},{\"@type\":\"WebSite\",\"@id\":\"https:\/\/noticiasemdestaque.com\/cd\/#website\",\"url\":\"https:\/\/noticiasemdestaque.com\/cd\/\",\"name\":\"Not&iacute;cias em Destaque\",\"description\":\"\",\"publisher\":{\"@id\":\"https:\/\/noticiasemdestaque.com\/cd\/#organization\"},\"potentialAction\":[{\"@type\":\"SearchAction\",\"target\":{\"@type\":\"EntryPoint\",\"urlTemplate\":\"https:\/\/noticiasemdestaque.com\/cd\/?s={search_term_string}\"},\"query-input\":{\"@type\":\"PropertyValueSpecification\",\"valueRequired\":true,\"valueName\":\"search_term_string\"}}],\"inLanguage\":\"pt-BR\"},{\"@type\":\"Organization\",\"@id\":\"https:\/\/noticiasemdestaque.com\/cd\/#organization\",\"name\":\"Not\u00edcias em Destaque\",\"url\":\"https:\/\/noticiasemdestaque.com\/cd\/\",\"logo\":{\"@type\":\"ImageObject\",\"inLanguage\":\"pt-BR\",\"@id\":\"https:\/\/noticiasemdestaque.com\/cd\/#\/schema\/logo\/image\/\",\"url\":\"https:\/\/noticiasemdestaque.com\/cd\/wp-content\/uploads\/2022\/05\/imagem-base-noticiasemdestaque.png\",\"contentUrl\":\"https:\/\/noticiasemdestaque.com\/cd\/wp-content\/uploads\/2022\/05\/imagem-base-noticiasemdestaque.png\",\"width\":1200,\"height\":630,\"caption\":\"Not\u00edcias em Destaque\"},\"image\":{\"@id\":\"https:\/\/noticiasemdestaque.com\/cd\/#\/schema\/logo\/image\/\"}},{\"@type\":\"Person\",\"@id\":\"https:\/\/noticiasemdestaque.com\/cd\/#\/schema\/person\/47f7d4f55eec17c6b2ca036c5500f6ce\",\"name\":\"Not\u00edcias em Destaque\",\"url\":\"https:\/\/noticiasemdestaque.com\/cd\/?author=2\"}]}<\/script>\n<!-- \/ Yoast SEO plugin. -->","yoast_head_json":{"title":"Como regularizar o t\u00edtulo de eleitor pela internet - Not&iacute;cias em Destaque","robots":{"index":"index","follow":"follow","max-snippet":"max-snippet:-1","max-image-preview":"max-image-preview:large","max-video-preview":"max-video-preview:-1"},"canonical":"https:\/\/noticiasemdestaque.com\/cd\/?p=24559","og_locale":"pt_BR","og_type":"article","og_title":"Como regularizar o t\u00edtulo de eleitor pela internet - Not&iacute;cias em Destaque","og_description":"Dia 6 de maio \u00e9 o \u00faltimo dia para o eleitor regularizar sua situa\u00e7\u00e3o para poder votar nas Elei\u00e7\u00f5es Municipais de 2020. Em raz\u00e3o da pandemia provocada pelo novo coronav\u00edrus (respons\u00e1vel pelo Covid-19), os servi\u00e7os eleitorais presenciais foram suspensos. Mas a Justi\u00e7a Eleitoral n\u00e3o parou. O Tribunal Superior Eleitoral (TSE) lan\u00e7ou, nesta ter\u00e7a-feira (28), uma campanha para estimular\u00a0o atendimento do eleitor de forma remota nessa fase final. O material produzido ser\u00e1 veiculado nacionalmente em emissoras de r\u00e1dio e de televis\u00e3o e nas redes sociais. A Assessoria de Comunica\u00e7\u00e3o (Ascom) do TSE, respons\u00e1vel pelo conte\u00fado, ainda desenvolveu uma nova p\u00e1gina no Portal da Justi\u00e7a Eleitoral que traz orienta\u00e7\u00f5es acerca dos procedimentos de atendimento remoto para solicita\u00e7\u00e3o dos servi\u00e7os de alistamento (primeira via do t\u00edtulo), mudan\u00e7a de munic\u00edpio (transfer\u00eancia), altera\u00e7\u00e3o de dados pessoais, altera\u00e7\u00e3o de local de vota\u00e7\u00e3o por justificada necessidade de facilita\u00e7\u00e3o de mobilidade e revis\u00e3o para a regulariza\u00e7\u00e3o de inscri\u00e7\u00e3o cancelada. Al\u00e9m do passo a passo e da indica\u00e7\u00e3o dos documentos necess\u00e1rios, o espa\u00e7o tamb\u00e9m cont\u00e9m link direcionando para as p\u00e1ginas de atendimento de cada um dos 27 tribunais regionais eleitorais (TREs) para efetuar o requerimento de alistamento eleitoral. \u201cNessa p\u00e1gina, o eleitor ter\u00e1 todas as informa\u00e7\u00f5es de como proceder caso a caso. A pandemia impossibilitou que os servi\u00e7os fossem realizados presencialmente. No entanto, tendo em vista a proximidade do prazo de fechamento do cadastro eleitoral, o TSE agiu para oferecer um atendimento remoto descomplicado, sempre com o objetivo de garantir a participa\u00e7\u00e3o do eleitor no pleito e preservar a democracia\u201d, afirma a assessora-chefe da Ascom do TSE, Ana Cristina Rosa. O TSE tamb\u00e9m firmou parceria com o Facebook para que a rede social disponibilize, na abertura da timeline, um megafone, recurso que informar\u00e1 como est\u00e1 sendo feito o atendimento da Justi\u00e7a Eleitoral neste per\u00edodo de isolamento social. PARA MAIS INFORMA\u00c7\u00d5ES:\u00a0http:\/\/www.justicaeleitoral.jus.br\/eleicoes\/atendimento\/\u2026","og_url":"https:\/\/noticiasemdestaque.com\/cd\/?p=24559","og_site_name":"Not&iacute;cias em Destaque","article_published_time":"2020-04-29T00:00:46+00:00","og_image":[{"width":511,"height":260,"url":"https:\/\/noticiasemdestaque.com\/cd\/wp-content\/uploads\/2020\/04\/titulo-de-eleitor.jpg","type":"image\/jpeg"}],"author":"Not\u00edcias em Destaque","twitter_card":"summary_large_image","twitter_misc":{"Escrito por":"Not\u00edcias em Destaque","Est. tempo de leitura":"2 minutos"},"schema":{"@context":"https:\/\/schema.org","@graph":[{"@type":"Article","@id":"https:\/\/noticiasemdestaque.com\/cd\/?p=24559#article","isPartOf":{"@id":"https:\/\/noticiasemdestaque.com\/cd\/?p=24559"},"author":{"name":"Not\u00edcias em Destaque","@id":"https:\/\/noticiasemdestaque.com\/cd\/#\/schema\/person\/47f7d4f55eec17c6b2ca036c5500f6ce"},"headline":"Como regularizar o t\u00edtulo de eleitor pela internet","datePublished":"2020-04-29T00:00:46+00:00","mainEntityOfPage":{"@id":"https:\/\/noticiasemdestaque.com\/cd\/?p=24559"},"wordCount":359,"publisher":{"@id":"https:\/\/noticiasemdestaque.com\/cd\/#organization"},"image":{"@id":"https:\/\/noticiasemdestaque.com\/cd\/?p=24559#primaryimage"},"thumbnailUrl":"https:\/\/noticiasemdestaque.com\/cd\/wp-content\/uploads\/2020\/04\/titulo-de-eleitor.jpg","articleSection":["Geral"],"inLanguage":"pt-BR"},{"@type":"WebPage","@id":"https:\/\/noticiasemdestaque.com\/cd\/?p=24559","url":"https:\/\/noticiasemdestaque.com\/cd\/?p=24559","name":"Como regularizar o t\u00edtulo de eleitor pela internet - Not&iacute;cias em Destaque","isPartOf":{"@id":"https:\/\/noticiasemdestaque.com\/cd\/#website"},"primaryImageOfPage":{"@id":"https:\/\/noticiasemdestaque.com\/cd\/?p=24559#primaryimage"},"image":{"@id":"https:\/\/noticiasemdestaque.com\/cd\/?p=24559#primaryimage"},"thumbnailUrl":"https:\/\/noticiasemdestaque.com\/cd\/wp-content\/uploads\/2020\/04\/titulo-de-eleitor.jpg","datePublished":"2020-04-29T00:00:46+00:00","breadcrumb":{"@id":"https:\/\/noticiasemdestaque.com\/cd\/?p=24559#breadcrumb"},"inLanguage":"pt-BR","potentialAction":[{"@type":"ReadAction","target":["https:\/\/noticiasemdestaque.com\/cd\/?p=24559"]}]},{"@type":"ImageObject","inLanguage":"pt-BR","@id":"https:\/\/noticiasemdestaque.com\/cd\/?p=24559#primaryimage","url":"https:\/\/noticiasemdestaque.com\/cd\/wp-content\/uploads\/2020\/04\/titulo-de-eleitor.jpg","contentUrl":"https:\/\/noticiasemdestaque.com\/cd\/wp-content\/uploads\/2020\/04\/titulo-de-eleitor.jpg","width":511,"height":260},{"@type":"BreadcrumbList","@id":"https:\/\/noticiasemdestaque.com\/cd\/?p=24559#breadcrumb","itemListElement":[{"@type":"ListItem","position":1,"name":"In\u00edcio","item":"https:\/\/noticiasemdestaque.com\/cd\/"},{"@type":"ListItem","position":2,"name":"Como regularizar o t\u00edtulo de eleitor pela internet"}]},{"@type":"WebSite","@id":"https:\/\/noticiasemdestaque.com\/cd\/#website","url":"https:\/\/noticiasemdestaque.com\/cd\/","name":"Not&iacute;cias em Destaque","description":"","publisher":{"@id":"https:\/\/noticiasemdestaque.com\/cd\/#organization"},"potentialAction":[{"@type":"SearchAction","target":{"@type":"EntryPoint","urlTemplate":"https:\/\/noticiasemdestaque.com\/cd\/?s={search_term_string}"},"query-input":{"@type":"PropertyValueSpecification","valueRequired":true,"valueName":"search_term_string"}}],"inLanguage":"pt-BR"},{"@type":"Organization","@id":"https:\/\/noticiasemdestaque.com\/cd\/#organization","name":"Not\u00edcias em Destaque","url":"https:\/\/noticiasemdestaque.com\/cd\/","logo":{"@type":"ImageObject","inLanguage":"pt-BR","@id":"https:\/\/noticiasemdestaque.com\/cd\/#\/schema\/logo\/image\/","url":"https:\/\/noticiasemdestaque.com\/cd\/wp-content\/uploads\/2022\/05\/imagem-base-noticiasemdestaque.png","contentUrl":"https:\/\/noticiasemdestaque.com\/cd\/wp-content\/uploads\/2022\/05\/imagem-base-noticiasemdestaque.png","width":1200,"height":630,"caption":"Not\u00edcias em Destaque"},"image":{"@id":"https:\/\/noticiasemdestaque.com\/cd\/#\/schema\/logo\/image\/"}},{"@type":"Person","@id":"https:\/\/noticiasemdestaque.com\/cd\/#\/schema\/person\/47f7d4f55eec17c6b2ca036c5500f6ce","name":"Not\u00edcias em Destaque","url":"https:\/\/noticiasemdestaque.com\/cd\/?author=2"}]}},"jetpack_featured_media_url":"https:\/\/noticiasemdestaque.com\/cd\/wp-content\/uploads\/2020\/04\/titulo-de-eleitor.jpg","jetpack_sharing_enabled":true,"_links":{"self":[{"href":"https:\/\/noticiasemdestaque.com\/cd\/index.php?rest_route=\/wp\/v2\/posts\/24559","targetHints":{"allow":["GET"]}}],"collection":[{"href":"https:\/\/noticiasemdestaque.com\/cd\/index.php?rest_route=\/wp\/v2\/posts"}],"about":[{"href":"https:\/\/noticiasemdestaque.com\/cd\/index.php?rest_route=\/wp\/v2\/types\/post"}],"author":[{"embeddable":true,"href":"https:\/\/noticiasemdestaque.com\/cd\/index.php?rest_route=\/wp\/v2\/users\/2"}],"replies":[{"embeddable":true,"href":"https:\/\/noticiasemdestaque.com\/cd\/index.php?rest_route=%2Fwp%2Fv2%2Fcomments&post=24559"}],"version-history":[{"count":1,"href":"https:\/\/noticiasemdestaque.com\/cd\/index.php?rest_route=\/wp\/v2\/posts\/24559\/revisions"}],"predecessor-version":[{"id":24561,"href":"https:\/\/noticiasemdestaque.com\/cd\/index.php?rest_route=\/wp\/v2\/posts\/24559\/revisions\/24561"}],"wp:featuredmedia":[{"embeddable":true,"href":"https:\/\/noticiasemdestaque.com\/cd\/index.php?rest_route=\/wp\/v2\/media\/24560"}],"wp:attachment":[{"href":"https:\/\/noticiasemdestaque.com\/cd\/index.php?rest_route=%2Fwp%2Fv2%2Fmedia&parent=24559"}],"wp:term":[{"taxonomy":"category","embeddable":true,"href":"https:\/\/noticiasemdestaque.com\/cd\/index.php?rest_route=%2Fwp%2Fv2%2Fcategories&post=24559"},{"taxonomy":"post_tag","embeddable":true,"href":"https:\/\/noticiasemdestaque.com\/cd\/index.php?rest_route=%2Fwp%2Fv2%2Ftags&post=24559"}],"curies":[{"name":"wp","href":"https:\/\/api.w.org\/{rel}","templated":true}]}}