{"id":24556,"date":"2020-04-28T20:51:46","date_gmt":"2020-04-28T23:51:46","guid":{"rendered":"http:\/\/noticiasemdestaque.com\/cd\/?p=24556"},"modified":"2020-04-28T20:51:46","modified_gmt":"2020-04-28T23:51:46","slug":"paraiba-tem-quase-700-casos-confirmados-para-covid-19-e-mais-cinco-obitos-nesta-terca","status":"publish","type":"post","link":"https:\/\/noticiasemdestaque.com\/cd\/?p=24556","title":{"rendered":"Para\u00edba tem quase 700 casos confirmados para Covid-19 e mais cinco \u00f3bitos nesta ter\u00e7a"},"content":{"rendered":"<p><a href=\"https:\/\/noticiasemdestaque.com\/cd\/wp-content\/uploads\/2020\/04\/Coronavirus-Covid19-Hospital-HRAN-Ambulancia-Enfermeira-Socorrista-Bmbeiros-2-2-868x644-1.jpg\"><img fetchpriority=\"high\" decoding=\"async\" class=\" wp-image-24557\" src=\"https:\/\/noticiasemdestaque.com\/cd\/wp-content\/uploads\/2020\/04\/Coronavirus-Covid19-Hospital-HRAN-Ambulancia-Enfermeira-Socorrista-Bmbeiros-2-2-868x644-1.jpg\" alt=\"\" width=\"573\" height=\"425\" srcset=\"https:\/\/noticiasemdestaque.com\/cd\/wp-content\/uploads\/2020\/04\/Coronavirus-Covid19-Hospital-HRAN-Ambulancia-Enfermeira-Socorrista-Bmbeiros-2-2-868x644-1.jpg 868w, https:\/\/noticiasemdestaque.com\/cd\/wp-content\/uploads\/2020\/04\/Coronavirus-Covid19-Hospital-HRAN-Ambulancia-Enfermeira-Socorrista-Bmbeiros-2-2-868x644-1-300x223.jpg 300w, https:\/\/noticiasemdestaque.com\/cd\/wp-content\/uploads\/2020\/04\/Coronavirus-Covid19-Hospital-HRAN-Ambulancia-Enfermeira-Socorrista-Bmbeiros-2-2-868x644-1-768x570.jpg 768w\" sizes=\"(max-width: 573px) 100vw, 573px\" \/><\/a><\/p>\n<p>At\u00e9 esta ter\u00e7a-feira (28), a Para\u00edba registrou 699 casos de Covid-19. Destes, 149 j\u00e1 se recuperaram, e 58 faleceram. Conforme a Secretaria de Sa\u00fade do Estado, 44% dos leitos de UTI dispon\u00edveis atualmente na rede SUS para Coronav\u00edrus j\u00e1 est\u00e3o ocupados. A SES refor\u00e7a a necessidade de isolamento.<\/p>\n<p>Os \u00faltimos cinco \u00f3bitos s\u00e3o de pessoas com idades entre os 63 e 79 anos, residentes nos munic\u00edpios de Jo\u00e3o Pessoa, Santa Rita, Bayeux e Brejo do Cruz.<\/p>\n<p><strong>Veja o \u00faltimo relat\u00f3rio<\/strong><\/p>\n<p>Governo da Para\u00edba<br \/>\nSecretaria de Estado da Sa\u00fade<br \/>\nAtualiza\u00e7\u00e3o COVID-19 28\/04<\/p>\n<p>Para\u00edba confirma 66 novos casos de Covid-19 e cinco \u00f3bitos nas \u00faltimas 24h.<\/p>\n<p>Casos Confirmados: 699<br \/>\nCasos Descartados: 1531<br \/>\n\u00d3bitos confirmados: 58<br \/>\nCasos recuperados: 149<\/p>\n<p>Os casos est\u00e3o distribu\u00eddos em 44 munic\u00edpios: Alagoa Grande (1); Alagoa Nova (1); Ara\u00e7agi (1); Areia (1); Barra de S\u00e3o Miguel (1); Bayeux (19); Bom Jesus (1); Boqueir\u00e3o (1); Brejo Do Cruz (1); Caapor\u00e3 (1); Cabedelo (22); Cajazeiras (5); Campina Grande (45); Catingueira(2); Conde (8); Congo (1); Coremas (1); Coxixola (1); Cruz do Esp\u00edrito Santo (3); Esperan\u00e7a (2); Guarabira (4); Gurinh\u00e9m (1); Igaracy (1); Itabaiana (2); Itapororoca (3); Jo\u00e3o Pessoa (436); Junco do Serid\u00f3 (3); Lagoa Seca (1); Lucena (1); Mari (1); Mariz\u00f3polis (3); Patos (13); Pedras de Fogo (4); Pombal (2); Queimadas (1); Riach\u00e3o do Po\u00e7o (1); Santa Rita (61); S\u00e3o Bento (4); S\u00e3o Jo\u00e3o do Rio do Peixe (5); S\u00e3o Jos\u00e9 do Bomfim (1); Sap\u00e9 (20); Serra Branca (1); Sousa (09); Tapero\u00e1 (2)<\/p>\n<p>Cinco \u00f3bitos foram confirmados nas \u00faltimas 24 horas:<\/p>\n<p>Homem, 76 anos, cardiopata, residente no munic\u00edpio de Santa Rita, \u00f3bito ocorrido no dia 16\/04,<\/p>\n<p>Homem, 71 anos, residente de Jo\u00e3o Pessoa, cardiopata. \u00d3bito no dia 24\/04.<\/p>\n<p>Homem, 63 anos, residente no munic\u00edpio de Bayeux, portador de HAS, etilista e tabagista. Deu entrada em servi\u00e7o p\u00fablico dia 22\/04 com febre, tosse, n\u00e1useas, dor abdominal e cefal\u00e9ia. \u00d3bito ocorrido em 26\/04.<\/p>\n<p>Homem, 69 anos, residente no munic\u00edpio de Brejo do Cruz, portador de HAS e DPOC. Deu entrada em hospital p\u00fablico dia 22\/04, com tosse, dispn\u00e9ia e hipotens\u00e3o evoluindo com Pneumonia e insufici\u00eancia respirat\u00f3ria, indo a \u00f3bito dia 25\/04.<\/p>\n<p>Homem, 79 anos, residente de santa Rita, in\u00edcio dos sintomas 25\/04\/2020, hipertenso, diabetes, doen\u00e7a cardiovascular, \u00f3bito em hospital p\u00fablico no dia 25\/04<\/p>\n<p>Os dados epidemiol\u00f3gicos e de ocupa\u00e7\u00e3o de leitos podem ser acompanhados em paraiba.pb.gov.br\/coronavirus<\/p>\n","protected":false},"excerpt":{"rendered":"<p>At\u00e9 esta ter\u00e7a-feira (28), a Para\u00edba registrou 699 casos de Covid-19. Destes, 149 j\u00e1 se recuperaram, e 58 faleceram. Conforme a Secretaria de Sa\u00fade do Estado, 44% dos leitos de UTI dispon\u00edveis atualmente na rede SUS para Coronav\u00edrus j\u00e1 est\u00e3o ocupados. A SES refor\u00e7a a necessidade de isolamento. Os \u00faltimos cinco \u00f3bitos s\u00e3o de pessoas com idades entre os 63 e 79 anos, residentes nos munic\u00edpios de Jo\u00e3o Pessoa, Santa Rita, Bayeux e Brejo do Cruz. Veja o \u00faltimo relat\u00f3rio Governo da Para\u00edba Secretaria de Estado da Sa\u00fade Atualiza\u00e7\u00e3o COVID-19 28\/04 Para\u00edba confirma 66 novos casos de Covid-19 e cinco \u00f3bitos nas \u00faltimas 24h. Casos Confirmados: 699 Casos Descartados: 1531 \u00d3bitos confirmados: 58 Casos recuperados: 149 Os casos est\u00e3o distribu\u00eddos em 44 munic\u00edpios: Alagoa Grande (1); Alagoa Nova (1); Ara\u00e7agi (1); Areia (1); Barra de S\u00e3o Miguel (1); Bayeux (19); Bom Jesus (1); Boqueir\u00e3o (1); Brejo Do Cruz (1); Caapor\u00e3 (1); Cabedelo (22); Cajazeiras (5); Campina Grande (45); Catingueira(2); Conde (8); Congo (1); Coremas (1); Coxixola (1); Cruz do Esp\u00edrito Santo (3); Esperan\u00e7a (2); Guarabira (4); Gurinh\u00e9m (1); Igaracy (1); Itabaiana (2); Itapororoca (3); Jo\u00e3o Pessoa (436); Junco do Serid\u00f3 (3); Lagoa Seca (1); Lucena (1); Mari (1); Mariz\u00f3polis (3); Patos (13); Pedras de Fogo (4); Pombal (2); Queimadas (1); Riach\u00e3o do Po\u00e7o (1); Santa Rita (61); S\u00e3o Bento (4); S\u00e3o Jo\u00e3o do Rio do Peixe (5); S\u00e3o Jos\u00e9 do Bomfim (1); Sap\u00e9 (20); Serra Branca (1); Sousa (09); Tapero\u00e1 (2) Cinco \u00f3bitos foram confirmados nas \u00faltimas 24 horas: Homem, 76 anos, cardiopata, residente no munic\u00edpio de Santa Rita, \u00f3bito ocorrido no dia 16\/04, Homem, 71 anos, residente de Jo\u00e3o Pessoa, cardiopata. \u00d3bito no dia 24\/04. Homem, 63 anos, residente no munic\u00edpio de Bayeux, portador de HAS, etilista e tabagista. Deu entrada em servi\u00e7o p\u00fablico dia 22\/04 com febre, tosse, n\u00e1useas, dor abdominal e cefal\u00e9ia. \u00d3bito ocorrido em 26\/04. Homem, 69 anos, residente no munic\u00edpio de Brejo do Cruz, portador de HAS e DPOC. Deu entrada em hospital p\u00fablico dia 22\/04, com tosse, dispn\u00e9ia e hipotens\u00e3o evoluindo com Pneumonia e insufici\u00eancia respirat\u00f3ria, indo a \u00f3bito dia 25\/04. Homem, 79 anos, residente de santa Rita, in\u00edcio dos sintomas 25\/04\/2020, hipertenso, diabetes, doen\u00e7a cardiovascular, \u00f3bito em hospital p\u00fablico no dia 25\/04 Os dados epidemiol\u00f3gicos e de ocupa\u00e7\u00e3o de leitos podem ser acompanhados em paraiba.pb.gov.br\/coronavirus<\/p>\n","protected":false},"author":2,"featured_media":24557,"comment_status":"closed","ping_status":"open","sticky":false,"template":"","format":"standard","meta":{"_eb_attr":"","_jetpack_memberships_contains_paid_content":false,"footnotes":""},"categories":[8],"tags":[],"class_list":["post-24556","post","type-post","status-publish","format-standard","has-post-thumbnail","hentry","category-saude"],"yoast_head":"<!-- This site is optimized with the Yoast SEO plugin v26.5 - https:\/\/yoast.com\/wordpress\/plugins\/seo\/ -->\n<title>Para\u00edba tem quase 700 casos confirmados para Covid-19 e mais cinco \u00f3bitos nesta ter\u00e7a - Not&iacute;cias em Destaque<\/title>\n<meta name=\"robots\" content=\"index, follow, max-snippet:-1, max-image-preview:large, max-video-preview:-1\" \/>\n<link rel=\"canonical\" href=\"https:\/\/noticiasemdestaque.com\/cd\/?p=24556\" \/>\n<meta property=\"og:locale\" content=\"pt_BR\" \/>\n<meta property=\"og:type\" content=\"article\" \/>\n<meta property=\"og:title\" content=\"Para\u00edba tem quase 700 casos confirmados para Covid-19 e mais cinco \u00f3bitos nesta ter\u00e7a - Not&iacute;cias em Destaque\" \/>\n<meta property=\"og:description\" content=\"At\u00e9 esta ter\u00e7a-feira (28), a Para\u00edba registrou 699 casos de Covid-19. Destes, 149 j\u00e1 se recuperaram, e 58 faleceram. Conforme a Secretaria de Sa\u00fade do Estado, 44% dos leitos de UTI dispon\u00edveis atualmente na rede SUS para Coronav\u00edrus j\u00e1 est\u00e3o ocupados. A SES refor\u00e7a a necessidade de isolamento. Os \u00faltimos cinco \u00f3bitos s\u00e3o de pessoas com idades entre os 63 e 79 anos, residentes nos munic\u00edpios de Jo\u00e3o Pessoa, Santa Rita, Bayeux e Brejo do Cruz. Veja o \u00faltimo relat\u00f3rio Governo da Para\u00edba Secretaria de Estado da Sa\u00fade Atualiza\u00e7\u00e3o COVID-19 28\/04 Para\u00edba confirma 66 novos casos de Covid-19 e cinco \u00f3bitos nas \u00faltimas 24h. Casos Confirmados: 699 Casos Descartados: 1531 \u00d3bitos confirmados: 58 Casos recuperados: 149 Os casos est\u00e3o distribu\u00eddos em 44 munic\u00edpios: Alagoa Grande (1); Alagoa Nova (1); Ara\u00e7agi (1); Areia (1); Barra de S\u00e3o Miguel (1); Bayeux (19); Bom Jesus (1); Boqueir\u00e3o (1); Brejo Do Cruz (1); Caapor\u00e3 (1); Cabedelo (22); Cajazeiras (5); Campina Grande (45); Catingueira(2); Conde (8); Congo (1); Coremas (1); Coxixola (1); Cruz do Esp\u00edrito Santo (3); Esperan\u00e7a (2); Guarabira (4); Gurinh\u00e9m (1); Igaracy (1); Itabaiana (2); Itapororoca (3); Jo\u00e3o Pessoa (436); Junco do Serid\u00f3 (3); Lagoa Seca (1); Lucena (1); Mari (1); Mariz\u00f3polis (3); Patos (13); Pedras de Fogo (4); Pombal (2); Queimadas (1); Riach\u00e3o do Po\u00e7o (1); Santa Rita (61); S\u00e3o Bento (4); S\u00e3o Jo\u00e3o do Rio do Peixe (5); S\u00e3o Jos\u00e9 do Bomfim (1); Sap\u00e9 (20); Serra Branca (1); Sousa (09); Tapero\u00e1 (2) Cinco \u00f3bitos foram confirmados nas \u00faltimas 24 horas: Homem, 76 anos, cardiopata, residente no munic\u00edpio de Santa Rita, \u00f3bito ocorrido no dia 16\/04, Homem, 71 anos, residente de Jo\u00e3o Pessoa, cardiopata. \u00d3bito no dia 24\/04. Homem, 63 anos, residente no munic\u00edpio de Bayeux, portador de HAS, etilista e tabagista. Deu entrada em servi\u00e7o p\u00fablico dia 22\/04 com febre, tosse, n\u00e1useas, dor abdominal e cefal\u00e9ia. \u00d3bito ocorrido em 26\/04. Homem, 69 anos, residente no munic\u00edpio de Brejo do Cruz, portador de HAS e DPOC. Deu entrada em hospital p\u00fablico dia 22\/04, com tosse, dispn\u00e9ia e hipotens\u00e3o evoluindo com Pneumonia e insufici\u00eancia respirat\u00f3ria, indo a \u00f3bito dia 25\/04. Homem, 79 anos, residente de santa Rita, in\u00edcio dos sintomas 25\/04\/2020, hipertenso, diabetes, doen\u00e7a cardiovascular, \u00f3bito em hospital p\u00fablico no dia 25\/04 Os dados epidemiol\u00f3gicos e de ocupa\u00e7\u00e3o de leitos podem ser acompanhados em paraiba.pb.gov.br\/coronavirus\" \/>\n<meta property=\"og:url\" content=\"https:\/\/noticiasemdestaque.com\/cd\/?p=24556\" \/>\n<meta property=\"og:site_name\" content=\"Not&iacute;cias em Destaque\" \/>\n<meta property=\"article:published_time\" content=\"2020-04-28T23:51:46+00:00\" \/>\n<meta property=\"og:image\" content=\"https:\/\/noticiasemdestaque.com\/cd\/wp-content\/uploads\/2020\/04\/Coronavirus-Covid19-Hospital-HRAN-Ambulancia-Enfermeira-Socorrista-Bmbeiros-2-2-868x644-1.jpg\" \/>\n\t<meta property=\"og:image:width\" content=\"868\" \/>\n\t<meta property=\"og:image:height\" content=\"644\" \/>\n\t<meta property=\"og:image:type\" content=\"image\/jpeg\" \/>\n<meta name=\"author\" content=\"Not\u00edcias em Destaque\" \/>\n<meta name=\"twitter:card\" content=\"summary_large_image\" \/>\n<meta name=\"twitter:label1\" content=\"Escrito por\" \/>\n\t<meta name=\"twitter:data1\" content=\"Not\u00edcias em Destaque\" \/>\n\t<meta name=\"twitter:label2\" content=\"Est. tempo de leitura\" \/>\n\t<meta name=\"twitter:data2\" content=\"2 minutos\" \/>\n<script type=\"application\/ld+json\" class=\"yoast-schema-graph\">{\"@context\":\"https:\/\/schema.org\",\"@graph\":[{\"@type\":\"Article\",\"@id\":\"https:\/\/noticiasemdestaque.com\/cd\/?p=24556#article\",\"isPartOf\":{\"@id\":\"https:\/\/noticiasemdestaque.com\/cd\/?p=24556\"},\"author\":{\"name\":\"Not\u00edcias em Destaque\",\"@id\":\"https:\/\/noticiasemdestaque.com\/cd\/#\/schema\/person\/47f7d4f55eec17c6b2ca036c5500f6ce\"},\"headline\":\"Para\u00edba tem quase 700 casos confirmados para Covid-19 e mais cinco \u00f3bitos nesta ter\u00e7a\",\"datePublished\":\"2020-04-28T23:51:46+00:00\",\"mainEntityOfPage\":{\"@id\":\"https:\/\/noticiasemdestaque.com\/cd\/?p=24556\"},\"wordCount\":380,\"publisher\":{\"@id\":\"https:\/\/noticiasemdestaque.com\/cd\/#organization\"},\"image\":{\"@id\":\"https:\/\/noticiasemdestaque.com\/cd\/?p=24556#primaryimage\"},\"thumbnailUrl\":\"https:\/\/noticiasemdestaque.com\/cd\/wp-content\/uploads\/2020\/04\/Coronavirus-Covid19-Hospital-HRAN-Ambulancia-Enfermeira-Socorrista-Bmbeiros-2-2-868x644-1.jpg\",\"articleSection\":[\"Sa\u00fade\"],\"inLanguage\":\"pt-BR\"},{\"@type\":\"WebPage\",\"@id\":\"https:\/\/noticiasemdestaque.com\/cd\/?p=24556\",\"url\":\"https:\/\/noticiasemdestaque.com\/cd\/?p=24556\",\"name\":\"Para\u00edba tem quase 700 casos confirmados para Covid-19 e mais cinco \u00f3bitos nesta ter\u00e7a - Not&iacute;cias em Destaque\",\"isPartOf\":{\"@id\":\"https:\/\/noticiasemdestaque.com\/cd\/#website\"},\"primaryImageOfPage\":{\"@id\":\"https:\/\/noticiasemdestaque.com\/cd\/?p=24556#primaryimage\"},\"image\":{\"@id\":\"https:\/\/noticiasemdestaque.com\/cd\/?p=24556#primaryimage\"},\"thumbnailUrl\":\"https:\/\/noticiasemdestaque.com\/cd\/wp-content\/uploads\/2020\/04\/Coronavirus-Covid19-Hospital-HRAN-Ambulancia-Enfermeira-Socorrista-Bmbeiros-2-2-868x644-1.jpg\",\"datePublished\":\"2020-04-28T23:51:46+00:00\",\"breadcrumb\":{\"@id\":\"https:\/\/noticiasemdestaque.com\/cd\/?p=24556#breadcrumb\"},\"inLanguage\":\"pt-BR\",\"potentialAction\":[{\"@type\":\"ReadAction\",\"target\":[\"https:\/\/noticiasemdestaque.com\/cd\/?p=24556\"]}]},{\"@type\":\"ImageObject\",\"inLanguage\":\"pt-BR\",\"@id\":\"https:\/\/noticiasemdestaque.com\/cd\/?p=24556#primaryimage\",\"url\":\"https:\/\/noticiasemdestaque.com\/cd\/wp-content\/uploads\/2020\/04\/Coronavirus-Covid19-Hospital-HRAN-Ambulancia-Enfermeira-Socorrista-Bmbeiros-2-2-868x644-1.jpg\",\"contentUrl\":\"https:\/\/noticiasemdestaque.com\/cd\/wp-content\/uploads\/2020\/04\/Coronavirus-Covid19-Hospital-HRAN-Ambulancia-Enfermeira-Socorrista-Bmbeiros-2-2-868x644-1.jpg\",\"width\":868,\"height\":644,\"caption\":\"Coronavirus-Covid-19 - Movimenta\u00e7\u00e3o de ambul\u00e2ncias, pacientes, enfermeiros, bombeiros e socorristas no Hospital Regional da Asa Norte, local de refer\u00eancia para paciebtes com a Covid-19. S\u00e9rgio Lima\/Poder360 04.04.2020\"},{\"@type\":\"BreadcrumbList\",\"@id\":\"https:\/\/noticiasemdestaque.com\/cd\/?p=24556#breadcrumb\",\"itemListElement\":[{\"@type\":\"ListItem\",\"position\":1,\"name\":\"In\u00edcio\",\"item\":\"https:\/\/noticiasemdestaque.com\/cd\/\"},{\"@type\":\"ListItem\",\"position\":2,\"name\":\"Para\u00edba tem quase 700 casos confirmados para Covid-19 e mais cinco \u00f3bitos nesta ter\u00e7a\"}]},{\"@type\":\"WebSite\",\"@id\":\"https:\/\/noticiasemdestaque.com\/cd\/#website\",\"url\":\"https:\/\/noticiasemdestaque.com\/cd\/\",\"name\":\"Not&iacute;cias em Destaque\",\"description\":\"\",\"publisher\":{\"@id\":\"https:\/\/noticiasemdestaque.com\/cd\/#organization\"},\"potentialAction\":[{\"@type\":\"SearchAction\",\"target\":{\"@type\":\"EntryPoint\",\"urlTemplate\":\"https:\/\/noticiasemdestaque.com\/cd\/?s={search_term_string}\"},\"query-input\":{\"@type\":\"PropertyValueSpecification\",\"valueRequired\":true,\"valueName\":\"search_term_string\"}}],\"inLanguage\":\"pt-BR\"},{\"@type\":\"Organization\",\"@id\":\"https:\/\/noticiasemdestaque.com\/cd\/#organization\",\"name\":\"Not\u00edcias em Destaque\",\"url\":\"https:\/\/noticiasemdestaque.com\/cd\/\",\"logo\":{\"@type\":\"ImageObject\",\"inLanguage\":\"pt-BR\",\"@id\":\"https:\/\/noticiasemdestaque.com\/cd\/#\/schema\/logo\/image\/\",\"url\":\"https:\/\/noticiasemdestaque.com\/cd\/wp-content\/uploads\/2022\/05\/imagem-base-noticiasemdestaque.png\",\"contentUrl\":\"https:\/\/noticiasemdestaque.com\/cd\/wp-content\/uploads\/2022\/05\/imagem-base-noticiasemdestaque.png\",\"width\":1200,\"height\":630,\"caption\":\"Not\u00edcias em Destaque\"},\"image\":{\"@id\":\"https:\/\/noticiasemdestaque.com\/cd\/#\/schema\/logo\/image\/\"}},{\"@type\":\"Person\",\"@id\":\"https:\/\/noticiasemdestaque.com\/cd\/#\/schema\/person\/47f7d4f55eec17c6b2ca036c5500f6ce\",\"name\":\"Not\u00edcias em Destaque\",\"url\":\"https:\/\/noticiasemdestaque.com\/cd\/?author=2\"}]}<\/script>\n<!-- \/ Yoast SEO plugin. -->","yoast_head_json":{"title":"Para\u00edba tem quase 700 casos confirmados para Covid-19 e mais cinco \u00f3bitos nesta ter\u00e7a - Not&iacute;cias em Destaque","robots":{"index":"index","follow":"follow","max-snippet":"max-snippet:-1","max-image-preview":"max-image-preview:large","max-video-preview":"max-video-preview:-1"},"canonical":"https:\/\/noticiasemdestaque.com\/cd\/?p=24556","og_locale":"pt_BR","og_type":"article","og_title":"Para\u00edba tem quase 700 casos confirmados para Covid-19 e mais cinco \u00f3bitos nesta ter\u00e7a - Not&iacute;cias em Destaque","og_description":"At\u00e9 esta ter\u00e7a-feira (28), a Para\u00edba registrou 699 casos de Covid-19. Destes, 149 j\u00e1 se recuperaram, e 58 faleceram. Conforme a Secretaria de Sa\u00fade do Estado, 44% dos leitos de UTI dispon\u00edveis atualmente na rede SUS para Coronav\u00edrus j\u00e1 est\u00e3o ocupados. A SES refor\u00e7a a necessidade de isolamento. Os \u00faltimos cinco \u00f3bitos s\u00e3o de pessoas com idades entre os 63 e 79 anos, residentes nos munic\u00edpios de Jo\u00e3o Pessoa, Santa Rita, Bayeux e Brejo do Cruz. Veja o \u00faltimo relat\u00f3rio Governo da Para\u00edba Secretaria de Estado da Sa\u00fade Atualiza\u00e7\u00e3o COVID-19 28\/04 Para\u00edba confirma 66 novos casos de Covid-19 e cinco \u00f3bitos nas \u00faltimas 24h. Casos Confirmados: 699 Casos Descartados: 1531 \u00d3bitos confirmados: 58 Casos recuperados: 149 Os casos est\u00e3o distribu\u00eddos em 44 munic\u00edpios: Alagoa Grande (1); Alagoa Nova (1); Ara\u00e7agi (1); Areia (1); Barra de S\u00e3o Miguel (1); Bayeux (19); Bom Jesus (1); Boqueir\u00e3o (1); Brejo Do Cruz (1); Caapor\u00e3 (1); Cabedelo (22); Cajazeiras (5); Campina Grande (45); Catingueira(2); Conde (8); Congo (1); Coremas (1); Coxixola (1); Cruz do Esp\u00edrito Santo (3); Esperan\u00e7a (2); Guarabira (4); Gurinh\u00e9m (1); Igaracy (1); Itabaiana (2); Itapororoca (3); Jo\u00e3o Pessoa (436); Junco do Serid\u00f3 (3); Lagoa Seca (1); Lucena (1); Mari (1); Mariz\u00f3polis (3); Patos (13); Pedras de Fogo (4); Pombal (2); Queimadas (1); Riach\u00e3o do Po\u00e7o (1); Santa Rita (61); S\u00e3o Bento (4); S\u00e3o Jo\u00e3o do Rio do Peixe (5); S\u00e3o Jos\u00e9 do Bomfim (1); Sap\u00e9 (20); Serra Branca (1); Sousa (09); Tapero\u00e1 (2) Cinco \u00f3bitos foram confirmados nas \u00faltimas 24 horas: Homem, 76 anos, cardiopata, residente no munic\u00edpio de Santa Rita, \u00f3bito ocorrido no dia 16\/04, Homem, 71 anos, residente de Jo\u00e3o Pessoa, cardiopata. \u00d3bito no dia 24\/04. Homem, 63 anos, residente no munic\u00edpio de Bayeux, portador de HAS, etilista e tabagista. Deu entrada em servi\u00e7o p\u00fablico dia 22\/04 com febre, tosse, n\u00e1useas, dor abdominal e cefal\u00e9ia. \u00d3bito ocorrido em 26\/04. Homem, 69 anos, residente no munic\u00edpio de Brejo do Cruz, portador de HAS e DPOC. Deu entrada em hospital p\u00fablico dia 22\/04, com tosse, dispn\u00e9ia e hipotens\u00e3o evoluindo com Pneumonia e insufici\u00eancia respirat\u00f3ria, indo a \u00f3bito dia 25\/04. Homem, 79 anos, residente de santa Rita, in\u00edcio dos sintomas 25\/04\/2020, hipertenso, diabetes, doen\u00e7a cardiovascular, \u00f3bito em hospital p\u00fablico no dia 25\/04 Os dados epidemiol\u00f3gicos e de ocupa\u00e7\u00e3o de leitos podem ser acompanhados em paraiba.pb.gov.br\/coronavirus","og_url":"https:\/\/noticiasemdestaque.com\/cd\/?p=24556","og_site_name":"Not&iacute;cias em Destaque","article_published_time":"2020-04-28T23:51:46+00:00","og_image":[{"width":868,"height":644,"url":"https:\/\/noticiasemdestaque.com\/cd\/wp-content\/uploads\/2020\/04\/Coronavirus-Covid19-Hospital-HRAN-Ambulancia-Enfermeira-Socorrista-Bmbeiros-2-2-868x644-1.jpg","type":"image\/jpeg"}],"author":"Not\u00edcias em Destaque","twitter_card":"summary_large_image","twitter_misc":{"Escrito por":"Not\u00edcias em Destaque","Est. tempo de leitura":"2 minutos"},"schema":{"@context":"https:\/\/schema.org","@graph":[{"@type":"Article","@id":"https:\/\/noticiasemdestaque.com\/cd\/?p=24556#article","isPartOf":{"@id":"https:\/\/noticiasemdestaque.com\/cd\/?p=24556"},"author":{"name":"Not\u00edcias em Destaque","@id":"https:\/\/noticiasemdestaque.com\/cd\/#\/schema\/person\/47f7d4f55eec17c6b2ca036c5500f6ce"},"headline":"Para\u00edba tem quase 700 casos confirmados para Covid-19 e mais cinco \u00f3bitos nesta ter\u00e7a","datePublished":"2020-04-28T23:51:46+00:00","mainEntityOfPage":{"@id":"https:\/\/noticiasemdestaque.com\/cd\/?p=24556"},"wordCount":380,"publisher":{"@id":"https:\/\/noticiasemdestaque.com\/cd\/#organization"},"image":{"@id":"https:\/\/noticiasemdestaque.com\/cd\/?p=24556#primaryimage"},"thumbnailUrl":"https:\/\/noticiasemdestaque.com\/cd\/wp-content\/uploads\/2020\/04\/Coronavirus-Covid19-Hospital-HRAN-Ambulancia-Enfermeira-Socorrista-Bmbeiros-2-2-868x644-1.jpg","articleSection":["Sa\u00fade"],"inLanguage":"pt-BR"},{"@type":"WebPage","@id":"https:\/\/noticiasemdestaque.com\/cd\/?p=24556","url":"https:\/\/noticiasemdestaque.com\/cd\/?p=24556","name":"Para\u00edba tem quase 700 casos confirmados para Covid-19 e mais cinco \u00f3bitos nesta ter\u00e7a - Not&iacute;cias em Destaque","isPartOf":{"@id":"https:\/\/noticiasemdestaque.com\/cd\/#website"},"primaryImageOfPage":{"@id":"https:\/\/noticiasemdestaque.com\/cd\/?p=24556#primaryimage"},"image":{"@id":"https:\/\/noticiasemdestaque.com\/cd\/?p=24556#primaryimage"},"thumbnailUrl":"https:\/\/noticiasemdestaque.com\/cd\/wp-content\/uploads\/2020\/04\/Coronavirus-Covid19-Hospital-HRAN-Ambulancia-Enfermeira-Socorrista-Bmbeiros-2-2-868x644-1.jpg","datePublished":"2020-04-28T23:51:46+00:00","breadcrumb":{"@id":"https:\/\/noticiasemdestaque.com\/cd\/?p=24556#breadcrumb"},"inLanguage":"pt-BR","potentialAction":[{"@type":"ReadAction","target":["https:\/\/noticiasemdestaque.com\/cd\/?p=24556"]}]},{"@type":"ImageObject","inLanguage":"pt-BR","@id":"https:\/\/noticiasemdestaque.com\/cd\/?p=24556#primaryimage","url":"https:\/\/noticiasemdestaque.com\/cd\/wp-content\/uploads\/2020\/04\/Coronavirus-Covid19-Hospital-HRAN-Ambulancia-Enfermeira-Socorrista-Bmbeiros-2-2-868x644-1.jpg","contentUrl":"https:\/\/noticiasemdestaque.com\/cd\/wp-content\/uploads\/2020\/04\/Coronavirus-Covid19-Hospital-HRAN-Ambulancia-Enfermeira-Socorrista-Bmbeiros-2-2-868x644-1.jpg","width":868,"height":644,"caption":"Coronavirus-Covid-19 - Movimenta\u00e7\u00e3o de ambul\u00e2ncias, pacientes, enfermeiros, bombeiros e socorristas no Hospital Regional da Asa Norte, local de refer\u00eancia para paciebtes com a Covid-19. S\u00e9rgio Lima\/Poder360 04.04.2020"},{"@type":"BreadcrumbList","@id":"https:\/\/noticiasemdestaque.com\/cd\/?p=24556#breadcrumb","itemListElement":[{"@type":"ListItem","position":1,"name":"In\u00edcio","item":"https:\/\/noticiasemdestaque.com\/cd\/"},{"@type":"ListItem","position":2,"name":"Para\u00edba tem quase 700 casos confirmados para Covid-19 e mais cinco \u00f3bitos nesta ter\u00e7a"}]},{"@type":"WebSite","@id":"https:\/\/noticiasemdestaque.com\/cd\/#website","url":"https:\/\/noticiasemdestaque.com\/cd\/","name":"Not&iacute;cias em Destaque","description":"","publisher":{"@id":"https:\/\/noticiasemdestaque.com\/cd\/#organization"},"potentialAction":[{"@type":"SearchAction","target":{"@type":"EntryPoint","urlTemplate":"https:\/\/noticiasemdestaque.com\/cd\/?s={search_term_string}"},"query-input":{"@type":"PropertyValueSpecification","valueRequired":true,"valueName":"search_term_string"}}],"inLanguage":"pt-BR"},{"@type":"Organization","@id":"https:\/\/noticiasemdestaque.com\/cd\/#organization","name":"Not\u00edcias em Destaque","url":"https:\/\/noticiasemdestaque.com\/cd\/","logo":{"@type":"ImageObject","inLanguage":"pt-BR","@id":"https:\/\/noticiasemdestaque.com\/cd\/#\/schema\/logo\/image\/","url":"https:\/\/noticiasemdestaque.com\/cd\/wp-content\/uploads\/2022\/05\/imagem-base-noticiasemdestaque.png","contentUrl":"https:\/\/noticiasemdestaque.com\/cd\/wp-content\/uploads\/2022\/05\/imagem-base-noticiasemdestaque.png","width":1200,"height":630,"caption":"Not\u00edcias em Destaque"},"image":{"@id":"https:\/\/noticiasemdestaque.com\/cd\/#\/schema\/logo\/image\/"}},{"@type":"Person","@id":"https:\/\/noticiasemdestaque.com\/cd\/#\/schema\/person\/47f7d4f55eec17c6b2ca036c5500f6ce","name":"Not\u00edcias em Destaque","url":"https:\/\/noticiasemdestaque.com\/cd\/?author=2"}]}},"jetpack_featured_media_url":"https:\/\/noticiasemdestaque.com\/cd\/wp-content\/uploads\/2020\/04\/Coronavirus-Covid19-Hospital-HRAN-Ambulancia-Enfermeira-Socorrista-Bmbeiros-2-2-868x644-1.jpg","jetpack_sharing_enabled":true,"_links":{"self":[{"href":"https:\/\/noticiasemdestaque.com\/cd\/index.php?rest_route=\/wp\/v2\/posts\/24556","targetHints":{"allow":["GET"]}}],"collection":[{"href":"https:\/\/noticiasemdestaque.com\/cd\/index.php?rest_route=\/wp\/v2\/posts"}],"about":[{"href":"https:\/\/noticiasemdestaque.com\/cd\/index.php?rest_route=\/wp\/v2\/types\/post"}],"author":[{"embeddable":true,"href":"https:\/\/noticiasemdestaque.com\/cd\/index.php?rest_route=\/wp\/v2\/users\/2"}],"replies":[{"embeddable":true,"href":"https:\/\/noticiasemdestaque.com\/cd\/index.php?rest_route=%2Fwp%2Fv2%2Fcomments&post=24556"}],"version-history":[{"count":1,"href":"https:\/\/noticiasemdestaque.com\/cd\/index.php?rest_route=\/wp\/v2\/posts\/24556\/revisions"}],"predecessor-version":[{"id":24558,"href":"https:\/\/noticiasemdestaque.com\/cd\/index.php?rest_route=\/wp\/v2\/posts\/24556\/revisions\/24558"}],"wp:featuredmedia":[{"embeddable":true,"href":"https:\/\/noticiasemdestaque.com\/cd\/index.php?rest_route=\/wp\/v2\/media\/24557"}],"wp:attachment":[{"href":"https:\/\/noticiasemdestaque.com\/cd\/index.php?rest_route=%2Fwp%2Fv2%2Fmedia&parent=24556"}],"wp:term":[{"taxonomy":"category","embeddable":true,"href":"https:\/\/noticiasemdestaque.com\/cd\/index.php?rest_route=%2Fwp%2Fv2%2Fcategories&post=24556"},{"taxonomy":"post_tag","embeddable":true,"href":"https:\/\/noticiasemdestaque.com\/cd\/index.php?rest_route=%2Fwp%2Fv2%2Ftags&post=24556"}],"curies":[{"name":"wp","href":"https:\/\/api.w.org\/{rel}","templated":true}]}}