{"id":24533,"date":"2020-04-27T21:48:06","date_gmt":"2020-04-28T00:48:06","guid":{"rendered":"http:\/\/noticiasemdestaque.com\/cd\/?p=24533"},"modified":"2020-04-27T21:53:05","modified_gmt":"2020-04-28T00:53:05","slug":"camalau-prefeito-sandro-moco-se-defende-e-emite-nota-repudiando-declaracoes-de-aristeu-chaves","status":"publish","type":"post","link":"https:\/\/noticiasemdestaque.com\/cd\/?p=24533","title":{"rendered":"CAMALA\u00da: Prefeito Sandro M\u00f4co emite nota ap\u00f3s declara\u00e7\u00f5es de Aristeu Chaves"},"content":{"rendered":"<p><a href=\"https:\/\/noticiasemdestaque.com\/cd\/wp-content\/uploads\/2020\/04\/5cacdde79763a_sandro_moco.jpg\"><img fetchpriority=\"high\" decoding=\"async\" class=\"wp-image-24534 aligncenter\" src=\"https:\/\/noticiasemdestaque.com\/cd\/wp-content\/uploads\/2020\/04\/5cacdde79763a_sandro_moco.jpg\" alt=\"\" width=\"448\" height=\"344\" srcset=\"https:\/\/noticiasemdestaque.com\/cd\/wp-content\/uploads\/2020\/04\/5cacdde79763a_sandro_moco.jpg 800w, https:\/\/noticiasemdestaque.com\/cd\/wp-content\/uploads\/2020\/04\/5cacdde79763a_sandro_moco-300x230.jpg 300w, https:\/\/noticiasemdestaque.com\/cd\/wp-content\/uploads\/2020\/04\/5cacdde79763a_sandro_moco-768x589.jpg 768w\" sizes=\"(max-width: 448px) 100vw, 448px\" \/><\/a><\/p>\n<p>O prefeito de Camala\u00fa, Sandro M\u00f4co, encaminhou a reda\u00e7\u00e3o do <em><strong>Not\u00edcias em Destaque,<\/strong><\/em> nota em resposta a uma reportagem publicada ontem na qual o <a href=\"https:\/\/noticiasemdestaque.com\/cd\/politica\/ex-prefeito-de-camalau-acusa-atual-gestao-de-corrupcao-e-de-realizar-contratos-fraudulentos\/\">ex-prefeito de Camala\u00fa acusa atual gest\u00e3o de corrup\u00e7\u00e3o e de realizar contratos fraudulentos.\u00a0<\/a><\/p>\n<p><strong>Confira a nota:<\/strong><\/p>\n<p><em>\u201cTriste \u00e9 o fim de um pol\u00edtico que se acostuma em tratar a coisa p\u00fablica como pr\u00f3pria.<\/em><\/p>\n<p><em>As elei\u00e7\u00f5es se aproximam, sem que a Justi\u00e7a Eleitoral se manifeste sobre a manuten\u00e7\u00e3o ou n\u00e3o da data do pleito para 2020, em decorr\u00eancia das modifica\u00e7\u00f5es ocorridas por esta infeliz pandemia. Nesse per\u00edodo de exce\u00e7\u00e3o, diante das incertezas de todas as ordens, alguns integrantes da velha pol\u00edtica, como Aristeu Chaves, ex-prefeito de Camala\u00fa, ao inv\u00e9s de contribuir com as diversas medidas poss\u00edveis para auxiliar a popula\u00e7\u00e3o a enfrentar esse triste momento em que estamos vivendo, tem agido, de forma covarde e ego\u00edsta, para criar factoides politiqueiros, com a \u00fanica finalidade de atender seus interesses pessoais.<\/em><\/p>\n<p><em>Sua preocupa\u00e7\u00e3o com o povo de Camala\u00fa, como sempre, \u00e9 nenhuma. A \u00fanica coisa que passa por sua mente, diuturnamente, \u00e9 a saudade dos tempos que ele vivia como um rei, na condi\u00e7\u00e3o de prefeito desta humilde cidade.<\/em><\/p>\n<p><em>Muitas pessoas boas e bem intencionadas passaram pela gest\u00e3o do Munic\u00edpio de Camala\u00fa, a exemplo de Z\u00e9 Tourinho, Ivo Neco, Ventura Chaves, Cl\u00e1udio Chaves, Ant\u00f4nio Mariano e outros.Pessoas que sempre respeitaram seus advers\u00e1rios e pensavam muito mais na cidade que no seu pr\u00f3prio bolso.<\/em><\/p>\n<p><em>Mas, infelizmente, h\u00e1 aqueles que mesmo ap\u00f3s uma derrota eleitoral, ainda n\u00e3o descobriram que a prefeitura \u00e9 um bem p\u00fablico e n\u00e3o aceitam a ideia de que somente \u00e9 poss\u00edvel permanecer a sua frente se Deus e o povo permitir.<\/em><\/p>\n<p><em>Pois bem, as elei\u00e7\u00f5es se aproximam e o referido pol\u00edtico da \u201celite\u201d j\u00e1 coloca suas garras de fora para atirar pra todos os lados, na tentativa de desqualificar o atual gestor, este que contra todas as expectativas de seu advers\u00e1rio, conseguiu implantar um sistema de gest\u00e3o muito mais eficiente e id\u00f4neo, voltado unicamente para as necessidades do povo, especialmente dos mais humildes, que nunca tiveram qualquer espa\u00e7o naquele governo elitista, no qual o povo sempre relatava e ainda lembra das humilha\u00e7\u00f5es que seu \u201cmaioral\u201d lhes impunha.<\/em><\/p>\n<p><em>Ap\u00f3s 200 licita\u00e7\u00f5es j\u00e1 realizadas desde 2017 at\u00e9 hoje, na atual gest\u00e3o de Camala\u00fa, o Tribunal de Contas aprovou todas elas, sem qualquer ressalva. No entanto, o referido pol\u00edtico da elite, sem ter o que apresentar de bom, decidiu utilizar o m\u00e9todo de campanha eleitoral baseada no denuncismo, mesmo sabendo que inexiste qualquer irregularidade administrativa.<\/em><\/p>\n<p><em>Mas se for pra apontar crimes na administra\u00e7\u00e3o p\u00fablica, \u00e9 poss\u00edvel elencar in\u00fameros atos administrativos criminosos na gest\u00e3o de Aristeu Chaves. Isso mesmo, Aristeu \u00e9 criminoso, n\u00e3o s\u00f3 pelo \u00faltimo crime de cal\u00fania cometido.<\/em><\/p>\n<p><em>Ele foi um criminoso contumaz ao longo de toda sua gest\u00e3o. In\u00fameras ilicitudes registradas em suas licita\u00e7\u00f5es, como aus\u00eancia de publicidade de seus editais, que acabavam por prejudicar a competitividades dos certames, permitindo que empres\u00e1rios amigos vencessem as mesmas licita\u00e7\u00f5es ao longo de todos os anos de sua gest\u00e3o. Diferente das acusa\u00e7\u00f5es caluniosas dele, n\u00e3o se sabe, nem se pode agir de forma irrespons\u00e1vel e oportunista,para acus\u00e1-lo de ter recebido propinas desses empres\u00e1rios.<\/em><\/p>\n<p><em>Ainda, diferente das cal\u00fanias praticadas por ele, a atual gest\u00e3o concluiu uma an\u00e1lise das licita\u00e7\u00f5es realizadas ao longo da gest\u00e3o de Aristeu Chaves e identificou graves ilicitudes, todas registradas nos referidos atos administrativos. N\u00e3o se trata de qualquer presun\u00e7\u00e3o oportunista, mas sim de fatos registrados nas referidas licita\u00e7\u00f5es.<\/em><\/p>\n<p><em>Certamente, muitas das ilicitudes talvez j\u00e1 estejam prescritas, mas n\u00e3o afasta os crimes cometidos por Aristeu Chaves, enquanto gestor.<\/em><\/p>\n<p><em>Diferente da imagem de santo imaculado pregado pelo mesmo em suas entrevistas p\u00fablicas, a realidade de sua personalidade criminosa somente pode ser conhecida quando se analisa o registro formal de seus atos.<\/em><\/p>\n<p><em>Quanto ao \u00faltimo crime cometido, o mesmo ir\u00e1 responder judicialmente, ainda que se saiba que a menor preocupa\u00e7\u00e3o a um criminoso s\u00e3o os poss\u00edveis processos judiciais, pois segue acreditando na impunidade.<\/em><\/p>\n<p><em>Quanto \u00e0 acusa\u00e7\u00e3o espec\u00edfica, objeto da cal\u00fania praticada por Aristeu Chaves, de que haveria um contrato fantasma na loca\u00e7\u00e3o do caminh\u00e3o de lixo e que o motorista teria sido pago pela prefeitura, a administra\u00e7\u00e3o esclarece e exp\u00f5e apenas o que est\u00e1 registrado no SAGRES\/TCE.<\/em><\/p>\n<p><em>Todos podem consultar e atestar que o referido contrato foi objeto de uma licita\u00e7\u00e3o, na modalidade preg\u00e3o presencial, com seu edital devidamente publicado no di\u00e1rio oficial do Estado da Para\u00edba, e nos jornais de circula\u00e7\u00e3o, abrindo a oportunidade para qualquer interessado participar do certame.<\/em><\/p>\n<p><em>O vencedor da referida licita\u00e7\u00e3o assinou o contrato e tem prestado seus servi\u00e7os de forma regular, em estrita observ\u00e2ncia aos termos do contrato. O motorista do caminh\u00e3o \u00e9 e sempre foi pago pelo propriet\u00e1rio do caminh\u00e3o. Al\u00e9m disso, o valor do contrato est\u00e1 dentro do pre\u00e7o de mercado, atendendo \u00e0s exig\u00eancias legais.<\/em><\/p>\n<p><em>Se h\u00e1 algum crime nesta licita\u00e7\u00e3o, o criminoso Aristeu Chaves dever\u00e1 tentar provar em sua defesa.<\/em><\/p>\n<p><em>Ciente do meu compromisso com o povo de Camala\u00fa, deixarei que essas picuinhas infantis sejam resolvidas pela Justi\u00e7a. Continuarei focado e trabalhando firme, sem medo de ajudar os que mais precisam de aux\u00edlio nestes tempos dif\u00edceis.<\/em><\/p>\n<p><em>A \u00fanica preocupa\u00e7\u00e3o, neste momento, \u00e9 amparar ao m\u00e1ximo a nossa popula\u00e7\u00e3o, que tem reconhecido nosso esfor\u00e7o incans\u00e1vel para manter ativas as pol\u00edticas p\u00fablicas no Munic\u00edpio.<\/em><\/p>\n<p><em>Camala\u00fa (PB), 27 de abril de 2020.<\/em><br \/>\n<em>ALECSANDRO BEZERRA DOS SANTOS<\/em><br \/>\n<em>Prefeito Constitucional<\/em><\/p>\n<p>&nbsp;<\/p>\n","protected":false},"excerpt":{"rendered":"<p>O prefeito de Camala\u00fa, Sandro M\u00f4co, encaminhou a reda\u00e7\u00e3o do Not\u00edcias em Destaque, nota em resposta a uma reportagem publicada ontem na qual o ex-prefeito de Camala\u00fa acusa atual gest\u00e3o de corrup\u00e7\u00e3o e de realizar contratos fraudulentos.\u00a0 Confira a nota: \u201cTriste \u00e9 o fim de um pol\u00edtico que se acostuma em tratar a coisa p\u00fablica como pr\u00f3pria. As elei\u00e7\u00f5es se aproximam, sem que a Justi\u00e7a Eleitoral se manifeste sobre a manuten\u00e7\u00e3o ou n\u00e3o da data do pleito para 2020, em decorr\u00eancia das modifica\u00e7\u00f5es ocorridas por esta infeliz pandemia. Nesse per\u00edodo de exce\u00e7\u00e3o, diante das incertezas de todas as ordens, alguns integrantes da velha pol\u00edtica, como Aristeu Chaves, ex-prefeito de Camala\u00fa, ao inv\u00e9s de contribuir com as diversas medidas poss\u00edveis para auxiliar a popula\u00e7\u00e3o a enfrentar esse triste momento em que estamos vivendo, tem agido, de forma covarde e ego\u00edsta, para criar factoides politiqueiros, com a \u00fanica finalidade de atender seus interesses pessoais. Sua preocupa\u00e7\u00e3o com o povo de Camala\u00fa, como sempre, \u00e9 nenhuma. A \u00fanica coisa que passa por sua mente, diuturnamente, \u00e9 a saudade dos tempos que ele vivia como um rei, na condi\u00e7\u00e3o de prefeito desta humilde cidade. Muitas pessoas boas e bem intencionadas passaram pela gest\u00e3o do Munic\u00edpio de Camala\u00fa, a exemplo de Z\u00e9 Tourinho, Ivo Neco, Ventura Chaves, Cl\u00e1udio Chaves, Ant\u00f4nio Mariano e outros.Pessoas que sempre respeitaram seus advers\u00e1rios e pensavam muito mais na cidade que no seu pr\u00f3prio bolso. Mas, infelizmente, h\u00e1 aqueles que mesmo ap\u00f3s uma derrota eleitoral, ainda n\u00e3o descobriram que a prefeitura \u00e9 um bem p\u00fablico e n\u00e3o aceitam a ideia de que somente \u00e9 poss\u00edvel permanecer a sua frente se Deus e o povo permitir. Pois bem, as elei\u00e7\u00f5es se aproximam e o referido pol\u00edtico da \u201celite\u201d j\u00e1 coloca suas garras de fora para atirar pra todos os lados, na tentativa de desqualificar o atual gestor, este que contra todas as expectativas de seu advers\u00e1rio, conseguiu implantar um sistema de gest\u00e3o muito mais eficiente e id\u00f4neo, voltado unicamente para as necessidades do povo, especialmente dos mais humildes, que nunca tiveram qualquer espa\u00e7o naquele governo elitista, no qual o povo sempre relatava e ainda lembra das humilha\u00e7\u00f5es que seu \u201cmaioral\u201d lhes impunha. Ap\u00f3s 200 licita\u00e7\u00f5es j\u00e1 realizadas desde 2017 at\u00e9 hoje, na atual gest\u00e3o de Camala\u00fa, o Tribunal de Contas aprovou todas elas, sem qualquer ressalva. No entanto, o referido pol\u00edtico da elite, sem ter o que apresentar de bom, decidiu utilizar o m\u00e9todo de campanha eleitoral baseada no denuncismo, mesmo sabendo que inexiste qualquer irregularidade administrativa. Mas se for pra apontar crimes na administra\u00e7\u00e3o p\u00fablica, \u00e9 poss\u00edvel elencar in\u00fameros atos administrativos criminosos na gest\u00e3o de Aristeu Chaves. Isso mesmo, Aristeu \u00e9 criminoso, n\u00e3o s\u00f3 pelo \u00faltimo crime de cal\u00fania cometido. Ele foi um criminoso contumaz ao longo de toda sua gest\u00e3o. In\u00fameras ilicitudes registradas em suas licita\u00e7\u00f5es, como aus\u00eancia de publicidade de seus editais, que acabavam por prejudicar a competitividades dos certames, permitindo que empres\u00e1rios amigos vencessem as mesmas licita\u00e7\u00f5es ao longo de todos os anos de sua gest\u00e3o. Diferente das acusa\u00e7\u00f5es caluniosas dele, n\u00e3o se sabe, nem se pode agir de forma irrespons\u00e1vel e oportunista,para acus\u00e1-lo de ter recebido propinas desses empres\u00e1rios. Ainda, diferente das cal\u00fanias praticadas por ele, a atual gest\u00e3o concluiu uma an\u00e1lise das licita\u00e7\u00f5es realizadas ao longo da gest\u00e3o de Aristeu Chaves e identificou graves ilicitudes, todas registradas nos referidos atos administrativos. N\u00e3o se trata de qualquer presun\u00e7\u00e3o oportunista, mas sim de fatos registrados nas referidas licita\u00e7\u00f5es. Certamente, muitas das ilicitudes talvez j\u00e1 estejam prescritas, mas n\u00e3o afasta os crimes cometidos por Aristeu Chaves, enquanto gestor. Diferente da imagem de santo imaculado pregado pelo mesmo em suas entrevistas p\u00fablicas, a realidade de sua personalidade criminosa somente pode ser conhecida quando se analisa o registro formal de seus atos. Quanto ao \u00faltimo crime cometido, o mesmo ir\u00e1 responder judicialmente, ainda que se saiba que a menor preocupa\u00e7\u00e3o a um criminoso s\u00e3o os poss\u00edveis processos judiciais, pois segue acreditando na impunidade. Quanto \u00e0 acusa\u00e7\u00e3o espec\u00edfica, objeto da cal\u00fania praticada por Aristeu Chaves, de que haveria um contrato fantasma na loca\u00e7\u00e3o do caminh\u00e3o de lixo e que o motorista teria sido pago pela prefeitura, a administra\u00e7\u00e3o esclarece e exp\u00f5e apenas o que est\u00e1 registrado no SAGRES\/TCE. Todos podem consultar e atestar que o referido contrato foi objeto de uma licita\u00e7\u00e3o, na modalidade preg\u00e3o presencial, com seu edital devidamente publicado no di\u00e1rio oficial do Estado da Para\u00edba, e nos jornais de circula\u00e7\u00e3o, abrindo a oportunidade para qualquer interessado participar do certame. O vencedor da referida licita\u00e7\u00e3o assinou o contrato e tem prestado seus servi\u00e7os de forma regular, em estrita observ\u00e2ncia aos termos do contrato. O motorista do caminh\u00e3o \u00e9 e sempre foi pago pelo propriet\u00e1rio do caminh\u00e3o. Al\u00e9m disso, o valor do contrato est\u00e1 dentro do pre\u00e7o de mercado, atendendo \u00e0s exig\u00eancias legais. Se h\u00e1 algum crime nesta licita\u00e7\u00e3o, o criminoso Aristeu Chaves dever\u00e1 tentar provar em sua defesa. Ciente do meu compromisso com o povo de Camala\u00fa, deixarei que essas picuinhas infantis sejam resolvidas pela Justi\u00e7a. Continuarei focado e trabalhando firme, sem medo de ajudar os que mais precisam de aux\u00edlio nestes tempos dif\u00edceis. A \u00fanica preocupa\u00e7\u00e3o, neste momento, \u00e9 amparar ao m\u00e1ximo a nossa popula\u00e7\u00e3o, que tem reconhecido nosso esfor\u00e7o incans\u00e1vel para manter ativas as pol\u00edticas p\u00fablicas no Munic\u00edpio. Camala\u00fa (PB), 27 de abril de 2020. ALECSANDRO BEZERRA DOS SANTOS Prefeito Constitucional &nbsp;<\/p>\n","protected":false},"author":2,"featured_media":24534,"comment_status":"closed","ping_status":"open","sticky":false,"template":"","format":"standard","meta":{"_eb_attr":"","_jetpack_memberships_contains_paid_content":false,"footnotes":""},"categories":[4],"tags":[],"class_list":["post-24533","post","type-post","status-publish","format-standard","has-post-thumbnail","hentry","category-politica"],"yoast_head":"<!-- This site is optimized with the Yoast SEO plugin v26.5 - https:\/\/yoast.com\/wordpress\/plugins\/seo\/ -->\n<title>CAMALA\u00da: Prefeito Sandro M\u00f4co emite nota ap\u00f3s declara\u00e7\u00f5es de Aristeu Chaves - Not&iacute;cias em Destaque<\/title>\n<meta name=\"robots\" content=\"index, follow, max-snippet:-1, max-image-preview:large, max-video-preview:-1\" \/>\n<link rel=\"canonical\" href=\"https:\/\/noticiasemdestaque.com\/cd\/?p=24533\" \/>\n<meta property=\"og:locale\" content=\"pt_BR\" \/>\n<meta property=\"og:type\" content=\"article\" \/>\n<meta property=\"og:title\" content=\"CAMALA\u00da: Prefeito Sandro M\u00f4co emite nota ap\u00f3s declara\u00e7\u00f5es de Aristeu Chaves - Not&iacute;cias em Destaque\" \/>\n<meta property=\"og:description\" content=\"O prefeito de Camala\u00fa, Sandro M\u00f4co, encaminhou a reda\u00e7\u00e3o do Not\u00edcias em Destaque, nota em resposta a uma reportagem publicada ontem na qual o ex-prefeito de Camala\u00fa acusa atual gest\u00e3o de corrup\u00e7\u00e3o e de realizar contratos fraudulentos.\u00a0 Confira a nota: \u201cTriste \u00e9 o fim de um pol\u00edtico que se acostuma em tratar a coisa p\u00fablica como pr\u00f3pria. As elei\u00e7\u00f5es se aproximam, sem que a Justi\u00e7a Eleitoral se manifeste sobre a manuten\u00e7\u00e3o ou n\u00e3o da data do pleito para 2020, em decorr\u00eancia das modifica\u00e7\u00f5es ocorridas por esta infeliz pandemia. Nesse per\u00edodo de exce\u00e7\u00e3o, diante das incertezas de todas as ordens, alguns integrantes da velha pol\u00edtica, como Aristeu Chaves, ex-prefeito de Camala\u00fa, ao inv\u00e9s de contribuir com as diversas medidas poss\u00edveis para auxiliar a popula\u00e7\u00e3o a enfrentar esse triste momento em que estamos vivendo, tem agido, de forma covarde e ego\u00edsta, para criar factoides politiqueiros, com a \u00fanica finalidade de atender seus interesses pessoais. Sua preocupa\u00e7\u00e3o com o povo de Camala\u00fa, como sempre, \u00e9 nenhuma. A \u00fanica coisa que passa por sua mente, diuturnamente, \u00e9 a saudade dos tempos que ele vivia como um rei, na condi\u00e7\u00e3o de prefeito desta humilde cidade. Muitas pessoas boas e bem intencionadas passaram pela gest\u00e3o do Munic\u00edpio de Camala\u00fa, a exemplo de Z\u00e9 Tourinho, Ivo Neco, Ventura Chaves, Cl\u00e1udio Chaves, Ant\u00f4nio Mariano e outros.Pessoas que sempre respeitaram seus advers\u00e1rios e pensavam muito mais na cidade que no seu pr\u00f3prio bolso. Mas, infelizmente, h\u00e1 aqueles que mesmo ap\u00f3s uma derrota eleitoral, ainda n\u00e3o descobriram que a prefeitura \u00e9 um bem p\u00fablico e n\u00e3o aceitam a ideia de que somente \u00e9 poss\u00edvel permanecer a sua frente se Deus e o povo permitir. Pois bem, as elei\u00e7\u00f5es se aproximam e o referido pol\u00edtico da \u201celite\u201d j\u00e1 coloca suas garras de fora para atirar pra todos os lados, na tentativa de desqualificar o atual gestor, este que contra todas as expectativas de seu advers\u00e1rio, conseguiu implantar um sistema de gest\u00e3o muito mais eficiente e id\u00f4neo, voltado unicamente para as necessidades do povo, especialmente dos mais humildes, que nunca tiveram qualquer espa\u00e7o naquele governo elitista, no qual o povo sempre relatava e ainda lembra das humilha\u00e7\u00f5es que seu \u201cmaioral\u201d lhes impunha. Ap\u00f3s 200 licita\u00e7\u00f5es j\u00e1 realizadas desde 2017 at\u00e9 hoje, na atual gest\u00e3o de Camala\u00fa, o Tribunal de Contas aprovou todas elas, sem qualquer ressalva. No entanto, o referido pol\u00edtico da elite, sem ter o que apresentar de bom, decidiu utilizar o m\u00e9todo de campanha eleitoral baseada no denuncismo, mesmo sabendo que inexiste qualquer irregularidade administrativa. Mas se for pra apontar crimes na administra\u00e7\u00e3o p\u00fablica, \u00e9 poss\u00edvel elencar in\u00fameros atos administrativos criminosos na gest\u00e3o de Aristeu Chaves. Isso mesmo, Aristeu \u00e9 criminoso, n\u00e3o s\u00f3 pelo \u00faltimo crime de cal\u00fania cometido. Ele foi um criminoso contumaz ao longo de toda sua gest\u00e3o. In\u00fameras ilicitudes registradas em suas licita\u00e7\u00f5es, como aus\u00eancia de publicidade de seus editais, que acabavam por prejudicar a competitividades dos certames, permitindo que empres\u00e1rios amigos vencessem as mesmas licita\u00e7\u00f5es ao longo de todos os anos de sua gest\u00e3o. Diferente das acusa\u00e7\u00f5es caluniosas dele, n\u00e3o se sabe, nem se pode agir de forma irrespons\u00e1vel e oportunista,para acus\u00e1-lo de ter recebido propinas desses empres\u00e1rios. Ainda, diferente das cal\u00fanias praticadas por ele, a atual gest\u00e3o concluiu uma an\u00e1lise das licita\u00e7\u00f5es realizadas ao longo da gest\u00e3o de Aristeu Chaves e identificou graves ilicitudes, todas registradas nos referidos atos administrativos. N\u00e3o se trata de qualquer presun\u00e7\u00e3o oportunista, mas sim de fatos registrados nas referidas licita\u00e7\u00f5es. Certamente, muitas das ilicitudes talvez j\u00e1 estejam prescritas, mas n\u00e3o afasta os crimes cometidos por Aristeu Chaves, enquanto gestor. Diferente da imagem de santo imaculado pregado pelo mesmo em suas entrevistas p\u00fablicas, a realidade de sua personalidade criminosa somente pode ser conhecida quando se analisa o registro formal de seus atos. Quanto ao \u00faltimo crime cometido, o mesmo ir\u00e1 responder judicialmente, ainda que se saiba que a menor preocupa\u00e7\u00e3o a um criminoso s\u00e3o os poss\u00edveis processos judiciais, pois segue acreditando na impunidade. Quanto \u00e0 acusa\u00e7\u00e3o espec\u00edfica, objeto da cal\u00fania praticada por Aristeu Chaves, de que haveria um contrato fantasma na loca\u00e7\u00e3o do caminh\u00e3o de lixo e que o motorista teria sido pago pela prefeitura, a administra\u00e7\u00e3o esclarece e exp\u00f5e apenas o que est\u00e1 registrado no SAGRES\/TCE. Todos podem consultar e atestar que o referido contrato foi objeto de uma licita\u00e7\u00e3o, na modalidade preg\u00e3o presencial, com seu edital devidamente publicado no di\u00e1rio oficial do Estado da Para\u00edba, e nos jornais de circula\u00e7\u00e3o, abrindo a oportunidade para qualquer interessado participar do certame. O vencedor da referida licita\u00e7\u00e3o assinou o contrato e tem prestado seus servi\u00e7os de forma regular, em estrita observ\u00e2ncia aos termos do contrato. O motorista do caminh\u00e3o \u00e9 e sempre foi pago pelo propriet\u00e1rio do caminh\u00e3o. Al\u00e9m disso, o valor do contrato est\u00e1 dentro do pre\u00e7o de mercado, atendendo \u00e0s exig\u00eancias legais. Se h\u00e1 algum crime nesta licita\u00e7\u00e3o, o criminoso Aristeu Chaves dever\u00e1 tentar provar em sua defesa. Ciente do meu compromisso com o povo de Camala\u00fa, deixarei que essas picuinhas infantis sejam resolvidas pela Justi\u00e7a. Continuarei focado e trabalhando firme, sem medo de ajudar os que mais precisam de aux\u00edlio nestes tempos dif\u00edceis. A \u00fanica preocupa\u00e7\u00e3o, neste momento, \u00e9 amparar ao m\u00e1ximo a nossa popula\u00e7\u00e3o, que tem reconhecido nosso esfor\u00e7o incans\u00e1vel para manter ativas as pol\u00edticas p\u00fablicas no Munic\u00edpio. Camala\u00fa (PB), 27 de abril de 2020. ALECSANDRO BEZERRA DOS SANTOS Prefeito Constitucional &nbsp;\" \/>\n<meta property=\"og:url\" content=\"https:\/\/noticiasemdestaque.com\/cd\/?p=24533\" \/>\n<meta property=\"og:site_name\" content=\"Not&iacute;cias em Destaque\" \/>\n<meta property=\"article:published_time\" content=\"2020-04-28T00:48:06+00:00\" \/>\n<meta property=\"article:modified_time\" content=\"2020-04-28T00:53:05+00:00\" \/>\n<meta property=\"og:image\" content=\"https:\/\/noticiasemdestaque.com\/cd\/wp-content\/uploads\/2020\/04\/5cacdde79763a_sandro_moco.jpg\" \/>\n\t<meta property=\"og:image:width\" content=\"800\" \/>\n\t<meta property=\"og:image:height\" content=\"614\" \/>\n\t<meta property=\"og:image:type\" content=\"image\/jpeg\" \/>\n<meta name=\"author\" content=\"Not\u00edcias em Destaque\" \/>\n<meta name=\"twitter:card\" content=\"summary_large_image\" \/>\n<meta name=\"twitter:label1\" content=\"Escrito por\" \/>\n\t<meta name=\"twitter:data1\" content=\"Not\u00edcias em Destaque\" \/>\n\t<meta name=\"twitter:label2\" content=\"Est. tempo de leitura\" \/>\n\t<meta name=\"twitter:data2\" content=\"5 minutos\" \/>\n<script type=\"application\/ld+json\" class=\"yoast-schema-graph\">{\"@context\":\"https:\/\/schema.org\",\"@graph\":[{\"@type\":\"Article\",\"@id\":\"https:\/\/noticiasemdestaque.com\/cd\/?p=24533#article\",\"isPartOf\":{\"@id\":\"https:\/\/noticiasemdestaque.com\/cd\/?p=24533\"},\"author\":{\"name\":\"Not\u00edcias em Destaque\",\"@id\":\"https:\/\/noticiasemdestaque.com\/cd\/#\/schema\/person\/21320b03a7e8bb90128938dafc9b908a\"},\"headline\":\"CAMALA\u00da: Prefeito Sandro M\u00f4co emite nota ap\u00f3s declara\u00e7\u00f5es de Aristeu Chaves\",\"datePublished\":\"2020-04-28T00:48:06+00:00\",\"dateModified\":\"2020-04-28T00:53:05+00:00\",\"mainEntityOfPage\":{\"@id\":\"https:\/\/noticiasemdestaque.com\/cd\/?p=24533\"},\"wordCount\":997,\"publisher\":{\"@id\":\"https:\/\/noticiasemdestaque.com\/cd\/#organization\"},\"image\":{\"@id\":\"https:\/\/noticiasemdestaque.com\/cd\/?p=24533#primaryimage\"},\"thumbnailUrl\":\"https:\/\/noticiasemdestaque.com\/cd\/wp-content\/uploads\/2020\/04\/5cacdde79763a_sandro_moco.jpg\",\"articleSection\":[\"Pol\u00edtica\"],\"inLanguage\":\"pt-BR\"},{\"@type\":\"WebPage\",\"@id\":\"https:\/\/noticiasemdestaque.com\/cd\/?p=24533\",\"url\":\"https:\/\/noticiasemdestaque.com\/cd\/?p=24533\",\"name\":\"CAMALA\u00da: Prefeito Sandro M\u00f4co emite nota ap\u00f3s declara\u00e7\u00f5es de Aristeu Chaves - Not&iacute;cias em Destaque\",\"isPartOf\":{\"@id\":\"https:\/\/noticiasemdestaque.com\/cd\/#website\"},\"primaryImageOfPage\":{\"@id\":\"https:\/\/noticiasemdestaque.com\/cd\/?p=24533#primaryimage\"},\"image\":{\"@id\":\"https:\/\/noticiasemdestaque.com\/cd\/?p=24533#primaryimage\"},\"thumbnailUrl\":\"https:\/\/noticiasemdestaque.com\/cd\/wp-content\/uploads\/2020\/04\/5cacdde79763a_sandro_moco.jpg\",\"datePublished\":\"2020-04-28T00:48:06+00:00\",\"dateModified\":\"2020-04-28T00:53:05+00:00\",\"breadcrumb\":{\"@id\":\"https:\/\/noticiasemdestaque.com\/cd\/?p=24533#breadcrumb\"},\"inLanguage\":\"pt-BR\",\"potentialAction\":[{\"@type\":\"ReadAction\",\"target\":[\"https:\/\/noticiasemdestaque.com\/cd\/?p=24533\"]}]},{\"@type\":\"ImageObject\",\"inLanguage\":\"pt-BR\",\"@id\":\"https:\/\/noticiasemdestaque.com\/cd\/?p=24533#primaryimage\",\"url\":\"https:\/\/noticiasemdestaque.com\/cd\/wp-content\/uploads\/2020\/04\/5cacdde79763a_sandro_moco.jpg\",\"contentUrl\":\"https:\/\/noticiasemdestaque.com\/cd\/wp-content\/uploads\/2020\/04\/5cacdde79763a_sandro_moco.jpg\",\"width\":800,\"height\":614},{\"@type\":\"BreadcrumbList\",\"@id\":\"https:\/\/noticiasemdestaque.com\/cd\/?p=24533#breadcrumb\",\"itemListElement\":[{\"@type\":\"ListItem\",\"position\":1,\"name\":\"In\u00edcio\",\"item\":\"https:\/\/noticiasemdestaque.com\/cd\/\"},{\"@type\":\"ListItem\",\"position\":2,\"name\":\"CAMALA\u00da: Prefeito Sandro M\u00f4co emite nota ap\u00f3s declara\u00e7\u00f5es de Aristeu Chaves\"}]},{\"@type\":\"WebSite\",\"@id\":\"https:\/\/noticiasemdestaque.com\/cd\/#website\",\"url\":\"https:\/\/noticiasemdestaque.com\/cd\/\",\"name\":\"Not&iacute;cias em Destaque\",\"description\":\"\",\"publisher\":{\"@id\":\"https:\/\/noticiasemdestaque.com\/cd\/#organization\"},\"potentialAction\":[{\"@type\":\"SearchAction\",\"target\":{\"@type\":\"EntryPoint\",\"urlTemplate\":\"https:\/\/noticiasemdestaque.com\/cd\/?s={search_term_string}\"},\"query-input\":{\"@type\":\"PropertyValueSpecification\",\"valueRequired\":true,\"valueName\":\"search_term_string\"}}],\"inLanguage\":\"pt-BR\"},{\"@type\":\"Organization\",\"@id\":\"https:\/\/noticiasemdestaque.com\/cd\/#organization\",\"name\":\"Not\u00edcias em Destaque\",\"url\":\"https:\/\/noticiasemdestaque.com\/cd\/\",\"logo\":{\"@type\":\"ImageObject\",\"inLanguage\":\"pt-BR\",\"@id\":\"https:\/\/noticiasemdestaque.com\/cd\/#\/schema\/logo\/image\/\",\"url\":\"https:\/\/noticiasemdestaque.com\/cd\/wp-content\/uploads\/2022\/05\/imagem-base-noticiasemdestaque.png\",\"contentUrl\":\"https:\/\/noticiasemdestaque.com\/cd\/wp-content\/uploads\/2022\/05\/imagem-base-noticiasemdestaque.png\",\"width\":1200,\"height\":630,\"caption\":\"Not\u00edcias em Destaque\"},\"image\":{\"@id\":\"https:\/\/noticiasemdestaque.com\/cd\/#\/schema\/logo\/image\/\"}},{\"@type\":\"Person\",\"@id\":\"https:\/\/noticiasemdestaque.com\/cd\/#\/schema\/person\/21320b03a7e8bb90128938dafc9b908a\",\"name\":\"Not\u00edcias em Destaque\",\"url\":\"https:\/\/noticiasemdestaque.com\/cd\/?author=2\"}]}<\/script>\n<!-- \/ Yoast SEO plugin. -->","yoast_head_json":{"title":"CAMALA\u00da: Prefeito Sandro M\u00f4co emite nota ap\u00f3s declara\u00e7\u00f5es de Aristeu Chaves - Not&iacute;cias em Destaque","robots":{"index":"index","follow":"follow","max-snippet":"max-snippet:-1","max-image-preview":"max-image-preview:large","max-video-preview":"max-video-preview:-1"},"canonical":"https:\/\/noticiasemdestaque.com\/cd\/?p=24533","og_locale":"pt_BR","og_type":"article","og_title":"CAMALA\u00da: Prefeito Sandro M\u00f4co emite nota ap\u00f3s declara\u00e7\u00f5es de Aristeu Chaves - Not&iacute;cias em Destaque","og_description":"O prefeito de Camala\u00fa, Sandro M\u00f4co, encaminhou a reda\u00e7\u00e3o do Not\u00edcias em Destaque, nota em resposta a uma reportagem publicada ontem na qual o ex-prefeito de Camala\u00fa acusa atual gest\u00e3o de corrup\u00e7\u00e3o e de realizar contratos fraudulentos.\u00a0 Confira a nota: \u201cTriste \u00e9 o fim de um pol\u00edtico que se acostuma em tratar a coisa p\u00fablica como pr\u00f3pria. As elei\u00e7\u00f5es se aproximam, sem que a Justi\u00e7a Eleitoral se manifeste sobre a manuten\u00e7\u00e3o ou n\u00e3o da data do pleito para 2020, em decorr\u00eancia das modifica\u00e7\u00f5es ocorridas por esta infeliz pandemia. Nesse per\u00edodo de exce\u00e7\u00e3o, diante das incertezas de todas as ordens, alguns integrantes da velha pol\u00edtica, como Aristeu Chaves, ex-prefeito de Camala\u00fa, ao inv\u00e9s de contribuir com as diversas medidas poss\u00edveis para auxiliar a popula\u00e7\u00e3o a enfrentar esse triste momento em que estamos vivendo, tem agido, de forma covarde e ego\u00edsta, para criar factoides politiqueiros, com a \u00fanica finalidade de atender seus interesses pessoais. Sua preocupa\u00e7\u00e3o com o povo de Camala\u00fa, como sempre, \u00e9 nenhuma. A \u00fanica coisa que passa por sua mente, diuturnamente, \u00e9 a saudade dos tempos que ele vivia como um rei, na condi\u00e7\u00e3o de prefeito desta humilde cidade. Muitas pessoas boas e bem intencionadas passaram pela gest\u00e3o do Munic\u00edpio de Camala\u00fa, a exemplo de Z\u00e9 Tourinho, Ivo Neco, Ventura Chaves, Cl\u00e1udio Chaves, Ant\u00f4nio Mariano e outros.Pessoas que sempre respeitaram seus advers\u00e1rios e pensavam muito mais na cidade que no seu pr\u00f3prio bolso. Mas, infelizmente, h\u00e1 aqueles que mesmo ap\u00f3s uma derrota eleitoral, ainda n\u00e3o descobriram que a prefeitura \u00e9 um bem p\u00fablico e n\u00e3o aceitam a ideia de que somente \u00e9 poss\u00edvel permanecer a sua frente se Deus e o povo permitir. Pois bem, as elei\u00e7\u00f5es se aproximam e o referido pol\u00edtico da \u201celite\u201d j\u00e1 coloca suas garras de fora para atirar pra todos os lados, na tentativa de desqualificar o atual gestor, este que contra todas as expectativas de seu advers\u00e1rio, conseguiu implantar um sistema de gest\u00e3o muito mais eficiente e id\u00f4neo, voltado unicamente para as necessidades do povo, especialmente dos mais humildes, que nunca tiveram qualquer espa\u00e7o naquele governo elitista, no qual o povo sempre relatava e ainda lembra das humilha\u00e7\u00f5es que seu \u201cmaioral\u201d lhes impunha. Ap\u00f3s 200 licita\u00e7\u00f5es j\u00e1 realizadas desde 2017 at\u00e9 hoje, na atual gest\u00e3o de Camala\u00fa, o Tribunal de Contas aprovou todas elas, sem qualquer ressalva. No entanto, o referido pol\u00edtico da elite, sem ter o que apresentar de bom, decidiu utilizar o m\u00e9todo de campanha eleitoral baseada no denuncismo, mesmo sabendo que inexiste qualquer irregularidade administrativa. Mas se for pra apontar crimes na administra\u00e7\u00e3o p\u00fablica, \u00e9 poss\u00edvel elencar in\u00fameros atos administrativos criminosos na gest\u00e3o de Aristeu Chaves. Isso mesmo, Aristeu \u00e9 criminoso, n\u00e3o s\u00f3 pelo \u00faltimo crime de cal\u00fania cometido. Ele foi um criminoso contumaz ao longo de toda sua gest\u00e3o. In\u00fameras ilicitudes registradas em suas licita\u00e7\u00f5es, como aus\u00eancia de publicidade de seus editais, que acabavam por prejudicar a competitividades dos certames, permitindo que empres\u00e1rios amigos vencessem as mesmas licita\u00e7\u00f5es ao longo de todos os anos de sua gest\u00e3o. Diferente das acusa\u00e7\u00f5es caluniosas dele, n\u00e3o se sabe, nem se pode agir de forma irrespons\u00e1vel e oportunista,para acus\u00e1-lo de ter recebido propinas desses empres\u00e1rios. Ainda, diferente das cal\u00fanias praticadas por ele, a atual gest\u00e3o concluiu uma an\u00e1lise das licita\u00e7\u00f5es realizadas ao longo da gest\u00e3o de Aristeu Chaves e identificou graves ilicitudes, todas registradas nos referidos atos administrativos. N\u00e3o se trata de qualquer presun\u00e7\u00e3o oportunista, mas sim de fatos registrados nas referidas licita\u00e7\u00f5es. Certamente, muitas das ilicitudes talvez j\u00e1 estejam prescritas, mas n\u00e3o afasta os crimes cometidos por Aristeu Chaves, enquanto gestor. Diferente da imagem de santo imaculado pregado pelo mesmo em suas entrevistas p\u00fablicas, a realidade de sua personalidade criminosa somente pode ser conhecida quando se analisa o registro formal de seus atos. Quanto ao \u00faltimo crime cometido, o mesmo ir\u00e1 responder judicialmente, ainda que se saiba que a menor preocupa\u00e7\u00e3o a um criminoso s\u00e3o os poss\u00edveis processos judiciais, pois segue acreditando na impunidade. Quanto \u00e0 acusa\u00e7\u00e3o espec\u00edfica, objeto da cal\u00fania praticada por Aristeu Chaves, de que haveria um contrato fantasma na loca\u00e7\u00e3o do caminh\u00e3o de lixo e que o motorista teria sido pago pela prefeitura, a administra\u00e7\u00e3o esclarece e exp\u00f5e apenas o que est\u00e1 registrado no SAGRES\/TCE. Todos podem consultar e atestar que o referido contrato foi objeto de uma licita\u00e7\u00e3o, na modalidade preg\u00e3o presencial, com seu edital devidamente publicado no di\u00e1rio oficial do Estado da Para\u00edba, e nos jornais de circula\u00e7\u00e3o, abrindo a oportunidade para qualquer interessado participar do certame. O vencedor da referida licita\u00e7\u00e3o assinou o contrato e tem prestado seus servi\u00e7os de forma regular, em estrita observ\u00e2ncia aos termos do contrato. O motorista do caminh\u00e3o \u00e9 e sempre foi pago pelo propriet\u00e1rio do caminh\u00e3o. Al\u00e9m disso, o valor do contrato est\u00e1 dentro do pre\u00e7o de mercado, atendendo \u00e0s exig\u00eancias legais. Se h\u00e1 algum crime nesta licita\u00e7\u00e3o, o criminoso Aristeu Chaves dever\u00e1 tentar provar em sua defesa. Ciente do meu compromisso com o povo de Camala\u00fa, deixarei que essas picuinhas infantis sejam resolvidas pela Justi\u00e7a. Continuarei focado e trabalhando firme, sem medo de ajudar os que mais precisam de aux\u00edlio nestes tempos dif\u00edceis. A \u00fanica preocupa\u00e7\u00e3o, neste momento, \u00e9 amparar ao m\u00e1ximo a nossa popula\u00e7\u00e3o, que tem reconhecido nosso esfor\u00e7o incans\u00e1vel para manter ativas as pol\u00edticas p\u00fablicas no Munic\u00edpio. Camala\u00fa (PB), 27 de abril de 2020. ALECSANDRO BEZERRA DOS SANTOS Prefeito Constitucional &nbsp;","og_url":"https:\/\/noticiasemdestaque.com\/cd\/?p=24533","og_site_name":"Not&iacute;cias em Destaque","article_published_time":"2020-04-28T00:48:06+00:00","article_modified_time":"2020-04-28T00:53:05+00:00","og_image":[{"width":800,"height":614,"url":"https:\/\/noticiasemdestaque.com\/cd\/wp-content\/uploads\/2020\/04\/5cacdde79763a_sandro_moco.jpg","type":"image\/jpeg"}],"author":"Not\u00edcias em Destaque","twitter_card":"summary_large_image","twitter_misc":{"Escrito por":"Not\u00edcias em Destaque","Est. tempo de leitura":"5 minutos"},"schema":{"@context":"https:\/\/schema.org","@graph":[{"@type":"Article","@id":"https:\/\/noticiasemdestaque.com\/cd\/?p=24533#article","isPartOf":{"@id":"https:\/\/noticiasemdestaque.com\/cd\/?p=24533"},"author":{"name":"Not\u00edcias em Destaque","@id":"https:\/\/noticiasemdestaque.com\/cd\/#\/schema\/person\/21320b03a7e8bb90128938dafc9b908a"},"headline":"CAMALA\u00da: Prefeito Sandro M\u00f4co emite nota ap\u00f3s declara\u00e7\u00f5es de Aristeu Chaves","datePublished":"2020-04-28T00:48:06+00:00","dateModified":"2020-04-28T00:53:05+00:00","mainEntityOfPage":{"@id":"https:\/\/noticiasemdestaque.com\/cd\/?p=24533"},"wordCount":997,"publisher":{"@id":"https:\/\/noticiasemdestaque.com\/cd\/#organization"},"image":{"@id":"https:\/\/noticiasemdestaque.com\/cd\/?p=24533#primaryimage"},"thumbnailUrl":"https:\/\/noticiasemdestaque.com\/cd\/wp-content\/uploads\/2020\/04\/5cacdde79763a_sandro_moco.jpg","articleSection":["Pol\u00edtica"],"inLanguage":"pt-BR"},{"@type":"WebPage","@id":"https:\/\/noticiasemdestaque.com\/cd\/?p=24533","url":"https:\/\/noticiasemdestaque.com\/cd\/?p=24533","name":"CAMALA\u00da: Prefeito Sandro M\u00f4co emite nota ap\u00f3s declara\u00e7\u00f5es de Aristeu Chaves - Not&iacute;cias em Destaque","isPartOf":{"@id":"https:\/\/noticiasemdestaque.com\/cd\/#website"},"primaryImageOfPage":{"@id":"https:\/\/noticiasemdestaque.com\/cd\/?p=24533#primaryimage"},"image":{"@id":"https:\/\/noticiasemdestaque.com\/cd\/?p=24533#primaryimage"},"thumbnailUrl":"https:\/\/noticiasemdestaque.com\/cd\/wp-content\/uploads\/2020\/04\/5cacdde79763a_sandro_moco.jpg","datePublished":"2020-04-28T00:48:06+00:00","dateModified":"2020-04-28T00:53:05+00:00","breadcrumb":{"@id":"https:\/\/noticiasemdestaque.com\/cd\/?p=24533#breadcrumb"},"inLanguage":"pt-BR","potentialAction":[{"@type":"ReadAction","target":["https:\/\/noticiasemdestaque.com\/cd\/?p=24533"]}]},{"@type":"ImageObject","inLanguage":"pt-BR","@id":"https:\/\/noticiasemdestaque.com\/cd\/?p=24533#primaryimage","url":"https:\/\/noticiasemdestaque.com\/cd\/wp-content\/uploads\/2020\/04\/5cacdde79763a_sandro_moco.jpg","contentUrl":"https:\/\/noticiasemdestaque.com\/cd\/wp-content\/uploads\/2020\/04\/5cacdde79763a_sandro_moco.jpg","width":800,"height":614},{"@type":"BreadcrumbList","@id":"https:\/\/noticiasemdestaque.com\/cd\/?p=24533#breadcrumb","itemListElement":[{"@type":"ListItem","position":1,"name":"In\u00edcio","item":"https:\/\/noticiasemdestaque.com\/cd\/"},{"@type":"ListItem","position":2,"name":"CAMALA\u00da: Prefeito Sandro M\u00f4co emite nota ap\u00f3s declara\u00e7\u00f5es de Aristeu Chaves"}]},{"@type":"WebSite","@id":"https:\/\/noticiasemdestaque.com\/cd\/#website","url":"https:\/\/noticiasemdestaque.com\/cd\/","name":"Not&iacute;cias em Destaque","description":"","publisher":{"@id":"https:\/\/noticiasemdestaque.com\/cd\/#organization"},"potentialAction":[{"@type":"SearchAction","target":{"@type":"EntryPoint","urlTemplate":"https:\/\/noticiasemdestaque.com\/cd\/?s={search_term_string}"},"query-input":{"@type":"PropertyValueSpecification","valueRequired":true,"valueName":"search_term_string"}}],"inLanguage":"pt-BR"},{"@type":"Organization","@id":"https:\/\/noticiasemdestaque.com\/cd\/#organization","name":"Not\u00edcias em Destaque","url":"https:\/\/noticiasemdestaque.com\/cd\/","logo":{"@type":"ImageObject","inLanguage":"pt-BR","@id":"https:\/\/noticiasemdestaque.com\/cd\/#\/schema\/logo\/image\/","url":"https:\/\/noticiasemdestaque.com\/cd\/wp-content\/uploads\/2022\/05\/imagem-base-noticiasemdestaque.png","contentUrl":"https:\/\/noticiasemdestaque.com\/cd\/wp-content\/uploads\/2022\/05\/imagem-base-noticiasemdestaque.png","width":1200,"height":630,"caption":"Not\u00edcias em Destaque"},"image":{"@id":"https:\/\/noticiasemdestaque.com\/cd\/#\/schema\/logo\/image\/"}},{"@type":"Person","@id":"https:\/\/noticiasemdestaque.com\/cd\/#\/schema\/person\/21320b03a7e8bb90128938dafc9b908a","name":"Not\u00edcias em Destaque","url":"https:\/\/noticiasemdestaque.com\/cd\/?author=2"}]}},"jetpack_featured_media_url":"https:\/\/noticiasemdestaque.com\/cd\/wp-content\/uploads\/2020\/04\/5cacdde79763a_sandro_moco.jpg","jetpack_sharing_enabled":true,"_links":{"self":[{"href":"https:\/\/noticiasemdestaque.com\/cd\/index.php?rest_route=\/wp\/v2\/posts\/24533","targetHints":{"allow":["GET"]}}],"collection":[{"href":"https:\/\/noticiasemdestaque.com\/cd\/index.php?rest_route=\/wp\/v2\/posts"}],"about":[{"href":"https:\/\/noticiasemdestaque.com\/cd\/index.php?rest_route=\/wp\/v2\/types\/post"}],"author":[{"embeddable":true,"href":"https:\/\/noticiasemdestaque.com\/cd\/index.php?rest_route=\/wp\/v2\/users\/2"}],"replies":[{"embeddable":true,"href":"https:\/\/noticiasemdestaque.com\/cd\/index.php?rest_route=%2Fwp%2Fv2%2Fcomments&post=24533"}],"version-history":[{"count":4,"href":"https:\/\/noticiasemdestaque.com\/cd\/index.php?rest_route=\/wp\/v2\/posts\/24533\/revisions"}],"predecessor-version":[{"id":24538,"href":"https:\/\/noticiasemdestaque.com\/cd\/index.php?rest_route=\/wp\/v2\/posts\/24533\/revisions\/24538"}],"wp:featuredmedia":[{"embeddable":true,"href":"https:\/\/noticiasemdestaque.com\/cd\/index.php?rest_route=\/wp\/v2\/media\/24534"}],"wp:attachment":[{"href":"https:\/\/noticiasemdestaque.com\/cd\/index.php?rest_route=%2Fwp%2Fv2%2Fmedia&parent=24533"}],"wp:term":[{"taxonomy":"category","embeddable":true,"href":"https:\/\/noticiasemdestaque.com\/cd\/index.php?rest_route=%2Fwp%2Fv2%2Fcategories&post=24533"},{"taxonomy":"post_tag","embeddable":true,"href":"https:\/\/noticiasemdestaque.com\/cd\/index.php?rest_route=%2Fwp%2Fv2%2Ftags&post=24533"}],"curies":[{"name":"wp","href":"https:\/\/api.w.org\/{rel}","templated":true}]}}