{"id":24527,"date":"2020-04-27T18:04:30","date_gmt":"2020-04-27T21:04:30","guid":{"rendered":"http:\/\/noticiasemdestaque.com\/cd\/?p=24527"},"modified":"2020-04-27T18:04:30","modified_gmt":"2020-04-27T21:04:30","slug":"governo-da-paraiba-comeca-a-fazer-testes-rapidos-para-coronavirus-em-idosos","status":"publish","type":"post","link":"https:\/\/noticiasemdestaque.com\/cd\/?p=24527","title":{"rendered":"Governo da Para\u00edba come\u00e7a a fazer testes r\u00e1pidos para Coronav\u00edrus em idosos"},"content":{"rendered":"<p><a href=\"https:\/\/noticiasemdestaque.com\/cd\/wp-content\/uploads\/2020\/04\/7e031bd9-5ab9-4e6f-b44d-4faf756d9c6a.jpeg\"><img fetchpriority=\"high\" decoding=\"async\" class=\"wp-image-24528 aligncenter\" src=\"https:\/\/noticiasemdestaque.com\/cd\/wp-content\/uploads\/2020\/04\/7e031bd9-5ab9-4e6f-b44d-4faf756d9c6a.jpeg\" alt=\"\" width=\"606\" height=\"341\" srcset=\"https:\/\/noticiasemdestaque.com\/cd\/wp-content\/uploads\/2020\/04\/7e031bd9-5ab9-4e6f-b44d-4faf756d9c6a.jpeg 768w, https:\/\/noticiasemdestaque.com\/cd\/wp-content\/uploads\/2020\/04\/7e031bd9-5ab9-4e6f-b44d-4faf756d9c6a-300x169.jpeg 300w\" sizes=\"(max-width: 606px) 100vw, 606px\" \/><\/a><\/p>\n<p>Governo do Estado, por meio da\u00a0Secretaria de Estado da Sa\u00fade (SES), iniciou,\u00a0nesta segunda-feira (27),\u00a0o teste r\u00e1pido em idosos e funcion\u00e1rios de institui\u00e7\u00f5es de longa perman\u00eancia. A testagem come\u00e7ou por Jo\u00e3o Pessoa e Cabedelo e prossegue nesta ter\u00e7a-feira (28), novamente, na Capital; em Bayeux, na quarta (29); e na quinta-feira (30) em Mari. Nos quatro munic\u00edpios ser\u00e3o testadas 787 pessoas.<\/p>\n<p>Em Jo\u00e3o Pessoa, no primeiro dia, as equipes de sa\u00fade est\u00e3o aplicando 325 testes, distribu\u00eddos no Lar da Provid\u00eancia (195 testagens); Instituto Esp\u00edrita Nosso Lar (72) e na Casa da Divina Miseric\u00f3rdia (58). Em Cabedelo, s\u00e3o 151 testes, sendo 68 aplicados na Am\u00e9m, 53 na Comunidade Cat\u00f3lica Fanuel e 30 na Nova M\u00e3e Nazinha.<\/p>\n<p>No Lar da Provid\u00eancia, Bairro dos Estados, est\u00e3o sendo testados 90 idosos e 105 funcion\u00e1rios. A primeira funcion\u00e1ria a fazer o teste foi Maria de F\u00e1tima Batista, de 52 anos, que trabalha na \u00e1rea de servi\u00e7os gerais. \u201cTodo mundo deve ter a preocupa\u00e7\u00e3o de se cuidar pra n\u00e3o pegar esse v\u00edrus e, no meu caso, o cuidado tem que ser redobrado. Trabalho com idosos aqui no Lar e em casa, pois, cuido dos meus pais\u201d, disse.<\/p>\n<p>Para a Irm\u00e3 Vit\u00f3ria, respons\u00e1vel t\u00e9cnica pela Enfermagem, esta a\u00e7\u00e3o \u00e9 muito importante porque proporciona mais seguran\u00e7a no cuidado com os idosos e funcion\u00e1rios da institui\u00e7\u00e3o. \u201cDesde o in\u00edcio da pandemia, n\u00f3s estamos tomando uma s\u00e9rie de medidas, a exemplo de suspender visitas, eventos, higieniza\u00e7\u00e3o dos funcion\u00e1rios e o uso de m\u00e1scaras, luvas e, se for o caso, at\u00e9 avental. Tudo isso, para garantir a sa\u00fade dos nossos idosos e dos funcion\u00e1rios. Este teste r\u00e1pido vem nos ajudar mais ainda, porque d\u00e1 um term\u00f4metro de como est\u00e1 a nossa sa\u00fade\u201d, observou.<\/p>\n<p>Dona Maria Eliza Batista, de 74 anos, tamb\u00e9m fez o teste. \u201c\u00c9 uma maravilha, pois, depois desse teste, a gente fica sabendo se tem ou n\u00e3o o v\u00edrus e espero que ningu\u00e9m tenha aqui. J\u00e1 \u00e9 uma tristeza n\u00e3o receber visita, por conta desse coronav\u00edrus. Minha fam\u00edlia vem aqui deixar comida, mas nem entra, n\u00e3o pode nem abra\u00e7ar. S\u00f3 vejo de longe e me comunico apenas por telefone ou whatsapp. \u00c9 uma tristeza isso, mas eu sei que vai passar\u201d, declarou.<\/p>\n<p>Nesta ter\u00e7a-feira (28), mais 228 testes ser\u00e3o aplicados em Jo\u00e3o Pessoa, sendo 107 na Vila Vicentina; 61 na Cidade Madura; 35 na Issoan Residencial para Idosos e 25 na Morada Aconchego da Terceira Idade. Na quarta (29), ser\u00e3o aplicados 72 testes, em Bayeux, sendo 26 no Lar de Longa Perman\u00eancia para Idosos; 19 na Associa\u00e7\u00e3o Filantr\u00f3pica Casa Idoso Viver Bem; 18 no Abrigo Ref\u00fagio em Jesus e nove na Casa de Repouso O\u00e1sis da Terceira Idade.<\/p>\n<p>Em Mari, a testagem ser\u00e1 na pr\u00f3xima quinta-feira (30), para 11 idosos da Associa\u00e7\u00e3o Volunt\u00e1ria dos Idosos de Mari (Avim).<\/p>\n<p><em><strong>Not\u00edcias em Destaque<\/strong><\/em><\/p>\n<p>Com Para\u00edba em Debate<\/p>\n","protected":false},"excerpt":{"rendered":"<p>Governo do Estado, por meio da\u00a0Secretaria de Estado da Sa\u00fade (SES), iniciou,\u00a0nesta segunda-feira (27),\u00a0o teste r\u00e1pido em idosos e funcion\u00e1rios de institui\u00e7\u00f5es de longa perman\u00eancia. A testagem come\u00e7ou por Jo\u00e3o Pessoa e Cabedelo e prossegue nesta ter\u00e7a-feira (28), novamente, na Capital; em Bayeux, na quarta (29); e na quinta-feira (30) em Mari. Nos quatro munic\u00edpios ser\u00e3o testadas 787 pessoas. Em Jo\u00e3o Pessoa, no primeiro dia, as equipes de sa\u00fade est\u00e3o aplicando 325 testes, distribu\u00eddos no Lar da Provid\u00eancia (195 testagens); Instituto Esp\u00edrita Nosso Lar (72) e na Casa da Divina Miseric\u00f3rdia (58). Em Cabedelo, s\u00e3o 151 testes, sendo 68 aplicados na Am\u00e9m, 53 na Comunidade Cat\u00f3lica Fanuel e 30 na Nova M\u00e3e Nazinha. No Lar da Provid\u00eancia, Bairro dos Estados, est\u00e3o sendo testados 90 idosos e 105 funcion\u00e1rios. A primeira funcion\u00e1ria a fazer o teste foi Maria de F\u00e1tima Batista, de 52 anos, que trabalha na \u00e1rea de servi\u00e7os gerais. \u201cTodo mundo deve ter a preocupa\u00e7\u00e3o de se cuidar pra n\u00e3o pegar esse v\u00edrus e, no meu caso, o cuidado tem que ser redobrado. Trabalho com idosos aqui no Lar e em casa, pois, cuido dos meus pais\u201d, disse. Para a Irm\u00e3 Vit\u00f3ria, respons\u00e1vel t\u00e9cnica pela Enfermagem, esta a\u00e7\u00e3o \u00e9 muito importante porque proporciona mais seguran\u00e7a no cuidado com os idosos e funcion\u00e1rios da institui\u00e7\u00e3o. \u201cDesde o in\u00edcio da pandemia, n\u00f3s estamos tomando uma s\u00e9rie de medidas, a exemplo de suspender visitas, eventos, higieniza\u00e7\u00e3o dos funcion\u00e1rios e o uso de m\u00e1scaras, luvas e, se for o caso, at\u00e9 avental. Tudo isso, para garantir a sa\u00fade dos nossos idosos e dos funcion\u00e1rios. Este teste r\u00e1pido vem nos ajudar mais ainda, porque d\u00e1 um term\u00f4metro de como est\u00e1 a nossa sa\u00fade\u201d, observou. Dona Maria Eliza Batista, de 74 anos, tamb\u00e9m fez o teste. \u201c\u00c9 uma maravilha, pois, depois desse teste, a gente fica sabendo se tem ou n\u00e3o o v\u00edrus e espero que ningu\u00e9m tenha aqui. J\u00e1 \u00e9 uma tristeza n\u00e3o receber visita, por conta desse coronav\u00edrus. Minha fam\u00edlia vem aqui deixar comida, mas nem entra, n\u00e3o pode nem abra\u00e7ar. S\u00f3 vejo de longe e me comunico apenas por telefone ou whatsapp. \u00c9 uma tristeza isso, mas eu sei que vai passar\u201d, declarou. Nesta ter\u00e7a-feira (28), mais 228 testes ser\u00e3o aplicados em Jo\u00e3o Pessoa, sendo 107 na Vila Vicentina; 61 na Cidade Madura; 35 na Issoan Residencial para Idosos e 25 na Morada Aconchego da Terceira Idade. Na quarta (29), ser\u00e3o aplicados 72 testes, em Bayeux, sendo 26 no Lar de Longa Perman\u00eancia para Idosos; 19 na Associa\u00e7\u00e3o Filantr\u00f3pica Casa Idoso Viver Bem; 18 no Abrigo Ref\u00fagio em Jesus e nove na Casa de Repouso O\u00e1sis da Terceira Idade. Em Mari, a testagem ser\u00e1 na pr\u00f3xima quinta-feira (30), para 11 idosos da Associa\u00e7\u00e3o Volunt\u00e1ria dos Idosos de Mari (Avim). Not\u00edcias em Destaque Com Para\u00edba em Debate<\/p>\n","protected":false},"author":2,"featured_media":24528,"comment_status":"closed","ping_status":"open","sticky":false,"template":"","format":"standard","meta":{"_eb_attr":"","_jetpack_memberships_contains_paid_content":false,"footnotes":""},"categories":[8],"tags":[],"class_list":["post-24527","post","type-post","status-publish","format-standard","has-post-thumbnail","hentry","category-saude"],"yoast_head":"<!-- This site is optimized with the Yoast SEO plugin v26.5 - https:\/\/yoast.com\/wordpress\/plugins\/seo\/ -->\n<title>Governo da Para\u00edba come\u00e7a a fazer testes r\u00e1pidos para Coronav\u00edrus em idosos - Not&iacute;cias em Destaque<\/title>\n<meta name=\"robots\" content=\"index, follow, max-snippet:-1, max-image-preview:large, max-video-preview:-1\" \/>\n<link rel=\"canonical\" href=\"https:\/\/noticiasemdestaque.com\/cd\/?p=24527\" \/>\n<meta property=\"og:locale\" content=\"pt_BR\" \/>\n<meta property=\"og:type\" content=\"article\" \/>\n<meta property=\"og:title\" content=\"Governo da Para\u00edba come\u00e7a a fazer testes r\u00e1pidos para Coronav\u00edrus em idosos - Not&iacute;cias em Destaque\" \/>\n<meta property=\"og:description\" content=\"Governo do Estado, por meio da\u00a0Secretaria de Estado da Sa\u00fade (SES), iniciou,\u00a0nesta segunda-feira (27),\u00a0o teste r\u00e1pido em idosos e funcion\u00e1rios de institui\u00e7\u00f5es de longa perman\u00eancia. A testagem come\u00e7ou por Jo\u00e3o Pessoa e Cabedelo e prossegue nesta ter\u00e7a-feira (28), novamente, na Capital; em Bayeux, na quarta (29); e na quinta-feira (30) em Mari. Nos quatro munic\u00edpios ser\u00e3o testadas 787 pessoas. Em Jo\u00e3o Pessoa, no primeiro dia, as equipes de sa\u00fade est\u00e3o aplicando 325 testes, distribu\u00eddos no Lar da Provid\u00eancia (195 testagens); Instituto Esp\u00edrita Nosso Lar (72) e na Casa da Divina Miseric\u00f3rdia (58). Em Cabedelo, s\u00e3o 151 testes, sendo 68 aplicados na Am\u00e9m, 53 na Comunidade Cat\u00f3lica Fanuel e 30 na Nova M\u00e3e Nazinha. No Lar da Provid\u00eancia, Bairro dos Estados, est\u00e3o sendo testados 90 idosos e 105 funcion\u00e1rios. A primeira funcion\u00e1ria a fazer o teste foi Maria de F\u00e1tima Batista, de 52 anos, que trabalha na \u00e1rea de servi\u00e7os gerais. \u201cTodo mundo deve ter a preocupa\u00e7\u00e3o de se cuidar pra n\u00e3o pegar esse v\u00edrus e, no meu caso, o cuidado tem que ser redobrado. Trabalho com idosos aqui no Lar e em casa, pois, cuido dos meus pais\u201d, disse. Para a Irm\u00e3 Vit\u00f3ria, respons\u00e1vel t\u00e9cnica pela Enfermagem, esta a\u00e7\u00e3o \u00e9 muito importante porque proporciona mais seguran\u00e7a no cuidado com os idosos e funcion\u00e1rios da institui\u00e7\u00e3o. \u201cDesde o in\u00edcio da pandemia, n\u00f3s estamos tomando uma s\u00e9rie de medidas, a exemplo de suspender visitas, eventos, higieniza\u00e7\u00e3o dos funcion\u00e1rios e o uso de m\u00e1scaras, luvas e, se for o caso, at\u00e9 avental. Tudo isso, para garantir a sa\u00fade dos nossos idosos e dos funcion\u00e1rios. Este teste r\u00e1pido vem nos ajudar mais ainda, porque d\u00e1 um term\u00f4metro de como est\u00e1 a nossa sa\u00fade\u201d, observou. Dona Maria Eliza Batista, de 74 anos, tamb\u00e9m fez o teste. \u201c\u00c9 uma maravilha, pois, depois desse teste, a gente fica sabendo se tem ou n\u00e3o o v\u00edrus e espero que ningu\u00e9m tenha aqui. J\u00e1 \u00e9 uma tristeza n\u00e3o receber visita, por conta desse coronav\u00edrus. Minha fam\u00edlia vem aqui deixar comida, mas nem entra, n\u00e3o pode nem abra\u00e7ar. S\u00f3 vejo de longe e me comunico apenas por telefone ou whatsapp. \u00c9 uma tristeza isso, mas eu sei que vai passar\u201d, declarou. Nesta ter\u00e7a-feira (28), mais 228 testes ser\u00e3o aplicados em Jo\u00e3o Pessoa, sendo 107 na Vila Vicentina; 61 na Cidade Madura; 35 na Issoan Residencial para Idosos e 25 na Morada Aconchego da Terceira Idade. Na quarta (29), ser\u00e3o aplicados 72 testes, em Bayeux, sendo 26 no Lar de Longa Perman\u00eancia para Idosos; 19 na Associa\u00e7\u00e3o Filantr\u00f3pica Casa Idoso Viver Bem; 18 no Abrigo Ref\u00fagio em Jesus e nove na Casa de Repouso O\u00e1sis da Terceira Idade. Em Mari, a testagem ser\u00e1 na pr\u00f3xima quinta-feira (30), para 11 idosos da Associa\u00e7\u00e3o Volunt\u00e1ria dos Idosos de Mari (Avim). Not\u00edcias em Destaque Com Para\u00edba em Debate\" \/>\n<meta property=\"og:url\" content=\"https:\/\/noticiasemdestaque.com\/cd\/?p=24527\" \/>\n<meta property=\"og:site_name\" content=\"Not&iacute;cias em Destaque\" \/>\n<meta property=\"article:published_time\" content=\"2020-04-27T21:04:30+00:00\" \/>\n<meta property=\"og:image\" content=\"https:\/\/noticiasemdestaque.com\/cd\/wp-content\/uploads\/2020\/04\/7e031bd9-5ab9-4e6f-b44d-4faf756d9c6a.jpeg\" \/>\n\t<meta property=\"og:image:width\" content=\"768\" \/>\n\t<meta property=\"og:image:height\" content=\"432\" \/>\n\t<meta property=\"og:image:type\" content=\"image\/jpeg\" \/>\n<meta name=\"author\" content=\"Not\u00edcias em Destaque\" \/>\n<meta name=\"twitter:card\" content=\"summary_large_image\" \/>\n<meta name=\"twitter:label1\" content=\"Escrito por\" \/>\n\t<meta name=\"twitter:data1\" content=\"Not\u00edcias em Destaque\" \/>\n\t<meta name=\"twitter:label2\" content=\"Est. tempo de leitura\" \/>\n\t<meta name=\"twitter:data2\" content=\"3 minutos\" \/>\n<script type=\"application\/ld+json\" class=\"yoast-schema-graph\">{\"@context\":\"https:\/\/schema.org\",\"@graph\":[{\"@type\":\"Article\",\"@id\":\"https:\/\/noticiasemdestaque.com\/cd\/?p=24527#article\",\"isPartOf\":{\"@id\":\"https:\/\/noticiasemdestaque.com\/cd\/?p=24527\"},\"author\":{\"name\":\"Not\u00edcias em Destaque\",\"@id\":\"https:\/\/noticiasemdestaque.com\/cd\/#\/schema\/person\/21320b03a7e8bb90128938dafc9b908a\"},\"headline\":\"Governo da Para\u00edba come\u00e7a a fazer testes r\u00e1pidos para Coronav\u00edrus em idosos\",\"datePublished\":\"2020-04-27T21:04:30+00:00\",\"mainEntityOfPage\":{\"@id\":\"https:\/\/noticiasemdestaque.com\/cd\/?p=24527\"},\"wordCount\":520,\"publisher\":{\"@id\":\"https:\/\/noticiasemdestaque.com\/cd\/#organization\"},\"image\":{\"@id\":\"https:\/\/noticiasemdestaque.com\/cd\/?p=24527#primaryimage\"},\"thumbnailUrl\":\"https:\/\/noticiasemdestaque.com\/cd\/wp-content\/uploads\/2020\/04\/7e031bd9-5ab9-4e6f-b44d-4faf756d9c6a.jpeg\",\"articleSection\":[\"Sa\u00fade\"],\"inLanguage\":\"pt-BR\"},{\"@type\":\"WebPage\",\"@id\":\"https:\/\/noticiasemdestaque.com\/cd\/?p=24527\",\"url\":\"https:\/\/noticiasemdestaque.com\/cd\/?p=24527\",\"name\":\"Governo da Para\u00edba come\u00e7a a fazer testes r\u00e1pidos para Coronav\u00edrus em idosos - Not&iacute;cias em Destaque\",\"isPartOf\":{\"@id\":\"https:\/\/noticiasemdestaque.com\/cd\/#website\"},\"primaryImageOfPage\":{\"@id\":\"https:\/\/noticiasemdestaque.com\/cd\/?p=24527#primaryimage\"},\"image\":{\"@id\":\"https:\/\/noticiasemdestaque.com\/cd\/?p=24527#primaryimage\"},\"thumbnailUrl\":\"https:\/\/noticiasemdestaque.com\/cd\/wp-content\/uploads\/2020\/04\/7e031bd9-5ab9-4e6f-b44d-4faf756d9c6a.jpeg\",\"datePublished\":\"2020-04-27T21:04:30+00:00\",\"breadcrumb\":{\"@id\":\"https:\/\/noticiasemdestaque.com\/cd\/?p=24527#breadcrumb\"},\"inLanguage\":\"pt-BR\",\"potentialAction\":[{\"@type\":\"ReadAction\",\"target\":[\"https:\/\/noticiasemdestaque.com\/cd\/?p=24527\"]}]},{\"@type\":\"ImageObject\",\"inLanguage\":\"pt-BR\",\"@id\":\"https:\/\/noticiasemdestaque.com\/cd\/?p=24527#primaryimage\",\"url\":\"https:\/\/noticiasemdestaque.com\/cd\/wp-content\/uploads\/2020\/04\/7e031bd9-5ab9-4e6f-b44d-4faf756d9c6a.jpeg\",\"contentUrl\":\"https:\/\/noticiasemdestaque.com\/cd\/wp-content\/uploads\/2020\/04\/7e031bd9-5ab9-4e6f-b44d-4faf756d9c6a.jpeg\",\"width\":768,\"height\":432},{\"@type\":\"BreadcrumbList\",\"@id\":\"https:\/\/noticiasemdestaque.com\/cd\/?p=24527#breadcrumb\",\"itemListElement\":[{\"@type\":\"ListItem\",\"position\":1,\"name\":\"In\u00edcio\",\"item\":\"https:\/\/noticiasemdestaque.com\/cd\/\"},{\"@type\":\"ListItem\",\"position\":2,\"name\":\"Governo da Para\u00edba come\u00e7a a fazer testes r\u00e1pidos para Coronav\u00edrus em idosos\"}]},{\"@type\":\"WebSite\",\"@id\":\"https:\/\/noticiasemdestaque.com\/cd\/#website\",\"url\":\"https:\/\/noticiasemdestaque.com\/cd\/\",\"name\":\"Not&iacute;cias em Destaque\",\"description\":\"\",\"publisher\":{\"@id\":\"https:\/\/noticiasemdestaque.com\/cd\/#organization\"},\"potentialAction\":[{\"@type\":\"SearchAction\",\"target\":{\"@type\":\"EntryPoint\",\"urlTemplate\":\"https:\/\/noticiasemdestaque.com\/cd\/?s={search_term_string}\"},\"query-input\":{\"@type\":\"PropertyValueSpecification\",\"valueRequired\":true,\"valueName\":\"search_term_string\"}}],\"inLanguage\":\"pt-BR\"},{\"@type\":\"Organization\",\"@id\":\"https:\/\/noticiasemdestaque.com\/cd\/#organization\",\"name\":\"Not\u00edcias em Destaque\",\"url\":\"https:\/\/noticiasemdestaque.com\/cd\/\",\"logo\":{\"@type\":\"ImageObject\",\"inLanguage\":\"pt-BR\",\"@id\":\"https:\/\/noticiasemdestaque.com\/cd\/#\/schema\/logo\/image\/\",\"url\":\"https:\/\/noticiasemdestaque.com\/cd\/wp-content\/uploads\/2022\/05\/imagem-base-noticiasemdestaque.png\",\"contentUrl\":\"https:\/\/noticiasemdestaque.com\/cd\/wp-content\/uploads\/2022\/05\/imagem-base-noticiasemdestaque.png\",\"width\":1200,\"height\":630,\"caption\":\"Not\u00edcias em Destaque\"},\"image\":{\"@id\":\"https:\/\/noticiasemdestaque.com\/cd\/#\/schema\/logo\/image\/\"}},{\"@type\":\"Person\",\"@id\":\"https:\/\/noticiasemdestaque.com\/cd\/#\/schema\/person\/21320b03a7e8bb90128938dafc9b908a\",\"name\":\"Not\u00edcias em Destaque\",\"url\":\"https:\/\/noticiasemdestaque.com\/cd\/?author=2\"}]}<\/script>\n<!-- \/ Yoast SEO plugin. -->","yoast_head_json":{"title":"Governo da Para\u00edba come\u00e7a a fazer testes r\u00e1pidos para Coronav\u00edrus em idosos - Not&iacute;cias em Destaque","robots":{"index":"index","follow":"follow","max-snippet":"max-snippet:-1","max-image-preview":"max-image-preview:large","max-video-preview":"max-video-preview:-1"},"canonical":"https:\/\/noticiasemdestaque.com\/cd\/?p=24527","og_locale":"pt_BR","og_type":"article","og_title":"Governo da Para\u00edba come\u00e7a a fazer testes r\u00e1pidos para Coronav\u00edrus em idosos - Not&iacute;cias em Destaque","og_description":"Governo do Estado, por meio da\u00a0Secretaria de Estado da Sa\u00fade (SES), iniciou,\u00a0nesta segunda-feira (27),\u00a0o teste r\u00e1pido em idosos e funcion\u00e1rios de institui\u00e7\u00f5es de longa perman\u00eancia. A testagem come\u00e7ou por Jo\u00e3o Pessoa e Cabedelo e prossegue nesta ter\u00e7a-feira (28), novamente, na Capital; em Bayeux, na quarta (29); e na quinta-feira (30) em Mari. Nos quatro munic\u00edpios ser\u00e3o testadas 787 pessoas. Em Jo\u00e3o Pessoa, no primeiro dia, as equipes de sa\u00fade est\u00e3o aplicando 325 testes, distribu\u00eddos no Lar da Provid\u00eancia (195 testagens); Instituto Esp\u00edrita Nosso Lar (72) e na Casa da Divina Miseric\u00f3rdia (58). Em Cabedelo, s\u00e3o 151 testes, sendo 68 aplicados na Am\u00e9m, 53 na Comunidade Cat\u00f3lica Fanuel e 30 na Nova M\u00e3e Nazinha. No Lar da Provid\u00eancia, Bairro dos Estados, est\u00e3o sendo testados 90 idosos e 105 funcion\u00e1rios. A primeira funcion\u00e1ria a fazer o teste foi Maria de F\u00e1tima Batista, de 52 anos, que trabalha na \u00e1rea de servi\u00e7os gerais. \u201cTodo mundo deve ter a preocupa\u00e7\u00e3o de se cuidar pra n\u00e3o pegar esse v\u00edrus e, no meu caso, o cuidado tem que ser redobrado. Trabalho com idosos aqui no Lar e em casa, pois, cuido dos meus pais\u201d, disse. Para a Irm\u00e3 Vit\u00f3ria, respons\u00e1vel t\u00e9cnica pela Enfermagem, esta a\u00e7\u00e3o \u00e9 muito importante porque proporciona mais seguran\u00e7a no cuidado com os idosos e funcion\u00e1rios da institui\u00e7\u00e3o. \u201cDesde o in\u00edcio da pandemia, n\u00f3s estamos tomando uma s\u00e9rie de medidas, a exemplo de suspender visitas, eventos, higieniza\u00e7\u00e3o dos funcion\u00e1rios e o uso de m\u00e1scaras, luvas e, se for o caso, at\u00e9 avental. Tudo isso, para garantir a sa\u00fade dos nossos idosos e dos funcion\u00e1rios. Este teste r\u00e1pido vem nos ajudar mais ainda, porque d\u00e1 um term\u00f4metro de como est\u00e1 a nossa sa\u00fade\u201d, observou. Dona Maria Eliza Batista, de 74 anos, tamb\u00e9m fez o teste. \u201c\u00c9 uma maravilha, pois, depois desse teste, a gente fica sabendo se tem ou n\u00e3o o v\u00edrus e espero que ningu\u00e9m tenha aqui. J\u00e1 \u00e9 uma tristeza n\u00e3o receber visita, por conta desse coronav\u00edrus. Minha fam\u00edlia vem aqui deixar comida, mas nem entra, n\u00e3o pode nem abra\u00e7ar. S\u00f3 vejo de longe e me comunico apenas por telefone ou whatsapp. \u00c9 uma tristeza isso, mas eu sei que vai passar\u201d, declarou. Nesta ter\u00e7a-feira (28), mais 228 testes ser\u00e3o aplicados em Jo\u00e3o Pessoa, sendo 107 na Vila Vicentina; 61 na Cidade Madura; 35 na Issoan Residencial para Idosos e 25 na Morada Aconchego da Terceira Idade. Na quarta (29), ser\u00e3o aplicados 72 testes, em Bayeux, sendo 26 no Lar de Longa Perman\u00eancia para Idosos; 19 na Associa\u00e7\u00e3o Filantr\u00f3pica Casa Idoso Viver Bem; 18 no Abrigo Ref\u00fagio em Jesus e nove na Casa de Repouso O\u00e1sis da Terceira Idade. Em Mari, a testagem ser\u00e1 na pr\u00f3xima quinta-feira (30), para 11 idosos da Associa\u00e7\u00e3o Volunt\u00e1ria dos Idosos de Mari (Avim). Not\u00edcias em Destaque Com Para\u00edba em Debate","og_url":"https:\/\/noticiasemdestaque.com\/cd\/?p=24527","og_site_name":"Not&iacute;cias em Destaque","article_published_time":"2020-04-27T21:04:30+00:00","og_image":[{"width":768,"height":432,"url":"https:\/\/noticiasemdestaque.com\/cd\/wp-content\/uploads\/2020\/04\/7e031bd9-5ab9-4e6f-b44d-4faf756d9c6a.jpeg","type":"image\/jpeg"}],"author":"Not\u00edcias em Destaque","twitter_card":"summary_large_image","twitter_misc":{"Escrito por":"Not\u00edcias em Destaque","Est. tempo de leitura":"3 minutos"},"schema":{"@context":"https:\/\/schema.org","@graph":[{"@type":"Article","@id":"https:\/\/noticiasemdestaque.com\/cd\/?p=24527#article","isPartOf":{"@id":"https:\/\/noticiasemdestaque.com\/cd\/?p=24527"},"author":{"name":"Not\u00edcias em Destaque","@id":"https:\/\/noticiasemdestaque.com\/cd\/#\/schema\/person\/21320b03a7e8bb90128938dafc9b908a"},"headline":"Governo da Para\u00edba come\u00e7a a fazer testes r\u00e1pidos para Coronav\u00edrus em idosos","datePublished":"2020-04-27T21:04:30+00:00","mainEntityOfPage":{"@id":"https:\/\/noticiasemdestaque.com\/cd\/?p=24527"},"wordCount":520,"publisher":{"@id":"https:\/\/noticiasemdestaque.com\/cd\/#organization"},"image":{"@id":"https:\/\/noticiasemdestaque.com\/cd\/?p=24527#primaryimage"},"thumbnailUrl":"https:\/\/noticiasemdestaque.com\/cd\/wp-content\/uploads\/2020\/04\/7e031bd9-5ab9-4e6f-b44d-4faf756d9c6a.jpeg","articleSection":["Sa\u00fade"],"inLanguage":"pt-BR"},{"@type":"WebPage","@id":"https:\/\/noticiasemdestaque.com\/cd\/?p=24527","url":"https:\/\/noticiasemdestaque.com\/cd\/?p=24527","name":"Governo da Para\u00edba come\u00e7a a fazer testes r\u00e1pidos para Coronav\u00edrus em idosos - Not&iacute;cias em Destaque","isPartOf":{"@id":"https:\/\/noticiasemdestaque.com\/cd\/#website"},"primaryImageOfPage":{"@id":"https:\/\/noticiasemdestaque.com\/cd\/?p=24527#primaryimage"},"image":{"@id":"https:\/\/noticiasemdestaque.com\/cd\/?p=24527#primaryimage"},"thumbnailUrl":"https:\/\/noticiasemdestaque.com\/cd\/wp-content\/uploads\/2020\/04\/7e031bd9-5ab9-4e6f-b44d-4faf756d9c6a.jpeg","datePublished":"2020-04-27T21:04:30+00:00","breadcrumb":{"@id":"https:\/\/noticiasemdestaque.com\/cd\/?p=24527#breadcrumb"},"inLanguage":"pt-BR","potentialAction":[{"@type":"ReadAction","target":["https:\/\/noticiasemdestaque.com\/cd\/?p=24527"]}]},{"@type":"ImageObject","inLanguage":"pt-BR","@id":"https:\/\/noticiasemdestaque.com\/cd\/?p=24527#primaryimage","url":"https:\/\/noticiasemdestaque.com\/cd\/wp-content\/uploads\/2020\/04\/7e031bd9-5ab9-4e6f-b44d-4faf756d9c6a.jpeg","contentUrl":"https:\/\/noticiasemdestaque.com\/cd\/wp-content\/uploads\/2020\/04\/7e031bd9-5ab9-4e6f-b44d-4faf756d9c6a.jpeg","width":768,"height":432},{"@type":"BreadcrumbList","@id":"https:\/\/noticiasemdestaque.com\/cd\/?p=24527#breadcrumb","itemListElement":[{"@type":"ListItem","position":1,"name":"In\u00edcio","item":"https:\/\/noticiasemdestaque.com\/cd\/"},{"@type":"ListItem","position":2,"name":"Governo da Para\u00edba come\u00e7a a fazer testes r\u00e1pidos para Coronav\u00edrus em idosos"}]},{"@type":"WebSite","@id":"https:\/\/noticiasemdestaque.com\/cd\/#website","url":"https:\/\/noticiasemdestaque.com\/cd\/","name":"Not&iacute;cias em Destaque","description":"","publisher":{"@id":"https:\/\/noticiasemdestaque.com\/cd\/#organization"},"potentialAction":[{"@type":"SearchAction","target":{"@type":"EntryPoint","urlTemplate":"https:\/\/noticiasemdestaque.com\/cd\/?s={search_term_string}"},"query-input":{"@type":"PropertyValueSpecification","valueRequired":true,"valueName":"search_term_string"}}],"inLanguage":"pt-BR"},{"@type":"Organization","@id":"https:\/\/noticiasemdestaque.com\/cd\/#organization","name":"Not\u00edcias em Destaque","url":"https:\/\/noticiasemdestaque.com\/cd\/","logo":{"@type":"ImageObject","inLanguage":"pt-BR","@id":"https:\/\/noticiasemdestaque.com\/cd\/#\/schema\/logo\/image\/","url":"https:\/\/noticiasemdestaque.com\/cd\/wp-content\/uploads\/2022\/05\/imagem-base-noticiasemdestaque.png","contentUrl":"https:\/\/noticiasemdestaque.com\/cd\/wp-content\/uploads\/2022\/05\/imagem-base-noticiasemdestaque.png","width":1200,"height":630,"caption":"Not\u00edcias em Destaque"},"image":{"@id":"https:\/\/noticiasemdestaque.com\/cd\/#\/schema\/logo\/image\/"}},{"@type":"Person","@id":"https:\/\/noticiasemdestaque.com\/cd\/#\/schema\/person\/21320b03a7e8bb90128938dafc9b908a","name":"Not\u00edcias em Destaque","url":"https:\/\/noticiasemdestaque.com\/cd\/?author=2"}]}},"jetpack_featured_media_url":"https:\/\/noticiasemdestaque.com\/cd\/wp-content\/uploads\/2020\/04\/7e031bd9-5ab9-4e6f-b44d-4faf756d9c6a.jpeg","jetpack_sharing_enabled":true,"_links":{"self":[{"href":"https:\/\/noticiasemdestaque.com\/cd\/index.php?rest_route=\/wp\/v2\/posts\/24527","targetHints":{"allow":["GET"]}}],"collection":[{"href":"https:\/\/noticiasemdestaque.com\/cd\/index.php?rest_route=\/wp\/v2\/posts"}],"about":[{"href":"https:\/\/noticiasemdestaque.com\/cd\/index.php?rest_route=\/wp\/v2\/types\/post"}],"author":[{"embeddable":true,"href":"https:\/\/noticiasemdestaque.com\/cd\/index.php?rest_route=\/wp\/v2\/users\/2"}],"replies":[{"embeddable":true,"href":"https:\/\/noticiasemdestaque.com\/cd\/index.php?rest_route=%2Fwp%2Fv2%2Fcomments&post=24527"}],"version-history":[{"count":1,"href":"https:\/\/noticiasemdestaque.com\/cd\/index.php?rest_route=\/wp\/v2\/posts\/24527\/revisions"}],"predecessor-version":[{"id":24529,"href":"https:\/\/noticiasemdestaque.com\/cd\/index.php?rest_route=\/wp\/v2\/posts\/24527\/revisions\/24529"}],"wp:featuredmedia":[{"embeddable":true,"href":"https:\/\/noticiasemdestaque.com\/cd\/index.php?rest_route=\/wp\/v2\/media\/24528"}],"wp:attachment":[{"href":"https:\/\/noticiasemdestaque.com\/cd\/index.php?rest_route=%2Fwp%2Fv2%2Fmedia&parent=24527"}],"wp:term":[{"taxonomy":"category","embeddable":true,"href":"https:\/\/noticiasemdestaque.com\/cd\/index.php?rest_route=%2Fwp%2Fv2%2Fcategories&post=24527"},{"taxonomy":"post_tag","embeddable":true,"href":"https:\/\/noticiasemdestaque.com\/cd\/index.php?rest_route=%2Fwp%2Fv2%2Ftags&post=24527"}],"curies":[{"name":"wp","href":"https:\/\/api.w.org\/{rel}","templated":true}]}}