{"id":24525,"date":"2020-04-27T17:55:51","date_gmt":"2020-04-27T20:55:51","guid":{"rendered":"http:\/\/noticiasemdestaque.com\/cd\/?p=24525"},"modified":"2020-04-27T17:55:51","modified_gmt":"2020-04-27T20:55:51","slug":"veja-concursos-e-selecoes-com-editais-publicados-na-pb-ate-o-dia-3-de-maio","status":"publish","type":"post","link":"https:\/\/noticiasemdestaque.com\/cd\/?p=24525","title":{"rendered":"Veja concursos e sele\u00e7\u00f5es com editais publicados na PB at\u00e9 o dia 3 de maio"},"content":{"rendered":"<p><a href=\"https:\/\/noticiasemdestaque.com\/cd\/wp-content\/uploads\/2017\/09\/Concursos-RN_01-300x160.jpg\"><img decoding=\"async\" class=\"size-full wp-image-4028 alignleft\" src=\"https:\/\/noticiasemdestaque.com\/cd\/wp-content\/uploads\/2017\/09\/Concursos-RN_01-300x160.jpg\" alt=\"\" width=\"300\" height=\"160\" \/><\/a><\/p>\n<p>Pelo menos 176 vagas s\u00e3o oferecidas em dois editais de concursos publicados na Para\u00edba, nesta semana at\u00e9 o dia 3 de maio. Os demais editais que estavam com inscri\u00e7\u00f5es abertas esta semana foram suspensos por tempo indeterminado por causa da pandemia do novo coronav\u00edrus.<\/p>\n<p><a href=\"https:\/\/g1.globo.com\/pb\/paraiba\/noticia\/2020\/04\/22\/inscricoes-para-o-concurso-da-prefeitura-de-poco-dantas-pb-sao-prorrogadas.ghtml\">Concurso da Prefeitura de Po\u00e7o Dantas<\/a><\/p>\n<ul>\n<li>Vagas:\u00a020<\/li>\n<li>N\u00edveis:\u00a0todos<\/li>\n<li>Sal\u00e1rios:\u00a0R$ 1.045 a R$ 8 mil<\/li>\n<li>Prazo de inscri\u00e7\u00e3o:\u00a0at\u00e9 17 de maio<\/li>\n<li>Local de inscri\u00e7\u00e3o:\u00a0sede da prefeitura ou\u00a0<a href=\"http:\/\/www.facetconcursos.com.br\/\">site da organizadora, Facet<\/a><\/li>\n<li>Taxas de inscri\u00e7\u00e3o:\u00a0R$ 60 (fundamental), R$ 80 (m\u00e9dio) e R$ 100 (superior)<\/li>\n<li>Provas:\u00a0suspensas<\/li>\n<li><a href=\"http:\/\/www.facetconcursos.com.br\/dantas\/edital.pdf\">Edital do concurso da Prefeitura de Po\u00e7o Dantas<\/a><\/li>\n<\/ul>\n<p><a href=\"https:\/\/g1.globo.com\/pb\/paraiba\/noticia\/2020\/04\/22\/abertas-inscricoes-para-o-concurso-da-prefeitura-de-capim-na-paraiba.ghtml\">Concurso da prefeitura de Capim<\/a><\/p>\n<ul>\n<li>Vagas:\u00a0156<\/li>\n<li>N\u00edveis:\u00a0todos<\/li>\n<li>Sal\u00e1rios:\u00a0R$ 1.045 a R$ 2,8 mil<\/li>\n<li>Prazo de inscri\u00e7\u00e3o:\u00a0at\u00e9 19 de junho<\/li>\n<li>Local de inscri\u00e7\u00e3o:\u00a0<a href=\"http:\/\/www.facetconcursos.com.br\/\">site da organizadora, Facet concursos<\/a><\/li>\n<li>Taxas de inscri\u00e7\u00e3o:\u00a0R$ 75 (fundamental), R$ 85 (m\u00e9dio\/t\u00e9cnico) e R$ 115 (superior)<\/li>\n<li>Provas:\u00a030 de agosto<\/li>\n<\/ul>\n<p><em><strong>Not\u00edcias em Destaque<\/strong><\/em><\/p>\n<p>Com G1-PB<\/p>\n","protected":false},"excerpt":{"rendered":"<p>Pelo menos 176 vagas s\u00e3o oferecidas em dois editais de concursos publicados na Para\u00edba, nesta semana at\u00e9 o dia 3 de maio. Os demais editais que estavam com inscri\u00e7\u00f5es abertas esta semana foram suspensos por tempo indeterminado por causa da pandemia do novo coronav\u00edrus. Concurso da Prefeitura de Po\u00e7o Dantas Vagas:\u00a020 N\u00edveis:\u00a0todos Sal\u00e1rios:\u00a0R$ 1.045 a R$ 8 mil Prazo de inscri\u00e7\u00e3o:\u00a0at\u00e9 17 de maio Local de inscri\u00e7\u00e3o:\u00a0sede da prefeitura ou\u00a0site da organizadora, Facet Taxas de inscri\u00e7\u00e3o:\u00a0R$ 60 (fundamental), R$ 80 (m\u00e9dio) e R$ 100 (superior) Provas:\u00a0suspensas Edital do concurso da Prefeitura de Po\u00e7o Dantas Concurso da prefeitura de Capim Vagas:\u00a0156 N\u00edveis:\u00a0todos Sal\u00e1rios:\u00a0R$ 1.045 a R$ 2,8 mil Prazo de inscri\u00e7\u00e3o:\u00a0at\u00e9 19 de junho Local de inscri\u00e7\u00e3o:\u00a0site da organizadora, Facet concursos Taxas de inscri\u00e7\u00e3o:\u00a0R$ 75 (fundamental), R$ 85 (m\u00e9dio\/t\u00e9cnico) e R$ 115 (superior) Provas:\u00a030 de agosto Not\u00edcias em Destaque Com G1-PB<\/p>\n","protected":false},"author":2,"featured_media":4028,"comment_status":"closed","ping_status":"open","sticky":false,"template":"","format":"standard","meta":{"_eb_attr":"","_jetpack_memberships_contains_paid_content":false,"footnotes":""},"categories":[6],"tags":[],"class_list":["post-24525","post","type-post","status-publish","format-standard","has-post-thumbnail","hentry","category-educacao"],"yoast_head":"<!-- This site is optimized with the Yoast SEO plugin v26.5 - https:\/\/yoast.com\/wordpress\/plugins\/seo\/ -->\n<title>Veja concursos e sele\u00e7\u00f5es com editais publicados na PB at\u00e9 o dia 3 de maio - Not&iacute;cias em Destaque<\/title>\n<meta name=\"robots\" content=\"index, follow, max-snippet:-1, max-image-preview:large, max-video-preview:-1\" \/>\n<link rel=\"canonical\" href=\"https:\/\/noticiasemdestaque.com\/cd\/?p=24525\" \/>\n<meta property=\"og:locale\" content=\"pt_BR\" \/>\n<meta property=\"og:type\" content=\"article\" \/>\n<meta property=\"og:title\" content=\"Veja concursos e sele\u00e7\u00f5es com editais publicados na PB at\u00e9 o dia 3 de maio - Not&iacute;cias em Destaque\" \/>\n<meta property=\"og:description\" content=\"Pelo menos 176 vagas s\u00e3o oferecidas em dois editais de concursos publicados na Para\u00edba, nesta semana at\u00e9 o dia 3 de maio. Os demais editais que estavam com inscri\u00e7\u00f5es abertas esta semana foram suspensos por tempo indeterminado por causa da pandemia do novo coronav\u00edrus. Concurso da Prefeitura de Po\u00e7o Dantas Vagas:\u00a020 N\u00edveis:\u00a0todos Sal\u00e1rios:\u00a0R$ 1.045 a R$ 8 mil Prazo de inscri\u00e7\u00e3o:\u00a0at\u00e9 17 de maio Local de inscri\u00e7\u00e3o:\u00a0sede da prefeitura ou\u00a0site da organizadora, Facet Taxas de inscri\u00e7\u00e3o:\u00a0R$ 60 (fundamental), R$ 80 (m\u00e9dio) e R$ 100 (superior) Provas:\u00a0suspensas Edital do concurso da Prefeitura de Po\u00e7o Dantas Concurso da prefeitura de Capim Vagas:\u00a0156 N\u00edveis:\u00a0todos Sal\u00e1rios:\u00a0R$ 1.045 a R$ 2,8 mil Prazo de inscri\u00e7\u00e3o:\u00a0at\u00e9 19 de junho Local de inscri\u00e7\u00e3o:\u00a0site da organizadora, Facet concursos Taxas de inscri\u00e7\u00e3o:\u00a0R$ 75 (fundamental), R$ 85 (m\u00e9dio\/t\u00e9cnico) e R$ 115 (superior) Provas:\u00a030 de agosto Not\u00edcias em Destaque Com G1-PB\" \/>\n<meta property=\"og:url\" content=\"https:\/\/noticiasemdestaque.com\/cd\/?p=24525\" \/>\n<meta property=\"og:site_name\" content=\"Not&iacute;cias em Destaque\" \/>\n<meta property=\"article:published_time\" content=\"2020-04-27T20:55:51+00:00\" \/>\n<meta property=\"og:image\" content=\"https:\/\/noticiasemdestaque.com\/cd\/wp-content\/uploads\/2017\/09\/Concursos-RN_01-300x160.jpg\" \/>\n\t<meta property=\"og:image:width\" content=\"300\" \/>\n\t<meta property=\"og:image:height\" content=\"160\" \/>\n\t<meta property=\"og:image:type\" content=\"image\/jpeg\" \/>\n<meta name=\"author\" content=\"Not\u00edcias em Destaque\" \/>\n<meta name=\"twitter:card\" content=\"summary_large_image\" \/>\n<meta name=\"twitter:label1\" content=\"Escrito por\" \/>\n\t<meta name=\"twitter:data1\" content=\"Not\u00edcias em Destaque\" \/>\n\t<meta name=\"twitter:label2\" content=\"Est. tempo de leitura\" \/>\n\t<meta name=\"twitter:data2\" content=\"1 minuto\" \/>\n<script type=\"application\/ld+json\" class=\"yoast-schema-graph\">{\"@context\":\"https:\/\/schema.org\",\"@graph\":[{\"@type\":\"Article\",\"@id\":\"https:\/\/noticiasemdestaque.com\/cd\/?p=24525#article\",\"isPartOf\":{\"@id\":\"https:\/\/noticiasemdestaque.com\/cd\/?p=24525\"},\"author\":{\"name\":\"Not\u00edcias em Destaque\",\"@id\":\"https:\/\/noticiasemdestaque.com\/cd\/#\/schema\/person\/21320b03a7e8bb90128938dafc9b908a\"},\"headline\":\"Veja concursos e sele\u00e7\u00f5es com editais publicados na PB at\u00e9 o dia 3 de maio\",\"datePublished\":\"2020-04-27T20:55:51+00:00\",\"mainEntityOfPage\":{\"@id\":\"https:\/\/noticiasemdestaque.com\/cd\/?p=24525\"},\"wordCount\":175,\"publisher\":{\"@id\":\"https:\/\/noticiasemdestaque.com\/cd\/#organization\"},\"image\":{\"@id\":\"https:\/\/noticiasemdestaque.com\/cd\/?p=24525#primaryimage\"},\"thumbnailUrl\":\"https:\/\/noticiasemdestaque.com\/cd\/wp-content\/uploads\/2017\/09\/Concursos-RN_01-300x160.jpg\",\"articleSection\":[\"Educa\u00e7\u00e3o\"],\"inLanguage\":\"pt-BR\"},{\"@type\":\"WebPage\",\"@id\":\"https:\/\/noticiasemdestaque.com\/cd\/?p=24525\",\"url\":\"https:\/\/noticiasemdestaque.com\/cd\/?p=24525\",\"name\":\"Veja concursos e sele\u00e7\u00f5es com editais publicados na PB at\u00e9 o dia 3 de maio - Not&iacute;cias em Destaque\",\"isPartOf\":{\"@id\":\"https:\/\/noticiasemdestaque.com\/cd\/#website\"},\"primaryImageOfPage\":{\"@id\":\"https:\/\/noticiasemdestaque.com\/cd\/?p=24525#primaryimage\"},\"image\":{\"@id\":\"https:\/\/noticiasemdestaque.com\/cd\/?p=24525#primaryimage\"},\"thumbnailUrl\":\"https:\/\/noticiasemdestaque.com\/cd\/wp-content\/uploads\/2017\/09\/Concursos-RN_01-300x160.jpg\",\"datePublished\":\"2020-04-27T20:55:51+00:00\",\"breadcrumb\":{\"@id\":\"https:\/\/noticiasemdestaque.com\/cd\/?p=24525#breadcrumb\"},\"inLanguage\":\"pt-BR\",\"potentialAction\":[{\"@type\":\"ReadAction\",\"target\":[\"https:\/\/noticiasemdestaque.com\/cd\/?p=24525\"]}]},{\"@type\":\"ImageObject\",\"inLanguage\":\"pt-BR\",\"@id\":\"https:\/\/noticiasemdestaque.com\/cd\/?p=24525#primaryimage\",\"url\":\"https:\/\/noticiasemdestaque.com\/cd\/wp-content\/uploads\/2017\/09\/Concursos-RN_01-300x160.jpg\",\"contentUrl\":\"https:\/\/noticiasemdestaque.com\/cd\/wp-content\/uploads\/2017\/09\/Concursos-RN_01-300x160.jpg\",\"width\":300,\"height\":160},{\"@type\":\"BreadcrumbList\",\"@id\":\"https:\/\/noticiasemdestaque.com\/cd\/?p=24525#breadcrumb\",\"itemListElement\":[{\"@type\":\"ListItem\",\"position\":1,\"name\":\"In\u00edcio\",\"item\":\"https:\/\/noticiasemdestaque.com\/cd\/\"},{\"@type\":\"ListItem\",\"position\":2,\"name\":\"Veja concursos e sele\u00e7\u00f5es com editais publicados na PB at\u00e9 o dia 3 de maio\"}]},{\"@type\":\"WebSite\",\"@id\":\"https:\/\/noticiasemdestaque.com\/cd\/#website\",\"url\":\"https:\/\/noticiasemdestaque.com\/cd\/\",\"name\":\"Not&iacute;cias em Destaque\",\"description\":\"\",\"publisher\":{\"@id\":\"https:\/\/noticiasemdestaque.com\/cd\/#organization\"},\"potentialAction\":[{\"@type\":\"SearchAction\",\"target\":{\"@type\":\"EntryPoint\",\"urlTemplate\":\"https:\/\/noticiasemdestaque.com\/cd\/?s={search_term_string}\"},\"query-input\":{\"@type\":\"PropertyValueSpecification\",\"valueRequired\":true,\"valueName\":\"search_term_string\"}}],\"inLanguage\":\"pt-BR\"},{\"@type\":\"Organization\",\"@id\":\"https:\/\/noticiasemdestaque.com\/cd\/#organization\",\"name\":\"Not\u00edcias em Destaque\",\"url\":\"https:\/\/noticiasemdestaque.com\/cd\/\",\"logo\":{\"@type\":\"ImageObject\",\"inLanguage\":\"pt-BR\",\"@id\":\"https:\/\/noticiasemdestaque.com\/cd\/#\/schema\/logo\/image\/\",\"url\":\"https:\/\/noticiasemdestaque.com\/cd\/wp-content\/uploads\/2022\/05\/imagem-base-noticiasemdestaque.png\",\"contentUrl\":\"https:\/\/noticiasemdestaque.com\/cd\/wp-content\/uploads\/2022\/05\/imagem-base-noticiasemdestaque.png\",\"width\":1200,\"height\":630,\"caption\":\"Not\u00edcias em Destaque\"},\"image\":{\"@id\":\"https:\/\/noticiasemdestaque.com\/cd\/#\/schema\/logo\/image\/\"}},{\"@type\":\"Person\",\"@id\":\"https:\/\/noticiasemdestaque.com\/cd\/#\/schema\/person\/21320b03a7e8bb90128938dafc9b908a\",\"name\":\"Not\u00edcias em Destaque\",\"url\":\"https:\/\/noticiasemdestaque.com\/cd\/?author=2\"}]}<\/script>\n<!-- \/ Yoast SEO plugin. -->","yoast_head_json":{"title":"Veja concursos e sele\u00e7\u00f5es com editais publicados na PB at\u00e9 o dia 3 de maio - Not&iacute;cias em Destaque","robots":{"index":"index","follow":"follow","max-snippet":"max-snippet:-1","max-image-preview":"max-image-preview:large","max-video-preview":"max-video-preview:-1"},"canonical":"https:\/\/noticiasemdestaque.com\/cd\/?p=24525","og_locale":"pt_BR","og_type":"article","og_title":"Veja concursos e sele\u00e7\u00f5es com editais publicados na PB at\u00e9 o dia 3 de maio - Not&iacute;cias em Destaque","og_description":"Pelo menos 176 vagas s\u00e3o oferecidas em dois editais de concursos publicados na Para\u00edba, nesta semana at\u00e9 o dia 3 de maio. Os demais editais que estavam com inscri\u00e7\u00f5es abertas esta semana foram suspensos por tempo indeterminado por causa da pandemia do novo coronav\u00edrus. Concurso da Prefeitura de Po\u00e7o Dantas Vagas:\u00a020 N\u00edveis:\u00a0todos Sal\u00e1rios:\u00a0R$ 1.045 a R$ 8 mil Prazo de inscri\u00e7\u00e3o:\u00a0at\u00e9 17 de maio Local de inscri\u00e7\u00e3o:\u00a0sede da prefeitura ou\u00a0site da organizadora, Facet Taxas de inscri\u00e7\u00e3o:\u00a0R$ 60 (fundamental), R$ 80 (m\u00e9dio) e R$ 100 (superior) Provas:\u00a0suspensas Edital do concurso da Prefeitura de Po\u00e7o Dantas Concurso da prefeitura de Capim Vagas:\u00a0156 N\u00edveis:\u00a0todos Sal\u00e1rios:\u00a0R$ 1.045 a R$ 2,8 mil Prazo de inscri\u00e7\u00e3o:\u00a0at\u00e9 19 de junho Local de inscri\u00e7\u00e3o:\u00a0site da organizadora, Facet concursos Taxas de inscri\u00e7\u00e3o:\u00a0R$ 75 (fundamental), R$ 85 (m\u00e9dio\/t\u00e9cnico) e R$ 115 (superior) Provas:\u00a030 de agosto Not\u00edcias em Destaque Com G1-PB","og_url":"https:\/\/noticiasemdestaque.com\/cd\/?p=24525","og_site_name":"Not&iacute;cias em Destaque","article_published_time":"2020-04-27T20:55:51+00:00","og_image":[{"width":300,"height":160,"url":"https:\/\/noticiasemdestaque.com\/cd\/wp-content\/uploads\/2017\/09\/Concursos-RN_01-300x160.jpg","type":"image\/jpeg"}],"author":"Not\u00edcias em Destaque","twitter_card":"summary_large_image","twitter_misc":{"Escrito por":"Not\u00edcias em Destaque","Est. tempo de leitura":"1 minuto"},"schema":{"@context":"https:\/\/schema.org","@graph":[{"@type":"Article","@id":"https:\/\/noticiasemdestaque.com\/cd\/?p=24525#article","isPartOf":{"@id":"https:\/\/noticiasemdestaque.com\/cd\/?p=24525"},"author":{"name":"Not\u00edcias em Destaque","@id":"https:\/\/noticiasemdestaque.com\/cd\/#\/schema\/person\/21320b03a7e8bb90128938dafc9b908a"},"headline":"Veja concursos e sele\u00e7\u00f5es com editais publicados na PB at\u00e9 o dia 3 de maio","datePublished":"2020-04-27T20:55:51+00:00","mainEntityOfPage":{"@id":"https:\/\/noticiasemdestaque.com\/cd\/?p=24525"},"wordCount":175,"publisher":{"@id":"https:\/\/noticiasemdestaque.com\/cd\/#organization"},"image":{"@id":"https:\/\/noticiasemdestaque.com\/cd\/?p=24525#primaryimage"},"thumbnailUrl":"https:\/\/noticiasemdestaque.com\/cd\/wp-content\/uploads\/2017\/09\/Concursos-RN_01-300x160.jpg","articleSection":["Educa\u00e7\u00e3o"],"inLanguage":"pt-BR"},{"@type":"WebPage","@id":"https:\/\/noticiasemdestaque.com\/cd\/?p=24525","url":"https:\/\/noticiasemdestaque.com\/cd\/?p=24525","name":"Veja concursos e sele\u00e7\u00f5es com editais publicados na PB at\u00e9 o dia 3 de maio - Not&iacute;cias em Destaque","isPartOf":{"@id":"https:\/\/noticiasemdestaque.com\/cd\/#website"},"primaryImageOfPage":{"@id":"https:\/\/noticiasemdestaque.com\/cd\/?p=24525#primaryimage"},"image":{"@id":"https:\/\/noticiasemdestaque.com\/cd\/?p=24525#primaryimage"},"thumbnailUrl":"https:\/\/noticiasemdestaque.com\/cd\/wp-content\/uploads\/2017\/09\/Concursos-RN_01-300x160.jpg","datePublished":"2020-04-27T20:55:51+00:00","breadcrumb":{"@id":"https:\/\/noticiasemdestaque.com\/cd\/?p=24525#breadcrumb"},"inLanguage":"pt-BR","potentialAction":[{"@type":"ReadAction","target":["https:\/\/noticiasemdestaque.com\/cd\/?p=24525"]}]},{"@type":"ImageObject","inLanguage":"pt-BR","@id":"https:\/\/noticiasemdestaque.com\/cd\/?p=24525#primaryimage","url":"https:\/\/noticiasemdestaque.com\/cd\/wp-content\/uploads\/2017\/09\/Concursos-RN_01-300x160.jpg","contentUrl":"https:\/\/noticiasemdestaque.com\/cd\/wp-content\/uploads\/2017\/09\/Concursos-RN_01-300x160.jpg","width":300,"height":160},{"@type":"BreadcrumbList","@id":"https:\/\/noticiasemdestaque.com\/cd\/?p=24525#breadcrumb","itemListElement":[{"@type":"ListItem","position":1,"name":"In\u00edcio","item":"https:\/\/noticiasemdestaque.com\/cd\/"},{"@type":"ListItem","position":2,"name":"Veja concursos e sele\u00e7\u00f5es com editais publicados na PB at\u00e9 o dia 3 de maio"}]},{"@type":"WebSite","@id":"https:\/\/noticiasemdestaque.com\/cd\/#website","url":"https:\/\/noticiasemdestaque.com\/cd\/","name":"Not&iacute;cias em Destaque","description":"","publisher":{"@id":"https:\/\/noticiasemdestaque.com\/cd\/#organization"},"potentialAction":[{"@type":"SearchAction","target":{"@type":"EntryPoint","urlTemplate":"https:\/\/noticiasemdestaque.com\/cd\/?s={search_term_string}"},"query-input":{"@type":"PropertyValueSpecification","valueRequired":true,"valueName":"search_term_string"}}],"inLanguage":"pt-BR"},{"@type":"Organization","@id":"https:\/\/noticiasemdestaque.com\/cd\/#organization","name":"Not\u00edcias em Destaque","url":"https:\/\/noticiasemdestaque.com\/cd\/","logo":{"@type":"ImageObject","inLanguage":"pt-BR","@id":"https:\/\/noticiasemdestaque.com\/cd\/#\/schema\/logo\/image\/","url":"https:\/\/noticiasemdestaque.com\/cd\/wp-content\/uploads\/2022\/05\/imagem-base-noticiasemdestaque.png","contentUrl":"https:\/\/noticiasemdestaque.com\/cd\/wp-content\/uploads\/2022\/05\/imagem-base-noticiasemdestaque.png","width":1200,"height":630,"caption":"Not\u00edcias em Destaque"},"image":{"@id":"https:\/\/noticiasemdestaque.com\/cd\/#\/schema\/logo\/image\/"}},{"@type":"Person","@id":"https:\/\/noticiasemdestaque.com\/cd\/#\/schema\/person\/21320b03a7e8bb90128938dafc9b908a","name":"Not\u00edcias em Destaque","url":"https:\/\/noticiasemdestaque.com\/cd\/?author=2"}]}},"jetpack_featured_media_url":"https:\/\/noticiasemdestaque.com\/cd\/wp-content\/uploads\/2017\/09\/Concursos-RN_01-300x160.jpg","jetpack_sharing_enabled":true,"_links":{"self":[{"href":"https:\/\/noticiasemdestaque.com\/cd\/index.php?rest_route=\/wp\/v2\/posts\/24525","targetHints":{"allow":["GET"]}}],"collection":[{"href":"https:\/\/noticiasemdestaque.com\/cd\/index.php?rest_route=\/wp\/v2\/posts"}],"about":[{"href":"https:\/\/noticiasemdestaque.com\/cd\/index.php?rest_route=\/wp\/v2\/types\/post"}],"author":[{"embeddable":true,"href":"https:\/\/noticiasemdestaque.com\/cd\/index.php?rest_route=\/wp\/v2\/users\/2"}],"replies":[{"embeddable":true,"href":"https:\/\/noticiasemdestaque.com\/cd\/index.php?rest_route=%2Fwp%2Fv2%2Fcomments&post=24525"}],"version-history":[{"count":1,"href":"https:\/\/noticiasemdestaque.com\/cd\/index.php?rest_route=\/wp\/v2\/posts\/24525\/revisions"}],"predecessor-version":[{"id":24526,"href":"https:\/\/noticiasemdestaque.com\/cd\/index.php?rest_route=\/wp\/v2\/posts\/24525\/revisions\/24526"}],"wp:featuredmedia":[{"embeddable":true,"href":"https:\/\/noticiasemdestaque.com\/cd\/index.php?rest_route=\/wp\/v2\/media\/4028"}],"wp:attachment":[{"href":"https:\/\/noticiasemdestaque.com\/cd\/index.php?rest_route=%2Fwp%2Fv2%2Fmedia&parent=24525"}],"wp:term":[{"taxonomy":"category","embeddable":true,"href":"https:\/\/noticiasemdestaque.com\/cd\/index.php?rest_route=%2Fwp%2Fv2%2Fcategories&post=24525"},{"taxonomy":"post_tag","embeddable":true,"href":"https:\/\/noticiasemdestaque.com\/cd\/index.php?rest_route=%2Fwp%2Fv2%2Ftags&post=24525"}],"curies":[{"name":"wp","href":"https:\/\/api.w.org\/{rel}","templated":true}]}}