{"id":24522,"date":"2020-04-28T17:50:34","date_gmt":"2020-04-28T20:50:34","guid":{"rendered":"http:\/\/noticiasemdestaque.com\/cd\/?p=24522"},"modified":"2020-04-28T20:44:25","modified_gmt":"2020-04-28T23:44:25","slug":"joao-azevedo-anuncia-pagamento-de-servidores-estaduais-para-dias-29-e-30-de-abril","status":"publish","type":"post","link":"https:\/\/noticiasemdestaque.com\/cd\/?p=24522","title":{"rendered":"Pagamento de servidores estaduais come\u00e7a nesta quarta-feira"},"content":{"rendered":"<p><a href=\"https:\/\/noticiasemdestaque.com\/cd\/wp-content\/uploads\/2019\/05\/jo\u00e3o-na-plen\u00e1ria.jpg\"><img fetchpriority=\"high\" decoding=\"async\" class=\"size-full wp-image-16938 aligncenter\" src=\"https:\/\/noticiasemdestaque.com\/cd\/wp-content\/uploads\/2019\/05\/jo\u00e3o-na-plen\u00e1ria.jpg\" alt=\"\" width=\"547\" height=\"398\" srcset=\"https:\/\/noticiasemdestaque.com\/cd\/wp-content\/uploads\/2019\/05\/jo\u00e3o-na-plen\u00e1ria.jpg 547w, https:\/\/noticiasemdestaque.com\/cd\/wp-content\/uploads\/2019\/05\/jo\u00e3o-na-plen\u00e1ria-300x218.jpg 300w\" sizes=\"(max-width: 547px) 100vw, 547px\" \/><\/a><\/p>\n<p>O governador Jo\u00e3o Azev\u00eado anunciou, nesta segunda-feira (27), o calend\u00e1rio de pagamento do funcionalismo p\u00fablico estadual referente ao m\u00eas de abril. De acordo com o chefe do Executivo estadual, os vencimentos dos aposentados e pensionistas ser\u00e3o pagos na pr\u00f3xima quarta-feira (29). J\u00e1 o pagamento dos servidores da ativa, das administra\u00e7\u00f5es direta e indireta, ser\u00e1 efetuado na quinta-feira (30).<\/p>\n<p>O pagamento dos servidores estaduais dentro do m\u00eas trabalhado \u00e9 um compromisso que vem sendo cumprido pelo Governo do Estado, apesar da crise que assola o pa\u00eds por conta do coronav\u00edrus (Covid-19).<\/p>\n<p>\u201cEsse \u00e9 um esfor\u00e7o muito grande do governo, mesmo diante da queda de receita. N\u00f3s estamos cumprindo e honrando o compromisso com os servidores do Estado\u201d, ressaltou Jo\u00e3o Azev\u00eado, durante o programa \u2018Fala, governador\u2019, transmitido em cadeia estadual pela R\u00e1dio Tabajara.<\/p>\n<p>Calend\u00e1rio:<\/p>\n<p>29\/04 \u2013 aposentados e pensionistas<\/p>\n<p>30\/04 \u2013 servidores da ativa (administra\u00e7\u00e3o direta e indireta)<\/p>\n","protected":false},"excerpt":{"rendered":"<p>O governador Jo\u00e3o Azev\u00eado anunciou, nesta segunda-feira (27), o calend\u00e1rio de pagamento do funcionalismo p\u00fablico estadual referente ao m\u00eas de abril. De acordo com o chefe do Executivo estadual, os vencimentos dos aposentados e pensionistas ser\u00e3o pagos na pr\u00f3xima quarta-feira (29). J\u00e1 o pagamento dos servidores da ativa, das administra\u00e7\u00f5es direta e indireta, ser\u00e1 efetuado na quinta-feira (30). O pagamento dos servidores estaduais dentro do m\u00eas trabalhado \u00e9 um compromisso que vem sendo cumprido pelo Governo do Estado, apesar da crise que assola o pa\u00eds por conta do coronav\u00edrus (Covid-19). \u201cEsse \u00e9 um esfor\u00e7o muito grande do governo, mesmo diante da queda de receita. N\u00f3s estamos cumprindo e honrando o compromisso com os servidores do Estado\u201d, ressaltou Jo\u00e3o Azev\u00eado, durante o programa \u2018Fala, governador\u2019, transmitido em cadeia estadual pela R\u00e1dio Tabajara. Calend\u00e1rio: 29\/04 \u2013 aposentados e pensionistas 30\/04 \u2013 servidores da ativa (administra\u00e7\u00e3o direta e indireta)<\/p>\n","protected":false},"author":2,"featured_media":6084,"comment_status":"closed","ping_status":"open","sticky":false,"template":"","format":"standard","meta":{"_eb_attr":"","_jetpack_memberships_contains_paid_content":false,"footnotes":""},"categories":[4],"tags":[],"class_list":["post-24522","post","type-post","status-publish","format-standard","has-post-thumbnail","hentry","category-politica"],"yoast_head":"<!-- This site is optimized with the Yoast SEO plugin v26.5 - https:\/\/yoast.com\/wordpress\/plugins\/seo\/ -->\n<title>Pagamento de servidores estaduais come\u00e7a nesta quarta-feira - Not&iacute;cias em Destaque<\/title>\n<meta name=\"robots\" content=\"index, follow, max-snippet:-1, max-image-preview:large, max-video-preview:-1\" \/>\n<link rel=\"canonical\" href=\"https:\/\/noticiasemdestaque.com\/cd\/?p=24522\" \/>\n<meta property=\"og:locale\" content=\"pt_BR\" \/>\n<meta property=\"og:type\" content=\"article\" \/>\n<meta property=\"og:title\" content=\"Pagamento de servidores estaduais come\u00e7a nesta quarta-feira - Not&iacute;cias em Destaque\" \/>\n<meta property=\"og:description\" content=\"O governador Jo\u00e3o Azev\u00eado anunciou, nesta segunda-feira (27), o calend\u00e1rio de pagamento do funcionalismo p\u00fablico estadual referente ao m\u00eas de abril. De acordo com o chefe do Executivo estadual, os vencimentos dos aposentados e pensionistas ser\u00e3o pagos na pr\u00f3xima quarta-feira (29). J\u00e1 o pagamento dos servidores da ativa, das administra\u00e7\u00f5es direta e indireta, ser\u00e1 efetuado na quinta-feira (30). O pagamento dos servidores estaduais dentro do m\u00eas trabalhado \u00e9 um compromisso que vem sendo cumprido pelo Governo do Estado, apesar da crise que assola o pa\u00eds por conta do coronav\u00edrus (Covid-19). \u201cEsse \u00e9 um esfor\u00e7o muito grande do governo, mesmo diante da queda de receita. N\u00f3s estamos cumprindo e honrando o compromisso com os servidores do Estado\u201d, ressaltou Jo\u00e3o Azev\u00eado, durante o programa \u2018Fala, governador\u2019, transmitido em cadeia estadual pela R\u00e1dio Tabajara. Calend\u00e1rio: 29\/04 \u2013 aposentados e pensionistas 30\/04 \u2013 servidores da ativa (administra\u00e7\u00e3o direta e indireta)\" \/>\n<meta property=\"og:url\" content=\"https:\/\/noticiasemdestaque.com\/cd\/?p=24522\" \/>\n<meta property=\"og:site_name\" content=\"Not&iacute;cias em Destaque\" \/>\n<meta property=\"article:published_time\" content=\"2020-04-28T20:50:34+00:00\" \/>\n<meta property=\"article:modified_time\" content=\"2020-04-28T23:44:25+00:00\" \/>\n<meta property=\"og:image\" content=\"https:\/\/noticiasemdestaque.com\/cd\/wp-content\/uploads\/2017\/11\/jo\u00e3o-azevedo.jpg\" \/>\n\t<meta property=\"og:image:width\" content=\"1150\" \/>\n\t<meta property=\"og:image:height\" content=\"767\" \/>\n\t<meta property=\"og:image:type\" content=\"image\/jpeg\" \/>\n<meta name=\"author\" content=\"Not\u00edcias em Destaque\" \/>\n<meta name=\"twitter:card\" content=\"summary_large_image\" \/>\n<meta name=\"twitter:label1\" content=\"Escrito por\" \/>\n\t<meta name=\"twitter:data1\" content=\"Not\u00edcias em Destaque\" \/>\n\t<meta name=\"twitter:label2\" content=\"Est. tempo de leitura\" \/>\n\t<meta name=\"twitter:data2\" content=\"1 minuto\" \/>\n<script type=\"application\/ld+json\" class=\"yoast-schema-graph\">{\"@context\":\"https:\/\/schema.org\",\"@graph\":[{\"@type\":\"Article\",\"@id\":\"https:\/\/noticiasemdestaque.com\/cd\/?p=24522#article\",\"isPartOf\":{\"@id\":\"https:\/\/noticiasemdestaque.com\/cd\/?p=24522\"},\"author\":{\"name\":\"Not\u00edcias em Destaque\",\"@id\":\"https:\/\/noticiasemdestaque.com\/cd\/#\/schema\/person\/21320b03a7e8bb90128938dafc9b908a\"},\"headline\":\"Pagamento de servidores estaduais come\u00e7a nesta quarta-feira\",\"datePublished\":\"2020-04-28T20:50:34+00:00\",\"dateModified\":\"2020-04-28T23:44:25+00:00\",\"mainEntityOfPage\":{\"@id\":\"https:\/\/noticiasemdestaque.com\/cd\/?p=24522\"},\"wordCount\":163,\"publisher\":{\"@id\":\"https:\/\/noticiasemdestaque.com\/cd\/#organization\"},\"image\":{\"@id\":\"https:\/\/noticiasemdestaque.com\/cd\/?p=24522#primaryimage\"},\"thumbnailUrl\":\"https:\/\/noticiasemdestaque.com\/cd\/wp-content\/uploads\/2017\/11\/jo\u00e3o-azevedo.jpg\",\"articleSection\":[\"Pol\u00edtica\"],\"inLanguage\":\"pt-BR\"},{\"@type\":\"WebPage\",\"@id\":\"https:\/\/noticiasemdestaque.com\/cd\/?p=24522\",\"url\":\"https:\/\/noticiasemdestaque.com\/cd\/?p=24522\",\"name\":\"Pagamento de servidores estaduais come\u00e7a nesta quarta-feira - Not&iacute;cias em Destaque\",\"isPartOf\":{\"@id\":\"https:\/\/noticiasemdestaque.com\/cd\/#website\"},\"primaryImageOfPage\":{\"@id\":\"https:\/\/noticiasemdestaque.com\/cd\/?p=24522#primaryimage\"},\"image\":{\"@id\":\"https:\/\/noticiasemdestaque.com\/cd\/?p=24522#primaryimage\"},\"thumbnailUrl\":\"https:\/\/noticiasemdestaque.com\/cd\/wp-content\/uploads\/2017\/11\/jo\u00e3o-azevedo.jpg\",\"datePublished\":\"2020-04-28T20:50:34+00:00\",\"dateModified\":\"2020-04-28T23:44:25+00:00\",\"breadcrumb\":{\"@id\":\"https:\/\/noticiasemdestaque.com\/cd\/?p=24522#breadcrumb\"},\"inLanguage\":\"pt-BR\",\"potentialAction\":[{\"@type\":\"ReadAction\",\"target\":[\"https:\/\/noticiasemdestaque.com\/cd\/?p=24522\"]}]},{\"@type\":\"ImageObject\",\"inLanguage\":\"pt-BR\",\"@id\":\"https:\/\/noticiasemdestaque.com\/cd\/?p=24522#primaryimage\",\"url\":\"https:\/\/noticiasemdestaque.com\/cd\/wp-content\/uploads\/2017\/11\/jo\u00e3o-azevedo.jpg\",\"contentUrl\":\"https:\/\/noticiasemdestaque.com\/cd\/wp-content\/uploads\/2017\/11\/jo\u00e3o-azevedo.jpg\",\"width\":1150,\"height\":767},{\"@type\":\"BreadcrumbList\",\"@id\":\"https:\/\/noticiasemdestaque.com\/cd\/?p=24522#breadcrumb\",\"itemListElement\":[{\"@type\":\"ListItem\",\"position\":1,\"name\":\"In\u00edcio\",\"item\":\"https:\/\/noticiasemdestaque.com\/cd\/\"},{\"@type\":\"ListItem\",\"position\":2,\"name\":\"Pagamento de servidores estaduais come\u00e7a nesta quarta-feira\"}]},{\"@type\":\"WebSite\",\"@id\":\"https:\/\/noticiasemdestaque.com\/cd\/#website\",\"url\":\"https:\/\/noticiasemdestaque.com\/cd\/\",\"name\":\"Not&iacute;cias em Destaque\",\"description\":\"\",\"publisher\":{\"@id\":\"https:\/\/noticiasemdestaque.com\/cd\/#organization\"},\"potentialAction\":[{\"@type\":\"SearchAction\",\"target\":{\"@type\":\"EntryPoint\",\"urlTemplate\":\"https:\/\/noticiasemdestaque.com\/cd\/?s={search_term_string}\"},\"query-input\":{\"@type\":\"PropertyValueSpecification\",\"valueRequired\":true,\"valueName\":\"search_term_string\"}}],\"inLanguage\":\"pt-BR\"},{\"@type\":\"Organization\",\"@id\":\"https:\/\/noticiasemdestaque.com\/cd\/#organization\",\"name\":\"Not\u00edcias em Destaque\",\"url\":\"https:\/\/noticiasemdestaque.com\/cd\/\",\"logo\":{\"@type\":\"ImageObject\",\"inLanguage\":\"pt-BR\",\"@id\":\"https:\/\/noticiasemdestaque.com\/cd\/#\/schema\/logo\/image\/\",\"url\":\"https:\/\/noticiasemdestaque.com\/cd\/wp-content\/uploads\/2022\/05\/imagem-base-noticiasemdestaque.png\",\"contentUrl\":\"https:\/\/noticiasemdestaque.com\/cd\/wp-content\/uploads\/2022\/05\/imagem-base-noticiasemdestaque.png\",\"width\":1200,\"height\":630,\"caption\":\"Not\u00edcias em Destaque\"},\"image\":{\"@id\":\"https:\/\/noticiasemdestaque.com\/cd\/#\/schema\/logo\/image\/\"}},{\"@type\":\"Person\",\"@id\":\"https:\/\/noticiasemdestaque.com\/cd\/#\/schema\/person\/21320b03a7e8bb90128938dafc9b908a\",\"name\":\"Not\u00edcias em Destaque\",\"url\":\"https:\/\/noticiasemdestaque.com\/cd\/?author=2\"}]}<\/script>\n<!-- \/ Yoast SEO plugin. -->","yoast_head_json":{"title":"Pagamento de servidores estaduais come\u00e7a nesta quarta-feira - Not&iacute;cias em Destaque","robots":{"index":"index","follow":"follow","max-snippet":"max-snippet:-1","max-image-preview":"max-image-preview:large","max-video-preview":"max-video-preview:-1"},"canonical":"https:\/\/noticiasemdestaque.com\/cd\/?p=24522","og_locale":"pt_BR","og_type":"article","og_title":"Pagamento de servidores estaduais come\u00e7a nesta quarta-feira - Not&iacute;cias em Destaque","og_description":"O governador Jo\u00e3o Azev\u00eado anunciou, nesta segunda-feira (27), o calend\u00e1rio de pagamento do funcionalismo p\u00fablico estadual referente ao m\u00eas de abril. De acordo com o chefe do Executivo estadual, os vencimentos dos aposentados e pensionistas ser\u00e3o pagos na pr\u00f3xima quarta-feira (29). J\u00e1 o pagamento dos servidores da ativa, das administra\u00e7\u00f5es direta e indireta, ser\u00e1 efetuado na quinta-feira (30). O pagamento dos servidores estaduais dentro do m\u00eas trabalhado \u00e9 um compromisso que vem sendo cumprido pelo Governo do Estado, apesar da crise que assola o pa\u00eds por conta do coronav\u00edrus (Covid-19). \u201cEsse \u00e9 um esfor\u00e7o muito grande do governo, mesmo diante da queda de receita. N\u00f3s estamos cumprindo e honrando o compromisso com os servidores do Estado\u201d, ressaltou Jo\u00e3o Azev\u00eado, durante o programa \u2018Fala, governador\u2019, transmitido em cadeia estadual pela R\u00e1dio Tabajara. Calend\u00e1rio: 29\/04 \u2013 aposentados e pensionistas 30\/04 \u2013 servidores da ativa (administra\u00e7\u00e3o direta e indireta)","og_url":"https:\/\/noticiasemdestaque.com\/cd\/?p=24522","og_site_name":"Not&iacute;cias em Destaque","article_published_time":"2020-04-28T20:50:34+00:00","article_modified_time":"2020-04-28T23:44:25+00:00","og_image":[{"width":1150,"height":767,"url":"https:\/\/noticiasemdestaque.com\/cd\/wp-content\/uploads\/2017\/11\/jo\u00e3o-azevedo.jpg","type":"image\/jpeg"}],"author":"Not\u00edcias em Destaque","twitter_card":"summary_large_image","twitter_misc":{"Escrito por":"Not\u00edcias em Destaque","Est. tempo de leitura":"1 minuto"},"schema":{"@context":"https:\/\/schema.org","@graph":[{"@type":"Article","@id":"https:\/\/noticiasemdestaque.com\/cd\/?p=24522#article","isPartOf":{"@id":"https:\/\/noticiasemdestaque.com\/cd\/?p=24522"},"author":{"name":"Not\u00edcias em Destaque","@id":"https:\/\/noticiasemdestaque.com\/cd\/#\/schema\/person\/21320b03a7e8bb90128938dafc9b908a"},"headline":"Pagamento de servidores estaduais come\u00e7a nesta quarta-feira","datePublished":"2020-04-28T20:50:34+00:00","dateModified":"2020-04-28T23:44:25+00:00","mainEntityOfPage":{"@id":"https:\/\/noticiasemdestaque.com\/cd\/?p=24522"},"wordCount":163,"publisher":{"@id":"https:\/\/noticiasemdestaque.com\/cd\/#organization"},"image":{"@id":"https:\/\/noticiasemdestaque.com\/cd\/?p=24522#primaryimage"},"thumbnailUrl":"https:\/\/noticiasemdestaque.com\/cd\/wp-content\/uploads\/2017\/11\/jo\u00e3o-azevedo.jpg","articleSection":["Pol\u00edtica"],"inLanguage":"pt-BR"},{"@type":"WebPage","@id":"https:\/\/noticiasemdestaque.com\/cd\/?p=24522","url":"https:\/\/noticiasemdestaque.com\/cd\/?p=24522","name":"Pagamento de servidores estaduais come\u00e7a nesta quarta-feira - Not&iacute;cias em Destaque","isPartOf":{"@id":"https:\/\/noticiasemdestaque.com\/cd\/#website"},"primaryImageOfPage":{"@id":"https:\/\/noticiasemdestaque.com\/cd\/?p=24522#primaryimage"},"image":{"@id":"https:\/\/noticiasemdestaque.com\/cd\/?p=24522#primaryimage"},"thumbnailUrl":"https:\/\/noticiasemdestaque.com\/cd\/wp-content\/uploads\/2017\/11\/jo\u00e3o-azevedo.jpg","datePublished":"2020-04-28T20:50:34+00:00","dateModified":"2020-04-28T23:44:25+00:00","breadcrumb":{"@id":"https:\/\/noticiasemdestaque.com\/cd\/?p=24522#breadcrumb"},"inLanguage":"pt-BR","potentialAction":[{"@type":"ReadAction","target":["https:\/\/noticiasemdestaque.com\/cd\/?p=24522"]}]},{"@type":"ImageObject","inLanguage":"pt-BR","@id":"https:\/\/noticiasemdestaque.com\/cd\/?p=24522#primaryimage","url":"https:\/\/noticiasemdestaque.com\/cd\/wp-content\/uploads\/2017\/11\/jo\u00e3o-azevedo.jpg","contentUrl":"https:\/\/noticiasemdestaque.com\/cd\/wp-content\/uploads\/2017\/11\/jo\u00e3o-azevedo.jpg","width":1150,"height":767},{"@type":"BreadcrumbList","@id":"https:\/\/noticiasemdestaque.com\/cd\/?p=24522#breadcrumb","itemListElement":[{"@type":"ListItem","position":1,"name":"In\u00edcio","item":"https:\/\/noticiasemdestaque.com\/cd\/"},{"@type":"ListItem","position":2,"name":"Pagamento de servidores estaduais come\u00e7a nesta quarta-feira"}]},{"@type":"WebSite","@id":"https:\/\/noticiasemdestaque.com\/cd\/#website","url":"https:\/\/noticiasemdestaque.com\/cd\/","name":"Not&iacute;cias em Destaque","description":"","publisher":{"@id":"https:\/\/noticiasemdestaque.com\/cd\/#organization"},"potentialAction":[{"@type":"SearchAction","target":{"@type":"EntryPoint","urlTemplate":"https:\/\/noticiasemdestaque.com\/cd\/?s={search_term_string}"},"query-input":{"@type":"PropertyValueSpecification","valueRequired":true,"valueName":"search_term_string"}}],"inLanguage":"pt-BR"},{"@type":"Organization","@id":"https:\/\/noticiasemdestaque.com\/cd\/#organization","name":"Not\u00edcias em Destaque","url":"https:\/\/noticiasemdestaque.com\/cd\/","logo":{"@type":"ImageObject","inLanguage":"pt-BR","@id":"https:\/\/noticiasemdestaque.com\/cd\/#\/schema\/logo\/image\/","url":"https:\/\/noticiasemdestaque.com\/cd\/wp-content\/uploads\/2022\/05\/imagem-base-noticiasemdestaque.png","contentUrl":"https:\/\/noticiasemdestaque.com\/cd\/wp-content\/uploads\/2022\/05\/imagem-base-noticiasemdestaque.png","width":1200,"height":630,"caption":"Not\u00edcias em Destaque"},"image":{"@id":"https:\/\/noticiasemdestaque.com\/cd\/#\/schema\/logo\/image\/"}},{"@type":"Person","@id":"https:\/\/noticiasemdestaque.com\/cd\/#\/schema\/person\/21320b03a7e8bb90128938dafc9b908a","name":"Not\u00edcias em Destaque","url":"https:\/\/noticiasemdestaque.com\/cd\/?author=2"}]}},"jetpack_featured_media_url":"https:\/\/noticiasemdestaque.com\/cd\/wp-content\/uploads\/2017\/11\/jo\u00e3o-azevedo.jpg","jetpack_sharing_enabled":true,"_links":{"self":[{"href":"https:\/\/noticiasemdestaque.com\/cd\/index.php?rest_route=\/wp\/v2\/posts\/24522","targetHints":{"allow":["GET"]}}],"collection":[{"href":"https:\/\/noticiasemdestaque.com\/cd\/index.php?rest_route=\/wp\/v2\/posts"}],"about":[{"href":"https:\/\/noticiasemdestaque.com\/cd\/index.php?rest_route=\/wp\/v2\/types\/post"}],"author":[{"embeddable":true,"href":"https:\/\/noticiasemdestaque.com\/cd\/index.php?rest_route=\/wp\/v2\/users\/2"}],"replies":[{"embeddable":true,"href":"https:\/\/noticiasemdestaque.com\/cd\/index.php?rest_route=%2Fwp%2Fv2%2Fcomments&post=24522"}],"version-history":[{"count":2,"href":"https:\/\/noticiasemdestaque.com\/cd\/index.php?rest_route=\/wp\/v2\/posts\/24522\/revisions"}],"predecessor-version":[{"id":24549,"href":"https:\/\/noticiasemdestaque.com\/cd\/index.php?rest_route=\/wp\/v2\/posts\/24522\/revisions\/24549"}],"wp:featuredmedia":[{"embeddable":true,"href":"https:\/\/noticiasemdestaque.com\/cd\/index.php?rest_route=\/wp\/v2\/media\/6084"}],"wp:attachment":[{"href":"https:\/\/noticiasemdestaque.com\/cd\/index.php?rest_route=%2Fwp%2Fv2%2Fmedia&parent=24522"}],"wp:term":[{"taxonomy":"category","embeddable":true,"href":"https:\/\/noticiasemdestaque.com\/cd\/index.php?rest_route=%2Fwp%2Fv2%2Fcategories&post=24522"},{"taxonomy":"post_tag","embeddable":true,"href":"https:\/\/noticiasemdestaque.com\/cd\/index.php?rest_route=%2Fwp%2Fv2%2Ftags&post=24522"}],"curies":[{"name":"wp","href":"https:\/\/api.w.org\/{rel}","templated":true}]}}