{"id":245,"date":"2017-06-06T22:49:18","date_gmt":"2017-06-07T01:49:18","guid":{"rendered":"http:\/\/caririemdestaque.com\/cd\/?p=245"},"modified":"2017-06-06T22:49:18","modified_gmt":"2017-06-07T01:49:18","slug":"governo-anuncia-ampliacao-da-rede-farmacia-popular","status":"publish","type":"post","link":"https:\/\/noticiasemdestaque.com\/cd\/?p=245","title":{"rendered":"Governo anuncia amplia\u00e7\u00e3o da Rede Farm\u00e1cia Popular"},"content":{"rendered":"<p>O Minist\u00e9rio da Sa\u00fade anunciou hoje (6) mudan\u00e7as no Programa de Aten\u00e7\u00e3o B\u00e1sica do Sistema \u00danico de Sa\u00fade, entre elas a forma de repasse de recursos para a compra de rem\u00e9dios e a amplia\u00e7\u00e3o da rede Farm\u00e1cia Popular. As medidas devem ser implantadas at\u00e9 agosto.<\/p>\n<p>Para o ministro da Sa\u00fade, Ricardo Barros, a medida dever\u00e1 aumentar em 80% a compra de medicamentos. \u201dO programa tem uma verba de R$ 100 milh\u00f5es por ano. Desse total, 80% eram destinados ao pagamento de alugu\u00e9is e sal\u00e1rios\u201d, afirmou.<\/p>\n<p>O novo modelo foi aprovado pela Comiss\u00e3o Intergestores Tripartite (CIT), formada por representantes dos estados, munic\u00edpios e do governo federal. De acordo com Ricardo Barros, os estados e munic\u00edpios receber\u00e3o aumento no repasse anual da verba para a compra de rem\u00e9dios. \u201cO valor passar\u00e1 de R$ 5,10 para R$ 5,58 na m\u00e9dia por habitante\u201d, disse.<\/p>\n<p>Atualmente, 4.481 munic\u00edpios disp\u00f5em do servi\u00e7o da Farm\u00e1cia Popular. Com a nova medida, a expectativa \u00e9 que mais 1.000 cidades sejam inclu\u00eddas.<\/p>\n<p>O programa Aqui Tem Farm\u00e1cia Popular, parceria do governo federal com farm\u00e1cias privadas, continua funcionando normalmente. Em m\u00e9dia, o programa beneficias 9,8 milh\u00f5es de pessoas. Medicamentos contra a hipertens\u00e3o, o diabetes e a asma representam cerca de 90% da demanda.<\/p>\n<p>Dados do Minist\u00e9rio da Sa\u00fade mostram que o programa cobre 80% do pa\u00eds. S\u00e3o 34.910 farm\u00e1cias cadastradas e, ao todo, 42 produtos oferecidos, 26 disponibilizados gratuitamente. Os demais t\u00eam descontos de at\u00e9 90%.<\/p>\n<p><strong><em>Cariri em Destaque<\/em><\/strong><\/p>\n<p>Com EBC<\/p>\n","protected":false},"excerpt":{"rendered":"<p>O Minist\u00e9rio da Sa\u00fade anunciou hoje (6) mudan\u00e7as no Programa de Aten\u00e7\u00e3o B\u00e1sica do Sistema \u00danico de Sa\u00fade, entre elas a forma de repasse de recursos para a compra de rem\u00e9dios e a amplia\u00e7\u00e3o da rede Farm\u00e1cia Popular. As medidas devem ser implantadas at\u00e9 agosto. Para o ministro da Sa\u00fade, Ricardo Barros, a medida dever\u00e1 aumentar em 80% a compra de medicamentos. \u201dO programa tem uma verba de R$ 100 milh\u00f5es por ano. Desse total, 80% eram destinados ao pagamento de alugu\u00e9is e sal\u00e1rios\u201d, afirmou. O novo modelo foi aprovado pela Comiss\u00e3o Intergestores Tripartite (CIT), formada por representantes dos estados, munic\u00edpios e do governo federal. De acordo com Ricardo Barros, os estados e munic\u00edpios receber\u00e3o aumento no repasse anual da verba para a compra de rem\u00e9dios. \u201cO valor passar\u00e1 de R$ 5,10 para R$ 5,58 na m\u00e9dia por habitante\u201d, disse. Atualmente, 4.481 munic\u00edpios disp\u00f5em do servi\u00e7o da Farm\u00e1cia Popular. Com a nova medida, a expectativa \u00e9 que mais 1.000 cidades sejam inclu\u00eddas. O programa Aqui Tem Farm\u00e1cia Popular, parceria do governo federal com farm\u00e1cias privadas, continua funcionando normalmente. Em m\u00e9dia, o programa beneficias 9,8 milh\u00f5es de pessoas. Medicamentos contra a hipertens\u00e3o, o diabetes e a asma representam cerca de 90% da demanda. Dados do Minist\u00e9rio da Sa\u00fade mostram que o programa cobre 80% do pa\u00eds. S\u00e3o 34.910 farm\u00e1cias cadastradas e, ao todo, 42 produtos oferecidos, 26 disponibilizados gratuitamente. Os demais t\u00eam descontos de at\u00e9 90%. Cariri em Destaque Com EBC<\/p>\n","protected":false},"author":2,"featured_media":246,"comment_status":"closed","ping_status":"open","sticky":false,"template":"","format":"standard","meta":{"_eb_attr":"","_jetpack_memberships_contains_paid_content":false,"footnotes":""},"categories":[8],"tags":[],"class_list":["post-245","post","type-post","status-publish","format-standard","has-post-thumbnail","hentry","category-saude"],"yoast_head":"<!-- This site is optimized with the Yoast SEO plugin v26.5 - https:\/\/yoast.com\/wordpress\/plugins\/seo\/ -->\n<title>Governo anuncia amplia\u00e7\u00e3o da Rede Farm\u00e1cia Popular - Not&iacute;cias em Destaque<\/title>\n<meta name=\"robots\" content=\"index, follow, max-snippet:-1, max-image-preview:large, max-video-preview:-1\" \/>\n<link rel=\"canonical\" href=\"https:\/\/noticiasemdestaque.com\/cd\/?p=245\" \/>\n<meta property=\"og:locale\" content=\"pt_BR\" \/>\n<meta property=\"og:type\" content=\"article\" \/>\n<meta property=\"og:title\" content=\"Governo anuncia amplia\u00e7\u00e3o da Rede Farm\u00e1cia Popular - Not&iacute;cias em Destaque\" \/>\n<meta property=\"og:description\" content=\"O Minist\u00e9rio da Sa\u00fade anunciou hoje (6) mudan\u00e7as no Programa de Aten\u00e7\u00e3o B\u00e1sica do Sistema \u00danico de Sa\u00fade, entre elas a forma de repasse de recursos para a compra de rem\u00e9dios e a amplia\u00e7\u00e3o da rede Farm\u00e1cia Popular. As medidas devem ser implantadas at\u00e9 agosto. Para o ministro da Sa\u00fade, Ricardo Barros, a medida dever\u00e1 aumentar em 80% a compra de medicamentos. \u201dO programa tem uma verba de R$ 100 milh\u00f5es por ano. Desse total, 80% eram destinados ao pagamento de alugu\u00e9is e sal\u00e1rios\u201d, afirmou. O novo modelo foi aprovado pela Comiss\u00e3o Intergestores Tripartite (CIT), formada por representantes dos estados, munic\u00edpios e do governo federal. De acordo com Ricardo Barros, os estados e munic\u00edpios receber\u00e3o aumento no repasse anual da verba para a compra de rem\u00e9dios. \u201cO valor passar\u00e1 de R$ 5,10 para R$ 5,58 na m\u00e9dia por habitante\u201d, disse. Atualmente, 4.481 munic\u00edpios disp\u00f5em do servi\u00e7o da Farm\u00e1cia Popular. Com a nova medida, a expectativa \u00e9 que mais 1.000 cidades sejam inclu\u00eddas. O programa Aqui Tem Farm\u00e1cia Popular, parceria do governo federal com farm\u00e1cias privadas, continua funcionando normalmente. Em m\u00e9dia, o programa beneficias 9,8 milh\u00f5es de pessoas. Medicamentos contra a hipertens\u00e3o, o diabetes e a asma representam cerca de 90% da demanda. Dados do Minist\u00e9rio da Sa\u00fade mostram que o programa cobre 80% do pa\u00eds. S\u00e3o 34.910 farm\u00e1cias cadastradas e, ao todo, 42 produtos oferecidos, 26 disponibilizados gratuitamente. Os demais t\u00eam descontos de at\u00e9 90%. Cariri em Destaque Com EBC\" \/>\n<meta property=\"og:url\" content=\"https:\/\/noticiasemdestaque.com\/cd\/?p=245\" \/>\n<meta property=\"og:site_name\" content=\"Not&iacute;cias em Destaque\" \/>\n<meta property=\"article:published_time\" content=\"2017-06-07T01:49:18+00:00\" \/>\n<meta property=\"og:image\" content=\"https:\/\/noticiasemdestaque.com\/cd\/wp-content\/uploads\/2017\/06\/q3295u14i_1knzok1ujw_file.jpeg\" \/>\n\t<meta property=\"og:image:width\" content=\"460\" \/>\n\t<meta property=\"og:image:height\" content=\"305\" \/>\n\t<meta property=\"og:image:type\" content=\"image\/jpeg\" \/>\n<meta name=\"author\" content=\"Not\u00edcias em Destaque\" \/>\n<meta name=\"twitter:card\" content=\"summary_large_image\" \/>\n<meta name=\"twitter:label1\" content=\"Escrito por\" \/>\n\t<meta name=\"twitter:data1\" content=\"Not\u00edcias em Destaque\" \/>\n\t<meta name=\"twitter:label2\" content=\"Est. tempo de leitura\" \/>\n\t<meta name=\"twitter:data2\" content=\"1 minuto\" \/>\n<script type=\"application\/ld+json\" class=\"yoast-schema-graph\">{\"@context\":\"https:\/\/schema.org\",\"@graph\":[{\"@type\":\"Article\",\"@id\":\"https:\/\/noticiasemdestaque.com\/cd\/?p=245#article\",\"isPartOf\":{\"@id\":\"https:\/\/noticiasemdestaque.com\/cd\/?p=245\"},\"author\":{\"name\":\"Not\u00edcias em Destaque\",\"@id\":\"https:\/\/noticiasemdestaque.com\/cd\/#\/schema\/person\/47f7d4f55eec17c6b2ca036c5500f6ce\"},\"headline\":\"Governo anuncia amplia\u00e7\u00e3o da Rede Farm\u00e1cia Popular\",\"datePublished\":\"2017-06-07T01:49:18+00:00\",\"mainEntityOfPage\":{\"@id\":\"https:\/\/noticiasemdestaque.com\/cd\/?p=245\"},\"wordCount\":268,\"publisher\":{\"@id\":\"https:\/\/noticiasemdestaque.com\/cd\/#organization\"},\"image\":{\"@id\":\"https:\/\/noticiasemdestaque.com\/cd\/?p=245#primaryimage\"},\"thumbnailUrl\":\"https:\/\/noticiasemdestaque.com\/cd\/wp-content\/uploads\/2017\/06\/q3295u14i_1knzok1ujw_file.jpeg\",\"articleSection\":[\"Sa\u00fade\"],\"inLanguage\":\"pt-BR\"},{\"@type\":\"WebPage\",\"@id\":\"https:\/\/noticiasemdestaque.com\/cd\/?p=245\",\"url\":\"https:\/\/noticiasemdestaque.com\/cd\/?p=245\",\"name\":\"Governo anuncia amplia\u00e7\u00e3o da Rede Farm\u00e1cia Popular - Not&iacute;cias em Destaque\",\"isPartOf\":{\"@id\":\"https:\/\/noticiasemdestaque.com\/cd\/#website\"},\"primaryImageOfPage\":{\"@id\":\"https:\/\/noticiasemdestaque.com\/cd\/?p=245#primaryimage\"},\"image\":{\"@id\":\"https:\/\/noticiasemdestaque.com\/cd\/?p=245#primaryimage\"},\"thumbnailUrl\":\"https:\/\/noticiasemdestaque.com\/cd\/wp-content\/uploads\/2017\/06\/q3295u14i_1knzok1ujw_file.jpeg\",\"datePublished\":\"2017-06-07T01:49:18+00:00\",\"breadcrumb\":{\"@id\":\"https:\/\/noticiasemdestaque.com\/cd\/?p=245#breadcrumb\"},\"inLanguage\":\"pt-BR\",\"potentialAction\":[{\"@type\":\"ReadAction\",\"target\":[\"https:\/\/noticiasemdestaque.com\/cd\/?p=245\"]}]},{\"@type\":\"ImageObject\",\"inLanguage\":\"pt-BR\",\"@id\":\"https:\/\/noticiasemdestaque.com\/cd\/?p=245#primaryimage\",\"url\":\"https:\/\/noticiasemdestaque.com\/cd\/wp-content\/uploads\/2017\/06\/q3295u14i_1knzok1ujw_file.jpeg\",\"contentUrl\":\"https:\/\/noticiasemdestaque.com\/cd\/wp-content\/uploads\/2017\/06\/q3295u14i_1knzok1ujw_file.jpeg\",\"width\":460,\"height\":305},{\"@type\":\"BreadcrumbList\",\"@id\":\"https:\/\/noticiasemdestaque.com\/cd\/?p=245#breadcrumb\",\"itemListElement\":[{\"@type\":\"ListItem\",\"position\":1,\"name\":\"In\u00edcio\",\"item\":\"https:\/\/noticiasemdestaque.com\/cd\/\"},{\"@type\":\"ListItem\",\"position\":2,\"name\":\"Governo anuncia amplia\u00e7\u00e3o da Rede Farm\u00e1cia Popular\"}]},{\"@type\":\"WebSite\",\"@id\":\"https:\/\/noticiasemdestaque.com\/cd\/#website\",\"url\":\"https:\/\/noticiasemdestaque.com\/cd\/\",\"name\":\"Not&iacute;cias em Destaque\",\"description\":\"\",\"publisher\":{\"@id\":\"https:\/\/noticiasemdestaque.com\/cd\/#organization\"},\"potentialAction\":[{\"@type\":\"SearchAction\",\"target\":{\"@type\":\"EntryPoint\",\"urlTemplate\":\"https:\/\/noticiasemdestaque.com\/cd\/?s={search_term_string}\"},\"query-input\":{\"@type\":\"PropertyValueSpecification\",\"valueRequired\":true,\"valueName\":\"search_term_string\"}}],\"inLanguage\":\"pt-BR\"},{\"@type\":\"Organization\",\"@id\":\"https:\/\/noticiasemdestaque.com\/cd\/#organization\",\"name\":\"Not\u00edcias em Destaque\",\"url\":\"https:\/\/noticiasemdestaque.com\/cd\/\",\"logo\":{\"@type\":\"ImageObject\",\"inLanguage\":\"pt-BR\",\"@id\":\"https:\/\/noticiasemdestaque.com\/cd\/#\/schema\/logo\/image\/\",\"url\":\"https:\/\/noticiasemdestaque.com\/cd\/wp-content\/uploads\/2022\/05\/imagem-base-noticiasemdestaque.png\",\"contentUrl\":\"https:\/\/noticiasemdestaque.com\/cd\/wp-content\/uploads\/2022\/05\/imagem-base-noticiasemdestaque.png\",\"width\":1200,\"height\":630,\"caption\":\"Not\u00edcias em Destaque\"},\"image\":{\"@id\":\"https:\/\/noticiasemdestaque.com\/cd\/#\/schema\/logo\/image\/\"}},{\"@type\":\"Person\",\"@id\":\"https:\/\/noticiasemdestaque.com\/cd\/#\/schema\/person\/47f7d4f55eec17c6b2ca036c5500f6ce\",\"name\":\"Not\u00edcias em Destaque\",\"url\":\"https:\/\/noticiasemdestaque.com\/cd\/?author=2\"}]}<\/script>\n<!-- \/ Yoast SEO plugin. -->","yoast_head_json":{"title":"Governo anuncia amplia\u00e7\u00e3o da Rede Farm\u00e1cia Popular - Not&iacute;cias em Destaque","robots":{"index":"index","follow":"follow","max-snippet":"max-snippet:-1","max-image-preview":"max-image-preview:large","max-video-preview":"max-video-preview:-1"},"canonical":"https:\/\/noticiasemdestaque.com\/cd\/?p=245","og_locale":"pt_BR","og_type":"article","og_title":"Governo anuncia amplia\u00e7\u00e3o da Rede Farm\u00e1cia Popular - Not&iacute;cias em Destaque","og_description":"O Minist\u00e9rio da Sa\u00fade anunciou hoje (6) mudan\u00e7as no Programa de Aten\u00e7\u00e3o B\u00e1sica do Sistema \u00danico de Sa\u00fade, entre elas a forma de repasse de recursos para a compra de rem\u00e9dios e a amplia\u00e7\u00e3o da rede Farm\u00e1cia Popular. As medidas devem ser implantadas at\u00e9 agosto. Para o ministro da Sa\u00fade, Ricardo Barros, a medida dever\u00e1 aumentar em 80% a compra de medicamentos. \u201dO programa tem uma verba de R$ 100 milh\u00f5es por ano. Desse total, 80% eram destinados ao pagamento de alugu\u00e9is e sal\u00e1rios\u201d, afirmou. O novo modelo foi aprovado pela Comiss\u00e3o Intergestores Tripartite (CIT), formada por representantes dos estados, munic\u00edpios e do governo federal. De acordo com Ricardo Barros, os estados e munic\u00edpios receber\u00e3o aumento no repasse anual da verba para a compra de rem\u00e9dios. \u201cO valor passar\u00e1 de R$ 5,10 para R$ 5,58 na m\u00e9dia por habitante\u201d, disse. Atualmente, 4.481 munic\u00edpios disp\u00f5em do servi\u00e7o da Farm\u00e1cia Popular. Com a nova medida, a expectativa \u00e9 que mais 1.000 cidades sejam inclu\u00eddas. O programa Aqui Tem Farm\u00e1cia Popular, parceria do governo federal com farm\u00e1cias privadas, continua funcionando normalmente. Em m\u00e9dia, o programa beneficias 9,8 milh\u00f5es de pessoas. Medicamentos contra a hipertens\u00e3o, o diabetes e a asma representam cerca de 90% da demanda. Dados do Minist\u00e9rio da Sa\u00fade mostram que o programa cobre 80% do pa\u00eds. S\u00e3o 34.910 farm\u00e1cias cadastradas e, ao todo, 42 produtos oferecidos, 26 disponibilizados gratuitamente. Os demais t\u00eam descontos de at\u00e9 90%. Cariri em Destaque Com EBC","og_url":"https:\/\/noticiasemdestaque.com\/cd\/?p=245","og_site_name":"Not&iacute;cias em Destaque","article_published_time":"2017-06-07T01:49:18+00:00","og_image":[{"width":460,"height":305,"url":"https:\/\/noticiasemdestaque.com\/cd\/wp-content\/uploads\/2017\/06\/q3295u14i_1knzok1ujw_file.jpeg","type":"image\/jpeg"}],"author":"Not\u00edcias em Destaque","twitter_card":"summary_large_image","twitter_misc":{"Escrito por":"Not\u00edcias em Destaque","Est. tempo de leitura":"1 minuto"},"schema":{"@context":"https:\/\/schema.org","@graph":[{"@type":"Article","@id":"https:\/\/noticiasemdestaque.com\/cd\/?p=245#article","isPartOf":{"@id":"https:\/\/noticiasemdestaque.com\/cd\/?p=245"},"author":{"name":"Not\u00edcias em Destaque","@id":"https:\/\/noticiasemdestaque.com\/cd\/#\/schema\/person\/47f7d4f55eec17c6b2ca036c5500f6ce"},"headline":"Governo anuncia amplia\u00e7\u00e3o da Rede Farm\u00e1cia Popular","datePublished":"2017-06-07T01:49:18+00:00","mainEntityOfPage":{"@id":"https:\/\/noticiasemdestaque.com\/cd\/?p=245"},"wordCount":268,"publisher":{"@id":"https:\/\/noticiasemdestaque.com\/cd\/#organization"},"image":{"@id":"https:\/\/noticiasemdestaque.com\/cd\/?p=245#primaryimage"},"thumbnailUrl":"https:\/\/noticiasemdestaque.com\/cd\/wp-content\/uploads\/2017\/06\/q3295u14i_1knzok1ujw_file.jpeg","articleSection":["Sa\u00fade"],"inLanguage":"pt-BR"},{"@type":"WebPage","@id":"https:\/\/noticiasemdestaque.com\/cd\/?p=245","url":"https:\/\/noticiasemdestaque.com\/cd\/?p=245","name":"Governo anuncia amplia\u00e7\u00e3o da Rede Farm\u00e1cia Popular - Not&iacute;cias em Destaque","isPartOf":{"@id":"https:\/\/noticiasemdestaque.com\/cd\/#website"},"primaryImageOfPage":{"@id":"https:\/\/noticiasemdestaque.com\/cd\/?p=245#primaryimage"},"image":{"@id":"https:\/\/noticiasemdestaque.com\/cd\/?p=245#primaryimage"},"thumbnailUrl":"https:\/\/noticiasemdestaque.com\/cd\/wp-content\/uploads\/2017\/06\/q3295u14i_1knzok1ujw_file.jpeg","datePublished":"2017-06-07T01:49:18+00:00","breadcrumb":{"@id":"https:\/\/noticiasemdestaque.com\/cd\/?p=245#breadcrumb"},"inLanguage":"pt-BR","potentialAction":[{"@type":"ReadAction","target":["https:\/\/noticiasemdestaque.com\/cd\/?p=245"]}]},{"@type":"ImageObject","inLanguage":"pt-BR","@id":"https:\/\/noticiasemdestaque.com\/cd\/?p=245#primaryimage","url":"https:\/\/noticiasemdestaque.com\/cd\/wp-content\/uploads\/2017\/06\/q3295u14i_1knzok1ujw_file.jpeg","contentUrl":"https:\/\/noticiasemdestaque.com\/cd\/wp-content\/uploads\/2017\/06\/q3295u14i_1knzok1ujw_file.jpeg","width":460,"height":305},{"@type":"BreadcrumbList","@id":"https:\/\/noticiasemdestaque.com\/cd\/?p=245#breadcrumb","itemListElement":[{"@type":"ListItem","position":1,"name":"In\u00edcio","item":"https:\/\/noticiasemdestaque.com\/cd\/"},{"@type":"ListItem","position":2,"name":"Governo anuncia amplia\u00e7\u00e3o da Rede Farm\u00e1cia Popular"}]},{"@type":"WebSite","@id":"https:\/\/noticiasemdestaque.com\/cd\/#website","url":"https:\/\/noticiasemdestaque.com\/cd\/","name":"Not&iacute;cias em Destaque","description":"","publisher":{"@id":"https:\/\/noticiasemdestaque.com\/cd\/#organization"},"potentialAction":[{"@type":"SearchAction","target":{"@type":"EntryPoint","urlTemplate":"https:\/\/noticiasemdestaque.com\/cd\/?s={search_term_string}"},"query-input":{"@type":"PropertyValueSpecification","valueRequired":true,"valueName":"search_term_string"}}],"inLanguage":"pt-BR"},{"@type":"Organization","@id":"https:\/\/noticiasemdestaque.com\/cd\/#organization","name":"Not\u00edcias em Destaque","url":"https:\/\/noticiasemdestaque.com\/cd\/","logo":{"@type":"ImageObject","inLanguage":"pt-BR","@id":"https:\/\/noticiasemdestaque.com\/cd\/#\/schema\/logo\/image\/","url":"https:\/\/noticiasemdestaque.com\/cd\/wp-content\/uploads\/2022\/05\/imagem-base-noticiasemdestaque.png","contentUrl":"https:\/\/noticiasemdestaque.com\/cd\/wp-content\/uploads\/2022\/05\/imagem-base-noticiasemdestaque.png","width":1200,"height":630,"caption":"Not\u00edcias em Destaque"},"image":{"@id":"https:\/\/noticiasemdestaque.com\/cd\/#\/schema\/logo\/image\/"}},{"@type":"Person","@id":"https:\/\/noticiasemdestaque.com\/cd\/#\/schema\/person\/47f7d4f55eec17c6b2ca036c5500f6ce","name":"Not\u00edcias em Destaque","url":"https:\/\/noticiasemdestaque.com\/cd\/?author=2"}]}},"jetpack_featured_media_url":"https:\/\/noticiasemdestaque.com\/cd\/wp-content\/uploads\/2017\/06\/q3295u14i_1knzok1ujw_file.jpeg","jetpack_sharing_enabled":true,"_links":{"self":[{"href":"https:\/\/noticiasemdestaque.com\/cd\/index.php?rest_route=\/wp\/v2\/posts\/245","targetHints":{"allow":["GET"]}}],"collection":[{"href":"https:\/\/noticiasemdestaque.com\/cd\/index.php?rest_route=\/wp\/v2\/posts"}],"about":[{"href":"https:\/\/noticiasemdestaque.com\/cd\/index.php?rest_route=\/wp\/v2\/types\/post"}],"author":[{"embeddable":true,"href":"https:\/\/noticiasemdestaque.com\/cd\/index.php?rest_route=\/wp\/v2\/users\/2"}],"replies":[{"embeddable":true,"href":"https:\/\/noticiasemdestaque.com\/cd\/index.php?rest_route=%2Fwp%2Fv2%2Fcomments&post=245"}],"version-history":[{"count":1,"href":"https:\/\/noticiasemdestaque.com\/cd\/index.php?rest_route=\/wp\/v2\/posts\/245\/revisions"}],"predecessor-version":[{"id":247,"href":"https:\/\/noticiasemdestaque.com\/cd\/index.php?rest_route=\/wp\/v2\/posts\/245\/revisions\/247"}],"wp:featuredmedia":[{"embeddable":true,"href":"https:\/\/noticiasemdestaque.com\/cd\/index.php?rest_route=\/wp\/v2\/media\/246"}],"wp:attachment":[{"href":"https:\/\/noticiasemdestaque.com\/cd\/index.php?rest_route=%2Fwp%2Fv2%2Fmedia&parent=245"}],"wp:term":[{"taxonomy":"category","embeddable":true,"href":"https:\/\/noticiasemdestaque.com\/cd\/index.php?rest_route=%2Fwp%2Fv2%2Fcategories&post=245"},{"taxonomy":"post_tag","embeddable":true,"href":"https:\/\/noticiasemdestaque.com\/cd\/index.php?rest_route=%2Fwp%2Fv2%2Ftags&post=245"}],"curies":[{"name":"wp","href":"https:\/\/api.w.org\/{rel}","templated":true}]}}