{"id":24397,"date":"2020-04-20T18:34:47","date_gmt":"2020-04-20T21:34:47","guid":{"rendered":"http:\/\/noticiasemdestaque.com\/cd\/?p=24397"},"modified":"2020-04-20T18:34:47","modified_gmt":"2020-04-20T21:34:47","slug":"prefeito-inacio-nobrega-prorroga-decreto-sobre-medidas-de-combate-ao-covid19","status":"publish","type":"post","link":"https:\/\/noticiasemdestaque.com\/cd\/?p=24397","title":{"rendered":"Prefeito In\u00e1cio N\u00f3brega prorroga decreto sobre medidas de combate ao Covid19"},"content":{"rendered":"<p><a href=\"https:\/\/noticiasemdestaque.com\/cd\/wp-content\/uploads\/2020\/01\/83329160_1806094839524038_1062601546417569792_o.jpg\"><img fetchpriority=\"high\" decoding=\"async\" class=\"wp-image-22125 aligncenter\" src=\"https:\/\/noticiasemdestaque.com\/cd\/wp-content\/uploads\/2020\/01\/83329160_1806094839524038_1062601546417569792_o.jpg\" alt=\"\" width=\"531\" height=\"365\" srcset=\"https:\/\/noticiasemdestaque.com\/cd\/wp-content\/uploads\/2020\/01\/83329160_1806094839524038_1062601546417569792_o.jpg 811w, https:\/\/noticiasemdestaque.com\/cd\/wp-content\/uploads\/2020\/01\/83329160_1806094839524038_1062601546417569792_o-300x206.jpg 300w, https:\/\/noticiasemdestaque.com\/cd\/wp-content\/uploads\/2020\/01\/83329160_1806094839524038_1062601546417569792_o-768x527.jpg 768w\" sizes=\"(max-width: 531px) 100vw, 531px\" \/><\/a><\/p>\n<p style=\"font-weight: 400;\">O Prefeito de Amparo, In\u00e1cio N\u00f3brega, confirmou a prorroga\u00e7\u00e3o de todos os decretos anteriores j\u00e1 publicados, atrav\u00e9s do decreto No 011, mantendo todas as determina\u00e7\u00f5es em rela\u00e7\u00e3o \u00e1s medidas de preven\u00e7\u00e3o contra o coronav\u00edrus.<\/p>\n<p style=\"font-weight: 400;\">A decis\u00e3o oficializa a preocupa\u00e7\u00e3o da gest\u00e3o municipal com o bem estar e a sa\u00fade de todos os mun\u00edcipes evitando que o v\u00edrus entre e se prolifere no munic\u00edpio do Amparo.<\/p>\n<p style=\"font-weight: 400;\">\u201cEstamos agindo de acordo com as autoridades de sa\u00fade a n\u00edvel estadual e seguindo todas as orienta\u00e7\u00f5es da Organiza\u00e7\u00e3o Mundial de Sa\u00fade e pensando sempre no melhor para o nosso povo\u201d, afirmou o prefeito In\u00e1cio N\u00f3brega.<\/p>\n<p><a href=\"https:\/\/noticiasemdestaque.com\/cd\/wp-content\/uploads\/2020\/04\/A-horz.jpg\"><img decoding=\"async\" class=\"alignnone size-large wp-image-24398\" src=\"https:\/\/noticiasemdestaque.com\/cd\/wp-content\/uploads\/2020\/04\/A-horz-1024x698.jpg\" alt=\"\" width=\"1024\" height=\"698\" srcset=\"https:\/\/noticiasemdestaque.com\/cd\/wp-content\/uploads\/2020\/04\/A-horz-1024x698.jpg 1024w, https:\/\/noticiasemdestaque.com\/cd\/wp-content\/uploads\/2020\/04\/A-horz-300x204.jpg 300w, https:\/\/noticiasemdestaque.com\/cd\/wp-content\/uploads\/2020\/04\/A-horz-768x523.jpg 768w, https:\/\/noticiasemdestaque.com\/cd\/wp-content\/uploads\/2020\/04\/A-horz.jpg 1600w\" sizes=\"(max-width: 1024px) 100vw, 1024px\" \/><\/a><\/p>\n<p style=\"font-weight: 400;\">Com Ascom<\/p>\n","protected":false},"excerpt":{"rendered":"<p>O Prefeito de Amparo, In\u00e1cio N\u00f3brega, confirmou a prorroga\u00e7\u00e3o de todos os decretos anteriores j\u00e1 publicados, atrav\u00e9s do decreto No 011, mantendo todas as determina\u00e7\u00f5es em rela\u00e7\u00e3o \u00e1s medidas de preven\u00e7\u00e3o contra o coronav\u00edrus. A decis\u00e3o oficializa a preocupa\u00e7\u00e3o da gest\u00e3o municipal com o bem estar e a sa\u00fade de todos os mun\u00edcipes evitando que o v\u00edrus entre e se prolifere no munic\u00edpio do Amparo. \u201cEstamos agindo de acordo com as autoridades de sa\u00fade a n\u00edvel estadual e seguindo todas as orienta\u00e7\u00f5es da Organiza\u00e7\u00e3o Mundial de Sa\u00fade e pensando sempre no melhor para o nosso povo\u201d, afirmou o prefeito In\u00e1cio N\u00f3brega. Com Ascom<\/p>\n","protected":false},"author":2,"featured_media":22125,"comment_status":"closed","ping_status":"open","sticky":false,"template":"","format":"standard","meta":{"_eb_attr":"","_jetpack_memberships_contains_paid_content":false,"footnotes":""},"categories":[4],"tags":[],"class_list":["post-24397","post","type-post","status-publish","format-standard","has-post-thumbnail","hentry","category-politica"],"yoast_head":"<!-- This site is optimized with the Yoast SEO plugin v26.5 - https:\/\/yoast.com\/wordpress\/plugins\/seo\/ -->\n<title>Prefeito In\u00e1cio N\u00f3brega prorroga decreto sobre medidas de combate ao Covid19 - Not&iacute;cias em Destaque<\/title>\n<meta name=\"robots\" content=\"index, follow, max-snippet:-1, max-image-preview:large, max-video-preview:-1\" \/>\n<link rel=\"canonical\" href=\"https:\/\/noticiasemdestaque.com\/cd\/?p=24397\" \/>\n<meta property=\"og:locale\" content=\"pt_BR\" \/>\n<meta property=\"og:type\" content=\"article\" \/>\n<meta property=\"og:title\" content=\"Prefeito In\u00e1cio N\u00f3brega prorroga decreto sobre medidas de combate ao Covid19 - Not&iacute;cias em Destaque\" \/>\n<meta property=\"og:description\" content=\"O Prefeito de Amparo, In\u00e1cio N\u00f3brega, confirmou a prorroga\u00e7\u00e3o de todos os decretos anteriores j\u00e1 publicados, atrav\u00e9s do decreto No 011, mantendo todas as determina\u00e7\u00f5es em rela\u00e7\u00e3o \u00e1s medidas de preven\u00e7\u00e3o contra o coronav\u00edrus. A decis\u00e3o oficializa a preocupa\u00e7\u00e3o da gest\u00e3o municipal com o bem estar e a sa\u00fade de todos os mun\u00edcipes evitando que o v\u00edrus entre e se prolifere no munic\u00edpio do Amparo. \u201cEstamos agindo de acordo com as autoridades de sa\u00fade a n\u00edvel estadual e seguindo todas as orienta\u00e7\u00f5es da Organiza\u00e7\u00e3o Mundial de Sa\u00fade e pensando sempre no melhor para o nosso povo\u201d, afirmou o prefeito In\u00e1cio N\u00f3brega. Com Ascom\" \/>\n<meta property=\"og:url\" content=\"https:\/\/noticiasemdestaque.com\/cd\/?p=24397\" \/>\n<meta property=\"og:site_name\" content=\"Not&iacute;cias em Destaque\" \/>\n<meta property=\"article:published_time\" content=\"2020-04-20T21:34:47+00:00\" \/>\n<meta property=\"og:image\" content=\"https:\/\/noticiasemdestaque.com\/cd\/wp-content\/uploads\/2020\/01\/83329160_1806094839524038_1062601546417569792_o.jpg\" \/>\n\t<meta property=\"og:image:width\" content=\"811\" \/>\n\t<meta property=\"og:image:height\" content=\"557\" \/>\n\t<meta property=\"og:image:type\" content=\"image\/jpeg\" \/>\n<meta name=\"author\" content=\"Not\u00edcias em Destaque\" \/>\n<meta name=\"twitter:card\" content=\"summary_large_image\" \/>\n<meta name=\"twitter:label1\" content=\"Escrito por\" \/>\n\t<meta name=\"twitter:data1\" content=\"Not\u00edcias em Destaque\" \/>\n\t<meta name=\"twitter:label2\" content=\"Est. tempo de leitura\" \/>\n\t<meta name=\"twitter:data2\" content=\"1 minuto\" \/>\n<script type=\"application\/ld+json\" class=\"yoast-schema-graph\">{\"@context\":\"https:\/\/schema.org\",\"@graph\":[{\"@type\":\"Article\",\"@id\":\"https:\/\/noticiasemdestaque.com\/cd\/?p=24397#article\",\"isPartOf\":{\"@id\":\"https:\/\/noticiasemdestaque.com\/cd\/?p=24397\"},\"author\":{\"name\":\"Not\u00edcias em Destaque\",\"@id\":\"https:\/\/noticiasemdestaque.com\/cd\/#\/schema\/person\/21320b03a7e8bb90128938dafc9b908a\"},\"headline\":\"Prefeito In\u00e1cio N\u00f3brega prorroga decreto sobre medidas de combate ao Covid19\",\"datePublished\":\"2020-04-20T21:34:47+00:00\",\"mainEntityOfPage\":{\"@id\":\"https:\/\/noticiasemdestaque.com\/cd\/?p=24397\"},\"wordCount\":137,\"publisher\":{\"@id\":\"https:\/\/noticiasemdestaque.com\/cd\/#organization\"},\"image\":{\"@id\":\"https:\/\/noticiasemdestaque.com\/cd\/?p=24397#primaryimage\"},\"thumbnailUrl\":\"https:\/\/noticiasemdestaque.com\/cd\/wp-content\/uploads\/2020\/01\/83329160_1806094839524038_1062601546417569792_o.jpg\",\"articleSection\":[\"Pol\u00edtica\"],\"inLanguage\":\"pt-BR\"},{\"@type\":\"WebPage\",\"@id\":\"https:\/\/noticiasemdestaque.com\/cd\/?p=24397\",\"url\":\"https:\/\/noticiasemdestaque.com\/cd\/?p=24397\",\"name\":\"Prefeito In\u00e1cio N\u00f3brega prorroga decreto sobre medidas de combate ao Covid19 - Not&iacute;cias em Destaque\",\"isPartOf\":{\"@id\":\"https:\/\/noticiasemdestaque.com\/cd\/#website\"},\"primaryImageOfPage\":{\"@id\":\"https:\/\/noticiasemdestaque.com\/cd\/?p=24397#primaryimage\"},\"image\":{\"@id\":\"https:\/\/noticiasemdestaque.com\/cd\/?p=24397#primaryimage\"},\"thumbnailUrl\":\"https:\/\/noticiasemdestaque.com\/cd\/wp-content\/uploads\/2020\/01\/83329160_1806094839524038_1062601546417569792_o.jpg\",\"datePublished\":\"2020-04-20T21:34:47+00:00\",\"breadcrumb\":{\"@id\":\"https:\/\/noticiasemdestaque.com\/cd\/?p=24397#breadcrumb\"},\"inLanguage\":\"pt-BR\",\"potentialAction\":[{\"@type\":\"ReadAction\",\"target\":[\"https:\/\/noticiasemdestaque.com\/cd\/?p=24397\"]}]},{\"@type\":\"ImageObject\",\"inLanguage\":\"pt-BR\",\"@id\":\"https:\/\/noticiasemdestaque.com\/cd\/?p=24397#primaryimage\",\"url\":\"https:\/\/noticiasemdestaque.com\/cd\/wp-content\/uploads\/2020\/01\/83329160_1806094839524038_1062601546417569792_o.jpg\",\"contentUrl\":\"https:\/\/noticiasemdestaque.com\/cd\/wp-content\/uploads\/2020\/01\/83329160_1806094839524038_1062601546417569792_o.jpg\",\"width\":811,\"height\":557},{\"@type\":\"BreadcrumbList\",\"@id\":\"https:\/\/noticiasemdestaque.com\/cd\/?p=24397#breadcrumb\",\"itemListElement\":[{\"@type\":\"ListItem\",\"position\":1,\"name\":\"In\u00edcio\",\"item\":\"https:\/\/noticiasemdestaque.com\/cd\/\"},{\"@type\":\"ListItem\",\"position\":2,\"name\":\"Prefeito In\u00e1cio N\u00f3brega prorroga decreto sobre medidas de combate ao Covid19\"}]},{\"@type\":\"WebSite\",\"@id\":\"https:\/\/noticiasemdestaque.com\/cd\/#website\",\"url\":\"https:\/\/noticiasemdestaque.com\/cd\/\",\"name\":\"Not&iacute;cias em Destaque\",\"description\":\"\",\"publisher\":{\"@id\":\"https:\/\/noticiasemdestaque.com\/cd\/#organization\"},\"potentialAction\":[{\"@type\":\"SearchAction\",\"target\":{\"@type\":\"EntryPoint\",\"urlTemplate\":\"https:\/\/noticiasemdestaque.com\/cd\/?s={search_term_string}\"},\"query-input\":{\"@type\":\"PropertyValueSpecification\",\"valueRequired\":true,\"valueName\":\"search_term_string\"}}],\"inLanguage\":\"pt-BR\"},{\"@type\":\"Organization\",\"@id\":\"https:\/\/noticiasemdestaque.com\/cd\/#organization\",\"name\":\"Not\u00edcias em Destaque\",\"url\":\"https:\/\/noticiasemdestaque.com\/cd\/\",\"logo\":{\"@type\":\"ImageObject\",\"inLanguage\":\"pt-BR\",\"@id\":\"https:\/\/noticiasemdestaque.com\/cd\/#\/schema\/logo\/image\/\",\"url\":\"https:\/\/noticiasemdestaque.com\/cd\/wp-content\/uploads\/2022\/05\/imagem-base-noticiasemdestaque.png\",\"contentUrl\":\"https:\/\/noticiasemdestaque.com\/cd\/wp-content\/uploads\/2022\/05\/imagem-base-noticiasemdestaque.png\",\"width\":1200,\"height\":630,\"caption\":\"Not\u00edcias em Destaque\"},\"image\":{\"@id\":\"https:\/\/noticiasemdestaque.com\/cd\/#\/schema\/logo\/image\/\"}},{\"@type\":\"Person\",\"@id\":\"https:\/\/noticiasemdestaque.com\/cd\/#\/schema\/person\/21320b03a7e8bb90128938dafc9b908a\",\"name\":\"Not\u00edcias em Destaque\",\"url\":\"https:\/\/noticiasemdestaque.com\/cd\/?author=2\"}]}<\/script>\n<!-- \/ Yoast SEO plugin. -->","yoast_head_json":{"title":"Prefeito In\u00e1cio N\u00f3brega prorroga decreto sobre medidas de combate ao Covid19 - Not&iacute;cias em Destaque","robots":{"index":"index","follow":"follow","max-snippet":"max-snippet:-1","max-image-preview":"max-image-preview:large","max-video-preview":"max-video-preview:-1"},"canonical":"https:\/\/noticiasemdestaque.com\/cd\/?p=24397","og_locale":"pt_BR","og_type":"article","og_title":"Prefeito In\u00e1cio N\u00f3brega prorroga decreto sobre medidas de combate ao Covid19 - Not&iacute;cias em Destaque","og_description":"O Prefeito de Amparo, In\u00e1cio N\u00f3brega, confirmou a prorroga\u00e7\u00e3o de todos os decretos anteriores j\u00e1 publicados, atrav\u00e9s do decreto No 011, mantendo todas as determina\u00e7\u00f5es em rela\u00e7\u00e3o \u00e1s medidas de preven\u00e7\u00e3o contra o coronav\u00edrus. A decis\u00e3o oficializa a preocupa\u00e7\u00e3o da gest\u00e3o municipal com o bem estar e a sa\u00fade de todos os mun\u00edcipes evitando que o v\u00edrus entre e se prolifere no munic\u00edpio do Amparo. \u201cEstamos agindo de acordo com as autoridades de sa\u00fade a n\u00edvel estadual e seguindo todas as orienta\u00e7\u00f5es da Organiza\u00e7\u00e3o Mundial de Sa\u00fade e pensando sempre no melhor para o nosso povo\u201d, afirmou o prefeito In\u00e1cio N\u00f3brega. Com Ascom","og_url":"https:\/\/noticiasemdestaque.com\/cd\/?p=24397","og_site_name":"Not&iacute;cias em Destaque","article_published_time":"2020-04-20T21:34:47+00:00","og_image":[{"width":811,"height":557,"url":"https:\/\/noticiasemdestaque.com\/cd\/wp-content\/uploads\/2020\/01\/83329160_1806094839524038_1062601546417569792_o.jpg","type":"image\/jpeg"}],"author":"Not\u00edcias em Destaque","twitter_card":"summary_large_image","twitter_misc":{"Escrito por":"Not\u00edcias em Destaque","Est. tempo de leitura":"1 minuto"},"schema":{"@context":"https:\/\/schema.org","@graph":[{"@type":"Article","@id":"https:\/\/noticiasemdestaque.com\/cd\/?p=24397#article","isPartOf":{"@id":"https:\/\/noticiasemdestaque.com\/cd\/?p=24397"},"author":{"name":"Not\u00edcias em Destaque","@id":"https:\/\/noticiasemdestaque.com\/cd\/#\/schema\/person\/21320b03a7e8bb90128938dafc9b908a"},"headline":"Prefeito In\u00e1cio N\u00f3brega prorroga decreto sobre medidas de combate ao Covid19","datePublished":"2020-04-20T21:34:47+00:00","mainEntityOfPage":{"@id":"https:\/\/noticiasemdestaque.com\/cd\/?p=24397"},"wordCount":137,"publisher":{"@id":"https:\/\/noticiasemdestaque.com\/cd\/#organization"},"image":{"@id":"https:\/\/noticiasemdestaque.com\/cd\/?p=24397#primaryimage"},"thumbnailUrl":"https:\/\/noticiasemdestaque.com\/cd\/wp-content\/uploads\/2020\/01\/83329160_1806094839524038_1062601546417569792_o.jpg","articleSection":["Pol\u00edtica"],"inLanguage":"pt-BR"},{"@type":"WebPage","@id":"https:\/\/noticiasemdestaque.com\/cd\/?p=24397","url":"https:\/\/noticiasemdestaque.com\/cd\/?p=24397","name":"Prefeito In\u00e1cio N\u00f3brega prorroga decreto sobre medidas de combate ao Covid19 - Not&iacute;cias em Destaque","isPartOf":{"@id":"https:\/\/noticiasemdestaque.com\/cd\/#website"},"primaryImageOfPage":{"@id":"https:\/\/noticiasemdestaque.com\/cd\/?p=24397#primaryimage"},"image":{"@id":"https:\/\/noticiasemdestaque.com\/cd\/?p=24397#primaryimage"},"thumbnailUrl":"https:\/\/noticiasemdestaque.com\/cd\/wp-content\/uploads\/2020\/01\/83329160_1806094839524038_1062601546417569792_o.jpg","datePublished":"2020-04-20T21:34:47+00:00","breadcrumb":{"@id":"https:\/\/noticiasemdestaque.com\/cd\/?p=24397#breadcrumb"},"inLanguage":"pt-BR","potentialAction":[{"@type":"ReadAction","target":["https:\/\/noticiasemdestaque.com\/cd\/?p=24397"]}]},{"@type":"ImageObject","inLanguage":"pt-BR","@id":"https:\/\/noticiasemdestaque.com\/cd\/?p=24397#primaryimage","url":"https:\/\/noticiasemdestaque.com\/cd\/wp-content\/uploads\/2020\/01\/83329160_1806094839524038_1062601546417569792_o.jpg","contentUrl":"https:\/\/noticiasemdestaque.com\/cd\/wp-content\/uploads\/2020\/01\/83329160_1806094839524038_1062601546417569792_o.jpg","width":811,"height":557},{"@type":"BreadcrumbList","@id":"https:\/\/noticiasemdestaque.com\/cd\/?p=24397#breadcrumb","itemListElement":[{"@type":"ListItem","position":1,"name":"In\u00edcio","item":"https:\/\/noticiasemdestaque.com\/cd\/"},{"@type":"ListItem","position":2,"name":"Prefeito In\u00e1cio N\u00f3brega prorroga decreto sobre medidas de combate ao Covid19"}]},{"@type":"WebSite","@id":"https:\/\/noticiasemdestaque.com\/cd\/#website","url":"https:\/\/noticiasemdestaque.com\/cd\/","name":"Not&iacute;cias em Destaque","description":"","publisher":{"@id":"https:\/\/noticiasemdestaque.com\/cd\/#organization"},"potentialAction":[{"@type":"SearchAction","target":{"@type":"EntryPoint","urlTemplate":"https:\/\/noticiasemdestaque.com\/cd\/?s={search_term_string}"},"query-input":{"@type":"PropertyValueSpecification","valueRequired":true,"valueName":"search_term_string"}}],"inLanguage":"pt-BR"},{"@type":"Organization","@id":"https:\/\/noticiasemdestaque.com\/cd\/#organization","name":"Not\u00edcias em Destaque","url":"https:\/\/noticiasemdestaque.com\/cd\/","logo":{"@type":"ImageObject","inLanguage":"pt-BR","@id":"https:\/\/noticiasemdestaque.com\/cd\/#\/schema\/logo\/image\/","url":"https:\/\/noticiasemdestaque.com\/cd\/wp-content\/uploads\/2022\/05\/imagem-base-noticiasemdestaque.png","contentUrl":"https:\/\/noticiasemdestaque.com\/cd\/wp-content\/uploads\/2022\/05\/imagem-base-noticiasemdestaque.png","width":1200,"height":630,"caption":"Not\u00edcias em Destaque"},"image":{"@id":"https:\/\/noticiasemdestaque.com\/cd\/#\/schema\/logo\/image\/"}},{"@type":"Person","@id":"https:\/\/noticiasemdestaque.com\/cd\/#\/schema\/person\/21320b03a7e8bb90128938dafc9b908a","name":"Not\u00edcias em Destaque","url":"https:\/\/noticiasemdestaque.com\/cd\/?author=2"}]}},"jetpack_featured_media_url":"https:\/\/noticiasemdestaque.com\/cd\/wp-content\/uploads\/2020\/01\/83329160_1806094839524038_1062601546417569792_o.jpg","jetpack_sharing_enabled":true,"_links":{"self":[{"href":"https:\/\/noticiasemdestaque.com\/cd\/index.php?rest_route=\/wp\/v2\/posts\/24397","targetHints":{"allow":["GET"]}}],"collection":[{"href":"https:\/\/noticiasemdestaque.com\/cd\/index.php?rest_route=\/wp\/v2\/posts"}],"about":[{"href":"https:\/\/noticiasemdestaque.com\/cd\/index.php?rest_route=\/wp\/v2\/types\/post"}],"author":[{"embeddable":true,"href":"https:\/\/noticiasemdestaque.com\/cd\/index.php?rest_route=\/wp\/v2\/users\/2"}],"replies":[{"embeddable":true,"href":"https:\/\/noticiasemdestaque.com\/cd\/index.php?rest_route=%2Fwp%2Fv2%2Fcomments&post=24397"}],"version-history":[{"count":1,"href":"https:\/\/noticiasemdestaque.com\/cd\/index.php?rest_route=\/wp\/v2\/posts\/24397\/revisions"}],"predecessor-version":[{"id":24399,"href":"https:\/\/noticiasemdestaque.com\/cd\/index.php?rest_route=\/wp\/v2\/posts\/24397\/revisions\/24399"}],"wp:featuredmedia":[{"embeddable":true,"href":"https:\/\/noticiasemdestaque.com\/cd\/index.php?rest_route=\/wp\/v2\/media\/22125"}],"wp:attachment":[{"href":"https:\/\/noticiasemdestaque.com\/cd\/index.php?rest_route=%2Fwp%2Fv2%2Fmedia&parent=24397"}],"wp:term":[{"taxonomy":"category","embeddable":true,"href":"https:\/\/noticiasemdestaque.com\/cd\/index.php?rest_route=%2Fwp%2Fv2%2Fcategories&post=24397"},{"taxonomy":"post_tag","embeddable":true,"href":"https:\/\/noticiasemdestaque.com\/cd\/index.php?rest_route=%2Fwp%2Fv2%2Ftags&post=24397"}],"curies":[{"name":"wp","href":"https:\/\/api.w.org\/{rel}","templated":true}]}}