{"id":24394,"date":"2020-04-20T18:29:47","date_gmt":"2020-04-20T21:29:47","guid":{"rendered":"http:\/\/noticiasemdestaque.com\/cd\/?p=24394"},"modified":"2020-04-20T18:29:47","modified_gmt":"2020-04-20T21:29:47","slug":"ufpb-suspende-calendarios-academicos-do-periodo-letivo-de-2020-1","status":"publish","type":"post","link":"https:\/\/noticiasemdestaque.com\/cd\/?p=24394","title":{"rendered":"UFPB suspende calend\u00e1rios acad\u00eamicos do per\u00edodo letivo de 2020.1"},"content":{"rendered":"<p align=\"justify\"><a href=\"https:\/\/noticiasemdestaque.com\/cd\/wp-content\/uploads\/2020\/04\/4bdbe418-cb66-4475-87d0-138a9532f3f0.jpeg\"><img fetchpriority=\"high\" decoding=\"async\" class=\"wp-image-24395 aligncenter\" src=\"https:\/\/noticiasemdestaque.com\/cd\/wp-content\/uploads\/2020\/04\/4bdbe418-cb66-4475-87d0-138a9532f3f0.jpeg\" alt=\"\" width=\"517\" height=\"342\" srcset=\"https:\/\/noticiasemdestaque.com\/cd\/wp-content\/uploads\/2020\/04\/4bdbe418-cb66-4475-87d0-138a9532f3f0.jpeg 748w, https:\/\/noticiasemdestaque.com\/cd\/wp-content\/uploads\/2020\/04\/4bdbe418-cb66-4475-87d0-138a9532f3f0-300x199.jpeg 300w\" sizes=\"(max-width: 517px) 100vw, 517px\" \/><\/a><\/p>\n<p align=\"justify\">O Conselho Superior de Ensino, Pesquisa e Extens\u00e3o\u00a0(Consepe)\u00a0da Universidade Federal da Para\u00edba (UFPB)\u00a0decidiu\u00a0suspender os calend\u00e1rios acad\u00eamicos\u00a0do\u00a0per\u00edodo letivo\u00a0de\u00a02020.1,\u00a0para\u00a0cursos presenciais de gradua\u00e7\u00e3o\u00a0dos quatro campi da institui\u00e7\u00e3o, em reuni\u00e3o extraordin\u00e1ria\u00a0na manh\u00e3 desta\u00a0segunda-feira (20).<\/p>\n<p align=\"justify\">De acordo com os calend\u00e1rios\u00a0cancelados, as atividades presenciais teriam in\u00edcio\u00a0nesta quinta-feira (23), para os campi I (Jo\u00e3o Pessoa) e IV (Rio Tinto e Mamanguape), e\u00a0em\u00a014 de maio, para os campi II (Areia) e III (Bananeiras).<\/p>\n<p align=\"justify\">A suspens\u00e3o das atividades presenciais tamb\u00e9m valem para os cursos de p\u00f3s-gradua\u00e7\u00e3o. As pesquisas e\u00a0 orienta\u00e7\u00f5es continuam sendo desenvolvidas remotamente. A situa\u00e7\u00e3o dos cursos do Ensino a Dist\u00e2ncia (EAD) ser\u00e1 discutida no pr\u00f3ximo m\u00eas. A UFPB tem\u00a036.792 estudantes\u00a0em todos os n\u00edveis de ensino.<\/p>\n<p align=\"justify\">Essas medidas valem\u00a0por tempo indeterminado e enquanto\u00a0perdurar,\u00a0na Para\u00edba,\u00a0a situa\u00e7\u00e3o de emerg\u00eancia em sa\u00fade p\u00fablica decorrente da epidemia de Covid-19.\u00a0De acordo com a reitora Margareth Diniz,\u00a0nova reuni\u00e3o ocorrer\u00e1 em\u00a05 de maio, quando ser\u00e3o apresentadas e discutidas propostas\u00a0de\u00a0funcionamento\u00a0do\u00a0per\u00edodo letivo\u00a0de\u00a02020.1\u00a0por meio de\u00a0atividades n\u00e3o presenciais.\u00a0Se aprovadas, as atividades remotas come\u00e7ar\u00e3o em 11 de maio.<\/p>\n<p align=\"justify\">\u201cOs calend\u00e1rios precisavam ser suspensos porque estavam vigentes. No pr\u00f3ximo dia\u00a05 de maio, vai acontecer outra reuni\u00e3o extraordin\u00e1ria para decidir o funcionando da gradua\u00e7\u00e3o na UFPB, no modelo n\u00e3o presencial. Ser\u00e3o propostas, discutidas e deliberadas v\u00e1rias a\u00e7\u00f5es para docentes e estudantes at\u00e9 quando houver um momento seguro para retorno presencial. Vai dar certo\u201d, tranquiliza a gestora.<\/p>\n<p align=\"justify\">A reuni\u00e3o do Consepe foi realizada atrav\u00e9s de videoconfer\u00eancia. At\u00e9 o pr\u00f3ximo encontro,\u00a0as\u00a0pr\u00f3-reitorias\u00a0de\u00a0gradua\u00e7\u00e3o,\u00a0p\u00f3s-gradua\u00e7\u00e3o, de\u00a0pesquisa e de\u00a0extens\u00e3o\u00a0dever\u00e3o\u00a0acolher sugest\u00f5es da comunidade universit\u00e1ria\u00a0para as\u00a0atividades acad\u00eamicas n\u00e3o presenciais\u00a0no\u00a0per\u00edodo letivo\u00a0de\u00a02020.1, durante\u00a0o isolamento social.\u00a0Novos calend\u00e1rios ser\u00e3o elaborados pelo Consepe, assim que for considerado seguro o retorno do funcionamento presencial.<\/p>\n<p align=\"justify\">Ascom\/UFPB<\/p>\n","protected":false},"excerpt":{"rendered":"<p>O Conselho Superior de Ensino, Pesquisa e Extens\u00e3o\u00a0(Consepe)\u00a0da Universidade Federal da Para\u00edba (UFPB)\u00a0decidiu\u00a0suspender os calend\u00e1rios acad\u00eamicos\u00a0do\u00a0per\u00edodo letivo\u00a0de\u00a02020.1,\u00a0para\u00a0cursos presenciais de gradua\u00e7\u00e3o\u00a0dos quatro campi da institui\u00e7\u00e3o, em reuni\u00e3o extraordin\u00e1ria\u00a0na manh\u00e3 desta\u00a0segunda-feira (20). De acordo com os calend\u00e1rios\u00a0cancelados, as atividades presenciais teriam in\u00edcio\u00a0nesta quinta-feira (23), para os campi I (Jo\u00e3o Pessoa) e IV (Rio Tinto e Mamanguape), e\u00a0em\u00a014 de maio, para os campi II (Areia) e III (Bananeiras). A suspens\u00e3o das atividades presenciais tamb\u00e9m valem para os cursos de p\u00f3s-gradua\u00e7\u00e3o. As pesquisas e\u00a0 orienta\u00e7\u00f5es continuam sendo desenvolvidas remotamente. A situa\u00e7\u00e3o dos cursos do Ensino a Dist\u00e2ncia (EAD) ser\u00e1 discutida no pr\u00f3ximo m\u00eas. A UFPB tem\u00a036.792 estudantes\u00a0em todos os n\u00edveis de ensino. Essas medidas valem\u00a0por tempo indeterminado e enquanto\u00a0perdurar,\u00a0na Para\u00edba,\u00a0a situa\u00e7\u00e3o de emerg\u00eancia em sa\u00fade p\u00fablica decorrente da epidemia de Covid-19.\u00a0De acordo com a reitora Margareth Diniz,\u00a0nova reuni\u00e3o ocorrer\u00e1 em\u00a05 de maio, quando ser\u00e3o apresentadas e discutidas propostas\u00a0de\u00a0funcionamento\u00a0do\u00a0per\u00edodo letivo\u00a0de\u00a02020.1\u00a0por meio de\u00a0atividades n\u00e3o presenciais.\u00a0Se aprovadas, as atividades remotas come\u00e7ar\u00e3o em 11 de maio. \u201cOs calend\u00e1rios precisavam ser suspensos porque estavam vigentes. No pr\u00f3ximo dia\u00a05 de maio, vai acontecer outra reuni\u00e3o extraordin\u00e1ria para decidir o funcionando da gradua\u00e7\u00e3o na UFPB, no modelo n\u00e3o presencial. Ser\u00e3o propostas, discutidas e deliberadas v\u00e1rias a\u00e7\u00f5es para docentes e estudantes at\u00e9 quando houver um momento seguro para retorno presencial. Vai dar certo\u201d, tranquiliza a gestora. A reuni\u00e3o do Consepe foi realizada atrav\u00e9s de videoconfer\u00eancia. At\u00e9 o pr\u00f3ximo encontro,\u00a0as\u00a0pr\u00f3-reitorias\u00a0de\u00a0gradua\u00e7\u00e3o,\u00a0p\u00f3s-gradua\u00e7\u00e3o, de\u00a0pesquisa e de\u00a0extens\u00e3o\u00a0dever\u00e3o\u00a0acolher sugest\u00f5es da comunidade universit\u00e1ria\u00a0para as\u00a0atividades acad\u00eamicas n\u00e3o presenciais\u00a0no\u00a0per\u00edodo letivo\u00a0de\u00a02020.1, durante\u00a0o isolamento social.\u00a0Novos calend\u00e1rios ser\u00e3o elaborados pelo Consepe, assim que for considerado seguro o retorno do funcionamento presencial. Ascom\/UFPB<\/p>\n","protected":false},"author":2,"featured_media":24395,"comment_status":"closed","ping_status":"open","sticky":false,"template":"","format":"standard","meta":{"_eb_attr":"","_jetpack_memberships_contains_paid_content":false,"footnotes":""},"categories":[6],"tags":[],"class_list":["post-24394","post","type-post","status-publish","format-standard","has-post-thumbnail","hentry","category-educacao"],"yoast_head":"<!-- This site is optimized with the Yoast SEO plugin v26.5 - https:\/\/yoast.com\/wordpress\/plugins\/seo\/ -->\n<title>UFPB suspende calend\u00e1rios acad\u00eamicos do per\u00edodo letivo de 2020.1 - Not&iacute;cias em Destaque<\/title>\n<meta name=\"robots\" content=\"index, follow, max-snippet:-1, max-image-preview:large, max-video-preview:-1\" \/>\n<link rel=\"canonical\" href=\"https:\/\/noticiasemdestaque.com\/cd\/?p=24394\" \/>\n<meta property=\"og:locale\" content=\"pt_BR\" \/>\n<meta property=\"og:type\" content=\"article\" \/>\n<meta property=\"og:title\" content=\"UFPB suspende calend\u00e1rios acad\u00eamicos do per\u00edodo letivo de 2020.1 - Not&iacute;cias em Destaque\" \/>\n<meta property=\"og:description\" content=\"O Conselho Superior de Ensino, Pesquisa e Extens\u00e3o\u00a0(Consepe)\u00a0da Universidade Federal da Para\u00edba (UFPB)\u00a0decidiu\u00a0suspender os calend\u00e1rios acad\u00eamicos\u00a0do\u00a0per\u00edodo letivo\u00a0de\u00a02020.1,\u00a0para\u00a0cursos presenciais de gradua\u00e7\u00e3o\u00a0dos quatro campi da institui\u00e7\u00e3o, em reuni\u00e3o extraordin\u00e1ria\u00a0na manh\u00e3 desta\u00a0segunda-feira (20). De acordo com os calend\u00e1rios\u00a0cancelados, as atividades presenciais teriam in\u00edcio\u00a0nesta quinta-feira (23), para os campi I (Jo\u00e3o Pessoa) e IV (Rio Tinto e Mamanguape), e\u00a0em\u00a014 de maio, para os campi II (Areia) e III (Bananeiras). A suspens\u00e3o das atividades presenciais tamb\u00e9m valem para os cursos de p\u00f3s-gradua\u00e7\u00e3o. As pesquisas e\u00a0 orienta\u00e7\u00f5es continuam sendo desenvolvidas remotamente. A situa\u00e7\u00e3o dos cursos do Ensino a Dist\u00e2ncia (EAD) ser\u00e1 discutida no pr\u00f3ximo m\u00eas. A UFPB tem\u00a036.792 estudantes\u00a0em todos os n\u00edveis de ensino. Essas medidas valem\u00a0por tempo indeterminado e enquanto\u00a0perdurar,\u00a0na Para\u00edba,\u00a0a situa\u00e7\u00e3o de emerg\u00eancia em sa\u00fade p\u00fablica decorrente da epidemia de Covid-19.\u00a0De acordo com a reitora Margareth Diniz,\u00a0nova reuni\u00e3o ocorrer\u00e1 em\u00a05 de maio, quando ser\u00e3o apresentadas e discutidas propostas\u00a0de\u00a0funcionamento\u00a0do\u00a0per\u00edodo letivo\u00a0de\u00a02020.1\u00a0por meio de\u00a0atividades n\u00e3o presenciais.\u00a0Se aprovadas, as atividades remotas come\u00e7ar\u00e3o em 11 de maio. \u201cOs calend\u00e1rios precisavam ser suspensos porque estavam vigentes. No pr\u00f3ximo dia\u00a05 de maio, vai acontecer outra reuni\u00e3o extraordin\u00e1ria para decidir o funcionando da gradua\u00e7\u00e3o na UFPB, no modelo n\u00e3o presencial. Ser\u00e3o propostas, discutidas e deliberadas v\u00e1rias a\u00e7\u00f5es para docentes e estudantes at\u00e9 quando houver um momento seguro para retorno presencial. Vai dar certo\u201d, tranquiliza a gestora. A reuni\u00e3o do Consepe foi realizada atrav\u00e9s de videoconfer\u00eancia. At\u00e9 o pr\u00f3ximo encontro,\u00a0as\u00a0pr\u00f3-reitorias\u00a0de\u00a0gradua\u00e7\u00e3o,\u00a0p\u00f3s-gradua\u00e7\u00e3o, de\u00a0pesquisa e de\u00a0extens\u00e3o\u00a0dever\u00e3o\u00a0acolher sugest\u00f5es da comunidade universit\u00e1ria\u00a0para as\u00a0atividades acad\u00eamicas n\u00e3o presenciais\u00a0no\u00a0per\u00edodo letivo\u00a0de\u00a02020.1, durante\u00a0o isolamento social.\u00a0Novos calend\u00e1rios ser\u00e3o elaborados pelo Consepe, assim que for considerado seguro o retorno do funcionamento presencial. Ascom\/UFPB\" \/>\n<meta property=\"og:url\" content=\"https:\/\/noticiasemdestaque.com\/cd\/?p=24394\" \/>\n<meta property=\"og:site_name\" content=\"Not&iacute;cias em Destaque\" \/>\n<meta property=\"article:published_time\" content=\"2020-04-20T21:29:47+00:00\" \/>\n<meta property=\"og:image\" content=\"https:\/\/noticiasemdestaque.com\/cd\/wp-content\/uploads\/2020\/04\/4bdbe418-cb66-4475-87d0-138a9532f3f0.jpeg\" \/>\n\t<meta property=\"og:image:width\" content=\"748\" \/>\n\t<meta property=\"og:image:height\" content=\"495\" \/>\n\t<meta property=\"og:image:type\" content=\"image\/jpeg\" \/>\n<meta name=\"author\" content=\"Not\u00edcias em Destaque\" \/>\n<meta name=\"twitter:card\" content=\"summary_large_image\" \/>\n<meta name=\"twitter:label1\" content=\"Escrito por\" \/>\n\t<meta name=\"twitter:data1\" content=\"Not\u00edcias em Destaque\" \/>\n\t<meta name=\"twitter:label2\" content=\"Est. tempo de leitura\" \/>\n\t<meta name=\"twitter:data2\" content=\"2 minutos\" \/>\n<script type=\"application\/ld+json\" class=\"yoast-schema-graph\">{\"@context\":\"https:\/\/schema.org\",\"@graph\":[{\"@type\":\"Article\",\"@id\":\"https:\/\/noticiasemdestaque.com\/cd\/?p=24394#article\",\"isPartOf\":{\"@id\":\"https:\/\/noticiasemdestaque.com\/cd\/?p=24394\"},\"author\":{\"name\":\"Not\u00edcias em Destaque\",\"@id\":\"https:\/\/noticiasemdestaque.com\/cd\/#\/schema\/person\/21320b03a7e8bb90128938dafc9b908a\"},\"headline\":\"UFPB suspende calend\u00e1rios acad\u00eamicos do per\u00edodo letivo de 2020.1\",\"datePublished\":\"2020-04-20T21:29:47+00:00\",\"mainEntityOfPage\":{\"@id\":\"https:\/\/noticiasemdestaque.com\/cd\/?p=24394\"},\"wordCount\":372,\"publisher\":{\"@id\":\"https:\/\/noticiasemdestaque.com\/cd\/#organization\"},\"image\":{\"@id\":\"https:\/\/noticiasemdestaque.com\/cd\/?p=24394#primaryimage\"},\"thumbnailUrl\":\"https:\/\/noticiasemdestaque.com\/cd\/wp-content\/uploads\/2020\/04\/4bdbe418-cb66-4475-87d0-138a9532f3f0.jpeg\",\"articleSection\":[\"Educa\u00e7\u00e3o\"],\"inLanguage\":\"pt-BR\"},{\"@type\":\"WebPage\",\"@id\":\"https:\/\/noticiasemdestaque.com\/cd\/?p=24394\",\"url\":\"https:\/\/noticiasemdestaque.com\/cd\/?p=24394\",\"name\":\"UFPB suspende calend\u00e1rios acad\u00eamicos do per\u00edodo letivo de 2020.1 - Not&iacute;cias em Destaque\",\"isPartOf\":{\"@id\":\"https:\/\/noticiasemdestaque.com\/cd\/#website\"},\"primaryImageOfPage\":{\"@id\":\"https:\/\/noticiasemdestaque.com\/cd\/?p=24394#primaryimage\"},\"image\":{\"@id\":\"https:\/\/noticiasemdestaque.com\/cd\/?p=24394#primaryimage\"},\"thumbnailUrl\":\"https:\/\/noticiasemdestaque.com\/cd\/wp-content\/uploads\/2020\/04\/4bdbe418-cb66-4475-87d0-138a9532f3f0.jpeg\",\"datePublished\":\"2020-04-20T21:29:47+00:00\",\"breadcrumb\":{\"@id\":\"https:\/\/noticiasemdestaque.com\/cd\/?p=24394#breadcrumb\"},\"inLanguage\":\"pt-BR\",\"potentialAction\":[{\"@type\":\"ReadAction\",\"target\":[\"https:\/\/noticiasemdestaque.com\/cd\/?p=24394\"]}]},{\"@type\":\"ImageObject\",\"inLanguage\":\"pt-BR\",\"@id\":\"https:\/\/noticiasemdestaque.com\/cd\/?p=24394#primaryimage\",\"url\":\"https:\/\/noticiasemdestaque.com\/cd\/wp-content\/uploads\/2020\/04\/4bdbe418-cb66-4475-87d0-138a9532f3f0.jpeg\",\"contentUrl\":\"https:\/\/noticiasemdestaque.com\/cd\/wp-content\/uploads\/2020\/04\/4bdbe418-cb66-4475-87d0-138a9532f3f0.jpeg\",\"width\":748,\"height\":495},{\"@type\":\"BreadcrumbList\",\"@id\":\"https:\/\/noticiasemdestaque.com\/cd\/?p=24394#breadcrumb\",\"itemListElement\":[{\"@type\":\"ListItem\",\"position\":1,\"name\":\"In\u00edcio\",\"item\":\"https:\/\/noticiasemdestaque.com\/cd\/\"},{\"@type\":\"ListItem\",\"position\":2,\"name\":\"UFPB suspende calend\u00e1rios acad\u00eamicos do per\u00edodo letivo de 2020.1\"}]},{\"@type\":\"WebSite\",\"@id\":\"https:\/\/noticiasemdestaque.com\/cd\/#website\",\"url\":\"https:\/\/noticiasemdestaque.com\/cd\/\",\"name\":\"Not&iacute;cias em Destaque\",\"description\":\"\",\"publisher\":{\"@id\":\"https:\/\/noticiasemdestaque.com\/cd\/#organization\"},\"potentialAction\":[{\"@type\":\"SearchAction\",\"target\":{\"@type\":\"EntryPoint\",\"urlTemplate\":\"https:\/\/noticiasemdestaque.com\/cd\/?s={search_term_string}\"},\"query-input\":{\"@type\":\"PropertyValueSpecification\",\"valueRequired\":true,\"valueName\":\"search_term_string\"}}],\"inLanguage\":\"pt-BR\"},{\"@type\":\"Organization\",\"@id\":\"https:\/\/noticiasemdestaque.com\/cd\/#organization\",\"name\":\"Not\u00edcias em Destaque\",\"url\":\"https:\/\/noticiasemdestaque.com\/cd\/\",\"logo\":{\"@type\":\"ImageObject\",\"inLanguage\":\"pt-BR\",\"@id\":\"https:\/\/noticiasemdestaque.com\/cd\/#\/schema\/logo\/image\/\",\"url\":\"https:\/\/noticiasemdestaque.com\/cd\/wp-content\/uploads\/2022\/05\/imagem-base-noticiasemdestaque.png\",\"contentUrl\":\"https:\/\/noticiasemdestaque.com\/cd\/wp-content\/uploads\/2022\/05\/imagem-base-noticiasemdestaque.png\",\"width\":1200,\"height\":630,\"caption\":\"Not\u00edcias em Destaque\"},\"image\":{\"@id\":\"https:\/\/noticiasemdestaque.com\/cd\/#\/schema\/logo\/image\/\"}},{\"@type\":\"Person\",\"@id\":\"https:\/\/noticiasemdestaque.com\/cd\/#\/schema\/person\/21320b03a7e8bb90128938dafc9b908a\",\"name\":\"Not\u00edcias em Destaque\",\"url\":\"https:\/\/noticiasemdestaque.com\/cd\/?author=2\"}]}<\/script>\n<!-- \/ Yoast SEO plugin. -->","yoast_head_json":{"title":"UFPB suspende calend\u00e1rios acad\u00eamicos do per\u00edodo letivo de 2020.1 - Not&iacute;cias em Destaque","robots":{"index":"index","follow":"follow","max-snippet":"max-snippet:-1","max-image-preview":"max-image-preview:large","max-video-preview":"max-video-preview:-1"},"canonical":"https:\/\/noticiasemdestaque.com\/cd\/?p=24394","og_locale":"pt_BR","og_type":"article","og_title":"UFPB suspende calend\u00e1rios acad\u00eamicos do per\u00edodo letivo de 2020.1 - Not&iacute;cias em Destaque","og_description":"O Conselho Superior de Ensino, Pesquisa e Extens\u00e3o\u00a0(Consepe)\u00a0da Universidade Federal da Para\u00edba (UFPB)\u00a0decidiu\u00a0suspender os calend\u00e1rios acad\u00eamicos\u00a0do\u00a0per\u00edodo letivo\u00a0de\u00a02020.1,\u00a0para\u00a0cursos presenciais de gradua\u00e7\u00e3o\u00a0dos quatro campi da institui\u00e7\u00e3o, em reuni\u00e3o extraordin\u00e1ria\u00a0na manh\u00e3 desta\u00a0segunda-feira (20). De acordo com os calend\u00e1rios\u00a0cancelados, as atividades presenciais teriam in\u00edcio\u00a0nesta quinta-feira (23), para os campi I (Jo\u00e3o Pessoa) e IV (Rio Tinto e Mamanguape), e\u00a0em\u00a014 de maio, para os campi II (Areia) e III (Bananeiras). A suspens\u00e3o das atividades presenciais tamb\u00e9m valem para os cursos de p\u00f3s-gradua\u00e7\u00e3o. As pesquisas e\u00a0 orienta\u00e7\u00f5es continuam sendo desenvolvidas remotamente. A situa\u00e7\u00e3o dos cursos do Ensino a Dist\u00e2ncia (EAD) ser\u00e1 discutida no pr\u00f3ximo m\u00eas. A UFPB tem\u00a036.792 estudantes\u00a0em todos os n\u00edveis de ensino. Essas medidas valem\u00a0por tempo indeterminado e enquanto\u00a0perdurar,\u00a0na Para\u00edba,\u00a0a situa\u00e7\u00e3o de emerg\u00eancia em sa\u00fade p\u00fablica decorrente da epidemia de Covid-19.\u00a0De acordo com a reitora Margareth Diniz,\u00a0nova reuni\u00e3o ocorrer\u00e1 em\u00a05 de maio, quando ser\u00e3o apresentadas e discutidas propostas\u00a0de\u00a0funcionamento\u00a0do\u00a0per\u00edodo letivo\u00a0de\u00a02020.1\u00a0por meio de\u00a0atividades n\u00e3o presenciais.\u00a0Se aprovadas, as atividades remotas come\u00e7ar\u00e3o em 11 de maio. \u201cOs calend\u00e1rios precisavam ser suspensos porque estavam vigentes. No pr\u00f3ximo dia\u00a05 de maio, vai acontecer outra reuni\u00e3o extraordin\u00e1ria para decidir o funcionando da gradua\u00e7\u00e3o na UFPB, no modelo n\u00e3o presencial. Ser\u00e3o propostas, discutidas e deliberadas v\u00e1rias a\u00e7\u00f5es para docentes e estudantes at\u00e9 quando houver um momento seguro para retorno presencial. Vai dar certo\u201d, tranquiliza a gestora. A reuni\u00e3o do Consepe foi realizada atrav\u00e9s de videoconfer\u00eancia. At\u00e9 o pr\u00f3ximo encontro,\u00a0as\u00a0pr\u00f3-reitorias\u00a0de\u00a0gradua\u00e7\u00e3o,\u00a0p\u00f3s-gradua\u00e7\u00e3o, de\u00a0pesquisa e de\u00a0extens\u00e3o\u00a0dever\u00e3o\u00a0acolher sugest\u00f5es da comunidade universit\u00e1ria\u00a0para as\u00a0atividades acad\u00eamicas n\u00e3o presenciais\u00a0no\u00a0per\u00edodo letivo\u00a0de\u00a02020.1, durante\u00a0o isolamento social.\u00a0Novos calend\u00e1rios ser\u00e3o elaborados pelo Consepe, assim que for considerado seguro o retorno do funcionamento presencial. Ascom\/UFPB","og_url":"https:\/\/noticiasemdestaque.com\/cd\/?p=24394","og_site_name":"Not&iacute;cias em Destaque","article_published_time":"2020-04-20T21:29:47+00:00","og_image":[{"width":748,"height":495,"url":"https:\/\/noticiasemdestaque.com\/cd\/wp-content\/uploads\/2020\/04\/4bdbe418-cb66-4475-87d0-138a9532f3f0.jpeg","type":"image\/jpeg"}],"author":"Not\u00edcias em Destaque","twitter_card":"summary_large_image","twitter_misc":{"Escrito por":"Not\u00edcias em Destaque","Est. tempo de leitura":"2 minutos"},"schema":{"@context":"https:\/\/schema.org","@graph":[{"@type":"Article","@id":"https:\/\/noticiasemdestaque.com\/cd\/?p=24394#article","isPartOf":{"@id":"https:\/\/noticiasemdestaque.com\/cd\/?p=24394"},"author":{"name":"Not\u00edcias em Destaque","@id":"https:\/\/noticiasemdestaque.com\/cd\/#\/schema\/person\/21320b03a7e8bb90128938dafc9b908a"},"headline":"UFPB suspende calend\u00e1rios acad\u00eamicos do per\u00edodo letivo de 2020.1","datePublished":"2020-04-20T21:29:47+00:00","mainEntityOfPage":{"@id":"https:\/\/noticiasemdestaque.com\/cd\/?p=24394"},"wordCount":372,"publisher":{"@id":"https:\/\/noticiasemdestaque.com\/cd\/#organization"},"image":{"@id":"https:\/\/noticiasemdestaque.com\/cd\/?p=24394#primaryimage"},"thumbnailUrl":"https:\/\/noticiasemdestaque.com\/cd\/wp-content\/uploads\/2020\/04\/4bdbe418-cb66-4475-87d0-138a9532f3f0.jpeg","articleSection":["Educa\u00e7\u00e3o"],"inLanguage":"pt-BR"},{"@type":"WebPage","@id":"https:\/\/noticiasemdestaque.com\/cd\/?p=24394","url":"https:\/\/noticiasemdestaque.com\/cd\/?p=24394","name":"UFPB suspende calend\u00e1rios acad\u00eamicos do per\u00edodo letivo de 2020.1 - Not&iacute;cias em Destaque","isPartOf":{"@id":"https:\/\/noticiasemdestaque.com\/cd\/#website"},"primaryImageOfPage":{"@id":"https:\/\/noticiasemdestaque.com\/cd\/?p=24394#primaryimage"},"image":{"@id":"https:\/\/noticiasemdestaque.com\/cd\/?p=24394#primaryimage"},"thumbnailUrl":"https:\/\/noticiasemdestaque.com\/cd\/wp-content\/uploads\/2020\/04\/4bdbe418-cb66-4475-87d0-138a9532f3f0.jpeg","datePublished":"2020-04-20T21:29:47+00:00","breadcrumb":{"@id":"https:\/\/noticiasemdestaque.com\/cd\/?p=24394#breadcrumb"},"inLanguage":"pt-BR","potentialAction":[{"@type":"ReadAction","target":["https:\/\/noticiasemdestaque.com\/cd\/?p=24394"]}]},{"@type":"ImageObject","inLanguage":"pt-BR","@id":"https:\/\/noticiasemdestaque.com\/cd\/?p=24394#primaryimage","url":"https:\/\/noticiasemdestaque.com\/cd\/wp-content\/uploads\/2020\/04\/4bdbe418-cb66-4475-87d0-138a9532f3f0.jpeg","contentUrl":"https:\/\/noticiasemdestaque.com\/cd\/wp-content\/uploads\/2020\/04\/4bdbe418-cb66-4475-87d0-138a9532f3f0.jpeg","width":748,"height":495},{"@type":"BreadcrumbList","@id":"https:\/\/noticiasemdestaque.com\/cd\/?p=24394#breadcrumb","itemListElement":[{"@type":"ListItem","position":1,"name":"In\u00edcio","item":"https:\/\/noticiasemdestaque.com\/cd\/"},{"@type":"ListItem","position":2,"name":"UFPB suspende calend\u00e1rios acad\u00eamicos do per\u00edodo letivo de 2020.1"}]},{"@type":"WebSite","@id":"https:\/\/noticiasemdestaque.com\/cd\/#website","url":"https:\/\/noticiasemdestaque.com\/cd\/","name":"Not&iacute;cias em Destaque","description":"","publisher":{"@id":"https:\/\/noticiasemdestaque.com\/cd\/#organization"},"potentialAction":[{"@type":"SearchAction","target":{"@type":"EntryPoint","urlTemplate":"https:\/\/noticiasemdestaque.com\/cd\/?s={search_term_string}"},"query-input":{"@type":"PropertyValueSpecification","valueRequired":true,"valueName":"search_term_string"}}],"inLanguage":"pt-BR"},{"@type":"Organization","@id":"https:\/\/noticiasemdestaque.com\/cd\/#organization","name":"Not\u00edcias em Destaque","url":"https:\/\/noticiasemdestaque.com\/cd\/","logo":{"@type":"ImageObject","inLanguage":"pt-BR","@id":"https:\/\/noticiasemdestaque.com\/cd\/#\/schema\/logo\/image\/","url":"https:\/\/noticiasemdestaque.com\/cd\/wp-content\/uploads\/2022\/05\/imagem-base-noticiasemdestaque.png","contentUrl":"https:\/\/noticiasemdestaque.com\/cd\/wp-content\/uploads\/2022\/05\/imagem-base-noticiasemdestaque.png","width":1200,"height":630,"caption":"Not\u00edcias em Destaque"},"image":{"@id":"https:\/\/noticiasemdestaque.com\/cd\/#\/schema\/logo\/image\/"}},{"@type":"Person","@id":"https:\/\/noticiasemdestaque.com\/cd\/#\/schema\/person\/21320b03a7e8bb90128938dafc9b908a","name":"Not\u00edcias em Destaque","url":"https:\/\/noticiasemdestaque.com\/cd\/?author=2"}]}},"jetpack_featured_media_url":"https:\/\/noticiasemdestaque.com\/cd\/wp-content\/uploads\/2020\/04\/4bdbe418-cb66-4475-87d0-138a9532f3f0.jpeg","jetpack_sharing_enabled":true,"_links":{"self":[{"href":"https:\/\/noticiasemdestaque.com\/cd\/index.php?rest_route=\/wp\/v2\/posts\/24394","targetHints":{"allow":["GET"]}}],"collection":[{"href":"https:\/\/noticiasemdestaque.com\/cd\/index.php?rest_route=\/wp\/v2\/posts"}],"about":[{"href":"https:\/\/noticiasemdestaque.com\/cd\/index.php?rest_route=\/wp\/v2\/types\/post"}],"author":[{"embeddable":true,"href":"https:\/\/noticiasemdestaque.com\/cd\/index.php?rest_route=\/wp\/v2\/users\/2"}],"replies":[{"embeddable":true,"href":"https:\/\/noticiasemdestaque.com\/cd\/index.php?rest_route=%2Fwp%2Fv2%2Fcomments&post=24394"}],"version-history":[{"count":1,"href":"https:\/\/noticiasemdestaque.com\/cd\/index.php?rest_route=\/wp\/v2\/posts\/24394\/revisions"}],"predecessor-version":[{"id":24396,"href":"https:\/\/noticiasemdestaque.com\/cd\/index.php?rest_route=\/wp\/v2\/posts\/24394\/revisions\/24396"}],"wp:featuredmedia":[{"embeddable":true,"href":"https:\/\/noticiasemdestaque.com\/cd\/index.php?rest_route=\/wp\/v2\/media\/24395"}],"wp:attachment":[{"href":"https:\/\/noticiasemdestaque.com\/cd\/index.php?rest_route=%2Fwp%2Fv2%2Fmedia&parent=24394"}],"wp:term":[{"taxonomy":"category","embeddable":true,"href":"https:\/\/noticiasemdestaque.com\/cd\/index.php?rest_route=%2Fwp%2Fv2%2Fcategories&post=24394"},{"taxonomy":"post_tag","embeddable":true,"href":"https:\/\/noticiasemdestaque.com\/cd\/index.php?rest_route=%2Fwp%2Fv2%2Ftags&post=24394"}],"curies":[{"name":"wp","href":"https:\/\/api.w.org\/{rel}","templated":true}]}}