{"id":24391,"date":"2020-04-20T18:19:43","date_gmt":"2020-04-20T21:19:43","guid":{"rendered":"http:\/\/noticiasemdestaque.com\/cd\/?p=24391"},"modified":"2020-04-20T18:28:38","modified_gmt":"2020-04-20T21:28:38","slug":"covid-19-atinge-mais-de-40-mil-e-causa-2-575-mortes-no-brasil","status":"publish","type":"post","link":"https:\/\/noticiasemdestaque.com\/cd\/?p=24391","title":{"rendered":"Covid-19 atinge mais de 40 mil e causa 2.575 mortes no Brasil"},"content":{"rendered":"<p><a href=\"https:\/\/noticiasemdestaque.com\/cd\/wp-content\/uploads\/2020\/04\/teste_coronavirus2603200043.jpg\"><img fetchpriority=\"high\" decoding=\"async\" class=\"wp-image-24069 aligncenter\" src=\"https:\/\/noticiasemdestaque.com\/cd\/wp-content\/uploads\/2020\/04\/teste_coronavirus2603200043-1024x613.jpg\" alt=\"\" width=\"483\" height=\"289\" srcset=\"https:\/\/noticiasemdestaque.com\/cd\/wp-content\/uploads\/2020\/04\/teste_coronavirus2603200043-1024x613.jpg 1024w, https:\/\/noticiasemdestaque.com\/cd\/wp-content\/uploads\/2020\/04\/teste_coronavirus2603200043-300x179.jpg 300w, https:\/\/noticiasemdestaque.com\/cd\/wp-content\/uploads\/2020\/04\/teste_coronavirus2603200043-768x459.jpg 768w, https:\/\/noticiasemdestaque.com\/cd\/wp-content\/uploads\/2020\/04\/teste_coronavirus2603200043.jpg 1170w\" sizes=\"(max-width: 483px) 100vw, 483px\" \/><\/a><\/p>\n<p>O n\u00famero de mortes em raz\u00e3o da pandemia do novo coronav\u00edrus (covid-19) chegou a 2.575, conforme novo balan\u00e7o divulgado pelo Minist\u00e9rio da Sa\u00fade hoje (20). J\u00e1 os casos confirmados subiram para 40.581. O \u00edndice de letalidade ficou em 6,3%.<\/p>\n<p>Nas \u00faltimas 24h, foram 113 falecimentos. O n\u00famero de \u00f3bitos marcou um aumento de 4,5% em rela\u00e7\u00e3o a ontem, quando foram registradas 2.462 v\u00edtimas da covid-19. J\u00e1 os casos confirmados representaram um crescimento de 5% sobre os dados de ontem, quando foram contabilizadas 38.654 pessoas infectadas.<\/p>\n<p>Nos \u00faltimos sete dias, o aumento de falecimentos representou 94%. No dia 13 de abril, o balan\u00e7o do Minist\u00e9rio da Sa\u00fade contabilizava 1.328 \u00f3bitos. J\u00e1 a eleva\u00e7\u00e3o no n\u00famero de pessoas infectadas no mesmo per\u00edodo foi de 73% acima do total da segunda-feira passada, quando ficou em 23.430. No dia 13, os novos \u00f3bitos estavam em 105 e os novos casos eram 1.261.<\/p>\n<p>S\u00e3o Paulo concentra o maior n\u00famero de falecimentos (1.037), quase duas\u00a0vezes o n\u00famero do segundo colocado, o Rio<span id=\"OBJ_PREFIX_DWT2203_com_zimbra_date\" role=\"link\">\u00a0de Janeiro<\/span>\u00a0(422). Os estados s\u00e3o seguidos por Pernambuco (234), Cear\u00e1 (198) e Amazonas (185).<\/p>\n<p>Al\u00e9m disso, foram registradas mortes no Maranh\u00e3o (54), Paran\u00e1 (51), Bahia (46), Minas Gerais (41), Santa Catarina (35), Par\u00e1 (35), Esp\u00edrito Santo (33), Para\u00edba (32), Rio Grande do Norte (27), Rio Grande do Sul (27), Distrito Federal (24), Goi\u00e1s (19), Alagoas (18), Amap\u00e1 (13), Piau\u00ed (12), Acre (8), Mato Grosso (6), Sergipe (5), Mato Grosso do Sul (5), Rond\u00f4nia (4)Roraima (3)\u00a0\u00a0e Tocantins (1).<\/p>\n<p><em><strong>Not\u00edcias em Destaque<\/strong><\/em><\/p>\n<p>Com EBC<\/p>\n","protected":false},"excerpt":{"rendered":"<p>O n\u00famero de mortes em raz\u00e3o da pandemia do novo coronav\u00edrus (covid-19) chegou a 2.575, conforme novo balan\u00e7o divulgado pelo Minist\u00e9rio da Sa\u00fade hoje (20). J\u00e1 os casos confirmados subiram para 40.581. O \u00edndice de letalidade ficou em 6,3%. Nas \u00faltimas 24h, foram 113 falecimentos. O n\u00famero de \u00f3bitos marcou um aumento de 4,5% em rela\u00e7\u00e3o a ontem, quando foram registradas 2.462 v\u00edtimas da covid-19. J\u00e1 os casos confirmados representaram um crescimento de 5% sobre os dados de ontem, quando foram contabilizadas 38.654 pessoas infectadas. Nos \u00faltimos sete dias, o aumento de falecimentos representou 94%. No dia 13 de abril, o balan\u00e7o do Minist\u00e9rio da Sa\u00fade contabilizava 1.328 \u00f3bitos. J\u00e1 a eleva\u00e7\u00e3o no n\u00famero de pessoas infectadas no mesmo per\u00edodo foi de 73% acima do total da segunda-feira passada, quando ficou em 23.430. No dia 13, os novos \u00f3bitos estavam em 105 e os novos casos eram 1.261. S\u00e3o Paulo concentra o maior n\u00famero de falecimentos (1.037), quase duas\u00a0vezes o n\u00famero do segundo colocado, o Rio\u00a0de Janeiro\u00a0(422). Os estados s\u00e3o seguidos por Pernambuco (234), Cear\u00e1 (198) e Amazonas (185). Al\u00e9m disso, foram registradas mortes no Maranh\u00e3o (54), Paran\u00e1 (51), Bahia (46), Minas Gerais (41), Santa Catarina (35), Par\u00e1 (35), Esp\u00edrito Santo (33), Para\u00edba (32), Rio Grande do Norte (27), Rio Grande do Sul (27), Distrito Federal (24), Goi\u00e1s (19), Alagoas (18), Amap\u00e1 (13), Piau\u00ed (12), Acre (8), Mato Grosso (6), Sergipe (5), Mato Grosso do Sul (5), Rond\u00f4nia (4)Roraima (3)\u00a0\u00a0e Tocantins (1). Not\u00edcias em Destaque Com EBC<\/p>\n","protected":false},"author":2,"featured_media":24069,"comment_status":"closed","ping_status":"open","sticky":false,"template":"","format":"standard","meta":{"_eb_attr":"","_jetpack_memberships_contains_paid_content":false,"footnotes":""},"categories":[8],"tags":[],"class_list":["post-24391","post","type-post","status-publish","format-standard","has-post-thumbnail","hentry","category-saude"],"yoast_head":"<!-- This site is optimized with the Yoast SEO plugin v26.5 - https:\/\/yoast.com\/wordpress\/plugins\/seo\/ -->\n<title>Covid-19 atinge mais de 40 mil e causa 2.575 mortes no Brasil - Not&iacute;cias em Destaque<\/title>\n<meta name=\"robots\" content=\"index, follow, max-snippet:-1, max-image-preview:large, max-video-preview:-1\" \/>\n<link rel=\"canonical\" href=\"https:\/\/noticiasemdestaque.com\/cd\/?p=24391\" \/>\n<meta property=\"og:locale\" content=\"pt_BR\" \/>\n<meta property=\"og:type\" content=\"article\" \/>\n<meta property=\"og:title\" content=\"Covid-19 atinge mais de 40 mil e causa 2.575 mortes no Brasil - Not&iacute;cias em Destaque\" \/>\n<meta property=\"og:description\" content=\"O n\u00famero de mortes em raz\u00e3o da pandemia do novo coronav\u00edrus (covid-19) chegou a 2.575, conforme novo balan\u00e7o divulgado pelo Minist\u00e9rio da Sa\u00fade hoje (20). J\u00e1 os casos confirmados subiram para 40.581. O \u00edndice de letalidade ficou em 6,3%. Nas \u00faltimas 24h, foram 113 falecimentos. O n\u00famero de \u00f3bitos marcou um aumento de 4,5% em rela\u00e7\u00e3o a ontem, quando foram registradas 2.462 v\u00edtimas da covid-19. J\u00e1 os casos confirmados representaram um crescimento de 5% sobre os dados de ontem, quando foram contabilizadas 38.654 pessoas infectadas. Nos \u00faltimos sete dias, o aumento de falecimentos representou 94%. No dia 13 de abril, o balan\u00e7o do Minist\u00e9rio da Sa\u00fade contabilizava 1.328 \u00f3bitos. J\u00e1 a eleva\u00e7\u00e3o no n\u00famero de pessoas infectadas no mesmo per\u00edodo foi de 73% acima do total da segunda-feira passada, quando ficou em 23.430. No dia 13, os novos \u00f3bitos estavam em 105 e os novos casos eram 1.261. S\u00e3o Paulo concentra o maior n\u00famero de falecimentos (1.037), quase duas\u00a0vezes o n\u00famero do segundo colocado, o Rio\u00a0de Janeiro\u00a0(422). Os estados s\u00e3o seguidos por Pernambuco (234), Cear\u00e1 (198) e Amazonas (185). Al\u00e9m disso, foram registradas mortes no Maranh\u00e3o (54), Paran\u00e1 (51), Bahia (46), Minas Gerais (41), Santa Catarina (35), Par\u00e1 (35), Esp\u00edrito Santo (33), Para\u00edba (32), Rio Grande do Norte (27), Rio Grande do Sul (27), Distrito Federal (24), Goi\u00e1s (19), Alagoas (18), Amap\u00e1 (13), Piau\u00ed (12), Acre (8), Mato Grosso (6), Sergipe (5), Mato Grosso do Sul (5), Rond\u00f4nia (4)Roraima (3)\u00a0\u00a0e Tocantins (1). Not\u00edcias em Destaque Com EBC\" \/>\n<meta property=\"og:url\" content=\"https:\/\/noticiasemdestaque.com\/cd\/?p=24391\" \/>\n<meta property=\"og:site_name\" content=\"Not&iacute;cias em Destaque\" \/>\n<meta property=\"article:published_time\" content=\"2020-04-20T21:19:43+00:00\" \/>\n<meta property=\"article:modified_time\" content=\"2020-04-20T21:28:38+00:00\" \/>\n<meta property=\"og:image\" content=\"https:\/\/noticiasemdestaque.com\/cd\/wp-content\/uploads\/2020\/04\/teste_coronavirus2603200043.jpg\" \/>\n\t<meta property=\"og:image:width\" content=\"1170\" \/>\n\t<meta property=\"og:image:height\" content=\"700\" \/>\n\t<meta property=\"og:image:type\" content=\"image\/jpeg\" \/>\n<meta name=\"author\" content=\"Not\u00edcias em Destaque\" \/>\n<meta name=\"twitter:card\" content=\"summary_large_image\" \/>\n<meta name=\"twitter:label1\" content=\"Escrito por\" \/>\n\t<meta name=\"twitter:data1\" content=\"Not\u00edcias em Destaque\" \/>\n\t<meta name=\"twitter:label2\" content=\"Est. tempo de leitura\" \/>\n\t<meta name=\"twitter:data2\" content=\"1 minuto\" \/>\n<script type=\"application\/ld+json\" class=\"yoast-schema-graph\">{\"@context\":\"https:\/\/schema.org\",\"@graph\":[{\"@type\":\"Article\",\"@id\":\"https:\/\/noticiasemdestaque.com\/cd\/?p=24391#article\",\"isPartOf\":{\"@id\":\"https:\/\/noticiasemdestaque.com\/cd\/?p=24391\"},\"author\":{\"name\":\"Not\u00edcias em Destaque\",\"@id\":\"https:\/\/noticiasemdestaque.com\/cd\/#\/schema\/person\/21320b03a7e8bb90128938dafc9b908a\"},\"headline\":\"Covid-19 atinge mais de 40 mil e causa 2.575 mortes no Brasil\",\"datePublished\":\"2020-04-20T21:19:43+00:00\",\"dateModified\":\"2020-04-20T21:28:38+00:00\",\"mainEntityOfPage\":{\"@id\":\"https:\/\/noticiasemdestaque.com\/cd\/?p=24391\"},\"wordCount\":244,\"publisher\":{\"@id\":\"https:\/\/noticiasemdestaque.com\/cd\/#organization\"},\"image\":{\"@id\":\"https:\/\/noticiasemdestaque.com\/cd\/?p=24391#primaryimage\"},\"thumbnailUrl\":\"https:\/\/noticiasemdestaque.com\/cd\/wp-content\/uploads\/2020\/04\/teste_coronavirus2603200043.jpg\",\"articleSection\":[\"Sa\u00fade\"],\"inLanguage\":\"pt-BR\"},{\"@type\":\"WebPage\",\"@id\":\"https:\/\/noticiasemdestaque.com\/cd\/?p=24391\",\"url\":\"https:\/\/noticiasemdestaque.com\/cd\/?p=24391\",\"name\":\"Covid-19 atinge mais de 40 mil e causa 2.575 mortes no Brasil - Not&iacute;cias em Destaque\",\"isPartOf\":{\"@id\":\"https:\/\/noticiasemdestaque.com\/cd\/#website\"},\"primaryImageOfPage\":{\"@id\":\"https:\/\/noticiasemdestaque.com\/cd\/?p=24391#primaryimage\"},\"image\":{\"@id\":\"https:\/\/noticiasemdestaque.com\/cd\/?p=24391#primaryimage\"},\"thumbnailUrl\":\"https:\/\/noticiasemdestaque.com\/cd\/wp-content\/uploads\/2020\/04\/teste_coronavirus2603200043.jpg\",\"datePublished\":\"2020-04-20T21:19:43+00:00\",\"dateModified\":\"2020-04-20T21:28:38+00:00\",\"breadcrumb\":{\"@id\":\"https:\/\/noticiasemdestaque.com\/cd\/?p=24391#breadcrumb\"},\"inLanguage\":\"pt-BR\",\"potentialAction\":[{\"@type\":\"ReadAction\",\"target\":[\"https:\/\/noticiasemdestaque.com\/cd\/?p=24391\"]}]},{\"@type\":\"ImageObject\",\"inLanguage\":\"pt-BR\",\"@id\":\"https:\/\/noticiasemdestaque.com\/cd\/?p=24391#primaryimage\",\"url\":\"https:\/\/noticiasemdestaque.com\/cd\/wp-content\/uploads\/2020\/04\/teste_coronavirus2603200043.jpg\",\"contentUrl\":\"https:\/\/noticiasemdestaque.com\/cd\/wp-content\/uploads\/2020\/04\/teste_coronavirus2603200043.jpg\",\"width\":1170,\"height\":700,\"caption\":\"Um profissional de sa\u00fade realiza um teste finalizado em um local de testes de coronav\u00edrus fora dos Servi\u00e7os Comunit\u00e1rios de Sa\u00fade Internacionais no Distrito Internacional de Chinatown durante o surto de doen\u00e7a por coronav\u00edrus (COVID-19) em Seattle, Washington, EUA, em 26 de mar\u00e7o de 2020. REUTERS \/ Lindsey Wasson\"},{\"@type\":\"BreadcrumbList\",\"@id\":\"https:\/\/noticiasemdestaque.com\/cd\/?p=24391#breadcrumb\",\"itemListElement\":[{\"@type\":\"ListItem\",\"position\":1,\"name\":\"In\u00edcio\",\"item\":\"https:\/\/noticiasemdestaque.com\/cd\/\"},{\"@type\":\"ListItem\",\"position\":2,\"name\":\"Covid-19 atinge mais de 40 mil e causa 2.575 mortes no Brasil\"}]},{\"@type\":\"WebSite\",\"@id\":\"https:\/\/noticiasemdestaque.com\/cd\/#website\",\"url\":\"https:\/\/noticiasemdestaque.com\/cd\/\",\"name\":\"Not&iacute;cias em Destaque\",\"description\":\"\",\"publisher\":{\"@id\":\"https:\/\/noticiasemdestaque.com\/cd\/#organization\"},\"potentialAction\":[{\"@type\":\"SearchAction\",\"target\":{\"@type\":\"EntryPoint\",\"urlTemplate\":\"https:\/\/noticiasemdestaque.com\/cd\/?s={search_term_string}\"},\"query-input\":{\"@type\":\"PropertyValueSpecification\",\"valueRequired\":true,\"valueName\":\"search_term_string\"}}],\"inLanguage\":\"pt-BR\"},{\"@type\":\"Organization\",\"@id\":\"https:\/\/noticiasemdestaque.com\/cd\/#organization\",\"name\":\"Not\u00edcias em Destaque\",\"url\":\"https:\/\/noticiasemdestaque.com\/cd\/\",\"logo\":{\"@type\":\"ImageObject\",\"inLanguage\":\"pt-BR\",\"@id\":\"https:\/\/noticiasemdestaque.com\/cd\/#\/schema\/logo\/image\/\",\"url\":\"https:\/\/noticiasemdestaque.com\/cd\/wp-content\/uploads\/2022\/05\/imagem-base-noticiasemdestaque.png\",\"contentUrl\":\"https:\/\/noticiasemdestaque.com\/cd\/wp-content\/uploads\/2022\/05\/imagem-base-noticiasemdestaque.png\",\"width\":1200,\"height\":630,\"caption\":\"Not\u00edcias em Destaque\"},\"image\":{\"@id\":\"https:\/\/noticiasemdestaque.com\/cd\/#\/schema\/logo\/image\/\"}},{\"@type\":\"Person\",\"@id\":\"https:\/\/noticiasemdestaque.com\/cd\/#\/schema\/person\/21320b03a7e8bb90128938dafc9b908a\",\"name\":\"Not\u00edcias em Destaque\",\"url\":\"https:\/\/noticiasemdestaque.com\/cd\/?author=2\"}]}<\/script>\n<!-- \/ Yoast SEO plugin. -->","yoast_head_json":{"title":"Covid-19 atinge mais de 40 mil e causa 2.575 mortes no Brasil - Not&iacute;cias em Destaque","robots":{"index":"index","follow":"follow","max-snippet":"max-snippet:-1","max-image-preview":"max-image-preview:large","max-video-preview":"max-video-preview:-1"},"canonical":"https:\/\/noticiasemdestaque.com\/cd\/?p=24391","og_locale":"pt_BR","og_type":"article","og_title":"Covid-19 atinge mais de 40 mil e causa 2.575 mortes no Brasil - Not&iacute;cias em Destaque","og_description":"O n\u00famero de mortes em raz\u00e3o da pandemia do novo coronav\u00edrus (covid-19) chegou a 2.575, conforme novo balan\u00e7o divulgado pelo Minist\u00e9rio da Sa\u00fade hoje (20). J\u00e1 os casos confirmados subiram para 40.581. O \u00edndice de letalidade ficou em 6,3%. Nas \u00faltimas 24h, foram 113 falecimentos. O n\u00famero de \u00f3bitos marcou um aumento de 4,5% em rela\u00e7\u00e3o a ontem, quando foram registradas 2.462 v\u00edtimas da covid-19. J\u00e1 os casos confirmados representaram um crescimento de 5% sobre os dados de ontem, quando foram contabilizadas 38.654 pessoas infectadas. Nos \u00faltimos sete dias, o aumento de falecimentos representou 94%. No dia 13 de abril, o balan\u00e7o do Minist\u00e9rio da Sa\u00fade contabilizava 1.328 \u00f3bitos. J\u00e1 a eleva\u00e7\u00e3o no n\u00famero de pessoas infectadas no mesmo per\u00edodo foi de 73% acima do total da segunda-feira passada, quando ficou em 23.430. No dia 13, os novos \u00f3bitos estavam em 105 e os novos casos eram 1.261. S\u00e3o Paulo concentra o maior n\u00famero de falecimentos (1.037), quase duas\u00a0vezes o n\u00famero do segundo colocado, o Rio\u00a0de Janeiro\u00a0(422). Os estados s\u00e3o seguidos por Pernambuco (234), Cear\u00e1 (198) e Amazonas (185). Al\u00e9m disso, foram registradas mortes no Maranh\u00e3o (54), Paran\u00e1 (51), Bahia (46), Minas Gerais (41), Santa Catarina (35), Par\u00e1 (35), Esp\u00edrito Santo (33), Para\u00edba (32), Rio Grande do Norte (27), Rio Grande do Sul (27), Distrito Federal (24), Goi\u00e1s (19), Alagoas (18), Amap\u00e1 (13), Piau\u00ed (12), Acre (8), Mato Grosso (6), Sergipe (5), Mato Grosso do Sul (5), Rond\u00f4nia (4)Roraima (3)\u00a0\u00a0e Tocantins (1). Not\u00edcias em Destaque Com EBC","og_url":"https:\/\/noticiasemdestaque.com\/cd\/?p=24391","og_site_name":"Not&iacute;cias em Destaque","article_published_time":"2020-04-20T21:19:43+00:00","article_modified_time":"2020-04-20T21:28:38+00:00","og_image":[{"width":1170,"height":700,"url":"https:\/\/noticiasemdestaque.com\/cd\/wp-content\/uploads\/2020\/04\/teste_coronavirus2603200043.jpg","type":"image\/jpeg"}],"author":"Not\u00edcias em Destaque","twitter_card":"summary_large_image","twitter_misc":{"Escrito por":"Not\u00edcias em Destaque","Est. tempo de leitura":"1 minuto"},"schema":{"@context":"https:\/\/schema.org","@graph":[{"@type":"Article","@id":"https:\/\/noticiasemdestaque.com\/cd\/?p=24391#article","isPartOf":{"@id":"https:\/\/noticiasemdestaque.com\/cd\/?p=24391"},"author":{"name":"Not\u00edcias em Destaque","@id":"https:\/\/noticiasemdestaque.com\/cd\/#\/schema\/person\/21320b03a7e8bb90128938dafc9b908a"},"headline":"Covid-19 atinge mais de 40 mil e causa 2.575 mortes no Brasil","datePublished":"2020-04-20T21:19:43+00:00","dateModified":"2020-04-20T21:28:38+00:00","mainEntityOfPage":{"@id":"https:\/\/noticiasemdestaque.com\/cd\/?p=24391"},"wordCount":244,"publisher":{"@id":"https:\/\/noticiasemdestaque.com\/cd\/#organization"},"image":{"@id":"https:\/\/noticiasemdestaque.com\/cd\/?p=24391#primaryimage"},"thumbnailUrl":"https:\/\/noticiasemdestaque.com\/cd\/wp-content\/uploads\/2020\/04\/teste_coronavirus2603200043.jpg","articleSection":["Sa\u00fade"],"inLanguage":"pt-BR"},{"@type":"WebPage","@id":"https:\/\/noticiasemdestaque.com\/cd\/?p=24391","url":"https:\/\/noticiasemdestaque.com\/cd\/?p=24391","name":"Covid-19 atinge mais de 40 mil e causa 2.575 mortes no Brasil - Not&iacute;cias em Destaque","isPartOf":{"@id":"https:\/\/noticiasemdestaque.com\/cd\/#website"},"primaryImageOfPage":{"@id":"https:\/\/noticiasemdestaque.com\/cd\/?p=24391#primaryimage"},"image":{"@id":"https:\/\/noticiasemdestaque.com\/cd\/?p=24391#primaryimage"},"thumbnailUrl":"https:\/\/noticiasemdestaque.com\/cd\/wp-content\/uploads\/2020\/04\/teste_coronavirus2603200043.jpg","datePublished":"2020-04-20T21:19:43+00:00","dateModified":"2020-04-20T21:28:38+00:00","breadcrumb":{"@id":"https:\/\/noticiasemdestaque.com\/cd\/?p=24391#breadcrumb"},"inLanguage":"pt-BR","potentialAction":[{"@type":"ReadAction","target":["https:\/\/noticiasemdestaque.com\/cd\/?p=24391"]}]},{"@type":"ImageObject","inLanguage":"pt-BR","@id":"https:\/\/noticiasemdestaque.com\/cd\/?p=24391#primaryimage","url":"https:\/\/noticiasemdestaque.com\/cd\/wp-content\/uploads\/2020\/04\/teste_coronavirus2603200043.jpg","contentUrl":"https:\/\/noticiasemdestaque.com\/cd\/wp-content\/uploads\/2020\/04\/teste_coronavirus2603200043.jpg","width":1170,"height":700,"caption":"Um profissional de sa\u00fade realiza um teste finalizado em um local de testes de coronav\u00edrus fora dos Servi\u00e7os Comunit\u00e1rios de Sa\u00fade Internacionais no Distrito Internacional de Chinatown durante o surto de doen\u00e7a por coronav\u00edrus (COVID-19) em Seattle, Washington, EUA, em 26 de mar\u00e7o de 2020. REUTERS \/ Lindsey Wasson"},{"@type":"BreadcrumbList","@id":"https:\/\/noticiasemdestaque.com\/cd\/?p=24391#breadcrumb","itemListElement":[{"@type":"ListItem","position":1,"name":"In\u00edcio","item":"https:\/\/noticiasemdestaque.com\/cd\/"},{"@type":"ListItem","position":2,"name":"Covid-19 atinge mais de 40 mil e causa 2.575 mortes no Brasil"}]},{"@type":"WebSite","@id":"https:\/\/noticiasemdestaque.com\/cd\/#website","url":"https:\/\/noticiasemdestaque.com\/cd\/","name":"Not&iacute;cias em Destaque","description":"","publisher":{"@id":"https:\/\/noticiasemdestaque.com\/cd\/#organization"},"potentialAction":[{"@type":"SearchAction","target":{"@type":"EntryPoint","urlTemplate":"https:\/\/noticiasemdestaque.com\/cd\/?s={search_term_string}"},"query-input":{"@type":"PropertyValueSpecification","valueRequired":true,"valueName":"search_term_string"}}],"inLanguage":"pt-BR"},{"@type":"Organization","@id":"https:\/\/noticiasemdestaque.com\/cd\/#organization","name":"Not\u00edcias em Destaque","url":"https:\/\/noticiasemdestaque.com\/cd\/","logo":{"@type":"ImageObject","inLanguage":"pt-BR","@id":"https:\/\/noticiasemdestaque.com\/cd\/#\/schema\/logo\/image\/","url":"https:\/\/noticiasemdestaque.com\/cd\/wp-content\/uploads\/2022\/05\/imagem-base-noticiasemdestaque.png","contentUrl":"https:\/\/noticiasemdestaque.com\/cd\/wp-content\/uploads\/2022\/05\/imagem-base-noticiasemdestaque.png","width":1200,"height":630,"caption":"Not\u00edcias em Destaque"},"image":{"@id":"https:\/\/noticiasemdestaque.com\/cd\/#\/schema\/logo\/image\/"}},{"@type":"Person","@id":"https:\/\/noticiasemdestaque.com\/cd\/#\/schema\/person\/21320b03a7e8bb90128938dafc9b908a","name":"Not\u00edcias em Destaque","url":"https:\/\/noticiasemdestaque.com\/cd\/?author=2"}]}},"jetpack_featured_media_url":"https:\/\/noticiasemdestaque.com\/cd\/wp-content\/uploads\/2020\/04\/teste_coronavirus2603200043.jpg","jetpack_sharing_enabled":true,"_links":{"self":[{"href":"https:\/\/noticiasemdestaque.com\/cd\/index.php?rest_route=\/wp\/v2\/posts\/24391","targetHints":{"allow":["GET"]}}],"collection":[{"href":"https:\/\/noticiasemdestaque.com\/cd\/index.php?rest_route=\/wp\/v2\/posts"}],"about":[{"href":"https:\/\/noticiasemdestaque.com\/cd\/index.php?rest_route=\/wp\/v2\/types\/post"}],"author":[{"embeddable":true,"href":"https:\/\/noticiasemdestaque.com\/cd\/index.php?rest_route=\/wp\/v2\/users\/2"}],"replies":[{"embeddable":true,"href":"https:\/\/noticiasemdestaque.com\/cd\/index.php?rest_route=%2Fwp%2Fv2%2Fcomments&post=24391"}],"version-history":[{"count":2,"href":"https:\/\/noticiasemdestaque.com\/cd\/index.php?rest_route=\/wp\/v2\/posts\/24391\/revisions"}],"predecessor-version":[{"id":24393,"href":"https:\/\/noticiasemdestaque.com\/cd\/index.php?rest_route=\/wp\/v2\/posts\/24391\/revisions\/24393"}],"wp:featuredmedia":[{"embeddable":true,"href":"https:\/\/noticiasemdestaque.com\/cd\/index.php?rest_route=\/wp\/v2\/media\/24069"}],"wp:attachment":[{"href":"https:\/\/noticiasemdestaque.com\/cd\/index.php?rest_route=%2Fwp%2Fv2%2Fmedia&parent=24391"}],"wp:term":[{"taxonomy":"category","embeddable":true,"href":"https:\/\/noticiasemdestaque.com\/cd\/index.php?rest_route=%2Fwp%2Fv2%2Fcategories&post=24391"},{"taxonomy":"post_tag","embeddable":true,"href":"https:\/\/noticiasemdestaque.com\/cd\/index.php?rest_route=%2Fwp%2Fv2%2Ftags&post=24391"}],"curies":[{"name":"wp","href":"https:\/\/api.w.org\/{rel}","templated":true}]}}