{"id":24388,"date":"2020-04-20T14:30:07","date_gmt":"2020-04-20T17:30:07","guid":{"rendered":"http:\/\/noticiasemdestaque.com\/cd\/?p=24388"},"modified":"2020-04-20T14:30:07","modified_gmt":"2020-04-20T17:30:07","slug":"prefeitura-de-sume-auxilia-pessoas-com-restricoes-no-cpf-para-recebimento-do-auxilio-emergencial-do-governo-federal","status":"publish","type":"post","link":"https:\/\/noticiasemdestaque.com\/cd\/?p=24388","title":{"rendered":"Prefeitura de Sum\u00e9 auxilia pessoas com restri\u00e7\u00f5es no CPF para recebimento do Aux\u00edlio Emergencial do Governo Federal"},"content":{"rendered":"<p><a href=\"https:\/\/noticiasemdestaque.com\/cd\/wp-content\/uploads\/2018\/04\/CPF-Foto-Divulga\u00e7\u00e3o.jpg\"><img fetchpriority=\"high\" decoding=\"async\" class=\"wp-image-9603 aligncenter\" src=\"https:\/\/noticiasemdestaque.com\/cd\/wp-content\/uploads\/2018\/04\/CPF-Foto-Divulga\u00e7\u00e3o.jpg\" alt=\"\" width=\"421\" height=\"263\" srcset=\"https:\/\/noticiasemdestaque.com\/cd\/wp-content\/uploads\/2018\/04\/CPF-Foto-Divulga\u00e7\u00e3o.jpg 800w, https:\/\/noticiasemdestaque.com\/cd\/wp-content\/uploads\/2018\/04\/CPF-Foto-Divulga\u00e7\u00e3o-300x188.jpg 300w, https:\/\/noticiasemdestaque.com\/cd\/wp-content\/uploads\/2018\/04\/CPF-Foto-Divulga\u00e7\u00e3o-768x480.jpg 768w\" sizes=\"(max-width: 421px) 100vw, 421px\" \/><\/a><\/p>\n<p>A Prefeitura de Sum\u00e9, em parceria com a Receita Federal do Brasil, por meio do delegado da Receita Federal de Campina Grande, Gilberto Mendes Rios, a partir desta quarta-feira (22\/04), estar\u00e1 auxiliando as pessoas que est\u00e3o enfrentando problemas para recebimento do Aux\u00edlio Emergencial de R$ 600,00 do Governo Federal devido a restri\u00e7\u00f5es no CPF.<\/p>\n<p>O prefeito \u00c9den Duarte, entendendo que muitas pessoas n\u00e3o conseguem ter acesso \u00e0 internet ou tem dificuldades em acessar o sistema da Receita Federal, tratou com o delegado Gilberto Mendes essa parceria para auxiliar a popula\u00e7\u00e3o a receber o benef\u00edcio.<\/p>\n<p>Uma equipe da Secretaria de Educa\u00e7\u00e3o estar\u00e1 dispon\u00edvel na sede da Seduc, de segunda a sexta-feira, das 8h \u00e0s 13h para prestar atendimento a quem precisar do servi\u00e7o.<\/p>\n<p>Todas as recomenda\u00e7\u00f5es preventivas contra a contamina\u00e7\u00e3o pelo novo coronav\u00edrus ser\u00e3o tomadas durante o atendimento. Os interessados tamb\u00e9m podem se informar pelo telefone (83) 3353-2110.<\/p>\n<p>Os servidores do munic\u00edpio que far\u00e3o esse trabalho j\u00e1 participaram de uma v\u00eddeo conferencia com a Receita Federal do Brasil para entender o passo a passo do sistema e assim contribuir para que as pessoas possam receber o aux\u00edlio emergencial.<\/p>\n<p>\u201cA gente sabe que houve uma decis\u00e3o judicial proibindo que o governo federal bloqueasse o recurso do CPF que n\u00e3o estivesse regularizado, mas o governo, recorreu ao STJ, e a gente n\u00e3o sabe qual ser\u00e1 a decis\u00e3o. Por isso estamos nos antecipando, firmando essa parceria com a Receita Federal do Brasil para ajudar essas pessoas a receberem o aux\u00edlio o mais r\u00e1pido poss\u00edvel\u201d, declarou o prefeito \u00c9den Duarte.<\/p>\n<p>Ascom PMS<\/p>\n","protected":false},"excerpt":{"rendered":"<p>A Prefeitura de Sum\u00e9, em parceria com a Receita Federal do Brasil, por meio do delegado da Receita Federal de Campina Grande, Gilberto Mendes Rios, a partir desta quarta-feira (22\/04), estar\u00e1 auxiliando as pessoas que est\u00e3o enfrentando problemas para recebimento do Aux\u00edlio Emergencial de R$ 600,00 do Governo Federal devido a restri\u00e7\u00f5es no CPF. O prefeito \u00c9den Duarte, entendendo que muitas pessoas n\u00e3o conseguem ter acesso \u00e0 internet ou tem dificuldades em acessar o sistema da Receita Federal, tratou com o delegado Gilberto Mendes essa parceria para auxiliar a popula\u00e7\u00e3o a receber o benef\u00edcio. Uma equipe da Secretaria de Educa\u00e7\u00e3o estar\u00e1 dispon\u00edvel na sede da Seduc, de segunda a sexta-feira, das 8h \u00e0s 13h para prestar atendimento a quem precisar do servi\u00e7o. Todas as recomenda\u00e7\u00f5es preventivas contra a contamina\u00e7\u00e3o pelo novo coronav\u00edrus ser\u00e3o tomadas durante o atendimento. Os interessados tamb\u00e9m podem se informar pelo telefone (83) 3353-2110. Os servidores do munic\u00edpio que far\u00e3o esse trabalho j\u00e1 participaram de uma v\u00eddeo conferencia com a Receita Federal do Brasil para entender o passo a passo do sistema e assim contribuir para que as pessoas possam receber o aux\u00edlio emergencial. \u201cA gente sabe que houve uma decis\u00e3o judicial proibindo que o governo federal bloqueasse o recurso do CPF que n\u00e3o estivesse regularizado, mas o governo, recorreu ao STJ, e a gente n\u00e3o sabe qual ser\u00e1 a decis\u00e3o. Por isso estamos nos antecipando, firmando essa parceria com a Receita Federal do Brasil para ajudar essas pessoas a receberem o aux\u00edlio o mais r\u00e1pido poss\u00edvel\u201d, declarou o prefeito \u00c9den Duarte. Ascom PMS<\/p>\n","protected":false},"author":2,"featured_media":9603,"comment_status":"closed","ping_status":"open","sticky":false,"template":"","format":"standard","meta":{"_eb_attr":"","_jetpack_memberships_contains_paid_content":false,"footnotes":""},"categories":[12],"tags":[],"class_list":["post-24388","post","type-post","status-publish","format-standard","has-post-thumbnail","hentry","category-geral"],"yoast_head":"<!-- This site is optimized with the Yoast SEO plugin v26.5 - https:\/\/yoast.com\/wordpress\/plugins\/seo\/ -->\n<title>Prefeitura de Sum\u00e9 auxilia pessoas com restri\u00e7\u00f5es no CPF para recebimento do Aux\u00edlio Emergencial do Governo Federal - Not&iacute;cias em Destaque<\/title>\n<meta name=\"robots\" content=\"index, follow, max-snippet:-1, max-image-preview:large, max-video-preview:-1\" \/>\n<link rel=\"canonical\" href=\"https:\/\/noticiasemdestaque.com\/cd\/?p=24388\" \/>\n<meta property=\"og:locale\" content=\"pt_BR\" \/>\n<meta property=\"og:type\" content=\"article\" \/>\n<meta property=\"og:title\" content=\"Prefeitura de Sum\u00e9 auxilia pessoas com restri\u00e7\u00f5es no CPF para recebimento do Aux\u00edlio Emergencial do Governo Federal - Not&iacute;cias em Destaque\" \/>\n<meta property=\"og:description\" content=\"A Prefeitura de Sum\u00e9, em parceria com a Receita Federal do Brasil, por meio do delegado da Receita Federal de Campina Grande, Gilberto Mendes Rios, a partir desta quarta-feira (22\/04), estar\u00e1 auxiliando as pessoas que est\u00e3o enfrentando problemas para recebimento do Aux\u00edlio Emergencial de R$ 600,00 do Governo Federal devido a restri\u00e7\u00f5es no CPF. O prefeito \u00c9den Duarte, entendendo que muitas pessoas n\u00e3o conseguem ter acesso \u00e0 internet ou tem dificuldades em acessar o sistema da Receita Federal, tratou com o delegado Gilberto Mendes essa parceria para auxiliar a popula\u00e7\u00e3o a receber o benef\u00edcio. Uma equipe da Secretaria de Educa\u00e7\u00e3o estar\u00e1 dispon\u00edvel na sede da Seduc, de segunda a sexta-feira, das 8h \u00e0s 13h para prestar atendimento a quem precisar do servi\u00e7o. Todas as recomenda\u00e7\u00f5es preventivas contra a contamina\u00e7\u00e3o pelo novo coronav\u00edrus ser\u00e3o tomadas durante o atendimento. Os interessados tamb\u00e9m podem se informar pelo telefone (83) 3353-2110. Os servidores do munic\u00edpio que far\u00e3o esse trabalho j\u00e1 participaram de uma v\u00eddeo conferencia com a Receita Federal do Brasil para entender o passo a passo do sistema e assim contribuir para que as pessoas possam receber o aux\u00edlio emergencial. \u201cA gente sabe que houve uma decis\u00e3o judicial proibindo que o governo federal bloqueasse o recurso do CPF que n\u00e3o estivesse regularizado, mas o governo, recorreu ao STJ, e a gente n\u00e3o sabe qual ser\u00e1 a decis\u00e3o. Por isso estamos nos antecipando, firmando essa parceria com a Receita Federal do Brasil para ajudar essas pessoas a receberem o aux\u00edlio o mais r\u00e1pido poss\u00edvel\u201d, declarou o prefeito \u00c9den Duarte. Ascom PMS\" \/>\n<meta property=\"og:url\" content=\"https:\/\/noticiasemdestaque.com\/cd\/?p=24388\" \/>\n<meta property=\"og:site_name\" content=\"Not&iacute;cias em Destaque\" \/>\n<meta property=\"article:published_time\" content=\"2020-04-20T17:30:07+00:00\" \/>\n<meta property=\"og:image\" content=\"https:\/\/noticiasemdestaque.com\/cd\/wp-content\/uploads\/2018\/04\/CPF-Foto-Divulga\u00e7\u00e3o.jpg\" \/>\n\t<meta property=\"og:image:width\" content=\"800\" \/>\n\t<meta property=\"og:image:height\" content=\"500\" \/>\n\t<meta property=\"og:image:type\" content=\"image\/jpeg\" \/>\n<meta name=\"author\" content=\"Not\u00edcias em Destaque\" \/>\n<meta name=\"twitter:card\" content=\"summary_large_image\" \/>\n<meta name=\"twitter:label1\" content=\"Escrito por\" \/>\n\t<meta name=\"twitter:data1\" content=\"Not\u00edcias em Destaque\" \/>\n\t<meta name=\"twitter:label2\" content=\"Est. tempo de leitura\" \/>\n\t<meta name=\"twitter:data2\" content=\"1 minuto\" \/>\n<script type=\"application\/ld+json\" class=\"yoast-schema-graph\">{\"@context\":\"https:\/\/schema.org\",\"@graph\":[{\"@type\":\"Article\",\"@id\":\"https:\/\/noticiasemdestaque.com\/cd\/?p=24388#article\",\"isPartOf\":{\"@id\":\"https:\/\/noticiasemdestaque.com\/cd\/?p=24388\"},\"author\":{\"name\":\"Not\u00edcias em Destaque\",\"@id\":\"https:\/\/noticiasemdestaque.com\/cd\/#\/schema\/person\/21320b03a7e8bb90128938dafc9b908a\"},\"headline\":\"Prefeitura de Sum\u00e9 auxilia pessoas com restri\u00e7\u00f5es no CPF para recebimento do Aux\u00edlio Emergencial do Governo Federal\",\"datePublished\":\"2020-04-20T17:30:07+00:00\",\"mainEntityOfPage\":{\"@id\":\"https:\/\/noticiasemdestaque.com\/cd\/?p=24388\"},\"wordCount\":297,\"publisher\":{\"@id\":\"https:\/\/noticiasemdestaque.com\/cd\/#organization\"},\"image\":{\"@id\":\"https:\/\/noticiasemdestaque.com\/cd\/?p=24388#primaryimage\"},\"thumbnailUrl\":\"https:\/\/noticiasemdestaque.com\/cd\/wp-content\/uploads\/2018\/04\/CPF-Foto-Divulga\u00e7\u00e3o.jpg\",\"articleSection\":[\"Geral\"],\"inLanguage\":\"pt-BR\"},{\"@type\":\"WebPage\",\"@id\":\"https:\/\/noticiasemdestaque.com\/cd\/?p=24388\",\"url\":\"https:\/\/noticiasemdestaque.com\/cd\/?p=24388\",\"name\":\"Prefeitura de Sum\u00e9 auxilia pessoas com restri\u00e7\u00f5es no CPF para recebimento do Aux\u00edlio Emergencial do Governo Federal - Not&iacute;cias em Destaque\",\"isPartOf\":{\"@id\":\"https:\/\/noticiasemdestaque.com\/cd\/#website\"},\"primaryImageOfPage\":{\"@id\":\"https:\/\/noticiasemdestaque.com\/cd\/?p=24388#primaryimage\"},\"image\":{\"@id\":\"https:\/\/noticiasemdestaque.com\/cd\/?p=24388#primaryimage\"},\"thumbnailUrl\":\"https:\/\/noticiasemdestaque.com\/cd\/wp-content\/uploads\/2018\/04\/CPF-Foto-Divulga\u00e7\u00e3o.jpg\",\"datePublished\":\"2020-04-20T17:30:07+00:00\",\"breadcrumb\":{\"@id\":\"https:\/\/noticiasemdestaque.com\/cd\/?p=24388#breadcrumb\"},\"inLanguage\":\"pt-BR\",\"potentialAction\":[{\"@type\":\"ReadAction\",\"target\":[\"https:\/\/noticiasemdestaque.com\/cd\/?p=24388\"]}]},{\"@type\":\"ImageObject\",\"inLanguage\":\"pt-BR\",\"@id\":\"https:\/\/noticiasemdestaque.com\/cd\/?p=24388#primaryimage\",\"url\":\"https:\/\/noticiasemdestaque.com\/cd\/wp-content\/uploads\/2018\/04\/CPF-Foto-Divulga\u00e7\u00e3o.jpg\",\"contentUrl\":\"https:\/\/noticiasemdestaque.com\/cd\/wp-content\/uploads\/2018\/04\/CPF-Foto-Divulga\u00e7\u00e3o.jpg\",\"width\":800,\"height\":500},{\"@type\":\"BreadcrumbList\",\"@id\":\"https:\/\/noticiasemdestaque.com\/cd\/?p=24388#breadcrumb\",\"itemListElement\":[{\"@type\":\"ListItem\",\"position\":1,\"name\":\"In\u00edcio\",\"item\":\"https:\/\/noticiasemdestaque.com\/cd\/\"},{\"@type\":\"ListItem\",\"position\":2,\"name\":\"Prefeitura de Sum\u00e9 auxilia pessoas com restri\u00e7\u00f5es no CPF para recebimento do Aux\u00edlio Emergencial do Governo Federal\"}]},{\"@type\":\"WebSite\",\"@id\":\"https:\/\/noticiasemdestaque.com\/cd\/#website\",\"url\":\"https:\/\/noticiasemdestaque.com\/cd\/\",\"name\":\"Not&iacute;cias em Destaque\",\"description\":\"\",\"publisher\":{\"@id\":\"https:\/\/noticiasemdestaque.com\/cd\/#organization\"},\"potentialAction\":[{\"@type\":\"SearchAction\",\"target\":{\"@type\":\"EntryPoint\",\"urlTemplate\":\"https:\/\/noticiasemdestaque.com\/cd\/?s={search_term_string}\"},\"query-input\":{\"@type\":\"PropertyValueSpecification\",\"valueRequired\":true,\"valueName\":\"search_term_string\"}}],\"inLanguage\":\"pt-BR\"},{\"@type\":\"Organization\",\"@id\":\"https:\/\/noticiasemdestaque.com\/cd\/#organization\",\"name\":\"Not\u00edcias em Destaque\",\"url\":\"https:\/\/noticiasemdestaque.com\/cd\/\",\"logo\":{\"@type\":\"ImageObject\",\"inLanguage\":\"pt-BR\",\"@id\":\"https:\/\/noticiasemdestaque.com\/cd\/#\/schema\/logo\/image\/\",\"url\":\"https:\/\/noticiasemdestaque.com\/cd\/wp-content\/uploads\/2022\/05\/imagem-base-noticiasemdestaque.png\",\"contentUrl\":\"https:\/\/noticiasemdestaque.com\/cd\/wp-content\/uploads\/2022\/05\/imagem-base-noticiasemdestaque.png\",\"width\":1200,\"height\":630,\"caption\":\"Not\u00edcias em Destaque\"},\"image\":{\"@id\":\"https:\/\/noticiasemdestaque.com\/cd\/#\/schema\/logo\/image\/\"}},{\"@type\":\"Person\",\"@id\":\"https:\/\/noticiasemdestaque.com\/cd\/#\/schema\/person\/21320b03a7e8bb90128938dafc9b908a\",\"name\":\"Not\u00edcias em Destaque\",\"url\":\"https:\/\/noticiasemdestaque.com\/cd\/?author=2\"}]}<\/script>\n<!-- \/ Yoast SEO plugin. -->","yoast_head_json":{"title":"Prefeitura de Sum\u00e9 auxilia pessoas com restri\u00e7\u00f5es no CPF para recebimento do Aux\u00edlio Emergencial do Governo Federal - Not&iacute;cias em Destaque","robots":{"index":"index","follow":"follow","max-snippet":"max-snippet:-1","max-image-preview":"max-image-preview:large","max-video-preview":"max-video-preview:-1"},"canonical":"https:\/\/noticiasemdestaque.com\/cd\/?p=24388","og_locale":"pt_BR","og_type":"article","og_title":"Prefeitura de Sum\u00e9 auxilia pessoas com restri\u00e7\u00f5es no CPF para recebimento do Aux\u00edlio Emergencial do Governo Federal - Not&iacute;cias em Destaque","og_description":"A Prefeitura de Sum\u00e9, em parceria com a Receita Federal do Brasil, por meio do delegado da Receita Federal de Campina Grande, Gilberto Mendes Rios, a partir desta quarta-feira (22\/04), estar\u00e1 auxiliando as pessoas que est\u00e3o enfrentando problemas para recebimento do Aux\u00edlio Emergencial de R$ 600,00 do Governo Federal devido a restri\u00e7\u00f5es no CPF. O prefeito \u00c9den Duarte, entendendo que muitas pessoas n\u00e3o conseguem ter acesso \u00e0 internet ou tem dificuldades em acessar o sistema da Receita Federal, tratou com o delegado Gilberto Mendes essa parceria para auxiliar a popula\u00e7\u00e3o a receber o benef\u00edcio. Uma equipe da Secretaria de Educa\u00e7\u00e3o estar\u00e1 dispon\u00edvel na sede da Seduc, de segunda a sexta-feira, das 8h \u00e0s 13h para prestar atendimento a quem precisar do servi\u00e7o. Todas as recomenda\u00e7\u00f5es preventivas contra a contamina\u00e7\u00e3o pelo novo coronav\u00edrus ser\u00e3o tomadas durante o atendimento. Os interessados tamb\u00e9m podem se informar pelo telefone (83) 3353-2110. Os servidores do munic\u00edpio que far\u00e3o esse trabalho j\u00e1 participaram de uma v\u00eddeo conferencia com a Receita Federal do Brasil para entender o passo a passo do sistema e assim contribuir para que as pessoas possam receber o aux\u00edlio emergencial. \u201cA gente sabe que houve uma decis\u00e3o judicial proibindo que o governo federal bloqueasse o recurso do CPF que n\u00e3o estivesse regularizado, mas o governo, recorreu ao STJ, e a gente n\u00e3o sabe qual ser\u00e1 a decis\u00e3o. Por isso estamos nos antecipando, firmando essa parceria com a Receita Federal do Brasil para ajudar essas pessoas a receberem o aux\u00edlio o mais r\u00e1pido poss\u00edvel\u201d, declarou o prefeito \u00c9den Duarte. Ascom PMS","og_url":"https:\/\/noticiasemdestaque.com\/cd\/?p=24388","og_site_name":"Not&iacute;cias em Destaque","article_published_time":"2020-04-20T17:30:07+00:00","og_image":[{"width":800,"height":500,"url":"https:\/\/noticiasemdestaque.com\/cd\/wp-content\/uploads\/2018\/04\/CPF-Foto-Divulga\u00e7\u00e3o.jpg","type":"image\/jpeg"}],"author":"Not\u00edcias em Destaque","twitter_card":"summary_large_image","twitter_misc":{"Escrito por":"Not\u00edcias em Destaque","Est. tempo de leitura":"1 minuto"},"schema":{"@context":"https:\/\/schema.org","@graph":[{"@type":"Article","@id":"https:\/\/noticiasemdestaque.com\/cd\/?p=24388#article","isPartOf":{"@id":"https:\/\/noticiasemdestaque.com\/cd\/?p=24388"},"author":{"name":"Not\u00edcias em Destaque","@id":"https:\/\/noticiasemdestaque.com\/cd\/#\/schema\/person\/21320b03a7e8bb90128938dafc9b908a"},"headline":"Prefeitura de Sum\u00e9 auxilia pessoas com restri\u00e7\u00f5es no CPF para recebimento do Aux\u00edlio Emergencial do Governo Federal","datePublished":"2020-04-20T17:30:07+00:00","mainEntityOfPage":{"@id":"https:\/\/noticiasemdestaque.com\/cd\/?p=24388"},"wordCount":297,"publisher":{"@id":"https:\/\/noticiasemdestaque.com\/cd\/#organization"},"image":{"@id":"https:\/\/noticiasemdestaque.com\/cd\/?p=24388#primaryimage"},"thumbnailUrl":"https:\/\/noticiasemdestaque.com\/cd\/wp-content\/uploads\/2018\/04\/CPF-Foto-Divulga\u00e7\u00e3o.jpg","articleSection":["Geral"],"inLanguage":"pt-BR"},{"@type":"WebPage","@id":"https:\/\/noticiasemdestaque.com\/cd\/?p=24388","url":"https:\/\/noticiasemdestaque.com\/cd\/?p=24388","name":"Prefeitura de Sum\u00e9 auxilia pessoas com restri\u00e7\u00f5es no CPF para recebimento do Aux\u00edlio Emergencial do Governo Federal - Not&iacute;cias em Destaque","isPartOf":{"@id":"https:\/\/noticiasemdestaque.com\/cd\/#website"},"primaryImageOfPage":{"@id":"https:\/\/noticiasemdestaque.com\/cd\/?p=24388#primaryimage"},"image":{"@id":"https:\/\/noticiasemdestaque.com\/cd\/?p=24388#primaryimage"},"thumbnailUrl":"https:\/\/noticiasemdestaque.com\/cd\/wp-content\/uploads\/2018\/04\/CPF-Foto-Divulga\u00e7\u00e3o.jpg","datePublished":"2020-04-20T17:30:07+00:00","breadcrumb":{"@id":"https:\/\/noticiasemdestaque.com\/cd\/?p=24388#breadcrumb"},"inLanguage":"pt-BR","potentialAction":[{"@type":"ReadAction","target":["https:\/\/noticiasemdestaque.com\/cd\/?p=24388"]}]},{"@type":"ImageObject","inLanguage":"pt-BR","@id":"https:\/\/noticiasemdestaque.com\/cd\/?p=24388#primaryimage","url":"https:\/\/noticiasemdestaque.com\/cd\/wp-content\/uploads\/2018\/04\/CPF-Foto-Divulga\u00e7\u00e3o.jpg","contentUrl":"https:\/\/noticiasemdestaque.com\/cd\/wp-content\/uploads\/2018\/04\/CPF-Foto-Divulga\u00e7\u00e3o.jpg","width":800,"height":500},{"@type":"BreadcrumbList","@id":"https:\/\/noticiasemdestaque.com\/cd\/?p=24388#breadcrumb","itemListElement":[{"@type":"ListItem","position":1,"name":"In\u00edcio","item":"https:\/\/noticiasemdestaque.com\/cd\/"},{"@type":"ListItem","position":2,"name":"Prefeitura de Sum\u00e9 auxilia pessoas com restri\u00e7\u00f5es no CPF para recebimento do Aux\u00edlio Emergencial do Governo Federal"}]},{"@type":"WebSite","@id":"https:\/\/noticiasemdestaque.com\/cd\/#website","url":"https:\/\/noticiasemdestaque.com\/cd\/","name":"Not&iacute;cias em Destaque","description":"","publisher":{"@id":"https:\/\/noticiasemdestaque.com\/cd\/#organization"},"potentialAction":[{"@type":"SearchAction","target":{"@type":"EntryPoint","urlTemplate":"https:\/\/noticiasemdestaque.com\/cd\/?s={search_term_string}"},"query-input":{"@type":"PropertyValueSpecification","valueRequired":true,"valueName":"search_term_string"}}],"inLanguage":"pt-BR"},{"@type":"Organization","@id":"https:\/\/noticiasemdestaque.com\/cd\/#organization","name":"Not\u00edcias em Destaque","url":"https:\/\/noticiasemdestaque.com\/cd\/","logo":{"@type":"ImageObject","inLanguage":"pt-BR","@id":"https:\/\/noticiasemdestaque.com\/cd\/#\/schema\/logo\/image\/","url":"https:\/\/noticiasemdestaque.com\/cd\/wp-content\/uploads\/2022\/05\/imagem-base-noticiasemdestaque.png","contentUrl":"https:\/\/noticiasemdestaque.com\/cd\/wp-content\/uploads\/2022\/05\/imagem-base-noticiasemdestaque.png","width":1200,"height":630,"caption":"Not\u00edcias em Destaque"},"image":{"@id":"https:\/\/noticiasemdestaque.com\/cd\/#\/schema\/logo\/image\/"}},{"@type":"Person","@id":"https:\/\/noticiasemdestaque.com\/cd\/#\/schema\/person\/21320b03a7e8bb90128938dafc9b908a","name":"Not\u00edcias em Destaque","url":"https:\/\/noticiasemdestaque.com\/cd\/?author=2"}]}},"jetpack_featured_media_url":"https:\/\/noticiasemdestaque.com\/cd\/wp-content\/uploads\/2018\/04\/CPF-Foto-Divulga\u00e7\u00e3o.jpg","jetpack_sharing_enabled":true,"_links":{"self":[{"href":"https:\/\/noticiasemdestaque.com\/cd\/index.php?rest_route=\/wp\/v2\/posts\/24388","targetHints":{"allow":["GET"]}}],"collection":[{"href":"https:\/\/noticiasemdestaque.com\/cd\/index.php?rest_route=\/wp\/v2\/posts"}],"about":[{"href":"https:\/\/noticiasemdestaque.com\/cd\/index.php?rest_route=\/wp\/v2\/types\/post"}],"author":[{"embeddable":true,"href":"https:\/\/noticiasemdestaque.com\/cd\/index.php?rest_route=\/wp\/v2\/users\/2"}],"replies":[{"embeddable":true,"href":"https:\/\/noticiasemdestaque.com\/cd\/index.php?rest_route=%2Fwp%2Fv2%2Fcomments&post=24388"}],"version-history":[{"count":1,"href":"https:\/\/noticiasemdestaque.com\/cd\/index.php?rest_route=\/wp\/v2\/posts\/24388\/revisions"}],"predecessor-version":[{"id":24389,"href":"https:\/\/noticiasemdestaque.com\/cd\/index.php?rest_route=\/wp\/v2\/posts\/24388\/revisions\/24389"}],"wp:featuredmedia":[{"embeddable":true,"href":"https:\/\/noticiasemdestaque.com\/cd\/index.php?rest_route=\/wp\/v2\/media\/9603"}],"wp:attachment":[{"href":"https:\/\/noticiasemdestaque.com\/cd\/index.php?rest_route=%2Fwp%2Fv2%2Fmedia&parent=24388"}],"wp:term":[{"taxonomy":"category","embeddable":true,"href":"https:\/\/noticiasemdestaque.com\/cd\/index.php?rest_route=%2Fwp%2Fv2%2Fcategories&post=24388"},{"taxonomy":"post_tag","embeddable":true,"href":"https:\/\/noticiasemdestaque.com\/cd\/index.php?rest_route=%2Fwp%2Fv2%2Ftags&post=24388"}],"curies":[{"name":"wp","href":"https:\/\/api.w.org\/{rel}","templated":true}]}}