{"id":24319,"date":"2020-04-16T08:20:46","date_gmt":"2020-04-16T11:20:46","guid":{"rendered":"http:\/\/noticiasemdestaque.com\/cd\/?p=24319"},"modified":"2020-04-16T08:20:46","modified_gmt":"2020-04-16T11:20:46","slug":"demissao-de-mandetta-e-rejeitada-por-76-dos-brasileiros","status":"publish","type":"post","link":"https:\/\/noticiasemdestaque.com\/cd\/?p=24319","title":{"rendered":"Demiss\u00e3o de Mandetta \u00e9 rejeitada por 76% dos brasileiros"},"content":{"rendered":"<p><a href=\"https:\/\/noticiasemdestaque.com\/cd\/wp-content\/uploads\/2020\/04\/presidente-jair-bolsonaro-ao-laddo-do-ministro-da-saude-luiz-henrique-mandetta-durante-entrevista-coletiva-em-brasilia-1585870413657_v2_1920x1280.jpg\"><img fetchpriority=\"high\" decoding=\"async\" class=\"wp-image-24100 aligncenter\" src=\"https:\/\/noticiasemdestaque.com\/cd\/wp-content\/uploads\/2020\/04\/presidente-jair-bolsonaro-ao-laddo-do-ministro-da-saude-luiz-henrique-mandetta-durante-entrevista-coletiva-em-brasilia-1585870413657_v2_1920x1280-1024x683.jpg\" alt=\"\" width=\"423\" height=\"282\" srcset=\"https:\/\/noticiasemdestaque.com\/cd\/wp-content\/uploads\/2020\/04\/presidente-jair-bolsonaro-ao-laddo-do-ministro-da-saude-luiz-henrique-mandetta-durante-entrevista-coletiva-em-brasilia-1585870413657_v2_1920x1280-1024x683.jpg 1024w, https:\/\/noticiasemdestaque.com\/cd\/wp-content\/uploads\/2020\/04\/presidente-jair-bolsonaro-ao-laddo-do-ministro-da-saude-luiz-henrique-mandetta-durante-entrevista-coletiva-em-brasilia-1585870413657_v2_1920x1280-300x200.jpg 300w, https:\/\/noticiasemdestaque.com\/cd\/wp-content\/uploads\/2020\/04\/presidente-jair-bolsonaro-ao-laddo-do-ministro-da-saude-luiz-henrique-mandetta-durante-entrevista-coletiva-em-brasilia-1585870413657_v2_1920x1280-768x512.jpg 768w, https:\/\/noticiasemdestaque.com\/cd\/wp-content\/uploads\/2020\/04\/presidente-jair-bolsonaro-ao-laddo-do-ministro-da-saude-luiz-henrique-mandetta-durante-entrevista-coletiva-em-brasilia-1585870413657_v2_1920x1280-480x320.jpg 480w, https:\/\/noticiasemdestaque.com\/cd\/wp-content\/uploads\/2020\/04\/presidente-jair-bolsonaro-ao-laddo-do-ministro-da-saude-luiz-henrique-mandetta-durante-entrevista-coletiva-em-brasilia-1585870413657_v2_1920x1280.jpg 1920w\" sizes=\"(max-width: 423px) 100vw, 423px\" \/><\/a><\/p>\n<p>A maioria esmagadora dos brasileiros \u00e9 contr\u00e1ria \u00e0 demiss\u00e3o Luiz Henrique Mandetta.<\/p>\n<p>Uma pesquisa realizada pelo Atlas Pol\u00edtico mostrou que 76,2% dos entrevistados discordam do afastamento do ministro.<\/p>\n<div id=\"entry-text-post\" class=\"entry-content\">\n<p>S\u00f3 13,7% concordam.<\/p>\n<p><em><strong>Not\u00edcias em Destaque<\/strong><\/em><\/p>\n<p>Antagonista<\/p>\n<\/div>\n<div class=\"nex-prev-links\"><\/div>\n","protected":false},"excerpt":{"rendered":"<p>A maioria esmagadora dos brasileiros \u00e9 contr\u00e1ria \u00e0 demiss\u00e3o Luiz Henrique Mandetta. Uma pesquisa realizada pelo Atlas Pol\u00edtico mostrou que 76,2% dos entrevistados discordam do afastamento do ministro. S\u00f3 13,7% concordam. Not\u00edcias em Destaque Antagonista<\/p>\n","protected":false},"author":2,"featured_media":24100,"comment_status":"closed","ping_status":"open","sticky":false,"template":"","format":"standard","meta":{"_eb_attr":"","_jetpack_memberships_contains_paid_content":false,"footnotes":""},"categories":[8],"tags":[],"class_list":["post-24319","post","type-post","status-publish","format-standard","has-post-thumbnail","hentry","category-saude"],"yoast_head":"<!-- This site is optimized with the Yoast SEO plugin v26.5 - https:\/\/yoast.com\/wordpress\/plugins\/seo\/ -->\n<title>Demiss\u00e3o de Mandetta \u00e9 rejeitada por 76% dos brasileiros - Not&iacute;cias em Destaque<\/title>\n<meta name=\"robots\" content=\"index, follow, max-snippet:-1, max-image-preview:large, max-video-preview:-1\" \/>\n<link rel=\"canonical\" href=\"https:\/\/noticiasemdestaque.com\/cd\/?p=24319\" \/>\n<meta property=\"og:locale\" content=\"pt_BR\" \/>\n<meta property=\"og:type\" content=\"article\" \/>\n<meta property=\"og:title\" content=\"Demiss\u00e3o de Mandetta \u00e9 rejeitada por 76% dos brasileiros - Not&iacute;cias em Destaque\" \/>\n<meta property=\"og:description\" content=\"A maioria esmagadora dos brasileiros \u00e9 contr\u00e1ria \u00e0 demiss\u00e3o Luiz Henrique Mandetta. Uma pesquisa realizada pelo Atlas Pol\u00edtico mostrou que 76,2% dos entrevistados discordam do afastamento do ministro. S\u00f3 13,7% concordam. Not\u00edcias em Destaque Antagonista\" \/>\n<meta property=\"og:url\" content=\"https:\/\/noticiasemdestaque.com\/cd\/?p=24319\" \/>\n<meta property=\"og:site_name\" content=\"Not&iacute;cias em Destaque\" \/>\n<meta property=\"article:published_time\" content=\"2020-04-16T11:20:46+00:00\" \/>\n<meta property=\"og:image\" content=\"https:\/\/noticiasemdestaque.com\/cd\/wp-content\/uploads\/2020\/04\/presidente-jair-bolsonaro-ao-laddo-do-ministro-da-saude-luiz-henrique-mandetta-durante-entrevista-coletiva-em-brasilia-1585870413657_v2_1920x1280.jpg\" \/>\n\t<meta property=\"og:image:width\" content=\"1920\" \/>\n\t<meta property=\"og:image:height\" content=\"1280\" \/>\n\t<meta property=\"og:image:type\" content=\"image\/jpeg\" \/>\n<meta name=\"author\" content=\"Not\u00edcias em Destaque\" \/>\n<meta name=\"twitter:card\" content=\"summary_large_image\" \/>\n<meta name=\"twitter:label1\" content=\"Escrito por\" \/>\n\t<meta name=\"twitter:data1\" content=\"Not\u00edcias em Destaque\" \/>\n<script type=\"application\/ld+json\" class=\"yoast-schema-graph\">{\"@context\":\"https:\/\/schema.org\",\"@graph\":[{\"@type\":\"Article\",\"@id\":\"https:\/\/noticiasemdestaque.com\/cd\/?p=24319#article\",\"isPartOf\":{\"@id\":\"https:\/\/noticiasemdestaque.com\/cd\/?p=24319\"},\"author\":{\"name\":\"Not\u00edcias em Destaque\",\"@id\":\"https:\/\/noticiasemdestaque.com\/cd\/#\/schema\/person\/21320b03a7e8bb90128938dafc9b908a\"},\"headline\":\"Demiss\u00e3o de Mandetta \u00e9 rejeitada por 76% dos brasileiros\",\"datePublished\":\"2020-04-16T11:20:46+00:00\",\"mainEntityOfPage\":{\"@id\":\"https:\/\/noticiasemdestaque.com\/cd\/?p=24319\"},\"wordCount\":43,\"publisher\":{\"@id\":\"https:\/\/noticiasemdestaque.com\/cd\/#organization\"},\"image\":{\"@id\":\"https:\/\/noticiasemdestaque.com\/cd\/?p=24319#primaryimage\"},\"thumbnailUrl\":\"https:\/\/noticiasemdestaque.com\/cd\/wp-content\/uploads\/2020\/04\/presidente-jair-bolsonaro-ao-laddo-do-ministro-da-saude-luiz-henrique-mandetta-durante-entrevista-coletiva-em-brasilia-1585870413657_v2_1920x1280.jpg\",\"articleSection\":[\"Sa\u00fade\"],\"inLanguage\":\"pt-BR\"},{\"@type\":\"WebPage\",\"@id\":\"https:\/\/noticiasemdestaque.com\/cd\/?p=24319\",\"url\":\"https:\/\/noticiasemdestaque.com\/cd\/?p=24319\",\"name\":\"Demiss\u00e3o de Mandetta \u00e9 rejeitada por 76% dos brasileiros - Not&iacute;cias em Destaque\",\"isPartOf\":{\"@id\":\"https:\/\/noticiasemdestaque.com\/cd\/#website\"},\"primaryImageOfPage\":{\"@id\":\"https:\/\/noticiasemdestaque.com\/cd\/?p=24319#primaryimage\"},\"image\":{\"@id\":\"https:\/\/noticiasemdestaque.com\/cd\/?p=24319#primaryimage\"},\"thumbnailUrl\":\"https:\/\/noticiasemdestaque.com\/cd\/wp-content\/uploads\/2020\/04\/presidente-jair-bolsonaro-ao-laddo-do-ministro-da-saude-luiz-henrique-mandetta-durante-entrevista-coletiva-em-brasilia-1585870413657_v2_1920x1280.jpg\",\"datePublished\":\"2020-04-16T11:20:46+00:00\",\"breadcrumb\":{\"@id\":\"https:\/\/noticiasemdestaque.com\/cd\/?p=24319#breadcrumb\"},\"inLanguage\":\"pt-BR\",\"potentialAction\":[{\"@type\":\"ReadAction\",\"target\":[\"https:\/\/noticiasemdestaque.com\/cd\/?p=24319\"]}]},{\"@type\":\"ImageObject\",\"inLanguage\":\"pt-BR\",\"@id\":\"https:\/\/noticiasemdestaque.com\/cd\/?p=24319#primaryimage\",\"url\":\"https:\/\/noticiasemdestaque.com\/cd\/wp-content\/uploads\/2020\/04\/presidente-jair-bolsonaro-ao-laddo-do-ministro-da-saude-luiz-henrique-mandetta-durante-entrevista-coletiva-em-brasilia-1585870413657_v2_1920x1280.jpg\",\"contentUrl\":\"https:\/\/noticiasemdestaque.com\/cd\/wp-content\/uploads\/2020\/04\/presidente-jair-bolsonaro-ao-laddo-do-ministro-da-saude-luiz-henrique-mandetta-durante-entrevista-coletiva-em-brasilia-1585870413657_v2_1920x1280.jpg\",\"width\":1920,\"height\":1280},{\"@type\":\"BreadcrumbList\",\"@id\":\"https:\/\/noticiasemdestaque.com\/cd\/?p=24319#breadcrumb\",\"itemListElement\":[{\"@type\":\"ListItem\",\"position\":1,\"name\":\"In\u00edcio\",\"item\":\"https:\/\/noticiasemdestaque.com\/cd\/\"},{\"@type\":\"ListItem\",\"position\":2,\"name\":\"Demiss\u00e3o de Mandetta \u00e9 rejeitada por 76% dos brasileiros\"}]},{\"@type\":\"WebSite\",\"@id\":\"https:\/\/noticiasemdestaque.com\/cd\/#website\",\"url\":\"https:\/\/noticiasemdestaque.com\/cd\/\",\"name\":\"Not&iacute;cias em Destaque\",\"description\":\"\",\"publisher\":{\"@id\":\"https:\/\/noticiasemdestaque.com\/cd\/#organization\"},\"potentialAction\":[{\"@type\":\"SearchAction\",\"target\":{\"@type\":\"EntryPoint\",\"urlTemplate\":\"https:\/\/noticiasemdestaque.com\/cd\/?s={search_term_string}\"},\"query-input\":{\"@type\":\"PropertyValueSpecification\",\"valueRequired\":true,\"valueName\":\"search_term_string\"}}],\"inLanguage\":\"pt-BR\"},{\"@type\":\"Organization\",\"@id\":\"https:\/\/noticiasemdestaque.com\/cd\/#organization\",\"name\":\"Not\u00edcias em Destaque\",\"url\":\"https:\/\/noticiasemdestaque.com\/cd\/\",\"logo\":{\"@type\":\"ImageObject\",\"inLanguage\":\"pt-BR\",\"@id\":\"https:\/\/noticiasemdestaque.com\/cd\/#\/schema\/logo\/image\/\",\"url\":\"https:\/\/noticiasemdestaque.com\/cd\/wp-content\/uploads\/2022\/05\/imagem-base-noticiasemdestaque.png\",\"contentUrl\":\"https:\/\/noticiasemdestaque.com\/cd\/wp-content\/uploads\/2022\/05\/imagem-base-noticiasemdestaque.png\",\"width\":1200,\"height\":630,\"caption\":\"Not\u00edcias em Destaque\"},\"image\":{\"@id\":\"https:\/\/noticiasemdestaque.com\/cd\/#\/schema\/logo\/image\/\"}},{\"@type\":\"Person\",\"@id\":\"https:\/\/noticiasemdestaque.com\/cd\/#\/schema\/person\/21320b03a7e8bb90128938dafc9b908a\",\"name\":\"Not\u00edcias em Destaque\",\"url\":\"https:\/\/noticiasemdestaque.com\/cd\/?author=2\"}]}<\/script>\n<!-- \/ Yoast SEO plugin. -->","yoast_head_json":{"title":"Demiss\u00e3o de Mandetta \u00e9 rejeitada por 76% dos brasileiros - Not&iacute;cias em Destaque","robots":{"index":"index","follow":"follow","max-snippet":"max-snippet:-1","max-image-preview":"max-image-preview:large","max-video-preview":"max-video-preview:-1"},"canonical":"https:\/\/noticiasemdestaque.com\/cd\/?p=24319","og_locale":"pt_BR","og_type":"article","og_title":"Demiss\u00e3o de Mandetta \u00e9 rejeitada por 76% dos brasileiros - Not&iacute;cias em Destaque","og_description":"A maioria esmagadora dos brasileiros \u00e9 contr\u00e1ria \u00e0 demiss\u00e3o Luiz Henrique Mandetta. Uma pesquisa realizada pelo Atlas Pol\u00edtico mostrou que 76,2% dos entrevistados discordam do afastamento do ministro. S\u00f3 13,7% concordam. Not\u00edcias em Destaque Antagonista","og_url":"https:\/\/noticiasemdestaque.com\/cd\/?p=24319","og_site_name":"Not&iacute;cias em Destaque","article_published_time":"2020-04-16T11:20:46+00:00","og_image":[{"width":1920,"height":1280,"url":"https:\/\/noticiasemdestaque.com\/cd\/wp-content\/uploads\/2020\/04\/presidente-jair-bolsonaro-ao-laddo-do-ministro-da-saude-luiz-henrique-mandetta-durante-entrevista-coletiva-em-brasilia-1585870413657_v2_1920x1280.jpg","type":"image\/jpeg"}],"author":"Not\u00edcias em Destaque","twitter_card":"summary_large_image","twitter_misc":{"Escrito por":"Not\u00edcias em Destaque"},"schema":{"@context":"https:\/\/schema.org","@graph":[{"@type":"Article","@id":"https:\/\/noticiasemdestaque.com\/cd\/?p=24319#article","isPartOf":{"@id":"https:\/\/noticiasemdestaque.com\/cd\/?p=24319"},"author":{"name":"Not\u00edcias em Destaque","@id":"https:\/\/noticiasemdestaque.com\/cd\/#\/schema\/person\/21320b03a7e8bb90128938dafc9b908a"},"headline":"Demiss\u00e3o de Mandetta \u00e9 rejeitada por 76% dos brasileiros","datePublished":"2020-04-16T11:20:46+00:00","mainEntityOfPage":{"@id":"https:\/\/noticiasemdestaque.com\/cd\/?p=24319"},"wordCount":43,"publisher":{"@id":"https:\/\/noticiasemdestaque.com\/cd\/#organization"},"image":{"@id":"https:\/\/noticiasemdestaque.com\/cd\/?p=24319#primaryimage"},"thumbnailUrl":"https:\/\/noticiasemdestaque.com\/cd\/wp-content\/uploads\/2020\/04\/presidente-jair-bolsonaro-ao-laddo-do-ministro-da-saude-luiz-henrique-mandetta-durante-entrevista-coletiva-em-brasilia-1585870413657_v2_1920x1280.jpg","articleSection":["Sa\u00fade"],"inLanguage":"pt-BR"},{"@type":"WebPage","@id":"https:\/\/noticiasemdestaque.com\/cd\/?p=24319","url":"https:\/\/noticiasemdestaque.com\/cd\/?p=24319","name":"Demiss\u00e3o de Mandetta \u00e9 rejeitada por 76% dos brasileiros - Not&iacute;cias em Destaque","isPartOf":{"@id":"https:\/\/noticiasemdestaque.com\/cd\/#website"},"primaryImageOfPage":{"@id":"https:\/\/noticiasemdestaque.com\/cd\/?p=24319#primaryimage"},"image":{"@id":"https:\/\/noticiasemdestaque.com\/cd\/?p=24319#primaryimage"},"thumbnailUrl":"https:\/\/noticiasemdestaque.com\/cd\/wp-content\/uploads\/2020\/04\/presidente-jair-bolsonaro-ao-laddo-do-ministro-da-saude-luiz-henrique-mandetta-durante-entrevista-coletiva-em-brasilia-1585870413657_v2_1920x1280.jpg","datePublished":"2020-04-16T11:20:46+00:00","breadcrumb":{"@id":"https:\/\/noticiasemdestaque.com\/cd\/?p=24319#breadcrumb"},"inLanguage":"pt-BR","potentialAction":[{"@type":"ReadAction","target":["https:\/\/noticiasemdestaque.com\/cd\/?p=24319"]}]},{"@type":"ImageObject","inLanguage":"pt-BR","@id":"https:\/\/noticiasemdestaque.com\/cd\/?p=24319#primaryimage","url":"https:\/\/noticiasemdestaque.com\/cd\/wp-content\/uploads\/2020\/04\/presidente-jair-bolsonaro-ao-laddo-do-ministro-da-saude-luiz-henrique-mandetta-durante-entrevista-coletiva-em-brasilia-1585870413657_v2_1920x1280.jpg","contentUrl":"https:\/\/noticiasemdestaque.com\/cd\/wp-content\/uploads\/2020\/04\/presidente-jair-bolsonaro-ao-laddo-do-ministro-da-saude-luiz-henrique-mandetta-durante-entrevista-coletiva-em-brasilia-1585870413657_v2_1920x1280.jpg","width":1920,"height":1280},{"@type":"BreadcrumbList","@id":"https:\/\/noticiasemdestaque.com\/cd\/?p=24319#breadcrumb","itemListElement":[{"@type":"ListItem","position":1,"name":"In\u00edcio","item":"https:\/\/noticiasemdestaque.com\/cd\/"},{"@type":"ListItem","position":2,"name":"Demiss\u00e3o de Mandetta \u00e9 rejeitada por 76% dos brasileiros"}]},{"@type":"WebSite","@id":"https:\/\/noticiasemdestaque.com\/cd\/#website","url":"https:\/\/noticiasemdestaque.com\/cd\/","name":"Not&iacute;cias em Destaque","description":"","publisher":{"@id":"https:\/\/noticiasemdestaque.com\/cd\/#organization"},"potentialAction":[{"@type":"SearchAction","target":{"@type":"EntryPoint","urlTemplate":"https:\/\/noticiasemdestaque.com\/cd\/?s={search_term_string}"},"query-input":{"@type":"PropertyValueSpecification","valueRequired":true,"valueName":"search_term_string"}}],"inLanguage":"pt-BR"},{"@type":"Organization","@id":"https:\/\/noticiasemdestaque.com\/cd\/#organization","name":"Not\u00edcias em Destaque","url":"https:\/\/noticiasemdestaque.com\/cd\/","logo":{"@type":"ImageObject","inLanguage":"pt-BR","@id":"https:\/\/noticiasemdestaque.com\/cd\/#\/schema\/logo\/image\/","url":"https:\/\/noticiasemdestaque.com\/cd\/wp-content\/uploads\/2022\/05\/imagem-base-noticiasemdestaque.png","contentUrl":"https:\/\/noticiasemdestaque.com\/cd\/wp-content\/uploads\/2022\/05\/imagem-base-noticiasemdestaque.png","width":1200,"height":630,"caption":"Not\u00edcias em Destaque"},"image":{"@id":"https:\/\/noticiasemdestaque.com\/cd\/#\/schema\/logo\/image\/"}},{"@type":"Person","@id":"https:\/\/noticiasemdestaque.com\/cd\/#\/schema\/person\/21320b03a7e8bb90128938dafc9b908a","name":"Not\u00edcias em Destaque","url":"https:\/\/noticiasemdestaque.com\/cd\/?author=2"}]}},"jetpack_featured_media_url":"https:\/\/noticiasemdestaque.com\/cd\/wp-content\/uploads\/2020\/04\/presidente-jair-bolsonaro-ao-laddo-do-ministro-da-saude-luiz-henrique-mandetta-durante-entrevista-coletiva-em-brasilia-1585870413657_v2_1920x1280.jpg","jetpack_sharing_enabled":true,"_links":{"self":[{"href":"https:\/\/noticiasemdestaque.com\/cd\/index.php?rest_route=\/wp\/v2\/posts\/24319","targetHints":{"allow":["GET"]}}],"collection":[{"href":"https:\/\/noticiasemdestaque.com\/cd\/index.php?rest_route=\/wp\/v2\/posts"}],"about":[{"href":"https:\/\/noticiasemdestaque.com\/cd\/index.php?rest_route=\/wp\/v2\/types\/post"}],"author":[{"embeddable":true,"href":"https:\/\/noticiasemdestaque.com\/cd\/index.php?rest_route=\/wp\/v2\/users\/2"}],"replies":[{"embeddable":true,"href":"https:\/\/noticiasemdestaque.com\/cd\/index.php?rest_route=%2Fwp%2Fv2%2Fcomments&post=24319"}],"version-history":[{"count":1,"href":"https:\/\/noticiasemdestaque.com\/cd\/index.php?rest_route=\/wp\/v2\/posts\/24319\/revisions"}],"predecessor-version":[{"id":24320,"href":"https:\/\/noticiasemdestaque.com\/cd\/index.php?rest_route=\/wp\/v2\/posts\/24319\/revisions\/24320"}],"wp:featuredmedia":[{"embeddable":true,"href":"https:\/\/noticiasemdestaque.com\/cd\/index.php?rest_route=\/wp\/v2\/media\/24100"}],"wp:attachment":[{"href":"https:\/\/noticiasemdestaque.com\/cd\/index.php?rest_route=%2Fwp%2Fv2%2Fmedia&parent=24319"}],"wp:term":[{"taxonomy":"category","embeddable":true,"href":"https:\/\/noticiasemdestaque.com\/cd\/index.php?rest_route=%2Fwp%2Fv2%2Fcategories&post=24319"},{"taxonomy":"post_tag","embeddable":true,"href":"https:\/\/noticiasemdestaque.com\/cd\/index.php?rest_route=%2Fwp%2Fv2%2Ftags&post=24319"}],"curies":[{"name":"wp","href":"https:\/\/api.w.org\/{rel}","templated":true}]}}