{"id":2424,"date":"2017-07-29T07:35:00","date_gmt":"2017-07-29T10:35:00","guid":{"rendered":"http:\/\/caririemdestaque.com\/cd\/?p=2424"},"modified":"2017-07-29T07:35:00","modified_gmt":"2017-07-29T10:35:00","slug":"prefeito-inacio-nobrega-cumpre-agenda-na-capital","status":"publish","type":"post","link":"https:\/\/noticiasemdestaque.com\/cd\/?p=2424","title":{"rendered":"Prefeito In\u00e1cio N\u00f3brega cumpre agenda na capital"},"content":{"rendered":"<p><a href=\"http:\/\/caririemdestaque.com\/cd\/wp-content\/uploads\/2017\/07\/20525590_432318320501438_6843411903654265125_n.jpg\"><img fetchpriority=\"high\" decoding=\"async\" class=\"size-medium wp-image-2425 alignleft\" src=\"http:\/\/caririemdestaque.com\/cd\/wp-content\/uploads\/2017\/07\/20525590_432318320501438_6843411903654265125_n-300x191.jpg\" alt=\"\" width=\"300\" height=\"191\" srcset=\"https:\/\/noticiasemdestaque.com\/cd\/wp-content\/uploads\/2017\/07\/20525590_432318320501438_6843411903654265125_n-300x191.jpg 300w, https:\/\/noticiasemdestaque.com\/cd\/wp-content\/uploads\/2017\/07\/20525590_432318320501438_6843411903654265125_n-768x488.jpg 768w, https:\/\/noticiasemdestaque.com\/cd\/wp-content\/uploads\/2017\/07\/20525590_432318320501438_6843411903654265125_n.jpg 769w\" sizes=\"(max-width: 300px) 100vw, 300px\" \/><\/a>Ap\u00f3s mudan\u00e7as administrativas na dire\u00e7\u00e3o dos Correios &#8211; Regional Para\u00edba, o prefeito In\u00e1cio N\u00f3brega manteve audi\u00eancia com a nova dire\u00e7\u00e3o no sentido de se manter informado do processo de Amplia\u00e7\u00e3o e Reforma do Posto de coleta dos Correios no munic\u00edpio.<\/p>\n<p>Segundo as informa\u00e7\u00f5es recebidas da nova dire\u00e7\u00e3o na pessoa do senhor Alfredo, a solicita\u00e7\u00e3o do Prefeito In\u00e1cio, est\u00e1 percorrendo os caminhos dos tr\u00e2mites legais, tudo depende de libera\u00e7\u00e3o do Minist\u00e9rio das Comunica\u00e7\u00f5es o qual o \u00f3rg\u00e3o \u00e9 vinculado.<\/p>\n<p>Na oportunidade, esteve acompanhando o prefeito In\u00e1cio, o vereador C\u00edcero Maciel. Ainda na capital paraibana, o prefeito In\u00e1cio do N\u00f3brega acompanhado do parlamentar, estiveram na sede da Defesa Civil do Estado, com o objetivo de firmar Conv\u00eanio para opera\u00e7\u00e3o carro pipa.<\/p>\n<p>\u201cMuito embora tenhamos sido agraciados com um \u00edndice de chuvas acima da m\u00e9dia, precisamos garantir seguran\u00e7a h\u00eddrica para nossa popula\u00e7\u00e3o, em especial para o homem do campo\u201d, disse o prefeito.<\/p>\n<p><em><strong>Cariri em Destaque<\/strong><\/em><\/p>\n<p>Com Ascom<\/p>\n","protected":false},"excerpt":{"rendered":"<p>Ap\u00f3s mudan\u00e7as administrativas na dire\u00e7\u00e3o dos Correios &#8211; Regional Para\u00edba, o prefeito In\u00e1cio N\u00f3brega manteve audi\u00eancia com a nova dire\u00e7\u00e3o no sentido de se manter informado do processo de Amplia\u00e7\u00e3o e Reforma do Posto de coleta dos Correios no munic\u00edpio. Segundo as informa\u00e7\u00f5es recebidas da nova dire\u00e7\u00e3o na pessoa do senhor Alfredo, a solicita\u00e7\u00e3o do Prefeito In\u00e1cio, est\u00e1 percorrendo os caminhos dos tr\u00e2mites legais, tudo depende de libera\u00e7\u00e3o do Minist\u00e9rio das Comunica\u00e7\u00f5es o qual o \u00f3rg\u00e3o \u00e9 vinculado. Na oportunidade, esteve acompanhando o prefeito In\u00e1cio, o vereador C\u00edcero Maciel. Ainda na capital paraibana, o prefeito In\u00e1cio do N\u00f3brega acompanhado do parlamentar, estiveram na sede da Defesa Civil do Estado, com o objetivo de firmar Conv\u00eanio para opera\u00e7\u00e3o carro pipa. \u201cMuito embora tenhamos sido agraciados com um \u00edndice de chuvas acima da m\u00e9dia, precisamos garantir seguran\u00e7a h\u00eddrica para nossa popula\u00e7\u00e3o, em especial para o homem do campo\u201d, disse o prefeito. Cariri em Destaque Com Ascom<\/p>\n","protected":false},"author":2,"featured_media":2425,"comment_status":"closed","ping_status":"open","sticky":false,"template":"","format":"standard","meta":{"_eb_attr":"","_jetpack_memberships_contains_paid_content":false,"footnotes":""},"categories":[3],"tags":[],"class_list":["post-2424","post","type-post","status-publish","format-standard","has-post-thumbnail","hentry","category-cidades"],"yoast_head":"<!-- This site is optimized with the Yoast SEO plugin v26.5 - https:\/\/yoast.com\/wordpress\/plugins\/seo\/ -->\n<title>Prefeito In\u00e1cio N\u00f3brega cumpre agenda na capital - Not&iacute;cias em Destaque<\/title>\n<meta name=\"robots\" content=\"index, follow, max-snippet:-1, max-image-preview:large, max-video-preview:-1\" \/>\n<link rel=\"canonical\" href=\"https:\/\/noticiasemdestaque.com\/cd\/?p=2424\" \/>\n<meta property=\"og:locale\" content=\"pt_BR\" \/>\n<meta property=\"og:type\" content=\"article\" \/>\n<meta property=\"og:title\" content=\"Prefeito In\u00e1cio N\u00f3brega cumpre agenda na capital - Not&iacute;cias em Destaque\" \/>\n<meta property=\"og:description\" content=\"Ap\u00f3s mudan\u00e7as administrativas na dire\u00e7\u00e3o dos Correios &#8211; Regional Para\u00edba, o prefeito In\u00e1cio N\u00f3brega manteve audi\u00eancia com a nova dire\u00e7\u00e3o no sentido de se manter informado do processo de Amplia\u00e7\u00e3o e Reforma do Posto de coleta dos Correios no munic\u00edpio. Segundo as informa\u00e7\u00f5es recebidas da nova dire\u00e7\u00e3o na pessoa do senhor Alfredo, a solicita\u00e7\u00e3o do Prefeito In\u00e1cio, est\u00e1 percorrendo os caminhos dos tr\u00e2mites legais, tudo depende de libera\u00e7\u00e3o do Minist\u00e9rio das Comunica\u00e7\u00f5es o qual o \u00f3rg\u00e3o \u00e9 vinculado. Na oportunidade, esteve acompanhando o prefeito In\u00e1cio, o vereador C\u00edcero Maciel. Ainda na capital paraibana, o prefeito In\u00e1cio do N\u00f3brega acompanhado do parlamentar, estiveram na sede da Defesa Civil do Estado, com o objetivo de firmar Conv\u00eanio para opera\u00e7\u00e3o carro pipa. \u201cMuito embora tenhamos sido agraciados com um \u00edndice de chuvas acima da m\u00e9dia, precisamos garantir seguran\u00e7a h\u00eddrica para nossa popula\u00e7\u00e3o, em especial para o homem do campo\u201d, disse o prefeito. Cariri em Destaque Com Ascom\" \/>\n<meta property=\"og:url\" content=\"https:\/\/noticiasemdestaque.com\/cd\/?p=2424\" \/>\n<meta property=\"og:site_name\" content=\"Not&iacute;cias em Destaque\" \/>\n<meta property=\"article:published_time\" content=\"2017-07-29T10:35:00+00:00\" \/>\n<meta property=\"og:image\" content=\"https:\/\/noticiasemdestaque.com\/cd\/wp-content\/uploads\/2017\/07\/20525590_432318320501438_6843411903654265125_n.jpg\" \/>\n\t<meta property=\"og:image:width\" content=\"769\" \/>\n\t<meta property=\"og:image:height\" content=\"489\" \/>\n\t<meta property=\"og:image:type\" content=\"image\/jpeg\" \/>\n<meta name=\"author\" content=\"Not\u00edcias em Destaque\" \/>\n<meta name=\"twitter:card\" content=\"summary_large_image\" \/>\n<meta name=\"twitter:label1\" content=\"Escrito por\" \/>\n\t<meta name=\"twitter:data1\" content=\"Not\u00edcias em Destaque\" \/>\n\t<meta name=\"twitter:label2\" content=\"Est. tempo de leitura\" \/>\n\t<meta name=\"twitter:data2\" content=\"1 minuto\" \/>\n<script type=\"application\/ld+json\" class=\"yoast-schema-graph\">{\"@context\":\"https:\/\/schema.org\",\"@graph\":[{\"@type\":\"Article\",\"@id\":\"https:\/\/noticiasemdestaque.com\/cd\/?p=2424#article\",\"isPartOf\":{\"@id\":\"https:\/\/noticiasemdestaque.com\/cd\/?p=2424\"},\"author\":{\"name\":\"Not\u00edcias em Destaque\",\"@id\":\"https:\/\/noticiasemdestaque.com\/cd\/#\/schema\/person\/4a81fb71f77579d059c3045891fa1786\"},\"headline\":\"Prefeito In\u00e1cio N\u00f3brega cumpre agenda na capital\",\"datePublished\":\"2017-07-29T10:35:00+00:00\",\"mainEntityOfPage\":{\"@id\":\"https:\/\/noticiasemdestaque.com\/cd\/?p=2424\"},\"wordCount\":191,\"publisher\":{\"@id\":\"https:\/\/noticiasemdestaque.com\/cd\/#organization\"},\"image\":{\"@id\":\"https:\/\/noticiasemdestaque.com\/cd\/?p=2424#primaryimage\"},\"thumbnailUrl\":\"https:\/\/noticiasemdestaque.com\/cd\/wp-content\/uploads\/2017\/07\/20525590_432318320501438_6843411903654265125_n.jpg\",\"articleSection\":[\"Cidades\"],\"inLanguage\":\"pt-BR\"},{\"@type\":\"WebPage\",\"@id\":\"https:\/\/noticiasemdestaque.com\/cd\/?p=2424\",\"url\":\"https:\/\/noticiasemdestaque.com\/cd\/?p=2424\",\"name\":\"Prefeito In\u00e1cio N\u00f3brega cumpre agenda na capital - Not&iacute;cias em Destaque\",\"isPartOf\":{\"@id\":\"https:\/\/noticiasemdestaque.com\/cd\/#website\"},\"primaryImageOfPage\":{\"@id\":\"https:\/\/noticiasemdestaque.com\/cd\/?p=2424#primaryimage\"},\"image\":{\"@id\":\"https:\/\/noticiasemdestaque.com\/cd\/?p=2424#primaryimage\"},\"thumbnailUrl\":\"https:\/\/noticiasemdestaque.com\/cd\/wp-content\/uploads\/2017\/07\/20525590_432318320501438_6843411903654265125_n.jpg\",\"datePublished\":\"2017-07-29T10:35:00+00:00\",\"breadcrumb\":{\"@id\":\"https:\/\/noticiasemdestaque.com\/cd\/?p=2424#breadcrumb\"},\"inLanguage\":\"pt-BR\",\"potentialAction\":[{\"@type\":\"ReadAction\",\"target\":[\"https:\/\/noticiasemdestaque.com\/cd\/?p=2424\"]}]},{\"@type\":\"ImageObject\",\"inLanguage\":\"pt-BR\",\"@id\":\"https:\/\/noticiasemdestaque.com\/cd\/?p=2424#primaryimage\",\"url\":\"https:\/\/noticiasemdestaque.com\/cd\/wp-content\/uploads\/2017\/07\/20525590_432318320501438_6843411903654265125_n.jpg\",\"contentUrl\":\"https:\/\/noticiasemdestaque.com\/cd\/wp-content\/uploads\/2017\/07\/20525590_432318320501438_6843411903654265125_n.jpg\",\"width\":769,\"height\":489},{\"@type\":\"BreadcrumbList\",\"@id\":\"https:\/\/noticiasemdestaque.com\/cd\/?p=2424#breadcrumb\",\"itemListElement\":[{\"@type\":\"ListItem\",\"position\":1,\"name\":\"In\u00edcio\",\"item\":\"https:\/\/noticiasemdestaque.com\/cd\/\"},{\"@type\":\"ListItem\",\"position\":2,\"name\":\"Prefeito In\u00e1cio N\u00f3brega cumpre agenda na capital\"}]},{\"@type\":\"WebSite\",\"@id\":\"https:\/\/noticiasemdestaque.com\/cd\/#website\",\"url\":\"https:\/\/noticiasemdestaque.com\/cd\/\",\"name\":\"Not&iacute;cias em Destaque\",\"description\":\"\",\"publisher\":{\"@id\":\"https:\/\/noticiasemdestaque.com\/cd\/#organization\"},\"potentialAction\":[{\"@type\":\"SearchAction\",\"target\":{\"@type\":\"EntryPoint\",\"urlTemplate\":\"https:\/\/noticiasemdestaque.com\/cd\/?s={search_term_string}\"},\"query-input\":{\"@type\":\"PropertyValueSpecification\",\"valueRequired\":true,\"valueName\":\"search_term_string\"}}],\"inLanguage\":\"pt-BR\"},{\"@type\":\"Organization\",\"@id\":\"https:\/\/noticiasemdestaque.com\/cd\/#organization\",\"name\":\"Not\u00edcias em Destaque\",\"url\":\"https:\/\/noticiasemdestaque.com\/cd\/\",\"logo\":{\"@type\":\"ImageObject\",\"inLanguage\":\"pt-BR\",\"@id\":\"https:\/\/noticiasemdestaque.com\/cd\/#\/schema\/logo\/image\/\",\"url\":\"https:\/\/noticiasemdestaque.com\/cd\/wp-content\/uploads\/2022\/05\/imagem-base-noticiasemdestaque.png\",\"contentUrl\":\"https:\/\/noticiasemdestaque.com\/cd\/wp-content\/uploads\/2022\/05\/imagem-base-noticiasemdestaque.png\",\"width\":1200,\"height\":630,\"caption\":\"Not\u00edcias em Destaque\"},\"image\":{\"@id\":\"https:\/\/noticiasemdestaque.com\/cd\/#\/schema\/logo\/image\/\"}},{\"@type\":\"Person\",\"@id\":\"https:\/\/noticiasemdestaque.com\/cd\/#\/schema\/person\/4a81fb71f77579d059c3045891fa1786\",\"name\":\"Not\u00edcias em Destaque\",\"url\":\"https:\/\/noticiasemdestaque.com\/cd\/?author=2\"}]}<\/script>\n<!-- \/ Yoast SEO plugin. -->","yoast_head_json":{"title":"Prefeito In\u00e1cio N\u00f3brega cumpre agenda na capital - Not&iacute;cias em Destaque","robots":{"index":"index","follow":"follow","max-snippet":"max-snippet:-1","max-image-preview":"max-image-preview:large","max-video-preview":"max-video-preview:-1"},"canonical":"https:\/\/noticiasemdestaque.com\/cd\/?p=2424","og_locale":"pt_BR","og_type":"article","og_title":"Prefeito In\u00e1cio N\u00f3brega cumpre agenda na capital - Not&iacute;cias em Destaque","og_description":"Ap\u00f3s mudan\u00e7as administrativas na dire\u00e7\u00e3o dos Correios &#8211; Regional Para\u00edba, o prefeito In\u00e1cio N\u00f3brega manteve audi\u00eancia com a nova dire\u00e7\u00e3o no sentido de se manter informado do processo de Amplia\u00e7\u00e3o e Reforma do Posto de coleta dos Correios no munic\u00edpio. Segundo as informa\u00e7\u00f5es recebidas da nova dire\u00e7\u00e3o na pessoa do senhor Alfredo, a solicita\u00e7\u00e3o do Prefeito In\u00e1cio, est\u00e1 percorrendo os caminhos dos tr\u00e2mites legais, tudo depende de libera\u00e7\u00e3o do Minist\u00e9rio das Comunica\u00e7\u00f5es o qual o \u00f3rg\u00e3o \u00e9 vinculado. Na oportunidade, esteve acompanhando o prefeito In\u00e1cio, o vereador C\u00edcero Maciel. Ainda na capital paraibana, o prefeito In\u00e1cio do N\u00f3brega acompanhado do parlamentar, estiveram na sede da Defesa Civil do Estado, com o objetivo de firmar Conv\u00eanio para opera\u00e7\u00e3o carro pipa. \u201cMuito embora tenhamos sido agraciados com um \u00edndice de chuvas acima da m\u00e9dia, precisamos garantir seguran\u00e7a h\u00eddrica para nossa popula\u00e7\u00e3o, em especial para o homem do campo\u201d, disse o prefeito. Cariri em Destaque Com Ascom","og_url":"https:\/\/noticiasemdestaque.com\/cd\/?p=2424","og_site_name":"Not&iacute;cias em Destaque","article_published_time":"2017-07-29T10:35:00+00:00","og_image":[{"width":769,"height":489,"url":"https:\/\/noticiasemdestaque.com\/cd\/wp-content\/uploads\/2017\/07\/20525590_432318320501438_6843411903654265125_n.jpg","type":"image\/jpeg"}],"author":"Not\u00edcias em Destaque","twitter_card":"summary_large_image","twitter_misc":{"Escrito por":"Not\u00edcias em Destaque","Est. tempo de leitura":"1 minuto"},"schema":{"@context":"https:\/\/schema.org","@graph":[{"@type":"Article","@id":"https:\/\/noticiasemdestaque.com\/cd\/?p=2424#article","isPartOf":{"@id":"https:\/\/noticiasemdestaque.com\/cd\/?p=2424"},"author":{"name":"Not\u00edcias em Destaque","@id":"https:\/\/noticiasemdestaque.com\/cd\/#\/schema\/person\/4a81fb71f77579d059c3045891fa1786"},"headline":"Prefeito In\u00e1cio N\u00f3brega cumpre agenda na capital","datePublished":"2017-07-29T10:35:00+00:00","mainEntityOfPage":{"@id":"https:\/\/noticiasemdestaque.com\/cd\/?p=2424"},"wordCount":191,"publisher":{"@id":"https:\/\/noticiasemdestaque.com\/cd\/#organization"},"image":{"@id":"https:\/\/noticiasemdestaque.com\/cd\/?p=2424#primaryimage"},"thumbnailUrl":"https:\/\/noticiasemdestaque.com\/cd\/wp-content\/uploads\/2017\/07\/20525590_432318320501438_6843411903654265125_n.jpg","articleSection":["Cidades"],"inLanguage":"pt-BR"},{"@type":"WebPage","@id":"https:\/\/noticiasemdestaque.com\/cd\/?p=2424","url":"https:\/\/noticiasemdestaque.com\/cd\/?p=2424","name":"Prefeito In\u00e1cio N\u00f3brega cumpre agenda na capital - Not&iacute;cias em Destaque","isPartOf":{"@id":"https:\/\/noticiasemdestaque.com\/cd\/#website"},"primaryImageOfPage":{"@id":"https:\/\/noticiasemdestaque.com\/cd\/?p=2424#primaryimage"},"image":{"@id":"https:\/\/noticiasemdestaque.com\/cd\/?p=2424#primaryimage"},"thumbnailUrl":"https:\/\/noticiasemdestaque.com\/cd\/wp-content\/uploads\/2017\/07\/20525590_432318320501438_6843411903654265125_n.jpg","datePublished":"2017-07-29T10:35:00+00:00","breadcrumb":{"@id":"https:\/\/noticiasemdestaque.com\/cd\/?p=2424#breadcrumb"},"inLanguage":"pt-BR","potentialAction":[{"@type":"ReadAction","target":["https:\/\/noticiasemdestaque.com\/cd\/?p=2424"]}]},{"@type":"ImageObject","inLanguage":"pt-BR","@id":"https:\/\/noticiasemdestaque.com\/cd\/?p=2424#primaryimage","url":"https:\/\/noticiasemdestaque.com\/cd\/wp-content\/uploads\/2017\/07\/20525590_432318320501438_6843411903654265125_n.jpg","contentUrl":"https:\/\/noticiasemdestaque.com\/cd\/wp-content\/uploads\/2017\/07\/20525590_432318320501438_6843411903654265125_n.jpg","width":769,"height":489},{"@type":"BreadcrumbList","@id":"https:\/\/noticiasemdestaque.com\/cd\/?p=2424#breadcrumb","itemListElement":[{"@type":"ListItem","position":1,"name":"In\u00edcio","item":"https:\/\/noticiasemdestaque.com\/cd\/"},{"@type":"ListItem","position":2,"name":"Prefeito In\u00e1cio N\u00f3brega cumpre agenda na capital"}]},{"@type":"WebSite","@id":"https:\/\/noticiasemdestaque.com\/cd\/#website","url":"https:\/\/noticiasemdestaque.com\/cd\/","name":"Not&iacute;cias em Destaque","description":"","publisher":{"@id":"https:\/\/noticiasemdestaque.com\/cd\/#organization"},"potentialAction":[{"@type":"SearchAction","target":{"@type":"EntryPoint","urlTemplate":"https:\/\/noticiasemdestaque.com\/cd\/?s={search_term_string}"},"query-input":{"@type":"PropertyValueSpecification","valueRequired":true,"valueName":"search_term_string"}}],"inLanguage":"pt-BR"},{"@type":"Organization","@id":"https:\/\/noticiasemdestaque.com\/cd\/#organization","name":"Not\u00edcias em Destaque","url":"https:\/\/noticiasemdestaque.com\/cd\/","logo":{"@type":"ImageObject","inLanguage":"pt-BR","@id":"https:\/\/noticiasemdestaque.com\/cd\/#\/schema\/logo\/image\/","url":"https:\/\/noticiasemdestaque.com\/cd\/wp-content\/uploads\/2022\/05\/imagem-base-noticiasemdestaque.png","contentUrl":"https:\/\/noticiasemdestaque.com\/cd\/wp-content\/uploads\/2022\/05\/imagem-base-noticiasemdestaque.png","width":1200,"height":630,"caption":"Not\u00edcias em Destaque"},"image":{"@id":"https:\/\/noticiasemdestaque.com\/cd\/#\/schema\/logo\/image\/"}},{"@type":"Person","@id":"https:\/\/noticiasemdestaque.com\/cd\/#\/schema\/person\/4a81fb71f77579d059c3045891fa1786","name":"Not\u00edcias em Destaque","url":"https:\/\/noticiasemdestaque.com\/cd\/?author=2"}]}},"jetpack_featured_media_url":"https:\/\/noticiasemdestaque.com\/cd\/wp-content\/uploads\/2017\/07\/20525590_432318320501438_6843411903654265125_n.jpg","jetpack_sharing_enabled":true,"_links":{"self":[{"href":"https:\/\/noticiasemdestaque.com\/cd\/index.php?rest_route=\/wp\/v2\/posts\/2424","targetHints":{"allow":["GET"]}}],"collection":[{"href":"https:\/\/noticiasemdestaque.com\/cd\/index.php?rest_route=\/wp\/v2\/posts"}],"about":[{"href":"https:\/\/noticiasemdestaque.com\/cd\/index.php?rest_route=\/wp\/v2\/types\/post"}],"author":[{"embeddable":true,"href":"https:\/\/noticiasemdestaque.com\/cd\/index.php?rest_route=\/wp\/v2\/users\/2"}],"replies":[{"embeddable":true,"href":"https:\/\/noticiasemdestaque.com\/cd\/index.php?rest_route=%2Fwp%2Fv2%2Fcomments&post=2424"}],"version-history":[{"count":2,"href":"https:\/\/noticiasemdestaque.com\/cd\/index.php?rest_route=\/wp\/v2\/posts\/2424\/revisions"}],"predecessor-version":[{"id":2427,"href":"https:\/\/noticiasemdestaque.com\/cd\/index.php?rest_route=\/wp\/v2\/posts\/2424\/revisions\/2427"}],"wp:featuredmedia":[{"embeddable":true,"href":"https:\/\/noticiasemdestaque.com\/cd\/index.php?rest_route=\/wp\/v2\/media\/2425"}],"wp:attachment":[{"href":"https:\/\/noticiasemdestaque.com\/cd\/index.php?rest_route=%2Fwp%2Fv2%2Fmedia&parent=2424"}],"wp:term":[{"taxonomy":"category","embeddable":true,"href":"https:\/\/noticiasemdestaque.com\/cd\/index.php?rest_route=%2Fwp%2Fv2%2Fcategories&post=2424"},{"taxonomy":"post_tag","embeddable":true,"href":"https:\/\/noticiasemdestaque.com\/cd\/index.php?rest_route=%2Fwp%2Fv2%2Ftags&post=2424"}],"curies":[{"name":"wp","href":"https:\/\/api.w.org\/{rel}","templated":true}]}}