{"id":24195,"date":"2020-04-10T10:35:50","date_gmt":"2020-04-10T13:35:50","guid":{"rendered":"http:\/\/noticiasemdestaque.com\/cd\/?p=24195"},"modified":"2020-04-10T10:35:50","modified_gmt":"2020-04-10T13:35:50","slug":"regularizacao-de-cpf-pode-ser-feita-pelo-site-da-receita-federal","status":"publish","type":"post","link":"https:\/\/noticiasemdestaque.com\/cd\/?p=24195","title":{"rendered":"Regulariza\u00e7\u00e3o de CPF pode ser feita pelo site da Receita Federal"},"content":{"rendered":"<figure id=\"attachment_24196\" aria-describedby=\"caption-attachment-24196\" style=\"width: 518px\" class=\"wp-caption aligncenter\"><a href=\"https:\/\/noticiasemdestaque.com\/cd\/wp-content\/uploads\/2020\/04\/lancamento_do_aplicativo_caixa_auxilio_emergencial_0407201851-1.jpg\"><img fetchpriority=\"high\" decoding=\"async\" class=\" wp-image-24196\" src=\"https:\/\/noticiasemdestaque.com\/cd\/wp-content\/uploads\/2020\/04\/lancamento_do_aplicativo_caixa_auxilio_emergencial_0407201851-1-1024x613.jpg\" alt=\"\" width=\"518\" height=\"310\" srcset=\"https:\/\/noticiasemdestaque.com\/cd\/wp-content\/uploads\/2020\/04\/lancamento_do_aplicativo_caixa_auxilio_emergencial_0407201851-1-1024x613.jpg 1024w, https:\/\/noticiasemdestaque.com\/cd\/wp-content\/uploads\/2020\/04\/lancamento_do_aplicativo_caixa_auxilio_emergencial_0407201851-1-300x179.jpg 300w, https:\/\/noticiasemdestaque.com\/cd\/wp-content\/uploads\/2020\/04\/lancamento_do_aplicativo_caixa_auxilio_emergencial_0407201851-1-768x459.jpg 768w, https:\/\/noticiasemdestaque.com\/cd\/wp-content\/uploads\/2020\/04\/lancamento_do_aplicativo_caixa_auxilio_emergencial_0407201851-1.jpg 1170w\" sizes=\"(max-width: 518px) 100vw, 518px\" \/><\/a><figcaption id=\"caption-attachment-24196\" class=\"wp-caption-text\">Lan\u00e7amento do aplicativo CAIXA|Aux\u00edlio Emergencial<\/figcaption><\/figure>\n<p>A Receita Federal informou\u00a0hoje\u00a0(8) que a regulariza\u00e7\u00e3o do Cadastro de Pessoa F\u00edsica (CPF) para\u00a0ter\u00a0acesso ao programa de aux\u00edlio emergencial do governo federal pode ser feita no site do \u00f3rg\u00e3o a qualquer hora do dia.<\/p>\n<p>O esclarecimento foi feito ap\u00f3s cidad\u00e3os terem relatado dificuldades para inserir o n\u00famero do CPF no aplicativo Caixa &#8211; Aux\u00edlio Emergencial, que permitir\u00e1 o\u00a0<a href=\"https:\/\/agenciabrasil.ebc.com.br\/geral\/noticia\/2020-04\/confira-como-pedir-renda-basica-emergencial-de-r-600\" target=\"_blank\" rel=\"noopener noreferrer\">cadastramento para receber o valor de R$ 600<\/a>\u00a0para compensar a perda de renda decorrente da pandemia de coronav\u00edrus.<\/p>\n<p>Segundo a Receita, o aplicativo tem recebido um grande n\u00famero de acessos, fato que pode estar dificultando o cadastro dos benefici\u00e1rios. O \u00f3rg\u00e3o orienta que as pessoas continuem tentando realizar o cadastro ao longo do dia caso n\u00e3o seja poss\u00edvel realiz\u00e1-lo na primeira tentativa.<\/p>\n<p>Caso o problema persista, o cidad\u00e3o deve\u00a0<a href=\"https:\/\/servicos.receita.fazenda.gov.br\/Servicos\/CPF\/ConsultaSituacao\/ConsultaPublica.asp\" target=\"_blank\" rel=\"noopener noreferrer\">verificar no site da Receita<\/a>\u00a0se seu CPF est\u00e1 em situa\u00e7\u00e3o irregular.\u00a0Caso seja\u00a0encontrada alguma pend\u00eancia, o problema poder\u00e1 ser resolvido por meio da p\u00e1gina de servi\u00e7os do \u00f3rg\u00e3o, preenchendo o\u00a0<a href=\"https:\/\/servicos.receita.fazenda.gov.br\/Servicos\/CPF\/alterar\/default.asp\" target=\"_blank\" rel=\"noopener noreferrer\">formul\u00e1rio eletr\u00f4nico\u00a0&#8220;Altera\u00e7\u00e3o de Dados Cadastrais no CPF&#8221;<\/a>.<\/p>\n<p>Se a pend\u00eancia continuar, o cidad\u00e3o dever\u00e1 procurar o atendimento presencial em uma ag\u00eancia da Receita Federal.<\/p>\n<p>A Receita alerta ainda que, se o CPF estiver em situa\u00e7\u00e3o regular, mas o usu\u00e1rio n\u00e3o conseguir realizar o cadastro no aplicativo, o problema n\u00e3o estar\u00e1 relacionado ao \u00f3rg\u00e3o.<\/p>\n<p>A estimativa da Caixa \u00e9 de que 20 milh\u00f5es de trabalhadores informais n\u00e3o inscritos em programas sociais\u00a0poder\u00e3o baixar o aplicativo que permitir\u00e1 o cadastramento para recebimento da renda b\u00e1sica emergencial. O\u00a0aux\u00edlio \u00e9 de R$ 600 ou de R$ 1,2 mil para m\u00e3es solteiras.<\/p>\n<p><em><strong>Not\u00edcias em Destaque<\/strong><\/em><\/p>\n<p>Com EBC<\/p>\n","protected":false},"excerpt":{"rendered":"<p>A Receita Federal informou\u00a0hoje\u00a0(8) que a regulariza\u00e7\u00e3o do Cadastro de Pessoa F\u00edsica (CPF) para\u00a0ter\u00a0acesso ao programa de aux\u00edlio emergencial do governo federal pode ser feita no site do \u00f3rg\u00e3o a qualquer hora do dia. O esclarecimento foi feito ap\u00f3s cidad\u00e3os terem relatado dificuldades para inserir o n\u00famero do CPF no aplicativo Caixa &#8211; Aux\u00edlio Emergencial, que permitir\u00e1 o\u00a0cadastramento para receber o valor de R$ 600\u00a0para compensar a perda de renda decorrente da pandemia de coronav\u00edrus. Segundo a Receita, o aplicativo tem recebido um grande n\u00famero de acessos, fato que pode estar dificultando o cadastro dos benefici\u00e1rios. O \u00f3rg\u00e3o orienta que as pessoas continuem tentando realizar o cadastro ao longo do dia caso n\u00e3o seja poss\u00edvel realiz\u00e1-lo na primeira tentativa. Caso o problema persista, o cidad\u00e3o deve\u00a0verificar no site da Receita\u00a0se seu CPF est\u00e1 em situa\u00e7\u00e3o irregular.\u00a0Caso seja\u00a0encontrada alguma pend\u00eancia, o problema poder\u00e1 ser resolvido por meio da p\u00e1gina de servi\u00e7os do \u00f3rg\u00e3o, preenchendo o\u00a0formul\u00e1rio eletr\u00f4nico\u00a0&#8220;Altera\u00e7\u00e3o de Dados Cadastrais no CPF&#8221;. Se a pend\u00eancia continuar, o cidad\u00e3o dever\u00e1 procurar o atendimento presencial em uma ag\u00eancia da Receita Federal. A Receita alerta ainda que, se o CPF estiver em situa\u00e7\u00e3o regular, mas o usu\u00e1rio n\u00e3o conseguir realizar o cadastro no aplicativo, o problema n\u00e3o estar\u00e1 relacionado ao \u00f3rg\u00e3o. A estimativa da Caixa \u00e9 de que 20 milh\u00f5es de trabalhadores informais n\u00e3o inscritos em programas sociais\u00a0poder\u00e3o baixar o aplicativo que permitir\u00e1 o cadastramento para recebimento da renda b\u00e1sica emergencial. O\u00a0aux\u00edlio \u00e9 de R$ 600 ou de R$ 1,2 mil para m\u00e3es solteiras. Not\u00edcias em Destaque Com EBC<\/p>\n","protected":false},"author":2,"featured_media":24196,"comment_status":"closed","ping_status":"open","sticky":false,"template":"","format":"standard","meta":{"_eb_attr":"","_jetpack_memberships_contains_paid_content":false,"footnotes":""},"categories":[12],"tags":[],"class_list":["post-24195","post","type-post","status-publish","format-standard","has-post-thumbnail","hentry","category-geral"],"yoast_head":"<!-- This site is optimized with the Yoast SEO plugin v26.5 - https:\/\/yoast.com\/wordpress\/plugins\/seo\/ -->\n<title>Regulariza\u00e7\u00e3o de CPF pode ser feita pelo site da Receita Federal - Not&iacute;cias em Destaque<\/title>\n<meta name=\"robots\" content=\"index, follow, max-snippet:-1, max-image-preview:large, max-video-preview:-1\" \/>\n<link rel=\"canonical\" href=\"https:\/\/noticiasemdestaque.com\/cd\/?p=24195\" \/>\n<meta property=\"og:locale\" content=\"pt_BR\" \/>\n<meta property=\"og:type\" content=\"article\" \/>\n<meta property=\"og:title\" content=\"Regulariza\u00e7\u00e3o de CPF pode ser feita pelo site da Receita Federal - Not&iacute;cias em Destaque\" \/>\n<meta property=\"og:description\" content=\"A Receita Federal informou\u00a0hoje\u00a0(8) que a regulariza\u00e7\u00e3o do Cadastro de Pessoa F\u00edsica (CPF) para\u00a0ter\u00a0acesso ao programa de aux\u00edlio emergencial do governo federal pode ser feita no site do \u00f3rg\u00e3o a qualquer hora do dia. O esclarecimento foi feito ap\u00f3s cidad\u00e3os terem relatado dificuldades para inserir o n\u00famero do CPF no aplicativo Caixa &#8211; Aux\u00edlio Emergencial, que permitir\u00e1 o\u00a0cadastramento para receber o valor de R$ 600\u00a0para compensar a perda de renda decorrente da pandemia de coronav\u00edrus. Segundo a Receita, o aplicativo tem recebido um grande n\u00famero de acessos, fato que pode estar dificultando o cadastro dos benefici\u00e1rios. O \u00f3rg\u00e3o orienta que as pessoas continuem tentando realizar o cadastro ao longo do dia caso n\u00e3o seja poss\u00edvel realiz\u00e1-lo na primeira tentativa. Caso o problema persista, o cidad\u00e3o deve\u00a0verificar no site da Receita\u00a0se seu CPF est\u00e1 em situa\u00e7\u00e3o irregular.\u00a0Caso seja\u00a0encontrada alguma pend\u00eancia, o problema poder\u00e1 ser resolvido por meio da p\u00e1gina de servi\u00e7os do \u00f3rg\u00e3o, preenchendo o\u00a0formul\u00e1rio eletr\u00f4nico\u00a0&#8220;Altera\u00e7\u00e3o de Dados Cadastrais no CPF&#8221;. Se a pend\u00eancia continuar, o cidad\u00e3o dever\u00e1 procurar o atendimento presencial em uma ag\u00eancia da Receita Federal. A Receita alerta ainda que, se o CPF estiver em situa\u00e7\u00e3o regular, mas o usu\u00e1rio n\u00e3o conseguir realizar o cadastro no aplicativo, o problema n\u00e3o estar\u00e1 relacionado ao \u00f3rg\u00e3o. A estimativa da Caixa \u00e9 de que 20 milh\u00f5es de trabalhadores informais n\u00e3o inscritos em programas sociais\u00a0poder\u00e3o baixar o aplicativo que permitir\u00e1 o cadastramento para recebimento da renda b\u00e1sica emergencial. O\u00a0aux\u00edlio \u00e9 de R$ 600 ou de R$ 1,2 mil para m\u00e3es solteiras. Not\u00edcias em Destaque Com EBC\" \/>\n<meta property=\"og:url\" content=\"https:\/\/noticiasemdestaque.com\/cd\/?p=24195\" \/>\n<meta property=\"og:site_name\" content=\"Not&iacute;cias em Destaque\" \/>\n<meta property=\"article:published_time\" content=\"2020-04-10T13:35:50+00:00\" \/>\n<meta property=\"og:image\" content=\"https:\/\/noticiasemdestaque.com\/cd\/wp-content\/uploads\/2020\/04\/lancamento_do_aplicativo_caixa_auxilio_emergencial_0407201851-1.jpg\" \/>\n\t<meta property=\"og:image:width\" content=\"1170\" \/>\n\t<meta property=\"og:image:height\" content=\"700\" \/>\n\t<meta property=\"og:image:type\" content=\"image\/jpeg\" \/>\n<meta name=\"author\" content=\"Not\u00edcias em Destaque\" \/>\n<meta name=\"twitter:card\" content=\"summary_large_image\" \/>\n<meta name=\"twitter:label1\" content=\"Escrito por\" \/>\n\t<meta name=\"twitter:data1\" content=\"Not\u00edcias em Destaque\" \/>\n\t<meta name=\"twitter:label2\" content=\"Est. tempo de leitura\" \/>\n\t<meta name=\"twitter:data2\" content=\"2 minutos\" \/>\n<script type=\"application\/ld+json\" class=\"yoast-schema-graph\">{\"@context\":\"https:\/\/schema.org\",\"@graph\":[{\"@type\":\"Article\",\"@id\":\"https:\/\/noticiasemdestaque.com\/cd\/?p=24195#article\",\"isPartOf\":{\"@id\":\"https:\/\/noticiasemdestaque.com\/cd\/?p=24195\"},\"author\":{\"name\":\"Not\u00edcias em Destaque\",\"@id\":\"https:\/\/noticiasemdestaque.com\/cd\/#\/schema\/person\/967a459378479d4fa07976fedd8a7b5e\"},\"headline\":\"Regulariza\u00e7\u00e3o de CPF pode ser feita pelo site da Receita Federal\",\"datePublished\":\"2020-04-10T13:35:50+00:00\",\"mainEntityOfPage\":{\"@id\":\"https:\/\/noticiasemdestaque.com\/cd\/?p=24195\"},\"wordCount\":327,\"publisher\":{\"@id\":\"https:\/\/noticiasemdestaque.com\/cd\/#organization\"},\"image\":{\"@id\":\"https:\/\/noticiasemdestaque.com\/cd\/?p=24195#primaryimage\"},\"thumbnailUrl\":\"https:\/\/noticiasemdestaque.com\/cd\/wp-content\/uploads\/2020\/04\/lancamento_do_aplicativo_caixa_auxilio_emergencial_0407201851-1.jpg\",\"articleSection\":[\"Geral\"],\"inLanguage\":\"pt-BR\"},{\"@type\":\"WebPage\",\"@id\":\"https:\/\/noticiasemdestaque.com\/cd\/?p=24195\",\"url\":\"https:\/\/noticiasemdestaque.com\/cd\/?p=24195\",\"name\":\"Regulariza\u00e7\u00e3o de CPF pode ser feita pelo site da Receita Federal - Not&iacute;cias em Destaque\",\"isPartOf\":{\"@id\":\"https:\/\/noticiasemdestaque.com\/cd\/#website\"},\"primaryImageOfPage\":{\"@id\":\"https:\/\/noticiasemdestaque.com\/cd\/?p=24195#primaryimage\"},\"image\":{\"@id\":\"https:\/\/noticiasemdestaque.com\/cd\/?p=24195#primaryimage\"},\"thumbnailUrl\":\"https:\/\/noticiasemdestaque.com\/cd\/wp-content\/uploads\/2020\/04\/lancamento_do_aplicativo_caixa_auxilio_emergencial_0407201851-1.jpg\",\"datePublished\":\"2020-04-10T13:35:50+00:00\",\"breadcrumb\":{\"@id\":\"https:\/\/noticiasemdestaque.com\/cd\/?p=24195#breadcrumb\"},\"inLanguage\":\"pt-BR\",\"potentialAction\":[{\"@type\":\"ReadAction\",\"target\":[\"https:\/\/noticiasemdestaque.com\/cd\/?p=24195\"]}]},{\"@type\":\"ImageObject\",\"inLanguage\":\"pt-BR\",\"@id\":\"https:\/\/noticiasemdestaque.com\/cd\/?p=24195#primaryimage\",\"url\":\"https:\/\/noticiasemdestaque.com\/cd\/wp-content\/uploads\/2020\/04\/lancamento_do_aplicativo_caixa_auxilio_emergencial_0407201851-1.jpg\",\"contentUrl\":\"https:\/\/noticiasemdestaque.com\/cd\/wp-content\/uploads\/2020\/04\/lancamento_do_aplicativo_caixa_auxilio_emergencial_0407201851-1.jpg\",\"width\":1170,\"height\":700,\"caption\":\"Lan\u00e7amento do aplicativo CAIXA|Aux\u00edlio Emergencial\"},{\"@type\":\"BreadcrumbList\",\"@id\":\"https:\/\/noticiasemdestaque.com\/cd\/?p=24195#breadcrumb\",\"itemListElement\":[{\"@type\":\"ListItem\",\"position\":1,\"name\":\"In\u00edcio\",\"item\":\"https:\/\/noticiasemdestaque.com\/cd\/\"},{\"@type\":\"ListItem\",\"position\":2,\"name\":\"Regulariza\u00e7\u00e3o de CPF pode ser feita pelo site da Receita Federal\"}]},{\"@type\":\"WebSite\",\"@id\":\"https:\/\/noticiasemdestaque.com\/cd\/#website\",\"url\":\"https:\/\/noticiasemdestaque.com\/cd\/\",\"name\":\"Not&iacute;cias em Destaque\",\"description\":\"\",\"publisher\":{\"@id\":\"https:\/\/noticiasemdestaque.com\/cd\/#organization\"},\"potentialAction\":[{\"@type\":\"SearchAction\",\"target\":{\"@type\":\"EntryPoint\",\"urlTemplate\":\"https:\/\/noticiasemdestaque.com\/cd\/?s={search_term_string}\"},\"query-input\":{\"@type\":\"PropertyValueSpecification\",\"valueRequired\":true,\"valueName\":\"search_term_string\"}}],\"inLanguage\":\"pt-BR\"},{\"@type\":\"Organization\",\"@id\":\"https:\/\/noticiasemdestaque.com\/cd\/#organization\",\"name\":\"Not\u00edcias em Destaque\",\"url\":\"https:\/\/noticiasemdestaque.com\/cd\/\",\"logo\":{\"@type\":\"ImageObject\",\"inLanguage\":\"pt-BR\",\"@id\":\"https:\/\/noticiasemdestaque.com\/cd\/#\/schema\/logo\/image\/\",\"url\":\"https:\/\/noticiasemdestaque.com\/cd\/wp-content\/uploads\/2022\/05\/imagem-base-noticiasemdestaque.png\",\"contentUrl\":\"https:\/\/noticiasemdestaque.com\/cd\/wp-content\/uploads\/2022\/05\/imagem-base-noticiasemdestaque.png\",\"width\":1200,\"height\":630,\"caption\":\"Not\u00edcias em Destaque\"},\"image\":{\"@id\":\"https:\/\/noticiasemdestaque.com\/cd\/#\/schema\/logo\/image\/\"}},{\"@type\":\"Person\",\"@id\":\"https:\/\/noticiasemdestaque.com\/cd\/#\/schema\/person\/967a459378479d4fa07976fedd8a7b5e\",\"name\":\"Not\u00edcias em Destaque\",\"url\":\"https:\/\/noticiasemdestaque.com\/cd\/?author=2\"}]}<\/script>\n<!-- \/ Yoast SEO plugin. -->","yoast_head_json":{"title":"Regulariza\u00e7\u00e3o de CPF pode ser feita pelo site da Receita Federal - Not&iacute;cias em Destaque","robots":{"index":"index","follow":"follow","max-snippet":"max-snippet:-1","max-image-preview":"max-image-preview:large","max-video-preview":"max-video-preview:-1"},"canonical":"https:\/\/noticiasemdestaque.com\/cd\/?p=24195","og_locale":"pt_BR","og_type":"article","og_title":"Regulariza\u00e7\u00e3o de CPF pode ser feita pelo site da Receita Federal - Not&iacute;cias em Destaque","og_description":"A Receita Federal informou\u00a0hoje\u00a0(8) que a regulariza\u00e7\u00e3o do Cadastro de Pessoa F\u00edsica (CPF) para\u00a0ter\u00a0acesso ao programa de aux\u00edlio emergencial do governo federal pode ser feita no site do \u00f3rg\u00e3o a qualquer hora do dia. O esclarecimento foi feito ap\u00f3s cidad\u00e3os terem relatado dificuldades para inserir o n\u00famero do CPF no aplicativo Caixa &#8211; Aux\u00edlio Emergencial, que permitir\u00e1 o\u00a0cadastramento para receber o valor de R$ 600\u00a0para compensar a perda de renda decorrente da pandemia de coronav\u00edrus. Segundo a Receita, o aplicativo tem recebido um grande n\u00famero de acessos, fato que pode estar dificultando o cadastro dos benefici\u00e1rios. O \u00f3rg\u00e3o orienta que as pessoas continuem tentando realizar o cadastro ao longo do dia caso n\u00e3o seja poss\u00edvel realiz\u00e1-lo na primeira tentativa. Caso o problema persista, o cidad\u00e3o deve\u00a0verificar no site da Receita\u00a0se seu CPF est\u00e1 em situa\u00e7\u00e3o irregular.\u00a0Caso seja\u00a0encontrada alguma pend\u00eancia, o problema poder\u00e1 ser resolvido por meio da p\u00e1gina de servi\u00e7os do \u00f3rg\u00e3o, preenchendo o\u00a0formul\u00e1rio eletr\u00f4nico\u00a0&#8220;Altera\u00e7\u00e3o de Dados Cadastrais no CPF&#8221;. Se a pend\u00eancia continuar, o cidad\u00e3o dever\u00e1 procurar o atendimento presencial em uma ag\u00eancia da Receita Federal. A Receita alerta ainda que, se o CPF estiver em situa\u00e7\u00e3o regular, mas o usu\u00e1rio n\u00e3o conseguir realizar o cadastro no aplicativo, o problema n\u00e3o estar\u00e1 relacionado ao \u00f3rg\u00e3o. A estimativa da Caixa \u00e9 de que 20 milh\u00f5es de trabalhadores informais n\u00e3o inscritos em programas sociais\u00a0poder\u00e3o baixar o aplicativo que permitir\u00e1 o cadastramento para recebimento da renda b\u00e1sica emergencial. O\u00a0aux\u00edlio \u00e9 de R$ 600 ou de R$ 1,2 mil para m\u00e3es solteiras. Not\u00edcias em Destaque Com EBC","og_url":"https:\/\/noticiasemdestaque.com\/cd\/?p=24195","og_site_name":"Not&iacute;cias em Destaque","article_published_time":"2020-04-10T13:35:50+00:00","og_image":[{"width":1170,"height":700,"url":"https:\/\/noticiasemdestaque.com\/cd\/wp-content\/uploads\/2020\/04\/lancamento_do_aplicativo_caixa_auxilio_emergencial_0407201851-1.jpg","type":"image\/jpeg"}],"author":"Not\u00edcias em Destaque","twitter_card":"summary_large_image","twitter_misc":{"Escrito por":"Not\u00edcias em Destaque","Est. tempo de leitura":"2 minutos"},"schema":{"@context":"https:\/\/schema.org","@graph":[{"@type":"Article","@id":"https:\/\/noticiasemdestaque.com\/cd\/?p=24195#article","isPartOf":{"@id":"https:\/\/noticiasemdestaque.com\/cd\/?p=24195"},"author":{"name":"Not\u00edcias em Destaque","@id":"https:\/\/noticiasemdestaque.com\/cd\/#\/schema\/person\/967a459378479d4fa07976fedd8a7b5e"},"headline":"Regulariza\u00e7\u00e3o de CPF pode ser feita pelo site da Receita Federal","datePublished":"2020-04-10T13:35:50+00:00","mainEntityOfPage":{"@id":"https:\/\/noticiasemdestaque.com\/cd\/?p=24195"},"wordCount":327,"publisher":{"@id":"https:\/\/noticiasemdestaque.com\/cd\/#organization"},"image":{"@id":"https:\/\/noticiasemdestaque.com\/cd\/?p=24195#primaryimage"},"thumbnailUrl":"https:\/\/noticiasemdestaque.com\/cd\/wp-content\/uploads\/2020\/04\/lancamento_do_aplicativo_caixa_auxilio_emergencial_0407201851-1.jpg","articleSection":["Geral"],"inLanguage":"pt-BR"},{"@type":"WebPage","@id":"https:\/\/noticiasemdestaque.com\/cd\/?p=24195","url":"https:\/\/noticiasemdestaque.com\/cd\/?p=24195","name":"Regulariza\u00e7\u00e3o de CPF pode ser feita pelo site da Receita Federal - Not&iacute;cias em Destaque","isPartOf":{"@id":"https:\/\/noticiasemdestaque.com\/cd\/#website"},"primaryImageOfPage":{"@id":"https:\/\/noticiasemdestaque.com\/cd\/?p=24195#primaryimage"},"image":{"@id":"https:\/\/noticiasemdestaque.com\/cd\/?p=24195#primaryimage"},"thumbnailUrl":"https:\/\/noticiasemdestaque.com\/cd\/wp-content\/uploads\/2020\/04\/lancamento_do_aplicativo_caixa_auxilio_emergencial_0407201851-1.jpg","datePublished":"2020-04-10T13:35:50+00:00","breadcrumb":{"@id":"https:\/\/noticiasemdestaque.com\/cd\/?p=24195#breadcrumb"},"inLanguage":"pt-BR","potentialAction":[{"@type":"ReadAction","target":["https:\/\/noticiasemdestaque.com\/cd\/?p=24195"]}]},{"@type":"ImageObject","inLanguage":"pt-BR","@id":"https:\/\/noticiasemdestaque.com\/cd\/?p=24195#primaryimage","url":"https:\/\/noticiasemdestaque.com\/cd\/wp-content\/uploads\/2020\/04\/lancamento_do_aplicativo_caixa_auxilio_emergencial_0407201851-1.jpg","contentUrl":"https:\/\/noticiasemdestaque.com\/cd\/wp-content\/uploads\/2020\/04\/lancamento_do_aplicativo_caixa_auxilio_emergencial_0407201851-1.jpg","width":1170,"height":700,"caption":"Lan\u00e7amento do aplicativo CAIXA|Aux\u00edlio Emergencial"},{"@type":"BreadcrumbList","@id":"https:\/\/noticiasemdestaque.com\/cd\/?p=24195#breadcrumb","itemListElement":[{"@type":"ListItem","position":1,"name":"In\u00edcio","item":"https:\/\/noticiasemdestaque.com\/cd\/"},{"@type":"ListItem","position":2,"name":"Regulariza\u00e7\u00e3o de CPF pode ser feita pelo site da Receita Federal"}]},{"@type":"WebSite","@id":"https:\/\/noticiasemdestaque.com\/cd\/#website","url":"https:\/\/noticiasemdestaque.com\/cd\/","name":"Not&iacute;cias em Destaque","description":"","publisher":{"@id":"https:\/\/noticiasemdestaque.com\/cd\/#organization"},"potentialAction":[{"@type":"SearchAction","target":{"@type":"EntryPoint","urlTemplate":"https:\/\/noticiasemdestaque.com\/cd\/?s={search_term_string}"},"query-input":{"@type":"PropertyValueSpecification","valueRequired":true,"valueName":"search_term_string"}}],"inLanguage":"pt-BR"},{"@type":"Organization","@id":"https:\/\/noticiasemdestaque.com\/cd\/#organization","name":"Not\u00edcias em Destaque","url":"https:\/\/noticiasemdestaque.com\/cd\/","logo":{"@type":"ImageObject","inLanguage":"pt-BR","@id":"https:\/\/noticiasemdestaque.com\/cd\/#\/schema\/logo\/image\/","url":"https:\/\/noticiasemdestaque.com\/cd\/wp-content\/uploads\/2022\/05\/imagem-base-noticiasemdestaque.png","contentUrl":"https:\/\/noticiasemdestaque.com\/cd\/wp-content\/uploads\/2022\/05\/imagem-base-noticiasemdestaque.png","width":1200,"height":630,"caption":"Not\u00edcias em Destaque"},"image":{"@id":"https:\/\/noticiasemdestaque.com\/cd\/#\/schema\/logo\/image\/"}},{"@type":"Person","@id":"https:\/\/noticiasemdestaque.com\/cd\/#\/schema\/person\/967a459378479d4fa07976fedd8a7b5e","name":"Not\u00edcias em Destaque","url":"https:\/\/noticiasemdestaque.com\/cd\/?author=2"}]}},"jetpack_featured_media_url":"https:\/\/noticiasemdestaque.com\/cd\/wp-content\/uploads\/2020\/04\/lancamento_do_aplicativo_caixa_auxilio_emergencial_0407201851-1.jpg","jetpack_sharing_enabled":true,"_links":{"self":[{"href":"https:\/\/noticiasemdestaque.com\/cd\/index.php?rest_route=\/wp\/v2\/posts\/24195","targetHints":{"allow":["GET"]}}],"collection":[{"href":"https:\/\/noticiasemdestaque.com\/cd\/index.php?rest_route=\/wp\/v2\/posts"}],"about":[{"href":"https:\/\/noticiasemdestaque.com\/cd\/index.php?rest_route=\/wp\/v2\/types\/post"}],"author":[{"embeddable":true,"href":"https:\/\/noticiasemdestaque.com\/cd\/index.php?rest_route=\/wp\/v2\/users\/2"}],"replies":[{"embeddable":true,"href":"https:\/\/noticiasemdestaque.com\/cd\/index.php?rest_route=%2Fwp%2Fv2%2Fcomments&post=24195"}],"version-history":[{"count":1,"href":"https:\/\/noticiasemdestaque.com\/cd\/index.php?rest_route=\/wp\/v2\/posts\/24195\/revisions"}],"predecessor-version":[{"id":24197,"href":"https:\/\/noticiasemdestaque.com\/cd\/index.php?rest_route=\/wp\/v2\/posts\/24195\/revisions\/24197"}],"wp:featuredmedia":[{"embeddable":true,"href":"https:\/\/noticiasemdestaque.com\/cd\/index.php?rest_route=\/wp\/v2\/media\/24196"}],"wp:attachment":[{"href":"https:\/\/noticiasemdestaque.com\/cd\/index.php?rest_route=%2Fwp%2Fv2%2Fmedia&parent=24195"}],"wp:term":[{"taxonomy":"category","embeddable":true,"href":"https:\/\/noticiasemdestaque.com\/cd\/index.php?rest_route=%2Fwp%2Fv2%2Fcategories&post=24195"},{"taxonomy":"post_tag","embeddable":true,"href":"https:\/\/noticiasemdestaque.com\/cd\/index.php?rest_route=%2Fwp%2Fv2%2Ftags&post=24195"}],"curies":[{"name":"wp","href":"https:\/\/api.w.org\/{rel}","templated":true}]}}