{"id":241,"date":"2017-06-06T22:44:27","date_gmt":"2017-06-07T01:44:27","guid":{"rendered":"http:\/\/caririemdestaque.com\/cd\/?p=241"},"modified":"2017-06-06T22:45:51","modified_gmt":"2017-06-07T01:45:51","slug":"tse-rejeita-questoes-preliminares-no-julgamento-da-chapa-dilma-temer","status":"publish","type":"post","link":"https:\/\/noticiasemdestaque.com\/cd\/?p=241","title":{"rendered":"TSE rejeita quest\u00f5es preliminares no julgamento da chapa Dilma-Temer"},"content":{"rendered":"<p>O Tribunal Superior Eleitoral (TSE) decidiu hoje (6) rejeitar quatro quest\u00f5es preliminares durante o julgamento da a\u00e7\u00e3o na qual o PSDB pede da cassa\u00e7\u00e3o da chapa Dilma-Temer, vencedora das elei\u00e7\u00f5es presidenciais de 2014. O julgamento ser\u00e1 retomado amanh\u00e3 (7), \u00e0s 9h, com o restante do voto do relator, ministro Herman Benjamim.<\/p>\n<p>Entre as preliminares que foram rejeitadas, por unanimidade, est\u00e3o a impossibilidade de o TSE julgar cassa\u00e7\u00e3o de mandato de presidente, ordem de depoimento de testemunhas e outras quest\u00f5es processuais que impediriam o julgamento do m\u00e9rito da cassa\u00e7\u00e3o, que n\u00e3o foi analisado hoje.<\/p>\n<p>Ap\u00f3s o voto do relator, dever\u00e3o votar os ministros Napole\u00e3o Nunes Maia, Admar Gonzaga, Tarcisio Vieira, Rosa Weber, Luiz Fux, e o presidente do tribunal, Gilmar Mendes. Mais tr\u00eas sess\u00f5es foram marcadas para amanh\u00e3 (7) e quinta-feira (8), e um pedido de vista para suspender o julgamento n\u00e3o est\u00e1 descartado.<\/p>\n<p>Interrup\u00e7\u00e3o<\/p>\n<p>Durante as considera\u00e7\u00f5es de Benjamin, o presidente do TSE, ministro Gilmar Mendes, disse que o julgamento da a\u00e7\u00e3o que pede a cassa\u00e7\u00e3o da chapa Dilma-Temer \u00e9 a oportunidade de se fazer a verdadeira an\u00e1lise de como se d\u00e3o as campanhas eleitorais no pa\u00eds. \u201cN\u00e3o se trata de proposta de cassa\u00e7\u00e3o de mandato, mas de como se faz a campanha no Brasil\u201d, disse Gilmar Mendes ao interromper a fala do relator.<\/p>\n<p>Mendes argumentou que a demora no desfecho do julgamento se d\u00e1 pela \u201cextrema complexidade\u201d do tema e da \u201csingularidade\u201d que \u00e9 a impugna\u00e7\u00e3o da chapa vencedora de um pleito presidencial. \u201cH\u00e1 um grau de instabilidade que precisa ser considerado\u201d, frisou Mendes.<\/p>\n<p>Ao falar sobre a singularidade do julgamento de uma chapa presidencial, Gilmar citou um di\u00e1logo com outro ministro que teria ouvido de um interlocutor estrangeiro que o TSE estava cassando &#8220;mais deputados do que a ditadura&#8221;.<\/p>\n<p>&nbsp;<\/p>\n<p>Hermann Benjamin retrucou, afirmando que \u201ca ditadura cassava aqueles que pregavam a democracia e que o TSE cassa aqueles que v\u00e3o contra a democracia\u201d.<\/p>\n<p>Defesa e acusa\u00e7\u00e3o<\/p>\n<p>A defesa do presidente Michel Temer e da ex-presidenta Dilma Rousseff tamb\u00e9m se manifestaram na sess\u00e3o desta noite. O advogado de Dilma considerou a acusa\u00e7\u00e3o do PSDB como \u201cinconformismo de derrotado\u201d. Os advogados de Temer defenderam a manuten\u00e7\u00e3o do mandato do presidente e afirmaram que Temer, ent\u00e3o vice-presidente, n\u00e3o cometeu nenhuma irregularidade.<\/p>\n<p>Durante o julgamento, o vice-procurador-geral eleitoral, Nicolao Dino, defendeu a cassa\u00e7\u00e3o como um todo da chapa Dilma-Temer por haver fatos e provas que que configuram ter havido abuso de poder econ\u00f4mico na campanha presidencial de 2014.<\/p>\n<p>A\u00e7\u00e3o<\/p>\n<p>Ap\u00f3s o resultado das elei\u00e7\u00f5es de 2014, o PSDB entrou com a a\u00e7\u00e3o, e o TSE come\u00e7ou a julgar suspeitas de irregularidade nos repasses a gr\u00e1ficas que prestaram servi\u00e7os para a campanha eleitoral de Dilma e Temer. Recentemente, Herman Benjamin decidiu incluir no processo o depoimento dos delatores ligados \u00e0 empreiteira Odebrecht investigados na Opera\u00e7\u00e3o Lava Jato. Os delatores relataram que fizeram repasses ilegais para a campanha presidencial.<\/p>\n<p>Em dezembro de 2014, as contas da campanha da ent\u00e3o presidenta Dilma Rousseff e de seu vice, Michel Temer, foram aprovadas com ressalvas e por unanimidade no TSE. No entanto, o processo foi reaberto porque o PSDB questionou a aprova\u00e7\u00e3o. Segundo entendimento do TSE, a presta\u00e7\u00e3o cont\u00e1bil da presidenta e do vice-presidente \u00e9 julgada em conjunto.<\/p>\n<p><strong><em>Cariri em Destaque<\/em><\/strong><\/p>\n<p>Com EBC<\/p>\n","protected":false},"excerpt":{"rendered":"<p>O Tribunal Superior Eleitoral (TSE) decidiu hoje (6) rejeitar quatro quest\u00f5es preliminares durante o julgamento da a\u00e7\u00e3o na qual o PSDB pede da cassa\u00e7\u00e3o da chapa Dilma-Temer, vencedora das elei\u00e7\u00f5es presidenciais de 2014. O julgamento ser\u00e1 retomado amanh\u00e3 (7), \u00e0s 9h, com o restante do voto do relator, ministro Herman Benjamim. Entre as preliminares que foram rejeitadas, por unanimidade, est\u00e3o a impossibilidade de o TSE julgar cassa\u00e7\u00e3o de mandato de presidente, ordem de depoimento de testemunhas e outras quest\u00f5es processuais que impediriam o julgamento do m\u00e9rito da cassa\u00e7\u00e3o, que n\u00e3o foi analisado hoje. Ap\u00f3s o voto do relator, dever\u00e3o votar os ministros Napole\u00e3o Nunes Maia, Admar Gonzaga, Tarcisio Vieira, Rosa Weber, Luiz Fux, e o presidente do tribunal, Gilmar Mendes. Mais tr\u00eas sess\u00f5es foram marcadas para amanh\u00e3 (7) e quinta-feira (8), e um pedido de vista para suspender o julgamento n\u00e3o est\u00e1 descartado. Interrup\u00e7\u00e3o Durante as considera\u00e7\u00f5es de Benjamin, o presidente do TSE, ministro Gilmar Mendes, disse que o julgamento da a\u00e7\u00e3o que pede a cassa\u00e7\u00e3o da chapa Dilma-Temer \u00e9 a oportunidade de se fazer a verdadeira an\u00e1lise de como se d\u00e3o as campanhas eleitorais no pa\u00eds. \u201cN\u00e3o se trata de proposta de cassa\u00e7\u00e3o de mandato, mas de como se faz a campanha no Brasil\u201d, disse Gilmar Mendes ao interromper a fala do relator. Mendes argumentou que a demora no desfecho do julgamento se d\u00e1 pela \u201cextrema complexidade\u201d do tema e da \u201csingularidade\u201d que \u00e9 a impugna\u00e7\u00e3o da chapa vencedora de um pleito presidencial. \u201cH\u00e1 um grau de instabilidade que precisa ser considerado\u201d, frisou Mendes. Ao falar sobre a singularidade do julgamento de uma chapa presidencial, Gilmar citou um di\u00e1logo com outro ministro que teria ouvido de um interlocutor estrangeiro que o TSE estava cassando &#8220;mais deputados do que a ditadura&#8221;. &nbsp; Hermann Benjamin retrucou, afirmando que \u201ca ditadura cassava aqueles que pregavam a democracia e que o TSE cassa aqueles que v\u00e3o contra a democracia\u201d. Defesa e acusa\u00e7\u00e3o A defesa do presidente Michel Temer e da ex-presidenta Dilma Rousseff tamb\u00e9m se manifestaram na sess\u00e3o desta noite. O advogado de Dilma considerou a acusa\u00e7\u00e3o do PSDB como \u201cinconformismo de derrotado\u201d. Os advogados de Temer defenderam a manuten\u00e7\u00e3o do mandato do presidente e afirmaram que Temer, ent\u00e3o vice-presidente, n\u00e3o cometeu nenhuma irregularidade. Durante o julgamento, o vice-procurador-geral eleitoral, Nicolao Dino, defendeu a cassa\u00e7\u00e3o como um todo da chapa Dilma-Temer por haver fatos e provas que que configuram ter havido abuso de poder econ\u00f4mico na campanha presidencial de 2014. A\u00e7\u00e3o Ap\u00f3s o resultado das elei\u00e7\u00f5es de 2014, o PSDB entrou com a a\u00e7\u00e3o, e o TSE come\u00e7ou a julgar suspeitas de irregularidade nos repasses a gr\u00e1ficas que prestaram servi\u00e7os para a campanha eleitoral de Dilma e Temer. Recentemente, Herman Benjamin decidiu incluir no processo o depoimento dos delatores ligados \u00e0 empreiteira Odebrecht investigados na Opera\u00e7\u00e3o Lava Jato. Os delatores relataram que fizeram repasses ilegais para a campanha presidencial. Em dezembro de 2014, as contas da campanha da ent\u00e3o presidenta Dilma Rousseff e de seu vice, Michel Temer, foram aprovadas com ressalvas e por unanimidade no TSE. No entanto, o processo foi reaberto porque o PSDB questionou a aprova\u00e7\u00e3o. Segundo entendimento do TSE, a presta\u00e7\u00e3o cont\u00e1bil da presidenta e do vice-presidente \u00e9 julgada em conjunto. Cariri em Destaque Com EBC<\/p>\n","protected":false},"author":2,"featured_media":244,"comment_status":"closed","ping_status":"open","sticky":false,"template":"","format":"standard","meta":{"_eb_attr":"","_jetpack_memberships_contains_paid_content":false,"footnotes":""},"categories":[4],"tags":[],"class_list":["post-241","post","type-post","status-publish","format-standard","has-post-thumbnail","hentry","category-politica"],"yoast_head":"<!-- This site is optimized with the Yoast SEO plugin v26.5 - https:\/\/yoast.com\/wordpress\/plugins\/seo\/ -->\n<title>TSE rejeita quest\u00f5es preliminares no julgamento da chapa Dilma-Temer - Not&iacute;cias em Destaque<\/title>\n<meta name=\"robots\" content=\"index, follow, max-snippet:-1, max-image-preview:large, max-video-preview:-1\" \/>\n<link rel=\"canonical\" href=\"https:\/\/noticiasemdestaque.com\/cd\/?p=241\" \/>\n<meta property=\"og:locale\" content=\"pt_BR\" \/>\n<meta property=\"og:type\" content=\"article\" \/>\n<meta property=\"og:title\" content=\"TSE rejeita quest\u00f5es preliminares no julgamento da chapa Dilma-Temer - Not&iacute;cias em Destaque\" \/>\n<meta property=\"og:description\" content=\"O Tribunal Superior Eleitoral (TSE) decidiu hoje (6) rejeitar quatro quest\u00f5es preliminares durante o julgamento da a\u00e7\u00e3o na qual o PSDB pede da cassa\u00e7\u00e3o da chapa Dilma-Temer, vencedora das elei\u00e7\u00f5es presidenciais de 2014. O julgamento ser\u00e1 retomado amanh\u00e3 (7), \u00e0s 9h, com o restante do voto do relator, ministro Herman Benjamim. Entre as preliminares que foram rejeitadas, por unanimidade, est\u00e3o a impossibilidade de o TSE julgar cassa\u00e7\u00e3o de mandato de presidente, ordem de depoimento de testemunhas e outras quest\u00f5es processuais que impediriam o julgamento do m\u00e9rito da cassa\u00e7\u00e3o, que n\u00e3o foi analisado hoje. Ap\u00f3s o voto do relator, dever\u00e3o votar os ministros Napole\u00e3o Nunes Maia, Admar Gonzaga, Tarcisio Vieira, Rosa Weber, Luiz Fux, e o presidente do tribunal, Gilmar Mendes. Mais tr\u00eas sess\u00f5es foram marcadas para amanh\u00e3 (7) e quinta-feira (8), e um pedido de vista para suspender o julgamento n\u00e3o est\u00e1 descartado. Interrup\u00e7\u00e3o Durante as considera\u00e7\u00f5es de Benjamin, o presidente do TSE, ministro Gilmar Mendes, disse que o julgamento da a\u00e7\u00e3o que pede a cassa\u00e7\u00e3o da chapa Dilma-Temer \u00e9 a oportunidade de se fazer a verdadeira an\u00e1lise de como se d\u00e3o as campanhas eleitorais no pa\u00eds. \u201cN\u00e3o se trata de proposta de cassa\u00e7\u00e3o de mandato, mas de como se faz a campanha no Brasil\u201d, disse Gilmar Mendes ao interromper a fala do relator. Mendes argumentou que a demora no desfecho do julgamento se d\u00e1 pela \u201cextrema complexidade\u201d do tema e da \u201csingularidade\u201d que \u00e9 a impugna\u00e7\u00e3o da chapa vencedora de um pleito presidencial. \u201cH\u00e1 um grau de instabilidade que precisa ser considerado\u201d, frisou Mendes. Ao falar sobre a singularidade do julgamento de uma chapa presidencial, Gilmar citou um di\u00e1logo com outro ministro que teria ouvido de um interlocutor estrangeiro que o TSE estava cassando &#8220;mais deputados do que a ditadura&#8221;. &nbsp; Hermann Benjamin retrucou, afirmando que \u201ca ditadura cassava aqueles que pregavam a democracia e que o TSE cassa aqueles que v\u00e3o contra a democracia\u201d. Defesa e acusa\u00e7\u00e3o A defesa do presidente Michel Temer e da ex-presidenta Dilma Rousseff tamb\u00e9m se manifestaram na sess\u00e3o desta noite. O advogado de Dilma considerou a acusa\u00e7\u00e3o do PSDB como \u201cinconformismo de derrotado\u201d. Os advogados de Temer defenderam a manuten\u00e7\u00e3o do mandato do presidente e afirmaram que Temer, ent\u00e3o vice-presidente, n\u00e3o cometeu nenhuma irregularidade. Durante o julgamento, o vice-procurador-geral eleitoral, Nicolao Dino, defendeu a cassa\u00e7\u00e3o como um todo da chapa Dilma-Temer por haver fatos e provas que que configuram ter havido abuso de poder econ\u00f4mico na campanha presidencial de 2014. A\u00e7\u00e3o Ap\u00f3s o resultado das elei\u00e7\u00f5es de 2014, o PSDB entrou com a a\u00e7\u00e3o, e o TSE come\u00e7ou a julgar suspeitas de irregularidade nos repasses a gr\u00e1ficas que prestaram servi\u00e7os para a campanha eleitoral de Dilma e Temer. Recentemente, Herman Benjamin decidiu incluir no processo o depoimento dos delatores ligados \u00e0 empreiteira Odebrecht investigados na Opera\u00e7\u00e3o Lava Jato. Os delatores relataram que fizeram repasses ilegais para a campanha presidencial. Em dezembro de 2014, as contas da campanha da ent\u00e3o presidenta Dilma Rousseff e de seu vice, Michel Temer, foram aprovadas com ressalvas e por unanimidade no TSE. No entanto, o processo foi reaberto porque o PSDB questionou a aprova\u00e7\u00e3o. Segundo entendimento do TSE, a presta\u00e7\u00e3o cont\u00e1bil da presidenta e do vice-presidente \u00e9 julgada em conjunto. Cariri em Destaque Com EBC\" \/>\n<meta property=\"og:url\" content=\"https:\/\/noticiasemdestaque.com\/cd\/?p=241\" \/>\n<meta property=\"og:site_name\" content=\"Not&iacute;cias em Destaque\" \/>\n<meta property=\"article:published_time\" content=\"2017-06-07T01:44:27+00:00\" \/>\n<meta property=\"article:modified_time\" content=\"2017-06-07T01:45:51+00:00\" \/>\n<meta property=\"og:image\" content=\"https:\/\/noticiasemdestaque.com\/cd\/wp-content\/uploads\/2017\/06\/e5yvfh6ejzf0mquv5t5gis69p.jpg\" \/>\n\t<meta property=\"og:image:width\" content=\"652\" \/>\n\t<meta property=\"og:image:height\" content=\"408\" \/>\n\t<meta property=\"og:image:type\" content=\"image\/jpeg\" \/>\n<meta name=\"author\" content=\"Not\u00edcias em Destaque\" \/>\n<meta name=\"twitter:card\" content=\"summary_large_image\" \/>\n<meta name=\"twitter:label1\" content=\"Escrito por\" \/>\n\t<meta name=\"twitter:data1\" content=\"Not\u00edcias em Destaque\" \/>\n\t<meta name=\"twitter:label2\" content=\"Est. tempo de leitura\" \/>\n\t<meta name=\"twitter:data2\" content=\"3 minutos\" \/>\n<script type=\"application\/ld+json\" class=\"yoast-schema-graph\">{\"@context\":\"https:\/\/schema.org\",\"@graph\":[{\"@type\":\"Article\",\"@id\":\"https:\/\/noticiasemdestaque.com\/cd\/?p=241#article\",\"isPartOf\":{\"@id\":\"https:\/\/noticiasemdestaque.com\/cd\/?p=241\"},\"author\":{\"name\":\"Not\u00edcias em Destaque\",\"@id\":\"https:\/\/noticiasemdestaque.com\/cd\/#\/schema\/person\/47f7d4f55eec17c6b2ca036c5500f6ce\"},\"headline\":\"TSE rejeita quest\u00f5es preliminares no julgamento da chapa Dilma-Temer\",\"datePublished\":\"2017-06-07T01:44:27+00:00\",\"dateModified\":\"2017-06-07T01:45:51+00:00\",\"mainEntityOfPage\":{\"@id\":\"https:\/\/noticiasemdestaque.com\/cd\/?p=241\"},\"wordCount\":584,\"publisher\":{\"@id\":\"https:\/\/noticiasemdestaque.com\/cd\/#organization\"},\"image\":{\"@id\":\"https:\/\/noticiasemdestaque.com\/cd\/?p=241#primaryimage\"},\"thumbnailUrl\":\"https:\/\/noticiasemdestaque.com\/cd\/wp-content\/uploads\/2017\/06\/e5yvfh6ejzf0mquv5t5gis69p.jpg\",\"articleSection\":[\"Pol\u00edtica\"],\"inLanguage\":\"pt-BR\"},{\"@type\":\"WebPage\",\"@id\":\"https:\/\/noticiasemdestaque.com\/cd\/?p=241\",\"url\":\"https:\/\/noticiasemdestaque.com\/cd\/?p=241\",\"name\":\"TSE rejeita quest\u00f5es preliminares no julgamento da chapa Dilma-Temer - Not&iacute;cias em Destaque\",\"isPartOf\":{\"@id\":\"https:\/\/noticiasemdestaque.com\/cd\/#website\"},\"primaryImageOfPage\":{\"@id\":\"https:\/\/noticiasemdestaque.com\/cd\/?p=241#primaryimage\"},\"image\":{\"@id\":\"https:\/\/noticiasemdestaque.com\/cd\/?p=241#primaryimage\"},\"thumbnailUrl\":\"https:\/\/noticiasemdestaque.com\/cd\/wp-content\/uploads\/2017\/06\/e5yvfh6ejzf0mquv5t5gis69p.jpg\",\"datePublished\":\"2017-06-07T01:44:27+00:00\",\"dateModified\":\"2017-06-07T01:45:51+00:00\",\"breadcrumb\":{\"@id\":\"https:\/\/noticiasemdestaque.com\/cd\/?p=241#breadcrumb\"},\"inLanguage\":\"pt-BR\",\"potentialAction\":[{\"@type\":\"ReadAction\",\"target\":[\"https:\/\/noticiasemdestaque.com\/cd\/?p=241\"]}]},{\"@type\":\"ImageObject\",\"inLanguage\":\"pt-BR\",\"@id\":\"https:\/\/noticiasemdestaque.com\/cd\/?p=241#primaryimage\",\"url\":\"https:\/\/noticiasemdestaque.com\/cd\/wp-content\/uploads\/2017\/06\/e5yvfh6ejzf0mquv5t5gis69p.jpg\",\"contentUrl\":\"https:\/\/noticiasemdestaque.com\/cd\/wp-content\/uploads\/2017\/06\/e5yvfh6ejzf0mquv5t5gis69p.jpg\",\"width\":652,\"height\":408},{\"@type\":\"BreadcrumbList\",\"@id\":\"https:\/\/noticiasemdestaque.com\/cd\/?p=241#breadcrumb\",\"itemListElement\":[{\"@type\":\"ListItem\",\"position\":1,\"name\":\"In\u00edcio\",\"item\":\"https:\/\/noticiasemdestaque.com\/cd\/\"},{\"@type\":\"ListItem\",\"position\":2,\"name\":\"TSE rejeita quest\u00f5es preliminares no julgamento da chapa Dilma-Temer\"}]},{\"@type\":\"WebSite\",\"@id\":\"https:\/\/noticiasemdestaque.com\/cd\/#website\",\"url\":\"https:\/\/noticiasemdestaque.com\/cd\/\",\"name\":\"Not&iacute;cias em Destaque\",\"description\":\"\",\"publisher\":{\"@id\":\"https:\/\/noticiasemdestaque.com\/cd\/#organization\"},\"potentialAction\":[{\"@type\":\"SearchAction\",\"target\":{\"@type\":\"EntryPoint\",\"urlTemplate\":\"https:\/\/noticiasemdestaque.com\/cd\/?s={search_term_string}\"},\"query-input\":{\"@type\":\"PropertyValueSpecification\",\"valueRequired\":true,\"valueName\":\"search_term_string\"}}],\"inLanguage\":\"pt-BR\"},{\"@type\":\"Organization\",\"@id\":\"https:\/\/noticiasemdestaque.com\/cd\/#organization\",\"name\":\"Not\u00edcias em Destaque\",\"url\":\"https:\/\/noticiasemdestaque.com\/cd\/\",\"logo\":{\"@type\":\"ImageObject\",\"inLanguage\":\"pt-BR\",\"@id\":\"https:\/\/noticiasemdestaque.com\/cd\/#\/schema\/logo\/image\/\",\"url\":\"https:\/\/noticiasemdestaque.com\/cd\/wp-content\/uploads\/2022\/05\/imagem-base-noticiasemdestaque.png\",\"contentUrl\":\"https:\/\/noticiasemdestaque.com\/cd\/wp-content\/uploads\/2022\/05\/imagem-base-noticiasemdestaque.png\",\"width\":1200,\"height\":630,\"caption\":\"Not\u00edcias em Destaque\"},\"image\":{\"@id\":\"https:\/\/noticiasemdestaque.com\/cd\/#\/schema\/logo\/image\/\"}},{\"@type\":\"Person\",\"@id\":\"https:\/\/noticiasemdestaque.com\/cd\/#\/schema\/person\/47f7d4f55eec17c6b2ca036c5500f6ce\",\"name\":\"Not\u00edcias em Destaque\",\"url\":\"https:\/\/noticiasemdestaque.com\/cd\/?author=2\"}]}<\/script>\n<!-- \/ Yoast SEO plugin. -->","yoast_head_json":{"title":"TSE rejeita quest\u00f5es preliminares no julgamento da chapa Dilma-Temer - Not&iacute;cias em Destaque","robots":{"index":"index","follow":"follow","max-snippet":"max-snippet:-1","max-image-preview":"max-image-preview:large","max-video-preview":"max-video-preview:-1"},"canonical":"https:\/\/noticiasemdestaque.com\/cd\/?p=241","og_locale":"pt_BR","og_type":"article","og_title":"TSE rejeita quest\u00f5es preliminares no julgamento da chapa Dilma-Temer - Not&iacute;cias em Destaque","og_description":"O Tribunal Superior Eleitoral (TSE) decidiu hoje (6) rejeitar quatro quest\u00f5es preliminares durante o julgamento da a\u00e7\u00e3o na qual o PSDB pede da cassa\u00e7\u00e3o da chapa Dilma-Temer, vencedora das elei\u00e7\u00f5es presidenciais de 2014. O julgamento ser\u00e1 retomado amanh\u00e3 (7), \u00e0s 9h, com o restante do voto do relator, ministro Herman Benjamim. Entre as preliminares que foram rejeitadas, por unanimidade, est\u00e3o a impossibilidade de o TSE julgar cassa\u00e7\u00e3o de mandato de presidente, ordem de depoimento de testemunhas e outras quest\u00f5es processuais que impediriam o julgamento do m\u00e9rito da cassa\u00e7\u00e3o, que n\u00e3o foi analisado hoje. Ap\u00f3s o voto do relator, dever\u00e3o votar os ministros Napole\u00e3o Nunes Maia, Admar Gonzaga, Tarcisio Vieira, Rosa Weber, Luiz Fux, e o presidente do tribunal, Gilmar Mendes. Mais tr\u00eas sess\u00f5es foram marcadas para amanh\u00e3 (7) e quinta-feira (8), e um pedido de vista para suspender o julgamento n\u00e3o est\u00e1 descartado. Interrup\u00e7\u00e3o Durante as considera\u00e7\u00f5es de Benjamin, o presidente do TSE, ministro Gilmar Mendes, disse que o julgamento da a\u00e7\u00e3o que pede a cassa\u00e7\u00e3o da chapa Dilma-Temer \u00e9 a oportunidade de se fazer a verdadeira an\u00e1lise de como se d\u00e3o as campanhas eleitorais no pa\u00eds. \u201cN\u00e3o se trata de proposta de cassa\u00e7\u00e3o de mandato, mas de como se faz a campanha no Brasil\u201d, disse Gilmar Mendes ao interromper a fala do relator. Mendes argumentou que a demora no desfecho do julgamento se d\u00e1 pela \u201cextrema complexidade\u201d do tema e da \u201csingularidade\u201d que \u00e9 a impugna\u00e7\u00e3o da chapa vencedora de um pleito presidencial. \u201cH\u00e1 um grau de instabilidade que precisa ser considerado\u201d, frisou Mendes. Ao falar sobre a singularidade do julgamento de uma chapa presidencial, Gilmar citou um di\u00e1logo com outro ministro que teria ouvido de um interlocutor estrangeiro que o TSE estava cassando &#8220;mais deputados do que a ditadura&#8221;. &nbsp; Hermann Benjamin retrucou, afirmando que \u201ca ditadura cassava aqueles que pregavam a democracia e que o TSE cassa aqueles que v\u00e3o contra a democracia\u201d. Defesa e acusa\u00e7\u00e3o A defesa do presidente Michel Temer e da ex-presidenta Dilma Rousseff tamb\u00e9m se manifestaram na sess\u00e3o desta noite. O advogado de Dilma considerou a acusa\u00e7\u00e3o do PSDB como \u201cinconformismo de derrotado\u201d. Os advogados de Temer defenderam a manuten\u00e7\u00e3o do mandato do presidente e afirmaram que Temer, ent\u00e3o vice-presidente, n\u00e3o cometeu nenhuma irregularidade. Durante o julgamento, o vice-procurador-geral eleitoral, Nicolao Dino, defendeu a cassa\u00e7\u00e3o como um todo da chapa Dilma-Temer por haver fatos e provas que que configuram ter havido abuso de poder econ\u00f4mico na campanha presidencial de 2014. A\u00e7\u00e3o Ap\u00f3s o resultado das elei\u00e7\u00f5es de 2014, o PSDB entrou com a a\u00e7\u00e3o, e o TSE come\u00e7ou a julgar suspeitas de irregularidade nos repasses a gr\u00e1ficas que prestaram servi\u00e7os para a campanha eleitoral de Dilma e Temer. Recentemente, Herman Benjamin decidiu incluir no processo o depoimento dos delatores ligados \u00e0 empreiteira Odebrecht investigados na Opera\u00e7\u00e3o Lava Jato. Os delatores relataram que fizeram repasses ilegais para a campanha presidencial. Em dezembro de 2014, as contas da campanha da ent\u00e3o presidenta Dilma Rousseff e de seu vice, Michel Temer, foram aprovadas com ressalvas e por unanimidade no TSE. No entanto, o processo foi reaberto porque o PSDB questionou a aprova\u00e7\u00e3o. Segundo entendimento do TSE, a presta\u00e7\u00e3o cont\u00e1bil da presidenta e do vice-presidente \u00e9 julgada em conjunto. Cariri em Destaque Com EBC","og_url":"https:\/\/noticiasemdestaque.com\/cd\/?p=241","og_site_name":"Not&iacute;cias em Destaque","article_published_time":"2017-06-07T01:44:27+00:00","article_modified_time":"2017-06-07T01:45:51+00:00","og_image":[{"width":652,"height":408,"url":"https:\/\/noticiasemdestaque.com\/cd\/wp-content\/uploads\/2017\/06\/e5yvfh6ejzf0mquv5t5gis69p.jpg","type":"image\/jpeg"}],"author":"Not\u00edcias em Destaque","twitter_card":"summary_large_image","twitter_misc":{"Escrito por":"Not\u00edcias em Destaque","Est. tempo de leitura":"3 minutos"},"schema":{"@context":"https:\/\/schema.org","@graph":[{"@type":"Article","@id":"https:\/\/noticiasemdestaque.com\/cd\/?p=241#article","isPartOf":{"@id":"https:\/\/noticiasemdestaque.com\/cd\/?p=241"},"author":{"name":"Not\u00edcias em Destaque","@id":"https:\/\/noticiasemdestaque.com\/cd\/#\/schema\/person\/47f7d4f55eec17c6b2ca036c5500f6ce"},"headline":"TSE rejeita quest\u00f5es preliminares no julgamento da chapa Dilma-Temer","datePublished":"2017-06-07T01:44:27+00:00","dateModified":"2017-06-07T01:45:51+00:00","mainEntityOfPage":{"@id":"https:\/\/noticiasemdestaque.com\/cd\/?p=241"},"wordCount":584,"publisher":{"@id":"https:\/\/noticiasemdestaque.com\/cd\/#organization"},"image":{"@id":"https:\/\/noticiasemdestaque.com\/cd\/?p=241#primaryimage"},"thumbnailUrl":"https:\/\/noticiasemdestaque.com\/cd\/wp-content\/uploads\/2017\/06\/e5yvfh6ejzf0mquv5t5gis69p.jpg","articleSection":["Pol\u00edtica"],"inLanguage":"pt-BR"},{"@type":"WebPage","@id":"https:\/\/noticiasemdestaque.com\/cd\/?p=241","url":"https:\/\/noticiasemdestaque.com\/cd\/?p=241","name":"TSE rejeita quest\u00f5es preliminares no julgamento da chapa Dilma-Temer - Not&iacute;cias em Destaque","isPartOf":{"@id":"https:\/\/noticiasemdestaque.com\/cd\/#website"},"primaryImageOfPage":{"@id":"https:\/\/noticiasemdestaque.com\/cd\/?p=241#primaryimage"},"image":{"@id":"https:\/\/noticiasemdestaque.com\/cd\/?p=241#primaryimage"},"thumbnailUrl":"https:\/\/noticiasemdestaque.com\/cd\/wp-content\/uploads\/2017\/06\/e5yvfh6ejzf0mquv5t5gis69p.jpg","datePublished":"2017-06-07T01:44:27+00:00","dateModified":"2017-06-07T01:45:51+00:00","breadcrumb":{"@id":"https:\/\/noticiasemdestaque.com\/cd\/?p=241#breadcrumb"},"inLanguage":"pt-BR","potentialAction":[{"@type":"ReadAction","target":["https:\/\/noticiasemdestaque.com\/cd\/?p=241"]}]},{"@type":"ImageObject","inLanguage":"pt-BR","@id":"https:\/\/noticiasemdestaque.com\/cd\/?p=241#primaryimage","url":"https:\/\/noticiasemdestaque.com\/cd\/wp-content\/uploads\/2017\/06\/e5yvfh6ejzf0mquv5t5gis69p.jpg","contentUrl":"https:\/\/noticiasemdestaque.com\/cd\/wp-content\/uploads\/2017\/06\/e5yvfh6ejzf0mquv5t5gis69p.jpg","width":652,"height":408},{"@type":"BreadcrumbList","@id":"https:\/\/noticiasemdestaque.com\/cd\/?p=241#breadcrumb","itemListElement":[{"@type":"ListItem","position":1,"name":"In\u00edcio","item":"https:\/\/noticiasemdestaque.com\/cd\/"},{"@type":"ListItem","position":2,"name":"TSE rejeita quest\u00f5es preliminares no julgamento da chapa Dilma-Temer"}]},{"@type":"WebSite","@id":"https:\/\/noticiasemdestaque.com\/cd\/#website","url":"https:\/\/noticiasemdestaque.com\/cd\/","name":"Not&iacute;cias em Destaque","description":"","publisher":{"@id":"https:\/\/noticiasemdestaque.com\/cd\/#organization"},"potentialAction":[{"@type":"SearchAction","target":{"@type":"EntryPoint","urlTemplate":"https:\/\/noticiasemdestaque.com\/cd\/?s={search_term_string}"},"query-input":{"@type":"PropertyValueSpecification","valueRequired":true,"valueName":"search_term_string"}}],"inLanguage":"pt-BR"},{"@type":"Organization","@id":"https:\/\/noticiasemdestaque.com\/cd\/#organization","name":"Not\u00edcias em Destaque","url":"https:\/\/noticiasemdestaque.com\/cd\/","logo":{"@type":"ImageObject","inLanguage":"pt-BR","@id":"https:\/\/noticiasemdestaque.com\/cd\/#\/schema\/logo\/image\/","url":"https:\/\/noticiasemdestaque.com\/cd\/wp-content\/uploads\/2022\/05\/imagem-base-noticiasemdestaque.png","contentUrl":"https:\/\/noticiasemdestaque.com\/cd\/wp-content\/uploads\/2022\/05\/imagem-base-noticiasemdestaque.png","width":1200,"height":630,"caption":"Not\u00edcias em Destaque"},"image":{"@id":"https:\/\/noticiasemdestaque.com\/cd\/#\/schema\/logo\/image\/"}},{"@type":"Person","@id":"https:\/\/noticiasemdestaque.com\/cd\/#\/schema\/person\/47f7d4f55eec17c6b2ca036c5500f6ce","name":"Not\u00edcias em Destaque","url":"https:\/\/noticiasemdestaque.com\/cd\/?author=2"}]}},"jetpack_featured_media_url":"https:\/\/noticiasemdestaque.com\/cd\/wp-content\/uploads\/2017\/06\/e5yvfh6ejzf0mquv5t5gis69p.jpg","jetpack_sharing_enabled":true,"_links":{"self":[{"href":"https:\/\/noticiasemdestaque.com\/cd\/index.php?rest_route=\/wp\/v2\/posts\/241","targetHints":{"allow":["GET"]}}],"collection":[{"href":"https:\/\/noticiasemdestaque.com\/cd\/index.php?rest_route=\/wp\/v2\/posts"}],"about":[{"href":"https:\/\/noticiasemdestaque.com\/cd\/index.php?rest_route=\/wp\/v2\/types\/post"}],"author":[{"embeddable":true,"href":"https:\/\/noticiasemdestaque.com\/cd\/index.php?rest_route=\/wp\/v2\/users\/2"}],"replies":[{"embeddable":true,"href":"https:\/\/noticiasemdestaque.com\/cd\/index.php?rest_route=%2Fwp%2Fv2%2Fcomments&post=241"}],"version-history":[{"count":1,"href":"https:\/\/noticiasemdestaque.com\/cd\/index.php?rest_route=\/wp\/v2\/posts\/241\/revisions"}],"predecessor-version":[{"id":243,"href":"https:\/\/noticiasemdestaque.com\/cd\/index.php?rest_route=\/wp\/v2\/posts\/241\/revisions\/243"}],"wp:featuredmedia":[{"embeddable":true,"href":"https:\/\/noticiasemdestaque.com\/cd\/index.php?rest_route=\/wp\/v2\/media\/244"}],"wp:attachment":[{"href":"https:\/\/noticiasemdestaque.com\/cd\/index.php?rest_route=%2Fwp%2Fv2%2Fmedia&parent=241"}],"wp:term":[{"taxonomy":"category","embeddable":true,"href":"https:\/\/noticiasemdestaque.com\/cd\/index.php?rest_route=%2Fwp%2Fv2%2Fcategories&post=241"},{"taxonomy":"post_tag","embeddable":true,"href":"https:\/\/noticiasemdestaque.com\/cd\/index.php?rest_route=%2Fwp%2Fv2%2Ftags&post=241"}],"curies":[{"name":"wp","href":"https:\/\/api.w.org\/{rel}","templated":true}]}}