{"id":24006,"date":"2020-04-02T19:53:27","date_gmt":"2020-04-02T22:53:27","guid":{"rendered":"http:\/\/noticiasemdestaque.com\/cd\/?p=24006"},"modified":"2020-04-02T19:53:27","modified_gmt":"2020-04-02T22:53:27","slug":"numero-de-casos-de-covid-19-sobe-para-7-910-mortes-chegam-a-299","status":"publish","type":"post","link":"https:\/\/noticiasemdestaque.com\/cd\/?p=24006","title":{"rendered":"N\u00famero de casos de covid-19 sobe para 7.910; mortes chegam a 299"},"content":{"rendered":"<figure id=\"attachment_24007\" aria-describedby=\"caption-attachment-24007\" style=\"width: 539px\" class=\"wp-caption aligncenter\"><a href=\"https:\/\/noticiasemdestaque.com\/cd\/wp-content\/uploads\/2020\/04\/descontaminacao_hran_3103201228_0.jpg\"><img fetchpriority=\"high\" decoding=\"async\" class=\" wp-image-24007\" src=\"https:\/\/noticiasemdestaque.com\/cd\/wp-content\/uploads\/2020\/04\/descontaminacao_hran_3103201228_0-1024x613.jpg\" alt=\"\" width=\"539\" height=\"323\" srcset=\"https:\/\/noticiasemdestaque.com\/cd\/wp-content\/uploads\/2020\/04\/descontaminacao_hran_3103201228_0-1024x613.jpg 1024w, https:\/\/noticiasemdestaque.com\/cd\/wp-content\/uploads\/2020\/04\/descontaminacao_hran_3103201228_0-300x179.jpg 300w, https:\/\/noticiasemdestaque.com\/cd\/wp-content\/uploads\/2020\/04\/descontaminacao_hran_3103201228_0-768x459.jpg 768w, https:\/\/noticiasemdestaque.com\/cd\/wp-content\/uploads\/2020\/04\/descontaminacao_hran_3103201228_0.jpg 1170w\" sizes=\"(max-width: 539px) 100vw, 539px\" \/><\/a><figcaption id=\"caption-attachment-24007\" class=\"wp-caption-text\">For\u00e7as Armadas promovem a\u00e7\u00e3o de desinfec\u00e7\u00e3o no Hospital Regional da Asa Norte (HRAN), uma das medidas adotadas para prevenir a contamina\u00e7\u00e3o pelo novo coronav\u00edrus<\/figcaption><\/figure>\n<p>O n\u00famero de casos confirmados de infec\u00e7\u00e3o pelo novo coronav\u00edrus no pa\u00eds subiu de 6.836 para 7.910 de ontem (1\u00ba) para hoje (2), conforme atualiza\u00e7\u00e3o do Minist\u00e9rio da Sa\u00fade. O n\u00famero de mortes passou de 240 para 299. O \u00edndice de letalidade subiu de 3,5% para 3,8%.<\/p>\n<p>As mortes ocorreram em S\u00e3o Paulo (188), Rio de Janeiro (41), Cear\u00e1 (20), Pernambuco (nove), Piau\u00ed (quatro), Rio Grande do Sul (cinco), Paran\u00e1 (quatro), Amazonas (tr\u00eas), Distrito Federal (quatro), Minas Gerais (quatro), Bahia (tr\u00eas), Santa Catarina (dois), Rio Grande do Norte (dois), Sergipe (dois), Alagoas (um), Maranh\u00e3o (um), Mato Grosso do Sul (um), Par\u00e1 (um), Esp\u00edrito Santo (um), Goi\u00e1s (um), Para\u00edba (um) e Rond\u00f4nia (um).<\/p>\n<p>Na entrevista coletiva, o ministro da Sa\u00fade, Luiz Henrique Mandetta, avaliou que a forma da propaga\u00e7\u00e3o dos casos indica um acerto nas medidas de distanciamento social e quarentena dos governos estaduais.<\/p>\n<p>\u201cA gente est\u00e1 conseguindo ficar com curva menos \u00edngreme. Est\u00e1 valendo a pena manter din\u00e2mica de isolamento. Estamos ajudando para ter uma condi\u00e7\u00e3o para atravessar per\u00edodo dif\u00edcil\u201d, comentou.<\/p>\n<p>Sobre os impactos na economia, ele acrescentou que o governo vem promovendo iniciativas que criam um \u201ccolch\u00e3o de prote\u00e7\u00e3o\u201d e que a abertura das atividades ter\u00e1 que ser vista a partir da an\u00e1lise do desenvolvimento da pandemia no pa\u00eds.<\/p>\n<p>\u201cA gente consegue ir compatibilizando: estados em que podemos andar mais, e [lugares] onde vamos ter que segurar mais. Vamos ter que ir regulando. Se na Sa\u00fade a gente achar que est\u00e1 passando muito, vamos ter que segurar. Vamos fazer todo o poss\u00edvel para dar equil\u00edbrio entre sa\u00fade e economia\u201d, observou.<\/p>\n<p><em><strong>Not\u00edcias em Destaque<\/strong><\/em><\/p>\n<p>Com EBC<\/p>\n","protected":false},"excerpt":{"rendered":"<p>O n\u00famero de casos confirmados de infec\u00e7\u00e3o pelo novo coronav\u00edrus no pa\u00eds subiu de 6.836 para 7.910 de ontem (1\u00ba) para hoje (2), conforme atualiza\u00e7\u00e3o do Minist\u00e9rio da Sa\u00fade. O n\u00famero de mortes passou de 240 para 299. O \u00edndice de letalidade subiu de 3,5% para 3,8%. As mortes ocorreram em S\u00e3o Paulo (188), Rio de Janeiro (41), Cear\u00e1 (20), Pernambuco (nove), Piau\u00ed (quatro), Rio Grande do Sul (cinco), Paran\u00e1 (quatro), Amazonas (tr\u00eas), Distrito Federal (quatro), Minas Gerais (quatro), Bahia (tr\u00eas), Santa Catarina (dois), Rio Grande do Norte (dois), Sergipe (dois), Alagoas (um), Maranh\u00e3o (um), Mato Grosso do Sul (um), Par\u00e1 (um), Esp\u00edrito Santo (um), Goi\u00e1s (um), Para\u00edba (um) e Rond\u00f4nia (um). Na entrevista coletiva, o ministro da Sa\u00fade, Luiz Henrique Mandetta, avaliou que a forma da propaga\u00e7\u00e3o dos casos indica um acerto nas medidas de distanciamento social e quarentena dos governos estaduais. \u201cA gente est\u00e1 conseguindo ficar com curva menos \u00edngreme. Est\u00e1 valendo a pena manter din\u00e2mica de isolamento. Estamos ajudando para ter uma condi\u00e7\u00e3o para atravessar per\u00edodo dif\u00edcil\u201d, comentou. Sobre os impactos na economia, ele acrescentou que o governo vem promovendo iniciativas que criam um \u201ccolch\u00e3o de prote\u00e7\u00e3o\u201d e que a abertura das atividades ter\u00e1 que ser vista a partir da an\u00e1lise do desenvolvimento da pandemia no pa\u00eds. \u201cA gente consegue ir compatibilizando: estados em que podemos andar mais, e [lugares] onde vamos ter que segurar mais. Vamos ter que ir regulando. Se na Sa\u00fade a gente achar que est\u00e1 passando muito, vamos ter que segurar. Vamos fazer todo o poss\u00edvel para dar equil\u00edbrio entre sa\u00fade e economia\u201d, observou. Not\u00edcias em Destaque Com EBC<\/p>\n","protected":false},"author":2,"featured_media":24007,"comment_status":"closed","ping_status":"open","sticky":false,"template":"","format":"standard","meta":{"_eb_attr":"","_jetpack_memberships_contains_paid_content":false,"footnotes":""},"categories":[8],"tags":[],"class_list":["post-24006","post","type-post","status-publish","format-standard","has-post-thumbnail","hentry","category-saude"],"yoast_head":"<!-- This site is optimized with the Yoast SEO plugin v26.5 - https:\/\/yoast.com\/wordpress\/plugins\/seo\/ -->\n<title>N\u00famero de casos de covid-19 sobe para 7.910; mortes chegam a 299 - Not&iacute;cias em Destaque<\/title>\n<meta name=\"robots\" content=\"index, follow, max-snippet:-1, max-image-preview:large, max-video-preview:-1\" \/>\n<link rel=\"canonical\" href=\"https:\/\/noticiasemdestaque.com\/cd\/?p=24006\" \/>\n<meta property=\"og:locale\" content=\"pt_BR\" \/>\n<meta property=\"og:type\" content=\"article\" \/>\n<meta property=\"og:title\" content=\"N\u00famero de casos de covid-19 sobe para 7.910; mortes chegam a 299 - Not&iacute;cias em Destaque\" \/>\n<meta property=\"og:description\" content=\"O n\u00famero de casos confirmados de infec\u00e7\u00e3o pelo novo coronav\u00edrus no pa\u00eds subiu de 6.836 para 7.910 de ontem (1\u00ba) para hoje (2), conforme atualiza\u00e7\u00e3o do Minist\u00e9rio da Sa\u00fade. O n\u00famero de mortes passou de 240 para 299. O \u00edndice de letalidade subiu de 3,5% para 3,8%. As mortes ocorreram em S\u00e3o Paulo (188), Rio de Janeiro (41), Cear\u00e1 (20), Pernambuco (nove), Piau\u00ed (quatro), Rio Grande do Sul (cinco), Paran\u00e1 (quatro), Amazonas (tr\u00eas), Distrito Federal (quatro), Minas Gerais (quatro), Bahia (tr\u00eas), Santa Catarina (dois), Rio Grande do Norte (dois), Sergipe (dois), Alagoas (um), Maranh\u00e3o (um), Mato Grosso do Sul (um), Par\u00e1 (um), Esp\u00edrito Santo (um), Goi\u00e1s (um), Para\u00edba (um) e Rond\u00f4nia (um). Na entrevista coletiva, o ministro da Sa\u00fade, Luiz Henrique Mandetta, avaliou que a forma da propaga\u00e7\u00e3o dos casos indica um acerto nas medidas de distanciamento social e quarentena dos governos estaduais. \u201cA gente est\u00e1 conseguindo ficar com curva menos \u00edngreme. Est\u00e1 valendo a pena manter din\u00e2mica de isolamento. Estamos ajudando para ter uma condi\u00e7\u00e3o para atravessar per\u00edodo dif\u00edcil\u201d, comentou. Sobre os impactos na economia, ele acrescentou que o governo vem promovendo iniciativas que criam um \u201ccolch\u00e3o de prote\u00e7\u00e3o\u201d e que a abertura das atividades ter\u00e1 que ser vista a partir da an\u00e1lise do desenvolvimento da pandemia no pa\u00eds. \u201cA gente consegue ir compatibilizando: estados em que podemos andar mais, e [lugares] onde vamos ter que segurar mais. Vamos ter que ir regulando. Se na Sa\u00fade a gente achar que est\u00e1 passando muito, vamos ter que segurar. Vamos fazer todo o poss\u00edvel para dar equil\u00edbrio entre sa\u00fade e economia\u201d, observou. Not\u00edcias em Destaque Com EBC\" \/>\n<meta property=\"og:url\" content=\"https:\/\/noticiasemdestaque.com\/cd\/?p=24006\" \/>\n<meta property=\"og:site_name\" content=\"Not&iacute;cias em Destaque\" \/>\n<meta property=\"article:published_time\" content=\"2020-04-02T22:53:27+00:00\" \/>\n<meta property=\"og:image\" content=\"https:\/\/noticiasemdestaque.com\/cd\/wp-content\/uploads\/2020\/04\/descontaminacao_hran_3103201228_0.jpg\" \/>\n\t<meta property=\"og:image:width\" content=\"1170\" \/>\n\t<meta property=\"og:image:height\" content=\"700\" \/>\n\t<meta property=\"og:image:type\" content=\"image\/jpeg\" \/>\n<meta name=\"author\" content=\"Not\u00edcias em Destaque\" \/>\n<meta name=\"twitter:card\" content=\"summary_large_image\" \/>\n<meta name=\"twitter:label1\" content=\"Escrito por\" \/>\n\t<meta name=\"twitter:data1\" content=\"Not\u00edcias em Destaque\" \/>\n\t<meta name=\"twitter:label2\" content=\"Est. tempo de leitura\" \/>\n\t<meta name=\"twitter:data2\" content=\"2 minutos\" \/>\n<script type=\"application\/ld+json\" class=\"yoast-schema-graph\">{\"@context\":\"https:\/\/schema.org\",\"@graph\":[{\"@type\":\"Article\",\"@id\":\"https:\/\/noticiasemdestaque.com\/cd\/?p=24006#article\",\"isPartOf\":{\"@id\":\"https:\/\/noticiasemdestaque.com\/cd\/?p=24006\"},\"author\":{\"name\":\"Not\u00edcias em Destaque\",\"@id\":\"https:\/\/noticiasemdestaque.com\/cd\/#\/schema\/person\/21320b03a7e8bb90128938dafc9b908a\"},\"headline\":\"N\u00famero de casos de covid-19 sobe para 7.910; mortes chegam a 299\",\"datePublished\":\"2020-04-02T22:53:27+00:00\",\"mainEntityOfPage\":{\"@id\":\"https:\/\/noticiasemdestaque.com\/cd\/?p=24006\"},\"wordCount\":333,\"publisher\":{\"@id\":\"https:\/\/noticiasemdestaque.com\/cd\/#organization\"},\"image\":{\"@id\":\"https:\/\/noticiasemdestaque.com\/cd\/?p=24006#primaryimage\"},\"thumbnailUrl\":\"https:\/\/noticiasemdestaque.com\/cd\/wp-content\/uploads\/2020\/04\/descontaminacao_hran_3103201228_0.jpg\",\"articleSection\":[\"Sa\u00fade\"],\"inLanguage\":\"pt-BR\"},{\"@type\":\"WebPage\",\"@id\":\"https:\/\/noticiasemdestaque.com\/cd\/?p=24006\",\"url\":\"https:\/\/noticiasemdestaque.com\/cd\/?p=24006\",\"name\":\"N\u00famero de casos de covid-19 sobe para 7.910; mortes chegam a 299 - Not&iacute;cias em Destaque\",\"isPartOf\":{\"@id\":\"https:\/\/noticiasemdestaque.com\/cd\/#website\"},\"primaryImageOfPage\":{\"@id\":\"https:\/\/noticiasemdestaque.com\/cd\/?p=24006#primaryimage\"},\"image\":{\"@id\":\"https:\/\/noticiasemdestaque.com\/cd\/?p=24006#primaryimage\"},\"thumbnailUrl\":\"https:\/\/noticiasemdestaque.com\/cd\/wp-content\/uploads\/2020\/04\/descontaminacao_hran_3103201228_0.jpg\",\"datePublished\":\"2020-04-02T22:53:27+00:00\",\"breadcrumb\":{\"@id\":\"https:\/\/noticiasemdestaque.com\/cd\/?p=24006#breadcrumb\"},\"inLanguage\":\"pt-BR\",\"potentialAction\":[{\"@type\":\"ReadAction\",\"target\":[\"https:\/\/noticiasemdestaque.com\/cd\/?p=24006\"]}]},{\"@type\":\"ImageObject\",\"inLanguage\":\"pt-BR\",\"@id\":\"https:\/\/noticiasemdestaque.com\/cd\/?p=24006#primaryimage\",\"url\":\"https:\/\/noticiasemdestaque.com\/cd\/wp-content\/uploads\/2020\/04\/descontaminacao_hran_3103201228_0.jpg\",\"contentUrl\":\"https:\/\/noticiasemdestaque.com\/cd\/wp-content\/uploads\/2020\/04\/descontaminacao_hran_3103201228_0.jpg\",\"width\":1170,\"height\":700,\"caption\":\"For\u00e7as Armadas promovem a\u00e7\u00e3o de desinfec\u00e7\u00e3o no Hospital Regional da Asa Norte (HRAN), uma das medidas adotadas para prevenir a contamina\u00e7\u00e3o pelo novo coronav\u00edrus\"},{\"@type\":\"BreadcrumbList\",\"@id\":\"https:\/\/noticiasemdestaque.com\/cd\/?p=24006#breadcrumb\",\"itemListElement\":[{\"@type\":\"ListItem\",\"position\":1,\"name\":\"In\u00edcio\",\"item\":\"https:\/\/noticiasemdestaque.com\/cd\/\"},{\"@type\":\"ListItem\",\"position\":2,\"name\":\"N\u00famero de casos de covid-19 sobe para 7.910; mortes chegam a 299\"}]},{\"@type\":\"WebSite\",\"@id\":\"https:\/\/noticiasemdestaque.com\/cd\/#website\",\"url\":\"https:\/\/noticiasemdestaque.com\/cd\/\",\"name\":\"Not&iacute;cias em Destaque\",\"description\":\"\",\"publisher\":{\"@id\":\"https:\/\/noticiasemdestaque.com\/cd\/#organization\"},\"potentialAction\":[{\"@type\":\"SearchAction\",\"target\":{\"@type\":\"EntryPoint\",\"urlTemplate\":\"https:\/\/noticiasemdestaque.com\/cd\/?s={search_term_string}\"},\"query-input\":{\"@type\":\"PropertyValueSpecification\",\"valueRequired\":true,\"valueName\":\"search_term_string\"}}],\"inLanguage\":\"pt-BR\"},{\"@type\":\"Organization\",\"@id\":\"https:\/\/noticiasemdestaque.com\/cd\/#organization\",\"name\":\"Not\u00edcias em Destaque\",\"url\":\"https:\/\/noticiasemdestaque.com\/cd\/\",\"logo\":{\"@type\":\"ImageObject\",\"inLanguage\":\"pt-BR\",\"@id\":\"https:\/\/noticiasemdestaque.com\/cd\/#\/schema\/logo\/image\/\",\"url\":\"https:\/\/noticiasemdestaque.com\/cd\/wp-content\/uploads\/2022\/05\/imagem-base-noticiasemdestaque.png\",\"contentUrl\":\"https:\/\/noticiasemdestaque.com\/cd\/wp-content\/uploads\/2022\/05\/imagem-base-noticiasemdestaque.png\",\"width\":1200,\"height\":630,\"caption\":\"Not\u00edcias em Destaque\"},\"image\":{\"@id\":\"https:\/\/noticiasemdestaque.com\/cd\/#\/schema\/logo\/image\/\"}},{\"@type\":\"Person\",\"@id\":\"https:\/\/noticiasemdestaque.com\/cd\/#\/schema\/person\/21320b03a7e8bb90128938dafc9b908a\",\"name\":\"Not\u00edcias em Destaque\",\"url\":\"https:\/\/noticiasemdestaque.com\/cd\/?author=2\"}]}<\/script>\n<!-- \/ Yoast SEO plugin. -->","yoast_head_json":{"title":"N\u00famero de casos de covid-19 sobe para 7.910; mortes chegam a 299 - Not&iacute;cias em Destaque","robots":{"index":"index","follow":"follow","max-snippet":"max-snippet:-1","max-image-preview":"max-image-preview:large","max-video-preview":"max-video-preview:-1"},"canonical":"https:\/\/noticiasemdestaque.com\/cd\/?p=24006","og_locale":"pt_BR","og_type":"article","og_title":"N\u00famero de casos de covid-19 sobe para 7.910; mortes chegam a 299 - Not&iacute;cias em Destaque","og_description":"O n\u00famero de casos confirmados de infec\u00e7\u00e3o pelo novo coronav\u00edrus no pa\u00eds subiu de 6.836 para 7.910 de ontem (1\u00ba) para hoje (2), conforme atualiza\u00e7\u00e3o do Minist\u00e9rio da Sa\u00fade. O n\u00famero de mortes passou de 240 para 299. O \u00edndice de letalidade subiu de 3,5% para 3,8%. As mortes ocorreram em S\u00e3o Paulo (188), Rio de Janeiro (41), Cear\u00e1 (20), Pernambuco (nove), Piau\u00ed (quatro), Rio Grande do Sul (cinco), Paran\u00e1 (quatro), Amazonas (tr\u00eas), Distrito Federal (quatro), Minas Gerais (quatro), Bahia (tr\u00eas), Santa Catarina (dois), Rio Grande do Norte (dois), Sergipe (dois), Alagoas (um), Maranh\u00e3o (um), Mato Grosso do Sul (um), Par\u00e1 (um), Esp\u00edrito Santo (um), Goi\u00e1s (um), Para\u00edba (um) e Rond\u00f4nia (um). Na entrevista coletiva, o ministro da Sa\u00fade, Luiz Henrique Mandetta, avaliou que a forma da propaga\u00e7\u00e3o dos casos indica um acerto nas medidas de distanciamento social e quarentena dos governos estaduais. \u201cA gente est\u00e1 conseguindo ficar com curva menos \u00edngreme. Est\u00e1 valendo a pena manter din\u00e2mica de isolamento. Estamos ajudando para ter uma condi\u00e7\u00e3o para atravessar per\u00edodo dif\u00edcil\u201d, comentou. Sobre os impactos na economia, ele acrescentou que o governo vem promovendo iniciativas que criam um \u201ccolch\u00e3o de prote\u00e7\u00e3o\u201d e que a abertura das atividades ter\u00e1 que ser vista a partir da an\u00e1lise do desenvolvimento da pandemia no pa\u00eds. \u201cA gente consegue ir compatibilizando: estados em que podemos andar mais, e [lugares] onde vamos ter que segurar mais. Vamos ter que ir regulando. Se na Sa\u00fade a gente achar que est\u00e1 passando muito, vamos ter que segurar. Vamos fazer todo o poss\u00edvel para dar equil\u00edbrio entre sa\u00fade e economia\u201d, observou. Not\u00edcias em Destaque Com EBC","og_url":"https:\/\/noticiasemdestaque.com\/cd\/?p=24006","og_site_name":"Not&iacute;cias em Destaque","article_published_time":"2020-04-02T22:53:27+00:00","og_image":[{"width":1170,"height":700,"url":"https:\/\/noticiasemdestaque.com\/cd\/wp-content\/uploads\/2020\/04\/descontaminacao_hran_3103201228_0.jpg","type":"image\/jpeg"}],"author":"Not\u00edcias em Destaque","twitter_card":"summary_large_image","twitter_misc":{"Escrito por":"Not\u00edcias em Destaque","Est. tempo de leitura":"2 minutos"},"schema":{"@context":"https:\/\/schema.org","@graph":[{"@type":"Article","@id":"https:\/\/noticiasemdestaque.com\/cd\/?p=24006#article","isPartOf":{"@id":"https:\/\/noticiasemdestaque.com\/cd\/?p=24006"},"author":{"name":"Not\u00edcias em Destaque","@id":"https:\/\/noticiasemdestaque.com\/cd\/#\/schema\/person\/21320b03a7e8bb90128938dafc9b908a"},"headline":"N\u00famero de casos de covid-19 sobe para 7.910; mortes chegam a 299","datePublished":"2020-04-02T22:53:27+00:00","mainEntityOfPage":{"@id":"https:\/\/noticiasemdestaque.com\/cd\/?p=24006"},"wordCount":333,"publisher":{"@id":"https:\/\/noticiasemdestaque.com\/cd\/#organization"},"image":{"@id":"https:\/\/noticiasemdestaque.com\/cd\/?p=24006#primaryimage"},"thumbnailUrl":"https:\/\/noticiasemdestaque.com\/cd\/wp-content\/uploads\/2020\/04\/descontaminacao_hran_3103201228_0.jpg","articleSection":["Sa\u00fade"],"inLanguage":"pt-BR"},{"@type":"WebPage","@id":"https:\/\/noticiasemdestaque.com\/cd\/?p=24006","url":"https:\/\/noticiasemdestaque.com\/cd\/?p=24006","name":"N\u00famero de casos de covid-19 sobe para 7.910; mortes chegam a 299 - Not&iacute;cias em Destaque","isPartOf":{"@id":"https:\/\/noticiasemdestaque.com\/cd\/#website"},"primaryImageOfPage":{"@id":"https:\/\/noticiasemdestaque.com\/cd\/?p=24006#primaryimage"},"image":{"@id":"https:\/\/noticiasemdestaque.com\/cd\/?p=24006#primaryimage"},"thumbnailUrl":"https:\/\/noticiasemdestaque.com\/cd\/wp-content\/uploads\/2020\/04\/descontaminacao_hran_3103201228_0.jpg","datePublished":"2020-04-02T22:53:27+00:00","breadcrumb":{"@id":"https:\/\/noticiasemdestaque.com\/cd\/?p=24006#breadcrumb"},"inLanguage":"pt-BR","potentialAction":[{"@type":"ReadAction","target":["https:\/\/noticiasemdestaque.com\/cd\/?p=24006"]}]},{"@type":"ImageObject","inLanguage":"pt-BR","@id":"https:\/\/noticiasemdestaque.com\/cd\/?p=24006#primaryimage","url":"https:\/\/noticiasemdestaque.com\/cd\/wp-content\/uploads\/2020\/04\/descontaminacao_hran_3103201228_0.jpg","contentUrl":"https:\/\/noticiasemdestaque.com\/cd\/wp-content\/uploads\/2020\/04\/descontaminacao_hran_3103201228_0.jpg","width":1170,"height":700,"caption":"For\u00e7as Armadas promovem a\u00e7\u00e3o de desinfec\u00e7\u00e3o no Hospital Regional da Asa Norte (HRAN), uma das medidas adotadas para prevenir a contamina\u00e7\u00e3o pelo novo coronav\u00edrus"},{"@type":"BreadcrumbList","@id":"https:\/\/noticiasemdestaque.com\/cd\/?p=24006#breadcrumb","itemListElement":[{"@type":"ListItem","position":1,"name":"In\u00edcio","item":"https:\/\/noticiasemdestaque.com\/cd\/"},{"@type":"ListItem","position":2,"name":"N\u00famero de casos de covid-19 sobe para 7.910; mortes chegam a 299"}]},{"@type":"WebSite","@id":"https:\/\/noticiasemdestaque.com\/cd\/#website","url":"https:\/\/noticiasemdestaque.com\/cd\/","name":"Not&iacute;cias em Destaque","description":"","publisher":{"@id":"https:\/\/noticiasemdestaque.com\/cd\/#organization"},"potentialAction":[{"@type":"SearchAction","target":{"@type":"EntryPoint","urlTemplate":"https:\/\/noticiasemdestaque.com\/cd\/?s={search_term_string}"},"query-input":{"@type":"PropertyValueSpecification","valueRequired":true,"valueName":"search_term_string"}}],"inLanguage":"pt-BR"},{"@type":"Organization","@id":"https:\/\/noticiasemdestaque.com\/cd\/#organization","name":"Not\u00edcias em Destaque","url":"https:\/\/noticiasemdestaque.com\/cd\/","logo":{"@type":"ImageObject","inLanguage":"pt-BR","@id":"https:\/\/noticiasemdestaque.com\/cd\/#\/schema\/logo\/image\/","url":"https:\/\/noticiasemdestaque.com\/cd\/wp-content\/uploads\/2022\/05\/imagem-base-noticiasemdestaque.png","contentUrl":"https:\/\/noticiasemdestaque.com\/cd\/wp-content\/uploads\/2022\/05\/imagem-base-noticiasemdestaque.png","width":1200,"height":630,"caption":"Not\u00edcias em Destaque"},"image":{"@id":"https:\/\/noticiasemdestaque.com\/cd\/#\/schema\/logo\/image\/"}},{"@type":"Person","@id":"https:\/\/noticiasemdestaque.com\/cd\/#\/schema\/person\/21320b03a7e8bb90128938dafc9b908a","name":"Not\u00edcias em Destaque","url":"https:\/\/noticiasemdestaque.com\/cd\/?author=2"}]}},"jetpack_featured_media_url":"https:\/\/noticiasemdestaque.com\/cd\/wp-content\/uploads\/2020\/04\/descontaminacao_hran_3103201228_0.jpg","jetpack_sharing_enabled":true,"_links":{"self":[{"href":"https:\/\/noticiasemdestaque.com\/cd\/index.php?rest_route=\/wp\/v2\/posts\/24006","targetHints":{"allow":["GET"]}}],"collection":[{"href":"https:\/\/noticiasemdestaque.com\/cd\/index.php?rest_route=\/wp\/v2\/posts"}],"about":[{"href":"https:\/\/noticiasemdestaque.com\/cd\/index.php?rest_route=\/wp\/v2\/types\/post"}],"author":[{"embeddable":true,"href":"https:\/\/noticiasemdestaque.com\/cd\/index.php?rest_route=\/wp\/v2\/users\/2"}],"replies":[{"embeddable":true,"href":"https:\/\/noticiasemdestaque.com\/cd\/index.php?rest_route=%2Fwp%2Fv2%2Fcomments&post=24006"}],"version-history":[{"count":1,"href":"https:\/\/noticiasemdestaque.com\/cd\/index.php?rest_route=\/wp\/v2\/posts\/24006\/revisions"}],"predecessor-version":[{"id":24008,"href":"https:\/\/noticiasemdestaque.com\/cd\/index.php?rest_route=\/wp\/v2\/posts\/24006\/revisions\/24008"}],"wp:featuredmedia":[{"embeddable":true,"href":"https:\/\/noticiasemdestaque.com\/cd\/index.php?rest_route=\/wp\/v2\/media\/24007"}],"wp:attachment":[{"href":"https:\/\/noticiasemdestaque.com\/cd\/index.php?rest_route=%2Fwp%2Fv2%2Fmedia&parent=24006"}],"wp:term":[{"taxonomy":"category","embeddable":true,"href":"https:\/\/noticiasemdestaque.com\/cd\/index.php?rest_route=%2Fwp%2Fv2%2Fcategories&post=24006"},{"taxonomy":"post_tag","embeddable":true,"href":"https:\/\/noticiasemdestaque.com\/cd\/index.php?rest_route=%2Fwp%2Fv2%2Ftags&post=24006"}],"curies":[{"name":"wp","href":"https:\/\/api.w.org\/{rel}","templated":true}]}}