{"id":23865,"date":"2020-03-26T13:52:16","date_gmt":"2020-03-26T16:52:16","guid":{"rendered":"http:\/\/noticiasemdestaque.com\/cd\/?p=23865"},"modified":"2020-03-26T13:52:16","modified_gmt":"2020-03-26T16:52:16","slug":"crianca-tem-morte-investigada-por-suspeita-de-covid-19-na-pb","status":"publish","type":"post","link":"https:\/\/noticiasemdestaque.com\/cd\/?p=23865","title":{"rendered":"Crian\u00e7a tem morte investigada por suspeita de covid-19, na PB"},"content":{"rendered":"<p class=\"content-text__container  tm_nativeauto aBigClassNameToAvoidCollisionInText\" data-track-category=\"Link no Texto\" data-track-links=\"\"><a href=\"https:\/\/noticiasemdestaque.com\/cd\/wp-content\/uploads\/2020\/03\/hospital-conceicao.jpg\"><img fetchpriority=\"high\" decoding=\"async\" class=\"wp-image-23866 aligncenter\" src=\"https:\/\/noticiasemdestaque.com\/cd\/wp-content\/uploads\/2020\/03\/hospital-conceicao.jpg\" alt=\"\" width=\"629\" height=\"472\" srcset=\"https:\/\/noticiasemdestaque.com\/cd\/wp-content\/uploads\/2020\/03\/hospital-conceicao.jpg 800w, https:\/\/noticiasemdestaque.com\/cd\/wp-content\/uploads\/2020\/03\/hospital-conceicao-300x225.jpg 300w, https:\/\/noticiasemdestaque.com\/cd\/wp-content\/uploads\/2020\/03\/hospital-conceicao-768x576.jpg 768w, https:\/\/noticiasemdestaque.com\/cd\/wp-content\/uploads\/2020\/03\/hospital-conceicao-640x480.jpg 640w\" sizes=\"(max-width: 629px) 100vw, 629px\" \/><\/a><\/p>\n<p class=\"content-text__container  tm_nativeauto aBigClassNameToAvoidCollisionInText\" data-track-category=\"Link no Texto\" data-track-links=\"\">Nesta quinta-feira (25), a morte de uma crian\u00e7a de dez anos, no Hospital e Maternidade Ca\u00e7ula Leite de Concei\u00e7\u00e3o, interior da Para\u00edba est\u00e1 sendo investigada como suspeita de coronav\u00edrus, segundo a Secretaria de Estado da Sa\u00fade (SES).<\/p>\n<p class=\"content-text__container \" data-track-category=\"Link no Texto\" data-track-links=\"\">A crian\u00e7a deu entrada na unidade de sa\u00fade com uma desidrata\u00e7\u00e3o extrema e poucas horas depois de chegar ao hospital, seu quadro cl\u00ednico evoluiu para uma parada cardiorrespirat\u00f3ria.<\/p>\n<p data-track-category=\"Link no Texto\" data-track-links=\"\">Uma amostra de material da crian\u00e7a foi encaminhada ao Lacen-PB, em Jo\u00e3o Pessoa, que ir\u00e1 confirmar, ou n\u00e3o, o coronav\u00edrus.<\/p>\n<p data-track-category=\"Link no Texto\" data-track-links=\"\">Fonte: PB Agora<\/p>\n","protected":false},"excerpt":{"rendered":"<p>Nesta quinta-feira (25), a morte de uma crian\u00e7a de dez anos, no Hospital e Maternidade Ca\u00e7ula Leite de Concei\u00e7\u00e3o, interior da Para\u00edba est\u00e1 sendo investigada como suspeita de coronav\u00edrus, segundo a Secretaria de Estado da Sa\u00fade (SES). A crian\u00e7a deu entrada na unidade de sa\u00fade com uma desidrata\u00e7\u00e3o extrema e poucas horas depois de chegar ao hospital, seu quadro cl\u00ednico evoluiu para uma parada cardiorrespirat\u00f3ria. Uma amostra de material da crian\u00e7a foi encaminhada ao Lacen-PB, em Jo\u00e3o Pessoa, que ir\u00e1 confirmar, ou n\u00e3o, o coronav\u00edrus. Fonte: PB Agora<\/p>\n","protected":false},"author":2,"featured_media":23866,"comment_status":"closed","ping_status":"open","sticky":false,"template":"","format":"standard","meta":{"_eb_attr":"","_jetpack_memberships_contains_paid_content":false,"footnotes":""},"categories":[8],"tags":[],"class_list":["post-23865","post","type-post","status-publish","format-standard","has-post-thumbnail","hentry","category-saude"],"yoast_head":"<!-- This site is optimized with the Yoast SEO plugin v26.5 - https:\/\/yoast.com\/wordpress\/plugins\/seo\/ -->\n<title>Crian\u00e7a tem morte investigada por suspeita de covid-19, na PB - Not&iacute;cias em Destaque<\/title>\n<meta name=\"robots\" content=\"index, follow, max-snippet:-1, max-image-preview:large, max-video-preview:-1\" \/>\n<link rel=\"canonical\" href=\"https:\/\/noticiasemdestaque.com\/cd\/?p=23865\" \/>\n<meta property=\"og:locale\" content=\"pt_BR\" \/>\n<meta property=\"og:type\" content=\"article\" \/>\n<meta property=\"og:title\" content=\"Crian\u00e7a tem morte investigada por suspeita de covid-19, na PB - Not&iacute;cias em Destaque\" \/>\n<meta property=\"og:description\" content=\"Nesta quinta-feira (25), a morte de uma crian\u00e7a de dez anos, no Hospital e Maternidade Ca\u00e7ula Leite de Concei\u00e7\u00e3o, interior da Para\u00edba est\u00e1 sendo investigada como suspeita de coronav\u00edrus, segundo a Secretaria de Estado da Sa\u00fade (SES). A crian\u00e7a deu entrada na unidade de sa\u00fade com uma desidrata\u00e7\u00e3o extrema e poucas horas depois de chegar ao hospital, seu quadro cl\u00ednico evoluiu para uma parada cardiorrespirat\u00f3ria. Uma amostra de material da crian\u00e7a foi encaminhada ao Lacen-PB, em Jo\u00e3o Pessoa, que ir\u00e1 confirmar, ou n\u00e3o, o coronav\u00edrus. Fonte: PB Agora\" \/>\n<meta property=\"og:url\" content=\"https:\/\/noticiasemdestaque.com\/cd\/?p=23865\" \/>\n<meta property=\"og:site_name\" content=\"Not&iacute;cias em Destaque\" \/>\n<meta property=\"article:published_time\" content=\"2020-03-26T16:52:16+00:00\" \/>\n<meta property=\"og:image\" content=\"https:\/\/noticiasemdestaque.com\/cd\/wp-content\/uploads\/2020\/03\/hospital-conceicao.jpg\" \/>\n\t<meta property=\"og:image:width\" content=\"800\" \/>\n\t<meta property=\"og:image:height\" content=\"600\" \/>\n\t<meta property=\"og:image:type\" content=\"image\/jpeg\" \/>\n<meta name=\"author\" content=\"Not\u00edcias em Destaque\" \/>\n<meta name=\"twitter:card\" content=\"summary_large_image\" \/>\n<meta name=\"twitter:label1\" content=\"Escrito por\" \/>\n\t<meta name=\"twitter:data1\" content=\"Not\u00edcias em Destaque\" \/>\n\t<meta name=\"twitter:label2\" content=\"Est. tempo de leitura\" \/>\n\t<meta name=\"twitter:data2\" content=\"1 minuto\" \/>\n<script type=\"application\/ld+json\" class=\"yoast-schema-graph\">{\"@context\":\"https:\/\/schema.org\",\"@graph\":[{\"@type\":\"Article\",\"@id\":\"https:\/\/noticiasemdestaque.com\/cd\/?p=23865#article\",\"isPartOf\":{\"@id\":\"https:\/\/noticiasemdestaque.com\/cd\/?p=23865\"},\"author\":{\"name\":\"Not\u00edcias em Destaque\",\"@id\":\"https:\/\/noticiasemdestaque.com\/cd\/#\/schema\/person\/21320b03a7e8bb90128938dafc9b908a\"},\"headline\":\"Crian\u00e7a tem morte investigada por suspeita de covid-19, na PB\",\"datePublished\":\"2020-03-26T16:52:16+00:00\",\"mainEntityOfPage\":{\"@id\":\"https:\/\/noticiasemdestaque.com\/cd\/?p=23865\"},\"wordCount\":113,\"publisher\":{\"@id\":\"https:\/\/noticiasemdestaque.com\/cd\/#organization\"},\"image\":{\"@id\":\"https:\/\/noticiasemdestaque.com\/cd\/?p=23865#primaryimage\"},\"thumbnailUrl\":\"https:\/\/noticiasemdestaque.com\/cd\/wp-content\/uploads\/2020\/03\/hospital-conceicao.jpg\",\"articleSection\":[\"Sa\u00fade\"],\"inLanguage\":\"pt-BR\"},{\"@type\":\"WebPage\",\"@id\":\"https:\/\/noticiasemdestaque.com\/cd\/?p=23865\",\"url\":\"https:\/\/noticiasemdestaque.com\/cd\/?p=23865\",\"name\":\"Crian\u00e7a tem morte investigada por suspeita de covid-19, na PB - Not&iacute;cias em Destaque\",\"isPartOf\":{\"@id\":\"https:\/\/noticiasemdestaque.com\/cd\/#website\"},\"primaryImageOfPage\":{\"@id\":\"https:\/\/noticiasemdestaque.com\/cd\/?p=23865#primaryimage\"},\"image\":{\"@id\":\"https:\/\/noticiasemdestaque.com\/cd\/?p=23865#primaryimage\"},\"thumbnailUrl\":\"https:\/\/noticiasemdestaque.com\/cd\/wp-content\/uploads\/2020\/03\/hospital-conceicao.jpg\",\"datePublished\":\"2020-03-26T16:52:16+00:00\",\"breadcrumb\":{\"@id\":\"https:\/\/noticiasemdestaque.com\/cd\/?p=23865#breadcrumb\"},\"inLanguage\":\"pt-BR\",\"potentialAction\":[{\"@type\":\"ReadAction\",\"target\":[\"https:\/\/noticiasemdestaque.com\/cd\/?p=23865\"]}]},{\"@type\":\"ImageObject\",\"inLanguage\":\"pt-BR\",\"@id\":\"https:\/\/noticiasemdestaque.com\/cd\/?p=23865#primaryimage\",\"url\":\"https:\/\/noticiasemdestaque.com\/cd\/wp-content\/uploads\/2020\/03\/hospital-conceicao.jpg\",\"contentUrl\":\"https:\/\/noticiasemdestaque.com\/cd\/wp-content\/uploads\/2020\/03\/hospital-conceicao.jpg\",\"width\":800,\"height\":600},{\"@type\":\"BreadcrumbList\",\"@id\":\"https:\/\/noticiasemdestaque.com\/cd\/?p=23865#breadcrumb\",\"itemListElement\":[{\"@type\":\"ListItem\",\"position\":1,\"name\":\"In\u00edcio\",\"item\":\"https:\/\/noticiasemdestaque.com\/cd\/\"},{\"@type\":\"ListItem\",\"position\":2,\"name\":\"Crian\u00e7a tem morte investigada por suspeita de covid-19, na PB\"}]},{\"@type\":\"WebSite\",\"@id\":\"https:\/\/noticiasemdestaque.com\/cd\/#website\",\"url\":\"https:\/\/noticiasemdestaque.com\/cd\/\",\"name\":\"Not&iacute;cias em Destaque\",\"description\":\"\",\"publisher\":{\"@id\":\"https:\/\/noticiasemdestaque.com\/cd\/#organization\"},\"potentialAction\":[{\"@type\":\"SearchAction\",\"target\":{\"@type\":\"EntryPoint\",\"urlTemplate\":\"https:\/\/noticiasemdestaque.com\/cd\/?s={search_term_string}\"},\"query-input\":{\"@type\":\"PropertyValueSpecification\",\"valueRequired\":true,\"valueName\":\"search_term_string\"}}],\"inLanguage\":\"pt-BR\"},{\"@type\":\"Organization\",\"@id\":\"https:\/\/noticiasemdestaque.com\/cd\/#organization\",\"name\":\"Not\u00edcias em Destaque\",\"url\":\"https:\/\/noticiasemdestaque.com\/cd\/\",\"logo\":{\"@type\":\"ImageObject\",\"inLanguage\":\"pt-BR\",\"@id\":\"https:\/\/noticiasemdestaque.com\/cd\/#\/schema\/logo\/image\/\",\"url\":\"https:\/\/noticiasemdestaque.com\/cd\/wp-content\/uploads\/2022\/05\/imagem-base-noticiasemdestaque.png\",\"contentUrl\":\"https:\/\/noticiasemdestaque.com\/cd\/wp-content\/uploads\/2022\/05\/imagem-base-noticiasemdestaque.png\",\"width\":1200,\"height\":630,\"caption\":\"Not\u00edcias em Destaque\"},\"image\":{\"@id\":\"https:\/\/noticiasemdestaque.com\/cd\/#\/schema\/logo\/image\/\"}},{\"@type\":\"Person\",\"@id\":\"https:\/\/noticiasemdestaque.com\/cd\/#\/schema\/person\/21320b03a7e8bb90128938dafc9b908a\",\"name\":\"Not\u00edcias em Destaque\",\"url\":\"https:\/\/noticiasemdestaque.com\/cd\/?author=2\"}]}<\/script>\n<!-- \/ Yoast SEO plugin. -->","yoast_head_json":{"title":"Crian\u00e7a tem morte investigada por suspeita de covid-19, na PB - Not&iacute;cias em Destaque","robots":{"index":"index","follow":"follow","max-snippet":"max-snippet:-1","max-image-preview":"max-image-preview:large","max-video-preview":"max-video-preview:-1"},"canonical":"https:\/\/noticiasemdestaque.com\/cd\/?p=23865","og_locale":"pt_BR","og_type":"article","og_title":"Crian\u00e7a tem morte investigada por suspeita de covid-19, na PB - Not&iacute;cias em Destaque","og_description":"Nesta quinta-feira (25), a morte de uma crian\u00e7a de dez anos, no Hospital e Maternidade Ca\u00e7ula Leite de Concei\u00e7\u00e3o, interior da Para\u00edba est\u00e1 sendo investigada como suspeita de coronav\u00edrus, segundo a Secretaria de Estado da Sa\u00fade (SES). A crian\u00e7a deu entrada na unidade de sa\u00fade com uma desidrata\u00e7\u00e3o extrema e poucas horas depois de chegar ao hospital, seu quadro cl\u00ednico evoluiu para uma parada cardiorrespirat\u00f3ria. Uma amostra de material da crian\u00e7a foi encaminhada ao Lacen-PB, em Jo\u00e3o Pessoa, que ir\u00e1 confirmar, ou n\u00e3o, o coronav\u00edrus. Fonte: PB Agora","og_url":"https:\/\/noticiasemdestaque.com\/cd\/?p=23865","og_site_name":"Not&iacute;cias em Destaque","article_published_time":"2020-03-26T16:52:16+00:00","og_image":[{"width":800,"height":600,"url":"https:\/\/noticiasemdestaque.com\/cd\/wp-content\/uploads\/2020\/03\/hospital-conceicao.jpg","type":"image\/jpeg"}],"author":"Not\u00edcias em Destaque","twitter_card":"summary_large_image","twitter_misc":{"Escrito por":"Not\u00edcias em Destaque","Est. tempo de leitura":"1 minuto"},"schema":{"@context":"https:\/\/schema.org","@graph":[{"@type":"Article","@id":"https:\/\/noticiasemdestaque.com\/cd\/?p=23865#article","isPartOf":{"@id":"https:\/\/noticiasemdestaque.com\/cd\/?p=23865"},"author":{"name":"Not\u00edcias em Destaque","@id":"https:\/\/noticiasemdestaque.com\/cd\/#\/schema\/person\/21320b03a7e8bb90128938dafc9b908a"},"headline":"Crian\u00e7a tem morte investigada por suspeita de covid-19, na PB","datePublished":"2020-03-26T16:52:16+00:00","mainEntityOfPage":{"@id":"https:\/\/noticiasemdestaque.com\/cd\/?p=23865"},"wordCount":113,"publisher":{"@id":"https:\/\/noticiasemdestaque.com\/cd\/#organization"},"image":{"@id":"https:\/\/noticiasemdestaque.com\/cd\/?p=23865#primaryimage"},"thumbnailUrl":"https:\/\/noticiasemdestaque.com\/cd\/wp-content\/uploads\/2020\/03\/hospital-conceicao.jpg","articleSection":["Sa\u00fade"],"inLanguage":"pt-BR"},{"@type":"WebPage","@id":"https:\/\/noticiasemdestaque.com\/cd\/?p=23865","url":"https:\/\/noticiasemdestaque.com\/cd\/?p=23865","name":"Crian\u00e7a tem morte investigada por suspeita de covid-19, na PB - Not&iacute;cias em Destaque","isPartOf":{"@id":"https:\/\/noticiasemdestaque.com\/cd\/#website"},"primaryImageOfPage":{"@id":"https:\/\/noticiasemdestaque.com\/cd\/?p=23865#primaryimage"},"image":{"@id":"https:\/\/noticiasemdestaque.com\/cd\/?p=23865#primaryimage"},"thumbnailUrl":"https:\/\/noticiasemdestaque.com\/cd\/wp-content\/uploads\/2020\/03\/hospital-conceicao.jpg","datePublished":"2020-03-26T16:52:16+00:00","breadcrumb":{"@id":"https:\/\/noticiasemdestaque.com\/cd\/?p=23865#breadcrumb"},"inLanguage":"pt-BR","potentialAction":[{"@type":"ReadAction","target":["https:\/\/noticiasemdestaque.com\/cd\/?p=23865"]}]},{"@type":"ImageObject","inLanguage":"pt-BR","@id":"https:\/\/noticiasemdestaque.com\/cd\/?p=23865#primaryimage","url":"https:\/\/noticiasemdestaque.com\/cd\/wp-content\/uploads\/2020\/03\/hospital-conceicao.jpg","contentUrl":"https:\/\/noticiasemdestaque.com\/cd\/wp-content\/uploads\/2020\/03\/hospital-conceicao.jpg","width":800,"height":600},{"@type":"BreadcrumbList","@id":"https:\/\/noticiasemdestaque.com\/cd\/?p=23865#breadcrumb","itemListElement":[{"@type":"ListItem","position":1,"name":"In\u00edcio","item":"https:\/\/noticiasemdestaque.com\/cd\/"},{"@type":"ListItem","position":2,"name":"Crian\u00e7a tem morte investigada por suspeita de covid-19, na PB"}]},{"@type":"WebSite","@id":"https:\/\/noticiasemdestaque.com\/cd\/#website","url":"https:\/\/noticiasemdestaque.com\/cd\/","name":"Not&iacute;cias em Destaque","description":"","publisher":{"@id":"https:\/\/noticiasemdestaque.com\/cd\/#organization"},"potentialAction":[{"@type":"SearchAction","target":{"@type":"EntryPoint","urlTemplate":"https:\/\/noticiasemdestaque.com\/cd\/?s={search_term_string}"},"query-input":{"@type":"PropertyValueSpecification","valueRequired":true,"valueName":"search_term_string"}}],"inLanguage":"pt-BR"},{"@type":"Organization","@id":"https:\/\/noticiasemdestaque.com\/cd\/#organization","name":"Not\u00edcias em Destaque","url":"https:\/\/noticiasemdestaque.com\/cd\/","logo":{"@type":"ImageObject","inLanguage":"pt-BR","@id":"https:\/\/noticiasemdestaque.com\/cd\/#\/schema\/logo\/image\/","url":"https:\/\/noticiasemdestaque.com\/cd\/wp-content\/uploads\/2022\/05\/imagem-base-noticiasemdestaque.png","contentUrl":"https:\/\/noticiasemdestaque.com\/cd\/wp-content\/uploads\/2022\/05\/imagem-base-noticiasemdestaque.png","width":1200,"height":630,"caption":"Not\u00edcias em Destaque"},"image":{"@id":"https:\/\/noticiasemdestaque.com\/cd\/#\/schema\/logo\/image\/"}},{"@type":"Person","@id":"https:\/\/noticiasemdestaque.com\/cd\/#\/schema\/person\/21320b03a7e8bb90128938dafc9b908a","name":"Not\u00edcias em Destaque","url":"https:\/\/noticiasemdestaque.com\/cd\/?author=2"}]}},"jetpack_featured_media_url":"https:\/\/noticiasemdestaque.com\/cd\/wp-content\/uploads\/2020\/03\/hospital-conceicao.jpg","jetpack_sharing_enabled":true,"_links":{"self":[{"href":"https:\/\/noticiasemdestaque.com\/cd\/index.php?rest_route=\/wp\/v2\/posts\/23865","targetHints":{"allow":["GET"]}}],"collection":[{"href":"https:\/\/noticiasemdestaque.com\/cd\/index.php?rest_route=\/wp\/v2\/posts"}],"about":[{"href":"https:\/\/noticiasemdestaque.com\/cd\/index.php?rest_route=\/wp\/v2\/types\/post"}],"author":[{"embeddable":true,"href":"https:\/\/noticiasemdestaque.com\/cd\/index.php?rest_route=\/wp\/v2\/users\/2"}],"replies":[{"embeddable":true,"href":"https:\/\/noticiasemdestaque.com\/cd\/index.php?rest_route=%2Fwp%2Fv2%2Fcomments&post=23865"}],"version-history":[{"count":1,"href":"https:\/\/noticiasemdestaque.com\/cd\/index.php?rest_route=\/wp\/v2\/posts\/23865\/revisions"}],"predecessor-version":[{"id":23867,"href":"https:\/\/noticiasemdestaque.com\/cd\/index.php?rest_route=\/wp\/v2\/posts\/23865\/revisions\/23867"}],"wp:featuredmedia":[{"embeddable":true,"href":"https:\/\/noticiasemdestaque.com\/cd\/index.php?rest_route=\/wp\/v2\/media\/23866"}],"wp:attachment":[{"href":"https:\/\/noticiasemdestaque.com\/cd\/index.php?rest_route=%2Fwp%2Fv2%2Fmedia&parent=23865"}],"wp:term":[{"taxonomy":"category","embeddable":true,"href":"https:\/\/noticiasemdestaque.com\/cd\/index.php?rest_route=%2Fwp%2Fv2%2Fcategories&post=23865"},{"taxonomy":"post_tag","embeddable":true,"href":"https:\/\/noticiasemdestaque.com\/cd\/index.php?rest_route=%2Fwp%2Fv2%2Ftags&post=23865"}],"curies":[{"name":"wp","href":"https:\/\/api.w.org\/{rel}","templated":true}]}}