{"id":23817,"date":"2020-03-24T18:51:30","date_gmt":"2020-03-24T21:51:30","guid":{"rendered":"http:\/\/noticiasemdestaque.com\/cd\/?p=23817"},"modified":"2020-03-24T18:51:30","modified_gmt":"2020-03-24T21:51:30","slug":"covid-19-brasil-tem-46-mortes-e-mais-de-2-mil-casos-confirmados","status":"publish","type":"post","link":"https:\/\/noticiasemdestaque.com\/cd\/?p=23817","title":{"rendered":"Covid-19: Brasil tem 46 mortes e mais de 2 mil casos confirmados"},"content":{"rendered":"<p><a href=\"https:\/\/noticiasemdestaque.com\/cd\/wp-content\/uploads\/2020\/03\/saude_004_0.jpg\"><img fetchpriority=\"high\" decoding=\"async\" class=\"alignnone size-large wp-image-23818\" src=\"https:\/\/noticiasemdestaque.com\/cd\/wp-content\/uploads\/2020\/03\/saude_004_0-1024x613.jpg\" alt=\"\" width=\"1024\" height=\"613\" srcset=\"https:\/\/noticiasemdestaque.com\/cd\/wp-content\/uploads\/2020\/03\/saude_004_0-1024x613.jpg 1024w, https:\/\/noticiasemdestaque.com\/cd\/wp-content\/uploads\/2020\/03\/saude_004_0-300x179.jpg 300w, https:\/\/noticiasemdestaque.com\/cd\/wp-content\/uploads\/2020\/03\/saude_004_0-768x459.jpg 768w, https:\/\/noticiasemdestaque.com\/cd\/wp-content\/uploads\/2020\/03\/saude_004_0.jpg 1170w\" sizes=\"(max-width: 1024px) 100vw, 1024px\" \/><\/a><\/p>\n<p>O n\u00famero de mortes decorrentes do novo coronav\u00edrus (covid-19) chegou a 46, conforme atualiza\u00e7\u00e3o do Minist\u00e9rio da Sa\u00fade publicada\u00a0<span id=\"OBJ_PREFIX_DWT3449_com_zimbra_date\" role=\"link\"><span id=\"OBJ_PREFIX_DWT3455_com_zimbra_date\" role=\"link\">hoje<\/span><\/span>\u00a0(24). At\u00e9\u00a0<span id=\"OBJ_PREFIX_DWT3450_com_zimbra_date\" role=\"link\"><span id=\"OBJ_PREFIX_DWT3456_com_zimbra_date\" role=\"link\">ontem<\/span><\/span>\u00a0(23), o n\u00famero de pessoas que vieram a \u00f3bito estava em 34. No\u00a0<span id=\"OBJ_PREFIX_DWT3451_com_zimbra_date\" role=\"link\"><span id=\"OBJ_PREFIX_DWT3457_com_zimbra_date\" role=\"link\">domingo<\/span><\/span>\u00a0(22), era de 25, um aumento de quase 20 casos em apenas dois dias.<\/p>\n<p>O total de casos confirmados saiu de 1.891\u00a0<span id=\"OBJ_PREFIX_DWT3458_com_zimbra_date\" role=\"link\">ontem<\/span>\u00a0para 2.201\u00a0<span id=\"OBJ_PREFIX_DWT3452_com_zimbra_date\" role=\"link\"><span id=\"OBJ_PREFIX_DWT3459_com_zimbra_date\" role=\"link\">hoje<\/span><\/span>, um acr\u00e9scimo proporcional de 16% e de 310 em n\u00fameros absolutos. O resultado de\u00a0<span id=\"OBJ_PREFIX_DWT3453_com_zimbra_date\" role=\"link\"><span id=\"OBJ_PREFIX_DWT3460_com_zimbra_date\" role=\"link\">hoje<\/span><\/span>\u00a0marcou um aumento de 42% nos casos em rela\u00e7\u00e3o a\u00a0<span id=\"OBJ_PREFIX_DWT3454_com_zimbra_date\" role=\"link\"><span id=\"OBJ_PREFIX_DWT3461_com_zimbra_date\" role=\"link\">domingo<\/span><\/span>, quando foram registradas 1.546 pessoas infectadas.<\/p>\n<p>As mortes continuam restritas a S\u00e3o Paulo, com 40 \u00f3bitos, e Rio de Janeiro, com 6 falecimentos. A taxa de letalidade saiu de 1,8%\u00a0<span id=\"OBJ_PREFIX_DWT3467_com_zimbra_date\" role=\"link\">ontem<\/span>\u00a0(23) para 2,1%\u00a0<span id=\"OBJ_PREFIX_DWT3465_com_zimbra_date\" role=\"link\"><span id=\"OBJ_PREFIX_DWT3468_com_zimbra_date\" role=\"link\">hoje<\/span><\/span>.<\/p>\n<p>Como local de maior circula\u00e7\u00e3o do v\u00edrus no pa\u00eds, S\u00e3o Paulo tamb\u00e9m lidera o n\u00famero de pessoas infectadas, com 810 casos confirmados. Em seguida v\u00eam Rio<span id=\"OBJ_PREFIX_DWT3466_com_zimbra_date\" role=\"link\">\u00a0de Janeiro<\/span>\u00a0(305), Cear\u00e1 (182), Distrito Federal (160), Minas Gerais (130) e Santa Catarina (107).<\/p>\n<p>Tamb\u00e9m registram\u00a0casos confirmados Rio Grande do Sul (98), Bahia (76), Paran\u00e1 (65), Amazonas (47), Pernambuco (42), Esp\u00edrito Santo (33), Goi\u00e1s (27), Mato Grosso do Sul (23), Acre (17), Sergipe (15), Rio Grande do Norte (13), Alagoas (nove), Maranh\u00e3o (oito), Tocantins (sete), Mato Grosso (sete), Piau\u00ed (seis), Par\u00e1 (cinco), Rond\u00f4nia (tr\u00eas), Para\u00edba (tr\u00eas), Roraima (dois) e Amap\u00e1 (um).<\/p>\n<p>Minist\u00e9rio da Sa\u00fade divulgou\u00a0balan\u00e7o do coronav\u00edrus no pa\u00eds nesta ter\u00e7a-feira.<\/p>\n<div class=\"fb-video\" data-allowfullscreen=\"true\" data-href=\"https:\/\/www.facebook.com\/agenciabrasil.ebc\/videos\/577931876147308\/\" style=\"background-color: #fff; display: inline-block;\"><\/div>\n<p>&nbsp;<\/p>\n","protected":false},"excerpt":{"rendered":"<p>O n\u00famero de mortes decorrentes do novo coronav\u00edrus (covid-19) chegou a 46, conforme atualiza\u00e7\u00e3o do Minist\u00e9rio da Sa\u00fade publicada\u00a0hoje\u00a0(24). At\u00e9\u00a0ontem\u00a0(23), o n\u00famero de pessoas que vieram a \u00f3bito estava em 34. No\u00a0domingo\u00a0(22), era de 25, um aumento de quase 20 casos em apenas dois dias. O total de casos confirmados saiu de 1.891\u00a0ontem\u00a0para 2.201\u00a0hoje, um acr\u00e9scimo proporcional de 16% e de 310 em n\u00fameros absolutos. O resultado de\u00a0hoje\u00a0marcou um aumento de 42% nos casos em rela\u00e7\u00e3o a\u00a0domingo, quando foram registradas 1.546 pessoas infectadas. As mortes continuam restritas a S\u00e3o Paulo, com 40 \u00f3bitos, e Rio de Janeiro, com 6 falecimentos. A taxa de letalidade saiu de 1,8%\u00a0ontem\u00a0(23) para 2,1%\u00a0hoje. Como local de maior circula\u00e7\u00e3o do v\u00edrus no pa\u00eds, S\u00e3o Paulo tamb\u00e9m lidera o n\u00famero de pessoas infectadas, com 810 casos confirmados. Em seguida v\u00eam Rio\u00a0de Janeiro\u00a0(305), Cear\u00e1 (182), Distrito Federal (160), Minas Gerais (130) e Santa Catarina (107). Tamb\u00e9m registram\u00a0casos confirmados Rio Grande do Sul (98), Bahia (76), Paran\u00e1 (65), Amazonas (47), Pernambuco (42), Esp\u00edrito Santo (33), Goi\u00e1s (27), Mato Grosso do Sul (23), Acre (17), Sergipe (15), Rio Grande do Norte (13), Alagoas (nove), Maranh\u00e3o (oito), Tocantins (sete), Mato Grosso (sete), Piau\u00ed (seis), Par\u00e1 (cinco), Rond\u00f4nia (tr\u00eas), Para\u00edba (tr\u00eas), Roraima (dois) e Amap\u00e1 (um). Minist\u00e9rio da Sa\u00fade divulgou\u00a0balan\u00e7o do coronav\u00edrus no pa\u00eds nesta ter\u00e7a-feira. &nbsp;<\/p>\n","protected":false},"author":2,"featured_media":23818,"comment_status":"closed","ping_status":"open","sticky":false,"template":"","format":"standard","meta":{"_eb_attr":"","_jetpack_memberships_contains_paid_content":false,"footnotes":""},"categories":[8],"tags":[],"class_list":["post-23817","post","type-post","status-publish","format-standard","has-post-thumbnail","hentry","category-saude"],"yoast_head":"<!-- This site is optimized with the Yoast SEO plugin v26.5 - https:\/\/yoast.com\/wordpress\/plugins\/seo\/ -->\n<title>Covid-19: Brasil tem 46 mortes e mais de 2 mil casos confirmados - Not&iacute;cias em Destaque<\/title>\n<meta name=\"robots\" content=\"index, follow, max-snippet:-1, max-image-preview:large, max-video-preview:-1\" \/>\n<link rel=\"canonical\" href=\"https:\/\/noticiasemdestaque.com\/cd\/?p=23817\" \/>\n<meta property=\"og:locale\" content=\"pt_BR\" \/>\n<meta property=\"og:type\" content=\"article\" \/>\n<meta property=\"og:title\" content=\"Covid-19: Brasil tem 46 mortes e mais de 2 mil casos confirmados - Not&iacute;cias em Destaque\" \/>\n<meta property=\"og:description\" content=\"O n\u00famero de mortes decorrentes do novo coronav\u00edrus (covid-19) chegou a 46, conforme atualiza\u00e7\u00e3o do Minist\u00e9rio da Sa\u00fade publicada\u00a0hoje\u00a0(24). At\u00e9\u00a0ontem\u00a0(23), o n\u00famero de pessoas que vieram a \u00f3bito estava em 34. No\u00a0domingo\u00a0(22), era de 25, um aumento de quase 20 casos em apenas dois dias. O total de casos confirmados saiu de 1.891\u00a0ontem\u00a0para 2.201\u00a0hoje, um acr\u00e9scimo proporcional de 16% e de 310 em n\u00fameros absolutos. O resultado de\u00a0hoje\u00a0marcou um aumento de 42% nos casos em rela\u00e7\u00e3o a\u00a0domingo, quando foram registradas 1.546 pessoas infectadas. As mortes continuam restritas a S\u00e3o Paulo, com 40 \u00f3bitos, e Rio de Janeiro, com 6 falecimentos. A taxa de letalidade saiu de 1,8%\u00a0ontem\u00a0(23) para 2,1%\u00a0hoje. Como local de maior circula\u00e7\u00e3o do v\u00edrus no pa\u00eds, S\u00e3o Paulo tamb\u00e9m lidera o n\u00famero de pessoas infectadas, com 810 casos confirmados. Em seguida v\u00eam Rio\u00a0de Janeiro\u00a0(305), Cear\u00e1 (182), Distrito Federal (160), Minas Gerais (130) e Santa Catarina (107). Tamb\u00e9m registram\u00a0casos confirmados Rio Grande do Sul (98), Bahia (76), Paran\u00e1 (65), Amazonas (47), Pernambuco (42), Esp\u00edrito Santo (33), Goi\u00e1s (27), Mato Grosso do Sul (23), Acre (17), Sergipe (15), Rio Grande do Norte (13), Alagoas (nove), Maranh\u00e3o (oito), Tocantins (sete), Mato Grosso (sete), Piau\u00ed (seis), Par\u00e1 (cinco), Rond\u00f4nia (tr\u00eas), Para\u00edba (tr\u00eas), Roraima (dois) e Amap\u00e1 (um). Minist\u00e9rio da Sa\u00fade divulgou\u00a0balan\u00e7o do coronav\u00edrus no pa\u00eds nesta ter\u00e7a-feira. &nbsp;\" \/>\n<meta property=\"og:url\" content=\"https:\/\/noticiasemdestaque.com\/cd\/?p=23817\" \/>\n<meta property=\"og:site_name\" content=\"Not&iacute;cias em Destaque\" \/>\n<meta property=\"article:published_time\" content=\"2020-03-24T21:51:30+00:00\" \/>\n<meta property=\"og:image\" content=\"https:\/\/noticiasemdestaque.com\/cd\/wp-content\/uploads\/2020\/03\/saude_004_0.jpg\" \/>\n\t<meta property=\"og:image:width\" content=\"1170\" \/>\n\t<meta property=\"og:image:height\" content=\"700\" \/>\n\t<meta property=\"og:image:type\" content=\"image\/jpeg\" \/>\n<meta name=\"author\" content=\"Not\u00edcias em Destaque\" \/>\n<meta name=\"twitter:card\" content=\"summary_large_image\" \/>\n<meta name=\"twitter:label1\" content=\"Escrito por\" \/>\n\t<meta name=\"twitter:data1\" content=\"Not\u00edcias em Destaque\" \/>\n\t<meta name=\"twitter:label2\" content=\"Est. tempo de leitura\" \/>\n\t<meta name=\"twitter:data2\" content=\"1 minuto\" \/>\n<script type=\"application\/ld+json\" class=\"yoast-schema-graph\">{\"@context\":\"https:\/\/schema.org\",\"@graph\":[{\"@type\":\"Article\",\"@id\":\"https:\/\/noticiasemdestaque.com\/cd\/?p=23817#article\",\"isPartOf\":{\"@id\":\"https:\/\/noticiasemdestaque.com\/cd\/?p=23817\"},\"author\":{\"name\":\"Not\u00edcias em Destaque\",\"@id\":\"https:\/\/noticiasemdestaque.com\/cd\/#\/schema\/person\/21320b03a7e8bb90128938dafc9b908a\"},\"headline\":\"Covid-19: Brasil tem 46 mortes e mais de 2 mil casos confirmados\",\"datePublished\":\"2020-03-24T21:51:30+00:00\",\"mainEntityOfPage\":{\"@id\":\"https:\/\/noticiasemdestaque.com\/cd\/?p=23817\"},\"wordCount\":248,\"publisher\":{\"@id\":\"https:\/\/noticiasemdestaque.com\/cd\/#organization\"},\"image\":{\"@id\":\"https:\/\/noticiasemdestaque.com\/cd\/?p=23817#primaryimage\"},\"thumbnailUrl\":\"https:\/\/noticiasemdestaque.com\/cd\/wp-content\/uploads\/2020\/03\/saude_004_0.jpg\",\"articleSection\":[\"Sa\u00fade\"],\"inLanguage\":\"pt-BR\"},{\"@type\":\"WebPage\",\"@id\":\"https:\/\/noticiasemdestaque.com\/cd\/?p=23817\",\"url\":\"https:\/\/noticiasemdestaque.com\/cd\/?p=23817\",\"name\":\"Covid-19: Brasil tem 46 mortes e mais de 2 mil casos confirmados - Not&iacute;cias em Destaque\",\"isPartOf\":{\"@id\":\"https:\/\/noticiasemdestaque.com\/cd\/#website\"},\"primaryImageOfPage\":{\"@id\":\"https:\/\/noticiasemdestaque.com\/cd\/?p=23817#primaryimage\"},\"image\":{\"@id\":\"https:\/\/noticiasemdestaque.com\/cd\/?p=23817#primaryimage\"},\"thumbnailUrl\":\"https:\/\/noticiasemdestaque.com\/cd\/wp-content\/uploads\/2020\/03\/saude_004_0.jpg\",\"datePublished\":\"2020-03-24T21:51:30+00:00\",\"breadcrumb\":{\"@id\":\"https:\/\/noticiasemdestaque.com\/cd\/?p=23817#breadcrumb\"},\"inLanguage\":\"pt-BR\",\"potentialAction\":[{\"@type\":\"ReadAction\",\"target\":[\"https:\/\/noticiasemdestaque.com\/cd\/?p=23817\"]}]},{\"@type\":\"ImageObject\",\"inLanguage\":\"pt-BR\",\"@id\":\"https:\/\/noticiasemdestaque.com\/cd\/?p=23817#primaryimage\",\"url\":\"https:\/\/noticiasemdestaque.com\/cd\/wp-content\/uploads\/2020\/03\/saude_004_0.jpg\",\"contentUrl\":\"https:\/\/noticiasemdestaque.com\/cd\/wp-content\/uploads\/2020\/03\/saude_004_0.jpg\",\"width\":1170,\"height\":700},{\"@type\":\"BreadcrumbList\",\"@id\":\"https:\/\/noticiasemdestaque.com\/cd\/?p=23817#breadcrumb\",\"itemListElement\":[{\"@type\":\"ListItem\",\"position\":1,\"name\":\"In\u00edcio\",\"item\":\"https:\/\/noticiasemdestaque.com\/cd\/\"},{\"@type\":\"ListItem\",\"position\":2,\"name\":\"Covid-19: Brasil tem 46 mortes e mais de 2 mil casos confirmados\"}]},{\"@type\":\"WebSite\",\"@id\":\"https:\/\/noticiasemdestaque.com\/cd\/#website\",\"url\":\"https:\/\/noticiasemdestaque.com\/cd\/\",\"name\":\"Not&iacute;cias em Destaque\",\"description\":\"\",\"publisher\":{\"@id\":\"https:\/\/noticiasemdestaque.com\/cd\/#organization\"},\"potentialAction\":[{\"@type\":\"SearchAction\",\"target\":{\"@type\":\"EntryPoint\",\"urlTemplate\":\"https:\/\/noticiasemdestaque.com\/cd\/?s={search_term_string}\"},\"query-input\":{\"@type\":\"PropertyValueSpecification\",\"valueRequired\":true,\"valueName\":\"search_term_string\"}}],\"inLanguage\":\"pt-BR\"},{\"@type\":\"Organization\",\"@id\":\"https:\/\/noticiasemdestaque.com\/cd\/#organization\",\"name\":\"Not\u00edcias em Destaque\",\"url\":\"https:\/\/noticiasemdestaque.com\/cd\/\",\"logo\":{\"@type\":\"ImageObject\",\"inLanguage\":\"pt-BR\",\"@id\":\"https:\/\/noticiasemdestaque.com\/cd\/#\/schema\/logo\/image\/\",\"url\":\"https:\/\/noticiasemdestaque.com\/cd\/wp-content\/uploads\/2022\/05\/imagem-base-noticiasemdestaque.png\",\"contentUrl\":\"https:\/\/noticiasemdestaque.com\/cd\/wp-content\/uploads\/2022\/05\/imagem-base-noticiasemdestaque.png\",\"width\":1200,\"height\":630,\"caption\":\"Not\u00edcias em Destaque\"},\"image\":{\"@id\":\"https:\/\/noticiasemdestaque.com\/cd\/#\/schema\/logo\/image\/\"}},{\"@type\":\"Person\",\"@id\":\"https:\/\/noticiasemdestaque.com\/cd\/#\/schema\/person\/21320b03a7e8bb90128938dafc9b908a\",\"name\":\"Not\u00edcias em Destaque\",\"url\":\"https:\/\/noticiasemdestaque.com\/cd\/?author=2\"}]}<\/script>\n<!-- \/ Yoast SEO plugin. -->","yoast_head_json":{"title":"Covid-19: Brasil tem 46 mortes e mais de 2 mil casos confirmados - Not&iacute;cias em Destaque","robots":{"index":"index","follow":"follow","max-snippet":"max-snippet:-1","max-image-preview":"max-image-preview:large","max-video-preview":"max-video-preview:-1"},"canonical":"https:\/\/noticiasemdestaque.com\/cd\/?p=23817","og_locale":"pt_BR","og_type":"article","og_title":"Covid-19: Brasil tem 46 mortes e mais de 2 mil casos confirmados - Not&iacute;cias em Destaque","og_description":"O n\u00famero de mortes decorrentes do novo coronav\u00edrus (covid-19) chegou a 46, conforme atualiza\u00e7\u00e3o do Minist\u00e9rio da Sa\u00fade publicada\u00a0hoje\u00a0(24). At\u00e9\u00a0ontem\u00a0(23), o n\u00famero de pessoas que vieram a \u00f3bito estava em 34. No\u00a0domingo\u00a0(22), era de 25, um aumento de quase 20 casos em apenas dois dias. O total de casos confirmados saiu de 1.891\u00a0ontem\u00a0para 2.201\u00a0hoje, um acr\u00e9scimo proporcional de 16% e de 310 em n\u00fameros absolutos. O resultado de\u00a0hoje\u00a0marcou um aumento de 42% nos casos em rela\u00e7\u00e3o a\u00a0domingo, quando foram registradas 1.546 pessoas infectadas. As mortes continuam restritas a S\u00e3o Paulo, com 40 \u00f3bitos, e Rio de Janeiro, com 6 falecimentos. A taxa de letalidade saiu de 1,8%\u00a0ontem\u00a0(23) para 2,1%\u00a0hoje. Como local de maior circula\u00e7\u00e3o do v\u00edrus no pa\u00eds, S\u00e3o Paulo tamb\u00e9m lidera o n\u00famero de pessoas infectadas, com 810 casos confirmados. Em seguida v\u00eam Rio\u00a0de Janeiro\u00a0(305), Cear\u00e1 (182), Distrito Federal (160), Minas Gerais (130) e Santa Catarina (107). Tamb\u00e9m registram\u00a0casos confirmados Rio Grande do Sul (98), Bahia (76), Paran\u00e1 (65), Amazonas (47), Pernambuco (42), Esp\u00edrito Santo (33), Goi\u00e1s (27), Mato Grosso do Sul (23), Acre (17), Sergipe (15), Rio Grande do Norte (13), Alagoas (nove), Maranh\u00e3o (oito), Tocantins (sete), Mato Grosso (sete), Piau\u00ed (seis), Par\u00e1 (cinco), Rond\u00f4nia (tr\u00eas), Para\u00edba (tr\u00eas), Roraima (dois) e Amap\u00e1 (um). Minist\u00e9rio da Sa\u00fade divulgou\u00a0balan\u00e7o do coronav\u00edrus no pa\u00eds nesta ter\u00e7a-feira. &nbsp;","og_url":"https:\/\/noticiasemdestaque.com\/cd\/?p=23817","og_site_name":"Not&iacute;cias em Destaque","article_published_time":"2020-03-24T21:51:30+00:00","og_image":[{"width":1170,"height":700,"url":"https:\/\/noticiasemdestaque.com\/cd\/wp-content\/uploads\/2020\/03\/saude_004_0.jpg","type":"image\/jpeg"}],"author":"Not\u00edcias em Destaque","twitter_card":"summary_large_image","twitter_misc":{"Escrito por":"Not\u00edcias em Destaque","Est. tempo de leitura":"1 minuto"},"schema":{"@context":"https:\/\/schema.org","@graph":[{"@type":"Article","@id":"https:\/\/noticiasemdestaque.com\/cd\/?p=23817#article","isPartOf":{"@id":"https:\/\/noticiasemdestaque.com\/cd\/?p=23817"},"author":{"name":"Not\u00edcias em Destaque","@id":"https:\/\/noticiasemdestaque.com\/cd\/#\/schema\/person\/21320b03a7e8bb90128938dafc9b908a"},"headline":"Covid-19: Brasil tem 46 mortes e mais de 2 mil casos confirmados","datePublished":"2020-03-24T21:51:30+00:00","mainEntityOfPage":{"@id":"https:\/\/noticiasemdestaque.com\/cd\/?p=23817"},"wordCount":248,"publisher":{"@id":"https:\/\/noticiasemdestaque.com\/cd\/#organization"},"image":{"@id":"https:\/\/noticiasemdestaque.com\/cd\/?p=23817#primaryimage"},"thumbnailUrl":"https:\/\/noticiasemdestaque.com\/cd\/wp-content\/uploads\/2020\/03\/saude_004_0.jpg","articleSection":["Sa\u00fade"],"inLanguage":"pt-BR"},{"@type":"WebPage","@id":"https:\/\/noticiasemdestaque.com\/cd\/?p=23817","url":"https:\/\/noticiasemdestaque.com\/cd\/?p=23817","name":"Covid-19: Brasil tem 46 mortes e mais de 2 mil casos confirmados - Not&iacute;cias em Destaque","isPartOf":{"@id":"https:\/\/noticiasemdestaque.com\/cd\/#website"},"primaryImageOfPage":{"@id":"https:\/\/noticiasemdestaque.com\/cd\/?p=23817#primaryimage"},"image":{"@id":"https:\/\/noticiasemdestaque.com\/cd\/?p=23817#primaryimage"},"thumbnailUrl":"https:\/\/noticiasemdestaque.com\/cd\/wp-content\/uploads\/2020\/03\/saude_004_0.jpg","datePublished":"2020-03-24T21:51:30+00:00","breadcrumb":{"@id":"https:\/\/noticiasemdestaque.com\/cd\/?p=23817#breadcrumb"},"inLanguage":"pt-BR","potentialAction":[{"@type":"ReadAction","target":["https:\/\/noticiasemdestaque.com\/cd\/?p=23817"]}]},{"@type":"ImageObject","inLanguage":"pt-BR","@id":"https:\/\/noticiasemdestaque.com\/cd\/?p=23817#primaryimage","url":"https:\/\/noticiasemdestaque.com\/cd\/wp-content\/uploads\/2020\/03\/saude_004_0.jpg","contentUrl":"https:\/\/noticiasemdestaque.com\/cd\/wp-content\/uploads\/2020\/03\/saude_004_0.jpg","width":1170,"height":700},{"@type":"BreadcrumbList","@id":"https:\/\/noticiasemdestaque.com\/cd\/?p=23817#breadcrumb","itemListElement":[{"@type":"ListItem","position":1,"name":"In\u00edcio","item":"https:\/\/noticiasemdestaque.com\/cd\/"},{"@type":"ListItem","position":2,"name":"Covid-19: Brasil tem 46 mortes e mais de 2 mil casos confirmados"}]},{"@type":"WebSite","@id":"https:\/\/noticiasemdestaque.com\/cd\/#website","url":"https:\/\/noticiasemdestaque.com\/cd\/","name":"Not&iacute;cias em Destaque","description":"","publisher":{"@id":"https:\/\/noticiasemdestaque.com\/cd\/#organization"},"potentialAction":[{"@type":"SearchAction","target":{"@type":"EntryPoint","urlTemplate":"https:\/\/noticiasemdestaque.com\/cd\/?s={search_term_string}"},"query-input":{"@type":"PropertyValueSpecification","valueRequired":true,"valueName":"search_term_string"}}],"inLanguage":"pt-BR"},{"@type":"Organization","@id":"https:\/\/noticiasemdestaque.com\/cd\/#organization","name":"Not\u00edcias em Destaque","url":"https:\/\/noticiasemdestaque.com\/cd\/","logo":{"@type":"ImageObject","inLanguage":"pt-BR","@id":"https:\/\/noticiasemdestaque.com\/cd\/#\/schema\/logo\/image\/","url":"https:\/\/noticiasemdestaque.com\/cd\/wp-content\/uploads\/2022\/05\/imagem-base-noticiasemdestaque.png","contentUrl":"https:\/\/noticiasemdestaque.com\/cd\/wp-content\/uploads\/2022\/05\/imagem-base-noticiasemdestaque.png","width":1200,"height":630,"caption":"Not\u00edcias em Destaque"},"image":{"@id":"https:\/\/noticiasemdestaque.com\/cd\/#\/schema\/logo\/image\/"}},{"@type":"Person","@id":"https:\/\/noticiasemdestaque.com\/cd\/#\/schema\/person\/21320b03a7e8bb90128938dafc9b908a","name":"Not\u00edcias em Destaque","url":"https:\/\/noticiasemdestaque.com\/cd\/?author=2"}]}},"jetpack_featured_media_url":"https:\/\/noticiasemdestaque.com\/cd\/wp-content\/uploads\/2020\/03\/saude_004_0.jpg","jetpack_sharing_enabled":true,"_links":{"self":[{"href":"https:\/\/noticiasemdestaque.com\/cd\/index.php?rest_route=\/wp\/v2\/posts\/23817","targetHints":{"allow":["GET"]}}],"collection":[{"href":"https:\/\/noticiasemdestaque.com\/cd\/index.php?rest_route=\/wp\/v2\/posts"}],"about":[{"href":"https:\/\/noticiasemdestaque.com\/cd\/index.php?rest_route=\/wp\/v2\/types\/post"}],"author":[{"embeddable":true,"href":"https:\/\/noticiasemdestaque.com\/cd\/index.php?rest_route=\/wp\/v2\/users\/2"}],"replies":[{"embeddable":true,"href":"https:\/\/noticiasemdestaque.com\/cd\/index.php?rest_route=%2Fwp%2Fv2%2Fcomments&post=23817"}],"version-history":[{"count":1,"href":"https:\/\/noticiasemdestaque.com\/cd\/index.php?rest_route=\/wp\/v2\/posts\/23817\/revisions"}],"predecessor-version":[{"id":23819,"href":"https:\/\/noticiasemdestaque.com\/cd\/index.php?rest_route=\/wp\/v2\/posts\/23817\/revisions\/23819"}],"wp:featuredmedia":[{"embeddable":true,"href":"https:\/\/noticiasemdestaque.com\/cd\/index.php?rest_route=\/wp\/v2\/media\/23818"}],"wp:attachment":[{"href":"https:\/\/noticiasemdestaque.com\/cd\/index.php?rest_route=%2Fwp%2Fv2%2Fmedia&parent=23817"}],"wp:term":[{"taxonomy":"category","embeddable":true,"href":"https:\/\/noticiasemdestaque.com\/cd\/index.php?rest_route=%2Fwp%2Fv2%2Fcategories&post=23817"},{"taxonomy":"post_tag","embeddable":true,"href":"https:\/\/noticiasemdestaque.com\/cd\/index.php?rest_route=%2Fwp%2Fv2%2Ftags&post=23817"}],"curies":[{"name":"wp","href":"https:\/\/api.w.org\/{rel}","templated":true}]}}