{"id":23796,"date":"2020-03-22T16:31:39","date_gmt":"2020-03-22T19:31:39","guid":{"rendered":"http:\/\/noticiasemdestaque.com\/cd\/?p=23796"},"modified":"2020-03-22T16:31:39","modified_gmt":"2020-03-22T19:31:39","slug":"numero-de-casos-de-covid-19-confirmados-no-brasil-sobe-para-1-128","status":"publish","type":"post","link":"https:\/\/noticiasemdestaque.com\/cd\/?p=23796","title":{"rendered":"N\u00famero de casos de covid-19 confirmados no Brasil sobe para 1.128"},"content":{"rendered":"<figure id=\"attachment_23797\" aria-describedby=\"caption-attachment-23797\" style=\"width: 583px\" class=\"wp-caption aligncenter\"><a href=\"https:\/\/noticiasemdestaque.com\/cd\/wp-content\/uploads\/2020\/03\/coletiva_planalto_20200320_0265.jpg\"><img fetchpriority=\"high\" decoding=\"async\" class=\" wp-image-23797\" src=\"https:\/\/noticiasemdestaque.com\/cd\/wp-content\/uploads\/2020\/03\/coletiva_planalto_20200320_0265-1024x613.jpg\" alt=\"\" width=\"583\" height=\"349\" srcset=\"https:\/\/noticiasemdestaque.com\/cd\/wp-content\/uploads\/2020\/03\/coletiva_planalto_20200320_0265-1024x613.jpg 1024w, https:\/\/noticiasemdestaque.com\/cd\/wp-content\/uploads\/2020\/03\/coletiva_planalto_20200320_0265-300x179.jpg 300w, https:\/\/noticiasemdestaque.com\/cd\/wp-content\/uploads\/2020\/03\/coletiva_planalto_20200320_0265-768x459.jpg 768w, https:\/\/noticiasemdestaque.com\/cd\/wp-content\/uploads\/2020\/03\/coletiva_planalto_20200320_0265.jpg 1170w\" sizes=\"(max-width: 583px) 100vw, 583px\" \/><\/a><figcaption id=\"caption-attachment-23797\" class=\"wp-caption-text\">O Presidente da Repu\u0301blica, Jair Bolsonaro e o ministro da Sa\u00fade, Luiz Henrique Mandetta, durante coletiva \u00e0 imprensa<\/figcaption><\/figure>\n<p>O n\u00famero de casos de covid-19, doen\u00e7a causada pelo novo coronav\u00edrus, subiu de 904 para 1.128 nas \u00faltimas 24 horas, divulgou h\u00e1 pouco o Minist\u00e9rio da Sa\u00fade. O n\u00famero de mortes aumentou de 11 para 18. Os dados consideram informa\u00e7\u00f5es repassadas pelas secretarias estaduais de sa\u00fade at\u00e9 \u00e0s 16h.<\/p>\n<p>O Maranh\u00e3o registrou hoje a primeira ocorr\u00eancia da doen\u00e7a, detectada em um viajante que chegou de outro estado. No momento, apenas Roraima n\u00e3o registra nenhum caso.<\/p>\n<p>De acordo com a contagem do Minist\u00e9rio da Sa\u00fade, a regi\u00e3o Sudeste registra o maior n\u00famero de casos, com 642 confirma\u00e7\u00f5es. Em seguida, a regi\u00e3o Nordeste, que soma 168 casos, a regi\u00e3o Sul\u00a0 com 154 casos, o Centro-Oeste com 138 e a regi\u00e3o Norte, com 26. Do total de mortes, 15 ocorreram no estado de S\u00e3o Paulo; e as tr\u00eas restantes, no estado do Rio de Janeiro.<\/p>\n","protected":false},"excerpt":{"rendered":"<p>O n\u00famero de casos de covid-19, doen\u00e7a causada pelo novo coronav\u00edrus, subiu de 904 para 1.128 nas \u00faltimas 24 horas, divulgou h\u00e1 pouco o Minist\u00e9rio da Sa\u00fade. O n\u00famero de mortes aumentou de 11 para 18. Os dados consideram informa\u00e7\u00f5es repassadas pelas secretarias estaduais de sa\u00fade at\u00e9 \u00e0s 16h. O Maranh\u00e3o registrou hoje a primeira ocorr\u00eancia da doen\u00e7a, detectada em um viajante que chegou de outro estado. No momento, apenas Roraima n\u00e3o registra nenhum caso. De acordo com a contagem do Minist\u00e9rio da Sa\u00fade, a regi\u00e3o Sudeste registra o maior n\u00famero de casos, com 642 confirma\u00e7\u00f5es. Em seguida, a regi\u00e3o Nordeste, que soma 168 casos, a regi\u00e3o Sul\u00a0 com 154 casos, o Centro-Oeste com 138 e a regi\u00e3o Norte, com 26. Do total de mortes, 15 ocorreram no estado de S\u00e3o Paulo; e as tr\u00eas restantes, no estado do Rio de Janeiro.<\/p>\n","protected":false},"author":2,"featured_media":23797,"comment_status":"closed","ping_status":"open","sticky":false,"template":"","format":"standard","meta":{"_eb_attr":"","_jetpack_memberships_contains_paid_content":false,"footnotes":""},"categories":[8],"tags":[],"class_list":["post-23796","post","type-post","status-publish","format-standard","has-post-thumbnail","hentry","category-saude"],"yoast_head":"<!-- This site is optimized with the Yoast SEO plugin v26.5 - https:\/\/yoast.com\/wordpress\/plugins\/seo\/ -->\n<title>N\u00famero de casos de covid-19 confirmados no Brasil sobe para 1.128 - Not&iacute;cias em Destaque<\/title>\n<meta name=\"robots\" content=\"index, follow, max-snippet:-1, max-image-preview:large, max-video-preview:-1\" \/>\n<link rel=\"canonical\" href=\"https:\/\/noticiasemdestaque.com\/cd\/?p=23796\" \/>\n<meta property=\"og:locale\" content=\"pt_BR\" \/>\n<meta property=\"og:type\" content=\"article\" \/>\n<meta property=\"og:title\" content=\"N\u00famero de casos de covid-19 confirmados no Brasil sobe para 1.128 - Not&iacute;cias em Destaque\" \/>\n<meta property=\"og:description\" content=\"O n\u00famero de casos de covid-19, doen\u00e7a causada pelo novo coronav\u00edrus, subiu de 904 para 1.128 nas \u00faltimas 24 horas, divulgou h\u00e1 pouco o Minist\u00e9rio da Sa\u00fade. O n\u00famero de mortes aumentou de 11 para 18. Os dados consideram informa\u00e7\u00f5es repassadas pelas secretarias estaduais de sa\u00fade at\u00e9 \u00e0s 16h. O Maranh\u00e3o registrou hoje a primeira ocorr\u00eancia da doen\u00e7a, detectada em um viajante que chegou de outro estado. No momento, apenas Roraima n\u00e3o registra nenhum caso. De acordo com a contagem do Minist\u00e9rio da Sa\u00fade, a regi\u00e3o Sudeste registra o maior n\u00famero de casos, com 642 confirma\u00e7\u00f5es. Em seguida, a regi\u00e3o Nordeste, que soma 168 casos, a regi\u00e3o Sul\u00a0 com 154 casos, o Centro-Oeste com 138 e a regi\u00e3o Norte, com 26. Do total de mortes, 15 ocorreram no estado de S\u00e3o Paulo; e as tr\u00eas restantes, no estado do Rio de Janeiro.\" \/>\n<meta property=\"og:url\" content=\"https:\/\/noticiasemdestaque.com\/cd\/?p=23796\" \/>\n<meta property=\"og:site_name\" content=\"Not&iacute;cias em Destaque\" \/>\n<meta property=\"article:published_time\" content=\"2020-03-22T19:31:39+00:00\" \/>\n<meta property=\"og:image\" content=\"https:\/\/noticiasemdestaque.com\/cd\/wp-content\/uploads\/2020\/03\/coletiva_planalto_20200320_0265.jpg\" \/>\n\t<meta property=\"og:image:width\" content=\"1170\" \/>\n\t<meta property=\"og:image:height\" content=\"700\" \/>\n\t<meta property=\"og:image:type\" content=\"image\/jpeg\" \/>\n<meta name=\"author\" content=\"Not\u00edcias em Destaque\" \/>\n<meta name=\"twitter:card\" content=\"summary_large_image\" \/>\n<meta name=\"twitter:label1\" content=\"Escrito por\" \/>\n\t<meta name=\"twitter:data1\" content=\"Not\u00edcias em Destaque\" \/>\n\t<meta name=\"twitter:label2\" content=\"Est. tempo de leitura\" \/>\n\t<meta name=\"twitter:data2\" content=\"1 minuto\" \/>\n<script type=\"application\/ld+json\" class=\"yoast-schema-graph\">{\"@context\":\"https:\/\/schema.org\",\"@graph\":[{\"@type\":\"Article\",\"@id\":\"https:\/\/noticiasemdestaque.com\/cd\/?p=23796#article\",\"isPartOf\":{\"@id\":\"https:\/\/noticiasemdestaque.com\/cd\/?p=23796\"},\"author\":{\"name\":\"Not\u00edcias em Destaque\",\"@id\":\"https:\/\/noticiasemdestaque.com\/cd\/#\/schema\/person\/21320b03a7e8bb90128938dafc9b908a\"},\"headline\":\"N\u00famero de casos de covid-19 confirmados no Brasil sobe para 1.128\",\"datePublished\":\"2020-03-22T19:31:39+00:00\",\"mainEntityOfPage\":{\"@id\":\"https:\/\/noticiasemdestaque.com\/cd\/?p=23796\"},\"wordCount\":190,\"publisher\":{\"@id\":\"https:\/\/noticiasemdestaque.com\/cd\/#organization\"},\"image\":{\"@id\":\"https:\/\/noticiasemdestaque.com\/cd\/?p=23796#primaryimage\"},\"thumbnailUrl\":\"https:\/\/noticiasemdestaque.com\/cd\/wp-content\/uploads\/2020\/03\/coletiva_planalto_20200320_0265.jpg\",\"articleSection\":[\"Sa\u00fade\"],\"inLanguage\":\"pt-BR\"},{\"@type\":\"WebPage\",\"@id\":\"https:\/\/noticiasemdestaque.com\/cd\/?p=23796\",\"url\":\"https:\/\/noticiasemdestaque.com\/cd\/?p=23796\",\"name\":\"N\u00famero de casos de covid-19 confirmados no Brasil sobe para 1.128 - Not&iacute;cias em Destaque\",\"isPartOf\":{\"@id\":\"https:\/\/noticiasemdestaque.com\/cd\/#website\"},\"primaryImageOfPage\":{\"@id\":\"https:\/\/noticiasemdestaque.com\/cd\/?p=23796#primaryimage\"},\"image\":{\"@id\":\"https:\/\/noticiasemdestaque.com\/cd\/?p=23796#primaryimage\"},\"thumbnailUrl\":\"https:\/\/noticiasemdestaque.com\/cd\/wp-content\/uploads\/2020\/03\/coletiva_planalto_20200320_0265.jpg\",\"datePublished\":\"2020-03-22T19:31:39+00:00\",\"breadcrumb\":{\"@id\":\"https:\/\/noticiasemdestaque.com\/cd\/?p=23796#breadcrumb\"},\"inLanguage\":\"pt-BR\",\"potentialAction\":[{\"@type\":\"ReadAction\",\"target\":[\"https:\/\/noticiasemdestaque.com\/cd\/?p=23796\"]}]},{\"@type\":\"ImageObject\",\"inLanguage\":\"pt-BR\",\"@id\":\"https:\/\/noticiasemdestaque.com\/cd\/?p=23796#primaryimage\",\"url\":\"https:\/\/noticiasemdestaque.com\/cd\/wp-content\/uploads\/2020\/03\/coletiva_planalto_20200320_0265.jpg\",\"contentUrl\":\"https:\/\/noticiasemdestaque.com\/cd\/wp-content\/uploads\/2020\/03\/coletiva_planalto_20200320_0265.jpg\",\"width\":1170,\"height\":700,\"caption\":\"O Presidente da Repu\u0301blica, Jair Bolsonaro e o ministro da Sa\u00fade, Luiz Henrique Mandetta, durante coletiva \u00e0 imprensa\"},{\"@type\":\"BreadcrumbList\",\"@id\":\"https:\/\/noticiasemdestaque.com\/cd\/?p=23796#breadcrumb\",\"itemListElement\":[{\"@type\":\"ListItem\",\"position\":1,\"name\":\"In\u00edcio\",\"item\":\"https:\/\/noticiasemdestaque.com\/cd\/\"},{\"@type\":\"ListItem\",\"position\":2,\"name\":\"N\u00famero de casos de covid-19 confirmados no Brasil sobe para 1.128\"}]},{\"@type\":\"WebSite\",\"@id\":\"https:\/\/noticiasemdestaque.com\/cd\/#website\",\"url\":\"https:\/\/noticiasemdestaque.com\/cd\/\",\"name\":\"Not&iacute;cias em Destaque\",\"description\":\"\",\"publisher\":{\"@id\":\"https:\/\/noticiasemdestaque.com\/cd\/#organization\"},\"potentialAction\":[{\"@type\":\"SearchAction\",\"target\":{\"@type\":\"EntryPoint\",\"urlTemplate\":\"https:\/\/noticiasemdestaque.com\/cd\/?s={search_term_string}\"},\"query-input\":{\"@type\":\"PropertyValueSpecification\",\"valueRequired\":true,\"valueName\":\"search_term_string\"}}],\"inLanguage\":\"pt-BR\"},{\"@type\":\"Organization\",\"@id\":\"https:\/\/noticiasemdestaque.com\/cd\/#organization\",\"name\":\"Not\u00edcias em Destaque\",\"url\":\"https:\/\/noticiasemdestaque.com\/cd\/\",\"logo\":{\"@type\":\"ImageObject\",\"inLanguage\":\"pt-BR\",\"@id\":\"https:\/\/noticiasemdestaque.com\/cd\/#\/schema\/logo\/image\/\",\"url\":\"https:\/\/noticiasemdestaque.com\/cd\/wp-content\/uploads\/2022\/05\/imagem-base-noticiasemdestaque.png\",\"contentUrl\":\"https:\/\/noticiasemdestaque.com\/cd\/wp-content\/uploads\/2022\/05\/imagem-base-noticiasemdestaque.png\",\"width\":1200,\"height\":630,\"caption\":\"Not\u00edcias em Destaque\"},\"image\":{\"@id\":\"https:\/\/noticiasemdestaque.com\/cd\/#\/schema\/logo\/image\/\"}},{\"@type\":\"Person\",\"@id\":\"https:\/\/noticiasemdestaque.com\/cd\/#\/schema\/person\/21320b03a7e8bb90128938dafc9b908a\",\"name\":\"Not\u00edcias em Destaque\",\"url\":\"https:\/\/noticiasemdestaque.com\/cd\/?author=2\"}]}<\/script>\n<!-- \/ Yoast SEO plugin. -->","yoast_head_json":{"title":"N\u00famero de casos de covid-19 confirmados no Brasil sobe para 1.128 - Not&iacute;cias em Destaque","robots":{"index":"index","follow":"follow","max-snippet":"max-snippet:-1","max-image-preview":"max-image-preview:large","max-video-preview":"max-video-preview:-1"},"canonical":"https:\/\/noticiasemdestaque.com\/cd\/?p=23796","og_locale":"pt_BR","og_type":"article","og_title":"N\u00famero de casos de covid-19 confirmados no Brasil sobe para 1.128 - Not&iacute;cias em Destaque","og_description":"O n\u00famero de casos de covid-19, doen\u00e7a causada pelo novo coronav\u00edrus, subiu de 904 para 1.128 nas \u00faltimas 24 horas, divulgou h\u00e1 pouco o Minist\u00e9rio da Sa\u00fade. O n\u00famero de mortes aumentou de 11 para 18. Os dados consideram informa\u00e7\u00f5es repassadas pelas secretarias estaduais de sa\u00fade at\u00e9 \u00e0s 16h. O Maranh\u00e3o registrou hoje a primeira ocorr\u00eancia da doen\u00e7a, detectada em um viajante que chegou de outro estado. No momento, apenas Roraima n\u00e3o registra nenhum caso. De acordo com a contagem do Minist\u00e9rio da Sa\u00fade, a regi\u00e3o Sudeste registra o maior n\u00famero de casos, com 642 confirma\u00e7\u00f5es. Em seguida, a regi\u00e3o Nordeste, que soma 168 casos, a regi\u00e3o Sul\u00a0 com 154 casos, o Centro-Oeste com 138 e a regi\u00e3o Norte, com 26. Do total de mortes, 15 ocorreram no estado de S\u00e3o Paulo; e as tr\u00eas restantes, no estado do Rio de Janeiro.","og_url":"https:\/\/noticiasemdestaque.com\/cd\/?p=23796","og_site_name":"Not&iacute;cias em Destaque","article_published_time":"2020-03-22T19:31:39+00:00","og_image":[{"width":1170,"height":700,"url":"https:\/\/noticiasemdestaque.com\/cd\/wp-content\/uploads\/2020\/03\/coletiva_planalto_20200320_0265.jpg","type":"image\/jpeg"}],"author":"Not\u00edcias em Destaque","twitter_card":"summary_large_image","twitter_misc":{"Escrito por":"Not\u00edcias em Destaque","Est. tempo de leitura":"1 minuto"},"schema":{"@context":"https:\/\/schema.org","@graph":[{"@type":"Article","@id":"https:\/\/noticiasemdestaque.com\/cd\/?p=23796#article","isPartOf":{"@id":"https:\/\/noticiasemdestaque.com\/cd\/?p=23796"},"author":{"name":"Not\u00edcias em Destaque","@id":"https:\/\/noticiasemdestaque.com\/cd\/#\/schema\/person\/21320b03a7e8bb90128938dafc9b908a"},"headline":"N\u00famero de casos de covid-19 confirmados no Brasil sobe para 1.128","datePublished":"2020-03-22T19:31:39+00:00","mainEntityOfPage":{"@id":"https:\/\/noticiasemdestaque.com\/cd\/?p=23796"},"wordCount":190,"publisher":{"@id":"https:\/\/noticiasemdestaque.com\/cd\/#organization"},"image":{"@id":"https:\/\/noticiasemdestaque.com\/cd\/?p=23796#primaryimage"},"thumbnailUrl":"https:\/\/noticiasemdestaque.com\/cd\/wp-content\/uploads\/2020\/03\/coletiva_planalto_20200320_0265.jpg","articleSection":["Sa\u00fade"],"inLanguage":"pt-BR"},{"@type":"WebPage","@id":"https:\/\/noticiasemdestaque.com\/cd\/?p=23796","url":"https:\/\/noticiasemdestaque.com\/cd\/?p=23796","name":"N\u00famero de casos de covid-19 confirmados no Brasil sobe para 1.128 - Not&iacute;cias em Destaque","isPartOf":{"@id":"https:\/\/noticiasemdestaque.com\/cd\/#website"},"primaryImageOfPage":{"@id":"https:\/\/noticiasemdestaque.com\/cd\/?p=23796#primaryimage"},"image":{"@id":"https:\/\/noticiasemdestaque.com\/cd\/?p=23796#primaryimage"},"thumbnailUrl":"https:\/\/noticiasemdestaque.com\/cd\/wp-content\/uploads\/2020\/03\/coletiva_planalto_20200320_0265.jpg","datePublished":"2020-03-22T19:31:39+00:00","breadcrumb":{"@id":"https:\/\/noticiasemdestaque.com\/cd\/?p=23796#breadcrumb"},"inLanguage":"pt-BR","potentialAction":[{"@type":"ReadAction","target":["https:\/\/noticiasemdestaque.com\/cd\/?p=23796"]}]},{"@type":"ImageObject","inLanguage":"pt-BR","@id":"https:\/\/noticiasemdestaque.com\/cd\/?p=23796#primaryimage","url":"https:\/\/noticiasemdestaque.com\/cd\/wp-content\/uploads\/2020\/03\/coletiva_planalto_20200320_0265.jpg","contentUrl":"https:\/\/noticiasemdestaque.com\/cd\/wp-content\/uploads\/2020\/03\/coletiva_planalto_20200320_0265.jpg","width":1170,"height":700,"caption":"O Presidente da Repu\u0301blica, Jair Bolsonaro e o ministro da Sa\u00fade, Luiz Henrique Mandetta, durante coletiva \u00e0 imprensa"},{"@type":"BreadcrumbList","@id":"https:\/\/noticiasemdestaque.com\/cd\/?p=23796#breadcrumb","itemListElement":[{"@type":"ListItem","position":1,"name":"In\u00edcio","item":"https:\/\/noticiasemdestaque.com\/cd\/"},{"@type":"ListItem","position":2,"name":"N\u00famero de casos de covid-19 confirmados no Brasil sobe para 1.128"}]},{"@type":"WebSite","@id":"https:\/\/noticiasemdestaque.com\/cd\/#website","url":"https:\/\/noticiasemdestaque.com\/cd\/","name":"Not&iacute;cias em Destaque","description":"","publisher":{"@id":"https:\/\/noticiasemdestaque.com\/cd\/#organization"},"potentialAction":[{"@type":"SearchAction","target":{"@type":"EntryPoint","urlTemplate":"https:\/\/noticiasemdestaque.com\/cd\/?s={search_term_string}"},"query-input":{"@type":"PropertyValueSpecification","valueRequired":true,"valueName":"search_term_string"}}],"inLanguage":"pt-BR"},{"@type":"Organization","@id":"https:\/\/noticiasemdestaque.com\/cd\/#organization","name":"Not\u00edcias em Destaque","url":"https:\/\/noticiasemdestaque.com\/cd\/","logo":{"@type":"ImageObject","inLanguage":"pt-BR","@id":"https:\/\/noticiasemdestaque.com\/cd\/#\/schema\/logo\/image\/","url":"https:\/\/noticiasemdestaque.com\/cd\/wp-content\/uploads\/2022\/05\/imagem-base-noticiasemdestaque.png","contentUrl":"https:\/\/noticiasemdestaque.com\/cd\/wp-content\/uploads\/2022\/05\/imagem-base-noticiasemdestaque.png","width":1200,"height":630,"caption":"Not\u00edcias em Destaque"},"image":{"@id":"https:\/\/noticiasemdestaque.com\/cd\/#\/schema\/logo\/image\/"}},{"@type":"Person","@id":"https:\/\/noticiasemdestaque.com\/cd\/#\/schema\/person\/21320b03a7e8bb90128938dafc9b908a","name":"Not\u00edcias em Destaque","url":"https:\/\/noticiasemdestaque.com\/cd\/?author=2"}]}},"jetpack_featured_media_url":"https:\/\/noticiasemdestaque.com\/cd\/wp-content\/uploads\/2020\/03\/coletiva_planalto_20200320_0265.jpg","jetpack_sharing_enabled":true,"_links":{"self":[{"href":"https:\/\/noticiasemdestaque.com\/cd\/index.php?rest_route=\/wp\/v2\/posts\/23796","targetHints":{"allow":["GET"]}}],"collection":[{"href":"https:\/\/noticiasemdestaque.com\/cd\/index.php?rest_route=\/wp\/v2\/posts"}],"about":[{"href":"https:\/\/noticiasemdestaque.com\/cd\/index.php?rest_route=\/wp\/v2\/types\/post"}],"author":[{"embeddable":true,"href":"https:\/\/noticiasemdestaque.com\/cd\/index.php?rest_route=\/wp\/v2\/users\/2"}],"replies":[{"embeddable":true,"href":"https:\/\/noticiasemdestaque.com\/cd\/index.php?rest_route=%2Fwp%2Fv2%2Fcomments&post=23796"}],"version-history":[{"count":1,"href":"https:\/\/noticiasemdestaque.com\/cd\/index.php?rest_route=\/wp\/v2\/posts\/23796\/revisions"}],"predecessor-version":[{"id":23798,"href":"https:\/\/noticiasemdestaque.com\/cd\/index.php?rest_route=\/wp\/v2\/posts\/23796\/revisions\/23798"}],"wp:featuredmedia":[{"embeddable":true,"href":"https:\/\/noticiasemdestaque.com\/cd\/index.php?rest_route=\/wp\/v2\/media\/23797"}],"wp:attachment":[{"href":"https:\/\/noticiasemdestaque.com\/cd\/index.php?rest_route=%2Fwp%2Fv2%2Fmedia&parent=23796"}],"wp:term":[{"taxonomy":"category","embeddable":true,"href":"https:\/\/noticiasemdestaque.com\/cd\/index.php?rest_route=%2Fwp%2Fv2%2Fcategories&post=23796"},{"taxonomy":"post_tag","embeddable":true,"href":"https:\/\/noticiasemdestaque.com\/cd\/index.php?rest_route=%2Fwp%2Fv2%2Ftags&post=23796"}],"curies":[{"name":"wp","href":"https:\/\/api.w.org\/{rel}","templated":true}]}}