{"id":23673,"date":"2020-03-13T08:59:15","date_gmt":"2020-03-13T11:59:15","guid":{"rendered":"http:\/\/noticiasemdestaque.com\/cd\/?p=23673"},"modified":"2020-03-13T08:59:15","modified_gmt":"2020-03-13T11:59:15","slug":"terminam-hoje-as-inscricoes-para-as-vagas-remanescentes-do-sisu-2020-1-da-ufcg","status":"publish","type":"post","link":"https:\/\/noticiasemdestaque.com\/cd\/?p=23673","title":{"rendered":"Terminam hoje as inscri\u00e7\u00f5es para as vagas remanescentes do SISU 2020.1 da UFCG"},"content":{"rendered":"<p><a href=\"https:\/\/noticiasemdestaque.com\/cd\/wp-content\/uploads\/2017\/10\/timthumb-1-1.jpg\"><img fetchpriority=\"high\" decoding=\"async\" class=\"size-full wp-image-5359 aligncenter\" src=\"https:\/\/noticiasemdestaque.com\/cd\/wp-content\/uploads\/2017\/10\/timthumb-1-1.jpg\" alt=\"\" width=\"547\" height=\"398\" srcset=\"https:\/\/noticiasemdestaque.com\/cd\/wp-content\/uploads\/2017\/10\/timthumb-1-1.jpg 547w, https:\/\/noticiasemdestaque.com\/cd\/wp-content\/uploads\/2017\/10\/timthumb-1-1-300x218.jpg 300w\" sizes=\"(max-width: 547px) 100vw, 547px\" \/><\/a><\/p>\n<p>Ser\u00e3o encerradas hoje(13\/03), as inscri\u00e7\u00f5es para os interessados em concorrer ao edital para o preenchimento de vagas remanescentes oriundas do Sistema de Sele\u00e7\u00e3o Unificada (SISU), para ingresso no per\u00edodo letivo 2020.1 na Universidade Federal de Campina Grande (UFCG). O Campus Sum\u00e9 (Centro de Desenvolvimento Sustent\u00e1vel do Semi\u00e1rido) est\u00e1 oferecendo 77 vagas no total, distribu\u00eddas para os cursos de de Agroecologia (10 vagas), Licenciatura em Ci\u00eancias Sociais (1 vaga), Engenharia de Biossistemas (8 vagas), Engenharia de Biotecnologia e Bioprocessos (20 vagas), Engenharia de Produ\u00e7\u00e3o (11 vagas) e Interdisciplinar em Educa\u00e7\u00e3o do Campo (27 vagas).<\/p>\n<p>As inscri\u00e7\u00f5es s\u00e3o gratuitas\u00a0e devem ser feitas no site da Comiss\u00e3o de Processos Vestibulares (Comprov) &#8211;\u00a0<a href=\"http:\/\/www.comprov.ufcg.edu.br\/\" target=\"_blank\" rel=\"noopener noreferrer\">www.comprov.ufcg.edu.br<\/a>.<\/p>\n<p>Para participar, \u00e9 necess\u00e1rio ter realizado o Exame Nacional do Ensino M\u00e9dio (ENEM) no ano de 2019, com m\u00e9dia aritm\u00e9tica maior que 400 pontos. A sele\u00e7\u00e3o ser\u00e1 feita por meio da maior nota obtida no ENEM, por ordem de classifica\u00e7\u00e3o. O resultado ser\u00e1 publicado a partir das 15h do dia 16 de mar\u00e7o. O cadastramento e matr\u00edcula em disciplinas dos classificados acontecer\u00e3o no dia 18.<\/p>\n<p>Caso ainda existam vagas remanescentes ap\u00f3s a divulga\u00e7\u00e3o dos classificados, uma segunda chamada ser\u00e1 realizada no dia 19 de mar\u00e7o, com cadastramento e matr\u00edcula sendo realizados no dia 20.<\/p>\n<p>Confira outras informa\u00e7\u00f5es no\u00a0<a href=\"https:\/\/comprov.ufcg.edu.br\/phocadownload\/userupload\/graduacao\/vagas-remanescentes2020\/Edital%20PRE%20No%2003.2020%20-%20Processo%20Seletivo%202020.1%20-%20Vagas%20Remanescentes.pdf\" target=\"_blank\" rel=\"noopener noreferrer\">edital (acesse aqui)<\/a>.<\/p>\n<p>&nbsp;<\/p>\n<p>Fonte: Assimp CDSA\/UFCG<\/p>\n","protected":false},"excerpt":{"rendered":"<p>Ser\u00e3o encerradas hoje(13\/03), as inscri\u00e7\u00f5es para os interessados em concorrer ao edital para o preenchimento de vagas remanescentes oriundas do Sistema de Sele\u00e7\u00e3o Unificada (SISU), para ingresso no per\u00edodo letivo 2020.1 na Universidade Federal de Campina Grande (UFCG). O Campus Sum\u00e9 (Centro de Desenvolvimento Sustent\u00e1vel do Semi\u00e1rido) est\u00e1 oferecendo 77 vagas no total, distribu\u00eddas para os cursos de de Agroecologia (10 vagas), Licenciatura em Ci\u00eancias Sociais (1 vaga), Engenharia de Biossistemas (8 vagas), Engenharia de Biotecnologia e Bioprocessos (20 vagas), Engenharia de Produ\u00e7\u00e3o (11 vagas) e Interdisciplinar em Educa\u00e7\u00e3o do Campo (27 vagas). As inscri\u00e7\u00f5es s\u00e3o gratuitas\u00a0e devem ser feitas no site da Comiss\u00e3o de Processos Vestibulares (Comprov) &#8211;\u00a0www.comprov.ufcg.edu.br. Para participar, \u00e9 necess\u00e1rio ter realizado o Exame Nacional do Ensino M\u00e9dio (ENEM) no ano de 2019, com m\u00e9dia aritm\u00e9tica maior que 400 pontos. A sele\u00e7\u00e3o ser\u00e1 feita por meio da maior nota obtida no ENEM, por ordem de classifica\u00e7\u00e3o. O resultado ser\u00e1 publicado a partir das 15h do dia 16 de mar\u00e7o. O cadastramento e matr\u00edcula em disciplinas dos classificados acontecer\u00e3o no dia 18. Caso ainda existam vagas remanescentes ap\u00f3s a divulga\u00e7\u00e3o dos classificados, uma segunda chamada ser\u00e1 realizada no dia 19 de mar\u00e7o, com cadastramento e matr\u00edcula sendo realizados no dia 20. Confira outras informa\u00e7\u00f5es no\u00a0edital (acesse aqui). &nbsp; Fonte: Assimp CDSA\/UFCG<\/p>\n","protected":false},"author":2,"featured_media":5359,"comment_status":"closed","ping_status":"open","sticky":false,"template":"","format":"standard","meta":{"_eb_attr":"","_jetpack_memberships_contains_paid_content":false,"footnotes":""},"categories":[6],"tags":[],"class_list":["post-23673","post","type-post","status-publish","format-standard","has-post-thumbnail","hentry","category-educacao"],"yoast_head":"<!-- This site is optimized with the Yoast SEO plugin v26.5 - https:\/\/yoast.com\/wordpress\/plugins\/seo\/ -->\n<title>Terminam hoje as inscri\u00e7\u00f5es para as vagas remanescentes do SISU 2020.1 da UFCG - Not&iacute;cias em Destaque<\/title>\n<meta name=\"robots\" content=\"index, follow, max-snippet:-1, max-image-preview:large, max-video-preview:-1\" \/>\n<link rel=\"canonical\" href=\"https:\/\/noticiasemdestaque.com\/cd\/?p=23673\" \/>\n<meta property=\"og:locale\" content=\"pt_BR\" \/>\n<meta property=\"og:type\" content=\"article\" \/>\n<meta property=\"og:title\" content=\"Terminam hoje as inscri\u00e7\u00f5es para as vagas remanescentes do SISU 2020.1 da UFCG - Not&iacute;cias em Destaque\" \/>\n<meta property=\"og:description\" content=\"Ser\u00e3o encerradas hoje(13\/03), as inscri\u00e7\u00f5es para os interessados em concorrer ao edital para o preenchimento de vagas remanescentes oriundas do Sistema de Sele\u00e7\u00e3o Unificada (SISU), para ingresso no per\u00edodo letivo 2020.1 na Universidade Federal de Campina Grande (UFCG). O Campus Sum\u00e9 (Centro de Desenvolvimento Sustent\u00e1vel do Semi\u00e1rido) est\u00e1 oferecendo 77 vagas no total, distribu\u00eddas para os cursos de de Agroecologia (10 vagas), Licenciatura em Ci\u00eancias Sociais (1 vaga), Engenharia de Biossistemas (8 vagas), Engenharia de Biotecnologia e Bioprocessos (20 vagas), Engenharia de Produ\u00e7\u00e3o (11 vagas) e Interdisciplinar em Educa\u00e7\u00e3o do Campo (27 vagas). As inscri\u00e7\u00f5es s\u00e3o gratuitas\u00a0e devem ser feitas no site da Comiss\u00e3o de Processos Vestibulares (Comprov) &#8211;\u00a0www.comprov.ufcg.edu.br. Para participar, \u00e9 necess\u00e1rio ter realizado o Exame Nacional do Ensino M\u00e9dio (ENEM) no ano de 2019, com m\u00e9dia aritm\u00e9tica maior que 400 pontos. A sele\u00e7\u00e3o ser\u00e1 feita por meio da maior nota obtida no ENEM, por ordem de classifica\u00e7\u00e3o. O resultado ser\u00e1 publicado a partir das 15h do dia 16 de mar\u00e7o. O cadastramento e matr\u00edcula em disciplinas dos classificados acontecer\u00e3o no dia 18. Caso ainda existam vagas remanescentes ap\u00f3s a divulga\u00e7\u00e3o dos classificados, uma segunda chamada ser\u00e1 realizada no dia 19 de mar\u00e7o, com cadastramento e matr\u00edcula sendo realizados no dia 20. Confira outras informa\u00e7\u00f5es no\u00a0edital (acesse aqui). &nbsp; Fonte: Assimp CDSA\/UFCG\" \/>\n<meta property=\"og:url\" content=\"https:\/\/noticiasemdestaque.com\/cd\/?p=23673\" \/>\n<meta property=\"og:site_name\" content=\"Not&iacute;cias em Destaque\" \/>\n<meta property=\"article:published_time\" content=\"2020-03-13T11:59:15+00:00\" \/>\n<meta property=\"og:image\" content=\"https:\/\/noticiasemdestaque.com\/cd\/wp-content\/uploads\/2017\/10\/timthumb-1-1.jpg\" \/>\n\t<meta property=\"og:image:width\" content=\"547\" \/>\n\t<meta property=\"og:image:height\" content=\"398\" \/>\n\t<meta property=\"og:image:type\" content=\"image\/jpeg\" \/>\n<meta name=\"author\" content=\"Not\u00edcias em Destaque\" \/>\n<meta name=\"twitter:card\" content=\"summary_large_image\" \/>\n<meta name=\"twitter:label1\" content=\"Escrito por\" \/>\n\t<meta name=\"twitter:data1\" content=\"Not\u00edcias em Destaque\" \/>\n\t<meta name=\"twitter:label2\" content=\"Est. tempo de leitura\" \/>\n\t<meta name=\"twitter:data2\" content=\"1 minuto\" \/>\n<script type=\"application\/ld+json\" class=\"yoast-schema-graph\">{\"@context\":\"https:\/\/schema.org\",\"@graph\":[{\"@type\":\"Article\",\"@id\":\"https:\/\/noticiasemdestaque.com\/cd\/?p=23673#article\",\"isPartOf\":{\"@id\":\"https:\/\/noticiasemdestaque.com\/cd\/?p=23673\"},\"author\":{\"name\":\"Not\u00edcias em Destaque\",\"@id\":\"https:\/\/noticiasemdestaque.com\/cd\/#\/schema\/person\/21320b03a7e8bb90128938dafc9b908a\"},\"headline\":\"Terminam hoje as inscri\u00e7\u00f5es para as vagas remanescentes do SISU 2020.1 da UFCG\",\"datePublished\":\"2020-03-13T11:59:15+00:00\",\"mainEntityOfPage\":{\"@id\":\"https:\/\/noticiasemdestaque.com\/cd\/?p=23673\"},\"wordCount\":246,\"publisher\":{\"@id\":\"https:\/\/noticiasemdestaque.com\/cd\/#organization\"},\"image\":{\"@id\":\"https:\/\/noticiasemdestaque.com\/cd\/?p=23673#primaryimage\"},\"thumbnailUrl\":\"https:\/\/noticiasemdestaque.com\/cd\/wp-content\/uploads\/2017\/10\/timthumb-1-1.jpg\",\"articleSection\":[\"Educa\u00e7\u00e3o\"],\"inLanguage\":\"pt-BR\"},{\"@type\":\"WebPage\",\"@id\":\"https:\/\/noticiasemdestaque.com\/cd\/?p=23673\",\"url\":\"https:\/\/noticiasemdestaque.com\/cd\/?p=23673\",\"name\":\"Terminam hoje as inscri\u00e7\u00f5es para as vagas remanescentes do SISU 2020.1 da UFCG - Not&iacute;cias em Destaque\",\"isPartOf\":{\"@id\":\"https:\/\/noticiasemdestaque.com\/cd\/#website\"},\"primaryImageOfPage\":{\"@id\":\"https:\/\/noticiasemdestaque.com\/cd\/?p=23673#primaryimage\"},\"image\":{\"@id\":\"https:\/\/noticiasemdestaque.com\/cd\/?p=23673#primaryimage\"},\"thumbnailUrl\":\"https:\/\/noticiasemdestaque.com\/cd\/wp-content\/uploads\/2017\/10\/timthumb-1-1.jpg\",\"datePublished\":\"2020-03-13T11:59:15+00:00\",\"breadcrumb\":{\"@id\":\"https:\/\/noticiasemdestaque.com\/cd\/?p=23673#breadcrumb\"},\"inLanguage\":\"pt-BR\",\"potentialAction\":[{\"@type\":\"ReadAction\",\"target\":[\"https:\/\/noticiasemdestaque.com\/cd\/?p=23673\"]}]},{\"@type\":\"ImageObject\",\"inLanguage\":\"pt-BR\",\"@id\":\"https:\/\/noticiasemdestaque.com\/cd\/?p=23673#primaryimage\",\"url\":\"https:\/\/noticiasemdestaque.com\/cd\/wp-content\/uploads\/2017\/10\/timthumb-1-1.jpg\",\"contentUrl\":\"https:\/\/noticiasemdestaque.com\/cd\/wp-content\/uploads\/2017\/10\/timthumb-1-1.jpg\",\"width\":547,\"height\":398},{\"@type\":\"BreadcrumbList\",\"@id\":\"https:\/\/noticiasemdestaque.com\/cd\/?p=23673#breadcrumb\",\"itemListElement\":[{\"@type\":\"ListItem\",\"position\":1,\"name\":\"In\u00edcio\",\"item\":\"https:\/\/noticiasemdestaque.com\/cd\/\"},{\"@type\":\"ListItem\",\"position\":2,\"name\":\"Terminam hoje as inscri\u00e7\u00f5es para as vagas remanescentes do SISU 2020.1 da UFCG\"}]},{\"@type\":\"WebSite\",\"@id\":\"https:\/\/noticiasemdestaque.com\/cd\/#website\",\"url\":\"https:\/\/noticiasemdestaque.com\/cd\/\",\"name\":\"Not&iacute;cias em Destaque\",\"description\":\"\",\"publisher\":{\"@id\":\"https:\/\/noticiasemdestaque.com\/cd\/#organization\"},\"potentialAction\":[{\"@type\":\"SearchAction\",\"target\":{\"@type\":\"EntryPoint\",\"urlTemplate\":\"https:\/\/noticiasemdestaque.com\/cd\/?s={search_term_string}\"},\"query-input\":{\"@type\":\"PropertyValueSpecification\",\"valueRequired\":true,\"valueName\":\"search_term_string\"}}],\"inLanguage\":\"pt-BR\"},{\"@type\":\"Organization\",\"@id\":\"https:\/\/noticiasemdestaque.com\/cd\/#organization\",\"name\":\"Not\u00edcias em Destaque\",\"url\":\"https:\/\/noticiasemdestaque.com\/cd\/\",\"logo\":{\"@type\":\"ImageObject\",\"inLanguage\":\"pt-BR\",\"@id\":\"https:\/\/noticiasemdestaque.com\/cd\/#\/schema\/logo\/image\/\",\"url\":\"https:\/\/noticiasemdestaque.com\/cd\/wp-content\/uploads\/2022\/05\/imagem-base-noticiasemdestaque.png\",\"contentUrl\":\"https:\/\/noticiasemdestaque.com\/cd\/wp-content\/uploads\/2022\/05\/imagem-base-noticiasemdestaque.png\",\"width\":1200,\"height\":630,\"caption\":\"Not\u00edcias em Destaque\"},\"image\":{\"@id\":\"https:\/\/noticiasemdestaque.com\/cd\/#\/schema\/logo\/image\/\"}},{\"@type\":\"Person\",\"@id\":\"https:\/\/noticiasemdestaque.com\/cd\/#\/schema\/person\/21320b03a7e8bb90128938dafc9b908a\",\"name\":\"Not\u00edcias em Destaque\",\"url\":\"https:\/\/noticiasemdestaque.com\/cd\/?author=2\"}]}<\/script>\n<!-- \/ Yoast SEO plugin. -->","yoast_head_json":{"title":"Terminam hoje as inscri\u00e7\u00f5es para as vagas remanescentes do SISU 2020.1 da UFCG - Not&iacute;cias em Destaque","robots":{"index":"index","follow":"follow","max-snippet":"max-snippet:-1","max-image-preview":"max-image-preview:large","max-video-preview":"max-video-preview:-1"},"canonical":"https:\/\/noticiasemdestaque.com\/cd\/?p=23673","og_locale":"pt_BR","og_type":"article","og_title":"Terminam hoje as inscri\u00e7\u00f5es para as vagas remanescentes do SISU 2020.1 da UFCG - Not&iacute;cias em Destaque","og_description":"Ser\u00e3o encerradas hoje(13\/03), as inscri\u00e7\u00f5es para os interessados em concorrer ao edital para o preenchimento de vagas remanescentes oriundas do Sistema de Sele\u00e7\u00e3o Unificada (SISU), para ingresso no per\u00edodo letivo 2020.1 na Universidade Federal de Campina Grande (UFCG). O Campus Sum\u00e9 (Centro de Desenvolvimento Sustent\u00e1vel do Semi\u00e1rido) est\u00e1 oferecendo 77 vagas no total, distribu\u00eddas para os cursos de de Agroecologia (10 vagas), Licenciatura em Ci\u00eancias Sociais (1 vaga), Engenharia de Biossistemas (8 vagas), Engenharia de Biotecnologia e Bioprocessos (20 vagas), Engenharia de Produ\u00e7\u00e3o (11 vagas) e Interdisciplinar em Educa\u00e7\u00e3o do Campo (27 vagas). As inscri\u00e7\u00f5es s\u00e3o gratuitas\u00a0e devem ser feitas no site da Comiss\u00e3o de Processos Vestibulares (Comprov) &#8211;\u00a0www.comprov.ufcg.edu.br. Para participar, \u00e9 necess\u00e1rio ter realizado o Exame Nacional do Ensino M\u00e9dio (ENEM) no ano de 2019, com m\u00e9dia aritm\u00e9tica maior que 400 pontos. A sele\u00e7\u00e3o ser\u00e1 feita por meio da maior nota obtida no ENEM, por ordem de classifica\u00e7\u00e3o. O resultado ser\u00e1 publicado a partir das 15h do dia 16 de mar\u00e7o. O cadastramento e matr\u00edcula em disciplinas dos classificados acontecer\u00e3o no dia 18. Caso ainda existam vagas remanescentes ap\u00f3s a divulga\u00e7\u00e3o dos classificados, uma segunda chamada ser\u00e1 realizada no dia 19 de mar\u00e7o, com cadastramento e matr\u00edcula sendo realizados no dia 20. Confira outras informa\u00e7\u00f5es no\u00a0edital (acesse aqui). &nbsp; Fonte: Assimp CDSA\/UFCG","og_url":"https:\/\/noticiasemdestaque.com\/cd\/?p=23673","og_site_name":"Not&iacute;cias em Destaque","article_published_time":"2020-03-13T11:59:15+00:00","og_image":[{"width":547,"height":398,"url":"https:\/\/noticiasemdestaque.com\/cd\/wp-content\/uploads\/2017\/10\/timthumb-1-1.jpg","type":"image\/jpeg"}],"author":"Not\u00edcias em Destaque","twitter_card":"summary_large_image","twitter_misc":{"Escrito por":"Not\u00edcias em Destaque","Est. tempo de leitura":"1 minuto"},"schema":{"@context":"https:\/\/schema.org","@graph":[{"@type":"Article","@id":"https:\/\/noticiasemdestaque.com\/cd\/?p=23673#article","isPartOf":{"@id":"https:\/\/noticiasemdestaque.com\/cd\/?p=23673"},"author":{"name":"Not\u00edcias em Destaque","@id":"https:\/\/noticiasemdestaque.com\/cd\/#\/schema\/person\/21320b03a7e8bb90128938dafc9b908a"},"headline":"Terminam hoje as inscri\u00e7\u00f5es para as vagas remanescentes do SISU 2020.1 da UFCG","datePublished":"2020-03-13T11:59:15+00:00","mainEntityOfPage":{"@id":"https:\/\/noticiasemdestaque.com\/cd\/?p=23673"},"wordCount":246,"publisher":{"@id":"https:\/\/noticiasemdestaque.com\/cd\/#organization"},"image":{"@id":"https:\/\/noticiasemdestaque.com\/cd\/?p=23673#primaryimage"},"thumbnailUrl":"https:\/\/noticiasemdestaque.com\/cd\/wp-content\/uploads\/2017\/10\/timthumb-1-1.jpg","articleSection":["Educa\u00e7\u00e3o"],"inLanguage":"pt-BR"},{"@type":"WebPage","@id":"https:\/\/noticiasemdestaque.com\/cd\/?p=23673","url":"https:\/\/noticiasemdestaque.com\/cd\/?p=23673","name":"Terminam hoje as inscri\u00e7\u00f5es para as vagas remanescentes do SISU 2020.1 da UFCG - Not&iacute;cias em Destaque","isPartOf":{"@id":"https:\/\/noticiasemdestaque.com\/cd\/#website"},"primaryImageOfPage":{"@id":"https:\/\/noticiasemdestaque.com\/cd\/?p=23673#primaryimage"},"image":{"@id":"https:\/\/noticiasemdestaque.com\/cd\/?p=23673#primaryimage"},"thumbnailUrl":"https:\/\/noticiasemdestaque.com\/cd\/wp-content\/uploads\/2017\/10\/timthumb-1-1.jpg","datePublished":"2020-03-13T11:59:15+00:00","breadcrumb":{"@id":"https:\/\/noticiasemdestaque.com\/cd\/?p=23673#breadcrumb"},"inLanguage":"pt-BR","potentialAction":[{"@type":"ReadAction","target":["https:\/\/noticiasemdestaque.com\/cd\/?p=23673"]}]},{"@type":"ImageObject","inLanguage":"pt-BR","@id":"https:\/\/noticiasemdestaque.com\/cd\/?p=23673#primaryimage","url":"https:\/\/noticiasemdestaque.com\/cd\/wp-content\/uploads\/2017\/10\/timthumb-1-1.jpg","contentUrl":"https:\/\/noticiasemdestaque.com\/cd\/wp-content\/uploads\/2017\/10\/timthumb-1-1.jpg","width":547,"height":398},{"@type":"BreadcrumbList","@id":"https:\/\/noticiasemdestaque.com\/cd\/?p=23673#breadcrumb","itemListElement":[{"@type":"ListItem","position":1,"name":"In\u00edcio","item":"https:\/\/noticiasemdestaque.com\/cd\/"},{"@type":"ListItem","position":2,"name":"Terminam hoje as inscri\u00e7\u00f5es para as vagas remanescentes do SISU 2020.1 da UFCG"}]},{"@type":"WebSite","@id":"https:\/\/noticiasemdestaque.com\/cd\/#website","url":"https:\/\/noticiasemdestaque.com\/cd\/","name":"Not&iacute;cias em Destaque","description":"","publisher":{"@id":"https:\/\/noticiasemdestaque.com\/cd\/#organization"},"potentialAction":[{"@type":"SearchAction","target":{"@type":"EntryPoint","urlTemplate":"https:\/\/noticiasemdestaque.com\/cd\/?s={search_term_string}"},"query-input":{"@type":"PropertyValueSpecification","valueRequired":true,"valueName":"search_term_string"}}],"inLanguage":"pt-BR"},{"@type":"Organization","@id":"https:\/\/noticiasemdestaque.com\/cd\/#organization","name":"Not\u00edcias em Destaque","url":"https:\/\/noticiasemdestaque.com\/cd\/","logo":{"@type":"ImageObject","inLanguage":"pt-BR","@id":"https:\/\/noticiasemdestaque.com\/cd\/#\/schema\/logo\/image\/","url":"https:\/\/noticiasemdestaque.com\/cd\/wp-content\/uploads\/2022\/05\/imagem-base-noticiasemdestaque.png","contentUrl":"https:\/\/noticiasemdestaque.com\/cd\/wp-content\/uploads\/2022\/05\/imagem-base-noticiasemdestaque.png","width":1200,"height":630,"caption":"Not\u00edcias em Destaque"},"image":{"@id":"https:\/\/noticiasemdestaque.com\/cd\/#\/schema\/logo\/image\/"}},{"@type":"Person","@id":"https:\/\/noticiasemdestaque.com\/cd\/#\/schema\/person\/21320b03a7e8bb90128938dafc9b908a","name":"Not\u00edcias em Destaque","url":"https:\/\/noticiasemdestaque.com\/cd\/?author=2"}]}},"jetpack_featured_media_url":"https:\/\/noticiasemdestaque.com\/cd\/wp-content\/uploads\/2017\/10\/timthumb-1-1.jpg","jetpack_sharing_enabled":true,"_links":{"self":[{"href":"https:\/\/noticiasemdestaque.com\/cd\/index.php?rest_route=\/wp\/v2\/posts\/23673","targetHints":{"allow":["GET"]}}],"collection":[{"href":"https:\/\/noticiasemdestaque.com\/cd\/index.php?rest_route=\/wp\/v2\/posts"}],"about":[{"href":"https:\/\/noticiasemdestaque.com\/cd\/index.php?rest_route=\/wp\/v2\/types\/post"}],"author":[{"embeddable":true,"href":"https:\/\/noticiasemdestaque.com\/cd\/index.php?rest_route=\/wp\/v2\/users\/2"}],"replies":[{"embeddable":true,"href":"https:\/\/noticiasemdestaque.com\/cd\/index.php?rest_route=%2Fwp%2Fv2%2Fcomments&post=23673"}],"version-history":[{"count":2,"href":"https:\/\/noticiasemdestaque.com\/cd\/index.php?rest_route=\/wp\/v2\/posts\/23673\/revisions"}],"predecessor-version":[{"id":23675,"href":"https:\/\/noticiasemdestaque.com\/cd\/index.php?rest_route=\/wp\/v2\/posts\/23673\/revisions\/23675"}],"wp:featuredmedia":[{"embeddable":true,"href":"https:\/\/noticiasemdestaque.com\/cd\/index.php?rest_route=\/wp\/v2\/media\/5359"}],"wp:attachment":[{"href":"https:\/\/noticiasemdestaque.com\/cd\/index.php?rest_route=%2Fwp%2Fv2%2Fmedia&parent=23673"}],"wp:term":[{"taxonomy":"category","embeddable":true,"href":"https:\/\/noticiasemdestaque.com\/cd\/index.php?rest_route=%2Fwp%2Fv2%2Fcategories&post=23673"},{"taxonomy":"post_tag","embeddable":true,"href":"https:\/\/noticiasemdestaque.com\/cd\/index.php?rest_route=%2Fwp%2Fv2%2Ftags&post=23673"}],"curies":[{"name":"wp","href":"https:\/\/api.w.org\/{rel}","templated":true}]}}