{"id":23660,"date":"2020-03-13T08:38:53","date_gmt":"2020-03-13T11:38:53","guid":{"rendered":"http:\/\/noticiasemdestaque.com\/cd\/?p=23660"},"modified":"2020-03-13T08:38:53","modified_gmt":"2020-03-13T11:38:53","slug":"coronavirus-governo-antecipa-metade-do-13o-de-aposentados-e-suspende-prova-de-vida-do-inss","status":"publish","type":"post","link":"https:\/\/noticiasemdestaque.com\/cd\/?p=23660","title":{"rendered":"Coronav\u00edrus: governo antecipa metade do 13\u00ba de aposentados e suspende prova de vida do INSS"},"content":{"rendered":"<div class=\"mc-column content-text active-extra-styles active-capital-letter\" data-block-type=\"unstyled\" data-block-weight=\"21\" data-block-id=\"1\">\n<p class=\"content-text__container theme-color-primary-first-letter\" data-track-category=\"Link no Texto\" data-track-links=\"\"><a href=\"https:\/\/noticiasemdestaque.com\/cd\/wp-content\/uploads\/2020\/02\/coronavirus.jpg\"><img fetchpriority=\"high\" decoding=\"async\" class=\"alignnone size-full wp-image-23038\" src=\"https:\/\/noticiasemdestaque.com\/cd\/wp-content\/uploads\/2020\/02\/coronavirus.jpg\" alt=\"\" width=\"720\" height=\"405\" srcset=\"https:\/\/noticiasemdestaque.com\/cd\/wp-content\/uploads\/2020\/02\/coronavirus.jpg 720w, https:\/\/noticiasemdestaque.com\/cd\/wp-content\/uploads\/2020\/02\/coronavirus-300x169.jpg 300w\" sizes=\"(max-width: 720px) 100vw, 720px\" \/><\/a><\/p>\n<p class=\"content-text__container theme-color-primary-first-letter\" data-track-category=\"Link no Texto\" data-track-links=\"\">O Minist\u00e9rio da Economia anunciou nesta quinta-feira (12) cinco medidas para reduzir o impacto da epidemia do\u00a0novo coronav\u00edrus\u00a0no pa\u00eds.<\/p>\n<\/div>\n<div class=\"wall protected-content\">\n<div class=\"mc-column content-text active-extra-styles \" data-block-type=\"unstyled\" data-block-weight=\"19\" data-block-id=\"2\">\n<p class=\"content-text__container \" data-track-category=\"Link no Texto\" data-track-links=\"\">Segundo a nota do minist\u00e9rio, as primeiras a\u00e7\u00f5es s\u00e3o \u201cdedicadas especialmente a parcela da popula\u00e7\u00e3o mais vulner\u00e1vel \u00e0 pandemia\u201d.<\/p>\n<\/div>\n<div class=\"mc-column content-text active-extra-styles \" data-block-type=\"unstyled\" data-block-weight=\"44\" data-block-id=\"4\">\n<p class=\"content-text__container  tm_nativeauto\" data-track-category=\"Link no Texto\" data-track-links=\"\">\u201cNeste momento cr\u00edtico, mesmo diante do ex\u00edguo espa\u00e7o fiscal, o Minist\u00e9rio da Economia buscar\u00e1, em conjunto com a C\u00e2mara dos Deputados e o Senado Federal, a realoca\u00e7\u00e3o \u00e1gil de recursos or\u00e7ament\u00e1rios para que n\u00e3o falte suporte ao sistema de sa\u00fade brasileiro\u201d, diz a pasta.<\/p>\n<div id=\"sas_48311\"><\/div>\n<\/div>\n<div class=\"mc-column content-text active-extra-styles \" data-block-type=\"unstyled\" data-block-weight=\"5\" data-block-id=\"5\">\n<p class=\"content-text__container \" data-track-category=\"Link no Texto\" data-track-links=\"\">Foram anunciadas as seguintes medidas:<\/p>\n<\/div>\n<div class=\"mc-column content-text active-extra-styles\" data-block-type=\"raw\" data-block-weight=\"4\" data-block-id=\"6\">\n<ul class=\"content-unordered-list\">\n<li><strong>Antecipa\u00e7\u00e3o do 13\u00ba sal\u00e1rio<\/strong><\/li>\n<\/ul>\n<\/div>\n<div class=\"mc-column content-text active-extra-styles \" data-block-type=\"unstyled\" data-block-weight=\"37\" data-block-id=\"7\">\n<p class=\"content-text__container \" data-track-category=\"Link no Texto\" data-track-links=\"\">O Minist\u00e9rio da Economia anunciou que vai pagar, em abril, a primeira metade do 13\u00ba sal\u00e1rio de aposentados e pensionistas do INSS. Essa parcela, em geral, \u00e9 paga em julho. Ao todo, ser\u00e3o desembolsados R$ 23 bilh\u00f5es.<\/p>\n<\/div>\n<div class=\"mc-column content-text active-extra-styles\" data-block-type=\"raw\" data-block-weight=\"4\" data-block-id=\"8\">\n<ul class=\"content-unordered-list\">\n<li><strong>Prova de vida suspensa<\/strong><\/li>\n<\/ul>\n<\/div>\n<div class=\"mc-column content-text active-extra-styles \" data-block-type=\"unstyled\" data-block-weight=\"23\" data-block-id=\"9\">\n<p class=\"content-text__container \" data-track-category=\"Link no Texto\" data-track-links=\"\">O governo decidiu suspender, por 120 dias, a prova de vida dos benefici\u00e1rios do INSS. A medida deve valer at\u00e9 meados de setembro.<\/p>\n<\/div>\n<div class=\"mc-column content-text active-extra-styles \" data-block-type=\"unstyled\" data-block-weight=\"55\" data-block-id=\"10\">\n<p class=\"content-text__container  aBigClassNameToAvoidCollisionInText\" data-track-category=\"Link no Texto\" data-track-links=\"\">A lei prev\u00ea que, todos os anos, benefici\u00e1rios do INSS precisam comprovar ao governo que est\u00e3o vivos. A medida evita fraudes e pagamento indevido dos benef\u00edcios. Essa comprova\u00e7\u00e3o \u00e9 sempre presencial e pode ser feita em uma ag\u00eancia do INSS, em embaixadas e consulados ou na casa de aposentados e pensionistas com dificuldade de locomo\u00e7\u00e3o.<\/p>\n<div class=\"wall protected-content\">\n<div class=\"mc-column content-text active-extra-styles\" data-block-type=\"raw\" data-block-weight=\"6\" data-block-id=\"11\">\n<ul class=\"content-unordered-list\">\n<li><strong>Reduzir juros do consignado do INSS<\/strong><\/li>\n<\/ul>\n<\/div>\n<div class=\"mc-column content-text active-extra-styles \" data-block-type=\"unstyled\" data-block-weight=\"31\" data-block-id=\"12\">\n<p class=\"content-text__container \" data-track-category=\"Link no Texto\" data-track-links=\"\">O governo vai propor ao Conselho Nacional de Previd\u00eancia Social que reduza os juros m\u00e1ximos do empr\u00e9stimo consignado de benefici\u00e1rios do INSS. O prazo m\u00e1ximo para as opera\u00e7\u00f5es tamb\u00e9m ser\u00e1 ampliado.<\/p>\n<\/div>\n<div class=\"mc-column content-text active-extra-styles \" data-block-type=\"unstyled\" data-block-weight=\"30\" data-block-id=\"13\">\n<p class=\"content-text__container \" data-track-category=\"Link no Texto\" data-track-links=\"\">O Minist\u00e9rio da Economia tamb\u00e9m vai enviar uma proposta para que a margem consign\u00e1vel \u2013 ou seja, o valor m\u00e1ximo do empr\u00e9stimo com base no benef\u00edcio recebido \u2013 seja ampliada.<\/p>\n<\/div>\n<div class=\"mc-column content-text active-extra-styles\" data-block-type=\"raw\" data-block-weight=\"2\" data-block-id=\"14\">\n<ul class=\"content-unordered-list\">\n<li><strong>Prefer\u00eancia tarif\u00e1ria<\/strong><\/li>\n<\/ul>\n<\/div>\n<div class=\"mc-column content-text active-extra-styles \" data-block-type=\"unstyled\" data-block-weight=\"43\" data-block-id=\"15\">\n<p class=\"content-text__container \" data-track-category=\"Link no Texto\" data-track-links=\"\">O Minist\u00e9rio da Economia deve definir, junto com o Minist\u00e9rio da Sa\u00fade, a lista de produtos m\u00e9dico-hospitalares que ter\u00e3o prefer\u00eancia tarif\u00e1ria. Isso significa que o Brasil poder\u00e1 definir impostos de importa\u00e7\u00e3o mais baixos para esses produtos, de modo a garantir o abastecimento nacional.<\/p>\n<\/div>\n<div class=\"mc-column content-text active-extra-styles\" data-block-type=\"raw\" data-block-weight=\"2\" data-block-id=\"17\">\n<ul class=\"content-unordered-list\">\n<li><strong>Desembara\u00e7o aduaneiro<\/strong><\/li>\n<\/ul>\n<\/div>\n<div data-track-category=\"multicontent\" data-track-action=\"ultimo chunk conteudo\" data-track-noninteraction=\"false\" data-track-scroll=\"view\">\n<div class=\"mc-column content-text active-extra-styles \" data-block-type=\"unstyled\" data-block-weight=\"39\" data-block-id=\"18\">\n<p class=\"content-text__container \" data-track-category=\"Link no Texto\" data-track-links=\"\">O minist\u00e9rio definiu que o desembara\u00e7o aduaneiro de produtos m\u00e9dico-hospitalares seja priorizado. Em outras palavras, cargas desses produtos que chegarem ao Brasil ser\u00e3o processadas com maior rapidez na alf\u00e2ndega, para evitar que fiquem retidas e isso prejudique o atendimento.<\/p>\n<\/div>\n<\/div>\n<\/div>\n<p data-track-category=\"Link no Texto\" data-track-links=\"\">Fonte: G1<\/p>\n<div>\n<div id=\"22913-16\" class=\"outbrain-tm\">\n<div id=\"sas_26326\"><\/div>\n<\/div>\n<\/div>\n<\/div>\n<\/div>\n","protected":false},"excerpt":{"rendered":"<p>O Minist\u00e9rio da Economia anunciou nesta quinta-feira (12) cinco medidas para reduzir o impacto da epidemia do\u00a0novo coronav\u00edrus\u00a0no pa\u00eds. Segundo a nota do minist\u00e9rio, as primeiras a\u00e7\u00f5es s\u00e3o \u201cdedicadas especialmente a parcela da popula\u00e7\u00e3o mais vulner\u00e1vel \u00e0 pandemia\u201d. \u201cNeste momento cr\u00edtico, mesmo diante do ex\u00edguo espa\u00e7o fiscal, o Minist\u00e9rio da Economia buscar\u00e1, em conjunto com a C\u00e2mara dos Deputados e o Senado Federal, a realoca\u00e7\u00e3o \u00e1gil de recursos or\u00e7ament\u00e1rios para que n\u00e3o falte suporte ao sistema de sa\u00fade brasileiro\u201d, diz a pasta. Foram anunciadas as seguintes medidas: Antecipa\u00e7\u00e3o do 13\u00ba sal\u00e1rio O Minist\u00e9rio da Economia anunciou que vai pagar, em abril, a primeira metade do 13\u00ba sal\u00e1rio de aposentados e pensionistas do INSS. Essa parcela, em geral, \u00e9 paga em julho. Ao todo, ser\u00e3o desembolsados R$ 23 bilh\u00f5es. Prova de vida suspensa O governo decidiu suspender, por 120 dias, a prova de vida dos benefici\u00e1rios do INSS. A medida deve valer at\u00e9 meados de setembro. A lei prev\u00ea que, todos os anos, benefici\u00e1rios do INSS precisam comprovar ao governo que est\u00e3o vivos. A medida evita fraudes e pagamento indevido dos benef\u00edcios. Essa comprova\u00e7\u00e3o \u00e9 sempre presencial e pode ser feita em uma ag\u00eancia do INSS, em embaixadas e consulados ou na casa de aposentados e pensionistas com dificuldade de locomo\u00e7\u00e3o. Reduzir juros do consignado do INSS O governo vai propor ao Conselho Nacional de Previd\u00eancia Social que reduza os juros m\u00e1ximos do empr\u00e9stimo consignado de benefici\u00e1rios do INSS. O prazo m\u00e1ximo para as opera\u00e7\u00f5es tamb\u00e9m ser\u00e1 ampliado. O Minist\u00e9rio da Economia tamb\u00e9m vai enviar uma proposta para que a margem consign\u00e1vel \u2013 ou seja, o valor m\u00e1ximo do empr\u00e9stimo com base no benef\u00edcio recebido \u2013 seja ampliada. Prefer\u00eancia tarif\u00e1ria O Minist\u00e9rio da Economia deve definir, junto com o Minist\u00e9rio da Sa\u00fade, a lista de produtos m\u00e9dico-hospitalares que ter\u00e3o prefer\u00eancia tarif\u00e1ria. Isso significa que o Brasil poder\u00e1 definir impostos de importa\u00e7\u00e3o mais baixos para esses produtos, de modo a garantir o abastecimento nacional. Desembara\u00e7o aduaneiro O minist\u00e9rio definiu que o desembara\u00e7o aduaneiro de produtos m\u00e9dico-hospitalares seja priorizado. Em outras palavras, cargas desses produtos que chegarem ao Brasil ser\u00e3o processadas com maior rapidez na alf\u00e2ndega, para evitar que fiquem retidas e isso prejudique o atendimento. Fonte: G1<\/p>\n","protected":false},"author":2,"featured_media":23038,"comment_status":"closed","ping_status":"open","sticky":false,"template":"","format":"standard","meta":{"_eb_attr":"","_jetpack_memberships_contains_paid_content":false,"footnotes":""},"categories":[12],"tags":[],"class_list":["post-23660","post","type-post","status-publish","format-standard","has-post-thumbnail","hentry","category-geral"],"yoast_head":"<!-- This site is optimized with the Yoast SEO plugin v26.5 - https:\/\/yoast.com\/wordpress\/plugins\/seo\/ -->\n<title>Coronav\u00edrus: governo antecipa metade do 13\u00ba de aposentados e suspende prova de vida do INSS - Not&iacute;cias em Destaque<\/title>\n<meta name=\"robots\" content=\"index, follow, max-snippet:-1, max-image-preview:large, max-video-preview:-1\" \/>\n<link rel=\"canonical\" href=\"https:\/\/noticiasemdestaque.com\/cd\/?p=23660\" \/>\n<meta property=\"og:locale\" content=\"pt_BR\" \/>\n<meta property=\"og:type\" content=\"article\" \/>\n<meta property=\"og:title\" content=\"Coronav\u00edrus: governo antecipa metade do 13\u00ba de aposentados e suspende prova de vida do INSS - Not&iacute;cias em Destaque\" \/>\n<meta property=\"og:description\" content=\"O Minist\u00e9rio da Economia anunciou nesta quinta-feira (12) cinco medidas para reduzir o impacto da epidemia do\u00a0novo coronav\u00edrus\u00a0no pa\u00eds. Segundo a nota do minist\u00e9rio, as primeiras a\u00e7\u00f5es s\u00e3o \u201cdedicadas especialmente a parcela da popula\u00e7\u00e3o mais vulner\u00e1vel \u00e0 pandemia\u201d. \u201cNeste momento cr\u00edtico, mesmo diante do ex\u00edguo espa\u00e7o fiscal, o Minist\u00e9rio da Economia buscar\u00e1, em conjunto com a C\u00e2mara dos Deputados e o Senado Federal, a realoca\u00e7\u00e3o \u00e1gil de recursos or\u00e7ament\u00e1rios para que n\u00e3o falte suporte ao sistema de sa\u00fade brasileiro\u201d, diz a pasta. Foram anunciadas as seguintes medidas: Antecipa\u00e7\u00e3o do 13\u00ba sal\u00e1rio O Minist\u00e9rio da Economia anunciou que vai pagar, em abril, a primeira metade do 13\u00ba sal\u00e1rio de aposentados e pensionistas do INSS. Essa parcela, em geral, \u00e9 paga em julho. Ao todo, ser\u00e3o desembolsados R$ 23 bilh\u00f5es. Prova de vida suspensa O governo decidiu suspender, por 120 dias, a prova de vida dos benefici\u00e1rios do INSS. A medida deve valer at\u00e9 meados de setembro. A lei prev\u00ea que, todos os anos, benefici\u00e1rios do INSS precisam comprovar ao governo que est\u00e3o vivos. A medida evita fraudes e pagamento indevido dos benef\u00edcios. Essa comprova\u00e7\u00e3o \u00e9 sempre presencial e pode ser feita em uma ag\u00eancia do INSS, em embaixadas e consulados ou na casa de aposentados e pensionistas com dificuldade de locomo\u00e7\u00e3o. Reduzir juros do consignado do INSS O governo vai propor ao Conselho Nacional de Previd\u00eancia Social que reduza os juros m\u00e1ximos do empr\u00e9stimo consignado de benefici\u00e1rios do INSS. O prazo m\u00e1ximo para as opera\u00e7\u00f5es tamb\u00e9m ser\u00e1 ampliado. O Minist\u00e9rio da Economia tamb\u00e9m vai enviar uma proposta para que a margem consign\u00e1vel \u2013 ou seja, o valor m\u00e1ximo do empr\u00e9stimo com base no benef\u00edcio recebido \u2013 seja ampliada. Prefer\u00eancia tarif\u00e1ria O Minist\u00e9rio da Economia deve definir, junto com o Minist\u00e9rio da Sa\u00fade, a lista de produtos m\u00e9dico-hospitalares que ter\u00e3o prefer\u00eancia tarif\u00e1ria. Isso significa que o Brasil poder\u00e1 definir impostos de importa\u00e7\u00e3o mais baixos para esses produtos, de modo a garantir o abastecimento nacional. Desembara\u00e7o aduaneiro O minist\u00e9rio definiu que o desembara\u00e7o aduaneiro de produtos m\u00e9dico-hospitalares seja priorizado. Em outras palavras, cargas desses produtos que chegarem ao Brasil ser\u00e3o processadas com maior rapidez na alf\u00e2ndega, para evitar que fiquem retidas e isso prejudique o atendimento. Fonte: G1\" \/>\n<meta property=\"og:url\" content=\"https:\/\/noticiasemdestaque.com\/cd\/?p=23660\" \/>\n<meta property=\"og:site_name\" content=\"Not&iacute;cias em Destaque\" \/>\n<meta property=\"article:published_time\" content=\"2020-03-13T11:38:53+00:00\" \/>\n<meta property=\"og:image\" content=\"https:\/\/noticiasemdestaque.com\/cd\/wp-content\/uploads\/2020\/02\/coronavirus.jpg\" \/>\n\t<meta property=\"og:image:width\" content=\"720\" \/>\n\t<meta property=\"og:image:height\" content=\"405\" \/>\n\t<meta property=\"og:image:type\" content=\"image\/jpeg\" \/>\n<meta name=\"author\" content=\"Not\u00edcias em Destaque\" \/>\n<meta name=\"twitter:card\" content=\"summary_large_image\" \/>\n<meta name=\"twitter:label1\" content=\"Escrito por\" \/>\n\t<meta name=\"twitter:data1\" content=\"Not\u00edcias em Destaque\" \/>\n\t<meta name=\"twitter:label2\" content=\"Est. tempo de leitura\" \/>\n\t<meta name=\"twitter:data2\" content=\"2 minutos\" \/>\n<script type=\"application\/ld+json\" class=\"yoast-schema-graph\">{\"@context\":\"https:\/\/schema.org\",\"@graph\":[{\"@type\":\"Article\",\"@id\":\"https:\/\/noticiasemdestaque.com\/cd\/?p=23660#article\",\"isPartOf\":{\"@id\":\"https:\/\/noticiasemdestaque.com\/cd\/?p=23660\"},\"author\":{\"name\":\"Not\u00edcias em Destaque\",\"@id\":\"https:\/\/noticiasemdestaque.com\/cd\/#\/schema\/person\/21320b03a7e8bb90128938dafc9b908a\"},\"headline\":\"Coronav\u00edrus: governo antecipa metade do 13\u00ba de aposentados e suspende prova de vida do INSS\",\"datePublished\":\"2020-03-13T11:38:53+00:00\",\"mainEntityOfPage\":{\"@id\":\"https:\/\/noticiasemdestaque.com\/cd\/?p=23660\"},\"wordCount\":432,\"publisher\":{\"@id\":\"https:\/\/noticiasemdestaque.com\/cd\/#organization\"},\"image\":{\"@id\":\"https:\/\/noticiasemdestaque.com\/cd\/?p=23660#primaryimage\"},\"thumbnailUrl\":\"https:\/\/noticiasemdestaque.com\/cd\/wp-content\/uploads\/2020\/02\/coronavirus.jpg\",\"articleSection\":[\"Geral\"],\"inLanguage\":\"pt-BR\"},{\"@type\":\"WebPage\",\"@id\":\"https:\/\/noticiasemdestaque.com\/cd\/?p=23660\",\"url\":\"https:\/\/noticiasemdestaque.com\/cd\/?p=23660\",\"name\":\"Coronav\u00edrus: governo antecipa metade do 13\u00ba de aposentados e suspende prova de vida do INSS - Not&iacute;cias em Destaque\",\"isPartOf\":{\"@id\":\"https:\/\/noticiasemdestaque.com\/cd\/#website\"},\"primaryImageOfPage\":{\"@id\":\"https:\/\/noticiasemdestaque.com\/cd\/?p=23660#primaryimage\"},\"image\":{\"@id\":\"https:\/\/noticiasemdestaque.com\/cd\/?p=23660#primaryimage\"},\"thumbnailUrl\":\"https:\/\/noticiasemdestaque.com\/cd\/wp-content\/uploads\/2020\/02\/coronavirus.jpg\",\"datePublished\":\"2020-03-13T11:38:53+00:00\",\"breadcrumb\":{\"@id\":\"https:\/\/noticiasemdestaque.com\/cd\/?p=23660#breadcrumb\"},\"inLanguage\":\"pt-BR\",\"potentialAction\":[{\"@type\":\"ReadAction\",\"target\":[\"https:\/\/noticiasemdestaque.com\/cd\/?p=23660\"]}]},{\"@type\":\"ImageObject\",\"inLanguage\":\"pt-BR\",\"@id\":\"https:\/\/noticiasemdestaque.com\/cd\/?p=23660#primaryimage\",\"url\":\"https:\/\/noticiasemdestaque.com\/cd\/wp-content\/uploads\/2020\/02\/coronavirus.jpg\",\"contentUrl\":\"https:\/\/noticiasemdestaque.com\/cd\/wp-content\/uploads\/2020\/02\/coronavirus.jpg\",\"width\":720,\"height\":405},{\"@type\":\"BreadcrumbList\",\"@id\":\"https:\/\/noticiasemdestaque.com\/cd\/?p=23660#breadcrumb\",\"itemListElement\":[{\"@type\":\"ListItem\",\"position\":1,\"name\":\"In\u00edcio\",\"item\":\"https:\/\/noticiasemdestaque.com\/cd\/\"},{\"@type\":\"ListItem\",\"position\":2,\"name\":\"Coronav\u00edrus: governo antecipa metade do 13\u00ba de aposentados e suspende prova de vida do INSS\"}]},{\"@type\":\"WebSite\",\"@id\":\"https:\/\/noticiasemdestaque.com\/cd\/#website\",\"url\":\"https:\/\/noticiasemdestaque.com\/cd\/\",\"name\":\"Not&iacute;cias em Destaque\",\"description\":\"\",\"publisher\":{\"@id\":\"https:\/\/noticiasemdestaque.com\/cd\/#organization\"},\"potentialAction\":[{\"@type\":\"SearchAction\",\"target\":{\"@type\":\"EntryPoint\",\"urlTemplate\":\"https:\/\/noticiasemdestaque.com\/cd\/?s={search_term_string}\"},\"query-input\":{\"@type\":\"PropertyValueSpecification\",\"valueRequired\":true,\"valueName\":\"search_term_string\"}}],\"inLanguage\":\"pt-BR\"},{\"@type\":\"Organization\",\"@id\":\"https:\/\/noticiasemdestaque.com\/cd\/#organization\",\"name\":\"Not\u00edcias em Destaque\",\"url\":\"https:\/\/noticiasemdestaque.com\/cd\/\",\"logo\":{\"@type\":\"ImageObject\",\"inLanguage\":\"pt-BR\",\"@id\":\"https:\/\/noticiasemdestaque.com\/cd\/#\/schema\/logo\/image\/\",\"url\":\"https:\/\/noticiasemdestaque.com\/cd\/wp-content\/uploads\/2022\/05\/imagem-base-noticiasemdestaque.png\",\"contentUrl\":\"https:\/\/noticiasemdestaque.com\/cd\/wp-content\/uploads\/2022\/05\/imagem-base-noticiasemdestaque.png\",\"width\":1200,\"height\":630,\"caption\":\"Not\u00edcias em Destaque\"},\"image\":{\"@id\":\"https:\/\/noticiasemdestaque.com\/cd\/#\/schema\/logo\/image\/\"}},{\"@type\":\"Person\",\"@id\":\"https:\/\/noticiasemdestaque.com\/cd\/#\/schema\/person\/21320b03a7e8bb90128938dafc9b908a\",\"name\":\"Not\u00edcias em Destaque\",\"url\":\"https:\/\/noticiasemdestaque.com\/cd\/?author=2\"}]}<\/script>\n<!-- \/ Yoast SEO plugin. -->","yoast_head_json":{"title":"Coronav\u00edrus: governo antecipa metade do 13\u00ba de aposentados e suspende prova de vida do INSS - Not&iacute;cias em Destaque","robots":{"index":"index","follow":"follow","max-snippet":"max-snippet:-1","max-image-preview":"max-image-preview:large","max-video-preview":"max-video-preview:-1"},"canonical":"https:\/\/noticiasemdestaque.com\/cd\/?p=23660","og_locale":"pt_BR","og_type":"article","og_title":"Coronav\u00edrus: governo antecipa metade do 13\u00ba de aposentados e suspende prova de vida do INSS - Not&iacute;cias em Destaque","og_description":"O Minist\u00e9rio da Economia anunciou nesta quinta-feira (12) cinco medidas para reduzir o impacto da epidemia do\u00a0novo coronav\u00edrus\u00a0no pa\u00eds. Segundo a nota do minist\u00e9rio, as primeiras a\u00e7\u00f5es s\u00e3o \u201cdedicadas especialmente a parcela da popula\u00e7\u00e3o mais vulner\u00e1vel \u00e0 pandemia\u201d. \u201cNeste momento cr\u00edtico, mesmo diante do ex\u00edguo espa\u00e7o fiscal, o Minist\u00e9rio da Economia buscar\u00e1, em conjunto com a C\u00e2mara dos Deputados e o Senado Federal, a realoca\u00e7\u00e3o \u00e1gil de recursos or\u00e7ament\u00e1rios para que n\u00e3o falte suporte ao sistema de sa\u00fade brasileiro\u201d, diz a pasta. Foram anunciadas as seguintes medidas: Antecipa\u00e7\u00e3o do 13\u00ba sal\u00e1rio O Minist\u00e9rio da Economia anunciou que vai pagar, em abril, a primeira metade do 13\u00ba sal\u00e1rio de aposentados e pensionistas do INSS. Essa parcela, em geral, \u00e9 paga em julho. Ao todo, ser\u00e3o desembolsados R$ 23 bilh\u00f5es. Prova de vida suspensa O governo decidiu suspender, por 120 dias, a prova de vida dos benefici\u00e1rios do INSS. A medida deve valer at\u00e9 meados de setembro. A lei prev\u00ea que, todos os anos, benefici\u00e1rios do INSS precisam comprovar ao governo que est\u00e3o vivos. A medida evita fraudes e pagamento indevido dos benef\u00edcios. Essa comprova\u00e7\u00e3o \u00e9 sempre presencial e pode ser feita em uma ag\u00eancia do INSS, em embaixadas e consulados ou na casa de aposentados e pensionistas com dificuldade de locomo\u00e7\u00e3o. Reduzir juros do consignado do INSS O governo vai propor ao Conselho Nacional de Previd\u00eancia Social que reduza os juros m\u00e1ximos do empr\u00e9stimo consignado de benefici\u00e1rios do INSS. O prazo m\u00e1ximo para as opera\u00e7\u00f5es tamb\u00e9m ser\u00e1 ampliado. O Minist\u00e9rio da Economia tamb\u00e9m vai enviar uma proposta para que a margem consign\u00e1vel \u2013 ou seja, o valor m\u00e1ximo do empr\u00e9stimo com base no benef\u00edcio recebido \u2013 seja ampliada. Prefer\u00eancia tarif\u00e1ria O Minist\u00e9rio da Economia deve definir, junto com o Minist\u00e9rio da Sa\u00fade, a lista de produtos m\u00e9dico-hospitalares que ter\u00e3o prefer\u00eancia tarif\u00e1ria. Isso significa que o Brasil poder\u00e1 definir impostos de importa\u00e7\u00e3o mais baixos para esses produtos, de modo a garantir o abastecimento nacional. Desembara\u00e7o aduaneiro O minist\u00e9rio definiu que o desembara\u00e7o aduaneiro de produtos m\u00e9dico-hospitalares seja priorizado. Em outras palavras, cargas desses produtos que chegarem ao Brasil ser\u00e3o processadas com maior rapidez na alf\u00e2ndega, para evitar que fiquem retidas e isso prejudique o atendimento. Fonte: G1","og_url":"https:\/\/noticiasemdestaque.com\/cd\/?p=23660","og_site_name":"Not&iacute;cias em Destaque","article_published_time":"2020-03-13T11:38:53+00:00","og_image":[{"width":720,"height":405,"url":"https:\/\/noticiasemdestaque.com\/cd\/wp-content\/uploads\/2020\/02\/coronavirus.jpg","type":"image\/jpeg"}],"author":"Not\u00edcias em Destaque","twitter_card":"summary_large_image","twitter_misc":{"Escrito por":"Not\u00edcias em Destaque","Est. tempo de leitura":"2 minutos"},"schema":{"@context":"https:\/\/schema.org","@graph":[{"@type":"Article","@id":"https:\/\/noticiasemdestaque.com\/cd\/?p=23660#article","isPartOf":{"@id":"https:\/\/noticiasemdestaque.com\/cd\/?p=23660"},"author":{"name":"Not\u00edcias em Destaque","@id":"https:\/\/noticiasemdestaque.com\/cd\/#\/schema\/person\/21320b03a7e8bb90128938dafc9b908a"},"headline":"Coronav\u00edrus: governo antecipa metade do 13\u00ba de aposentados e suspende prova de vida do INSS","datePublished":"2020-03-13T11:38:53+00:00","mainEntityOfPage":{"@id":"https:\/\/noticiasemdestaque.com\/cd\/?p=23660"},"wordCount":432,"publisher":{"@id":"https:\/\/noticiasemdestaque.com\/cd\/#organization"},"image":{"@id":"https:\/\/noticiasemdestaque.com\/cd\/?p=23660#primaryimage"},"thumbnailUrl":"https:\/\/noticiasemdestaque.com\/cd\/wp-content\/uploads\/2020\/02\/coronavirus.jpg","articleSection":["Geral"],"inLanguage":"pt-BR"},{"@type":"WebPage","@id":"https:\/\/noticiasemdestaque.com\/cd\/?p=23660","url":"https:\/\/noticiasemdestaque.com\/cd\/?p=23660","name":"Coronav\u00edrus: governo antecipa metade do 13\u00ba de aposentados e suspende prova de vida do INSS - Not&iacute;cias em Destaque","isPartOf":{"@id":"https:\/\/noticiasemdestaque.com\/cd\/#website"},"primaryImageOfPage":{"@id":"https:\/\/noticiasemdestaque.com\/cd\/?p=23660#primaryimage"},"image":{"@id":"https:\/\/noticiasemdestaque.com\/cd\/?p=23660#primaryimage"},"thumbnailUrl":"https:\/\/noticiasemdestaque.com\/cd\/wp-content\/uploads\/2020\/02\/coronavirus.jpg","datePublished":"2020-03-13T11:38:53+00:00","breadcrumb":{"@id":"https:\/\/noticiasemdestaque.com\/cd\/?p=23660#breadcrumb"},"inLanguage":"pt-BR","potentialAction":[{"@type":"ReadAction","target":["https:\/\/noticiasemdestaque.com\/cd\/?p=23660"]}]},{"@type":"ImageObject","inLanguage":"pt-BR","@id":"https:\/\/noticiasemdestaque.com\/cd\/?p=23660#primaryimage","url":"https:\/\/noticiasemdestaque.com\/cd\/wp-content\/uploads\/2020\/02\/coronavirus.jpg","contentUrl":"https:\/\/noticiasemdestaque.com\/cd\/wp-content\/uploads\/2020\/02\/coronavirus.jpg","width":720,"height":405},{"@type":"BreadcrumbList","@id":"https:\/\/noticiasemdestaque.com\/cd\/?p=23660#breadcrumb","itemListElement":[{"@type":"ListItem","position":1,"name":"In\u00edcio","item":"https:\/\/noticiasemdestaque.com\/cd\/"},{"@type":"ListItem","position":2,"name":"Coronav\u00edrus: governo antecipa metade do 13\u00ba de aposentados e suspende prova de vida do INSS"}]},{"@type":"WebSite","@id":"https:\/\/noticiasemdestaque.com\/cd\/#website","url":"https:\/\/noticiasemdestaque.com\/cd\/","name":"Not&iacute;cias em Destaque","description":"","publisher":{"@id":"https:\/\/noticiasemdestaque.com\/cd\/#organization"},"potentialAction":[{"@type":"SearchAction","target":{"@type":"EntryPoint","urlTemplate":"https:\/\/noticiasemdestaque.com\/cd\/?s={search_term_string}"},"query-input":{"@type":"PropertyValueSpecification","valueRequired":true,"valueName":"search_term_string"}}],"inLanguage":"pt-BR"},{"@type":"Organization","@id":"https:\/\/noticiasemdestaque.com\/cd\/#organization","name":"Not\u00edcias em Destaque","url":"https:\/\/noticiasemdestaque.com\/cd\/","logo":{"@type":"ImageObject","inLanguage":"pt-BR","@id":"https:\/\/noticiasemdestaque.com\/cd\/#\/schema\/logo\/image\/","url":"https:\/\/noticiasemdestaque.com\/cd\/wp-content\/uploads\/2022\/05\/imagem-base-noticiasemdestaque.png","contentUrl":"https:\/\/noticiasemdestaque.com\/cd\/wp-content\/uploads\/2022\/05\/imagem-base-noticiasemdestaque.png","width":1200,"height":630,"caption":"Not\u00edcias em Destaque"},"image":{"@id":"https:\/\/noticiasemdestaque.com\/cd\/#\/schema\/logo\/image\/"}},{"@type":"Person","@id":"https:\/\/noticiasemdestaque.com\/cd\/#\/schema\/person\/21320b03a7e8bb90128938dafc9b908a","name":"Not\u00edcias em Destaque","url":"https:\/\/noticiasemdestaque.com\/cd\/?author=2"}]}},"jetpack_featured_media_url":"https:\/\/noticiasemdestaque.com\/cd\/wp-content\/uploads\/2020\/02\/coronavirus.jpg","jetpack_sharing_enabled":true,"_links":{"self":[{"href":"https:\/\/noticiasemdestaque.com\/cd\/index.php?rest_route=\/wp\/v2\/posts\/23660","targetHints":{"allow":["GET"]}}],"collection":[{"href":"https:\/\/noticiasemdestaque.com\/cd\/index.php?rest_route=\/wp\/v2\/posts"}],"about":[{"href":"https:\/\/noticiasemdestaque.com\/cd\/index.php?rest_route=\/wp\/v2\/types\/post"}],"author":[{"embeddable":true,"href":"https:\/\/noticiasemdestaque.com\/cd\/index.php?rest_route=\/wp\/v2\/users\/2"}],"replies":[{"embeddable":true,"href":"https:\/\/noticiasemdestaque.com\/cd\/index.php?rest_route=%2Fwp%2Fv2%2Fcomments&post=23660"}],"version-history":[{"count":1,"href":"https:\/\/noticiasemdestaque.com\/cd\/index.php?rest_route=\/wp\/v2\/posts\/23660\/revisions"}],"predecessor-version":[{"id":23661,"href":"https:\/\/noticiasemdestaque.com\/cd\/index.php?rest_route=\/wp\/v2\/posts\/23660\/revisions\/23661"}],"wp:featuredmedia":[{"embeddable":true,"href":"https:\/\/noticiasemdestaque.com\/cd\/index.php?rest_route=\/wp\/v2\/media\/23038"}],"wp:attachment":[{"href":"https:\/\/noticiasemdestaque.com\/cd\/index.php?rest_route=%2Fwp%2Fv2%2Fmedia&parent=23660"}],"wp:term":[{"taxonomy":"category","embeddable":true,"href":"https:\/\/noticiasemdestaque.com\/cd\/index.php?rest_route=%2Fwp%2Fv2%2Fcategories&post=23660"},{"taxonomy":"post_tag","embeddable":true,"href":"https:\/\/noticiasemdestaque.com\/cd\/index.php?rest_route=%2Fwp%2Fv2%2Ftags&post=23660"}],"curies":[{"name":"wp","href":"https:\/\/api.w.org\/{rel}","templated":true}]}}