{"id":23261,"date":"2020-02-27T07:26:44","date_gmt":"2020-02-27T10:26:44","guid":{"rendered":"http:\/\/noticiasemdestaque.com\/cd\/?p=23261"},"modified":"2020-02-27T07:26:44","modified_gmt":"2020-02-27T10:26:44","slug":"crianca-de-3-anos-morre-em-hospital-apos-engolir-objeto","status":"publish","type":"post","link":"https:\/\/noticiasemdestaque.com\/cd\/?p=23261","title":{"rendered":"Crian\u00e7a de 3 anos morre em hospital ap\u00f3s engolir objeto"},"content":{"rendered":"<p><a href=\"https:\/\/noticiasemdestaque.com\/cd\/wp-content\/uploads\/2020\/02\/6.jpg\"><img fetchpriority=\"high\" decoding=\"async\" class=\"size-full wp-image-23263 aligncenter\" src=\"https:\/\/noticiasemdestaque.com\/cd\/wp-content\/uploads\/2020\/02\/6.jpg\" alt=\"\" width=\"290\" height=\"386\" srcset=\"https:\/\/noticiasemdestaque.com\/cd\/wp-content\/uploads\/2020\/02\/6.jpg 290w, https:\/\/noticiasemdestaque.com\/cd\/wp-content\/uploads\/2020\/02\/6-225x300.jpg 225w\" sizes=\"(max-width: 290px) 100vw, 290px\" \/><\/a><\/p>\n<p style=\"font-weight: 400;\">Uma crian\u00e7a de 3 anos morreu ap\u00f3s engolir um objeto &#8220;estranho&#8221; em Parnamirim, na Regi\u00e3o Metropolitana de Natal. O corpo de Levi Daniel foi sepultado no domingo (23), mas a morte dele, oficialmente registrada na quinta-feira (20), ainda intriga familiares.<\/p>\n<p style=\"font-weight: 400;\">De acordo com o pai da crian\u00e7a, o barbeiro Lairton Silva, de 31 anos, o caso n\u00e3o foi esclarecido pela equipe m\u00e9dica nem pelos legistas do Instituto T\u00e9cnico-Cient\u00edfico de Per\u00edcia (Itep). Isso porque, os pais n\u00e3o sabem o que de fato causou a morte do filho uma semana ap\u00f3s dar entrada no hospital.<\/p>\n<p style=\"font-weight: 400;\"><a href=\"https:\/\/noticiasemdestaque.com\/cd\/wp-content\/uploads\/2020\/02\/5-6.jpg\"><img decoding=\"async\" class=\"wp-image-23262 alignleft\" src=\"https:\/\/noticiasemdestaque.com\/cd\/wp-content\/uploads\/2020\/02\/5-6.jpg\" alt=\"\" width=\"199\" height=\"309\" srcset=\"https:\/\/noticiasemdestaque.com\/cd\/wp-content\/uploads\/2020\/02\/5-6.jpg 310w, https:\/\/noticiasemdestaque.com\/cd\/wp-content\/uploads\/2020\/02\/5-6-193x300.jpg 193w\" sizes=\"(max-width: 199px) 100vw, 199px\" \/><\/a>O drama da fam\u00edlia do pequeno Levi Daniel, de apenas 3 anos, come\u00e7a no domingo (16). A crian\u00e7a come\u00e7ou a apresentar uma esp\u00e9cie de &#8220;ronco&#8221;, que causava dificuldades para respirar. Os pais o levaram at\u00e9 a Unidade de Pronto Atendimento (UPA) de Parnamirim. Segundo os pais de Levi, ap\u00f3s exame de radiografia, os m\u00e9dicos identificaram um objeto na garganta do garoto. Na segunda (17), ele foi transferido ao Hospital Walfredo Gurgel, em Natal, para ser submetido a uma endoscopia.<\/p>\n<p style=\"font-weight: 400;\">No mesmo dia, durante o procedimento para a retirada do &#8220;corpo estranho&#8221;, a crian\u00e7a sofreu uma parada cardiorrespirat\u00f3ria e foi levado \u00e0 Unidade de Terapia Intensiva (UTI) com um n\u00edvel baixo de oxig\u00eanio no c\u00e9rebro, segundo informou a equipe m\u00e9dica aos pais. Na UTI, Levi permaneceu internado at\u00e9 a quinta-feira (20) quando faleceu por &#8220;morte encef\u00e1lica&#8221;.<\/p>\n<p style=\"font-weight: 400;\">&#8220;At\u00e9 agora nenhuma resposta clara foi dada para a gente. N\u00f3s n\u00e3o sabemos o que \u00e9 esse &#8216;objeto estranho&#8217;. A gente achava que depois do laudo do Itep ia saber, mas nem o laudo diz. Perder um filho \u00e9 muito angustiante e \u00e9 pior ainda quando n\u00e3o se tem certeza do que realmente aconteceu. A gente suspeita que possa ter sido uma moeda ou pe\u00e7a de brinquedo, mas at\u00e9 agora n\u00e3o sabemos nada&#8221;, disse Lairton Silva, pai de Levi Daniel.<\/p>\n<p style=\"font-weight: 400;\">A reportagem do\u00a0G1\u00a0entrou em contato com as assessorias do Hospital Walfredo Gurgel e do Instituto T\u00e9cnico-Cient\u00edfico de Per\u00edcia (Itep), que n\u00e3o se pronunciaram at\u00e9 o fechamento desta reportagem.<\/p>\n<p style=\"font-weight: 400;\">Bruno Vital G1 RN<\/p>\n","protected":false},"excerpt":{"rendered":"<p>Uma crian\u00e7a de 3 anos morreu ap\u00f3s engolir um objeto &#8220;estranho&#8221; em Parnamirim, na Regi\u00e3o Metropolitana de Natal. O corpo de Levi Daniel foi sepultado no domingo (23), mas a morte dele, oficialmente registrada na quinta-feira (20), ainda intriga familiares. De acordo com o pai da crian\u00e7a, o barbeiro Lairton Silva, de 31 anos, o caso n\u00e3o foi esclarecido pela equipe m\u00e9dica nem pelos legistas do Instituto T\u00e9cnico-Cient\u00edfico de Per\u00edcia (Itep). Isso porque, os pais n\u00e3o sabem o que de fato causou a morte do filho uma semana ap\u00f3s dar entrada no hospital. O drama da fam\u00edlia do pequeno Levi Daniel, de apenas 3 anos, come\u00e7a no domingo (16). A crian\u00e7a come\u00e7ou a apresentar uma esp\u00e9cie de &#8220;ronco&#8221;, que causava dificuldades para respirar. Os pais o levaram at\u00e9 a Unidade de Pronto Atendimento (UPA) de Parnamirim. Segundo os pais de Levi, ap\u00f3s exame de radiografia, os m\u00e9dicos identificaram um objeto na garganta do garoto. Na segunda (17), ele foi transferido ao Hospital Walfredo Gurgel, em Natal, para ser submetido a uma endoscopia. No mesmo dia, durante o procedimento para a retirada do &#8220;corpo estranho&#8221;, a crian\u00e7a sofreu uma parada cardiorrespirat\u00f3ria e foi levado \u00e0 Unidade de Terapia Intensiva (UTI) com um n\u00edvel baixo de oxig\u00eanio no c\u00e9rebro, segundo informou a equipe m\u00e9dica aos pais. Na UTI, Levi permaneceu internado at\u00e9 a quinta-feira (20) quando faleceu por &#8220;morte encef\u00e1lica&#8221;. &#8220;At\u00e9 agora nenhuma resposta clara foi dada para a gente. N\u00f3s n\u00e3o sabemos o que \u00e9 esse &#8216;objeto estranho&#8217;. A gente achava que depois do laudo do Itep ia saber, mas nem o laudo diz. Perder um filho \u00e9 muito angustiante e \u00e9 pior ainda quando n\u00e3o se tem certeza do que realmente aconteceu. A gente suspeita que possa ter sido uma moeda ou pe\u00e7a de brinquedo, mas at\u00e9 agora n\u00e3o sabemos nada&#8221;, disse Lairton Silva, pai de Levi Daniel. A reportagem do\u00a0G1\u00a0entrou em contato com as assessorias do Hospital Walfredo Gurgel e do Instituto T\u00e9cnico-Cient\u00edfico de Per\u00edcia (Itep), que n\u00e3o se pronunciaram at\u00e9 o fechamento desta reportagem. Bruno Vital G1 RN<\/p>\n","protected":false},"author":2,"featured_media":23263,"comment_status":"closed","ping_status":"open","sticky":false,"template":"","format":"standard","meta":{"_eb_attr":"","_jetpack_memberships_contains_paid_content":false,"footnotes":""},"categories":[1],"tags":[],"class_list":["post-23261","post","type-post","status-publish","format-standard","has-post-thumbnail","hentry","category-uncategorized"],"yoast_head":"<!-- This site is optimized with the Yoast SEO plugin v26.5 - https:\/\/yoast.com\/wordpress\/plugins\/seo\/ -->\n<title>Crian\u00e7a de 3 anos morre em hospital ap\u00f3s engolir objeto - Not&iacute;cias em Destaque<\/title>\n<meta name=\"robots\" content=\"index, follow, max-snippet:-1, max-image-preview:large, max-video-preview:-1\" \/>\n<link rel=\"canonical\" href=\"https:\/\/noticiasemdestaque.com\/cd\/?p=23261\" \/>\n<meta property=\"og:locale\" content=\"pt_BR\" \/>\n<meta property=\"og:type\" content=\"article\" \/>\n<meta property=\"og:title\" content=\"Crian\u00e7a de 3 anos morre em hospital ap\u00f3s engolir objeto - Not&iacute;cias em Destaque\" \/>\n<meta property=\"og:description\" content=\"Uma crian\u00e7a de 3 anos morreu ap\u00f3s engolir um objeto &#8220;estranho&#8221; em Parnamirim, na Regi\u00e3o Metropolitana de Natal. O corpo de Levi Daniel foi sepultado no domingo (23), mas a morte dele, oficialmente registrada na quinta-feira (20), ainda intriga familiares. De acordo com o pai da crian\u00e7a, o barbeiro Lairton Silva, de 31 anos, o caso n\u00e3o foi esclarecido pela equipe m\u00e9dica nem pelos legistas do Instituto T\u00e9cnico-Cient\u00edfico de Per\u00edcia (Itep). Isso porque, os pais n\u00e3o sabem o que de fato causou a morte do filho uma semana ap\u00f3s dar entrada no hospital. O drama da fam\u00edlia do pequeno Levi Daniel, de apenas 3 anos, come\u00e7a no domingo (16). A crian\u00e7a come\u00e7ou a apresentar uma esp\u00e9cie de &#8220;ronco&#8221;, que causava dificuldades para respirar. Os pais o levaram at\u00e9 a Unidade de Pronto Atendimento (UPA) de Parnamirim. Segundo os pais de Levi, ap\u00f3s exame de radiografia, os m\u00e9dicos identificaram um objeto na garganta do garoto. Na segunda (17), ele foi transferido ao Hospital Walfredo Gurgel, em Natal, para ser submetido a uma endoscopia. No mesmo dia, durante o procedimento para a retirada do &#8220;corpo estranho&#8221;, a crian\u00e7a sofreu uma parada cardiorrespirat\u00f3ria e foi levado \u00e0 Unidade de Terapia Intensiva (UTI) com um n\u00edvel baixo de oxig\u00eanio no c\u00e9rebro, segundo informou a equipe m\u00e9dica aos pais. Na UTI, Levi permaneceu internado at\u00e9 a quinta-feira (20) quando faleceu por &#8220;morte encef\u00e1lica&#8221;. &#8220;At\u00e9 agora nenhuma resposta clara foi dada para a gente. N\u00f3s n\u00e3o sabemos o que \u00e9 esse &#8216;objeto estranho&#8217;. A gente achava que depois do laudo do Itep ia saber, mas nem o laudo diz. Perder um filho \u00e9 muito angustiante e \u00e9 pior ainda quando n\u00e3o se tem certeza do que realmente aconteceu. A gente suspeita que possa ter sido uma moeda ou pe\u00e7a de brinquedo, mas at\u00e9 agora n\u00e3o sabemos nada&#8221;, disse Lairton Silva, pai de Levi Daniel. A reportagem do\u00a0G1\u00a0entrou em contato com as assessorias do Hospital Walfredo Gurgel e do Instituto T\u00e9cnico-Cient\u00edfico de Per\u00edcia (Itep), que n\u00e3o se pronunciaram at\u00e9 o fechamento desta reportagem. Bruno Vital G1 RN\" \/>\n<meta property=\"og:url\" content=\"https:\/\/noticiasemdestaque.com\/cd\/?p=23261\" \/>\n<meta property=\"og:site_name\" content=\"Not&iacute;cias em Destaque\" \/>\n<meta property=\"article:published_time\" content=\"2020-02-27T10:26:44+00:00\" \/>\n<meta property=\"og:image\" content=\"https:\/\/noticiasemdestaque.com\/cd\/wp-content\/uploads\/2020\/02\/6.jpg\" \/>\n\t<meta property=\"og:image:width\" content=\"290\" \/>\n\t<meta property=\"og:image:height\" content=\"386\" \/>\n\t<meta property=\"og:image:type\" content=\"image\/jpeg\" \/>\n<meta name=\"author\" content=\"Not\u00edcias em Destaque\" \/>\n<meta name=\"twitter:card\" content=\"summary_large_image\" \/>\n<meta name=\"twitter:label1\" content=\"Escrito por\" \/>\n\t<meta name=\"twitter:data1\" content=\"Not\u00edcias em Destaque\" \/>\n\t<meta name=\"twitter:label2\" content=\"Est. tempo de leitura\" \/>\n\t<meta name=\"twitter:data2\" content=\"2 minutos\" \/>\n<script type=\"application\/ld+json\" class=\"yoast-schema-graph\">{\"@context\":\"https:\/\/schema.org\",\"@graph\":[{\"@type\":\"Article\",\"@id\":\"https:\/\/noticiasemdestaque.com\/cd\/?p=23261#article\",\"isPartOf\":{\"@id\":\"https:\/\/noticiasemdestaque.com\/cd\/?p=23261\"},\"author\":{\"name\":\"Not\u00edcias em Destaque\",\"@id\":\"https:\/\/noticiasemdestaque.com\/cd\/#\/schema\/person\/21320b03a7e8bb90128938dafc9b908a\"},\"headline\":\"Crian\u00e7a de 3 anos morre em hospital ap\u00f3s engolir objeto\",\"datePublished\":\"2020-02-27T10:26:44+00:00\",\"mainEntityOfPage\":{\"@id\":\"https:\/\/noticiasemdestaque.com\/cd\/?p=23261\"},\"wordCount\":375,\"publisher\":{\"@id\":\"https:\/\/noticiasemdestaque.com\/cd\/#organization\"},\"image\":{\"@id\":\"https:\/\/noticiasemdestaque.com\/cd\/?p=23261#primaryimage\"},\"thumbnailUrl\":\"https:\/\/noticiasemdestaque.com\/cd\/wp-content\/uploads\/2020\/02\/6.jpg\",\"articleSection\":[\"Uncategorized\"],\"inLanguage\":\"pt-BR\"},{\"@type\":\"WebPage\",\"@id\":\"https:\/\/noticiasemdestaque.com\/cd\/?p=23261\",\"url\":\"https:\/\/noticiasemdestaque.com\/cd\/?p=23261\",\"name\":\"Crian\u00e7a de 3 anos morre em hospital ap\u00f3s engolir objeto - Not&iacute;cias em Destaque\",\"isPartOf\":{\"@id\":\"https:\/\/noticiasemdestaque.com\/cd\/#website\"},\"primaryImageOfPage\":{\"@id\":\"https:\/\/noticiasemdestaque.com\/cd\/?p=23261#primaryimage\"},\"image\":{\"@id\":\"https:\/\/noticiasemdestaque.com\/cd\/?p=23261#primaryimage\"},\"thumbnailUrl\":\"https:\/\/noticiasemdestaque.com\/cd\/wp-content\/uploads\/2020\/02\/6.jpg\",\"datePublished\":\"2020-02-27T10:26:44+00:00\",\"breadcrumb\":{\"@id\":\"https:\/\/noticiasemdestaque.com\/cd\/?p=23261#breadcrumb\"},\"inLanguage\":\"pt-BR\",\"potentialAction\":[{\"@type\":\"ReadAction\",\"target\":[\"https:\/\/noticiasemdestaque.com\/cd\/?p=23261\"]}]},{\"@type\":\"ImageObject\",\"inLanguage\":\"pt-BR\",\"@id\":\"https:\/\/noticiasemdestaque.com\/cd\/?p=23261#primaryimage\",\"url\":\"https:\/\/noticiasemdestaque.com\/cd\/wp-content\/uploads\/2020\/02\/6.jpg\",\"contentUrl\":\"https:\/\/noticiasemdestaque.com\/cd\/wp-content\/uploads\/2020\/02\/6.jpg\",\"width\":290,\"height\":386},{\"@type\":\"BreadcrumbList\",\"@id\":\"https:\/\/noticiasemdestaque.com\/cd\/?p=23261#breadcrumb\",\"itemListElement\":[{\"@type\":\"ListItem\",\"position\":1,\"name\":\"In\u00edcio\",\"item\":\"https:\/\/noticiasemdestaque.com\/cd\/\"},{\"@type\":\"ListItem\",\"position\":2,\"name\":\"Crian\u00e7a de 3 anos morre em hospital ap\u00f3s engolir objeto\"}]},{\"@type\":\"WebSite\",\"@id\":\"https:\/\/noticiasemdestaque.com\/cd\/#website\",\"url\":\"https:\/\/noticiasemdestaque.com\/cd\/\",\"name\":\"Not&iacute;cias em Destaque\",\"description\":\"\",\"publisher\":{\"@id\":\"https:\/\/noticiasemdestaque.com\/cd\/#organization\"},\"potentialAction\":[{\"@type\":\"SearchAction\",\"target\":{\"@type\":\"EntryPoint\",\"urlTemplate\":\"https:\/\/noticiasemdestaque.com\/cd\/?s={search_term_string}\"},\"query-input\":{\"@type\":\"PropertyValueSpecification\",\"valueRequired\":true,\"valueName\":\"search_term_string\"}}],\"inLanguage\":\"pt-BR\"},{\"@type\":\"Organization\",\"@id\":\"https:\/\/noticiasemdestaque.com\/cd\/#organization\",\"name\":\"Not\u00edcias em Destaque\",\"url\":\"https:\/\/noticiasemdestaque.com\/cd\/\",\"logo\":{\"@type\":\"ImageObject\",\"inLanguage\":\"pt-BR\",\"@id\":\"https:\/\/noticiasemdestaque.com\/cd\/#\/schema\/logo\/image\/\",\"url\":\"https:\/\/noticiasemdestaque.com\/cd\/wp-content\/uploads\/2022\/05\/imagem-base-noticiasemdestaque.png\",\"contentUrl\":\"https:\/\/noticiasemdestaque.com\/cd\/wp-content\/uploads\/2022\/05\/imagem-base-noticiasemdestaque.png\",\"width\":1200,\"height\":630,\"caption\":\"Not\u00edcias em Destaque\"},\"image\":{\"@id\":\"https:\/\/noticiasemdestaque.com\/cd\/#\/schema\/logo\/image\/\"}},{\"@type\":\"Person\",\"@id\":\"https:\/\/noticiasemdestaque.com\/cd\/#\/schema\/person\/21320b03a7e8bb90128938dafc9b908a\",\"name\":\"Not\u00edcias em Destaque\",\"url\":\"https:\/\/noticiasemdestaque.com\/cd\/?author=2\"}]}<\/script>\n<!-- \/ Yoast SEO plugin. -->","yoast_head_json":{"title":"Crian\u00e7a de 3 anos morre em hospital ap\u00f3s engolir objeto - Not&iacute;cias em Destaque","robots":{"index":"index","follow":"follow","max-snippet":"max-snippet:-1","max-image-preview":"max-image-preview:large","max-video-preview":"max-video-preview:-1"},"canonical":"https:\/\/noticiasemdestaque.com\/cd\/?p=23261","og_locale":"pt_BR","og_type":"article","og_title":"Crian\u00e7a de 3 anos morre em hospital ap\u00f3s engolir objeto - Not&iacute;cias em Destaque","og_description":"Uma crian\u00e7a de 3 anos morreu ap\u00f3s engolir um objeto &#8220;estranho&#8221; em Parnamirim, na Regi\u00e3o Metropolitana de Natal. O corpo de Levi Daniel foi sepultado no domingo (23), mas a morte dele, oficialmente registrada na quinta-feira (20), ainda intriga familiares. De acordo com o pai da crian\u00e7a, o barbeiro Lairton Silva, de 31 anos, o caso n\u00e3o foi esclarecido pela equipe m\u00e9dica nem pelos legistas do Instituto T\u00e9cnico-Cient\u00edfico de Per\u00edcia (Itep). Isso porque, os pais n\u00e3o sabem o que de fato causou a morte do filho uma semana ap\u00f3s dar entrada no hospital. O drama da fam\u00edlia do pequeno Levi Daniel, de apenas 3 anos, come\u00e7a no domingo (16). A crian\u00e7a come\u00e7ou a apresentar uma esp\u00e9cie de &#8220;ronco&#8221;, que causava dificuldades para respirar. Os pais o levaram at\u00e9 a Unidade de Pronto Atendimento (UPA) de Parnamirim. Segundo os pais de Levi, ap\u00f3s exame de radiografia, os m\u00e9dicos identificaram um objeto na garganta do garoto. Na segunda (17), ele foi transferido ao Hospital Walfredo Gurgel, em Natal, para ser submetido a uma endoscopia. No mesmo dia, durante o procedimento para a retirada do &#8220;corpo estranho&#8221;, a crian\u00e7a sofreu uma parada cardiorrespirat\u00f3ria e foi levado \u00e0 Unidade de Terapia Intensiva (UTI) com um n\u00edvel baixo de oxig\u00eanio no c\u00e9rebro, segundo informou a equipe m\u00e9dica aos pais. Na UTI, Levi permaneceu internado at\u00e9 a quinta-feira (20) quando faleceu por &#8220;morte encef\u00e1lica&#8221;. &#8220;At\u00e9 agora nenhuma resposta clara foi dada para a gente. N\u00f3s n\u00e3o sabemos o que \u00e9 esse &#8216;objeto estranho&#8217;. A gente achava que depois do laudo do Itep ia saber, mas nem o laudo diz. Perder um filho \u00e9 muito angustiante e \u00e9 pior ainda quando n\u00e3o se tem certeza do que realmente aconteceu. A gente suspeita que possa ter sido uma moeda ou pe\u00e7a de brinquedo, mas at\u00e9 agora n\u00e3o sabemos nada&#8221;, disse Lairton Silva, pai de Levi Daniel. A reportagem do\u00a0G1\u00a0entrou em contato com as assessorias do Hospital Walfredo Gurgel e do Instituto T\u00e9cnico-Cient\u00edfico de Per\u00edcia (Itep), que n\u00e3o se pronunciaram at\u00e9 o fechamento desta reportagem. Bruno Vital G1 RN","og_url":"https:\/\/noticiasemdestaque.com\/cd\/?p=23261","og_site_name":"Not&iacute;cias em Destaque","article_published_time":"2020-02-27T10:26:44+00:00","og_image":[{"width":290,"height":386,"url":"https:\/\/noticiasemdestaque.com\/cd\/wp-content\/uploads\/2020\/02\/6.jpg","type":"image\/jpeg"}],"author":"Not\u00edcias em Destaque","twitter_card":"summary_large_image","twitter_misc":{"Escrito por":"Not\u00edcias em Destaque","Est. tempo de leitura":"2 minutos"},"schema":{"@context":"https:\/\/schema.org","@graph":[{"@type":"Article","@id":"https:\/\/noticiasemdestaque.com\/cd\/?p=23261#article","isPartOf":{"@id":"https:\/\/noticiasemdestaque.com\/cd\/?p=23261"},"author":{"name":"Not\u00edcias em Destaque","@id":"https:\/\/noticiasemdestaque.com\/cd\/#\/schema\/person\/21320b03a7e8bb90128938dafc9b908a"},"headline":"Crian\u00e7a de 3 anos morre em hospital ap\u00f3s engolir objeto","datePublished":"2020-02-27T10:26:44+00:00","mainEntityOfPage":{"@id":"https:\/\/noticiasemdestaque.com\/cd\/?p=23261"},"wordCount":375,"publisher":{"@id":"https:\/\/noticiasemdestaque.com\/cd\/#organization"},"image":{"@id":"https:\/\/noticiasemdestaque.com\/cd\/?p=23261#primaryimage"},"thumbnailUrl":"https:\/\/noticiasemdestaque.com\/cd\/wp-content\/uploads\/2020\/02\/6.jpg","articleSection":["Uncategorized"],"inLanguage":"pt-BR"},{"@type":"WebPage","@id":"https:\/\/noticiasemdestaque.com\/cd\/?p=23261","url":"https:\/\/noticiasemdestaque.com\/cd\/?p=23261","name":"Crian\u00e7a de 3 anos morre em hospital ap\u00f3s engolir objeto - Not&iacute;cias em Destaque","isPartOf":{"@id":"https:\/\/noticiasemdestaque.com\/cd\/#website"},"primaryImageOfPage":{"@id":"https:\/\/noticiasemdestaque.com\/cd\/?p=23261#primaryimage"},"image":{"@id":"https:\/\/noticiasemdestaque.com\/cd\/?p=23261#primaryimage"},"thumbnailUrl":"https:\/\/noticiasemdestaque.com\/cd\/wp-content\/uploads\/2020\/02\/6.jpg","datePublished":"2020-02-27T10:26:44+00:00","breadcrumb":{"@id":"https:\/\/noticiasemdestaque.com\/cd\/?p=23261#breadcrumb"},"inLanguage":"pt-BR","potentialAction":[{"@type":"ReadAction","target":["https:\/\/noticiasemdestaque.com\/cd\/?p=23261"]}]},{"@type":"ImageObject","inLanguage":"pt-BR","@id":"https:\/\/noticiasemdestaque.com\/cd\/?p=23261#primaryimage","url":"https:\/\/noticiasemdestaque.com\/cd\/wp-content\/uploads\/2020\/02\/6.jpg","contentUrl":"https:\/\/noticiasemdestaque.com\/cd\/wp-content\/uploads\/2020\/02\/6.jpg","width":290,"height":386},{"@type":"BreadcrumbList","@id":"https:\/\/noticiasemdestaque.com\/cd\/?p=23261#breadcrumb","itemListElement":[{"@type":"ListItem","position":1,"name":"In\u00edcio","item":"https:\/\/noticiasemdestaque.com\/cd\/"},{"@type":"ListItem","position":2,"name":"Crian\u00e7a de 3 anos morre em hospital ap\u00f3s engolir objeto"}]},{"@type":"WebSite","@id":"https:\/\/noticiasemdestaque.com\/cd\/#website","url":"https:\/\/noticiasemdestaque.com\/cd\/","name":"Not&iacute;cias em Destaque","description":"","publisher":{"@id":"https:\/\/noticiasemdestaque.com\/cd\/#organization"},"potentialAction":[{"@type":"SearchAction","target":{"@type":"EntryPoint","urlTemplate":"https:\/\/noticiasemdestaque.com\/cd\/?s={search_term_string}"},"query-input":{"@type":"PropertyValueSpecification","valueRequired":true,"valueName":"search_term_string"}}],"inLanguage":"pt-BR"},{"@type":"Organization","@id":"https:\/\/noticiasemdestaque.com\/cd\/#organization","name":"Not\u00edcias em Destaque","url":"https:\/\/noticiasemdestaque.com\/cd\/","logo":{"@type":"ImageObject","inLanguage":"pt-BR","@id":"https:\/\/noticiasemdestaque.com\/cd\/#\/schema\/logo\/image\/","url":"https:\/\/noticiasemdestaque.com\/cd\/wp-content\/uploads\/2022\/05\/imagem-base-noticiasemdestaque.png","contentUrl":"https:\/\/noticiasemdestaque.com\/cd\/wp-content\/uploads\/2022\/05\/imagem-base-noticiasemdestaque.png","width":1200,"height":630,"caption":"Not\u00edcias em Destaque"},"image":{"@id":"https:\/\/noticiasemdestaque.com\/cd\/#\/schema\/logo\/image\/"}},{"@type":"Person","@id":"https:\/\/noticiasemdestaque.com\/cd\/#\/schema\/person\/21320b03a7e8bb90128938dafc9b908a","name":"Not\u00edcias em Destaque","url":"https:\/\/noticiasemdestaque.com\/cd\/?author=2"}]}},"jetpack_featured_media_url":"https:\/\/noticiasemdestaque.com\/cd\/wp-content\/uploads\/2020\/02\/6.jpg","jetpack_sharing_enabled":true,"_links":{"self":[{"href":"https:\/\/noticiasemdestaque.com\/cd\/index.php?rest_route=\/wp\/v2\/posts\/23261","targetHints":{"allow":["GET"]}}],"collection":[{"href":"https:\/\/noticiasemdestaque.com\/cd\/index.php?rest_route=\/wp\/v2\/posts"}],"about":[{"href":"https:\/\/noticiasemdestaque.com\/cd\/index.php?rest_route=\/wp\/v2\/types\/post"}],"author":[{"embeddable":true,"href":"https:\/\/noticiasemdestaque.com\/cd\/index.php?rest_route=\/wp\/v2\/users\/2"}],"replies":[{"embeddable":true,"href":"https:\/\/noticiasemdestaque.com\/cd\/index.php?rest_route=%2Fwp%2Fv2%2Fcomments&post=23261"}],"version-history":[{"count":1,"href":"https:\/\/noticiasemdestaque.com\/cd\/index.php?rest_route=\/wp\/v2\/posts\/23261\/revisions"}],"predecessor-version":[{"id":23264,"href":"https:\/\/noticiasemdestaque.com\/cd\/index.php?rest_route=\/wp\/v2\/posts\/23261\/revisions\/23264"}],"wp:featuredmedia":[{"embeddable":true,"href":"https:\/\/noticiasemdestaque.com\/cd\/index.php?rest_route=\/wp\/v2\/media\/23263"}],"wp:attachment":[{"href":"https:\/\/noticiasemdestaque.com\/cd\/index.php?rest_route=%2Fwp%2Fv2%2Fmedia&parent=23261"}],"wp:term":[{"taxonomy":"category","embeddable":true,"href":"https:\/\/noticiasemdestaque.com\/cd\/index.php?rest_route=%2Fwp%2Fv2%2Fcategories&post=23261"},{"taxonomy":"post_tag","embeddable":true,"href":"https:\/\/noticiasemdestaque.com\/cd\/index.php?rest_route=%2Fwp%2Fv2%2Ftags&post=23261"}],"curies":[{"name":"wp","href":"https:\/\/api.w.org\/{rel}","templated":true}]}}