{"id":23253,"date":"2020-02-27T07:17:23","date_gmt":"2020-02-27T10:17:23","guid":{"rendered":"http:\/\/noticiasemdestaque.com\/cd\/?p=23253"},"modified":"2020-02-27T07:17:23","modified_gmt":"2020-02-27T10:17:23","slug":"fies-candidatos-ja-podem-acessar-resultados","status":"publish","type":"post","link":"https:\/\/noticiasemdestaque.com\/cd\/?p=23253","title":{"rendered":"Fies: candidatos j\u00e1 podem acessar resultados"},"content":{"rendered":"<p><a href=\"https:\/\/noticiasemdestaque.com\/cd\/wp-content\/uploads\/2020\/02\/01_novo_fies_03.09.jpg\"><img fetchpriority=\"high\" decoding=\"async\" class=\"wp-image-23194 aligncenter\" src=\"https:\/\/noticiasemdestaque.com\/cd\/wp-content\/uploads\/2020\/02\/01_novo_fies_03.09-1024x613.jpg\" alt=\"\" width=\"503\" height=\"301\" srcset=\"https:\/\/noticiasemdestaque.com\/cd\/wp-content\/uploads\/2020\/02\/01_novo_fies_03.09-1024x613.jpg 1024w, https:\/\/noticiasemdestaque.com\/cd\/wp-content\/uploads\/2020\/02\/01_novo_fies_03.09-300x179.jpg 300w, https:\/\/noticiasemdestaque.com\/cd\/wp-content\/uploads\/2020\/02\/01_novo_fies_03.09-768x459.jpg 768w, https:\/\/noticiasemdestaque.com\/cd\/wp-content\/uploads\/2020\/02\/01_novo_fies_03.09.jpg 1170w\" sizes=\"(max-width: 503px) 100vw, 503px\" \/><\/a><\/p>\n<p>O resultado da sele\u00e7\u00e3o do Fundo de Financiamento Estudantil (Fies) e do Programa de Financiamento Estudantil (P-Fies) para o primeiro semestre de 2020 j\u00e1 est\u00e1 dispon\u00edvel. A lista de pr\u00e9-selecionados da chamada \u00fanica pode ser consultada no\u00a0<a href=\"http:\/\/fies.mec.gov.br\/\" target=\"_blank\" rel=\"noopener noreferrer\">site do programa<\/a>\u00a0ou nas institui\u00e7\u00f5es de ensino participantes.<\/p>\n<p>Na modalidade Fies, o estudante deve complementar a inscri\u00e7\u00e3o pelo\u00a0<a href=\"http:\/\/fies.mec.gov.br\/\" target=\"_blank\" rel=\"noopener noreferrer\">site do programa<\/a>\u00a0no per\u00edodo de 27 de fevereiro a 2 de mar\u00e7o. J\u00e1 os pr\u00e9-selecionados na modalidade P-Fies dever\u00e3o comparecer \u00e0 institui\u00e7\u00e3o de ensino para valida\u00e7\u00e3o das informa\u00e7\u00f5es de sua inscri\u00e7\u00e3o e contrata\u00e7\u00e3o do financiamento.<\/p>\n<p>Os estudantes n\u00e3o pr\u00e9-selecionados na modalidade Fies foram automaticamente inclu\u00eddos na lista de espera e devem acompanhar sua eventual pr\u00e9-sele\u00e7\u00e3o entre 28 de fevereiro e 31 de mar\u00e7o de 2019, na p\u00e1gina do Fies. Na modalidade P-Fies n\u00e3o existe a etapa de lista de espera.<\/p>\n<p>Neste semestre, o programa vai oferecer 70 mil vagas para financiamento estudantil\u00a0em institui\u00e7\u00f5es privadas de ensino superior. Ele est\u00e1 dividido em duas modalidades: o Fies a juros zero para quem tem renda familiar de at\u00e9 tr\u00eas sal\u00e1rios m\u00ednimos por pessoa e o P-Fies para aqueles com renda familiar per capita de at\u00e9 cinco sal\u00e1rios m\u00ednimos, com juros que variam de acordo com o banco e a institui\u00e7\u00e3o de ensino. Essa \u00faltima modalidade funciona com recursos dos fundos constitucionais e dos bancos privados participantes.<\/p>\n","protected":false},"excerpt":{"rendered":"<p>O resultado da sele\u00e7\u00e3o do Fundo de Financiamento Estudantil (Fies) e do Programa de Financiamento Estudantil (P-Fies) para o primeiro semestre de 2020 j\u00e1 est\u00e1 dispon\u00edvel. A lista de pr\u00e9-selecionados da chamada \u00fanica pode ser consultada no\u00a0site do programa\u00a0ou nas institui\u00e7\u00f5es de ensino participantes. Na modalidade Fies, o estudante deve complementar a inscri\u00e7\u00e3o pelo\u00a0site do programa\u00a0no per\u00edodo de 27 de fevereiro a 2 de mar\u00e7o. J\u00e1 os pr\u00e9-selecionados na modalidade P-Fies dever\u00e3o comparecer \u00e0 institui\u00e7\u00e3o de ensino para valida\u00e7\u00e3o das informa\u00e7\u00f5es de sua inscri\u00e7\u00e3o e contrata\u00e7\u00e3o do financiamento. Os estudantes n\u00e3o pr\u00e9-selecionados na modalidade Fies foram automaticamente inclu\u00eddos na lista de espera e devem acompanhar sua eventual pr\u00e9-sele\u00e7\u00e3o entre 28 de fevereiro e 31 de mar\u00e7o de 2019, na p\u00e1gina do Fies. Na modalidade P-Fies n\u00e3o existe a etapa de lista de espera. Neste semestre, o programa vai oferecer 70 mil vagas para financiamento estudantil\u00a0em institui\u00e7\u00f5es privadas de ensino superior. Ele est\u00e1 dividido em duas modalidades: o Fies a juros zero para quem tem renda familiar de at\u00e9 tr\u00eas sal\u00e1rios m\u00ednimos por pessoa e o P-Fies para aqueles com renda familiar per capita de at\u00e9 cinco sal\u00e1rios m\u00ednimos, com juros que variam de acordo com o banco e a institui\u00e7\u00e3o de ensino. Essa \u00faltima modalidade funciona com recursos dos fundos constitucionais e dos bancos privados participantes.<\/p>\n","protected":false},"author":2,"featured_media":23194,"comment_status":"closed","ping_status":"open","sticky":false,"template":"","format":"standard","meta":{"_eb_attr":"","_jetpack_memberships_contains_paid_content":false,"footnotes":""},"categories":[6],"tags":[],"class_list":["post-23253","post","type-post","status-publish","format-standard","has-post-thumbnail","hentry","category-educacao"],"yoast_head":"<!-- This site is optimized with the Yoast SEO plugin v26.5 - https:\/\/yoast.com\/wordpress\/plugins\/seo\/ -->\n<title>Fies: candidatos j\u00e1 podem acessar resultados - Not&iacute;cias em Destaque<\/title>\n<meta name=\"robots\" content=\"index, follow, max-snippet:-1, max-image-preview:large, max-video-preview:-1\" \/>\n<link rel=\"canonical\" href=\"https:\/\/noticiasemdestaque.com\/cd\/?p=23253\" \/>\n<meta property=\"og:locale\" content=\"pt_BR\" \/>\n<meta property=\"og:type\" content=\"article\" \/>\n<meta property=\"og:title\" content=\"Fies: candidatos j\u00e1 podem acessar resultados - Not&iacute;cias em Destaque\" \/>\n<meta property=\"og:description\" content=\"O resultado da sele\u00e7\u00e3o do Fundo de Financiamento Estudantil (Fies) e do Programa de Financiamento Estudantil (P-Fies) para o primeiro semestre de 2020 j\u00e1 est\u00e1 dispon\u00edvel. A lista de pr\u00e9-selecionados da chamada \u00fanica pode ser consultada no\u00a0site do programa\u00a0ou nas institui\u00e7\u00f5es de ensino participantes. Na modalidade Fies, o estudante deve complementar a inscri\u00e7\u00e3o pelo\u00a0site do programa\u00a0no per\u00edodo de 27 de fevereiro a 2 de mar\u00e7o. J\u00e1 os pr\u00e9-selecionados na modalidade P-Fies dever\u00e3o comparecer \u00e0 institui\u00e7\u00e3o de ensino para valida\u00e7\u00e3o das informa\u00e7\u00f5es de sua inscri\u00e7\u00e3o e contrata\u00e7\u00e3o do financiamento. Os estudantes n\u00e3o pr\u00e9-selecionados na modalidade Fies foram automaticamente inclu\u00eddos na lista de espera e devem acompanhar sua eventual pr\u00e9-sele\u00e7\u00e3o entre 28 de fevereiro e 31 de mar\u00e7o de 2019, na p\u00e1gina do Fies. Na modalidade P-Fies n\u00e3o existe a etapa de lista de espera. Neste semestre, o programa vai oferecer 70 mil vagas para financiamento estudantil\u00a0em institui\u00e7\u00f5es privadas de ensino superior. Ele est\u00e1 dividido em duas modalidades: o Fies a juros zero para quem tem renda familiar de at\u00e9 tr\u00eas sal\u00e1rios m\u00ednimos por pessoa e o P-Fies para aqueles com renda familiar per capita de at\u00e9 cinco sal\u00e1rios m\u00ednimos, com juros que variam de acordo com o banco e a institui\u00e7\u00e3o de ensino. Essa \u00faltima modalidade funciona com recursos dos fundos constitucionais e dos bancos privados participantes.\" \/>\n<meta property=\"og:url\" content=\"https:\/\/noticiasemdestaque.com\/cd\/?p=23253\" \/>\n<meta property=\"og:site_name\" content=\"Not&iacute;cias em Destaque\" \/>\n<meta property=\"article:published_time\" content=\"2020-02-27T10:17:23+00:00\" \/>\n<meta property=\"og:image\" content=\"https:\/\/noticiasemdestaque.com\/cd\/wp-content\/uploads\/2020\/02\/01_novo_fies_03.09.jpg\" \/>\n\t<meta property=\"og:image:width\" content=\"1170\" \/>\n\t<meta property=\"og:image:height\" content=\"700\" \/>\n\t<meta property=\"og:image:type\" content=\"image\/jpeg\" \/>\n<meta name=\"author\" content=\"Not\u00edcias em Destaque\" \/>\n<meta name=\"twitter:card\" content=\"summary_large_image\" \/>\n<meta name=\"twitter:label1\" content=\"Escrito por\" \/>\n\t<meta name=\"twitter:data1\" content=\"Not\u00edcias em Destaque\" \/>\n\t<meta name=\"twitter:label2\" content=\"Est. tempo de leitura\" \/>\n\t<meta name=\"twitter:data2\" content=\"1 minuto\" \/>\n<script type=\"application\/ld+json\" class=\"yoast-schema-graph\">{\"@context\":\"https:\/\/schema.org\",\"@graph\":[{\"@type\":\"Article\",\"@id\":\"https:\/\/noticiasemdestaque.com\/cd\/?p=23253#article\",\"isPartOf\":{\"@id\":\"https:\/\/noticiasemdestaque.com\/cd\/?p=23253\"},\"author\":{\"name\":\"Not\u00edcias em Destaque\",\"@id\":\"https:\/\/noticiasemdestaque.com\/cd\/#\/schema\/person\/3e6ba396ff5664a69c392f09a8e1504c\"},\"headline\":\"Fies: candidatos j\u00e1 podem acessar resultados\",\"datePublished\":\"2020-02-27T10:17:23+00:00\",\"mainEntityOfPage\":{\"@id\":\"https:\/\/noticiasemdestaque.com\/cd\/?p=23253\"},\"wordCount\":248,\"publisher\":{\"@id\":\"https:\/\/noticiasemdestaque.com\/cd\/#organization\"},\"image\":{\"@id\":\"https:\/\/noticiasemdestaque.com\/cd\/?p=23253#primaryimage\"},\"thumbnailUrl\":\"https:\/\/noticiasemdestaque.com\/cd\/wp-content\/uploads\/2020\/02\/01_novo_fies_03.09.jpg\",\"articleSection\":[\"Educa\u00e7\u00e3o\"],\"inLanguage\":\"pt-BR\"},{\"@type\":\"WebPage\",\"@id\":\"https:\/\/noticiasemdestaque.com\/cd\/?p=23253\",\"url\":\"https:\/\/noticiasemdestaque.com\/cd\/?p=23253\",\"name\":\"Fies: candidatos j\u00e1 podem acessar resultados - Not&iacute;cias em Destaque\",\"isPartOf\":{\"@id\":\"https:\/\/noticiasemdestaque.com\/cd\/#website\"},\"primaryImageOfPage\":{\"@id\":\"https:\/\/noticiasemdestaque.com\/cd\/?p=23253#primaryimage\"},\"image\":{\"@id\":\"https:\/\/noticiasemdestaque.com\/cd\/?p=23253#primaryimage\"},\"thumbnailUrl\":\"https:\/\/noticiasemdestaque.com\/cd\/wp-content\/uploads\/2020\/02\/01_novo_fies_03.09.jpg\",\"datePublished\":\"2020-02-27T10:17:23+00:00\",\"breadcrumb\":{\"@id\":\"https:\/\/noticiasemdestaque.com\/cd\/?p=23253#breadcrumb\"},\"inLanguage\":\"pt-BR\",\"potentialAction\":[{\"@type\":\"ReadAction\",\"target\":[\"https:\/\/noticiasemdestaque.com\/cd\/?p=23253\"]}]},{\"@type\":\"ImageObject\",\"inLanguage\":\"pt-BR\",\"@id\":\"https:\/\/noticiasemdestaque.com\/cd\/?p=23253#primaryimage\",\"url\":\"https:\/\/noticiasemdestaque.com\/cd\/wp-content\/uploads\/2020\/02\/01_novo_fies_03.09.jpg\",\"contentUrl\":\"https:\/\/noticiasemdestaque.com\/cd\/wp-content\/uploads\/2020\/02\/01_novo_fies_03.09.jpg\",\"width\":1170,\"height\":700},{\"@type\":\"BreadcrumbList\",\"@id\":\"https:\/\/noticiasemdestaque.com\/cd\/?p=23253#breadcrumb\",\"itemListElement\":[{\"@type\":\"ListItem\",\"position\":1,\"name\":\"In\u00edcio\",\"item\":\"https:\/\/noticiasemdestaque.com\/cd\/\"},{\"@type\":\"ListItem\",\"position\":2,\"name\":\"Fies: candidatos j\u00e1 podem acessar resultados\"}]},{\"@type\":\"WebSite\",\"@id\":\"https:\/\/noticiasemdestaque.com\/cd\/#website\",\"url\":\"https:\/\/noticiasemdestaque.com\/cd\/\",\"name\":\"Not&iacute;cias em Destaque\",\"description\":\"\",\"publisher\":{\"@id\":\"https:\/\/noticiasemdestaque.com\/cd\/#organization\"},\"potentialAction\":[{\"@type\":\"SearchAction\",\"target\":{\"@type\":\"EntryPoint\",\"urlTemplate\":\"https:\/\/noticiasemdestaque.com\/cd\/?s={search_term_string}\"},\"query-input\":{\"@type\":\"PropertyValueSpecification\",\"valueRequired\":true,\"valueName\":\"search_term_string\"}}],\"inLanguage\":\"pt-BR\"},{\"@type\":\"Organization\",\"@id\":\"https:\/\/noticiasemdestaque.com\/cd\/#organization\",\"name\":\"Not\u00edcias em Destaque\",\"url\":\"https:\/\/noticiasemdestaque.com\/cd\/\",\"logo\":{\"@type\":\"ImageObject\",\"inLanguage\":\"pt-BR\",\"@id\":\"https:\/\/noticiasemdestaque.com\/cd\/#\/schema\/logo\/image\/\",\"url\":\"https:\/\/noticiasemdestaque.com\/cd\/wp-content\/uploads\/2022\/05\/imagem-base-noticiasemdestaque.png\",\"contentUrl\":\"https:\/\/noticiasemdestaque.com\/cd\/wp-content\/uploads\/2022\/05\/imagem-base-noticiasemdestaque.png\",\"width\":1200,\"height\":630,\"caption\":\"Not\u00edcias em Destaque\"},\"image\":{\"@id\":\"https:\/\/noticiasemdestaque.com\/cd\/#\/schema\/logo\/image\/\"}},{\"@type\":\"Person\",\"@id\":\"https:\/\/noticiasemdestaque.com\/cd\/#\/schema\/person\/3e6ba396ff5664a69c392f09a8e1504c\",\"name\":\"Not\u00edcias em Destaque\",\"url\":\"https:\/\/noticiasemdestaque.com\/cd\/?author=2\"}]}<\/script>\n<!-- \/ Yoast SEO plugin. -->","yoast_head_json":{"title":"Fies: candidatos j\u00e1 podem acessar resultados - Not&iacute;cias em Destaque","robots":{"index":"index","follow":"follow","max-snippet":"max-snippet:-1","max-image-preview":"max-image-preview:large","max-video-preview":"max-video-preview:-1"},"canonical":"https:\/\/noticiasemdestaque.com\/cd\/?p=23253","og_locale":"pt_BR","og_type":"article","og_title":"Fies: candidatos j\u00e1 podem acessar resultados - Not&iacute;cias em Destaque","og_description":"O resultado da sele\u00e7\u00e3o do Fundo de Financiamento Estudantil (Fies) e do Programa de Financiamento Estudantil (P-Fies) para o primeiro semestre de 2020 j\u00e1 est\u00e1 dispon\u00edvel. A lista de pr\u00e9-selecionados da chamada \u00fanica pode ser consultada no\u00a0site do programa\u00a0ou nas institui\u00e7\u00f5es de ensino participantes. Na modalidade Fies, o estudante deve complementar a inscri\u00e7\u00e3o pelo\u00a0site do programa\u00a0no per\u00edodo de 27 de fevereiro a 2 de mar\u00e7o. J\u00e1 os pr\u00e9-selecionados na modalidade P-Fies dever\u00e3o comparecer \u00e0 institui\u00e7\u00e3o de ensino para valida\u00e7\u00e3o das informa\u00e7\u00f5es de sua inscri\u00e7\u00e3o e contrata\u00e7\u00e3o do financiamento. Os estudantes n\u00e3o pr\u00e9-selecionados na modalidade Fies foram automaticamente inclu\u00eddos na lista de espera e devem acompanhar sua eventual pr\u00e9-sele\u00e7\u00e3o entre 28 de fevereiro e 31 de mar\u00e7o de 2019, na p\u00e1gina do Fies. Na modalidade P-Fies n\u00e3o existe a etapa de lista de espera. Neste semestre, o programa vai oferecer 70 mil vagas para financiamento estudantil\u00a0em institui\u00e7\u00f5es privadas de ensino superior. Ele est\u00e1 dividido em duas modalidades: o Fies a juros zero para quem tem renda familiar de at\u00e9 tr\u00eas sal\u00e1rios m\u00ednimos por pessoa e o P-Fies para aqueles com renda familiar per capita de at\u00e9 cinco sal\u00e1rios m\u00ednimos, com juros que variam de acordo com o banco e a institui\u00e7\u00e3o de ensino. Essa \u00faltima modalidade funciona com recursos dos fundos constitucionais e dos bancos privados participantes.","og_url":"https:\/\/noticiasemdestaque.com\/cd\/?p=23253","og_site_name":"Not&iacute;cias em Destaque","article_published_time":"2020-02-27T10:17:23+00:00","og_image":[{"width":1170,"height":700,"url":"https:\/\/noticiasemdestaque.com\/cd\/wp-content\/uploads\/2020\/02\/01_novo_fies_03.09.jpg","type":"image\/jpeg"}],"author":"Not\u00edcias em Destaque","twitter_card":"summary_large_image","twitter_misc":{"Escrito por":"Not\u00edcias em Destaque","Est. tempo de leitura":"1 minuto"},"schema":{"@context":"https:\/\/schema.org","@graph":[{"@type":"Article","@id":"https:\/\/noticiasemdestaque.com\/cd\/?p=23253#article","isPartOf":{"@id":"https:\/\/noticiasemdestaque.com\/cd\/?p=23253"},"author":{"name":"Not\u00edcias em Destaque","@id":"https:\/\/noticiasemdestaque.com\/cd\/#\/schema\/person\/3e6ba396ff5664a69c392f09a8e1504c"},"headline":"Fies: candidatos j\u00e1 podem acessar resultados","datePublished":"2020-02-27T10:17:23+00:00","mainEntityOfPage":{"@id":"https:\/\/noticiasemdestaque.com\/cd\/?p=23253"},"wordCount":248,"publisher":{"@id":"https:\/\/noticiasemdestaque.com\/cd\/#organization"},"image":{"@id":"https:\/\/noticiasemdestaque.com\/cd\/?p=23253#primaryimage"},"thumbnailUrl":"https:\/\/noticiasemdestaque.com\/cd\/wp-content\/uploads\/2020\/02\/01_novo_fies_03.09.jpg","articleSection":["Educa\u00e7\u00e3o"],"inLanguage":"pt-BR"},{"@type":"WebPage","@id":"https:\/\/noticiasemdestaque.com\/cd\/?p=23253","url":"https:\/\/noticiasemdestaque.com\/cd\/?p=23253","name":"Fies: candidatos j\u00e1 podem acessar resultados - Not&iacute;cias em Destaque","isPartOf":{"@id":"https:\/\/noticiasemdestaque.com\/cd\/#website"},"primaryImageOfPage":{"@id":"https:\/\/noticiasemdestaque.com\/cd\/?p=23253#primaryimage"},"image":{"@id":"https:\/\/noticiasemdestaque.com\/cd\/?p=23253#primaryimage"},"thumbnailUrl":"https:\/\/noticiasemdestaque.com\/cd\/wp-content\/uploads\/2020\/02\/01_novo_fies_03.09.jpg","datePublished":"2020-02-27T10:17:23+00:00","breadcrumb":{"@id":"https:\/\/noticiasemdestaque.com\/cd\/?p=23253#breadcrumb"},"inLanguage":"pt-BR","potentialAction":[{"@type":"ReadAction","target":["https:\/\/noticiasemdestaque.com\/cd\/?p=23253"]}]},{"@type":"ImageObject","inLanguage":"pt-BR","@id":"https:\/\/noticiasemdestaque.com\/cd\/?p=23253#primaryimage","url":"https:\/\/noticiasemdestaque.com\/cd\/wp-content\/uploads\/2020\/02\/01_novo_fies_03.09.jpg","contentUrl":"https:\/\/noticiasemdestaque.com\/cd\/wp-content\/uploads\/2020\/02\/01_novo_fies_03.09.jpg","width":1170,"height":700},{"@type":"BreadcrumbList","@id":"https:\/\/noticiasemdestaque.com\/cd\/?p=23253#breadcrumb","itemListElement":[{"@type":"ListItem","position":1,"name":"In\u00edcio","item":"https:\/\/noticiasemdestaque.com\/cd\/"},{"@type":"ListItem","position":2,"name":"Fies: candidatos j\u00e1 podem acessar resultados"}]},{"@type":"WebSite","@id":"https:\/\/noticiasemdestaque.com\/cd\/#website","url":"https:\/\/noticiasemdestaque.com\/cd\/","name":"Not&iacute;cias em Destaque","description":"","publisher":{"@id":"https:\/\/noticiasemdestaque.com\/cd\/#organization"},"potentialAction":[{"@type":"SearchAction","target":{"@type":"EntryPoint","urlTemplate":"https:\/\/noticiasemdestaque.com\/cd\/?s={search_term_string}"},"query-input":{"@type":"PropertyValueSpecification","valueRequired":true,"valueName":"search_term_string"}}],"inLanguage":"pt-BR"},{"@type":"Organization","@id":"https:\/\/noticiasemdestaque.com\/cd\/#organization","name":"Not\u00edcias em Destaque","url":"https:\/\/noticiasemdestaque.com\/cd\/","logo":{"@type":"ImageObject","inLanguage":"pt-BR","@id":"https:\/\/noticiasemdestaque.com\/cd\/#\/schema\/logo\/image\/","url":"https:\/\/noticiasemdestaque.com\/cd\/wp-content\/uploads\/2022\/05\/imagem-base-noticiasemdestaque.png","contentUrl":"https:\/\/noticiasemdestaque.com\/cd\/wp-content\/uploads\/2022\/05\/imagem-base-noticiasemdestaque.png","width":1200,"height":630,"caption":"Not\u00edcias em Destaque"},"image":{"@id":"https:\/\/noticiasemdestaque.com\/cd\/#\/schema\/logo\/image\/"}},{"@type":"Person","@id":"https:\/\/noticiasemdestaque.com\/cd\/#\/schema\/person\/3e6ba396ff5664a69c392f09a8e1504c","name":"Not\u00edcias em Destaque","url":"https:\/\/noticiasemdestaque.com\/cd\/?author=2"}]}},"jetpack_featured_media_url":"https:\/\/noticiasemdestaque.com\/cd\/wp-content\/uploads\/2020\/02\/01_novo_fies_03.09.jpg","jetpack_sharing_enabled":true,"_links":{"self":[{"href":"https:\/\/noticiasemdestaque.com\/cd\/index.php?rest_route=\/wp\/v2\/posts\/23253","targetHints":{"allow":["GET"]}}],"collection":[{"href":"https:\/\/noticiasemdestaque.com\/cd\/index.php?rest_route=\/wp\/v2\/posts"}],"about":[{"href":"https:\/\/noticiasemdestaque.com\/cd\/index.php?rest_route=\/wp\/v2\/types\/post"}],"author":[{"embeddable":true,"href":"https:\/\/noticiasemdestaque.com\/cd\/index.php?rest_route=\/wp\/v2\/users\/2"}],"replies":[{"embeddable":true,"href":"https:\/\/noticiasemdestaque.com\/cd\/index.php?rest_route=%2Fwp%2Fv2%2Fcomments&post=23253"}],"version-history":[{"count":1,"href":"https:\/\/noticiasemdestaque.com\/cd\/index.php?rest_route=\/wp\/v2\/posts\/23253\/revisions"}],"predecessor-version":[{"id":23254,"href":"https:\/\/noticiasemdestaque.com\/cd\/index.php?rest_route=\/wp\/v2\/posts\/23253\/revisions\/23254"}],"wp:featuredmedia":[{"embeddable":true,"href":"https:\/\/noticiasemdestaque.com\/cd\/index.php?rest_route=\/wp\/v2\/media\/23194"}],"wp:attachment":[{"href":"https:\/\/noticiasemdestaque.com\/cd\/index.php?rest_route=%2Fwp%2Fv2%2Fmedia&parent=23253"}],"wp:term":[{"taxonomy":"category","embeddable":true,"href":"https:\/\/noticiasemdestaque.com\/cd\/index.php?rest_route=%2Fwp%2Fv2%2Fcategories&post=23253"},{"taxonomy":"post_tag","embeddable":true,"href":"https:\/\/noticiasemdestaque.com\/cd\/index.php?rest_route=%2Fwp%2Fv2%2Ftags&post=23253"}],"curies":[{"name":"wp","href":"https:\/\/api.w.org\/{rel}","templated":true}]}}