{"id":23250,"date":"2020-02-27T07:15:25","date_gmt":"2020-02-27T10:15:25","guid":{"rendered":"http:\/\/noticiasemdestaque.com\/cd\/?p=23250"},"modified":"2020-02-27T07:15:25","modified_gmt":"2020-02-27T10:15:25","slug":"lohan-decide-bota-pb-segura-ceara-e-se-isola-na-lideranca-do-grupo-a","status":"publish","type":"post","link":"https:\/\/noticiasemdestaque.com\/cd\/?p=23250","title":{"rendered":"Lohan decide, Bota-PB segura Cear\u00e1 e se isola na lideran\u00e7a do Grupo A"},"content":{"rendered":"<p><a href=\"https:\/\/noticiasemdestaque.com\/cd\/wp-content\/uploads\/2020\/02\/Stephan-Eilert-scaled.jpg\"><img fetchpriority=\"high\" decoding=\"async\" class=\"wp-image-23251 aligncenter\" src=\"https:\/\/noticiasemdestaque.com\/cd\/wp-content\/uploads\/2020\/02\/Stephan-Eilert-scaled-1024x683.jpg\" alt=\"\" width=\"504\" height=\"336\" srcset=\"https:\/\/noticiasemdestaque.com\/cd\/wp-content\/uploads\/2020\/02\/Stephan-Eilert-scaled-1024x683.jpg 1024w, https:\/\/noticiasemdestaque.com\/cd\/wp-content\/uploads\/2020\/02\/Stephan-Eilert-scaled-300x200.jpg 300w, https:\/\/noticiasemdestaque.com\/cd\/wp-content\/uploads\/2020\/02\/Stephan-Eilert-scaled-768x512.jpg 768w, https:\/\/noticiasemdestaque.com\/cd\/wp-content\/uploads\/2020\/02\/Stephan-Eilert-scaled-480x320.jpg 480w, https:\/\/noticiasemdestaque.com\/cd\/wp-content\/uploads\/2020\/02\/Stephan-Eilert-scaled.jpg 1200w\" sizes=\"(max-width: 504px) 100vw, 504px\" \/><\/a><\/p>\n<p>Com dois gols do centroavante Lohan, o Botafogo-PB empatou com o Cear\u00e1 nesta quarta-feira (26), pela quinta rodada da Copa do Nordeste, e manteve sua invencibilidade na temporada 2020.<\/p>\n<p>Em partida equilibrada, na Arena Castel\u00e3o, em Fortaleza, o time paraibano conseguiu empatar no final, consolidando-se na lideran\u00e7a isolada do Grupo A do regional.<\/p>\n<p>Klaus e Samuel Xavier deixaram o Voz\u00e3o na frente duas vezes, mas o camisa 9 do Belo, Lohan, foi decisivo e oportunista, marcando um par de gols.<\/p>\n<p><strong>O jogo<\/strong><\/p>\n<p>Ap\u00f3s etapa inicial sem tanta emo\u00e7\u00e3o, com ambos os times se estudando bastante, a volta do intervalo reservou sequ\u00eancia de gols.<\/p>\n<p>Aos 11 do segundo tempo, Klaus subiu mais alto que todo mundo, ap\u00f3s escanteio cobrado por Vina, e abriu o placar para o Cear\u00e1.<\/p>\n<p>N\u00e3o demorou para Lohan deixar tudo igual, aos 15 minutos, tamb\u00e9m aproveitando sobra de bola vinda de escanteio.<\/p>\n<p>Samuel Xavier deixou o Vov\u00f4 novamente na frente, aos 32 minutos, com toque certeiro de perna direita.<\/p>\n<p>O Belo n\u00e3o recuou. Aos 41 minutos, Lohan recebeu o cruzamento de Ne\u00edlson, da esquerda, e cabeceou para o gol de Prass, deixando tudo igual.<\/p>\n<p>Agora o Bota-PB soma nove pontos, quatro a mais que o CRB, quinto colocado. J\u00e1 o Cear\u00e1, com os mesmo cinco jogos disputados, acumulou seu quinto empate, fixando-se na sexta posi\u00e7\u00e3o.<\/p>\n","protected":false},"excerpt":{"rendered":"<p>Com dois gols do centroavante Lohan, o Botafogo-PB empatou com o Cear\u00e1 nesta quarta-feira (26), pela quinta rodada da Copa do Nordeste, e manteve sua invencibilidade na temporada 2020. Em partida equilibrada, na Arena Castel\u00e3o, em Fortaleza, o time paraibano conseguiu empatar no final, consolidando-se na lideran\u00e7a isolada do Grupo A do regional. Klaus e Samuel Xavier deixaram o Voz\u00e3o na frente duas vezes, mas o camisa 9 do Belo, Lohan, foi decisivo e oportunista, marcando um par de gols. O jogo Ap\u00f3s etapa inicial sem tanta emo\u00e7\u00e3o, com ambos os times se estudando bastante, a volta do intervalo reservou sequ\u00eancia de gols. Aos 11 do segundo tempo, Klaus subiu mais alto que todo mundo, ap\u00f3s escanteio cobrado por Vina, e abriu o placar para o Cear\u00e1. N\u00e3o demorou para Lohan deixar tudo igual, aos 15 minutos, tamb\u00e9m aproveitando sobra de bola vinda de escanteio. Samuel Xavier deixou o Vov\u00f4 novamente na frente, aos 32 minutos, com toque certeiro de perna direita. O Belo n\u00e3o recuou. Aos 41 minutos, Lohan recebeu o cruzamento de Ne\u00edlson, da esquerda, e cabeceou para o gol de Prass, deixando tudo igual. Agora o Bota-PB soma nove pontos, quatro a mais que o CRB, quinto colocado. J\u00e1 o Cear\u00e1, com os mesmo cinco jogos disputados, acumulou seu quinto empate, fixando-se na sexta posi\u00e7\u00e3o.<\/p>\n","protected":false},"author":2,"featured_media":23251,"comment_status":"closed","ping_status":"open","sticky":false,"template":"","format":"standard","meta":{"_eb_attr":"","_jetpack_memberships_contains_paid_content":false,"footnotes":""},"categories":[12],"tags":[],"class_list":["post-23250","post","type-post","status-publish","format-standard","has-post-thumbnail","hentry","category-geral"],"yoast_head":"<!-- This site is optimized with the Yoast SEO plugin v26.5 - https:\/\/yoast.com\/wordpress\/plugins\/seo\/ -->\n<title>Lohan decide, Bota-PB segura Cear\u00e1 e se isola na lideran\u00e7a do Grupo A - Not&iacute;cias em Destaque<\/title>\n<meta name=\"robots\" content=\"index, follow, max-snippet:-1, max-image-preview:large, max-video-preview:-1\" \/>\n<link rel=\"canonical\" href=\"https:\/\/noticiasemdestaque.com\/cd\/?p=23250\" \/>\n<meta property=\"og:locale\" content=\"pt_BR\" \/>\n<meta property=\"og:type\" content=\"article\" \/>\n<meta property=\"og:title\" content=\"Lohan decide, Bota-PB segura Cear\u00e1 e se isola na lideran\u00e7a do Grupo A - Not&iacute;cias em Destaque\" \/>\n<meta property=\"og:description\" content=\"Com dois gols do centroavante Lohan, o Botafogo-PB empatou com o Cear\u00e1 nesta quarta-feira (26), pela quinta rodada da Copa do Nordeste, e manteve sua invencibilidade na temporada 2020. Em partida equilibrada, na Arena Castel\u00e3o, em Fortaleza, o time paraibano conseguiu empatar no final, consolidando-se na lideran\u00e7a isolada do Grupo A do regional. Klaus e Samuel Xavier deixaram o Voz\u00e3o na frente duas vezes, mas o camisa 9 do Belo, Lohan, foi decisivo e oportunista, marcando um par de gols. O jogo Ap\u00f3s etapa inicial sem tanta emo\u00e7\u00e3o, com ambos os times se estudando bastante, a volta do intervalo reservou sequ\u00eancia de gols. Aos 11 do segundo tempo, Klaus subiu mais alto que todo mundo, ap\u00f3s escanteio cobrado por Vina, e abriu o placar para o Cear\u00e1. N\u00e3o demorou para Lohan deixar tudo igual, aos 15 minutos, tamb\u00e9m aproveitando sobra de bola vinda de escanteio. Samuel Xavier deixou o Vov\u00f4 novamente na frente, aos 32 minutos, com toque certeiro de perna direita. O Belo n\u00e3o recuou. Aos 41 minutos, Lohan recebeu o cruzamento de Ne\u00edlson, da esquerda, e cabeceou para o gol de Prass, deixando tudo igual. Agora o Bota-PB soma nove pontos, quatro a mais que o CRB, quinto colocado. J\u00e1 o Cear\u00e1, com os mesmo cinco jogos disputados, acumulou seu quinto empate, fixando-se na sexta posi\u00e7\u00e3o.\" \/>\n<meta property=\"og:url\" content=\"https:\/\/noticiasemdestaque.com\/cd\/?p=23250\" \/>\n<meta property=\"og:site_name\" content=\"Not&iacute;cias em Destaque\" \/>\n<meta property=\"article:published_time\" content=\"2020-02-27T10:15:25+00:00\" \/>\n<meta property=\"og:image\" content=\"https:\/\/noticiasemdestaque.com\/cd\/wp-content\/uploads\/2020\/02\/Stephan-Eilert-scaled.jpg\" \/>\n\t<meta property=\"og:image:width\" content=\"1200\" \/>\n\t<meta property=\"og:image:height\" content=\"800\" \/>\n\t<meta property=\"og:image:type\" content=\"image\/jpeg\" \/>\n<meta name=\"author\" content=\"Not\u00edcias em Destaque\" \/>\n<meta name=\"twitter:card\" content=\"summary_large_image\" \/>\n<meta name=\"twitter:label1\" content=\"Escrito por\" \/>\n\t<meta name=\"twitter:data1\" content=\"Not\u00edcias em Destaque\" \/>\n\t<meta name=\"twitter:label2\" content=\"Est. tempo de leitura\" \/>\n\t<meta name=\"twitter:data2\" content=\"1 minuto\" \/>\n<script type=\"application\/ld+json\" class=\"yoast-schema-graph\">{\"@context\":\"https:\/\/schema.org\",\"@graph\":[{\"@type\":\"Article\",\"@id\":\"https:\/\/noticiasemdestaque.com\/cd\/?p=23250#article\",\"isPartOf\":{\"@id\":\"https:\/\/noticiasemdestaque.com\/cd\/?p=23250\"},\"author\":{\"name\":\"Not\u00edcias em Destaque\",\"@id\":\"https:\/\/noticiasemdestaque.com\/cd\/#\/schema\/person\/967a459378479d4fa07976fedd8a7b5e\"},\"headline\":\"Lohan decide, Bota-PB segura Cear\u00e1 e se isola na lideran\u00e7a do Grupo A\",\"datePublished\":\"2020-02-27T10:15:25+00:00\",\"mainEntityOfPage\":{\"@id\":\"https:\/\/noticiasemdestaque.com\/cd\/?p=23250\"},\"wordCount\":237,\"publisher\":{\"@id\":\"https:\/\/noticiasemdestaque.com\/cd\/#organization\"},\"image\":{\"@id\":\"https:\/\/noticiasemdestaque.com\/cd\/?p=23250#primaryimage\"},\"thumbnailUrl\":\"https:\/\/noticiasemdestaque.com\/cd\/wp-content\/uploads\/2020\/02\/Stephan-Eilert-scaled.jpg\",\"articleSection\":[\"Geral\"],\"inLanguage\":\"pt-BR\"},{\"@type\":\"WebPage\",\"@id\":\"https:\/\/noticiasemdestaque.com\/cd\/?p=23250\",\"url\":\"https:\/\/noticiasemdestaque.com\/cd\/?p=23250\",\"name\":\"Lohan decide, Bota-PB segura Cear\u00e1 e se isola na lideran\u00e7a do Grupo A - Not&iacute;cias em Destaque\",\"isPartOf\":{\"@id\":\"https:\/\/noticiasemdestaque.com\/cd\/#website\"},\"primaryImageOfPage\":{\"@id\":\"https:\/\/noticiasemdestaque.com\/cd\/?p=23250#primaryimage\"},\"image\":{\"@id\":\"https:\/\/noticiasemdestaque.com\/cd\/?p=23250#primaryimage\"},\"thumbnailUrl\":\"https:\/\/noticiasemdestaque.com\/cd\/wp-content\/uploads\/2020\/02\/Stephan-Eilert-scaled.jpg\",\"datePublished\":\"2020-02-27T10:15:25+00:00\",\"breadcrumb\":{\"@id\":\"https:\/\/noticiasemdestaque.com\/cd\/?p=23250#breadcrumb\"},\"inLanguage\":\"pt-BR\",\"potentialAction\":[{\"@type\":\"ReadAction\",\"target\":[\"https:\/\/noticiasemdestaque.com\/cd\/?p=23250\"]}]},{\"@type\":\"ImageObject\",\"inLanguage\":\"pt-BR\",\"@id\":\"https:\/\/noticiasemdestaque.com\/cd\/?p=23250#primaryimage\",\"url\":\"https:\/\/noticiasemdestaque.com\/cd\/wp-content\/uploads\/2020\/02\/Stephan-Eilert-scaled.jpg\",\"contentUrl\":\"https:\/\/noticiasemdestaque.com\/cd\/wp-content\/uploads\/2020\/02\/Stephan-Eilert-scaled.jpg\",\"width\":1200,\"height\":800},{\"@type\":\"BreadcrumbList\",\"@id\":\"https:\/\/noticiasemdestaque.com\/cd\/?p=23250#breadcrumb\",\"itemListElement\":[{\"@type\":\"ListItem\",\"position\":1,\"name\":\"In\u00edcio\",\"item\":\"https:\/\/noticiasemdestaque.com\/cd\/\"},{\"@type\":\"ListItem\",\"position\":2,\"name\":\"Lohan decide, Bota-PB segura Cear\u00e1 e se isola na lideran\u00e7a do Grupo A\"}]},{\"@type\":\"WebSite\",\"@id\":\"https:\/\/noticiasemdestaque.com\/cd\/#website\",\"url\":\"https:\/\/noticiasemdestaque.com\/cd\/\",\"name\":\"Not&iacute;cias em Destaque\",\"description\":\"\",\"publisher\":{\"@id\":\"https:\/\/noticiasemdestaque.com\/cd\/#organization\"},\"potentialAction\":[{\"@type\":\"SearchAction\",\"target\":{\"@type\":\"EntryPoint\",\"urlTemplate\":\"https:\/\/noticiasemdestaque.com\/cd\/?s={search_term_string}\"},\"query-input\":{\"@type\":\"PropertyValueSpecification\",\"valueRequired\":true,\"valueName\":\"search_term_string\"}}],\"inLanguage\":\"pt-BR\"},{\"@type\":\"Organization\",\"@id\":\"https:\/\/noticiasemdestaque.com\/cd\/#organization\",\"name\":\"Not\u00edcias em Destaque\",\"url\":\"https:\/\/noticiasemdestaque.com\/cd\/\",\"logo\":{\"@type\":\"ImageObject\",\"inLanguage\":\"pt-BR\",\"@id\":\"https:\/\/noticiasemdestaque.com\/cd\/#\/schema\/logo\/image\/\",\"url\":\"https:\/\/noticiasemdestaque.com\/cd\/wp-content\/uploads\/2022\/05\/imagem-base-noticiasemdestaque.png\",\"contentUrl\":\"https:\/\/noticiasemdestaque.com\/cd\/wp-content\/uploads\/2022\/05\/imagem-base-noticiasemdestaque.png\",\"width\":1200,\"height\":630,\"caption\":\"Not\u00edcias em Destaque\"},\"image\":{\"@id\":\"https:\/\/noticiasemdestaque.com\/cd\/#\/schema\/logo\/image\/\"}},{\"@type\":\"Person\",\"@id\":\"https:\/\/noticiasemdestaque.com\/cd\/#\/schema\/person\/967a459378479d4fa07976fedd8a7b5e\",\"name\":\"Not\u00edcias em Destaque\",\"url\":\"https:\/\/noticiasemdestaque.com\/cd\/?author=2\"}]}<\/script>\n<!-- \/ Yoast SEO plugin. -->","yoast_head_json":{"title":"Lohan decide, Bota-PB segura Cear\u00e1 e se isola na lideran\u00e7a do Grupo A - Not&iacute;cias em Destaque","robots":{"index":"index","follow":"follow","max-snippet":"max-snippet:-1","max-image-preview":"max-image-preview:large","max-video-preview":"max-video-preview:-1"},"canonical":"https:\/\/noticiasemdestaque.com\/cd\/?p=23250","og_locale":"pt_BR","og_type":"article","og_title":"Lohan decide, Bota-PB segura Cear\u00e1 e se isola na lideran\u00e7a do Grupo A - Not&iacute;cias em Destaque","og_description":"Com dois gols do centroavante Lohan, o Botafogo-PB empatou com o Cear\u00e1 nesta quarta-feira (26), pela quinta rodada da Copa do Nordeste, e manteve sua invencibilidade na temporada 2020. Em partida equilibrada, na Arena Castel\u00e3o, em Fortaleza, o time paraibano conseguiu empatar no final, consolidando-se na lideran\u00e7a isolada do Grupo A do regional. Klaus e Samuel Xavier deixaram o Voz\u00e3o na frente duas vezes, mas o camisa 9 do Belo, Lohan, foi decisivo e oportunista, marcando um par de gols. O jogo Ap\u00f3s etapa inicial sem tanta emo\u00e7\u00e3o, com ambos os times se estudando bastante, a volta do intervalo reservou sequ\u00eancia de gols. Aos 11 do segundo tempo, Klaus subiu mais alto que todo mundo, ap\u00f3s escanteio cobrado por Vina, e abriu o placar para o Cear\u00e1. N\u00e3o demorou para Lohan deixar tudo igual, aos 15 minutos, tamb\u00e9m aproveitando sobra de bola vinda de escanteio. Samuel Xavier deixou o Vov\u00f4 novamente na frente, aos 32 minutos, com toque certeiro de perna direita. O Belo n\u00e3o recuou. Aos 41 minutos, Lohan recebeu o cruzamento de Ne\u00edlson, da esquerda, e cabeceou para o gol de Prass, deixando tudo igual. Agora o Bota-PB soma nove pontos, quatro a mais que o CRB, quinto colocado. J\u00e1 o Cear\u00e1, com os mesmo cinco jogos disputados, acumulou seu quinto empate, fixando-se na sexta posi\u00e7\u00e3o.","og_url":"https:\/\/noticiasemdestaque.com\/cd\/?p=23250","og_site_name":"Not&iacute;cias em Destaque","article_published_time":"2020-02-27T10:15:25+00:00","og_image":[{"width":1200,"height":800,"url":"https:\/\/noticiasemdestaque.com\/cd\/wp-content\/uploads\/2020\/02\/Stephan-Eilert-scaled.jpg","type":"image\/jpeg"}],"author":"Not\u00edcias em Destaque","twitter_card":"summary_large_image","twitter_misc":{"Escrito por":"Not\u00edcias em Destaque","Est. tempo de leitura":"1 minuto"},"schema":{"@context":"https:\/\/schema.org","@graph":[{"@type":"Article","@id":"https:\/\/noticiasemdestaque.com\/cd\/?p=23250#article","isPartOf":{"@id":"https:\/\/noticiasemdestaque.com\/cd\/?p=23250"},"author":{"name":"Not\u00edcias em Destaque","@id":"https:\/\/noticiasemdestaque.com\/cd\/#\/schema\/person\/967a459378479d4fa07976fedd8a7b5e"},"headline":"Lohan decide, Bota-PB segura Cear\u00e1 e se isola na lideran\u00e7a do Grupo A","datePublished":"2020-02-27T10:15:25+00:00","mainEntityOfPage":{"@id":"https:\/\/noticiasemdestaque.com\/cd\/?p=23250"},"wordCount":237,"publisher":{"@id":"https:\/\/noticiasemdestaque.com\/cd\/#organization"},"image":{"@id":"https:\/\/noticiasemdestaque.com\/cd\/?p=23250#primaryimage"},"thumbnailUrl":"https:\/\/noticiasemdestaque.com\/cd\/wp-content\/uploads\/2020\/02\/Stephan-Eilert-scaled.jpg","articleSection":["Geral"],"inLanguage":"pt-BR"},{"@type":"WebPage","@id":"https:\/\/noticiasemdestaque.com\/cd\/?p=23250","url":"https:\/\/noticiasemdestaque.com\/cd\/?p=23250","name":"Lohan decide, Bota-PB segura Cear\u00e1 e se isola na lideran\u00e7a do Grupo A - Not&iacute;cias em Destaque","isPartOf":{"@id":"https:\/\/noticiasemdestaque.com\/cd\/#website"},"primaryImageOfPage":{"@id":"https:\/\/noticiasemdestaque.com\/cd\/?p=23250#primaryimage"},"image":{"@id":"https:\/\/noticiasemdestaque.com\/cd\/?p=23250#primaryimage"},"thumbnailUrl":"https:\/\/noticiasemdestaque.com\/cd\/wp-content\/uploads\/2020\/02\/Stephan-Eilert-scaled.jpg","datePublished":"2020-02-27T10:15:25+00:00","breadcrumb":{"@id":"https:\/\/noticiasemdestaque.com\/cd\/?p=23250#breadcrumb"},"inLanguage":"pt-BR","potentialAction":[{"@type":"ReadAction","target":["https:\/\/noticiasemdestaque.com\/cd\/?p=23250"]}]},{"@type":"ImageObject","inLanguage":"pt-BR","@id":"https:\/\/noticiasemdestaque.com\/cd\/?p=23250#primaryimage","url":"https:\/\/noticiasemdestaque.com\/cd\/wp-content\/uploads\/2020\/02\/Stephan-Eilert-scaled.jpg","contentUrl":"https:\/\/noticiasemdestaque.com\/cd\/wp-content\/uploads\/2020\/02\/Stephan-Eilert-scaled.jpg","width":1200,"height":800},{"@type":"BreadcrumbList","@id":"https:\/\/noticiasemdestaque.com\/cd\/?p=23250#breadcrumb","itemListElement":[{"@type":"ListItem","position":1,"name":"In\u00edcio","item":"https:\/\/noticiasemdestaque.com\/cd\/"},{"@type":"ListItem","position":2,"name":"Lohan decide, Bota-PB segura Cear\u00e1 e se isola na lideran\u00e7a do Grupo A"}]},{"@type":"WebSite","@id":"https:\/\/noticiasemdestaque.com\/cd\/#website","url":"https:\/\/noticiasemdestaque.com\/cd\/","name":"Not&iacute;cias em Destaque","description":"","publisher":{"@id":"https:\/\/noticiasemdestaque.com\/cd\/#organization"},"potentialAction":[{"@type":"SearchAction","target":{"@type":"EntryPoint","urlTemplate":"https:\/\/noticiasemdestaque.com\/cd\/?s={search_term_string}"},"query-input":{"@type":"PropertyValueSpecification","valueRequired":true,"valueName":"search_term_string"}}],"inLanguage":"pt-BR"},{"@type":"Organization","@id":"https:\/\/noticiasemdestaque.com\/cd\/#organization","name":"Not\u00edcias em Destaque","url":"https:\/\/noticiasemdestaque.com\/cd\/","logo":{"@type":"ImageObject","inLanguage":"pt-BR","@id":"https:\/\/noticiasemdestaque.com\/cd\/#\/schema\/logo\/image\/","url":"https:\/\/noticiasemdestaque.com\/cd\/wp-content\/uploads\/2022\/05\/imagem-base-noticiasemdestaque.png","contentUrl":"https:\/\/noticiasemdestaque.com\/cd\/wp-content\/uploads\/2022\/05\/imagem-base-noticiasemdestaque.png","width":1200,"height":630,"caption":"Not\u00edcias em Destaque"},"image":{"@id":"https:\/\/noticiasemdestaque.com\/cd\/#\/schema\/logo\/image\/"}},{"@type":"Person","@id":"https:\/\/noticiasemdestaque.com\/cd\/#\/schema\/person\/967a459378479d4fa07976fedd8a7b5e","name":"Not\u00edcias em Destaque","url":"https:\/\/noticiasemdestaque.com\/cd\/?author=2"}]}},"jetpack_featured_media_url":"https:\/\/noticiasemdestaque.com\/cd\/wp-content\/uploads\/2020\/02\/Stephan-Eilert-scaled.jpg","jetpack_sharing_enabled":true,"_links":{"self":[{"href":"https:\/\/noticiasemdestaque.com\/cd\/index.php?rest_route=\/wp\/v2\/posts\/23250","targetHints":{"allow":["GET"]}}],"collection":[{"href":"https:\/\/noticiasemdestaque.com\/cd\/index.php?rest_route=\/wp\/v2\/posts"}],"about":[{"href":"https:\/\/noticiasemdestaque.com\/cd\/index.php?rest_route=\/wp\/v2\/types\/post"}],"author":[{"embeddable":true,"href":"https:\/\/noticiasemdestaque.com\/cd\/index.php?rest_route=\/wp\/v2\/users\/2"}],"replies":[{"embeddable":true,"href":"https:\/\/noticiasemdestaque.com\/cd\/index.php?rest_route=%2Fwp%2Fv2%2Fcomments&post=23250"}],"version-history":[{"count":1,"href":"https:\/\/noticiasemdestaque.com\/cd\/index.php?rest_route=\/wp\/v2\/posts\/23250\/revisions"}],"predecessor-version":[{"id":23252,"href":"https:\/\/noticiasemdestaque.com\/cd\/index.php?rest_route=\/wp\/v2\/posts\/23250\/revisions\/23252"}],"wp:featuredmedia":[{"embeddable":true,"href":"https:\/\/noticiasemdestaque.com\/cd\/index.php?rest_route=\/wp\/v2\/media\/23251"}],"wp:attachment":[{"href":"https:\/\/noticiasemdestaque.com\/cd\/index.php?rest_route=%2Fwp%2Fv2%2Fmedia&parent=23250"}],"wp:term":[{"taxonomy":"category","embeddable":true,"href":"https:\/\/noticiasemdestaque.com\/cd\/index.php?rest_route=%2Fwp%2Fv2%2Fcategories&post=23250"},{"taxonomy":"post_tag","embeddable":true,"href":"https:\/\/noticiasemdestaque.com\/cd\/index.php?rest_route=%2Fwp%2Fv2%2Ftags&post=23250"}],"curies":[{"name":"wp","href":"https:\/\/api.w.org\/{rel}","templated":true}]}}