{"id":23235,"date":"2020-02-26T13:42:51","date_gmt":"2020-02-26T16:42:51","guid":{"rendered":"http:\/\/noticiasemdestaque.com\/cd\/?p=23235"},"modified":"2020-02-26T13:42:51","modified_gmt":"2020-02-26T16:42:51","slug":"atleta-natural-de-serra-branca-e-convocado-para-selecao-brasileira-sub-16","status":"publish","type":"post","link":"https:\/\/noticiasemdestaque.com\/cd\/?p=23235","title":{"rendered":"Atleta natural de Serra Branca \u00e9 convocado para sele\u00e7\u00e3o brasileira sub-16"},"content":{"rendered":"<p><a href=\"https:\/\/noticiasemdestaque.com\/cd\/wp-content\/uploads\/2020\/02\/jogador.jpg\"><img fetchpriority=\"high\" decoding=\"async\" class=\"alignnone size-full wp-image-23236\" src=\"https:\/\/noticiasemdestaque.com\/cd\/wp-content\/uploads\/2020\/02\/jogador.jpg\" alt=\"\" width=\"547\" height=\"398\" srcset=\"https:\/\/noticiasemdestaque.com\/cd\/wp-content\/uploads\/2020\/02\/jogador.jpg 547w, https:\/\/noticiasemdestaque.com\/cd\/wp-content\/uploads\/2020\/02\/jogador-300x218.jpg 300w\" sizes=\"(max-width: 547px) 100vw, 547px\" \/><\/a><\/p>\n<p>O jovem Rafael Lima Buss, 15 anos, natural da cidade de Serra Branca, Cariri paraibano, foi um dos convocados para a Sele\u00e7\u00e3o Brasileira Sub-16 nessa \u00faltima ter\u00e7a-feira (25). O jogador, que atua nas categorias de base do Gr\u00eamio de Porto Alegre, recebeu a not\u00edcia da sua primeira convoca\u00e7\u00e3o com muita alegria.<\/p>\n<p>O t\u00e9cnico das sele\u00e7\u00f5es formadas por jogadores nascidos em anos \u00edmpares, Dudu Patetuci, convocou 26 atletas para per\u00edodo de observa\u00e7\u00e3o e treinamentos na Granja Comary no pr\u00f3ximo m\u00eas de mar\u00e7o.<\/p>\n<p>A lista, de jogadores nascidos em 2005, re\u00fane jovens talentos de clubes brasileiros e marca a primeira convoca\u00e7\u00e3o de 2020 para os nomes que poder\u00e3o figurar na Sele\u00e7\u00e3o Sub-17.<\/p>\n<p>Os atletas se apresentam no dia 10 de mar\u00e7o e seguir\u00e3o trabalhando no Centro de Treinamentos da Sele\u00e7\u00e3o Brasileira, em Teres\u00f3polis, at\u00e9 o dia 19 de mar\u00e7o.<\/p>\n<p>Zagueiro de of\u00edcio, a jovem promessa que atua nas categorias de base do Gr\u00eamio j\u00e1 a 02 anos e vem se configurando com um das principais revela\u00e7\u00f5es do tricolor ga\u00facho, promete agarrar a oportunidade e assegurar a sua vaga para as pr\u00f3ximas convoca\u00e7\u00f5es e se consolidar na defesa brasileira.<\/p>\n<p>A fam\u00edlia de Rafael Lima, recebeu a not\u00edcia com alegria. Segundo a m\u00e3e do atleta, a serra-branquense \u00c2ngela, a convoca\u00e7\u00e3o \u00e9 a realiza\u00e7\u00e3o de um sonho. \u201c\u00c9 uma felicidade imensa. Para ser muito sincera, at\u00e9 agora a ficha n\u00e3o caiu. \u00c9 uma coisa dif\u00edcil de acreditar. A gente sabe do potencial dele e a gente sonha sempre mas a concorr\u00eancia \u00e9 grande, tem muita gente boa tentando tamb\u00e9m. \u00c9 um sonho que se torna realidade\u201d, Disse a m\u00e3e.<\/p>\n<p>Atualmente os pais de Rafael Lima, Sigmar e \u00c2ngela, residem no Rio de Janeiro e transmitiram a alegria para os familiares e colegas no estado do Espirito do Santo e Para\u00edba, respectivos estados na qual os pais s\u00e3o naturais.<\/p>\n<p>Recentemente Rafael Lima esteve em Serra Branca com seus pais curtindo as f\u00e9rias. Na sua visita em Serra Branca Rafael foi apresentado ao professor galeguinho onde se conheceram por interm\u00e9dio do comunicador esportivo Edilmo Lima e ele j\u00e1 falava da expectativa para chegar a integrar a sele\u00e7\u00e3o brasileira e frisou que era um sonho.<\/p>\n<p>O serra-branquense Rafael Lima se apresentar\u00e1 na Granja Comary no dia 10 de mar\u00e7o e integrar\u00e1 juntamente com todo os demais atletas que foram convocados. Al\u00e9m de Rafael, mais dois atletas do Gr\u00eamio foram convocados.<\/p>\n<p>Fonte: Cariri Esporte<\/p>\n<p>&nbsp;<\/p>\n","protected":false},"excerpt":{"rendered":"<p>O jovem Rafael Lima Buss, 15 anos, natural da cidade de Serra Branca, Cariri paraibano, foi um dos convocados para a Sele\u00e7\u00e3o Brasileira Sub-16 nessa \u00faltima ter\u00e7a-feira (25). O jogador, que atua nas categorias de base do Gr\u00eamio de Porto Alegre, recebeu a not\u00edcia da sua primeira convoca\u00e7\u00e3o com muita alegria. O t\u00e9cnico das sele\u00e7\u00f5es formadas por jogadores nascidos em anos \u00edmpares, Dudu Patetuci, convocou 26 atletas para per\u00edodo de observa\u00e7\u00e3o e treinamentos na Granja Comary no pr\u00f3ximo m\u00eas de mar\u00e7o. A lista, de jogadores nascidos em 2005, re\u00fane jovens talentos de clubes brasileiros e marca a primeira convoca\u00e7\u00e3o de 2020 para os nomes que poder\u00e3o figurar na Sele\u00e7\u00e3o Sub-17. Os atletas se apresentam no dia 10 de mar\u00e7o e seguir\u00e3o trabalhando no Centro de Treinamentos da Sele\u00e7\u00e3o Brasileira, em Teres\u00f3polis, at\u00e9 o dia 19 de mar\u00e7o. Zagueiro de of\u00edcio, a jovem promessa que atua nas categorias de base do Gr\u00eamio j\u00e1 a 02 anos e vem se configurando com um das principais revela\u00e7\u00f5es do tricolor ga\u00facho, promete agarrar a oportunidade e assegurar a sua vaga para as pr\u00f3ximas convoca\u00e7\u00f5es e se consolidar na defesa brasileira. A fam\u00edlia de Rafael Lima, recebeu a not\u00edcia com alegria. Segundo a m\u00e3e do atleta, a serra-branquense \u00c2ngela, a convoca\u00e7\u00e3o \u00e9 a realiza\u00e7\u00e3o de um sonho. \u201c\u00c9 uma felicidade imensa. Para ser muito sincera, at\u00e9 agora a ficha n\u00e3o caiu. \u00c9 uma coisa dif\u00edcil de acreditar. A gente sabe do potencial dele e a gente sonha sempre mas a concorr\u00eancia \u00e9 grande, tem muita gente boa tentando tamb\u00e9m. \u00c9 um sonho que se torna realidade\u201d, Disse a m\u00e3e. Atualmente os pais de Rafael Lima, Sigmar e \u00c2ngela, residem no Rio de Janeiro e transmitiram a alegria para os familiares e colegas no estado do Espirito do Santo e Para\u00edba, respectivos estados na qual os pais s\u00e3o naturais. Recentemente Rafael Lima esteve em Serra Branca com seus pais curtindo as f\u00e9rias. Na sua visita em Serra Branca Rafael foi apresentado ao professor galeguinho onde se conheceram por interm\u00e9dio do comunicador esportivo Edilmo Lima e ele j\u00e1 falava da expectativa para chegar a integrar a sele\u00e7\u00e3o brasileira e frisou que era um sonho. O serra-branquense Rafael Lima se apresentar\u00e1 na Granja Comary no dia 10 de mar\u00e7o e integrar\u00e1 juntamente com todo os demais atletas que foram convocados. Al\u00e9m de Rafael, mais dois atletas do Gr\u00eamio foram convocados. Fonte: Cariri Esporte &nbsp;<\/p>\n","protected":false},"author":2,"featured_media":23236,"comment_status":"closed","ping_status":"open","sticky":false,"template":"","format":"standard","meta":{"_eb_attr":"","_jetpack_memberships_contains_paid_content":false,"footnotes":""},"categories":[3],"tags":[],"class_list":["post-23235","post","type-post","status-publish","format-standard","has-post-thumbnail","hentry","category-cidades"],"yoast_head":"<!-- This site is optimized with the Yoast SEO plugin v26.5 - https:\/\/yoast.com\/wordpress\/plugins\/seo\/ -->\n<title>Atleta natural de Serra Branca \u00e9 convocado para sele\u00e7\u00e3o brasileira sub-16 - Not&iacute;cias em Destaque<\/title>\n<meta name=\"robots\" content=\"index, follow, max-snippet:-1, max-image-preview:large, max-video-preview:-1\" \/>\n<link rel=\"canonical\" href=\"https:\/\/noticiasemdestaque.com\/cd\/?p=23235\" \/>\n<meta property=\"og:locale\" content=\"pt_BR\" \/>\n<meta property=\"og:type\" content=\"article\" \/>\n<meta property=\"og:title\" content=\"Atleta natural de Serra Branca \u00e9 convocado para sele\u00e7\u00e3o brasileira sub-16 - Not&iacute;cias em Destaque\" \/>\n<meta property=\"og:description\" content=\"O jovem Rafael Lima Buss, 15 anos, natural da cidade de Serra Branca, Cariri paraibano, foi um dos convocados para a Sele\u00e7\u00e3o Brasileira Sub-16 nessa \u00faltima ter\u00e7a-feira (25). O jogador, que atua nas categorias de base do Gr\u00eamio de Porto Alegre, recebeu a not\u00edcia da sua primeira convoca\u00e7\u00e3o com muita alegria. O t\u00e9cnico das sele\u00e7\u00f5es formadas por jogadores nascidos em anos \u00edmpares, Dudu Patetuci, convocou 26 atletas para per\u00edodo de observa\u00e7\u00e3o e treinamentos na Granja Comary no pr\u00f3ximo m\u00eas de mar\u00e7o. A lista, de jogadores nascidos em 2005, re\u00fane jovens talentos de clubes brasileiros e marca a primeira convoca\u00e7\u00e3o de 2020 para os nomes que poder\u00e3o figurar na Sele\u00e7\u00e3o Sub-17. Os atletas se apresentam no dia 10 de mar\u00e7o e seguir\u00e3o trabalhando no Centro de Treinamentos da Sele\u00e7\u00e3o Brasileira, em Teres\u00f3polis, at\u00e9 o dia 19 de mar\u00e7o. Zagueiro de of\u00edcio, a jovem promessa que atua nas categorias de base do Gr\u00eamio j\u00e1 a 02 anos e vem se configurando com um das principais revela\u00e7\u00f5es do tricolor ga\u00facho, promete agarrar a oportunidade e assegurar a sua vaga para as pr\u00f3ximas convoca\u00e7\u00f5es e se consolidar na defesa brasileira. A fam\u00edlia de Rafael Lima, recebeu a not\u00edcia com alegria. Segundo a m\u00e3e do atleta, a serra-branquense \u00c2ngela, a convoca\u00e7\u00e3o \u00e9 a realiza\u00e7\u00e3o de um sonho. \u201c\u00c9 uma felicidade imensa. Para ser muito sincera, at\u00e9 agora a ficha n\u00e3o caiu. \u00c9 uma coisa dif\u00edcil de acreditar. A gente sabe do potencial dele e a gente sonha sempre mas a concorr\u00eancia \u00e9 grande, tem muita gente boa tentando tamb\u00e9m. \u00c9 um sonho que se torna realidade\u201d, Disse a m\u00e3e. Atualmente os pais de Rafael Lima, Sigmar e \u00c2ngela, residem no Rio de Janeiro e transmitiram a alegria para os familiares e colegas no estado do Espirito do Santo e Para\u00edba, respectivos estados na qual os pais s\u00e3o naturais. Recentemente Rafael Lima esteve em Serra Branca com seus pais curtindo as f\u00e9rias. Na sua visita em Serra Branca Rafael foi apresentado ao professor galeguinho onde se conheceram por interm\u00e9dio do comunicador esportivo Edilmo Lima e ele j\u00e1 falava da expectativa para chegar a integrar a sele\u00e7\u00e3o brasileira e frisou que era um sonho. O serra-branquense Rafael Lima se apresentar\u00e1 na Granja Comary no dia 10 de mar\u00e7o e integrar\u00e1 juntamente com todo os demais atletas que foram convocados. Al\u00e9m de Rafael, mais dois atletas do Gr\u00eamio foram convocados. Fonte: Cariri Esporte &nbsp;\" \/>\n<meta property=\"og:url\" content=\"https:\/\/noticiasemdestaque.com\/cd\/?p=23235\" \/>\n<meta property=\"og:site_name\" content=\"Not&iacute;cias em Destaque\" \/>\n<meta property=\"article:published_time\" content=\"2020-02-26T16:42:51+00:00\" \/>\n<meta property=\"og:image\" content=\"https:\/\/noticiasemdestaque.com\/cd\/wp-content\/uploads\/2020\/02\/jogador.jpg\" \/>\n\t<meta property=\"og:image:width\" content=\"547\" \/>\n\t<meta property=\"og:image:height\" content=\"398\" \/>\n\t<meta property=\"og:image:type\" content=\"image\/jpeg\" \/>\n<meta name=\"author\" content=\"Not\u00edcias em Destaque\" \/>\n<meta name=\"twitter:card\" content=\"summary_large_image\" \/>\n<meta name=\"twitter:label1\" content=\"Escrito por\" \/>\n\t<meta name=\"twitter:data1\" content=\"Not\u00edcias em Destaque\" \/>\n\t<meta name=\"twitter:label2\" content=\"Est. tempo de leitura\" \/>\n\t<meta name=\"twitter:data2\" content=\"2 minutos\" \/>\n<script type=\"application\/ld+json\" class=\"yoast-schema-graph\">{\"@context\":\"https:\/\/schema.org\",\"@graph\":[{\"@type\":\"Article\",\"@id\":\"https:\/\/noticiasemdestaque.com\/cd\/?p=23235#article\",\"isPartOf\":{\"@id\":\"https:\/\/noticiasemdestaque.com\/cd\/?p=23235\"},\"author\":{\"name\":\"Not\u00edcias em Destaque\",\"@id\":\"https:\/\/noticiasemdestaque.com\/cd\/#\/schema\/person\/3e6ba396ff5664a69c392f09a8e1504c\"},\"headline\":\"Atleta natural de Serra Branca \u00e9 convocado para sele\u00e7\u00e3o brasileira sub-16\",\"datePublished\":\"2020-02-26T16:42:51+00:00\",\"mainEntityOfPage\":{\"@id\":\"https:\/\/noticiasemdestaque.com\/cd\/?p=23235\"},\"wordCount\":438,\"publisher\":{\"@id\":\"https:\/\/noticiasemdestaque.com\/cd\/#organization\"},\"image\":{\"@id\":\"https:\/\/noticiasemdestaque.com\/cd\/?p=23235#primaryimage\"},\"thumbnailUrl\":\"https:\/\/noticiasemdestaque.com\/cd\/wp-content\/uploads\/2020\/02\/jogador.jpg\",\"articleSection\":[\"Cidades\"],\"inLanguage\":\"pt-BR\"},{\"@type\":\"WebPage\",\"@id\":\"https:\/\/noticiasemdestaque.com\/cd\/?p=23235\",\"url\":\"https:\/\/noticiasemdestaque.com\/cd\/?p=23235\",\"name\":\"Atleta natural de Serra Branca \u00e9 convocado para sele\u00e7\u00e3o brasileira sub-16 - Not&iacute;cias em Destaque\",\"isPartOf\":{\"@id\":\"https:\/\/noticiasemdestaque.com\/cd\/#website\"},\"primaryImageOfPage\":{\"@id\":\"https:\/\/noticiasemdestaque.com\/cd\/?p=23235#primaryimage\"},\"image\":{\"@id\":\"https:\/\/noticiasemdestaque.com\/cd\/?p=23235#primaryimage\"},\"thumbnailUrl\":\"https:\/\/noticiasemdestaque.com\/cd\/wp-content\/uploads\/2020\/02\/jogador.jpg\",\"datePublished\":\"2020-02-26T16:42:51+00:00\",\"breadcrumb\":{\"@id\":\"https:\/\/noticiasemdestaque.com\/cd\/?p=23235#breadcrumb\"},\"inLanguage\":\"pt-BR\",\"potentialAction\":[{\"@type\":\"ReadAction\",\"target\":[\"https:\/\/noticiasemdestaque.com\/cd\/?p=23235\"]}]},{\"@type\":\"ImageObject\",\"inLanguage\":\"pt-BR\",\"@id\":\"https:\/\/noticiasemdestaque.com\/cd\/?p=23235#primaryimage\",\"url\":\"https:\/\/noticiasemdestaque.com\/cd\/wp-content\/uploads\/2020\/02\/jogador.jpg\",\"contentUrl\":\"https:\/\/noticiasemdestaque.com\/cd\/wp-content\/uploads\/2020\/02\/jogador.jpg\",\"width\":547,\"height\":398},{\"@type\":\"BreadcrumbList\",\"@id\":\"https:\/\/noticiasemdestaque.com\/cd\/?p=23235#breadcrumb\",\"itemListElement\":[{\"@type\":\"ListItem\",\"position\":1,\"name\":\"In\u00edcio\",\"item\":\"https:\/\/noticiasemdestaque.com\/cd\/\"},{\"@type\":\"ListItem\",\"position\":2,\"name\":\"Atleta natural de Serra Branca \u00e9 convocado para sele\u00e7\u00e3o brasileira sub-16\"}]},{\"@type\":\"WebSite\",\"@id\":\"https:\/\/noticiasemdestaque.com\/cd\/#website\",\"url\":\"https:\/\/noticiasemdestaque.com\/cd\/\",\"name\":\"Not&iacute;cias em Destaque\",\"description\":\"\",\"publisher\":{\"@id\":\"https:\/\/noticiasemdestaque.com\/cd\/#organization\"},\"potentialAction\":[{\"@type\":\"SearchAction\",\"target\":{\"@type\":\"EntryPoint\",\"urlTemplate\":\"https:\/\/noticiasemdestaque.com\/cd\/?s={search_term_string}\"},\"query-input\":{\"@type\":\"PropertyValueSpecification\",\"valueRequired\":true,\"valueName\":\"search_term_string\"}}],\"inLanguage\":\"pt-BR\"},{\"@type\":\"Organization\",\"@id\":\"https:\/\/noticiasemdestaque.com\/cd\/#organization\",\"name\":\"Not\u00edcias em Destaque\",\"url\":\"https:\/\/noticiasemdestaque.com\/cd\/\",\"logo\":{\"@type\":\"ImageObject\",\"inLanguage\":\"pt-BR\",\"@id\":\"https:\/\/noticiasemdestaque.com\/cd\/#\/schema\/logo\/image\/\",\"url\":\"https:\/\/noticiasemdestaque.com\/cd\/wp-content\/uploads\/2022\/05\/imagem-base-noticiasemdestaque.png\",\"contentUrl\":\"https:\/\/noticiasemdestaque.com\/cd\/wp-content\/uploads\/2022\/05\/imagem-base-noticiasemdestaque.png\",\"width\":1200,\"height\":630,\"caption\":\"Not\u00edcias em Destaque\"},\"image\":{\"@id\":\"https:\/\/noticiasemdestaque.com\/cd\/#\/schema\/logo\/image\/\"}},{\"@type\":\"Person\",\"@id\":\"https:\/\/noticiasemdestaque.com\/cd\/#\/schema\/person\/3e6ba396ff5664a69c392f09a8e1504c\",\"name\":\"Not\u00edcias em Destaque\",\"url\":\"https:\/\/noticiasemdestaque.com\/cd\/?author=2\"}]}<\/script>\n<!-- \/ Yoast SEO plugin. -->","yoast_head_json":{"title":"Atleta natural de Serra Branca \u00e9 convocado para sele\u00e7\u00e3o brasileira sub-16 - Not&iacute;cias em Destaque","robots":{"index":"index","follow":"follow","max-snippet":"max-snippet:-1","max-image-preview":"max-image-preview:large","max-video-preview":"max-video-preview:-1"},"canonical":"https:\/\/noticiasemdestaque.com\/cd\/?p=23235","og_locale":"pt_BR","og_type":"article","og_title":"Atleta natural de Serra Branca \u00e9 convocado para sele\u00e7\u00e3o brasileira sub-16 - Not&iacute;cias em Destaque","og_description":"O jovem Rafael Lima Buss, 15 anos, natural da cidade de Serra Branca, Cariri paraibano, foi um dos convocados para a Sele\u00e7\u00e3o Brasileira Sub-16 nessa \u00faltima ter\u00e7a-feira (25). O jogador, que atua nas categorias de base do Gr\u00eamio de Porto Alegre, recebeu a not\u00edcia da sua primeira convoca\u00e7\u00e3o com muita alegria. O t\u00e9cnico das sele\u00e7\u00f5es formadas por jogadores nascidos em anos \u00edmpares, Dudu Patetuci, convocou 26 atletas para per\u00edodo de observa\u00e7\u00e3o e treinamentos na Granja Comary no pr\u00f3ximo m\u00eas de mar\u00e7o. A lista, de jogadores nascidos em 2005, re\u00fane jovens talentos de clubes brasileiros e marca a primeira convoca\u00e7\u00e3o de 2020 para os nomes que poder\u00e3o figurar na Sele\u00e7\u00e3o Sub-17. Os atletas se apresentam no dia 10 de mar\u00e7o e seguir\u00e3o trabalhando no Centro de Treinamentos da Sele\u00e7\u00e3o Brasileira, em Teres\u00f3polis, at\u00e9 o dia 19 de mar\u00e7o. Zagueiro de of\u00edcio, a jovem promessa que atua nas categorias de base do Gr\u00eamio j\u00e1 a 02 anos e vem se configurando com um das principais revela\u00e7\u00f5es do tricolor ga\u00facho, promete agarrar a oportunidade e assegurar a sua vaga para as pr\u00f3ximas convoca\u00e7\u00f5es e se consolidar na defesa brasileira. A fam\u00edlia de Rafael Lima, recebeu a not\u00edcia com alegria. Segundo a m\u00e3e do atleta, a serra-branquense \u00c2ngela, a convoca\u00e7\u00e3o \u00e9 a realiza\u00e7\u00e3o de um sonho. \u201c\u00c9 uma felicidade imensa. Para ser muito sincera, at\u00e9 agora a ficha n\u00e3o caiu. \u00c9 uma coisa dif\u00edcil de acreditar. A gente sabe do potencial dele e a gente sonha sempre mas a concorr\u00eancia \u00e9 grande, tem muita gente boa tentando tamb\u00e9m. \u00c9 um sonho que se torna realidade\u201d, Disse a m\u00e3e. Atualmente os pais de Rafael Lima, Sigmar e \u00c2ngela, residem no Rio de Janeiro e transmitiram a alegria para os familiares e colegas no estado do Espirito do Santo e Para\u00edba, respectivos estados na qual os pais s\u00e3o naturais. Recentemente Rafael Lima esteve em Serra Branca com seus pais curtindo as f\u00e9rias. Na sua visita em Serra Branca Rafael foi apresentado ao professor galeguinho onde se conheceram por interm\u00e9dio do comunicador esportivo Edilmo Lima e ele j\u00e1 falava da expectativa para chegar a integrar a sele\u00e7\u00e3o brasileira e frisou que era um sonho. O serra-branquense Rafael Lima se apresentar\u00e1 na Granja Comary no dia 10 de mar\u00e7o e integrar\u00e1 juntamente com todo os demais atletas que foram convocados. Al\u00e9m de Rafael, mais dois atletas do Gr\u00eamio foram convocados. Fonte: Cariri Esporte &nbsp;","og_url":"https:\/\/noticiasemdestaque.com\/cd\/?p=23235","og_site_name":"Not&iacute;cias em Destaque","article_published_time":"2020-02-26T16:42:51+00:00","og_image":[{"width":547,"height":398,"url":"https:\/\/noticiasemdestaque.com\/cd\/wp-content\/uploads\/2020\/02\/jogador.jpg","type":"image\/jpeg"}],"author":"Not\u00edcias em Destaque","twitter_card":"summary_large_image","twitter_misc":{"Escrito por":"Not\u00edcias em Destaque","Est. tempo de leitura":"2 minutos"},"schema":{"@context":"https:\/\/schema.org","@graph":[{"@type":"Article","@id":"https:\/\/noticiasemdestaque.com\/cd\/?p=23235#article","isPartOf":{"@id":"https:\/\/noticiasemdestaque.com\/cd\/?p=23235"},"author":{"name":"Not\u00edcias em Destaque","@id":"https:\/\/noticiasemdestaque.com\/cd\/#\/schema\/person\/3e6ba396ff5664a69c392f09a8e1504c"},"headline":"Atleta natural de Serra Branca \u00e9 convocado para sele\u00e7\u00e3o brasileira sub-16","datePublished":"2020-02-26T16:42:51+00:00","mainEntityOfPage":{"@id":"https:\/\/noticiasemdestaque.com\/cd\/?p=23235"},"wordCount":438,"publisher":{"@id":"https:\/\/noticiasemdestaque.com\/cd\/#organization"},"image":{"@id":"https:\/\/noticiasemdestaque.com\/cd\/?p=23235#primaryimage"},"thumbnailUrl":"https:\/\/noticiasemdestaque.com\/cd\/wp-content\/uploads\/2020\/02\/jogador.jpg","articleSection":["Cidades"],"inLanguage":"pt-BR"},{"@type":"WebPage","@id":"https:\/\/noticiasemdestaque.com\/cd\/?p=23235","url":"https:\/\/noticiasemdestaque.com\/cd\/?p=23235","name":"Atleta natural de Serra Branca \u00e9 convocado para sele\u00e7\u00e3o brasileira sub-16 - Not&iacute;cias em Destaque","isPartOf":{"@id":"https:\/\/noticiasemdestaque.com\/cd\/#website"},"primaryImageOfPage":{"@id":"https:\/\/noticiasemdestaque.com\/cd\/?p=23235#primaryimage"},"image":{"@id":"https:\/\/noticiasemdestaque.com\/cd\/?p=23235#primaryimage"},"thumbnailUrl":"https:\/\/noticiasemdestaque.com\/cd\/wp-content\/uploads\/2020\/02\/jogador.jpg","datePublished":"2020-02-26T16:42:51+00:00","breadcrumb":{"@id":"https:\/\/noticiasemdestaque.com\/cd\/?p=23235#breadcrumb"},"inLanguage":"pt-BR","potentialAction":[{"@type":"ReadAction","target":["https:\/\/noticiasemdestaque.com\/cd\/?p=23235"]}]},{"@type":"ImageObject","inLanguage":"pt-BR","@id":"https:\/\/noticiasemdestaque.com\/cd\/?p=23235#primaryimage","url":"https:\/\/noticiasemdestaque.com\/cd\/wp-content\/uploads\/2020\/02\/jogador.jpg","contentUrl":"https:\/\/noticiasemdestaque.com\/cd\/wp-content\/uploads\/2020\/02\/jogador.jpg","width":547,"height":398},{"@type":"BreadcrumbList","@id":"https:\/\/noticiasemdestaque.com\/cd\/?p=23235#breadcrumb","itemListElement":[{"@type":"ListItem","position":1,"name":"In\u00edcio","item":"https:\/\/noticiasemdestaque.com\/cd\/"},{"@type":"ListItem","position":2,"name":"Atleta natural de Serra Branca \u00e9 convocado para sele\u00e7\u00e3o brasileira sub-16"}]},{"@type":"WebSite","@id":"https:\/\/noticiasemdestaque.com\/cd\/#website","url":"https:\/\/noticiasemdestaque.com\/cd\/","name":"Not&iacute;cias em Destaque","description":"","publisher":{"@id":"https:\/\/noticiasemdestaque.com\/cd\/#organization"},"potentialAction":[{"@type":"SearchAction","target":{"@type":"EntryPoint","urlTemplate":"https:\/\/noticiasemdestaque.com\/cd\/?s={search_term_string}"},"query-input":{"@type":"PropertyValueSpecification","valueRequired":true,"valueName":"search_term_string"}}],"inLanguage":"pt-BR"},{"@type":"Organization","@id":"https:\/\/noticiasemdestaque.com\/cd\/#organization","name":"Not\u00edcias em Destaque","url":"https:\/\/noticiasemdestaque.com\/cd\/","logo":{"@type":"ImageObject","inLanguage":"pt-BR","@id":"https:\/\/noticiasemdestaque.com\/cd\/#\/schema\/logo\/image\/","url":"https:\/\/noticiasemdestaque.com\/cd\/wp-content\/uploads\/2022\/05\/imagem-base-noticiasemdestaque.png","contentUrl":"https:\/\/noticiasemdestaque.com\/cd\/wp-content\/uploads\/2022\/05\/imagem-base-noticiasemdestaque.png","width":1200,"height":630,"caption":"Not\u00edcias em Destaque"},"image":{"@id":"https:\/\/noticiasemdestaque.com\/cd\/#\/schema\/logo\/image\/"}},{"@type":"Person","@id":"https:\/\/noticiasemdestaque.com\/cd\/#\/schema\/person\/3e6ba396ff5664a69c392f09a8e1504c","name":"Not\u00edcias em Destaque","url":"https:\/\/noticiasemdestaque.com\/cd\/?author=2"}]}},"jetpack_featured_media_url":"https:\/\/noticiasemdestaque.com\/cd\/wp-content\/uploads\/2020\/02\/jogador.jpg","jetpack_sharing_enabled":true,"_links":{"self":[{"href":"https:\/\/noticiasemdestaque.com\/cd\/index.php?rest_route=\/wp\/v2\/posts\/23235","targetHints":{"allow":["GET"]}}],"collection":[{"href":"https:\/\/noticiasemdestaque.com\/cd\/index.php?rest_route=\/wp\/v2\/posts"}],"about":[{"href":"https:\/\/noticiasemdestaque.com\/cd\/index.php?rest_route=\/wp\/v2\/types\/post"}],"author":[{"embeddable":true,"href":"https:\/\/noticiasemdestaque.com\/cd\/index.php?rest_route=\/wp\/v2\/users\/2"}],"replies":[{"embeddable":true,"href":"https:\/\/noticiasemdestaque.com\/cd\/index.php?rest_route=%2Fwp%2Fv2%2Fcomments&post=23235"}],"version-history":[{"count":1,"href":"https:\/\/noticiasemdestaque.com\/cd\/index.php?rest_route=\/wp\/v2\/posts\/23235\/revisions"}],"predecessor-version":[{"id":23237,"href":"https:\/\/noticiasemdestaque.com\/cd\/index.php?rest_route=\/wp\/v2\/posts\/23235\/revisions\/23237"}],"wp:featuredmedia":[{"embeddable":true,"href":"https:\/\/noticiasemdestaque.com\/cd\/index.php?rest_route=\/wp\/v2\/media\/23236"}],"wp:attachment":[{"href":"https:\/\/noticiasemdestaque.com\/cd\/index.php?rest_route=%2Fwp%2Fv2%2Fmedia&parent=23235"}],"wp:term":[{"taxonomy":"category","embeddable":true,"href":"https:\/\/noticiasemdestaque.com\/cd\/index.php?rest_route=%2Fwp%2Fv2%2Fcategories&post=23235"},{"taxonomy":"post_tag","embeddable":true,"href":"https:\/\/noticiasemdestaque.com\/cd\/index.php?rest_route=%2Fwp%2Fv2%2Ftags&post=23235"}],"curies":[{"name":"wp","href":"https:\/\/api.w.org\/{rel}","templated":true}]}}